{"id":209707,"date":"2019-08-19T14:15:09","date_gmt":"2019-08-19T17:15:09","guid":{"rendered":"https:\/\/franciscanos.org.br\/noticias\/?p=209707"},"modified":"2019-08-19T14:15:09","modified_gmt":"2019-08-19T17:15:09","slug":"lancamento-da-pedra-fundamental-da-matriz-de-katepa","status":"publish","type":"post","link":"https:\/\/franciscanos.org.br\/noticias\/lancamento-da-pedra-fundamental-da-matriz-de-katepa.html","title":{"rendered":"Lan\u00e7amento da pedra fundamental da Matriz de Katepa"},"content":{"rendered":"<p><img loading=\"lazy\" class=\"alignnone size-full wp-image-209708\" src=\"https:\/\/franciscanos.org.br\/noticias\/wp-content\/uploads\/2019\/08\/katepa_1908_3.jpg\" alt=\"\" width=\"890\" height=\"509\" srcset=\"https:\/\/franciscanos.org.br\/noticias\/wp-content\/uploads\/2019\/08\/katepa_1908_3.jpg 890w, https:\/\/franciscanos.org.br\/noticias\/wp-content\/uploads\/2019\/08\/katepa_1908_3-450x257.jpg 450w, https:\/\/franciscanos.org.br\/noticias\/wp-content\/uploads\/2019\/08\/katepa_1908_3-768x439.jpg 768w, https:\/\/franciscanos.org.br\/noticias\/wp-content\/uploads\/2019\/08\/katepa_1908_3-150x86.jpg 150w\" sizes=\"(max-width: 890px) 100vw, 890px\" \/><\/p>\n<p>A Par\u00f3quia dos Santos M\u00e1rtires de Uganda, no bairro de Katepa, em Malange (Angola), come\u00e7ou a escrever uma nova p\u00e1gina na sua hist\u00f3ria com o lan\u00e7amento da pedra fundamental da nova Igreja Matriz. A celebra\u00e7\u00e3o, no dia 6 de agosto, contou com a presen\u00e7a do arcebispo metropolitano de Malange, Dom Benedito Roberto, dos frades, dos seminaristas, das religiosas e da comunidade em geral.<\/p>\n<p>Frei Afonso Kachequele Quessongo, o p\u00e1roco, deu boas boas vindas a todos os presentes e depois manifestou a alegria e gratid\u00e3o por esse momento hist\u00f3rico na vida da comunidade paroquial, dos frades e da Igreja de Malange.<\/p>\n<p>Dom Roberto fez uma breve reflex\u00e3o a partir do Evangelho de Mt 7,24-27, lembrando que o fen\u00f4meno das chuvas que s\u00e3o abundantes em Malange e que o templo fosse constru\u00eddo com cautela e prud\u00eancia, como a casa constru\u00edda sobre rocha: vem os ventos, as chuvas mas n\u00e3o a derrubam. O bispo diocesano n\u00e3o deixou de exortar o povo para que participe, ativa e generosamente, da constru\u00e7\u00e3o da Igreja Matriz. Terminou pedindo a Deus pela prote\u00e7\u00e3o e seguran\u00e7a dos construtores do templo.<\/p>\n<p>Segundo o engenheiro da obra, a igreja paroquial possuir\u00e1 uma nave de 20 metros de largura e 40 de comprimento, tendo ainda banheiros, p\u00falpito, a torre, sacristia e a secretaria paroquial.<\/p>\n<p>Depois da ora\u00e7\u00e3o dos fi\u00e9is, Dom Benedito lan\u00e7ou oficialmente a pedra fundamental, dando in\u00edcio \u00e0 constru\u00e7\u00e3o do novo templo no bairro de Katepa. Todos os presentes, emocionados com este momento hist\u00f3rico, cantaram e aclamaram com uma salva de palmas. A maquete da igreja foi feita por Frei Heberti \u00a0Senra In\u00e1cio, em 2018, quando o mesmo se encontrava em Angola fazendo o Ano Mission\u00e1rio. A mesma est\u00e1 exposta dentro da atual igreja e serve como est\u00edmulo para os fi\u00e9is colaborarem na edifica\u00e7\u00e3o da igreja.<\/p>\n<p><img loading=\"lazy\" class=\"alignnone wp-image-209710 size-full\" src=\"https:\/\/franciscanos.org.br\/noticias\/wp-content\/uploads\/2019\/08\/katepa_1908.jpg\" alt=\"\" width=\"890\" height=\"501\" srcset=\"https:\/\/franciscanos.org.br\/noticias\/wp-content\/uploads\/2019\/08\/katepa_1908.jpg 890w, https:\/\/franciscanos.org.br\/noticias\/wp-content\/uploads\/2019\/08\/katepa_1908-450x253.jpg 450w, https:\/\/franciscanos.org.br\/noticias\/wp-content\/uploads\/2019\/08\/katepa_1908-768x432.jpg 768w, https:\/\/franciscanos.org.br\/noticias\/wp-content\/uploads\/2019\/08\/katepa_1908-150x84.jpg 150w\" sizes=\"(max-width: 890px) 100vw, 890px\" \/><\/p>\n<p><strong>PRESEN\u00c7A MISSION\u00c1RIA FRANCISCANA<\/strong><\/p>\n<p>Existe um jarg\u00e3o na vida religiosa que identifica o primeiro lugar de transfer\u00eancia de um religioso que concluiu a forma\u00e7\u00e3o inicial como o \u201cprimeiro amor\u201d. Aplicando esta linguagem \u00e0 presen\u00e7a franciscana em Angola, pode-se dizer que Malange foi o \u201cprimeiro amor\u201d da Ordem dos Frades Menores em terras angolanas. Capital da Prov\u00edncia de mesmo nome, localizada na regi\u00e3o Centro-Norte do pa\u00eds, com popula\u00e7\u00e3o aproximada de 968 mil habitantes, (segundo o Censo de 2014) sendo que 486 mil pessoas vivem na regi\u00e3o da capital.<\/p>\n<p>Em Malange, a presen\u00e7a dos frades se localiza no bairro chamado Katepa, onde est\u00e3o duas fraternidades: S\u00e3o Dami\u00e3o e Semin\u00e1rio Monte Alverne. Sob os cuidados da Fraternidade S\u00e3o Dami\u00e3o, est\u00e3o a Par\u00f3quia dos Santos M\u00e1rtires de Uganda, a Miss\u00e3o em Kangandala e a assist\u00eancia \u00e0s Irm\u00e3s Clarissas.<\/p>\n<p>A Par\u00f3quia dos Santos M\u00e1rtires tem sua sede junto \u00e0 resid\u00eancia dos frades e a igreja funciona em um antigo cinema. O p\u00e1roco \u00e9 Frei Afonso Katchekele Quessongo, primeiro frade angolano professo solene da Funda\u00e7\u00e3o. Al\u00e9m do trabalho na Par\u00f3quia, Frei Afonso tamb\u00e9m \u00e9 professor no Semin\u00e1rio Monte Alverne e leciona ainda em algumas escolas da regi\u00e3o. A Fraternidade \u00e9 composta pelos mission\u00e1rios brasileiros Frei Andr\u00e9 Gurzynski e Frei Laerte de Farias dos Santos.<\/p>\n<p><img loading=\"lazy\" class=\"alignnone wp-image-209711 size-full\" src=\"https:\/\/franciscanos.org.br\/noticias\/wp-content\/uploads\/2019\/08\/katepa_1908_2.jpg\" alt=\"\" width=\"890\" height=\"668\" srcset=\"https:\/\/franciscanos.org.br\/noticias\/wp-content\/uploads\/2019\/08\/katepa_1908_2.jpg 890w, https:\/\/franciscanos.org.br\/noticias\/wp-content\/uploads\/2019\/08\/katepa_1908_2-450x338.jpg 450w, https:\/\/franciscanos.org.br\/noticias\/wp-content\/uploads\/2019\/08\/katepa_1908_2-768x576.jpg 768w, https:\/\/franciscanos.org.br\/noticias\/wp-content\/uploads\/2019\/08\/katepa_1908_2-150x113.jpg 150w, https:\/\/franciscanos.org.br\/noticias\/wp-content\/uploads\/2019\/08\/katepa_1908_2-600x450.jpg 600w\" sizes=\"(max-width: 890px) 100vw, 890px\" \/><\/p>\n<p><strong>Semin\u00e1rio Monte Alverne <\/strong><\/p>\n<p>O Semin\u00e1rio Monte Alverne iniciou suas atividades em 2005, num terreno adquirido pela Prov\u00edncia ao praticamente ao lado da Miss\u00e3o em Malange. Ali, os jovens candidatos \u00e0 vida religiosa recebem, al\u00e9m da forma\u00e7\u00e3o escolar convencional, a forma\u00e7\u00e3o pr\u00f3pria para a vida religiosa franciscana e t\u00eam uma rotina de ora\u00e7\u00e3o, estudo, trabalho (horta, planta\u00e7\u00e3o de mandioca, limpeza da casa etc.), atividades pastorais e esportes. Na condu\u00e7\u00e3o dos trabalhos desta fraternidade est\u00e3o Frei Andr\u00e9 Luiz da R. Henriques, Frei Ermelindo Bambi e Frei Thiago da Silva Soares. No semin\u00e1rio, os frades tamb\u00e9m atuam como professores de diferentes disciplinas.<\/p>\n<p>Em Malange, as duas fraternidades trabalham em profunda sintonia, num esp\u00edrito de interajuda e proximidade. Destaca-se tamb\u00e9m a conviv\u00eancia muito pr\u00f3xima com as diversas congrega\u00e7\u00f5es religiosas femininas que ali se fazem presentes, como as Irm\u00e3s Franciscanas Mission\u00e1rias de Maria, as Irm\u00e3s Franciscanas de S\u00e3o Jos\u00e9 e as Irm\u00e3s Mission\u00e1rias da Imaculada Concei\u00e7\u00e3o da M\u00e3e de Deus.<\/p>\n<p><em>Pelos seminaristas Franciscanos<\/em><\/p>\n","protected":false},"excerpt":{"rendered":"<p>Miss\u00e3o de Angola<\/p>\n","protected":false},"author":3,"featured_media":209709,"comment_status":"open","ping_status":"open","sticky":false,"template":"","format":"standard","meta":[],"categories":[1],"tags":[360],"acf":[],"yoast_head":"<!-- This site is optimized with the Yoast SEO plugin v19.2 - https:\/\/yoast.com\/wordpress\/plugins\/seo\/ -->\n<title>Lan\u00e7amento da pedra fundamental da Matriz de Katepa - Not\u00edcias - Franciscanos<\/title>\n<meta name=\"robots\" content=\"index, follow, max-snippet:-1, max-image-preview:large, max-video-preview:-1\" \/>\n<link rel=\"canonical\" href=\"https:\/\/franciscanos.org.br\/noticias\/lancamento-da-pedra-fundamental-da-matriz-de-katepa.html\" \/>\n<meta property=\"og:locale\" content=\"pt_BR\" \/>\n<meta property=\"og:type\" content=\"article\" \/>\n<meta property=\"og:title\" content=\"Lan\u00e7amento da pedra fundamental da Matriz de Katepa - Not\u00edcias - Franciscanos\" \/>\n<meta property=\"og:description\" content=\"Miss\u00e3o de Angola\" \/>\n<meta property=\"og:url\" content=\"https:\/\/franciscanos.org.br\/noticias\/lancamento-da-pedra-fundamental-da-matriz-de-katepa.html\" \/>\n<meta property=\"og:site_name\" content=\"Not\u00edcias - Franciscanos\" \/>\n<meta property=\"article:published_time\" content=\"2019-08-19T17:15:09+00:00\" \/>\n<meta property=\"og:image\" content=\"https:\/\/franciscanos.org.br\/noticias\/wp-content\/uploads\/2019\/08\/katepa_1908_d.jpg\" \/>\n\t<meta property=\"og:image:width\" content=\"273\" \/>\n\t<meta property=\"og:image:height\" content=\"181\" \/>\n\t<meta property=\"og:image:type\" content=\"image\/jpeg\" \/>\n<meta name=\"author\" content=\"moacir\" \/>\n<meta name=\"twitter:card\" content=\"summary_large_image\" \/>\n<meta name=\"twitter:label1\" content=\"Escrito por\" \/>\n\t<meta name=\"twitter:data1\" content=\"moacir\" \/>\n\t<meta name=\"twitter:label2\" content=\"Est. tempo de leitura\" \/>\n\t<meta name=\"twitter:data2\" content=\"4 minutos\" \/>\n<script type=\"application\/ld+json\" class=\"yoast-schema-graph\">{\"@context\":\"https:\/\/schema.org\",\"@graph\":[{\"@type\":\"WebSite\",\"@id\":\"https:\/\/franciscanos.org.br\/noticias\/#website\",\"url\":\"https:\/\/franciscanos.org.br\/noticias\/\",\"name\":\"Not\u00edcias - Franciscanos\",\"description\":\"Prov\u00edncia Franciscana da Imaculada Concei\u00e7\u00e3o do Brasil - Ordem dos Frades Menores - OFM\",\"potentialAction\":[{\"@type\":\"SearchAction\",\"target\":{\"@type\":\"EntryPoint\",\"urlTemplate\":\"https:\/\/franciscanos.org.br\/noticias\/?s={search_term_string}\"},\"query-input\":\"required name=search_term_string\"}],\"inLanguage\":\"pt-BR\"},{\"@type\":\"ImageObject\",\"inLanguage\":\"pt-BR\",\"@id\":\"https:\/\/franciscanos.org.br\/noticias\/lancamento-da-pedra-fundamental-da-matriz-de-katepa.html#primaryimage\",\"url\":\"https:\/\/franciscanos.org.br\/noticias\/wp-content\/uploads\/2019\/08\/katepa_1908_d.jpg\",\"contentUrl\":\"https:\/\/franciscanos.org.br\/noticias\/wp-content\/uploads\/2019\/08\/katepa_1908_d.jpg\",\"width\":273,\"height\":181},{\"@type\":\"WebPage\",\"@id\":\"https:\/\/franciscanos.org.br\/noticias\/lancamento-da-pedra-fundamental-da-matriz-de-katepa.html#webpage\",\"url\":\"https:\/\/franciscanos.org.br\/noticias\/lancamento-da-pedra-fundamental-da-matriz-de-katepa.html\",\"name\":\"Lan\u00e7amento da pedra fundamental da Matriz de Katepa - Not\u00edcias - Franciscanos\",\"isPartOf\":{\"@id\":\"https:\/\/franciscanos.org.br\/noticias\/#website\"},\"primaryImageOfPage\":{\"@id\":\"https:\/\/franciscanos.org.br\/noticias\/lancamento-da-pedra-fundamental-da-matriz-de-katepa.html#primaryimage\"},\"datePublished\":\"2019-08-19T17:15:09+00:00\",\"dateModified\":\"2019-08-19T17:15:09+00:00\",\"author\":{\"@id\":\"https:\/\/franciscanos.org.br\/noticias\/#\/schema\/person\/b5c8cba458c330ccff548b056e95a5d4\"},\"breadcrumb\":{\"@id\":\"https:\/\/franciscanos.org.br\/noticias\/lancamento-da-pedra-fundamental-da-matriz-de-katepa.html#breadcrumb\"},\"inLanguage\":\"pt-BR\",\"potentialAction\":[{\"@type\":\"ReadAction\",\"target\":[\"https:\/\/franciscanos.org.br\/noticias\/lancamento-da-pedra-fundamental-da-matriz-de-katepa.html\"]}]},{\"@type\":\"BreadcrumbList\",\"@id\":\"https:\/\/franciscanos.org.br\/noticias\/lancamento-da-pedra-fundamental-da-matriz-de-katepa.html#breadcrumb\",\"itemListElement\":[{\"@type\":\"ListItem\",\"position\":1,\"name\":\"Home\",\"item\":\"https:\/\/franciscanos.org.br\/noticias\"},{\"@type\":\"ListItem\",\"position\":2,\"name\":\"Lan\u00e7amento da pedra fundamental da Matriz de Katepa\"}]},{\"@type\":\"Person\",\"@id\":\"https:\/\/franciscanos.org.br\/noticias\/#\/schema\/person\/b5c8cba458c330ccff548b056e95a5d4\",\"name\":\"moacir\",\"image\":{\"@type\":\"ImageObject\",\"inLanguage\":\"pt-BR\",\"@id\":\"https:\/\/franciscanos.org.br\/noticias\/#\/schema\/person\/image\/\",\"url\":\"https:\/\/secure.gravatar.com\/avatar\/d08aa2ce4c8dd416d4479aa8536fcf64?s=96&d=mm&r=g\",\"contentUrl\":\"https:\/\/secure.gravatar.com\/avatar\/d08aa2ce4c8dd416d4479aa8536fcf64?s=96&d=mm&r=g\",\"caption\":\"moacir\"},\"url\":\"https:\/\/franciscanos.org.br\/noticias\/author\/moacir\"}]}<\/script>\n<!-- \/ Yoast SEO plugin. -->","yoast_head_json":{"title":"Lan\u00e7amento da pedra fundamental da Matriz de Katepa - Not\u00edcias - Franciscanos","robots":{"index":"index","follow":"follow","max-snippet":"max-snippet:-1","max-image-preview":"max-image-preview:large","max-video-preview":"max-video-preview:-1"},"canonical":"https:\/\/franciscanos.org.br\/noticias\/lancamento-da-pedra-fundamental-da-matriz-de-katepa.html","og_locale":"pt_BR","og_type":"article","og_title":"Lan\u00e7amento da pedra fundamental da Matriz de Katepa - Not\u00edcias - Franciscanos","og_description":"Miss\u00e3o de Angola","og_url":"https:\/\/franciscanos.org.br\/noticias\/lancamento-da-pedra-fundamental-da-matriz-de-katepa.html","og_site_name":"Not\u00edcias - Franciscanos","article_published_time":"2019-08-19T17:15:09+00:00","og_image":[{"width":273,"height":181,"url":"https:\/\/franciscanos.org.br\/noticias\/wp-content\/uploads\/2019\/08\/katepa_1908_d.jpg","type":"image\/jpeg"}],"author":"moacir","twitter_card":"summary_large_image","twitter_misc":{"Escrito por":"moacir","Est. tempo de leitura":"4 minutos"},"schema":{"@context":"https:\/\/schema.org","@graph":[{"@type":"WebSite","@id":"https:\/\/franciscanos.org.br\/noticias\/#website","url":"https:\/\/franciscanos.org.br\/noticias\/","name":"Not\u00edcias - Franciscanos","description":"Prov\u00edncia Franciscana da Imaculada Concei\u00e7\u00e3o do Brasil - Ordem dos Frades Menores - OFM","potentialAction":[{"@type":"SearchAction","target":{"@type":"EntryPoint","urlTemplate":"https:\/\/franciscanos.org.br\/noticias\/?s={search_term_string}"},"query-input":"required name=search_term_string"}],"inLanguage":"pt-BR"},{"@type":"ImageObject","inLanguage":"pt-BR","@id":"https:\/\/franciscanos.org.br\/noticias\/lancamento-da-pedra-fundamental-da-matriz-de-katepa.html#primaryimage","url":"https:\/\/franciscanos.org.br\/noticias\/wp-content\/uploads\/2019\/08\/katepa_1908_d.jpg","contentUrl":"https:\/\/franciscanos.org.br\/noticias\/wp-content\/uploads\/2019\/08\/katepa_1908_d.jpg","width":273,"height":181},{"@type":"WebPage","@id":"https:\/\/franciscanos.org.br\/noticias\/lancamento-da-pedra-fundamental-da-matriz-de-katepa.html#webpage","url":"https:\/\/franciscanos.org.br\/noticias\/lancamento-da-pedra-fundamental-da-matriz-de-katepa.html","name":"Lan\u00e7amento da pedra fundamental da Matriz de Katepa - Not\u00edcias - Franciscanos","isPartOf":{"@id":"https:\/\/franciscanos.org.br\/noticias\/#website"},"primaryImageOfPage":{"@id":"https:\/\/franciscanos.org.br\/noticias\/lancamento-da-pedra-fundamental-da-matriz-de-katepa.html#primaryimage"},"datePublished":"2019-08-19T17:15:09+00:00","dateModified":"2019-08-19T17:15:09+00:00","author":{"@id":"https:\/\/franciscanos.org.br\/noticias\/#\/schema\/person\/b5c8cba458c330ccff548b056e95a5d4"},"breadcrumb":{"@id":"https:\/\/franciscanos.org.br\/noticias\/lancamento-da-pedra-fundamental-da-matriz-de-katepa.html#breadcrumb"},"inLanguage":"pt-BR","potentialAction":[{"@type":"ReadAction","target":["https:\/\/franciscanos.org.br\/noticias\/lancamento-da-pedra-fundamental-da-matriz-de-katepa.html"]}]},{"@type":"BreadcrumbList","@id":"https:\/\/franciscanos.org.br\/noticias\/lancamento-da-pedra-fundamental-da-matriz-de-katepa.html#breadcrumb","itemListElement":[{"@type":"ListItem","position":1,"name":"Home","item":"https:\/\/franciscanos.org.br\/noticias"},{"@type":"ListItem","position":2,"name":"Lan\u00e7amento da pedra fundamental da Matriz de Katepa"}]},{"@type":"Person","@id":"https:\/\/franciscanos.org.br\/noticias\/#\/schema\/person\/b5c8cba458c330ccff548b056e95a5d4","name":"moacir","image":{"@type":"ImageObject","inLanguage":"pt-BR","@id":"https:\/\/franciscanos.org.br\/noticias\/#\/schema\/person\/image\/","url":"https:\/\/secure.gravatar.com\/avatar\/d08aa2ce4c8dd416d4479aa8536fcf64?s=96&d=mm&r=g","contentUrl":"https:\/\/secure.gravatar.com\/avatar\/d08aa2ce4c8dd416d4479aa8536fcf64?s=96&d=mm&r=g","caption":"moacir"},"url":"https:\/\/franciscanos.org.br\/noticias\/author\/moacir"}]}},"_links":{"self":[{"href":"https:\/\/franciscanos.org.br\/noticias\/wp-json\/wp\/v2\/posts\/209707"}],"collection":[{"href":"https:\/\/franciscanos.org.br\/noticias\/wp-json\/wp\/v2\/posts"}],"about":[{"href":"https:\/\/franciscanos.org.br\/noticias\/wp-json\/wp\/v2\/types\/post"}],"author":[{"embeddable":true,"href":"https:\/\/franciscanos.org.br\/noticias\/wp-json\/wp\/v2\/users\/3"}],"replies":[{"embeddable":true,"href":"https:\/\/franciscanos.org.br\/noticias\/wp-json\/wp\/v2\/comments?post=209707"}],"version-history":[{"count":0,"href":"https:\/\/franciscanos.org.br\/noticias\/wp-json\/wp\/v2\/posts\/209707\/revisions"}],"wp:featuredmedia":[{"embeddable":true,"href":"https:\/\/franciscanos.org.br\/noticias\/wp-json\/wp\/v2\/media\/209709"}],"wp:attachment":[{"href":"https:\/\/franciscanos.org.br\/noticias\/wp-json\/wp\/v2\/media?parent=209707"}],"wp:term":[{"taxonomy":"category","embeddable":true,"href":"https:\/\/franciscanos.org.br\/noticias\/wp-json\/wp\/v2\/categories?post=209707"},{"taxonomy":"post_tag","embeddable":true,"href":"https:\/\/franciscanos.org.br\/noticias\/wp-json\/wp\/v2\/tags?post=209707"}],"curies":[{"name":"wp","href":"https:\/\/api.w.org\/{rel}","templated":true}]}}