{"id":209700,"date":"2019-08-19T13:20:26","date_gmt":"2019-08-19T16:20:26","guid":{"rendered":"https:\/\/franciscanos.org.br\/noticias\/?p=209700"},"modified":"2019-08-19T13:20:26","modified_gmt":"2019-08-19T16:20:26","slug":"alverne-juventudes-a-caminho-da-fraternidade-universal","status":"publish","type":"post","link":"https:\/\/franciscanos.org.br\/noticias\/alverne-juventudes-a-caminho-da-fraternidade-universal.html","title":{"rendered":"Alverne: juventudes a caminho da Fraternidade Universal"},"content":{"rendered":"<p><img loading=\"lazy\" class=\"alignnone size-full wp-image-209701\" src=\"https:\/\/franciscanos.org.br\/noticias\/wp-content\/uploads\/2019\/08\/alverne_1908.jpg\" alt=\"\" width=\"890\" height=\"593\" srcset=\"https:\/\/franciscanos.org.br\/noticias\/wp-content\/uploads\/2019\/08\/alverne_1908.jpg 890w, https:\/\/franciscanos.org.br\/noticias\/wp-content\/uploads\/2019\/08\/alverne_1908-450x300.jpg 450w, https:\/\/franciscanos.org.br\/noticias\/wp-content\/uploads\/2019\/08\/alverne_1908-768x512.jpg 768w, https:\/\/franciscanos.org.br\/noticias\/wp-content\/uploads\/2019\/08\/alverne_1908-150x100.jpg 150w\" sizes=\"(max-width: 890px) 100vw, 890px\" \/><\/p>\n<p><strong>Vin\u00edcius Fabreau<\/strong><\/p>\n<p>Uma iniciativa de forma\u00e7\u00e3o e espiritualidade franciscana, realizada de modo itinerante e experimentada fraternalmente com a partilha de dons e talentos, que foi pensada, planejada e executada pelos jovens das par\u00f3quias da Prov\u00edncia chegou \u00e0 terceira edi\u00e7\u00e3o no \u00faltimo final de semana, em Lages\/SC.<\/p>\n<p>Ap\u00f3s passar por Santo Amaro da Imperatriz (2017) e Balne\u00e1rio Cambori\u00fa (2018), o \u201cAlverne \u2013 Forma\u00e7\u00e3o Franciscana para Jovens\u201d, contou novamente com a assessoria de Frei Vit\u00f3rio Mazzuco, mestre em Espiritualidade Franciscana, e com a equipe da Pastoral Universit\u00e1ria da Universidade S\u00e3o Francisco (USF), e teve como tema central nesta 3\u00aa etapa: \u201cEspiritualidade Franciscana como Caminho\u201d.<\/p>\n<p><img loading=\"lazy\" class=\"alignnone size-full wp-image-209702\" src=\"https:\/\/franciscanos.org.br\/noticias\/wp-content\/uploads\/2019\/08\/alverne_1908_3.jpg\" alt=\"\" width=\"890\" height=\"593\" srcset=\"https:\/\/franciscanos.org.br\/noticias\/wp-content\/uploads\/2019\/08\/alverne_1908_3.jpg 890w, https:\/\/franciscanos.org.br\/noticias\/wp-content\/uploads\/2019\/08\/alverne_1908_3-450x300.jpg 450w, https:\/\/franciscanos.org.br\/noticias\/wp-content\/uploads\/2019\/08\/alverne_1908_3-768x512.jpg 768w, https:\/\/franciscanos.org.br\/noticias\/wp-content\/uploads\/2019\/08\/alverne_1908_3-150x100.jpg 150w\" sizes=\"(max-width: 890px) 100vw, 890px\" \/><\/p>\n<p>Com a participa\u00e7\u00e3o de aproximadamente 100 jovens que vieram das par\u00f3quias franciscanas de Santa Catarina e Paran\u00e1, o Alverne teve in\u00edcio no dia 17 de julho, na Par\u00f3quia Nossa Senhora Aparecida do Navio, com a acolhida do p\u00e1roco Frei Miguel da Cruz, e toda fraternidade franciscana. O dia contou com forma\u00e7\u00e3o, momentos celebrativos e uma animada noite cultural bem ao estilo catarinense. Estiveram \u00e0 frente da acolhida e organiza\u00e7\u00e3o do encontro duas express\u00f5es juvenis de Lages: Grupo de Jovens Fraternidade Franciscana e o Movimento do Tabor. Al\u00e9m dos jovens e frades, o Alverne contou com a visita fraterna de Dom Guilherme Ant\u00f4nio Werlang, MSF, bispo diocesano de Lages.<\/p>\n<p>Acolhidos nas casas de fam\u00edlia, os jovens puderam experimentar e conhecer um pouco mais da regi\u00e3o, al\u00e9m de toda a forma\u00e7\u00e3o oferecida por Frei Vit\u00f3rio e participar de bonitas celebra\u00e7\u00f5es com o povo lageano. Al\u00e9m disso, os jovens puderam viver um momento marcante ao subir o Morro da Cruz, que al\u00e9m de ser ponto tur\u00edstico da cidade, \u00e9 um lugar de devo\u00e7\u00e3o e peregrina\u00e7\u00e3o, especialmente na Sexta-feira Santa, celebrando e rezando os mist\u00e9rios da paix\u00e3o do Senhor, t\u00e3o caros a S\u00e3o Francisco de Assis.<\/p>\n<p><img loading=\"lazy\" class=\"alignnone size-full wp-image-209703\" src=\"https:\/\/franciscanos.org.br\/noticias\/wp-content\/uploads\/2019\/08\/alverne_1908_2.jpg\" alt=\"\" width=\"890\" height=\"593\" srcset=\"https:\/\/franciscanos.org.br\/noticias\/wp-content\/uploads\/2019\/08\/alverne_1908_2.jpg 890w, https:\/\/franciscanos.org.br\/noticias\/wp-content\/uploads\/2019\/08\/alverne_1908_2-450x300.jpg 450w, https:\/\/franciscanos.org.br\/noticias\/wp-content\/uploads\/2019\/08\/alverne_1908_2-768x512.jpg 768w, https:\/\/franciscanos.org.br\/noticias\/wp-content\/uploads\/2019\/08\/alverne_1908_2-150x100.jpg 150w\" sizes=\"(max-width: 890px) 100vw, 890px\" \/><\/p>\n<p>Para Elisa, que veio de Santo Amaro da Imperatriz\/SC, o que mais chamou sua aten\u00e7\u00e3o foi o trabalho desenvolvido por Frei Vit\u00f3rio voltado \u00e0 espiritualidade franciscana. J\u00e1 para Igor, que mora em Lages\/SC e colaborou na organiza\u00e7\u00e3o, sua expectativa foi em bem recepcionar os jovens vindos de outras cidades e que todos os participantes sa\u00edssem tocados profundamente com a m\u00edstica franciscana.<\/p>\n<p>Logo mais ser\u00e1 a vez dos jovens do Rio de Janeiro e Esp\u00edrito Santo, animados pela recente edi\u00e7\u00e3o hist\u00f3rica das Miss\u00f5es Franciscanas da Juventude, realizarem a 1\u00aa edi\u00e7\u00e3o do Alverne nesta regi\u00e3o, que ser\u00e1 sediado no estado do Rio de Janeiro, nos dias 16 e 17 de novembro.<\/p>\n<p>Confira todas as imagens aqui: <a href=\"https:\/\/www.facebook.com\/conexaofraterna\/\">https:\/\/www.facebook.com\/conexaofraterna\/<\/a><\/p>\n<p><img loading=\"lazy\" class=\"alignnone size-full wp-image-209704\" src=\"https:\/\/franciscanos.org.br\/noticias\/wp-content\/uploads\/2019\/08\/alverne_1908_4.jpg\" alt=\"\" width=\"890\" height=\"337\" srcset=\"https:\/\/franciscanos.org.br\/noticias\/wp-content\/uploads\/2019\/08\/alverne_1908_4.jpg 890w, https:\/\/franciscanos.org.br\/noticias\/wp-content\/uploads\/2019\/08\/alverne_1908_4-450x170.jpg 450w, https:\/\/franciscanos.org.br\/noticias\/wp-content\/uploads\/2019\/08\/alverne_1908_4-768x291.jpg 768w, https:\/\/franciscanos.org.br\/noticias\/wp-content\/uploads\/2019\/08\/alverne_1908_4-150x57.jpg 150w\" sizes=\"(max-width: 890px) 100vw, 890px\" \/><\/p>\n","protected":false},"excerpt":{"rendered":"<p>\u201cAlverne \u2013 Forma\u00e7\u00e3o Franciscana para Jovens\u201d<\/p>\n","protected":false},"author":3,"featured_media":209705,"comment_status":"open","ping_status":"open","sticky":false,"template":"","format":"standard","meta":[],"categories":[1],"tags":[923,1420],"acf":[],"yoast_head":"<!-- This site is optimized with the Yoast SEO plugin v19.2 - https:\/\/yoast.com\/wordpress\/plugins\/seo\/ -->\n<title>Alverne: juventudes a caminho da Fraternidade Universal - Not\u00edcias - Franciscanos<\/title>\n<meta name=\"robots\" content=\"index, follow, max-snippet:-1, max-image-preview:large, max-video-preview:-1\" \/>\n<link rel=\"canonical\" href=\"https:\/\/franciscanos.org.br\/noticias\/alverne-juventudes-a-caminho-da-fraternidade-universal.html\" \/>\n<meta property=\"og:locale\" content=\"pt_BR\" \/>\n<meta property=\"og:type\" content=\"article\" \/>\n<meta property=\"og:title\" content=\"Alverne: juventudes a caminho da Fraternidade Universal - Not\u00edcias - Franciscanos\" \/>\n<meta property=\"og:description\" content=\"\u201cAlverne \u2013 Forma\u00e7\u00e3o Franciscana para Jovens\u201d\" \/>\n<meta property=\"og:url\" content=\"https:\/\/franciscanos.org.br\/noticias\/alverne-juventudes-a-caminho-da-fraternidade-universal.html\" \/>\n<meta property=\"og:site_name\" content=\"Not\u00edcias - Franciscanos\" \/>\n<meta property=\"article:published_time\" content=\"2019-08-19T16:20:26+00:00\" \/>\n<meta property=\"og:image\" content=\"https:\/\/franciscanos.org.br\/noticias\/wp-content\/uploads\/2019\/08\/alverne_1908d.jpg\" \/>\n\t<meta property=\"og:image:width\" content=\"273\" \/>\n\t<meta property=\"og:image:height\" content=\"181\" \/>\n\t<meta property=\"og:image:type\" content=\"image\/jpeg\" \/>\n<meta name=\"author\" content=\"moacir\" \/>\n<meta name=\"twitter:card\" content=\"summary_large_image\" \/>\n<meta name=\"twitter:label1\" content=\"Escrito por\" \/>\n\t<meta name=\"twitter:data1\" content=\"moacir\" \/>\n\t<meta name=\"twitter:label2\" content=\"Est. tempo de leitura\" \/>\n\t<meta name=\"twitter:data2\" content=\"2 minutos\" \/>\n<script type=\"application\/ld+json\" class=\"yoast-schema-graph\">{\"@context\":\"https:\/\/schema.org\",\"@graph\":[{\"@type\":\"WebSite\",\"@id\":\"https:\/\/franciscanos.org.br\/noticias\/#website\",\"url\":\"https:\/\/franciscanos.org.br\/noticias\/\",\"name\":\"Not\u00edcias - Franciscanos\",\"description\":\"Prov\u00edncia Franciscana da Imaculada Concei\u00e7\u00e3o do Brasil - Ordem dos Frades Menores - OFM\",\"potentialAction\":[{\"@type\":\"SearchAction\",\"target\":{\"@type\":\"EntryPoint\",\"urlTemplate\":\"https:\/\/franciscanos.org.br\/noticias\/?s={search_term_string}\"},\"query-input\":\"required name=search_term_string\"}],\"inLanguage\":\"pt-BR\"},{\"@type\":\"ImageObject\",\"inLanguage\":\"pt-BR\",\"@id\":\"https:\/\/franciscanos.org.br\/noticias\/alverne-juventudes-a-caminho-da-fraternidade-universal.html#primaryimage\",\"url\":\"https:\/\/franciscanos.org.br\/noticias\/wp-content\/uploads\/2019\/08\/alverne_1908d.jpg\",\"contentUrl\":\"https:\/\/franciscanos.org.br\/noticias\/wp-content\/uploads\/2019\/08\/alverne_1908d.jpg\",\"width\":273,\"height\":181},{\"@type\":\"WebPage\",\"@id\":\"https:\/\/franciscanos.org.br\/noticias\/alverne-juventudes-a-caminho-da-fraternidade-universal.html#webpage\",\"url\":\"https:\/\/franciscanos.org.br\/noticias\/alverne-juventudes-a-caminho-da-fraternidade-universal.html\",\"name\":\"Alverne: juventudes a caminho da Fraternidade Universal - Not\u00edcias - Franciscanos\",\"isPartOf\":{\"@id\":\"https:\/\/franciscanos.org.br\/noticias\/#website\"},\"primaryImageOfPage\":{\"@id\":\"https:\/\/franciscanos.org.br\/noticias\/alverne-juventudes-a-caminho-da-fraternidade-universal.html#primaryimage\"},\"datePublished\":\"2019-08-19T16:20:26+00:00\",\"dateModified\":\"2019-08-19T16:20:26+00:00\",\"author\":{\"@id\":\"https:\/\/franciscanos.org.br\/noticias\/#\/schema\/person\/b5c8cba458c330ccff548b056e95a5d4\"},\"breadcrumb\":{\"@id\":\"https:\/\/franciscanos.org.br\/noticias\/alverne-juventudes-a-caminho-da-fraternidade-universal.html#breadcrumb\"},\"inLanguage\":\"pt-BR\",\"potentialAction\":[{\"@type\":\"ReadAction\",\"target\":[\"https:\/\/franciscanos.org.br\/noticias\/alverne-juventudes-a-caminho-da-fraternidade-universal.html\"]}]},{\"@type\":\"BreadcrumbList\",\"@id\":\"https:\/\/franciscanos.org.br\/noticias\/alverne-juventudes-a-caminho-da-fraternidade-universal.html#breadcrumb\",\"itemListElement\":[{\"@type\":\"ListItem\",\"position\":1,\"name\":\"Home\",\"item\":\"https:\/\/franciscanos.org.br\/noticias\"},{\"@type\":\"ListItem\",\"position\":2,\"name\":\"Alverne: juventudes a caminho da Fraternidade Universal\"}]},{\"@type\":\"Person\",\"@id\":\"https:\/\/franciscanos.org.br\/noticias\/#\/schema\/person\/b5c8cba458c330ccff548b056e95a5d4\",\"name\":\"moacir\",\"image\":{\"@type\":\"ImageObject\",\"inLanguage\":\"pt-BR\",\"@id\":\"https:\/\/franciscanos.org.br\/noticias\/#\/schema\/person\/image\/\",\"url\":\"https:\/\/secure.gravatar.com\/avatar\/d08aa2ce4c8dd416d4479aa8536fcf64?s=96&d=mm&r=g\",\"contentUrl\":\"https:\/\/secure.gravatar.com\/avatar\/d08aa2ce4c8dd416d4479aa8536fcf64?s=96&d=mm&r=g\",\"caption\":\"moacir\"},\"url\":\"https:\/\/franciscanos.org.br\/noticias\/author\/moacir\"}]}<\/script>\n<!-- \/ Yoast SEO plugin. -->","yoast_head_json":{"title":"Alverne: juventudes a caminho da Fraternidade Universal - Not\u00edcias - Franciscanos","robots":{"index":"index","follow":"follow","max-snippet":"max-snippet:-1","max-image-preview":"max-image-preview:large","max-video-preview":"max-video-preview:-1"},"canonical":"https:\/\/franciscanos.org.br\/noticias\/alverne-juventudes-a-caminho-da-fraternidade-universal.html","og_locale":"pt_BR","og_type":"article","og_title":"Alverne: juventudes a caminho da Fraternidade Universal - Not\u00edcias - Franciscanos","og_description":"\u201cAlverne \u2013 Forma\u00e7\u00e3o Franciscana para Jovens\u201d","og_url":"https:\/\/franciscanos.org.br\/noticias\/alverne-juventudes-a-caminho-da-fraternidade-universal.html","og_site_name":"Not\u00edcias - Franciscanos","article_published_time":"2019-08-19T16:20:26+00:00","og_image":[{"width":273,"height":181,"url":"https:\/\/franciscanos.org.br\/noticias\/wp-content\/uploads\/2019\/08\/alverne_1908d.jpg","type":"image\/jpeg"}],"author":"moacir","twitter_card":"summary_large_image","twitter_misc":{"Escrito por":"moacir","Est. tempo de leitura":"2 minutos"},"schema":{"@context":"https:\/\/schema.org","@graph":[{"@type":"WebSite","@id":"https:\/\/franciscanos.org.br\/noticias\/#website","url":"https:\/\/franciscanos.org.br\/noticias\/","name":"Not\u00edcias - Franciscanos","description":"Prov\u00edncia Franciscana da Imaculada Concei\u00e7\u00e3o do Brasil - Ordem dos Frades Menores - OFM","potentialAction":[{"@type":"SearchAction","target":{"@type":"EntryPoint","urlTemplate":"https:\/\/franciscanos.org.br\/noticias\/?s={search_term_string}"},"query-input":"required name=search_term_string"}],"inLanguage":"pt-BR"},{"@type":"ImageObject","inLanguage":"pt-BR","@id":"https:\/\/franciscanos.org.br\/noticias\/alverne-juventudes-a-caminho-da-fraternidade-universal.html#primaryimage","url":"https:\/\/franciscanos.org.br\/noticias\/wp-content\/uploads\/2019\/08\/alverne_1908d.jpg","contentUrl":"https:\/\/franciscanos.org.br\/noticias\/wp-content\/uploads\/2019\/08\/alverne_1908d.jpg","width":273,"height":181},{"@type":"WebPage","@id":"https:\/\/franciscanos.org.br\/noticias\/alverne-juventudes-a-caminho-da-fraternidade-universal.html#webpage","url":"https:\/\/franciscanos.org.br\/noticias\/alverne-juventudes-a-caminho-da-fraternidade-universal.html","name":"Alverne: juventudes a caminho da Fraternidade Universal - Not\u00edcias - Franciscanos","isPartOf":{"@id":"https:\/\/franciscanos.org.br\/noticias\/#website"},"primaryImageOfPage":{"@id":"https:\/\/franciscanos.org.br\/noticias\/alverne-juventudes-a-caminho-da-fraternidade-universal.html#primaryimage"},"datePublished":"2019-08-19T16:20:26+00:00","dateModified":"2019-08-19T16:20:26+00:00","author":{"@id":"https:\/\/franciscanos.org.br\/noticias\/#\/schema\/person\/b5c8cba458c330ccff548b056e95a5d4"},"breadcrumb":{"@id":"https:\/\/franciscanos.org.br\/noticias\/alverne-juventudes-a-caminho-da-fraternidade-universal.html#breadcrumb"},"inLanguage":"pt-BR","potentialAction":[{"@type":"ReadAction","target":["https:\/\/franciscanos.org.br\/noticias\/alverne-juventudes-a-caminho-da-fraternidade-universal.html"]}]},{"@type":"BreadcrumbList","@id":"https:\/\/franciscanos.org.br\/noticias\/alverne-juventudes-a-caminho-da-fraternidade-universal.html#breadcrumb","itemListElement":[{"@type":"ListItem","position":1,"name":"Home","item":"https:\/\/franciscanos.org.br\/noticias"},{"@type":"ListItem","position":2,"name":"Alverne: juventudes a caminho da Fraternidade Universal"}]},{"@type":"Person","@id":"https:\/\/franciscanos.org.br\/noticias\/#\/schema\/person\/b5c8cba458c330ccff548b056e95a5d4","name":"moacir","image":{"@type":"ImageObject","inLanguage":"pt-BR","@id":"https:\/\/franciscanos.org.br\/noticias\/#\/schema\/person\/image\/","url":"https:\/\/secure.gravatar.com\/avatar\/d08aa2ce4c8dd416d4479aa8536fcf64?s=96&d=mm&r=g","contentUrl":"https:\/\/secure.gravatar.com\/avatar\/d08aa2ce4c8dd416d4479aa8536fcf64?s=96&d=mm&r=g","caption":"moacir"},"url":"https:\/\/franciscanos.org.br\/noticias\/author\/moacir"}]}},"_links":{"self":[{"href":"https:\/\/franciscanos.org.br\/noticias\/wp-json\/wp\/v2\/posts\/209700"}],"collection":[{"href":"https:\/\/franciscanos.org.br\/noticias\/wp-json\/wp\/v2\/posts"}],"about":[{"href":"https:\/\/franciscanos.org.br\/noticias\/wp-json\/wp\/v2\/types\/post"}],"author":[{"embeddable":true,"href":"https:\/\/franciscanos.org.br\/noticias\/wp-json\/wp\/v2\/users\/3"}],"replies":[{"embeddable":true,"href":"https:\/\/franciscanos.org.br\/noticias\/wp-json\/wp\/v2\/comments?post=209700"}],"version-history":[{"count":0,"href":"https:\/\/franciscanos.org.br\/noticias\/wp-json\/wp\/v2\/posts\/209700\/revisions"}],"wp:featuredmedia":[{"embeddable":true,"href":"https:\/\/franciscanos.org.br\/noticias\/wp-json\/wp\/v2\/media\/209705"}],"wp:attachment":[{"href":"https:\/\/franciscanos.org.br\/noticias\/wp-json\/wp\/v2\/media?parent=209700"}],"wp:term":[{"taxonomy":"category","embeddable":true,"href":"https:\/\/franciscanos.org.br\/noticias\/wp-json\/wp\/v2\/categories?post=209700"},{"taxonomy":"post_tag","embeddable":true,"href":"https:\/\/franciscanos.org.br\/noticias\/wp-json\/wp\/v2\/tags?post=209700"}],"curies":[{"name":"wp","href":"https:\/\/api.w.org\/{rel}","templated":true}]}}