{"id":209685,"date":"2019-08-19T11:32:48","date_gmt":"2019-08-19T14:32:48","guid":{"rendered":"https:\/\/franciscanos.org.br\/noticias\/?p=209685"},"modified":"2019-08-21T07:33:18","modified_gmt":"2019-08-21T10:33:18","slug":"estado-de-saude-do-ministro-geral-frei-michael-perry","status":"publish","type":"post","link":"https:\/\/franciscanos.org.br\/noticias\/estado-de-saude-do-ministro-geral-frei-michael-perry.html","title":{"rendered":"Estado de sa\u00fade do Ministro Geral \u00e9 est\u00e1vel ap\u00f3s cirurgia"},"content":{"rendered":"<p><img loading=\"lazy\" class=\"alignnone size-full wp-image-209694\" src=\"https:\/\/franciscanos.org.br\/noticias\/wp-content\/uploads\/2019\/08\/geral-190819.jpg\" alt=\"\" width=\"890\" height=\"500\" srcset=\"https:\/\/franciscanos.org.br\/noticias\/wp-content\/uploads\/2019\/08\/geral-190819.jpg 890w, https:\/\/franciscanos.org.br\/noticias\/wp-content\/uploads\/2019\/08\/geral-190819-450x253.jpg 450w, https:\/\/franciscanos.org.br\/noticias\/wp-content\/uploads\/2019\/08\/geral-190819-768x431.jpg 768w, https:\/\/franciscanos.org.br\/noticias\/wp-content\/uploads\/2019\/08\/geral-190819-150x84.jpg 150w\" sizes=\"(max-width: 890px) 100vw, 890px\" \/><\/p>\n<p><strong>S\u00e3o Paulo (SP) &#8211; <\/strong>O Ministro Geral, Frei Michael Perry, que sofreu um acidente de bicicleta na \u00faltima quinta-feira, foi operado nesta segunda-feira no Centro M\u00e9dico da Universidade de Chicago e, segundo Frei Joseph Rozansky, &#8220;seus sinais vitais s\u00e3o est\u00e1veis&#8221;. Segundo Frei Joseph, a cirurgia foi muito complicada, pois foi necess\u00e1rio inserir uma placa e parafusos no seu quadril. Sua recupera\u00e7\u00e3o ser\u00e1 lenta e durante noventa dias precisar\u00e1 de repouso para n\u00e3o colocar press\u00e3o nas pernas. Ele continuar\u00e1 no CTI por tr\u00eas dias.<\/p>\n<p>Leia a nota do Ministro Geral sobre o acidente:<\/p>\n<p style=\"padding-left: 40px;\"><em>Caros Irm\u00e3os, O Senhor te d\u00ea a paz!<\/em><\/p>\n<p style=\"padding-left: 40px;\"><em>Estou escrevendo do Centro M\u00e9dico da Universidade de Chicago.<\/em><\/p>\n<p style=\"padding-left: 40px;\"><em>Na quinta-feira, 15 de agosto, estava andando de bicicleta na margem do lago, um passeio que fazia todos os dias desde que comecei minhas f\u00e9rias nos Estados Unidos. Infelizmente n\u00e3o vi um buraco que estava no caminho e cai nele, batendo numa laje de cimento. Como a bicicleta ficou presa, impediu-me de avan\u00e7ar e eu cai com a bicicleta do lado esquerdo do corpo.\u00a0 O forte impacto contra o cimento produziu a fratura do f\u00eamur e do osso p\u00e9lvico que cont\u00e9m a articula\u00e7\u00e3o do f\u00eamur e controla o movimento da perna. Como resultado, preciso passar por uma opera\u00e7\u00e3o cir\u00fargica para reconstruir as \u00e1reas afetadas.\u00a0 Agrade\u00e7o a Deus porque nenhum outro ferimento foi observado.<\/em><\/p>\n<p style=\"padding-left: 40px;\"><em>Segundo os m\u00e9dicos, tenho uma fratura complexa de alta gravidade que requer um per\u00edodo prolongado de fisioterapia e reabilita\u00e7\u00e3o p\u00f3s-operat\u00f3ria.\u00a0 Portanto, estarei ausente da C\u00faria Geral por muito tempo.\u00a0 De acordo com o art.\u00a0 200 \u00a71 de nossas Constitui\u00e7\u00f5es Gerais, durante minha aus\u00eancia por motivo de defici\u00eancia, todas as quest\u00f5es e assuntos devem ser encaminhados ao Vig\u00e1rio Geral, Fr. Julio C\u00e9sar Bunader.<\/em><\/p>\n<p style=\"padding-left: 40px;\"><em>Agrade\u00e7o a todos os Frades da Ordem, aos Conventuais, aos Capuchinhos, \u00e0s Clarissas, aos Franciscanos Seculares, \u00e0s Irm\u00e3s e a todos aqueles que me enviaram mensagens ou me chamaram para expressar sua proximidade e apoio.<\/em><br \/>\n<em>Pedirei a um frade da minha Prov\u00edncia que permane\u00e7a em constante comunica\u00e7\u00e3o com a C\u00faria Geral para mant\u00ea-los atualizados sobre meu estado de sa\u00fade.\u00a0 Pe\u00e7o que se lembre de mim em suas ora\u00e7\u00f5es, assim como me lembrarei de voc\u00ea nas minhas ora\u00e7\u00f5es!\u00a0 Deus aben\u00e7oe cada um.<\/em><\/p>\n<p style=\"padding-left: 40px;\"><em>Chicago, Illinois, EUA, 18 de agosto de 2019.<\/em><\/p>\n<p>Nossas ora\u00e7\u00f5es pela plena recupera\u00e7\u00e3o de nosso Ministro Geral!<\/p>\n","protected":false},"excerpt":{"rendered":"<p>Frades Menores<\/p>\n","protected":false},"author":1,"featured_media":209695,"comment_status":"open","ping_status":"open","sticky":false,"template":"","format":"standard","meta":[],"categories":[1],"tags":[723,184],"acf":[],"yoast_head":"<!-- This site is optimized with the Yoast SEO plugin v19.2 - https:\/\/yoast.com\/wordpress\/plugins\/seo\/ -->\n<title>Estado de sa\u00fade do Ministro Geral \u00e9 est\u00e1vel ap\u00f3s cirurgia - Not\u00edcias - Franciscanos<\/title>\n<meta name=\"robots\" content=\"index, follow, max-snippet:-1, max-image-preview:large, max-video-preview:-1\" \/>\n<link rel=\"canonical\" href=\"https:\/\/franciscanos.org.br\/noticias\/estado-de-saude-do-ministro-geral-frei-michael-perry.html\" \/>\n<meta property=\"og:locale\" content=\"pt_BR\" \/>\n<meta property=\"og:type\" content=\"article\" \/>\n<meta property=\"og:title\" content=\"Estado de sa\u00fade do Ministro Geral \u00e9 est\u00e1vel ap\u00f3s cirurgia - Not\u00edcias - Franciscanos\" \/>\n<meta property=\"og:description\" content=\"Frades Menores\" \/>\n<meta property=\"og:url\" content=\"https:\/\/franciscanos.org.br\/noticias\/estado-de-saude-do-ministro-geral-frei-michael-perry.html\" \/>\n<meta property=\"og:site_name\" content=\"Not\u00edcias - Franciscanos\" \/>\n<meta property=\"article:published_time\" content=\"2019-08-19T14:32:48+00:00\" \/>\n<meta property=\"article:modified_time\" content=\"2019-08-21T10:33:18+00:00\" \/>\n<meta property=\"og:image\" content=\"https:\/\/franciscanos.org.br\/noticias\/wp-content\/uploads\/2019\/08\/geral-190819-P.jpg\" \/>\n\t<meta property=\"og:image:width\" content=\"273\" \/>\n\t<meta property=\"og:image:height\" content=\"181\" \/>\n\t<meta property=\"og:image:type\" content=\"image\/jpeg\" \/>\n<meta name=\"author\" content=\"admin\" \/>\n<meta name=\"twitter:card\" content=\"summary_large_image\" \/>\n<meta name=\"twitter:label1\" content=\"Escrito por\" \/>\n\t<meta name=\"twitter:data1\" content=\"admin\" \/>\n\t<meta name=\"twitter:label2\" content=\"Est. tempo de leitura\" \/>\n\t<meta name=\"twitter:data2\" content=\"2 minutos\" \/>\n<script type=\"application\/ld+json\" class=\"yoast-schema-graph\">{\"@context\":\"https:\/\/schema.org\",\"@graph\":[{\"@type\":\"WebSite\",\"@id\":\"https:\/\/franciscanos.org.br\/noticias\/#website\",\"url\":\"https:\/\/franciscanos.org.br\/noticias\/\",\"name\":\"Not\u00edcias - Franciscanos\",\"description\":\"Prov\u00edncia Franciscana da Imaculada Concei\u00e7\u00e3o do Brasil - Ordem dos Frades Menores - OFM\",\"potentialAction\":[{\"@type\":\"SearchAction\",\"target\":{\"@type\":\"EntryPoint\",\"urlTemplate\":\"https:\/\/franciscanos.org.br\/noticias\/?s={search_term_string}\"},\"query-input\":\"required name=search_term_string\"}],\"inLanguage\":\"pt-BR\"},{\"@type\":\"ImageObject\",\"inLanguage\":\"pt-BR\",\"@id\":\"https:\/\/franciscanos.org.br\/noticias\/estado-de-saude-do-ministro-geral-frei-michael-perry.html#primaryimage\",\"url\":\"https:\/\/franciscanos.org.br\/noticias\/wp-content\/uploads\/2019\/08\/geral-190819-P.jpg\",\"contentUrl\":\"https:\/\/franciscanos.org.br\/noticias\/wp-content\/uploads\/2019\/08\/geral-190819-P.jpg\",\"width\":273,\"height\":181},{\"@type\":\"WebPage\",\"@id\":\"https:\/\/franciscanos.org.br\/noticias\/estado-de-saude-do-ministro-geral-frei-michael-perry.html#webpage\",\"url\":\"https:\/\/franciscanos.org.br\/noticias\/estado-de-saude-do-ministro-geral-frei-michael-perry.html\",\"name\":\"Estado de sa\u00fade do Ministro Geral \u00e9 est\u00e1vel ap\u00f3s cirurgia - Not\u00edcias - Franciscanos\",\"isPartOf\":{\"@id\":\"https:\/\/franciscanos.org.br\/noticias\/#website\"},\"primaryImageOfPage\":{\"@id\":\"https:\/\/franciscanos.org.br\/noticias\/estado-de-saude-do-ministro-geral-frei-michael-perry.html#primaryimage\"},\"datePublished\":\"2019-08-19T14:32:48+00:00\",\"dateModified\":\"2019-08-21T10:33:18+00:00\",\"author\":{\"@id\":\"https:\/\/franciscanos.org.br\/noticias\/#\/schema\/person\/b38fbf43118f02820bd932f2e4b14ad3\"},\"breadcrumb\":{\"@id\":\"https:\/\/franciscanos.org.br\/noticias\/estado-de-saude-do-ministro-geral-frei-michael-perry.html#breadcrumb\"},\"inLanguage\":\"pt-BR\",\"potentialAction\":[{\"@type\":\"ReadAction\",\"target\":[\"https:\/\/franciscanos.org.br\/noticias\/estado-de-saude-do-ministro-geral-frei-michael-perry.html\"]}]},{\"@type\":\"BreadcrumbList\",\"@id\":\"https:\/\/franciscanos.org.br\/noticias\/estado-de-saude-do-ministro-geral-frei-michael-perry.html#breadcrumb\",\"itemListElement\":[{\"@type\":\"ListItem\",\"position\":1,\"name\":\"Home\",\"item\":\"https:\/\/franciscanos.org.br\/noticias\"},{\"@type\":\"ListItem\",\"position\":2,\"name\":\"Estado de sa\u00fade do Ministro Geral \u00e9 est\u00e1vel ap\u00f3s cirurgia\"}]},{\"@type\":\"Person\",\"@id\":\"https:\/\/franciscanos.org.br\/noticias\/#\/schema\/person\/b38fbf43118f02820bd932f2e4b14ad3\",\"name\":\"admin\",\"image\":{\"@type\":\"ImageObject\",\"inLanguage\":\"pt-BR\",\"@id\":\"https:\/\/franciscanos.org.br\/noticias\/#\/schema\/person\/image\/\",\"url\":\"https:\/\/secure.gravatar.com\/avatar\/e8495742d34d0ba6448ea1c628263b3e?s=96&d=mm&r=g\",\"contentUrl\":\"https:\/\/secure.gravatar.com\/avatar\/e8495742d34d0ba6448ea1c628263b3e?s=96&d=mm&r=g\",\"caption\":\"admin\"},\"url\":\"https:\/\/franciscanos.org.br\/noticias\/author\/admin\"}]}<\/script>\n<!-- \/ Yoast SEO plugin. -->","yoast_head_json":{"title":"Estado de sa\u00fade do Ministro Geral \u00e9 est\u00e1vel ap\u00f3s cirurgia - Not\u00edcias - Franciscanos","robots":{"index":"index","follow":"follow","max-snippet":"max-snippet:-1","max-image-preview":"max-image-preview:large","max-video-preview":"max-video-preview:-1"},"canonical":"https:\/\/franciscanos.org.br\/noticias\/estado-de-saude-do-ministro-geral-frei-michael-perry.html","og_locale":"pt_BR","og_type":"article","og_title":"Estado de sa\u00fade do Ministro Geral \u00e9 est\u00e1vel ap\u00f3s cirurgia - Not\u00edcias - Franciscanos","og_description":"Frades Menores","og_url":"https:\/\/franciscanos.org.br\/noticias\/estado-de-saude-do-ministro-geral-frei-michael-perry.html","og_site_name":"Not\u00edcias - Franciscanos","article_published_time":"2019-08-19T14:32:48+00:00","article_modified_time":"2019-08-21T10:33:18+00:00","og_image":[{"width":273,"height":181,"url":"https:\/\/franciscanos.org.br\/noticias\/wp-content\/uploads\/2019\/08\/geral-190819-P.jpg","type":"image\/jpeg"}],"author":"admin","twitter_card":"summary_large_image","twitter_misc":{"Escrito por":"admin","Est. tempo de leitura":"2 minutos"},"schema":{"@context":"https:\/\/schema.org","@graph":[{"@type":"WebSite","@id":"https:\/\/franciscanos.org.br\/noticias\/#website","url":"https:\/\/franciscanos.org.br\/noticias\/","name":"Not\u00edcias - Franciscanos","description":"Prov\u00edncia Franciscana da Imaculada Concei\u00e7\u00e3o do Brasil - Ordem dos Frades Menores - OFM","potentialAction":[{"@type":"SearchAction","target":{"@type":"EntryPoint","urlTemplate":"https:\/\/franciscanos.org.br\/noticias\/?s={search_term_string}"},"query-input":"required name=search_term_string"}],"inLanguage":"pt-BR"},{"@type":"ImageObject","inLanguage":"pt-BR","@id":"https:\/\/franciscanos.org.br\/noticias\/estado-de-saude-do-ministro-geral-frei-michael-perry.html#primaryimage","url":"https:\/\/franciscanos.org.br\/noticias\/wp-content\/uploads\/2019\/08\/geral-190819-P.jpg","contentUrl":"https:\/\/franciscanos.org.br\/noticias\/wp-content\/uploads\/2019\/08\/geral-190819-P.jpg","width":273,"height":181},{"@type":"WebPage","@id":"https:\/\/franciscanos.org.br\/noticias\/estado-de-saude-do-ministro-geral-frei-michael-perry.html#webpage","url":"https:\/\/franciscanos.org.br\/noticias\/estado-de-saude-do-ministro-geral-frei-michael-perry.html","name":"Estado de sa\u00fade do Ministro Geral \u00e9 est\u00e1vel ap\u00f3s cirurgia - Not\u00edcias - Franciscanos","isPartOf":{"@id":"https:\/\/franciscanos.org.br\/noticias\/#website"},"primaryImageOfPage":{"@id":"https:\/\/franciscanos.org.br\/noticias\/estado-de-saude-do-ministro-geral-frei-michael-perry.html#primaryimage"},"datePublished":"2019-08-19T14:32:48+00:00","dateModified":"2019-08-21T10:33:18+00:00","author":{"@id":"https:\/\/franciscanos.org.br\/noticias\/#\/schema\/person\/b38fbf43118f02820bd932f2e4b14ad3"},"breadcrumb":{"@id":"https:\/\/franciscanos.org.br\/noticias\/estado-de-saude-do-ministro-geral-frei-michael-perry.html#breadcrumb"},"inLanguage":"pt-BR","potentialAction":[{"@type":"ReadAction","target":["https:\/\/franciscanos.org.br\/noticias\/estado-de-saude-do-ministro-geral-frei-michael-perry.html"]}]},{"@type":"BreadcrumbList","@id":"https:\/\/franciscanos.org.br\/noticias\/estado-de-saude-do-ministro-geral-frei-michael-perry.html#breadcrumb","itemListElement":[{"@type":"ListItem","position":1,"name":"Home","item":"https:\/\/franciscanos.org.br\/noticias"},{"@type":"ListItem","position":2,"name":"Estado de sa\u00fade do Ministro Geral \u00e9 est\u00e1vel ap\u00f3s cirurgia"}]},{"@type":"Person","@id":"https:\/\/franciscanos.org.br\/noticias\/#\/schema\/person\/b38fbf43118f02820bd932f2e4b14ad3","name":"admin","image":{"@type":"ImageObject","inLanguage":"pt-BR","@id":"https:\/\/franciscanos.org.br\/noticias\/#\/schema\/person\/image\/","url":"https:\/\/secure.gravatar.com\/avatar\/e8495742d34d0ba6448ea1c628263b3e?s=96&d=mm&r=g","contentUrl":"https:\/\/secure.gravatar.com\/avatar\/e8495742d34d0ba6448ea1c628263b3e?s=96&d=mm&r=g","caption":"admin"},"url":"https:\/\/franciscanos.org.br\/noticias\/author\/admin"}]}},"_links":{"self":[{"href":"https:\/\/franciscanos.org.br\/noticias\/wp-json\/wp\/v2\/posts\/209685"}],"collection":[{"href":"https:\/\/franciscanos.org.br\/noticias\/wp-json\/wp\/v2\/posts"}],"about":[{"href":"https:\/\/franciscanos.org.br\/noticias\/wp-json\/wp\/v2\/types\/post"}],"author":[{"embeddable":true,"href":"https:\/\/franciscanos.org.br\/noticias\/wp-json\/wp\/v2\/users\/1"}],"replies":[{"embeddable":true,"href":"https:\/\/franciscanos.org.br\/noticias\/wp-json\/wp\/v2\/comments?post=209685"}],"version-history":[{"count":0,"href":"https:\/\/franciscanos.org.br\/noticias\/wp-json\/wp\/v2\/posts\/209685\/revisions"}],"wp:featuredmedia":[{"embeddable":true,"href":"https:\/\/franciscanos.org.br\/noticias\/wp-json\/wp\/v2\/media\/209695"}],"wp:attachment":[{"href":"https:\/\/franciscanos.org.br\/noticias\/wp-json\/wp\/v2\/media?parent=209685"}],"wp:term":[{"taxonomy":"category","embeddable":true,"href":"https:\/\/franciscanos.org.br\/noticias\/wp-json\/wp\/v2\/categories?post=209685"},{"taxonomy":"post_tag","embeddable":true,"href":"https:\/\/franciscanos.org.br\/noticias\/wp-json\/wp\/v2\/tags?post=209685"}],"curies":[{"name":"wp","href":"https:\/\/api.w.org\/{rel}","templated":true}]}}