{"id":209666,"date":"2019-08-18T19:12:11","date_gmt":"2019-08-18T22:12:11","guid":{"rendered":"https:\/\/franciscanos.org.br\/noticias\/?p=209666"},"modified":"2019-08-18T19:12:11","modified_gmt":"2019-08-18T22:12:11","slug":"conheca-fiinha-o-patrimonio-do-seminario-frei-galvao","status":"publish","type":"post","link":"https:\/\/franciscanos.org.br\/noticias\/conheca-fiinha-o-patrimonio-do-seminario-frei-galvao.html","title":{"rendered":"Conhe\u00e7a &#8220;Fiinha&#8221;, o &#8220;patrim\u00f4nio&#8221; do Semin\u00e1rio Frei Galv\u00e3o"},"content":{"rendered":"<p><strong><img loading=\"lazy\" class=\"alignleft size-full wp-image-209616\" src=\"https:\/\/franciscanos.org.br\/noticias\/wp-content\/uploads\/2019\/08\/guara_1808_12.jpg\" alt=\"\" width=\"500\" height=\"667\" srcset=\"https:\/\/franciscanos.org.br\/noticias\/wp-content\/uploads\/2019\/08\/guara_1808_12.jpg 500w, https:\/\/franciscanos.org.br\/noticias\/wp-content\/uploads\/2019\/08\/guara_1808_12-337x450.jpg 337w, https:\/\/franciscanos.org.br\/noticias\/wp-content\/uploads\/2019\/08\/guara_1808_12-150x200.jpg 150w\" sizes=\"(max-width: 500px) 100vw, 500px\" \/><\/strong>Durante mais de 50 anos, gera\u00e7\u00f5es de postulantes e seminaristas passaram pelo Semin\u00e1rio. Nas Missas di\u00e1rias, em meio a eles, est\u00e1 l\u00e1, quietinha e sorridente, a <em>Fiinha,<\/em> o apelido carinhoso de Maria Aparecida da Silva, que no pr\u00f3ximo dia 19 de setembro vai comemorar 76 anos de vida. Faltou um ano para ter a mesma idade do Semin\u00e1rio. E o mais incr\u00edvel: viveu pr\u00f3ximo desta casa de forma\u00e7\u00e3o franciscana por 76 anos. Segundo ela, nos 16 primeiros anos de vida, a fam\u00edlia morava na Vila Brasil, mas a m\u00e3e a trouxe, ainda &#8220;bebezinho&#8221;, para conhecer o Semin\u00e1rio Frei Galv\u00e3o. &#8220;Eu nasci na Vila Brasil, na Par\u00f3quia Nossa Senhora de Lourdes. Fiquei l\u00e1 at\u00e9 os 16 anos, mas minha m\u00e3e queria morar perto do Semin\u00e1rio para poder ir \u00e0 Missa sempre. Ent\u00e3o, viemos para c\u00e1 em 1959&#8221;, contou.<\/p>\n<p><em>Fiinha<\/em>, que ganhou o apelido da m\u00e3e, mora hoje na Vila S\u00e3o Jos\u00e9, bastando atravessar uma rua para estar no Semin\u00e1rio. Ela n\u00e3o se casou mas vive com quatro sobrinhos. &#8220;Meu irm\u00e3o continua no local de origem de nossa fam\u00edlia e quatro sobrinhos moram comigo. Cada um tem a sua casinha. Parece casa de coelho. Entra numa porta, sai noutra&#8221;, diz sorrindo, como \u00e9 pr\u00f3pria dela. &#8220;Tenho um capela de Nossa Senhora Auxiliadora, que o Frei Jean foi l\u00e1 aben\u00e7oar. Eu ganhei essa imagem de Frei Alcides Cella. O meu irm\u00e3o trabalhou, em 1985, no Semin\u00e1rio como pintor e minha cunhada gostou muito da imagem. Ent\u00e3o, Frei Alcides a doou, na Semana da Fam\u00edlia, para n\u00f3s\u201d.<\/p>\n<p><em>Fiinha<\/em> garante que lembra bem de todos os seminaristas que estiveram na sua comunidade e na sua casa. &#8220;Conheci pelo menos uns 30. Dom Jaime Spengler trabalhou com a gente; Dom Johannes; o Frei Samuel (Ferreira de Lima), o Frei Jo\u00e3o Francisco; o Frei Jean e outros. Tamb\u00e9m conheci os freis que moravam aqui. O dif\u00edcil \u00e9 guardar os nomes de todos os seminaristas. Teria que fazer um relat\u00f3rio&#8221;, brinca (risos).<\/p>\n<p>Mas quem pensou que <em>Fiinha<\/em> \u00e9 devota s\u00f3 de S\u00e3o Francisco ou Frei Galv\u00e3o, seu conterr\u00e2neo, enganou-se. &#8220;Eu sou devota de todos os santos. O Pe. Andr\u00e9 Gustavo diz que o c\u00e9u desceu na terra, porque em casa tenho todos os santos que preciso. Cada dia homenageio um santo&#8221;, garante. &#8220;Os santos ajudam muito a gente e o carinho das pessoas ajuda muito uma pessoa idosa. A gente tem que ter aten\u00e7\u00e3o e carinho das pessoas. Isso fortalece o nosso ego e n\u00e3o ficamos pra baixo. Tanto dou carinho como recebo. Eu trato bem todo mundo. Desde uma crian\u00e7a at\u00e9 uma pessoa idosa. Qualquer um. Eu amo a todos&#8221;, ensina, fazendo uma ressalva: &#8220;A gente gosta mais da pessoa com quem convive. Eu falo para o Frei que aqui \u00e9 minha segunda casa. Mas em tudo o que precisei, o Semin\u00e1rio me socorreu. O Frei Samuel me ajudou a tirar o &#8216;Cart\u00e3o do Marrom&#8217; para n\u00e3o pagar \u00f4nibus. Eu n\u00e3o pago passagem h\u00e1 8 anos. Eu viajo, eu trabalho, eu rezo. Eu vou a Lorena, eu vou a Aparecida uma vez por semana na Bas\u00edlica. Enquanto Deus me der perna para andar, eu n\u00e3o paro&#8221;, garante.<\/p>\n<p>Para ela, Deus deu um grande presente de morar perto dos Franciscanos. &#8220;Eu posso vir \u00e0 Missa todo o dia. \u00c9 s\u00f3 atravessar a rua. \u00c9 aqui pertinho. Quando trabalhava fora, n\u00e3o tinha como vir \u00e0 Missa todo dia. So tinha uma folga aos domingos. Sou grata aos freis que me ajudaram na minha aposentadoria. Em 1996, eu trabalhei durante 7 meses para completar o tempo de aposentadoria. Frei Paulo C\u00e9sar Ferreira, que mora no Convento da Penha, e o falecido Frei Carlos Pierezan me ajudaram. Diziam: \u2018Vamos dar um jeito de arrumar a aposentadoria para voc\u00ea. J\u00e1 est\u00e1 com 28 anos pagos e com 57 anos\u2019. E deu certo&#8221;, contou.<\/p>\n<p>Fiinha lembra que em 2011 levou um susto. &#8220;Sofri um acidente e fiquei entre a vida e a morte. No dia 1\u00ba de novembro, estava indo para a aula de artesanato, de gin\u00e1stica e m\u00fasica. N\u00e3o havia nenhum carro e comecei a atravessar a rua. Quando estava com o p\u00e9 na guia, um carro veio com tudo para cima de mim e me prendeu debaixo dele. Eu sobrevivi. O Frei Claudino disse que eu ressuscitei, porque a batida foi forte. Ainda n\u00e3o paguei meus pecados. Tenho que esperar mais um pouco. Deus est\u00e1 sendo misericordioso comigo&#8221;, diz, esbanjando simpatia. Segundo ela, esse lucro \u00e9 porque Deus chamou sua m\u00e3e, Maria In\u00e1cia Soares, aos 54 anos, e o pai, Pedro Gon\u00e7alves da Silva, aos 64 anos.\u00a0 O meu irm\u00e3o mais velho morreu aos 51 anos com cirrose. Ela e seu irm\u00e3o ca\u00e7ula j\u00e1 passaram dos 70 anos.<\/p>\n<p><strong><img loading=\"lazy\" class=\"aligncenter wp-image-209617 size-full\" src=\"https:\/\/franciscanos.org.br\/noticias\/wp-content\/uploads\/2019\/08\/guara_1808_11.jpg\" alt=\"\" width=\"890\" height=\"668\" srcset=\"https:\/\/franciscanos.org.br\/noticias\/wp-content\/uploads\/2019\/08\/guara_1808_11.jpg 890w, https:\/\/franciscanos.org.br\/noticias\/wp-content\/uploads\/2019\/08\/guara_1808_11-450x338.jpg 450w, https:\/\/franciscanos.org.br\/noticias\/wp-content\/uploads\/2019\/08\/guara_1808_11-768x576.jpg 768w, https:\/\/franciscanos.org.br\/noticias\/wp-content\/uploads\/2019\/08\/guara_1808_11-150x113.jpg 150w, https:\/\/franciscanos.org.br\/noticias\/wp-content\/uploads\/2019\/08\/guara_1808_11-600x450.jpg 600w\" sizes=\"(max-width: 890px) 100vw, 890px\" \/>&#8220;\u00daltima bolacha do pacote&#8221;<\/strong><\/p>\n<p><em>Fiinha<\/em> conta que a chamam de &#8220;patrim\u00f4nio&#8221; por causa de Frei Jos\u00e9 Carlos, natural do bairro Pedregulho. &#8220;Eu cheguei uns 20 minutos atrasada para a prociss\u00e3o na Nossa Senhora da Gl\u00f3ria. A\u00ed ele falou assim: &#8216;Enquanto o patrim\u00f4nio n\u00e3o chega, a gente n\u00e3o come\u00e7a a prociss\u00e3o&#8217;. Mas eu n\u00e3o sabia o que ele estava falando. Eu pensei que era gente l\u00e1 do Rodrigues Alves&#8230; A\u00ed eu fiquei quieta, mas ainda assim intrigada, e perguntei: &#8216;Frei, mas que patrim\u00f4nio que o sr. est\u00e1 falando?&#8217;. Ele respondeu: &#8216;Voc\u00ea&#8217;. Eu disse: &#8216;Credo, Frei!&#8217; A\u00ed ficou patrim\u00f4nio! O Frei Walter Hugo pega no meu p\u00e9. Disse que quando eu morrer vai fazer uma est\u00e1tua minha e vai p\u00f4r l\u00e1 no Mausol\u00e9u dos frades&#8221;, conta rindo.<\/p>\n<p>A esse carinho dos frades, ela \u00e9 muito grata. &#8220;Eles gostam muito de mim. Eu n\u00e3o fa\u00e7o nada por merecer. Eles gostam de mim do jeito que eu sou. \u00c0s vezes falante, \u00e0s vezes pertinente, \u00e0s vezes chorona. At\u00e9 os funcion\u00e1rios me tratam muito bem. Ent\u00e3o, eu estou me sentindo a \u00faltima bolacha do pacote. J\u00e1 viu. S\u00f3 tem uma e todos ficam disputando ela. Estou me sentindo assim&#8230;&#8221; (risos).<\/p>\n<p>Sua felicidade \u00e9 ser lembrada por um frade que vai ser ordenado e lhe envia um convite para sua ordena\u00e7\u00e3o. &#8220;J\u00e1 fui umas 8 vezes a Santa Catarina por causa das ordena\u00e7\u00f5es.\u00a0 O Frei Edvaldo (Batista Soares) at\u00e9 agora cobra, porque ele foi ordenado na Bahia. A\u00ed mandou o convite numa \u00e9poca que estava com uma &#8216;crise de cora\u00e7\u00e3o&#8217;. N\u00e3o podia viajar. Ele cobra at\u00e9 agora!&#8221;, lembra.<\/p>\n<p>Para ela, S\u00e3o Francisco de Assis \u00e9 &#8220;um <em>frei\u201d <\/em>que imitou bem a Jesus Cristo. \u201cTanto que ele recebeu as chagas de Cristo. Depois tem uma imagem que Jesus tira o bra\u00e7o da cruz para abra\u00e7ar S\u00e3o Francisco. Ent\u00e3o, eu acho que ele \u00e9 um santo humilde, prestativo. \u00c9 um santo que adora a natureza. Qualquer religi\u00e3o tem uma devo\u00e7\u00e3o por S\u00e3o Francisco. Eu j\u00e1 conversei com muitas religi\u00f5es que falam de S\u00e3o Francisco, como os evang\u00e9licos, os esp\u00edritas&#8221;, revela.<\/p>\n<p><em>Fiinha<\/em> diz que vem \u00e0 Missa de domingo a domingo: &#8220;O Frei brinca que eu tenho &#8216;carteirinha de Missa&#8217;. S\u00f3 na quarta-feira (dia livre no Semin\u00e1rio) que eu vou \u00e0 Missa do meio-dia na Catedral&#8221;, ressalta, mostrando a alian\u00e7a que tem o nome de Jesus gravado. &#8220;Eu n\u00e3o casei mas sou uma pessoa realizada. Eu j\u00e1 namorei. Esse anel, eu ganhei de um namorado dos tr\u00eas que tive. Depois que separamos, ele deixou eu ficar com o anel. Ele disse: &#8216;Voc\u00ea tem o dedinho t\u00e3o pequenino, que n\u00e3o tem mo\u00e7a para este anel&#8217;. Guardei o anel e esqueci dele. Soube que este namorado tinha falecido e ent\u00e3o peguei o anel e perguntei a Frei Jo\u00e3o o que eu faria com ele. Ele me aconselhou a gravar o nome de Jesus e o aben\u00e7oou pra mim. Est\u00e1 fazendo uns 5 meses que eu s\u00f3 tiro o anel para trabalhar&#8221;.<\/p>\n","protected":false},"excerpt":{"rendered":"<p>7\u00aa Festa Caipira do Semin\u00e1rio Frei Galv\u00e3o<\/p>\n","protected":false},"author":3,"featured_media":209668,"comment_status":"open","ping_status":"open","sticky":false,"template":"","format":"standard","meta":[],"categories":[1],"tags":[421],"acf":[],"yoast_head":"<!-- This site is optimized with the Yoast SEO plugin v19.2 - https:\/\/yoast.com\/wordpress\/plugins\/seo\/ -->\n<title>Conhe\u00e7a &quot;Fiinha&quot;, o &quot;patrim\u00f4nio&quot; do Semin\u00e1rio Frei Galv\u00e3o - Not\u00edcias - Franciscanos<\/title>\n<meta name=\"robots\" content=\"index, follow, max-snippet:-1, max-image-preview:large, max-video-preview:-1\" \/>\n<link rel=\"canonical\" href=\"https:\/\/franciscanos.org.br\/noticias\/conheca-fiinha-o-patrimonio-do-seminario-frei-galvao.html\" \/>\n<meta property=\"og:locale\" content=\"pt_BR\" \/>\n<meta property=\"og:type\" content=\"article\" \/>\n<meta property=\"og:title\" content=\"Conhe\u00e7a &quot;Fiinha&quot;, o &quot;patrim\u00f4nio&quot; do Semin\u00e1rio Frei Galv\u00e3o - Not\u00edcias - Franciscanos\" \/>\n<meta property=\"og:description\" content=\"7\u00aa Festa Caipira do Semin\u00e1rio Frei Galv\u00e3o\" \/>\n<meta property=\"og:url\" content=\"https:\/\/franciscanos.org.br\/noticias\/conheca-fiinha-o-patrimonio-do-seminario-frei-galvao.html\" \/>\n<meta property=\"og:site_name\" content=\"Not\u00edcias - Franciscanos\" \/>\n<meta property=\"article:published_time\" content=\"2019-08-18T22:12:11+00:00\" \/>\n<meta property=\"og:image\" content=\"https:\/\/franciscanos.org.br\/noticias\/wp-content\/uploads\/2019\/08\/fiinha_1808.jpg\" \/>\n\t<meta property=\"og:image:width\" content=\"273\" \/>\n\t<meta property=\"og:image:height\" content=\"181\" \/>\n\t<meta property=\"og:image:type\" content=\"image\/jpeg\" \/>\n<meta name=\"author\" content=\"moacir\" \/>\n<meta name=\"twitter:card\" content=\"summary_large_image\" \/>\n<meta name=\"twitter:label1\" content=\"Escrito por\" \/>\n\t<meta name=\"twitter:data1\" content=\"moacir\" \/>\n\t<meta name=\"twitter:label2\" content=\"Est. tempo de leitura\" \/>\n\t<meta name=\"twitter:data2\" content=\"7 minutos\" \/>\n<script type=\"application\/ld+json\" class=\"yoast-schema-graph\">{\"@context\":\"https:\/\/schema.org\",\"@graph\":[{\"@type\":\"WebSite\",\"@id\":\"https:\/\/franciscanos.org.br\/noticias\/#website\",\"url\":\"https:\/\/franciscanos.org.br\/noticias\/\",\"name\":\"Not\u00edcias - Franciscanos\",\"description\":\"Prov\u00edncia Franciscana da Imaculada Concei\u00e7\u00e3o do Brasil - Ordem dos Frades Menores - OFM\",\"potentialAction\":[{\"@type\":\"SearchAction\",\"target\":{\"@type\":\"EntryPoint\",\"urlTemplate\":\"https:\/\/franciscanos.org.br\/noticias\/?s={search_term_string}\"},\"query-input\":\"required name=search_term_string\"}],\"inLanguage\":\"pt-BR\"},{\"@type\":\"ImageObject\",\"inLanguage\":\"pt-BR\",\"@id\":\"https:\/\/franciscanos.org.br\/noticias\/conheca-fiinha-o-patrimonio-do-seminario-frei-galvao.html#primaryimage\",\"url\":\"https:\/\/franciscanos.org.br\/noticias\/wp-content\/uploads\/2019\/08\/fiinha_1808.jpg\",\"contentUrl\":\"https:\/\/franciscanos.org.br\/noticias\/wp-content\/uploads\/2019\/08\/fiinha_1808.jpg\",\"width\":273,\"height\":181},{\"@type\":\"WebPage\",\"@id\":\"https:\/\/franciscanos.org.br\/noticias\/conheca-fiinha-o-patrimonio-do-seminario-frei-galvao.html#webpage\",\"url\":\"https:\/\/franciscanos.org.br\/noticias\/conheca-fiinha-o-patrimonio-do-seminario-frei-galvao.html\",\"name\":\"Conhe\u00e7a \\\"Fiinha\\\", o \\\"patrim\u00f4nio\\\" do Semin\u00e1rio Frei Galv\u00e3o - Not\u00edcias - Franciscanos\",\"isPartOf\":{\"@id\":\"https:\/\/franciscanos.org.br\/noticias\/#website\"},\"primaryImageOfPage\":{\"@id\":\"https:\/\/franciscanos.org.br\/noticias\/conheca-fiinha-o-patrimonio-do-seminario-frei-galvao.html#primaryimage\"},\"datePublished\":\"2019-08-18T22:12:11+00:00\",\"dateModified\":\"2019-08-18T22:12:11+00:00\",\"author\":{\"@id\":\"https:\/\/franciscanos.org.br\/noticias\/#\/schema\/person\/b5c8cba458c330ccff548b056e95a5d4\"},\"breadcrumb\":{\"@id\":\"https:\/\/franciscanos.org.br\/noticias\/conheca-fiinha-o-patrimonio-do-seminario-frei-galvao.html#breadcrumb\"},\"inLanguage\":\"pt-BR\",\"potentialAction\":[{\"@type\":\"ReadAction\",\"target\":[\"https:\/\/franciscanos.org.br\/noticias\/conheca-fiinha-o-patrimonio-do-seminario-frei-galvao.html\"]}]},{\"@type\":\"BreadcrumbList\",\"@id\":\"https:\/\/franciscanos.org.br\/noticias\/conheca-fiinha-o-patrimonio-do-seminario-frei-galvao.html#breadcrumb\",\"itemListElement\":[{\"@type\":\"ListItem\",\"position\":1,\"name\":\"Home\",\"item\":\"https:\/\/franciscanos.org.br\/noticias\"},{\"@type\":\"ListItem\",\"position\":2,\"name\":\"Conhe\u00e7a &#8220;Fiinha&#8221;, o &#8220;patrim\u00f4nio&#8221; do Semin\u00e1rio Frei Galv\u00e3o\"}]},{\"@type\":\"Person\",\"@id\":\"https:\/\/franciscanos.org.br\/noticias\/#\/schema\/person\/b5c8cba458c330ccff548b056e95a5d4\",\"name\":\"moacir\",\"image\":{\"@type\":\"ImageObject\",\"inLanguage\":\"pt-BR\",\"@id\":\"https:\/\/franciscanos.org.br\/noticias\/#\/schema\/person\/image\/\",\"url\":\"https:\/\/secure.gravatar.com\/avatar\/d08aa2ce4c8dd416d4479aa8536fcf64?s=96&d=mm&r=g\",\"contentUrl\":\"https:\/\/secure.gravatar.com\/avatar\/d08aa2ce4c8dd416d4479aa8536fcf64?s=96&d=mm&r=g\",\"caption\":\"moacir\"},\"url\":\"https:\/\/franciscanos.org.br\/noticias\/author\/moacir\"}]}<\/script>\n<!-- \/ Yoast SEO plugin. -->","yoast_head_json":{"title":"Conhe\u00e7a \"Fiinha\", o \"patrim\u00f4nio\" do Semin\u00e1rio Frei Galv\u00e3o - Not\u00edcias - Franciscanos","robots":{"index":"index","follow":"follow","max-snippet":"max-snippet:-1","max-image-preview":"max-image-preview:large","max-video-preview":"max-video-preview:-1"},"canonical":"https:\/\/franciscanos.org.br\/noticias\/conheca-fiinha-o-patrimonio-do-seminario-frei-galvao.html","og_locale":"pt_BR","og_type":"article","og_title":"Conhe\u00e7a \"Fiinha\", o \"patrim\u00f4nio\" do Semin\u00e1rio Frei Galv\u00e3o - Not\u00edcias - Franciscanos","og_description":"7\u00aa Festa Caipira do Semin\u00e1rio Frei Galv\u00e3o","og_url":"https:\/\/franciscanos.org.br\/noticias\/conheca-fiinha-o-patrimonio-do-seminario-frei-galvao.html","og_site_name":"Not\u00edcias - Franciscanos","article_published_time":"2019-08-18T22:12:11+00:00","og_image":[{"width":273,"height":181,"url":"https:\/\/franciscanos.org.br\/noticias\/wp-content\/uploads\/2019\/08\/fiinha_1808.jpg","type":"image\/jpeg"}],"author":"moacir","twitter_card":"summary_large_image","twitter_misc":{"Escrito por":"moacir","Est. tempo de leitura":"7 minutos"},"schema":{"@context":"https:\/\/schema.org","@graph":[{"@type":"WebSite","@id":"https:\/\/franciscanos.org.br\/noticias\/#website","url":"https:\/\/franciscanos.org.br\/noticias\/","name":"Not\u00edcias - Franciscanos","description":"Prov\u00edncia Franciscana da Imaculada Concei\u00e7\u00e3o do Brasil - Ordem dos Frades Menores - OFM","potentialAction":[{"@type":"SearchAction","target":{"@type":"EntryPoint","urlTemplate":"https:\/\/franciscanos.org.br\/noticias\/?s={search_term_string}"},"query-input":"required name=search_term_string"}],"inLanguage":"pt-BR"},{"@type":"ImageObject","inLanguage":"pt-BR","@id":"https:\/\/franciscanos.org.br\/noticias\/conheca-fiinha-o-patrimonio-do-seminario-frei-galvao.html#primaryimage","url":"https:\/\/franciscanos.org.br\/noticias\/wp-content\/uploads\/2019\/08\/fiinha_1808.jpg","contentUrl":"https:\/\/franciscanos.org.br\/noticias\/wp-content\/uploads\/2019\/08\/fiinha_1808.jpg","width":273,"height":181},{"@type":"WebPage","@id":"https:\/\/franciscanos.org.br\/noticias\/conheca-fiinha-o-patrimonio-do-seminario-frei-galvao.html#webpage","url":"https:\/\/franciscanos.org.br\/noticias\/conheca-fiinha-o-patrimonio-do-seminario-frei-galvao.html","name":"Conhe\u00e7a \"Fiinha\", o \"patrim\u00f4nio\" do Semin\u00e1rio Frei Galv\u00e3o - Not\u00edcias - Franciscanos","isPartOf":{"@id":"https:\/\/franciscanos.org.br\/noticias\/#website"},"primaryImageOfPage":{"@id":"https:\/\/franciscanos.org.br\/noticias\/conheca-fiinha-o-patrimonio-do-seminario-frei-galvao.html#primaryimage"},"datePublished":"2019-08-18T22:12:11+00:00","dateModified":"2019-08-18T22:12:11+00:00","author":{"@id":"https:\/\/franciscanos.org.br\/noticias\/#\/schema\/person\/b5c8cba458c330ccff548b056e95a5d4"},"breadcrumb":{"@id":"https:\/\/franciscanos.org.br\/noticias\/conheca-fiinha-o-patrimonio-do-seminario-frei-galvao.html#breadcrumb"},"inLanguage":"pt-BR","potentialAction":[{"@type":"ReadAction","target":["https:\/\/franciscanos.org.br\/noticias\/conheca-fiinha-o-patrimonio-do-seminario-frei-galvao.html"]}]},{"@type":"BreadcrumbList","@id":"https:\/\/franciscanos.org.br\/noticias\/conheca-fiinha-o-patrimonio-do-seminario-frei-galvao.html#breadcrumb","itemListElement":[{"@type":"ListItem","position":1,"name":"Home","item":"https:\/\/franciscanos.org.br\/noticias"},{"@type":"ListItem","position":2,"name":"Conhe\u00e7a &#8220;Fiinha&#8221;, o &#8220;patrim\u00f4nio&#8221; do Semin\u00e1rio Frei Galv\u00e3o"}]},{"@type":"Person","@id":"https:\/\/franciscanos.org.br\/noticias\/#\/schema\/person\/b5c8cba458c330ccff548b056e95a5d4","name":"moacir","image":{"@type":"ImageObject","inLanguage":"pt-BR","@id":"https:\/\/franciscanos.org.br\/noticias\/#\/schema\/person\/image\/","url":"https:\/\/secure.gravatar.com\/avatar\/d08aa2ce4c8dd416d4479aa8536fcf64?s=96&d=mm&r=g","contentUrl":"https:\/\/secure.gravatar.com\/avatar\/d08aa2ce4c8dd416d4479aa8536fcf64?s=96&d=mm&r=g","caption":"moacir"},"url":"https:\/\/franciscanos.org.br\/noticias\/author\/moacir"}]}},"_links":{"self":[{"href":"https:\/\/franciscanos.org.br\/noticias\/wp-json\/wp\/v2\/posts\/209666"}],"collection":[{"href":"https:\/\/franciscanos.org.br\/noticias\/wp-json\/wp\/v2\/posts"}],"about":[{"href":"https:\/\/franciscanos.org.br\/noticias\/wp-json\/wp\/v2\/types\/post"}],"author":[{"embeddable":true,"href":"https:\/\/franciscanos.org.br\/noticias\/wp-json\/wp\/v2\/users\/3"}],"replies":[{"embeddable":true,"href":"https:\/\/franciscanos.org.br\/noticias\/wp-json\/wp\/v2\/comments?post=209666"}],"version-history":[{"count":0,"href":"https:\/\/franciscanos.org.br\/noticias\/wp-json\/wp\/v2\/posts\/209666\/revisions"}],"wp:featuredmedia":[{"embeddable":true,"href":"https:\/\/franciscanos.org.br\/noticias\/wp-json\/wp\/v2\/media\/209668"}],"wp:attachment":[{"href":"https:\/\/franciscanos.org.br\/noticias\/wp-json\/wp\/v2\/media?parent=209666"}],"wp:term":[{"taxonomy":"category","embeddable":true,"href":"https:\/\/franciscanos.org.br\/noticias\/wp-json\/wp\/v2\/categories?post=209666"},{"taxonomy":"post_tag","embeddable":true,"href":"https:\/\/franciscanos.org.br\/noticias\/wp-json\/wp\/v2\/tags?post=209666"}],"curies":[{"name":"wp","href":"https:\/\/api.w.org\/{rel}","templated":true}]}}