{"id":209602,"date":"2019-08-18T11:05:00","date_gmt":"2019-08-18T14:05:00","guid":{"rendered":"https:\/\/franciscanos.org.br\/noticias\/?p=209602"},"modified":"2020-06-05T14:09:16","modified_gmt":"2020-06-05T17:09:16","slug":"angelus-dizer-se-cristao-nao-e-o-mesmo-que-ser-cristao-e-preciso-coerencia","status":"publish","type":"post","link":"https:\/\/franciscanos.org.br\/noticias\/angelus-dizer-se-cristao-nao-e-o-mesmo-que-ser-cristao-e-preciso-coerencia.html","title":{"rendered":"Angelus: &#8220;Dizer-se crist\u00e3o n\u00e3o \u00e9 o mesmo que ser crist\u00e3o, \u00e9 preciso coer\u00eancia&#8221;"},"content":{"rendered":"<p><img loading=\"lazy\" class=\"alignnone wp-image-209604 size-full\" src=\"https:\/\/franciscanos.org.br\/noticias\/wp-content\/uploads\/2019\/08\/angelus_180819.jpg\" alt=\"\" width=\"890\" height=\"500\" srcset=\"https:\/\/franciscanos.org.br\/noticias\/wp-content\/uploads\/2019\/08\/angelus_180819.jpg 890w, https:\/\/franciscanos.org.br\/noticias\/wp-content\/uploads\/2019\/08\/angelus_180819-450x253.jpg 450w, https:\/\/franciscanos.org.br\/noticias\/wp-content\/uploads\/2019\/08\/angelus_180819-768x431.jpg 768w, https:\/\/franciscanos.org.br\/noticias\/wp-content\/uploads\/2019\/08\/angelus_180819-150x84.jpg 150w\" sizes=\"(max-width: 890px) 100vw, 890px\" \/><\/p>\n<p><b>Cidade do Vaticano &#8211; <\/b>Diferentemente do Brasil, onde se celebra a Solenidade da Assun\u00e7\u00e3o de Maria, a liturgia deste domingo na It\u00e1lia prop\u00f5e o cap\u00edtulo 12 de S\u00e3o Lucas, vers\u00edculos 49-53. No Vaticano, a Solenidade da Assun\u00e7\u00e3o foi celebrada em 15 de agosto (<a href=\"https:\/\/franciscanos.org.br\/noticias\/angelus-o-ceu-e-nossa-meta-e-nao-as-pequenezas-da-vida.html\" target=\"_blank\" rel=\"noopener noreferrer\">saiba mais<\/a>). Segundo o Papa Francisco, dizer-se crist\u00e3o \u00e9 bom, mas \u00e9 preciso ser crist\u00e3o com coer\u00eancia. O Pont\u00edfice comentou o trecho de S\u00e3o Lucas, no qual Jesus adverte os disc\u00edpulos de que chegou o momento da decis\u00e3o. \u201cA sua vinda ao mundo, de fato, coincide com o tempo das escolhas decisivas: n\u00e3o se pode adiar a op\u00e7\u00e3o pelo Evangelho\u201d, explicou o Papa Francisco ao se reunir com os fi\u00e9is e peregrinos na Pra\u00e7a S\u00e3o Pedro para a ora\u00e7\u00e3o do Angelus.<\/p>\n<h2>Abandonar a apatia para acolher o fogo do amor<\/h2>\n<p>Para exemplificar melhor esse chamado, Jesus utiliza a imagem do fogo que Ele mesmo veio trazer sobre a terra: &#8220;Vim lan\u00e7ar fogo na terra; e que mais quero, se j\u00e1 est\u00e1 aceso?&#8221;. Essas palavras, prosseguiu Francisco, t\u00eam a finalidade de ajudar os disc\u00edpulos a abandonar toda atitude de pregui\u00e7a, de apatia, de indiferen\u00e7a e de fechamento para acolher o fogo do amor de Deus.<\/p>\n<p>\u201cJesus revela aos seus amigos, e tamb\u00e9m a n\u00f3s, o seu desejo mais ardente: levar sobre a terra o fogo do amor do Pai, que acende a vida e mediante o qual o homem \u00e9 salvo\u201d. O fogo do amor, aceso por Cristo no mundo por meio do Esp\u00edrito Santo, \u00e9 sem limites, universal, disse ainda o Papa.<\/p>\n<h2>&#8220;Inc\u00eandio ben\u00e9fico&#8221;<\/h2>\n<p>Foi o que aconteceu desde os primeiros tempos do Cristianismo: o testemunho do Evangelho se propagou como um \u201cinc\u00eandio ben\u00e9fico, superando toda divis\u00e3o entre indiv\u00edduos, categorias sociais, povos e na\u00e7\u00f5es\u201d. Este testemunho queima toda forma de particularismo e mant\u00e9m a caridade aberta a todos, com uma prefer\u00eancia pelos mais pobres e exclu\u00eddos.<\/p>\n<p>Aderir a este fogo significa duas coisas: adorar a Deus e a disponibilidade a servir o pr\u00f3ximo. A primeira quer dizer &#8220;aprender a ora\u00e7\u00e3o da adora\u00e7\u00e3o, que com frequ\u00eancia esquecemos&#8221;, afirmou o Papa, convidando os fi\u00e9is a descobrirem a beleza desta ora\u00e7\u00e3o. Depois,\u00a0estar dispon\u00edvel a servir o pr\u00f3ximo e Francisco manifestou sua admira\u00e7\u00e3o a quem se dedica aos mais necessitados mesmo durante o per\u00edodo de f\u00e9rias.<\/p>\n<p>\u201cPara viver segundo o esp\u00edrito do Evangelho, \u00e9 preciso que, diante das sempre novas necessidades que aparecem no mundo, haja disc\u00edpulos de Cristo que saibam responder com novas iniciativas de caridade. Assim, o Evangelho se manifesta realmente como fogo que salva, que transforma o mundo a partir da mudan\u00e7a do cora\u00e7\u00e3o de cada um.\u201d<\/p>\n<h2>Escolhas coerentes com o Evangelho<\/h2>\n<p>Assim se compreende outra afirma\u00e7\u00e3o de Jesus contida no trecho de Lucas, que numa primeira leitura pode chocar: &#8220;Cuidais v\u00f3s que vim trazer paz \u00e0 terra? N\u00e3o, vos digo, mas antes dissens\u00e3o&#8221;. Isso significa que Jesus veio para \u201cseparar com o fogo\u201d o bem do mal, o justo do injusto.<\/p>\n<p>\u201cNeste sentido, Jesus veio para \u201cdividir\u201d, para colocar \u201cem crise\u201d \u2013 mas de modo saud\u00e1vel \u2013 a vida dos seus disc\u00edpulos, desfazendo as f\u00e1ceis ilus\u00f5es daqueles que acreditam poder conjugar vida crist\u00e3 e mundanidade, vida crist\u00e3 e acordos de todo g\u00eanero, pr\u00e1ticas religiosas e atitudes contra o pr\u00f3ximo.\u201d O Pont\u00edfice advertiu que recorrer \u00e0 cartomante \u00e9 supersti\u00e7\u00e3o, &#8220;n\u00e3o \u00e9 de Deus&#8221;.<\/p>\n<p>A ades\u00e3o a este fogo requer deixar a hipocrisia de lado e estar dispostos a pagar o pre\u00e7o por escolhas coerentes com o Evangelho. &#8220;Esta \u00e9 a atitude que cada um deve buscar na vida: coer\u00eancia&#8221;, e pagar o pre\u00e7o por ela. &#8220;\u00c9 bom <i>dizer-se<\/i>\u00a0crist\u00e3os, mas \u00e9 preciso antes de tudo\u00a0<i>ser\u00a0<\/i>crist\u00e3os nas situa\u00e7\u00f5es concretas, testemunhando o Evangelho, que \u00e9, essencialmente, amor por Deus e pelos irm\u00e3os\u201d.<\/p>\n<p>Francisco concluiu pedindo a Maria que \u201cnos ajude a deixar-nos purificar o cora\u00e7\u00e3o pelo fogo trazido por Jesus, para propag\u00e1-lo com a nossa vida, mediante escolhas firmes e corajosas\u201d.<\/p>\n<hr \/>\n<p><em>Fonte: Vatican News<\/em><\/p>\n","protected":false},"excerpt":{"rendered":"<p>Ora\u00e7\u00e3o do Angelus do Papa Francisco<\/p>\n","protected":false},"author":5,"featured_media":209605,"comment_status":"open","ping_status":"open","sticky":false,"template":"","format":"standard","meta":[],"categories":[1428],"tags":[403,55],"acf":[],"yoast_head":"<!-- This site is optimized with the Yoast SEO plugin v19.2 - https:\/\/yoast.com\/wordpress\/plugins\/seo\/ -->\n<title>Angelus: &quot;Dizer-se crist\u00e3o n\u00e3o \u00e9 o mesmo que ser crist\u00e3o, \u00e9 preciso coer\u00eancia&quot; - Not\u00edcias - Franciscanos<\/title>\n<meta name=\"robots\" content=\"index, follow, max-snippet:-1, max-image-preview:large, max-video-preview:-1\" \/>\n<link rel=\"canonical\" href=\"https:\/\/franciscanos.org.br\/noticias\/angelus-dizer-se-cristao-nao-e-o-mesmo-que-ser-cristao-e-preciso-coerencia.html\" \/>\n<meta property=\"og:locale\" content=\"pt_BR\" \/>\n<meta property=\"og:type\" content=\"article\" \/>\n<meta property=\"og:title\" content=\"Angelus: &quot;Dizer-se crist\u00e3o n\u00e3o \u00e9 o mesmo que ser crist\u00e3o, \u00e9 preciso coer\u00eancia&quot; - Not\u00edcias - Franciscanos\" \/>\n<meta property=\"og:description\" content=\"Ora\u00e7\u00e3o do Angelus do Papa Francisco\" \/>\n<meta property=\"og:url\" content=\"https:\/\/franciscanos.org.br\/noticias\/angelus-dizer-se-cristao-nao-e-o-mesmo-que-ser-cristao-e-preciso-coerencia.html\" \/>\n<meta property=\"og:site_name\" content=\"Not\u00edcias - Franciscanos\" \/>\n<meta property=\"article:published_time\" content=\"2019-08-18T14:05:00+00:00\" \/>\n<meta property=\"article:modified_time\" content=\"2020-06-05T17:09:16+00:00\" \/>\n<meta property=\"og:image\" content=\"https:\/\/franciscanos.org.br\/noticias\/wp-content\/uploads\/2019\/08\/angelus_180819_1.jpg\" \/>\n\t<meta property=\"og:image:width\" content=\"273\" \/>\n\t<meta property=\"og:image:height\" content=\"181\" \/>\n\t<meta property=\"og:image:type\" content=\"image\/jpeg\" \/>\n<meta name=\"author\" content=\"freiaugusto\" \/>\n<meta name=\"twitter:card\" content=\"summary_large_image\" \/>\n<meta name=\"twitter:label1\" content=\"Escrito por\" \/>\n\t<meta name=\"twitter:data1\" content=\"freiaugusto\" \/>\n\t<meta name=\"twitter:label2\" content=\"Est. tempo de leitura\" \/>\n\t<meta name=\"twitter:data2\" content=\"4 minutos\" \/>\n<script type=\"application\/ld+json\" class=\"yoast-schema-graph\">{\"@context\":\"https:\/\/schema.org\",\"@graph\":[{\"@type\":\"WebSite\",\"@id\":\"https:\/\/franciscanos.org.br\/noticias\/#website\",\"url\":\"https:\/\/franciscanos.org.br\/noticias\/\",\"name\":\"Not\u00edcias - Franciscanos\",\"description\":\"Prov\u00edncia Franciscana da Imaculada Concei\u00e7\u00e3o do Brasil - Ordem dos Frades Menores - OFM\",\"potentialAction\":[{\"@type\":\"SearchAction\",\"target\":{\"@type\":\"EntryPoint\",\"urlTemplate\":\"https:\/\/franciscanos.org.br\/noticias\/?s={search_term_string}\"},\"query-input\":\"required name=search_term_string\"}],\"inLanguage\":\"pt-BR\"},{\"@type\":\"ImageObject\",\"inLanguage\":\"pt-BR\",\"@id\":\"https:\/\/franciscanos.org.br\/noticias\/angelus-dizer-se-cristao-nao-e-o-mesmo-que-ser-cristao-e-preciso-coerencia.html#primaryimage\",\"url\":\"https:\/\/franciscanos.org.br\/noticias\/wp-content\/uploads\/2019\/08\/angelus_180819_1.jpg\",\"contentUrl\":\"https:\/\/franciscanos.org.br\/noticias\/wp-content\/uploads\/2019\/08\/angelus_180819_1.jpg\",\"width\":273,\"height\":181},{\"@type\":\"WebPage\",\"@id\":\"https:\/\/franciscanos.org.br\/noticias\/angelus-dizer-se-cristao-nao-e-o-mesmo-que-ser-cristao-e-preciso-coerencia.html#webpage\",\"url\":\"https:\/\/franciscanos.org.br\/noticias\/angelus-dizer-se-cristao-nao-e-o-mesmo-que-ser-cristao-e-preciso-coerencia.html\",\"name\":\"Angelus: \\\"Dizer-se crist\u00e3o n\u00e3o \u00e9 o mesmo que ser crist\u00e3o, \u00e9 preciso coer\u00eancia\\\" - Not\u00edcias - Franciscanos\",\"isPartOf\":{\"@id\":\"https:\/\/franciscanos.org.br\/noticias\/#website\"},\"primaryImageOfPage\":{\"@id\":\"https:\/\/franciscanos.org.br\/noticias\/angelus-dizer-se-cristao-nao-e-o-mesmo-que-ser-cristao-e-preciso-coerencia.html#primaryimage\"},\"datePublished\":\"2019-08-18T14:05:00+00:00\",\"dateModified\":\"2020-06-05T17:09:16+00:00\",\"author\":{\"@id\":\"https:\/\/franciscanos.org.br\/noticias\/#\/schema\/person\/37f88f0d111cd5358b12a6556a99eb91\"},\"breadcrumb\":{\"@id\":\"https:\/\/franciscanos.org.br\/noticias\/angelus-dizer-se-cristao-nao-e-o-mesmo-que-ser-cristao-e-preciso-coerencia.html#breadcrumb\"},\"inLanguage\":\"pt-BR\",\"potentialAction\":[{\"@type\":\"ReadAction\",\"target\":[\"https:\/\/franciscanos.org.br\/noticias\/angelus-dizer-se-cristao-nao-e-o-mesmo-que-ser-cristao-e-preciso-coerencia.html\"]}]},{\"@type\":\"BreadcrumbList\",\"@id\":\"https:\/\/franciscanos.org.br\/noticias\/angelus-dizer-se-cristao-nao-e-o-mesmo-que-ser-cristao-e-preciso-coerencia.html#breadcrumb\",\"itemListElement\":[{\"@type\":\"ListItem\",\"position\":1,\"name\":\"Home\",\"item\":\"https:\/\/franciscanos.org.br\/noticias\"},{\"@type\":\"ListItem\",\"position\":2,\"name\":\"Angelus: &#8220;Dizer-se crist\u00e3o n\u00e3o \u00e9 o mesmo que ser crist\u00e3o, \u00e9 preciso coer\u00eancia&#8221;\"}]},{\"@type\":\"Person\",\"@id\":\"https:\/\/franciscanos.org.br\/noticias\/#\/schema\/person\/37f88f0d111cd5358b12a6556a99eb91\",\"name\":\"freiaugusto\",\"image\":{\"@type\":\"ImageObject\",\"inLanguage\":\"pt-BR\",\"@id\":\"https:\/\/franciscanos.org.br\/noticias\/#\/schema\/person\/image\/\",\"url\":\"https:\/\/secure.gravatar.com\/avatar\/9840b940e621801b24f3e6b059efb4b7?s=96&d=mm&r=g\",\"contentUrl\":\"https:\/\/secure.gravatar.com\/avatar\/9840b940e621801b24f3e6b059efb4b7?s=96&d=mm&r=g\",\"caption\":\"freiaugusto\"},\"url\":\"https:\/\/franciscanos.org.br\/noticias\/author\/freiaugusto\"}]}<\/script>\n<!-- \/ Yoast SEO plugin. -->","yoast_head_json":{"title":"Angelus: \"Dizer-se crist\u00e3o n\u00e3o \u00e9 o mesmo que ser crist\u00e3o, \u00e9 preciso coer\u00eancia\" - Not\u00edcias - Franciscanos","robots":{"index":"index","follow":"follow","max-snippet":"max-snippet:-1","max-image-preview":"max-image-preview:large","max-video-preview":"max-video-preview:-1"},"canonical":"https:\/\/franciscanos.org.br\/noticias\/angelus-dizer-se-cristao-nao-e-o-mesmo-que-ser-cristao-e-preciso-coerencia.html","og_locale":"pt_BR","og_type":"article","og_title":"Angelus: \"Dizer-se crist\u00e3o n\u00e3o \u00e9 o mesmo que ser crist\u00e3o, \u00e9 preciso coer\u00eancia\" - Not\u00edcias - Franciscanos","og_description":"Ora\u00e7\u00e3o do Angelus do Papa Francisco","og_url":"https:\/\/franciscanos.org.br\/noticias\/angelus-dizer-se-cristao-nao-e-o-mesmo-que-ser-cristao-e-preciso-coerencia.html","og_site_name":"Not\u00edcias - Franciscanos","article_published_time":"2019-08-18T14:05:00+00:00","article_modified_time":"2020-06-05T17:09:16+00:00","og_image":[{"width":273,"height":181,"url":"https:\/\/franciscanos.org.br\/noticias\/wp-content\/uploads\/2019\/08\/angelus_180819_1.jpg","type":"image\/jpeg"}],"author":"freiaugusto","twitter_card":"summary_large_image","twitter_misc":{"Escrito por":"freiaugusto","Est. tempo de leitura":"4 minutos"},"schema":{"@context":"https:\/\/schema.org","@graph":[{"@type":"WebSite","@id":"https:\/\/franciscanos.org.br\/noticias\/#website","url":"https:\/\/franciscanos.org.br\/noticias\/","name":"Not\u00edcias - Franciscanos","description":"Prov\u00edncia Franciscana da Imaculada Concei\u00e7\u00e3o do Brasil - Ordem dos Frades Menores - OFM","potentialAction":[{"@type":"SearchAction","target":{"@type":"EntryPoint","urlTemplate":"https:\/\/franciscanos.org.br\/noticias\/?s={search_term_string}"},"query-input":"required name=search_term_string"}],"inLanguage":"pt-BR"},{"@type":"ImageObject","inLanguage":"pt-BR","@id":"https:\/\/franciscanos.org.br\/noticias\/angelus-dizer-se-cristao-nao-e-o-mesmo-que-ser-cristao-e-preciso-coerencia.html#primaryimage","url":"https:\/\/franciscanos.org.br\/noticias\/wp-content\/uploads\/2019\/08\/angelus_180819_1.jpg","contentUrl":"https:\/\/franciscanos.org.br\/noticias\/wp-content\/uploads\/2019\/08\/angelus_180819_1.jpg","width":273,"height":181},{"@type":"WebPage","@id":"https:\/\/franciscanos.org.br\/noticias\/angelus-dizer-se-cristao-nao-e-o-mesmo-que-ser-cristao-e-preciso-coerencia.html#webpage","url":"https:\/\/franciscanos.org.br\/noticias\/angelus-dizer-se-cristao-nao-e-o-mesmo-que-ser-cristao-e-preciso-coerencia.html","name":"Angelus: \"Dizer-se crist\u00e3o n\u00e3o \u00e9 o mesmo que ser crist\u00e3o, \u00e9 preciso coer\u00eancia\" - Not\u00edcias - Franciscanos","isPartOf":{"@id":"https:\/\/franciscanos.org.br\/noticias\/#website"},"primaryImageOfPage":{"@id":"https:\/\/franciscanos.org.br\/noticias\/angelus-dizer-se-cristao-nao-e-o-mesmo-que-ser-cristao-e-preciso-coerencia.html#primaryimage"},"datePublished":"2019-08-18T14:05:00+00:00","dateModified":"2020-06-05T17:09:16+00:00","author":{"@id":"https:\/\/franciscanos.org.br\/noticias\/#\/schema\/person\/37f88f0d111cd5358b12a6556a99eb91"},"breadcrumb":{"@id":"https:\/\/franciscanos.org.br\/noticias\/angelus-dizer-se-cristao-nao-e-o-mesmo-que-ser-cristao-e-preciso-coerencia.html#breadcrumb"},"inLanguage":"pt-BR","potentialAction":[{"@type":"ReadAction","target":["https:\/\/franciscanos.org.br\/noticias\/angelus-dizer-se-cristao-nao-e-o-mesmo-que-ser-cristao-e-preciso-coerencia.html"]}]},{"@type":"BreadcrumbList","@id":"https:\/\/franciscanos.org.br\/noticias\/angelus-dizer-se-cristao-nao-e-o-mesmo-que-ser-cristao-e-preciso-coerencia.html#breadcrumb","itemListElement":[{"@type":"ListItem","position":1,"name":"Home","item":"https:\/\/franciscanos.org.br\/noticias"},{"@type":"ListItem","position":2,"name":"Angelus: &#8220;Dizer-se crist\u00e3o n\u00e3o \u00e9 o mesmo que ser crist\u00e3o, \u00e9 preciso coer\u00eancia&#8221;"}]},{"@type":"Person","@id":"https:\/\/franciscanos.org.br\/noticias\/#\/schema\/person\/37f88f0d111cd5358b12a6556a99eb91","name":"freiaugusto","image":{"@type":"ImageObject","inLanguage":"pt-BR","@id":"https:\/\/franciscanos.org.br\/noticias\/#\/schema\/person\/image\/","url":"https:\/\/secure.gravatar.com\/avatar\/9840b940e621801b24f3e6b059efb4b7?s=96&d=mm&r=g","contentUrl":"https:\/\/secure.gravatar.com\/avatar\/9840b940e621801b24f3e6b059efb4b7?s=96&d=mm&r=g","caption":"freiaugusto"},"url":"https:\/\/franciscanos.org.br\/noticias\/author\/freiaugusto"}]}},"_links":{"self":[{"href":"https:\/\/franciscanos.org.br\/noticias\/wp-json\/wp\/v2\/posts\/209602"}],"collection":[{"href":"https:\/\/franciscanos.org.br\/noticias\/wp-json\/wp\/v2\/posts"}],"about":[{"href":"https:\/\/franciscanos.org.br\/noticias\/wp-json\/wp\/v2\/types\/post"}],"author":[{"embeddable":true,"href":"https:\/\/franciscanos.org.br\/noticias\/wp-json\/wp\/v2\/users\/5"}],"replies":[{"embeddable":true,"href":"https:\/\/franciscanos.org.br\/noticias\/wp-json\/wp\/v2\/comments?post=209602"}],"version-history":[{"count":1,"href":"https:\/\/franciscanos.org.br\/noticias\/wp-json\/wp\/v2\/posts\/209602\/revisions"}],"predecessor-version":[{"id":224277,"href":"https:\/\/franciscanos.org.br\/noticias\/wp-json\/wp\/v2\/posts\/209602\/revisions\/224277"}],"wp:featuredmedia":[{"embeddable":true,"href":"https:\/\/franciscanos.org.br\/noticias\/wp-json\/wp\/v2\/media\/209605"}],"wp:attachment":[{"href":"https:\/\/franciscanos.org.br\/noticias\/wp-json\/wp\/v2\/media?parent=209602"}],"wp:term":[{"taxonomy":"category","embeddable":true,"href":"https:\/\/franciscanos.org.br\/noticias\/wp-json\/wp\/v2\/categories?post=209602"},{"taxonomy":"post_tag","embeddable":true,"href":"https:\/\/franciscanos.org.br\/noticias\/wp-json\/wp\/v2\/tags?post=209602"}],"curies":[{"name":"wp","href":"https:\/\/api.w.org\/{rel}","templated":true}]}}