{"id":209570,"date":"2019-08-17T22:04:57","date_gmt":"2019-08-18T01:04:57","guid":{"rendered":"https:\/\/franciscanos.org.br\/noticias\/?p=209570"},"modified":"2019-08-17T22:16:55","modified_gmt":"2019-08-18T01:16:55","slug":"a-mistica-de-viver-em-comunidade-como-anuncio-do-evangelho","status":"publish","type":"post","link":"https:\/\/franciscanos.org.br\/noticias\/a-mistica-de-viver-em-comunidade-como-anuncio-do-evangelho.html","title":{"rendered":"\u201cA m\u00edstica de viver em comunidade como an\u00fancio do Evangelho\u201d"},"content":{"rendered":"<p><img loading=\"lazy\" class=\"alignnone wp-image-209571 size-full\" src=\"https:\/\/franciscanos.org.br\/noticias\/wp-content\/uploads\/2019\/08\/crb_170819.jpg\" alt=\"\" width=\"890\" height=\"550\" srcset=\"https:\/\/franciscanos.org.br\/noticias\/wp-content\/uploads\/2019\/08\/crb_170819.jpg 890w, https:\/\/franciscanos.org.br\/noticias\/wp-content\/uploads\/2019\/08\/crb_170819-450x278.jpg 450w, https:\/\/franciscanos.org.br\/noticias\/wp-content\/uploads\/2019\/08\/crb_170819-768x475.jpg 768w, https:\/\/franciscanos.org.br\/noticias\/wp-content\/uploads\/2019\/08\/crb_170819-150x93.jpg 150w\" sizes=\"(max-width: 890px) 100vw, 890px\" \/><\/p>\n<p><strong>Frei Augusto Luiz Gabriel, OFM e Frei Pedro Renato Pereira da Silva, OFM<\/strong><\/p>\n<p><strong>Petr\u00f3polis (RJ) \u2013<\/strong> Neste s\u00e1bado (17\/08), realizou-se na Escola Dom\u00e9stica Nossa Senhora do Amparo em Petr\u00f3polis (RJ), o III Congresso da Vida Religiosa dos n\u00facleos da Confer\u00eancia dos Religiosos do Brasil (CRB) de Teres\u00f3polis e Petr\u00f3polis (RJ). \u201cA m\u00edstica de viver em comunidade como an\u00fancio do Evangelho\u201d, foi o tema que serviu como base para as reflex\u00f5es. Religiosos e religiosas de v\u00e1rias Ordens e Congrega\u00e7\u00f5es marcaram presen\u00e7a no evento, al\u00e9m do Bispo da Diocese de Petr\u00f3polis, Dom Greg\u00f3rio Paix\u00e3o, OSB.<\/p>\n<p>Na parte da manh\u00e3, Frei Fernando de Ara\u00fajo Lima, OFM, da Fraternidade do Sagrado Cora\u00e7\u00e3o de Jesus foi o palestrante e abordou o tema dos relacionamentos interpessoais caracterizados pelo afeto nas conviv\u00eancias familiares e em fraternidades religiosas.<\/p>\n<p>Come\u00e7ou apresentando o dinamismo da comunica\u00e7\u00e3o humana. Esta \u00e9 de suma import\u00e2ncia para o entendimento das pessoas que se relacionam, em qualquer ambiente e situa\u00e7\u00e3o. \u201cA comunica\u00e7\u00e3o deve ser de boa qualidade, simples e clara, para favorecer o entendimento e o atendimento entre os que convivem, isto \u00e9, entender para atender. A comunica\u00e7\u00e3o se realiza por informa\u00e7\u00f5es de palavras, de entona\u00e7\u00e3o da voz e de gestos, por isso \u00e9 imposs\u00edvel n\u00e3o comunicar. Se n\u00e3o comunicamos de um jeito, comunicamos de outro, mas sempre comunicamos\u201d, sublinhou o frade.<\/p>\n<p><img loading=\"lazy\" class=\"alignnone wp-image-209574 size-full\" src=\"https:\/\/franciscanos.org.br\/noticias\/wp-content\/uploads\/2019\/08\/crb_170819_3.jpeg\" alt=\"\" width=\"890\" height=\"500\" srcset=\"https:\/\/franciscanos.org.br\/noticias\/wp-content\/uploads\/2019\/08\/crb_170819_3.jpeg 890w, https:\/\/franciscanos.org.br\/noticias\/wp-content\/uploads\/2019\/08\/crb_170819_3-450x253.jpeg 450w, https:\/\/franciscanos.org.br\/noticias\/wp-content\/uploads\/2019\/08\/crb_170819_3-768x431.jpeg 768w, https:\/\/franciscanos.org.br\/noticias\/wp-content\/uploads\/2019\/08\/crb_170819_3-150x84.jpeg 150w\" sizes=\"(max-width: 890px) 100vw, 890px\" \/><\/p>\n<p>Neste sentido, o palestrante tamb\u00e9m explanou sobre elementos b\u00e1sicos em toda comunica\u00e7\u00e3o. Segundo ele, toda mensagem emitida carrega consigo uma ordem de comportamento para o receptor, tendo assim, um relato e uma ordem em toda unidade de comunica\u00e7\u00e3o.<\/p>\n<p>\u201cQuando os relacionamentos s\u00e3o saud\u00e1veis, o que prevalece \u00e9 o conte\u00fado do relato e este \u00e9 facilmente compreendido pelo ouvinte, por outro lado, quando os afetos dos que se comunicam s\u00e3o hostis, o que prevalece \u00e9 o desejo de n\u00e3o entender nem atender a outra pessoa, resultando assim em desencontros, interpreta\u00e7\u00f5es distorcidas, que justificam a manuten\u00e7\u00e3o da dist\u00e2ncia e da hostilidade\u201d, explicou afirmando que as palavras e os gestos fraternos devem ser sempre em fun\u00e7\u00e3o de um entendimento e da unidade, \u201cpara melhorar as situa\u00e7\u00f5es as quais vivenciamos\u201d, afirmou.<\/p>\n<p><strong>A VIRGEM \u00c9 ELEVADA AO C\u00c9U<\/strong><\/p>\n<p>J\u00e1 no per\u00edodo da tarde, a programa\u00e7\u00e3o do encontro foi alterada devido o falecimento de umas das consagradas do n\u00facleo de Petr\u00f3polis, irm\u00e3 Eleonore Fabessogles Dabires, do Instituto Nossa Senhora de Lourdes, falecida com 44 anos. Todo o grupo de religiosos e religiosos participou da Missa de corpo presente celebrada \u00e0s 15 horas, na inten\u00e7\u00e3o da religiosa. Irm\u00e3 Eleonore, \u00e9 natural de Burkina Faso, na \u00c1frica e viveu sua voca\u00e7\u00e3o sendo mission\u00e1ria em v\u00e1rios pa\u00edses. Neste final de semana em que a Igreja celebra a Solenidade da Assun\u00e7\u00e3o de Maria e reza pelas voca\u00e7\u00f5es Religiosas Consagradas, a mission\u00e1ria uniu sua P\u00e1scoa a P\u00e1scoa da Virgem Maria.<\/p>\n<p><img loading=\"lazy\" class=\"alignnone wp-image-209572 size-full\" src=\"https:\/\/franciscanos.org.br\/noticias\/wp-content\/uploads\/2019\/08\/crb_170819_1.jpg\" alt=\"\" width=\"890\" height=\"500\" srcset=\"https:\/\/franciscanos.org.br\/noticias\/wp-content\/uploads\/2019\/08\/crb_170819_1.jpg 890w, https:\/\/franciscanos.org.br\/noticias\/wp-content\/uploads\/2019\/08\/crb_170819_1-450x253.jpg 450w, https:\/\/franciscanos.org.br\/noticias\/wp-content\/uploads\/2019\/08\/crb_170819_1-768x431.jpg 768w, https:\/\/franciscanos.org.br\/noticias\/wp-content\/uploads\/2019\/08\/crb_170819_1-150x84.jpg 150w\" sizes=\"(max-width: 890px) 100vw, 890px\" \/><\/p>\n<p>A Celebra\u00e7\u00e3o Eucar\u00edstica foi presidida por Dom Greg\u00f3rio e foi concelebrada por Frei Jorge Paulo Schiavini, OFM, P\u00e1roco da Igreja do Sagrado, Frei Willian Gomes Mendon\u00e7a, OFMconv, Coordenador da CRB n\u00facleo de Petr\u00f3polis, Frei Luis Henrique Nascimento Lima, OFMconv, mestre dos postulantes e Frei Edcarlos Hoffman, OFMcap, mestre dos novi\u00e7os, contando com a participa\u00e7\u00e3o de diversas congrega\u00e7\u00f5es, institutos religiosos, fi\u00e9is e de sua tia Brandina Dabires, que veio de Paris, Fran\u00e7a.<\/p>\n<p>Na homilia, Dom Greg\u00f3rio explicou que Maria foi uma auxiliar no projeto de Deus. \u201cNa Solenidade da Assun\u00e7\u00e3o, vemos que quem viveu toda para Deus, hoje \u00e9 toda de Deus, por uma gra\u00e7a mais do que especial que supera qualquer entendimento teol\u00f3gico ou da raz\u00e3o humana: a virgem \u00e9 elevada ao c\u00e9u\u201d, enfatizou o bispo, fazendo um paralelo com a figura da mulher no relato da cria\u00e7\u00e3o.<\/p>\n<p>Lembrando a vida de Irm\u00e3 Eleonore, Dom Greg\u00f3rio ressaltou que \u201caqueles que serviram o Senhor, a exemplo da Virgem, fazem tamb\u00e9m esta experi\u00eancia de elevar-se diante daquele que \u00e9 o Alt\u00edssimo, a gra\u00e7a abundante, a vida que n\u00e3o passa jamais, e a alegria que n\u00f3s desejamos e que ser\u00e1 eterna. \u00c9 esta gra\u00e7a que estamos vivendo aqui\u201d, explicou.<\/p>\n<p>\u201cIrm\u00e3 Eleonore vivia do outro lado do oceano, talvez nunca imaginasse que moraria no Brasil, e assim essa africana, representando todo o povo africano, a quem n\u00f3s agradecemos, veio at\u00e9 aqui para nos trazer das riquezas a maior, que \u00e9 Jesus Cristo, atrav\u00e9s da sua pr\u00f3pria presen\u00e7a\u201d, destacou.<\/p>\n<p><img loading=\"lazy\" class=\"alignnone wp-image-209575 size-full\" src=\"https:\/\/franciscanos.org.br\/noticias\/wp-content\/uploads\/2019\/08\/crb_170819_4.jpg\" alt=\"\" width=\"890\" height=\"500\" srcset=\"https:\/\/franciscanos.org.br\/noticias\/wp-content\/uploads\/2019\/08\/crb_170819_4.jpg 890w, https:\/\/franciscanos.org.br\/noticias\/wp-content\/uploads\/2019\/08\/crb_170819_4-450x253.jpg 450w, https:\/\/franciscanos.org.br\/noticias\/wp-content\/uploads\/2019\/08\/crb_170819_4-768x431.jpg 768w, https:\/\/franciscanos.org.br\/noticias\/wp-content\/uploads\/2019\/08\/crb_170819_4-150x84.jpg 150w\" sizes=\"(max-width: 890px) 100vw, 890px\" \/><\/p>\n<p>O Bispo rogou a Deus que na Solenidade da Assun\u00e7\u00e3o da Virgem Maria \u201co nosso cora\u00e7\u00e3o se eleve ao c\u00e9u agradecendo a Deus por t\u00e3o grande mulher, que resgatou para n\u00f3s a humanidade enquanto nos deu, a pedido do Pai, Aquele que \u00e9 Deus e que \u00e9 homem\u201d.<\/p>\n<p>E finalizou: \u201cAgrade\u00e7amos ao Senhor pela Vida Consagrada, que celebramos neste dia, e o testemunho dessa irm\u00e3 que sofreu todas as dores para viver todas as alegrias do Reino do C\u00e9u. Ela largou tudo, at\u00e9 o pr\u00f3prio pa\u00eds, para viver a riqueza definitiva e a contempla\u00e7\u00e3o do Reino de Deus. Vale a pena perseverar, pois quem perseverar at\u00e9 o fim, ter\u00e1 a vida eterna\u201d, desejou Dom Greg\u00f3rio.<\/p>\n<p>No final da Celebra\u00e7\u00e3o, o bispo convidou todos os presentes, principalmente os religiosos, a caminharem em prociss\u00e3o at\u00e9 o Cemit\u00e9rio Municipal da cidade, em sinal de solidariedade e fraternidade \u00e0s Irm\u00e3s de Lurdes, demonstrando que a Vida Religiosa Consagrada caminha em comunh\u00e3o e unidade at\u00e9 o Reino do C\u00e9us.<\/p>\n<p style=\"text-align: center;\"><strong>VEJA MAIS IMAGENS<\/strong><\/p>\n\n\t\t<style type=\"text\/css\">\n\t\t\t#gallery-1 {\n\t\t\t\tmargin: auto;\n\t\t\t}\n\t\t\t#gallery-1 .gallery-item {\n\t\t\t\tfloat: left;\n\t\t\t\tmargin-top: 10px;\n\t\t\t\ttext-align: center;\n\t\t\t\twidth: 25%;\n\t\t\t}\n\t\t\t#gallery-1 img {\n\t\t\t\tborder: 2px solid #cfcfcf;\n\t\t\t}\n\t\t\t#gallery-1 .gallery-caption {\n\t\t\t\tmargin-left: 0;\n\t\t\t}\n\t\t\t\/* see gallery_shortcode() in wp-includes\/media.php *\/\n\t\t<\/style>\n\t\t<div id='gallery-1' class='gallery galleryid-209570 gallery-columns-4 gallery-size-thumbnail'><dl class='gallery-item'>\n\t\t\t<dt class='gallery-icon portrait'>\n\t\t\t\t<a href='https:\/\/franciscanos.org.br\/noticias\/wp-content\/uploads\/2019\/08\/crb_170819-2.jpeg'><img width=\"300\" height=\"300\" src=\"https:\/\/franciscanos.org.br\/noticias\/wp-content\/uploads\/2019\/08\/crb_170819-2-300x300.jpeg\" class=\"attachment-thumbnail size-thumbnail\" alt=\"\" loading=\"lazy\" srcset=\"https:\/\/franciscanos.org.br\/noticias\/wp-content\/uploads\/2019\/08\/crb_170819-2-300x300.jpeg 300w, https:\/\/franciscanos.org.br\/noticias\/wp-content\/uploads\/2019\/08\/crb_170819-2-100x100.jpeg 100w, https:\/\/franciscanos.org.br\/noticias\/wp-content\/uploads\/2019\/08\/crb_170819-2-400x400.jpeg 400w\" sizes=\"(max-width: 300px) 100vw, 300px\" \/><\/a>\n\t\t\t<\/dt><\/dl><dl class='gallery-item'>\n\t\t\t<dt class='gallery-icon landscape'>\n\t\t\t\t<a href='https:\/\/franciscanos.org.br\/noticias\/wp-content\/uploads\/2019\/08\/crb_170819-3.jpeg'><img width=\"300\" height=\"300\" src=\"https:\/\/franciscanos.org.br\/noticias\/wp-content\/uploads\/2019\/08\/crb_170819-3-300x300.jpeg\" class=\"attachment-thumbnail size-thumbnail\" alt=\"\" loading=\"lazy\" srcset=\"https:\/\/franciscanos.org.br\/noticias\/wp-content\/uploads\/2019\/08\/crb_170819-3-300x300.jpeg 300w, https:\/\/franciscanos.org.br\/noticias\/wp-content\/uploads\/2019\/08\/crb_170819-3-100x100.jpeg 100w, https:\/\/franciscanos.org.br\/noticias\/wp-content\/uploads\/2019\/08\/crb_170819-3-400x400.jpeg 400w\" sizes=\"(max-width: 300px) 100vw, 300px\" \/><\/a>\n\t\t\t<\/dt><\/dl><dl class='gallery-item'>\n\t\t\t<dt class='gallery-icon landscape'>\n\t\t\t\t<a href='https:\/\/franciscanos.org.br\/noticias\/wp-content\/uploads\/2019\/08\/crb_170819-4.jpeg'><img width=\"300\" height=\"300\" src=\"https:\/\/franciscanos.org.br\/noticias\/wp-content\/uploads\/2019\/08\/crb_170819-4-300x300.jpeg\" class=\"attachment-thumbnail size-thumbnail\" alt=\"\" loading=\"lazy\" srcset=\"https:\/\/franciscanos.org.br\/noticias\/wp-content\/uploads\/2019\/08\/crb_170819-4-300x300.jpeg 300w, https:\/\/franciscanos.org.br\/noticias\/wp-content\/uploads\/2019\/08\/crb_170819-4-100x100.jpeg 100w, https:\/\/franciscanos.org.br\/noticias\/wp-content\/uploads\/2019\/08\/crb_170819-4-400x400.jpeg 400w\" sizes=\"(max-width: 300px) 100vw, 300px\" \/><\/a>\n\t\t\t<\/dt><\/dl><dl class='gallery-item'>\n\t\t\t<dt class='gallery-icon landscape'>\n\t\t\t\t<a href='https:\/\/franciscanos.org.br\/noticias\/wp-content\/uploads\/2019\/08\/crb_170819-5.jpeg'><img width=\"300\" height=\"300\" src=\"https:\/\/franciscanos.org.br\/noticias\/wp-content\/uploads\/2019\/08\/crb_170819-5-300x300.jpeg\" class=\"attachment-thumbnail size-thumbnail\" alt=\"\" loading=\"lazy\" srcset=\"https:\/\/franciscanos.org.br\/noticias\/wp-content\/uploads\/2019\/08\/crb_170819-5-300x300.jpeg 300w, https:\/\/franciscanos.org.br\/noticias\/wp-content\/uploads\/2019\/08\/crb_170819-5-100x100.jpeg 100w, https:\/\/franciscanos.org.br\/noticias\/wp-content\/uploads\/2019\/08\/crb_170819-5-400x400.jpeg 400w\" sizes=\"(max-width: 300px) 100vw, 300px\" \/><\/a>\n\t\t\t<\/dt><\/dl><br style=\"clear: both\" \/><dl class='gallery-item'>\n\t\t\t<dt class='gallery-icon landscape'>\n\t\t\t\t<a href='https:\/\/franciscanos.org.br\/noticias\/wp-content\/uploads\/2019\/08\/crb_170819-6.jpeg'><img width=\"300\" height=\"300\" src=\"https:\/\/franciscanos.org.br\/noticias\/wp-content\/uploads\/2019\/08\/crb_170819-6-300x300.jpeg\" class=\"attachment-thumbnail size-thumbnail\" alt=\"\" loading=\"lazy\" srcset=\"https:\/\/franciscanos.org.br\/noticias\/wp-content\/uploads\/2019\/08\/crb_170819-6-300x300.jpeg 300w, https:\/\/franciscanos.org.br\/noticias\/wp-content\/uploads\/2019\/08\/crb_170819-6-100x100.jpeg 100w, https:\/\/franciscanos.org.br\/noticias\/wp-content\/uploads\/2019\/08\/crb_170819-6-400x400.jpeg 400w\" sizes=\"(max-width: 300px) 100vw, 300px\" \/><\/a>\n\t\t\t<\/dt><\/dl><dl class='gallery-item'>\n\t\t\t<dt class='gallery-icon landscape'>\n\t\t\t\t<a href='https:\/\/franciscanos.org.br\/noticias\/wp-content\/uploads\/2019\/08\/crb_170819-7.jpeg'><img width=\"300\" height=\"300\" src=\"https:\/\/franciscanos.org.br\/noticias\/wp-content\/uploads\/2019\/08\/crb_170819-7-300x300.jpeg\" class=\"attachment-thumbnail size-thumbnail\" alt=\"\" loading=\"lazy\" srcset=\"https:\/\/franciscanos.org.br\/noticias\/wp-content\/uploads\/2019\/08\/crb_170819-7-300x300.jpeg 300w, https:\/\/franciscanos.org.br\/noticias\/wp-content\/uploads\/2019\/08\/crb_170819-7-100x100.jpeg 100w, https:\/\/franciscanos.org.br\/noticias\/wp-content\/uploads\/2019\/08\/crb_170819-7-400x400.jpeg 400w\" sizes=\"(max-width: 300px) 100vw, 300px\" \/><\/a>\n\t\t\t<\/dt><\/dl><dl class='gallery-item'>\n\t\t\t<dt class='gallery-icon landscape'>\n\t\t\t\t<a href='https:\/\/franciscanos.org.br\/noticias\/wp-content\/uploads\/2019\/08\/crb_170819-8.jpeg'><img width=\"300\" height=\"300\" src=\"https:\/\/franciscanos.org.br\/noticias\/wp-content\/uploads\/2019\/08\/crb_170819-8-300x300.jpeg\" class=\"attachment-thumbnail size-thumbnail\" alt=\"\" loading=\"lazy\" srcset=\"https:\/\/franciscanos.org.br\/noticias\/wp-content\/uploads\/2019\/08\/crb_170819-8-300x300.jpeg 300w, https:\/\/franciscanos.org.br\/noticias\/wp-content\/uploads\/2019\/08\/crb_170819-8-100x100.jpeg 100w, https:\/\/franciscanos.org.br\/noticias\/wp-content\/uploads\/2019\/08\/crb_170819-8-400x400.jpeg 400w\" sizes=\"(max-width: 300px) 100vw, 300px\" \/><\/a>\n\t\t\t<\/dt><\/dl><dl class='gallery-item'>\n\t\t\t<dt class='gallery-icon landscape'>\n\t\t\t\t<a href='https:\/\/franciscanos.org.br\/noticias\/wp-content\/uploads\/2019\/08\/crb_170819-9.jpeg'><img width=\"300\" height=\"300\" src=\"https:\/\/franciscanos.org.br\/noticias\/wp-content\/uploads\/2019\/08\/crb_170819-9-300x300.jpeg\" class=\"attachment-thumbnail size-thumbnail\" alt=\"\" loading=\"lazy\" srcset=\"https:\/\/franciscanos.org.br\/noticias\/wp-content\/uploads\/2019\/08\/crb_170819-9-300x300.jpeg 300w, https:\/\/franciscanos.org.br\/noticias\/wp-content\/uploads\/2019\/08\/crb_170819-9-100x100.jpeg 100w, https:\/\/franciscanos.org.br\/noticias\/wp-content\/uploads\/2019\/08\/crb_170819-9-400x400.jpeg 400w\" sizes=\"(max-width: 300px) 100vw, 300px\" \/><\/a>\n\t\t\t<\/dt><\/dl><br style=\"clear: both\" \/><dl class='gallery-item'>\n\t\t\t<dt class='gallery-icon landscape'>\n\t\t\t\t<a href='https:\/\/franciscanos.org.br\/noticias\/wp-content\/uploads\/2019\/08\/CRB_23082019-1.jpg'><img width=\"300\" height=\"300\" src=\"https:\/\/franciscanos.org.br\/noticias\/wp-content\/uploads\/2019\/08\/CRB_23082019-1-300x300.jpg\" class=\"attachment-thumbnail size-thumbnail\" alt=\"\" loading=\"lazy\" srcset=\"https:\/\/franciscanos.org.br\/noticias\/wp-content\/uploads\/2019\/08\/CRB_23082019-1-300x300.jpg 300w, https:\/\/franciscanos.org.br\/noticias\/wp-content\/uploads\/2019\/08\/CRB_23082019-1-100x100.jpg 100w, https:\/\/franciscanos.org.br\/noticias\/wp-content\/uploads\/2019\/08\/CRB_23082019-1-400x400.jpg 400w\" sizes=\"(max-width: 300px) 100vw, 300px\" \/><\/a>\n\t\t\t<\/dt><\/dl><dl class='gallery-item'>\n\t\t\t<dt class='gallery-icon landscape'>\n\t\t\t\t<a href='https:\/\/franciscanos.org.br\/noticias\/wp-content\/uploads\/2019\/08\/CRB_23082019-3.jpg'><img width=\"300\" height=\"300\" src=\"https:\/\/franciscanos.org.br\/noticias\/wp-content\/uploads\/2019\/08\/CRB_23082019-3-300x300.jpg\" class=\"attachment-thumbnail size-thumbnail\" alt=\"\" loading=\"lazy\" srcset=\"https:\/\/franciscanos.org.br\/noticias\/wp-content\/uploads\/2019\/08\/CRB_23082019-3-300x300.jpg 300w, https:\/\/franciscanos.org.br\/noticias\/wp-content\/uploads\/2019\/08\/CRB_23082019-3-100x100.jpg 100w, https:\/\/franciscanos.org.br\/noticias\/wp-content\/uploads\/2019\/08\/CRB_23082019-3-400x400.jpg 400w\" sizes=\"(max-width: 300px) 100vw, 300px\" \/><\/a>\n\t\t\t<\/dt><\/dl><dl class='gallery-item'>\n\t\t\t<dt class='gallery-icon landscape'>\n\t\t\t\t<a href='https:\/\/franciscanos.org.br\/noticias\/wp-content\/uploads\/2019\/08\/CRB_23082019-4.jpg'><img width=\"300\" height=\"300\" src=\"https:\/\/franciscanos.org.br\/noticias\/wp-content\/uploads\/2019\/08\/CRB_23082019-4-300x300.jpg\" class=\"attachment-thumbnail size-thumbnail\" alt=\"\" loading=\"lazy\" srcset=\"https:\/\/franciscanos.org.br\/noticias\/wp-content\/uploads\/2019\/08\/CRB_23082019-4-300x300.jpg 300w, https:\/\/franciscanos.org.br\/noticias\/wp-content\/uploads\/2019\/08\/CRB_23082019-4-100x100.jpg 100w, https:\/\/franciscanos.org.br\/noticias\/wp-content\/uploads\/2019\/08\/CRB_23082019-4-400x400.jpg 400w\" sizes=\"(max-width: 300px) 100vw, 300px\" \/><\/a>\n\t\t\t<\/dt><\/dl><dl class='gallery-item'>\n\t\t\t<dt class='gallery-icon landscape'>\n\t\t\t\t<a href='https:\/\/franciscanos.org.br\/noticias\/wp-content\/uploads\/2019\/08\/CRB_23082019-5.jpg'><img width=\"300\" height=\"300\" src=\"https:\/\/franciscanos.org.br\/noticias\/wp-content\/uploads\/2019\/08\/CRB_23082019-5-300x300.jpg\" class=\"attachment-thumbnail size-thumbnail\" alt=\"\" loading=\"lazy\" srcset=\"https:\/\/franciscanos.org.br\/noticias\/wp-content\/uploads\/2019\/08\/CRB_23082019-5-300x300.jpg 300w, https:\/\/franciscanos.org.br\/noticias\/wp-content\/uploads\/2019\/08\/CRB_23082019-5-100x100.jpg 100w, https:\/\/franciscanos.org.br\/noticias\/wp-content\/uploads\/2019\/08\/CRB_23082019-5-400x400.jpg 400w\" sizes=\"(max-width: 300px) 100vw, 300px\" \/><\/a>\n\t\t\t<\/dt><\/dl><br style=\"clear: both\" \/><dl class='gallery-item'>\n\t\t\t<dt class='gallery-icon landscape'>\n\t\t\t\t<a href='https:\/\/franciscanos.org.br\/noticias\/wp-content\/uploads\/2019\/08\/CRB_23082019-6.jpg'><img width=\"300\" height=\"300\" src=\"https:\/\/franciscanos.org.br\/noticias\/wp-content\/uploads\/2019\/08\/CRB_23082019-6-300x300.jpg\" class=\"attachment-thumbnail size-thumbnail\" alt=\"\" loading=\"lazy\" srcset=\"https:\/\/franciscanos.org.br\/noticias\/wp-content\/uploads\/2019\/08\/CRB_23082019-6-300x300.jpg 300w, https:\/\/franciscanos.org.br\/noticias\/wp-content\/uploads\/2019\/08\/CRB_23082019-6-100x100.jpg 100w, https:\/\/franciscanos.org.br\/noticias\/wp-content\/uploads\/2019\/08\/CRB_23082019-6-400x400.jpg 400w\" sizes=\"(max-width: 300px) 100vw, 300px\" \/><\/a>\n\t\t\t<\/dt><\/dl><dl class='gallery-item'>\n\t\t\t<dt class='gallery-icon landscape'>\n\t\t\t\t<a href='https:\/\/franciscanos.org.br\/noticias\/wp-content\/uploads\/2019\/08\/CRB_23082019-7.jpg'><img width=\"300\" height=\"300\" src=\"https:\/\/franciscanos.org.br\/noticias\/wp-content\/uploads\/2019\/08\/CRB_23082019-7-300x300.jpg\" class=\"attachment-thumbnail size-thumbnail\" alt=\"\" loading=\"lazy\" srcset=\"https:\/\/franciscanos.org.br\/noticias\/wp-content\/uploads\/2019\/08\/CRB_23082019-7-300x300.jpg 300w, https:\/\/franciscanos.org.br\/noticias\/wp-content\/uploads\/2019\/08\/CRB_23082019-7-100x100.jpg 100w, https:\/\/franciscanos.org.br\/noticias\/wp-content\/uploads\/2019\/08\/CRB_23082019-7-400x400.jpg 400w\" sizes=\"(max-width: 300px) 100vw, 300px\" \/><\/a>\n\t\t\t<\/dt><\/dl><dl class='gallery-item'>\n\t\t\t<dt class='gallery-icon landscape'>\n\t\t\t\t<a href='https:\/\/franciscanos.org.br\/noticias\/wp-content\/uploads\/2019\/08\/CRB_23082019-8.jpg'><img width=\"300\" height=\"300\" src=\"https:\/\/franciscanos.org.br\/noticias\/wp-content\/uploads\/2019\/08\/CRB_23082019-8-300x300.jpg\" class=\"attachment-thumbnail size-thumbnail\" alt=\"\" loading=\"lazy\" srcset=\"https:\/\/franciscanos.org.br\/noticias\/wp-content\/uploads\/2019\/08\/CRB_23082019-8-300x300.jpg 300w, https:\/\/franciscanos.org.br\/noticias\/wp-content\/uploads\/2019\/08\/CRB_23082019-8-100x100.jpg 100w, https:\/\/franciscanos.org.br\/noticias\/wp-content\/uploads\/2019\/08\/CRB_23082019-8-400x400.jpg 400w\" sizes=\"(max-width: 300px) 100vw, 300px\" \/><\/a>\n\t\t\t<\/dt><\/dl><dl class='gallery-item'>\n\t\t\t<dt class='gallery-icon landscape'>\n\t\t\t\t<a href='https:\/\/franciscanos.org.br\/noticias\/wp-content\/uploads\/2019\/08\/CRB_23082019-9.jpg'><img width=\"300\" height=\"300\" src=\"https:\/\/franciscanos.org.br\/noticias\/wp-content\/uploads\/2019\/08\/CRB_23082019-9-300x300.jpg\" class=\"attachment-thumbnail size-thumbnail\" alt=\"\" loading=\"lazy\" srcset=\"https:\/\/franciscanos.org.br\/noticias\/wp-content\/uploads\/2019\/08\/CRB_23082019-9-300x300.jpg 300w, https:\/\/franciscanos.org.br\/noticias\/wp-content\/uploads\/2019\/08\/CRB_23082019-9-100x100.jpg 100w, https:\/\/franciscanos.org.br\/noticias\/wp-content\/uploads\/2019\/08\/CRB_23082019-9-400x400.jpg 400w\" sizes=\"(max-width: 300px) 100vw, 300px\" \/><\/a>\n\t\t\t<\/dt><\/dl><br style=\"clear: both\" \/><dl class='gallery-item'>\n\t\t\t<dt class='gallery-icon landscape'>\n\t\t\t\t<a href='https:\/\/franciscanos.org.br\/noticias\/wp-content\/uploads\/2019\/08\/CRB_23082019-10.jpg'><img width=\"300\" height=\"300\" src=\"https:\/\/franciscanos.org.br\/noticias\/wp-content\/uploads\/2019\/08\/CRB_23082019-10-300x300.jpg\" class=\"attachment-thumbnail size-thumbnail\" alt=\"\" loading=\"lazy\" srcset=\"https:\/\/franciscanos.org.br\/noticias\/wp-content\/uploads\/2019\/08\/CRB_23082019-10-300x300.jpg 300w, https:\/\/franciscanos.org.br\/noticias\/wp-content\/uploads\/2019\/08\/CRB_23082019-10-100x100.jpg 100w, https:\/\/franciscanos.org.br\/noticias\/wp-content\/uploads\/2019\/08\/CRB_23082019-10-400x400.jpg 400w\" sizes=\"(max-width: 300px) 100vw, 300px\" \/><\/a>\n\t\t\t<\/dt><\/dl><dl class='gallery-item'>\n\t\t\t<dt class='gallery-icon landscape'>\n\t\t\t\t<a href='https:\/\/franciscanos.org.br\/noticias\/wp-content\/uploads\/2019\/08\/CRB_23082019-11.jpg'><img width=\"300\" height=\"300\" src=\"https:\/\/franciscanos.org.br\/noticias\/wp-content\/uploads\/2019\/08\/CRB_23082019-11-300x300.jpg\" class=\"attachment-thumbnail size-thumbnail\" alt=\"\" loading=\"lazy\" srcset=\"https:\/\/franciscanos.org.br\/noticias\/wp-content\/uploads\/2019\/08\/CRB_23082019-11-300x300.jpg 300w, https:\/\/franciscanos.org.br\/noticias\/wp-content\/uploads\/2019\/08\/CRB_23082019-11-100x100.jpg 100w, https:\/\/franciscanos.org.br\/noticias\/wp-content\/uploads\/2019\/08\/CRB_23082019-11-400x400.jpg 400w\" sizes=\"(max-width: 300px) 100vw, 300px\" \/><\/a>\n\t\t\t<\/dt><\/dl><dl class='gallery-item'>\n\t\t\t<dt class='gallery-icon landscape'>\n\t\t\t\t<a href='https:\/\/franciscanos.org.br\/noticias\/wp-content\/uploads\/2019\/08\/CRB_23082019-13.jpg'><img width=\"300\" height=\"300\" src=\"https:\/\/franciscanos.org.br\/noticias\/wp-content\/uploads\/2019\/08\/CRB_23082019-13-300x300.jpg\" class=\"attachment-thumbnail size-thumbnail\" alt=\"\" loading=\"lazy\" srcset=\"https:\/\/franciscanos.org.br\/noticias\/wp-content\/uploads\/2019\/08\/CRB_23082019-13-300x300.jpg 300w, https:\/\/franciscanos.org.br\/noticias\/wp-content\/uploads\/2019\/08\/CRB_23082019-13-100x100.jpg 100w, https:\/\/franciscanos.org.br\/noticias\/wp-content\/uploads\/2019\/08\/CRB_23082019-13-400x400.jpg 400w\" sizes=\"(max-width: 300px) 100vw, 300px\" \/><\/a>\n\t\t\t<\/dt><\/dl><dl class='gallery-item'>\n\t\t\t<dt class='gallery-icon landscape'>\n\t\t\t\t<a href='https:\/\/franciscanos.org.br\/noticias\/wp-content\/uploads\/2019\/08\/CRB_23082019-14.jpg'><img width=\"300\" height=\"300\" src=\"https:\/\/franciscanos.org.br\/noticias\/wp-content\/uploads\/2019\/08\/CRB_23082019-14-300x300.jpg\" class=\"attachment-thumbnail size-thumbnail\" alt=\"\" loading=\"lazy\" srcset=\"https:\/\/franciscanos.org.br\/noticias\/wp-content\/uploads\/2019\/08\/CRB_23082019-14-300x300.jpg 300w, https:\/\/franciscanos.org.br\/noticias\/wp-content\/uploads\/2019\/08\/CRB_23082019-14-100x100.jpg 100w, https:\/\/franciscanos.org.br\/noticias\/wp-content\/uploads\/2019\/08\/CRB_23082019-14-400x400.jpg 400w\" sizes=\"(max-width: 300px) 100vw, 300px\" \/><\/a>\n\t\t\t<\/dt><\/dl><br style=\"clear: both\" \/>\n\t\t<\/div>\n\n","protected":false},"excerpt":{"rendered":"<p>III Congresso da Vida Religiosa dos n\u00facleos da Confer\u00eancia dos Religiosos do Brasil (CRB) de Teres\u00f3polis e Petr\u00f3polis.<\/p>\n","protected":false},"author":5,"featured_media":209577,"comment_status":"open","ping_status":"open","sticky":false,"template":"","format":"standard","meta":[],"categories":[1],"tags":[400,190],"acf":[],"yoast_head":"<!-- This site is optimized with the Yoast SEO plugin v19.2 - https:\/\/yoast.com\/wordpress\/plugins\/seo\/ -->\n<title>\u201cA m\u00edstica de viver em comunidade como an\u00fancio do Evangelho\u201d - Not\u00edcias - Franciscanos<\/title>\n<meta name=\"robots\" content=\"index, follow, max-snippet:-1, max-image-preview:large, max-video-preview:-1\" \/>\n<link rel=\"canonical\" href=\"https:\/\/franciscanos.org.br\/noticias\/a-mistica-de-viver-em-comunidade-como-anuncio-do-evangelho.html\" \/>\n<meta property=\"og:locale\" content=\"pt_BR\" \/>\n<meta property=\"og:type\" content=\"article\" \/>\n<meta property=\"og:title\" content=\"\u201cA m\u00edstica de viver em comunidade como an\u00fancio do Evangelho\u201d - Not\u00edcias - Franciscanos\" \/>\n<meta property=\"og:description\" content=\"III Congresso da Vida Religiosa dos n\u00facleos da Confer\u00eancia dos Religiosos do Brasil (CRB) de Teres\u00f3polis e Petr\u00f3polis.\" \/>\n<meta property=\"og:url\" content=\"https:\/\/franciscanos.org.br\/noticias\/a-mistica-de-viver-em-comunidade-como-anuncio-do-evangelho.html\" \/>\n<meta property=\"og:site_name\" content=\"Not\u00edcias - Franciscanos\" \/>\n<meta property=\"article:published_time\" content=\"2019-08-18T01:04:57+00:00\" \/>\n<meta property=\"article:modified_time\" content=\"2019-08-18T01:16:55+00:00\" \/>\n<meta property=\"og:image\" content=\"https:\/\/franciscanos.org.br\/noticias\/wp-content\/uploads\/2019\/08\/crb_170819_5.jpg\" \/>\n\t<meta property=\"og:image:width\" content=\"273\" \/>\n\t<meta property=\"og:image:height\" content=\"181\" \/>\n\t<meta property=\"og:image:type\" content=\"image\/jpeg\" \/>\n<meta name=\"author\" content=\"freiaugusto\" \/>\n<meta name=\"twitter:card\" content=\"summary_large_image\" \/>\n<meta name=\"twitter:label1\" content=\"Escrito por\" \/>\n\t<meta name=\"twitter:data1\" content=\"freiaugusto\" \/>\n\t<meta name=\"twitter:label2\" content=\"Est. tempo de leitura\" \/>\n\t<meta name=\"twitter:data2\" content=\"5 minutos\" \/>\n<script type=\"application\/ld+json\" class=\"yoast-schema-graph\">{\"@context\":\"https:\/\/schema.org\",\"@graph\":[{\"@type\":\"WebSite\",\"@id\":\"https:\/\/franciscanos.org.br\/noticias\/#website\",\"url\":\"https:\/\/franciscanos.org.br\/noticias\/\",\"name\":\"Not\u00edcias - Franciscanos\",\"description\":\"Prov\u00edncia Franciscana da Imaculada Concei\u00e7\u00e3o do Brasil - Ordem dos Frades Menores - OFM\",\"potentialAction\":[{\"@type\":\"SearchAction\",\"target\":{\"@type\":\"EntryPoint\",\"urlTemplate\":\"https:\/\/franciscanos.org.br\/noticias\/?s={search_term_string}\"},\"query-input\":\"required name=search_term_string\"}],\"inLanguage\":\"pt-BR\"},{\"@type\":\"ImageObject\",\"inLanguage\":\"pt-BR\",\"@id\":\"https:\/\/franciscanos.org.br\/noticias\/a-mistica-de-viver-em-comunidade-como-anuncio-do-evangelho.html#primaryimage\",\"url\":\"https:\/\/franciscanos.org.br\/noticias\/wp-content\/uploads\/2019\/08\/crb_170819_5.jpg\",\"contentUrl\":\"https:\/\/franciscanos.org.br\/noticias\/wp-content\/uploads\/2019\/08\/crb_170819_5.jpg\",\"width\":273,\"height\":181},{\"@type\":\"WebPage\",\"@id\":\"https:\/\/franciscanos.org.br\/noticias\/a-mistica-de-viver-em-comunidade-como-anuncio-do-evangelho.html#webpage\",\"url\":\"https:\/\/franciscanos.org.br\/noticias\/a-mistica-de-viver-em-comunidade-como-anuncio-do-evangelho.html\",\"name\":\"\u201cA m\u00edstica de viver em comunidade como an\u00fancio do Evangelho\u201d - Not\u00edcias - Franciscanos\",\"isPartOf\":{\"@id\":\"https:\/\/franciscanos.org.br\/noticias\/#website\"},\"primaryImageOfPage\":{\"@id\":\"https:\/\/franciscanos.org.br\/noticias\/a-mistica-de-viver-em-comunidade-como-anuncio-do-evangelho.html#primaryimage\"},\"datePublished\":\"2019-08-18T01:04:57+00:00\",\"dateModified\":\"2019-08-18T01:16:55+00:00\",\"author\":{\"@id\":\"https:\/\/franciscanos.org.br\/noticias\/#\/schema\/person\/37f88f0d111cd5358b12a6556a99eb91\"},\"breadcrumb\":{\"@id\":\"https:\/\/franciscanos.org.br\/noticias\/a-mistica-de-viver-em-comunidade-como-anuncio-do-evangelho.html#breadcrumb\"},\"inLanguage\":\"pt-BR\",\"potentialAction\":[{\"@type\":\"ReadAction\",\"target\":[\"https:\/\/franciscanos.org.br\/noticias\/a-mistica-de-viver-em-comunidade-como-anuncio-do-evangelho.html\"]}]},{\"@type\":\"BreadcrumbList\",\"@id\":\"https:\/\/franciscanos.org.br\/noticias\/a-mistica-de-viver-em-comunidade-como-anuncio-do-evangelho.html#breadcrumb\",\"itemListElement\":[{\"@type\":\"ListItem\",\"position\":1,\"name\":\"Home\",\"item\":\"https:\/\/franciscanos.org.br\/noticias\"},{\"@type\":\"ListItem\",\"position\":2,\"name\":\"\u201cA m\u00edstica de viver em comunidade como an\u00fancio do Evangelho\u201d\"}]},{\"@type\":\"Person\",\"@id\":\"https:\/\/franciscanos.org.br\/noticias\/#\/schema\/person\/37f88f0d111cd5358b12a6556a99eb91\",\"name\":\"freiaugusto\",\"image\":{\"@type\":\"ImageObject\",\"inLanguage\":\"pt-BR\",\"@id\":\"https:\/\/franciscanos.org.br\/noticias\/#\/schema\/person\/image\/\",\"url\":\"https:\/\/secure.gravatar.com\/avatar\/9840b940e621801b24f3e6b059efb4b7?s=96&d=mm&r=g\",\"contentUrl\":\"https:\/\/secure.gravatar.com\/avatar\/9840b940e621801b24f3e6b059efb4b7?s=96&d=mm&r=g\",\"caption\":\"freiaugusto\"},\"url\":\"https:\/\/franciscanos.org.br\/noticias\/author\/freiaugusto\"}]}<\/script>\n<!-- \/ Yoast SEO plugin. -->","yoast_head_json":{"title":"\u201cA m\u00edstica de viver em comunidade como an\u00fancio do Evangelho\u201d - Not\u00edcias - Franciscanos","robots":{"index":"index","follow":"follow","max-snippet":"max-snippet:-1","max-image-preview":"max-image-preview:large","max-video-preview":"max-video-preview:-1"},"canonical":"https:\/\/franciscanos.org.br\/noticias\/a-mistica-de-viver-em-comunidade-como-anuncio-do-evangelho.html","og_locale":"pt_BR","og_type":"article","og_title":"\u201cA m\u00edstica de viver em comunidade como an\u00fancio do Evangelho\u201d - Not\u00edcias - Franciscanos","og_description":"III Congresso da Vida Religiosa dos n\u00facleos da Confer\u00eancia dos Religiosos do Brasil (CRB) de Teres\u00f3polis e Petr\u00f3polis.","og_url":"https:\/\/franciscanos.org.br\/noticias\/a-mistica-de-viver-em-comunidade-como-anuncio-do-evangelho.html","og_site_name":"Not\u00edcias - Franciscanos","article_published_time":"2019-08-18T01:04:57+00:00","article_modified_time":"2019-08-18T01:16:55+00:00","og_image":[{"width":273,"height":181,"url":"https:\/\/franciscanos.org.br\/noticias\/wp-content\/uploads\/2019\/08\/crb_170819_5.jpg","type":"image\/jpeg"}],"author":"freiaugusto","twitter_card":"summary_large_image","twitter_misc":{"Escrito por":"freiaugusto","Est. tempo de leitura":"5 minutos"},"schema":{"@context":"https:\/\/schema.org","@graph":[{"@type":"WebSite","@id":"https:\/\/franciscanos.org.br\/noticias\/#website","url":"https:\/\/franciscanos.org.br\/noticias\/","name":"Not\u00edcias - Franciscanos","description":"Prov\u00edncia Franciscana da Imaculada Concei\u00e7\u00e3o do Brasil - Ordem dos Frades Menores - OFM","potentialAction":[{"@type":"SearchAction","target":{"@type":"EntryPoint","urlTemplate":"https:\/\/franciscanos.org.br\/noticias\/?s={search_term_string}"},"query-input":"required name=search_term_string"}],"inLanguage":"pt-BR"},{"@type":"ImageObject","inLanguage":"pt-BR","@id":"https:\/\/franciscanos.org.br\/noticias\/a-mistica-de-viver-em-comunidade-como-anuncio-do-evangelho.html#primaryimage","url":"https:\/\/franciscanos.org.br\/noticias\/wp-content\/uploads\/2019\/08\/crb_170819_5.jpg","contentUrl":"https:\/\/franciscanos.org.br\/noticias\/wp-content\/uploads\/2019\/08\/crb_170819_5.jpg","width":273,"height":181},{"@type":"WebPage","@id":"https:\/\/franciscanos.org.br\/noticias\/a-mistica-de-viver-em-comunidade-como-anuncio-do-evangelho.html#webpage","url":"https:\/\/franciscanos.org.br\/noticias\/a-mistica-de-viver-em-comunidade-como-anuncio-do-evangelho.html","name":"\u201cA m\u00edstica de viver em comunidade como an\u00fancio do Evangelho\u201d - Not\u00edcias - Franciscanos","isPartOf":{"@id":"https:\/\/franciscanos.org.br\/noticias\/#website"},"primaryImageOfPage":{"@id":"https:\/\/franciscanos.org.br\/noticias\/a-mistica-de-viver-em-comunidade-como-anuncio-do-evangelho.html#primaryimage"},"datePublished":"2019-08-18T01:04:57+00:00","dateModified":"2019-08-18T01:16:55+00:00","author":{"@id":"https:\/\/franciscanos.org.br\/noticias\/#\/schema\/person\/37f88f0d111cd5358b12a6556a99eb91"},"breadcrumb":{"@id":"https:\/\/franciscanos.org.br\/noticias\/a-mistica-de-viver-em-comunidade-como-anuncio-do-evangelho.html#breadcrumb"},"inLanguage":"pt-BR","potentialAction":[{"@type":"ReadAction","target":["https:\/\/franciscanos.org.br\/noticias\/a-mistica-de-viver-em-comunidade-como-anuncio-do-evangelho.html"]}]},{"@type":"BreadcrumbList","@id":"https:\/\/franciscanos.org.br\/noticias\/a-mistica-de-viver-em-comunidade-como-anuncio-do-evangelho.html#breadcrumb","itemListElement":[{"@type":"ListItem","position":1,"name":"Home","item":"https:\/\/franciscanos.org.br\/noticias"},{"@type":"ListItem","position":2,"name":"\u201cA m\u00edstica de viver em comunidade como an\u00fancio do Evangelho\u201d"}]},{"@type":"Person","@id":"https:\/\/franciscanos.org.br\/noticias\/#\/schema\/person\/37f88f0d111cd5358b12a6556a99eb91","name":"freiaugusto","image":{"@type":"ImageObject","inLanguage":"pt-BR","@id":"https:\/\/franciscanos.org.br\/noticias\/#\/schema\/person\/image\/","url":"https:\/\/secure.gravatar.com\/avatar\/9840b940e621801b24f3e6b059efb4b7?s=96&d=mm&r=g","contentUrl":"https:\/\/secure.gravatar.com\/avatar\/9840b940e621801b24f3e6b059efb4b7?s=96&d=mm&r=g","caption":"freiaugusto"},"url":"https:\/\/franciscanos.org.br\/noticias\/author\/freiaugusto"}]}},"_links":{"self":[{"href":"https:\/\/franciscanos.org.br\/noticias\/wp-json\/wp\/v2\/posts\/209570"}],"collection":[{"href":"https:\/\/franciscanos.org.br\/noticias\/wp-json\/wp\/v2\/posts"}],"about":[{"href":"https:\/\/franciscanos.org.br\/noticias\/wp-json\/wp\/v2\/types\/post"}],"author":[{"embeddable":true,"href":"https:\/\/franciscanos.org.br\/noticias\/wp-json\/wp\/v2\/users\/5"}],"replies":[{"embeddable":true,"href":"https:\/\/franciscanos.org.br\/noticias\/wp-json\/wp\/v2\/comments?post=209570"}],"version-history":[{"count":0,"href":"https:\/\/franciscanos.org.br\/noticias\/wp-json\/wp\/v2\/posts\/209570\/revisions"}],"wp:featuredmedia":[{"embeddable":true,"href":"https:\/\/franciscanos.org.br\/noticias\/wp-json\/wp\/v2\/media\/209577"}],"wp:attachment":[{"href":"https:\/\/franciscanos.org.br\/noticias\/wp-json\/wp\/v2\/media?parent=209570"}],"wp:term":[{"taxonomy":"category","embeddable":true,"href":"https:\/\/franciscanos.org.br\/noticias\/wp-json\/wp\/v2\/categories?post=209570"},{"taxonomy":"post_tag","embeddable":true,"href":"https:\/\/franciscanos.org.br\/noticias\/wp-json\/wp\/v2\/tags?post=209570"}],"curies":[{"name":"wp","href":"https:\/\/api.w.org\/{rel}","templated":true}]}}