{"id":209566,"date":"2019-08-17T10:39:35","date_gmt":"2019-08-17T13:39:35","guid":{"rendered":"https:\/\/franciscanos.org.br\/noticias\/?p=209566"},"modified":"2021-07-05T20:08:51","modified_gmt":"2021-07-05T23:08:51","slug":"coral-dos-canarinhos-de-petropolis-celebra-77-anos","status":"publish","type":"post","link":"https:\/\/franciscanos.org.br\/noticias\/coral-dos-canarinhos-de-petropolis-celebra-77-anos.html","title":{"rendered":"Coral dos Canarinhos de Petr\u00f3polis celebra 77 anos"},"content":{"rendered":"<p><img loading=\"lazy\" class=\"alignnone wp-image-204955 size-full\" src=\"https:\/\/franciscanos.org.br\/noticias\/wp-content\/uploads\/2019\/05\/canarinhos_250519.jpg\" alt=\"\" width=\"890\" height=\"450\" srcset=\"https:\/\/franciscanos.org.br\/noticias\/wp-content\/uploads\/2019\/05\/canarinhos_250519.jpg 890w, https:\/\/franciscanos.org.br\/noticias\/wp-content\/uploads\/2019\/05\/canarinhos_250519-450x228.jpg 450w, https:\/\/franciscanos.org.br\/noticias\/wp-content\/uploads\/2019\/05\/canarinhos_250519-768x388.jpg 768w, https:\/\/franciscanos.org.br\/noticias\/wp-content\/uploads\/2019\/05\/canarinhos_250519-150x76.jpg 150w\" sizes=\"(max-width: 890px) 100vw, 890px\" \/><\/p>\n<p>Quatro mil cantores. Quase duas mil missas. Centenas de concertos no Brasil e no exterior. Os n\u00fameros confirmam a import\u00e2ncia do coral de meninos mais antigo do pa\u00eds. Sin\u00f4nimo de qualidade vocal, t\u00e9cnica e encantamento, o Coral dos Canarinhos de Petr\u00f3polis completa este m\u00eas 77 anos. Para marcar a data, uma missa especial ser\u00e1 realizada neste domingo, dia 18, \u00e0s 10h, na Igreja do Sagrado Cora\u00e7\u00e3o de Jesus.<\/p>\n<p>\u201cFicamos muito felizes pelos 77 anos de exist\u00eancia, desempenhando importante papel n\u00e3o s\u00f3 no mundo da m\u00fasica como tamb\u00e9m na forma\u00e7\u00e3o destes meninos como cidad\u00e3os. Esperamos que esta miss\u00e3o, que tanto bem faz para quem participa, como para quem nos assiste, se perpetue\u201d, comentou o diretor art\u00edstico do coral, o maestro Marco Aur\u00e9lio Lischt.<\/p>\n<p><img loading=\"lazy\" class=\"size-medium wp-image-209567 alignleft\" src=\"https:\/\/franciscanos.org.br\/noticias\/wp-content\/uploads\/2019\/08\/canarinhos-450x300.jpg\" alt=\"\" width=\"450\" height=\"300\" srcset=\"https:\/\/franciscanos.org.br\/noticias\/wp-content\/uploads\/2019\/08\/canarinhos-450x300.jpg 450w, https:\/\/franciscanos.org.br\/noticias\/wp-content\/uploads\/2019\/08\/canarinhos-768x512.jpg 768w, https:\/\/franciscanos.org.br\/noticias\/wp-content\/uploads\/2019\/08\/canarinhos-1024x683.jpg 1024w, https:\/\/franciscanos.org.br\/noticias\/wp-content\/uploads\/2019\/08\/canarinhos-150x100.jpg 150w, https:\/\/franciscanos.org.br\/noticias\/wp-content\/uploads\/2019\/08\/canarinhos.jpg 1620w\" sizes=\"(max-width: 450px) 100vw, 450px\" \/>Fruto de um sonho de Frei Leto, o Coral dos Canarinhos se tornou realidade quando se apresentou pela primeira vez, em 1942, na Igreja do Sagrado Cora\u00e7\u00e3o de Jesus, dando in\u00edcio a uma bel\u00edssima trajet\u00f3ria dedicada \u00e0 m\u00fasica erudita e cercada de amor, dedica\u00e7\u00e3o, tradi\u00e7\u00e3o e orgulho.<\/p>\n<p>A comemora\u00e7\u00e3o pelos 77 anos ser\u00e1 a mais tradicional. Os canarinhos estar\u00e3o na mesma igreja onde toda a hist\u00f3ria foi iniciada. Al\u00e9m de comemorar o anivers\u00e1rio do coral, a missa deste domingo ser\u00e1 em honra de Nossa Senhora. O m\u00eas de anivers\u00e1rio dos Canarinhos tamb\u00e9m contar\u00e1 com a apresenta\u00e7\u00e3o no Congresso da Associa\u00e7\u00e3o Brasileira de Estudos German\u00edsticos, na Universidade Federal Fluminense (UFF), em Niter\u00f3i (RJ), no dia 27\/08.<\/p>\n<p>Consagrado como um dos patrim\u00f4nios culturais da cidade e sendo o mais antigo e tradicional grupo vocal, o Coral dos Canarinhos levou para muitas crian\u00e7as e adolescentes a oportunidade de contar com um ensino musical exemplar e inteiramente gratuito.<\/p>\n<p>No in\u00edcio das d\u00e9cadas de 1940 at\u00e9 1960, o coro tinha uma forma\u00e7\u00e3o menor, com aproximadamente 35 cantores. As forma\u00e7\u00f5es cresceram a partir de 1970. \u201cLembro que no final da d\u00e9cada de 1990, o coro era bem grande e chegamos a dividi-lo em dois. Cada domingo, um dos coros se apresentava nas missas da Igreja do Sagrado\u201d, recorda o maestro. Atualmente, o coral possui 65 integrantes no coro principal e cerca de 25 meninos fazem parte do curso de aprendizes, que os prepara para ingressar no Coral dos Canarinhos.<\/p>\n<p><strong>M\u00fasica como inclus\u00e3o social<\/strong><\/p>\n<p>O Coral dos Canarinhos de Petr\u00f3polis \u00e9 administrado pelo Instituto dos Meninos Cantores de Petr\u00f3polis (IMCP), institui\u00e7\u00e3o filantr\u00f3pica, de utilidade p\u00fablica municipal, estadual e federal, sem fins lucrativos, que oferece forma\u00e7\u00e3o coral inteiramente gratuita. Al\u00e9m do coro de Meninos, o IMCP tamb\u00e9m administra o coro das Meninas dos Canarinhos de Petr\u00f3polis.<\/p>\n<p>O objetivo do Instituto \u00e9 transformar a realidade dos integrantes, por meio da integra\u00e7\u00e3o e do conv\u00edvio. As crian\u00e7as e jovens que fazem parte dos coros pertencem a classes sociais variadas e ingressam a partir dos 8 anos, permanecendo at\u00e9 os 18 anos. O coro \u00e9 aberto \u00e0 comunidade. Desta forma, todos os interessados, tanto meninos como meninas, podem ingressar no curso de Aprendizes, desde que tenham oito anos e estejam matriculados no 3\u00ba ano do primeiro segmento do ensino fundamental, em qualquer escola da cidade, tanto p\u00fablicas como particulares.<\/p>\n<p><strong>Disciplina e dedica\u00e7\u00e3o<\/strong><\/p>\n<p><img loading=\"lazy\" class=\"size-medium wp-image-201770 alignright\" src=\"https:\/\/franciscanos.org.br\/noticias\/wp-content\/uploads\/2019\/03\/canarinhos_230319-4-450x300.jpg\" alt=\"\" width=\"450\" height=\"300\" srcset=\"https:\/\/franciscanos.org.br\/noticias\/wp-content\/uploads\/2019\/03\/canarinhos_230319-4-450x300.jpg 450w, https:\/\/franciscanos.org.br\/noticias\/wp-content\/uploads\/2019\/03\/canarinhos_230319-4-768x512.jpg 768w, https:\/\/franciscanos.org.br\/noticias\/wp-content\/uploads\/2019\/03\/canarinhos_230319-4.jpg 1024w, https:\/\/franciscanos.org.br\/noticias\/wp-content\/uploads\/2019\/03\/canarinhos_230319-4-150x100.jpg 150w\" sizes=\"(max-width: 450px) 100vw, 450px\" \/>A rotina dos meninos e meninas \u00e9 intensa dentro do IMCP. Os quatro anos iniciais s\u00e3o voltados para a forma\u00e7\u00e3o musical, onde aprendem teoria, solfejo, ritmo e percep\u00e7\u00e3o musical. Neste per\u00edodo, passam at\u00e9 15 horas semanais no Instituto, onde 12 horas s\u00e3o dedicadas \u00e0 m\u00fasica.<\/p>\n<p>Na segunda fase do aprendizado, os coralistas s\u00e3o divididos em tenores e baixos, com aulas \u00e0s quartas, das 18h \u00e0s 19h30, e \u00e0s sextas-feiras, das 13h \u00e0s 15h. Al\u00e9m disso, participam de aulas de t\u00e9cnica vocal uma vez por semana.<\/p>\n<p><strong>Servi\u00e7o<\/strong><\/p>\n<p>Instituto dos Meninos Cantores de Petr\u00f3polis<br \/>\nRua Santos Dumont, 355 \u2013 Centro, Petr\u00f3polis\/RJ<br \/>\nTelefone: 24 2104-4141<br \/>\n<a href=\"http:\/\/www.canarinhos.com.br\">www.canarinhos.com.br<\/a><\/p>\n<p><strong>Daniela Moreira, assessora de imprensa do Instituto dos Meninos Cantores de Petr\u00f3polis<\/strong><br \/>\n<strong>Fotos: Frei Augusto Luiz Gabriel<\/strong><\/p>\n","protected":false},"excerpt":{"rendered":"<p>O Coral dos Canarinhos de Petr\u00f3polis completa neste m\u00eas de agosto 77 anos.<\/p>\n","protected":false},"author":5,"featured_media":209569,"comment_status":"open","ping_status":"open","sticky":false,"template":"","format":"standard","meta":[],"categories":[1],"tags":[1378,190],"acf":[],"yoast_head":"<!-- This site is optimized with the Yoast SEO plugin v19.2 - https:\/\/yoast.com\/wordpress\/plugins\/seo\/ -->\n<title>Coral dos Canarinhos de Petr\u00f3polis celebra 77 anos - Not\u00edcias - Franciscanos<\/title>\n<meta name=\"robots\" content=\"index, follow, max-snippet:-1, max-image-preview:large, max-video-preview:-1\" \/>\n<link rel=\"canonical\" href=\"https:\/\/franciscanos.org.br\/noticias\/coral-dos-canarinhos-de-petropolis-celebra-77-anos.html\" \/>\n<meta property=\"og:locale\" content=\"pt_BR\" \/>\n<meta property=\"og:type\" content=\"article\" \/>\n<meta property=\"og:title\" content=\"Coral dos Canarinhos de Petr\u00f3polis celebra 77 anos - Not\u00edcias - Franciscanos\" \/>\n<meta property=\"og:description\" content=\"O Coral dos Canarinhos de Petr\u00f3polis completa neste m\u00eas de agosto 77 anos.\" \/>\n<meta property=\"og:url\" content=\"https:\/\/franciscanos.org.br\/noticias\/coral-dos-canarinhos-de-petropolis-celebra-77-anos.html\" \/>\n<meta property=\"og:site_name\" content=\"Not\u00edcias - Franciscanos\" \/>\n<meta property=\"article:published_time\" content=\"2019-08-17T13:39:35+00:00\" \/>\n<meta property=\"article:modified_time\" content=\"2021-07-05T23:08:51+00:00\" \/>\n<meta property=\"og:image\" content=\"https:\/\/franciscanos.org.br\/noticias\/wp-content\/uploads\/2019\/08\/canarinhos_180819.jpg\" \/>\n\t<meta property=\"og:image:width\" content=\"273\" \/>\n\t<meta property=\"og:image:height\" content=\"181\" \/>\n\t<meta property=\"og:image:type\" content=\"image\/jpeg\" \/>\n<meta name=\"author\" content=\"freiaugusto\" \/>\n<meta name=\"twitter:card\" content=\"summary_large_image\" \/>\n<meta name=\"twitter:label1\" content=\"Escrito por\" \/>\n\t<meta name=\"twitter:data1\" content=\"freiaugusto\" \/>\n\t<meta name=\"twitter:label2\" content=\"Est. tempo de leitura\" \/>\n\t<meta name=\"twitter:data2\" content=\"3 minutos\" \/>\n<script type=\"application\/ld+json\" class=\"yoast-schema-graph\">{\"@context\":\"https:\/\/schema.org\",\"@graph\":[{\"@type\":\"WebSite\",\"@id\":\"https:\/\/franciscanos.org.br\/noticias\/#website\",\"url\":\"https:\/\/franciscanos.org.br\/noticias\/\",\"name\":\"Not\u00edcias - Franciscanos\",\"description\":\"Prov\u00edncia Franciscana da Imaculada Concei\u00e7\u00e3o do Brasil - Ordem dos Frades Menores - OFM\",\"potentialAction\":[{\"@type\":\"SearchAction\",\"target\":{\"@type\":\"EntryPoint\",\"urlTemplate\":\"https:\/\/franciscanos.org.br\/noticias\/?s={search_term_string}\"},\"query-input\":\"required name=search_term_string\"}],\"inLanguage\":\"pt-BR\"},{\"@type\":\"ImageObject\",\"inLanguage\":\"pt-BR\",\"@id\":\"https:\/\/franciscanos.org.br\/noticias\/coral-dos-canarinhos-de-petropolis-celebra-77-anos.html#primaryimage\",\"url\":\"https:\/\/franciscanos.org.br\/noticias\/wp-content\/uploads\/2019\/08\/canarinhos_180819.jpg\",\"contentUrl\":\"https:\/\/franciscanos.org.br\/noticias\/wp-content\/uploads\/2019\/08\/canarinhos_180819.jpg\",\"width\":273,\"height\":181},{\"@type\":\"WebPage\",\"@id\":\"https:\/\/franciscanos.org.br\/noticias\/coral-dos-canarinhos-de-petropolis-celebra-77-anos.html#webpage\",\"url\":\"https:\/\/franciscanos.org.br\/noticias\/coral-dos-canarinhos-de-petropolis-celebra-77-anos.html\",\"name\":\"Coral dos Canarinhos de Petr\u00f3polis celebra 77 anos - Not\u00edcias - Franciscanos\",\"isPartOf\":{\"@id\":\"https:\/\/franciscanos.org.br\/noticias\/#website\"},\"primaryImageOfPage\":{\"@id\":\"https:\/\/franciscanos.org.br\/noticias\/coral-dos-canarinhos-de-petropolis-celebra-77-anos.html#primaryimage\"},\"datePublished\":\"2019-08-17T13:39:35+00:00\",\"dateModified\":\"2021-07-05T23:08:51+00:00\",\"author\":{\"@id\":\"https:\/\/franciscanos.org.br\/noticias\/#\/schema\/person\/37f88f0d111cd5358b12a6556a99eb91\"},\"breadcrumb\":{\"@id\":\"https:\/\/franciscanos.org.br\/noticias\/coral-dos-canarinhos-de-petropolis-celebra-77-anos.html#breadcrumb\"},\"inLanguage\":\"pt-BR\",\"potentialAction\":[{\"@type\":\"ReadAction\",\"target\":[\"https:\/\/franciscanos.org.br\/noticias\/coral-dos-canarinhos-de-petropolis-celebra-77-anos.html\"]}]},{\"@type\":\"BreadcrumbList\",\"@id\":\"https:\/\/franciscanos.org.br\/noticias\/coral-dos-canarinhos-de-petropolis-celebra-77-anos.html#breadcrumb\",\"itemListElement\":[{\"@type\":\"ListItem\",\"position\":1,\"name\":\"Home\",\"item\":\"https:\/\/franciscanos.org.br\/noticias\"},{\"@type\":\"ListItem\",\"position\":2,\"name\":\"Coral dos Canarinhos de Petr\u00f3polis celebra 77 anos\"}]},{\"@type\":\"Person\",\"@id\":\"https:\/\/franciscanos.org.br\/noticias\/#\/schema\/person\/37f88f0d111cd5358b12a6556a99eb91\",\"name\":\"freiaugusto\",\"image\":{\"@type\":\"ImageObject\",\"inLanguage\":\"pt-BR\",\"@id\":\"https:\/\/franciscanos.org.br\/noticias\/#\/schema\/person\/image\/\",\"url\":\"https:\/\/secure.gravatar.com\/avatar\/9840b940e621801b24f3e6b059efb4b7?s=96&d=mm&r=g\",\"contentUrl\":\"https:\/\/secure.gravatar.com\/avatar\/9840b940e621801b24f3e6b059efb4b7?s=96&d=mm&r=g\",\"caption\":\"freiaugusto\"},\"url\":\"https:\/\/franciscanos.org.br\/noticias\/author\/freiaugusto\"}]}<\/script>\n<!-- \/ Yoast SEO plugin. -->","yoast_head_json":{"title":"Coral dos Canarinhos de Petr\u00f3polis celebra 77 anos - Not\u00edcias - Franciscanos","robots":{"index":"index","follow":"follow","max-snippet":"max-snippet:-1","max-image-preview":"max-image-preview:large","max-video-preview":"max-video-preview:-1"},"canonical":"https:\/\/franciscanos.org.br\/noticias\/coral-dos-canarinhos-de-petropolis-celebra-77-anos.html","og_locale":"pt_BR","og_type":"article","og_title":"Coral dos Canarinhos de Petr\u00f3polis celebra 77 anos - Not\u00edcias - Franciscanos","og_description":"O Coral dos Canarinhos de Petr\u00f3polis completa neste m\u00eas de agosto 77 anos.","og_url":"https:\/\/franciscanos.org.br\/noticias\/coral-dos-canarinhos-de-petropolis-celebra-77-anos.html","og_site_name":"Not\u00edcias - Franciscanos","article_published_time":"2019-08-17T13:39:35+00:00","article_modified_time":"2021-07-05T23:08:51+00:00","og_image":[{"width":273,"height":181,"url":"https:\/\/franciscanos.org.br\/noticias\/wp-content\/uploads\/2019\/08\/canarinhos_180819.jpg","type":"image\/jpeg"}],"author":"freiaugusto","twitter_card":"summary_large_image","twitter_misc":{"Escrito por":"freiaugusto","Est. tempo de leitura":"3 minutos"},"schema":{"@context":"https:\/\/schema.org","@graph":[{"@type":"WebSite","@id":"https:\/\/franciscanos.org.br\/noticias\/#website","url":"https:\/\/franciscanos.org.br\/noticias\/","name":"Not\u00edcias - Franciscanos","description":"Prov\u00edncia Franciscana da Imaculada Concei\u00e7\u00e3o do Brasil - Ordem dos Frades Menores - OFM","potentialAction":[{"@type":"SearchAction","target":{"@type":"EntryPoint","urlTemplate":"https:\/\/franciscanos.org.br\/noticias\/?s={search_term_string}"},"query-input":"required name=search_term_string"}],"inLanguage":"pt-BR"},{"@type":"ImageObject","inLanguage":"pt-BR","@id":"https:\/\/franciscanos.org.br\/noticias\/coral-dos-canarinhos-de-petropolis-celebra-77-anos.html#primaryimage","url":"https:\/\/franciscanos.org.br\/noticias\/wp-content\/uploads\/2019\/08\/canarinhos_180819.jpg","contentUrl":"https:\/\/franciscanos.org.br\/noticias\/wp-content\/uploads\/2019\/08\/canarinhos_180819.jpg","width":273,"height":181},{"@type":"WebPage","@id":"https:\/\/franciscanos.org.br\/noticias\/coral-dos-canarinhos-de-petropolis-celebra-77-anos.html#webpage","url":"https:\/\/franciscanos.org.br\/noticias\/coral-dos-canarinhos-de-petropolis-celebra-77-anos.html","name":"Coral dos Canarinhos de Petr\u00f3polis celebra 77 anos - Not\u00edcias - Franciscanos","isPartOf":{"@id":"https:\/\/franciscanos.org.br\/noticias\/#website"},"primaryImageOfPage":{"@id":"https:\/\/franciscanos.org.br\/noticias\/coral-dos-canarinhos-de-petropolis-celebra-77-anos.html#primaryimage"},"datePublished":"2019-08-17T13:39:35+00:00","dateModified":"2021-07-05T23:08:51+00:00","author":{"@id":"https:\/\/franciscanos.org.br\/noticias\/#\/schema\/person\/37f88f0d111cd5358b12a6556a99eb91"},"breadcrumb":{"@id":"https:\/\/franciscanos.org.br\/noticias\/coral-dos-canarinhos-de-petropolis-celebra-77-anos.html#breadcrumb"},"inLanguage":"pt-BR","potentialAction":[{"@type":"ReadAction","target":["https:\/\/franciscanos.org.br\/noticias\/coral-dos-canarinhos-de-petropolis-celebra-77-anos.html"]}]},{"@type":"BreadcrumbList","@id":"https:\/\/franciscanos.org.br\/noticias\/coral-dos-canarinhos-de-petropolis-celebra-77-anos.html#breadcrumb","itemListElement":[{"@type":"ListItem","position":1,"name":"Home","item":"https:\/\/franciscanos.org.br\/noticias"},{"@type":"ListItem","position":2,"name":"Coral dos Canarinhos de Petr\u00f3polis celebra 77 anos"}]},{"@type":"Person","@id":"https:\/\/franciscanos.org.br\/noticias\/#\/schema\/person\/37f88f0d111cd5358b12a6556a99eb91","name":"freiaugusto","image":{"@type":"ImageObject","inLanguage":"pt-BR","@id":"https:\/\/franciscanos.org.br\/noticias\/#\/schema\/person\/image\/","url":"https:\/\/secure.gravatar.com\/avatar\/9840b940e621801b24f3e6b059efb4b7?s=96&d=mm&r=g","contentUrl":"https:\/\/secure.gravatar.com\/avatar\/9840b940e621801b24f3e6b059efb4b7?s=96&d=mm&r=g","caption":"freiaugusto"},"url":"https:\/\/franciscanos.org.br\/noticias\/author\/freiaugusto"}]}},"_links":{"self":[{"href":"https:\/\/franciscanos.org.br\/noticias\/wp-json\/wp\/v2\/posts\/209566"}],"collection":[{"href":"https:\/\/franciscanos.org.br\/noticias\/wp-json\/wp\/v2\/posts"}],"about":[{"href":"https:\/\/franciscanos.org.br\/noticias\/wp-json\/wp\/v2\/types\/post"}],"author":[{"embeddable":true,"href":"https:\/\/franciscanos.org.br\/noticias\/wp-json\/wp\/v2\/users\/5"}],"replies":[{"embeddable":true,"href":"https:\/\/franciscanos.org.br\/noticias\/wp-json\/wp\/v2\/comments?post=209566"}],"version-history":[{"count":1,"href":"https:\/\/franciscanos.org.br\/noticias\/wp-json\/wp\/v2\/posts\/209566\/revisions"}],"predecessor-version":[{"id":232888,"href":"https:\/\/franciscanos.org.br\/noticias\/wp-json\/wp\/v2\/posts\/209566\/revisions\/232888"}],"wp:featuredmedia":[{"embeddable":true,"href":"https:\/\/franciscanos.org.br\/noticias\/wp-json\/wp\/v2\/media\/209569"}],"wp:attachment":[{"href":"https:\/\/franciscanos.org.br\/noticias\/wp-json\/wp\/v2\/media?parent=209566"}],"wp:term":[{"taxonomy":"category","embeddable":true,"href":"https:\/\/franciscanos.org.br\/noticias\/wp-json\/wp\/v2\/categories?post=209566"},{"taxonomy":"post_tag","embeddable":true,"href":"https:\/\/franciscanos.org.br\/noticias\/wp-json\/wp\/v2\/tags?post=209566"}],"curies":[{"name":"wp","href":"https:\/\/api.w.org\/{rel}","templated":true}]}}