{"id":209548,"date":"2019-08-15T09:12:31","date_gmt":"2019-08-15T12:12:31","guid":{"rendered":"https:\/\/franciscanos.org.br\/noticias\/?p=209548"},"modified":"2020-06-05T14:09:58","modified_gmt":"2020-06-05T17:09:58","slug":"angelus-o-ceu-e-nossa-meta-e-nao-as-pequenezas-da-vida","status":"publish","type":"post","link":"https:\/\/franciscanos.org.br\/noticias\/angelus-o-ceu-e-nossa-meta-e-nao-as-pequenezas-da-vida.html","title":{"rendered":"Angelus: o c\u00e9u \u00e9 nossa meta e n\u00e3o as pequenezas da vida"},"content":{"rendered":"<p><img loading=\"lazy\" class=\"alignnone wp-image-209549 size-full\" src=\"https:\/\/franciscanos.org.br\/noticias\/wp-content\/uploads\/2019\/08\/angelus_1508_1.jpg\" alt=\"\" width=\"890\" height=\"501\" srcset=\"https:\/\/franciscanos.org.br\/noticias\/wp-content\/uploads\/2019\/08\/angelus_1508_1.jpg 890w, https:\/\/franciscanos.org.br\/noticias\/wp-content\/uploads\/2019\/08\/angelus_1508_1-450x253.jpg 450w, https:\/\/franciscanos.org.br\/noticias\/wp-content\/uploads\/2019\/08\/angelus_1508_1-768x432.jpg 768w, https:\/\/franciscanos.org.br\/noticias\/wp-content\/uploads\/2019\/08\/angelus_1508_1-150x84.jpg 150w\" sizes=\"(max-width: 890px) 100vw, 890px\" \/><\/p>\n<p><strong>Cidade do Vaticano<\/strong> &#8211; O Papa Francisco rezou o Angelus com os fi\u00e9is presentes da Pra\u00e7a S\u00e3o Pedro neste dia 15 de agosto, solenidade da Assun\u00e7\u00e3o de Maria na It\u00e1lia. Antes da ora\u00e7\u00e3o mariana, o Pont\u00edfice comentou as palavras da Virgem narradas no Evangelho de Lucas: &#8220;Minha alma engrandece ao Senhor e o meu esp\u00edrito se alegra em Deus, meu Salvador\u00bb (Lc 1,46-47).<\/p>\n<p>Francisco ressaltou os dois verbos desta frase: engrandecer e alegrar-se. Maria exulta por causa de Deus. \u201cQui\u00e7\u00e1 se tamb\u00e9m a n\u00f3s aconteceu de exultar pelo Senhor: exultamos pelo resultado obtido, por uma bela not\u00edcia recebida, mas hoje Maria nos ensina a exultar em Deus, porque Ele faz \u2018grandes coisas\u2019\u201d, disse o Papa.<\/p>\n<p>As grandes coisas s\u00e3o evocadas por outro verbo: engrandecer. De fato, engrandecer significa exaltar uma realidade pela sua grandeza. Maria exalta a grandeza do Senhor.<\/p>\n<p>Na vida, \u00e9 importante buscar coisas grandes, recordou Francisco; do contr\u00e1rio, nos perdemos em muitas pequenezas. Maria nos demonstra que, se quisermos que a nossa vida seja feliz, deve ser colocado Deus em primeiro lugar, porque somente Ele \u00e9 grande. \u201cQuantas vezes, ao inv\u00e9s, vivemos buscando coisas de pouco valor: preconceitos, rancores, rivalidades, invejas, ilus\u00f5es, bens materiais sup\u00e9rfluos&#8230; Quantas mesquinhezes na vida! Maria hoje convida a elevar o olhar para as \u2018grandes coisas\u2019 que o Senhor realizou Nela. Tamb\u00e9m em n\u00f3s, em cada um de n\u00f3s, o Senhor faz tantas grandes coisas. \u00c9 preciso reconhec\u00ea-las e exultar\u201d.<\/p>\n<p><img loading=\"lazy\" class=\"alignnone size-full wp-image-209550\" src=\"https:\/\/franciscanos.org.br\/noticias\/wp-content\/uploads\/2019\/08\/angelus_1508.jpg\" alt=\"\" width=\"890\" height=\"501\" srcset=\"https:\/\/franciscanos.org.br\/noticias\/wp-content\/uploads\/2019\/08\/angelus_1508.jpg 890w, https:\/\/franciscanos.org.br\/noticias\/wp-content\/uploads\/2019\/08\/angelus_1508-450x253.jpg 450w, https:\/\/franciscanos.org.br\/noticias\/wp-content\/uploads\/2019\/08\/angelus_1508-768x432.jpg 768w, https:\/\/franciscanos.org.br\/noticias\/wp-content\/uploads\/2019\/08\/angelus_1508-150x84.jpg 150w\" sizes=\"(max-width: 890px) 100vw, 890px\" \/><\/p>\n<p><strong>Maria, porta do c\u00e9u<\/strong><br \/>\nS\u00e3o as \u201cgrandes coisas\u201d festejadas na solenidade da Assun\u00e7\u00e3o. Maria foi assumida no c\u00e9u: pequena e humilde, recebe por primeiro a gl\u00f3ria maior. Ela, que \u00e9 uma criatura humana, uma de n\u00f3s, alcan\u00e7a a eternidade em alma e corpo. E ali nos espera, como uma m\u00e3e espera que os filhos voltem para casa.<\/p>\n<p>De fato, recordou o Papa, o povo de Deus a invoca como \u201cporta do c\u00e9u\u201d. \u201cN\u00f3s estamos em caminho, peregrinos rumo \u00e0 casa l\u00e1 em cima. Hoje, olhamos para Maria e vemos a linha de chegada. Vemos que no para\u00edso, com Cristo, o Novo Ad\u00e3o, est\u00e1 tamb\u00e9m ela, Maria, a nova Eva, e isso nos d\u00e1 conforto e esperan\u00e7a na nossa peregrina\u00e7\u00e3o aqui embaixo.\u201d<\/p>\n<p><strong>Um passo rumo \u00e0 grande meta<\/strong><br \/>\nPortanto, explicou Francisco, a festa da Assun\u00e7\u00e3o de Maria \u00e9 um chamado para todos, especialmente para aqueles que s\u00e3o afligidos por d\u00favidas e tristezas, e vivem com o olhar cabisbaixo. \u201cOlhemos para o alto, o c\u00e9u est\u00e1 aberto\u201d, exortou o Papa. O c\u00e9u n\u00e3o provoca temor, porque no limiar h\u00e1 uma m\u00e3e que nos espera.<\/p>\n<p>\u201c Como toda m\u00e3e, quer o melhor para os seus filhos e nos diz: \u2018Voc\u00eas s\u00e3o preciosos aos olhos de Deus; n\u00e3o s\u00e3o feitos para os pequenos prazeres do mundo, mas para as grandes alegrias do c\u00e9u\u2019. Sim, porque Deus \u00e9 alegria, n\u00e3o t\u00e9dio. Deixemo-nos que Nossa Senhora nos pegue pela m\u00e3o. Toda vez que pegamos o Ter\u00e7o e rezamos, damos um passo adiante rumo \u00e0 grande meta da vida\u201d.<\/p>\n<hr \/>\n<p><em>Fonte: Vatican News<\/em><\/p>\n","protected":false},"excerpt":{"rendered":"<p>Angelus<\/p>\n","protected":false},"author":3,"featured_media":209551,"comment_status":"open","ping_status":"open","sticky":false,"template":"","format":"standard","meta":[],"categories":[1428],"tags":[403],"acf":[],"yoast_head":"<!-- This site is optimized with the Yoast SEO plugin v19.2 - https:\/\/yoast.com\/wordpress\/plugins\/seo\/ -->\n<title>Angelus: o c\u00e9u \u00e9 nossa meta e n\u00e3o as pequenezas da vida - Not\u00edcias - Franciscanos<\/title>\n<meta name=\"robots\" content=\"index, follow, max-snippet:-1, max-image-preview:large, max-video-preview:-1\" \/>\n<link rel=\"canonical\" href=\"https:\/\/franciscanos.org.br\/noticias\/angelus-o-ceu-e-nossa-meta-e-nao-as-pequenezas-da-vida.html\" \/>\n<meta property=\"og:locale\" content=\"pt_BR\" \/>\n<meta property=\"og:type\" content=\"article\" \/>\n<meta property=\"og:title\" content=\"Angelus: o c\u00e9u \u00e9 nossa meta e n\u00e3o as pequenezas da vida - Not\u00edcias - Franciscanos\" \/>\n<meta property=\"og:description\" content=\"Angelus\" \/>\n<meta property=\"og:url\" content=\"https:\/\/franciscanos.org.br\/noticias\/angelus-o-ceu-e-nossa-meta-e-nao-as-pequenezas-da-vida.html\" \/>\n<meta property=\"og:site_name\" content=\"Not\u00edcias - Franciscanos\" \/>\n<meta property=\"article:published_time\" content=\"2019-08-15T12:12:31+00:00\" \/>\n<meta property=\"article:modified_time\" content=\"2020-06-05T17:09:58+00:00\" \/>\n<meta property=\"og:image\" content=\"https:\/\/franciscanos.org.br\/noticias\/wp-content\/uploads\/2019\/08\/angelus_1508_d.jpg\" \/>\n\t<meta property=\"og:image:width\" content=\"273\" \/>\n\t<meta property=\"og:image:height\" content=\"181\" \/>\n\t<meta property=\"og:image:type\" content=\"image\/jpeg\" \/>\n<meta name=\"author\" content=\"moacir\" \/>\n<meta name=\"twitter:card\" content=\"summary_large_image\" \/>\n<meta name=\"twitter:label1\" content=\"Escrito por\" \/>\n\t<meta name=\"twitter:data1\" content=\"moacir\" \/>\n\t<meta name=\"twitter:label2\" content=\"Est. tempo de leitura\" \/>\n\t<meta name=\"twitter:data2\" content=\"3 minutos\" \/>\n<script type=\"application\/ld+json\" class=\"yoast-schema-graph\">{\"@context\":\"https:\/\/schema.org\",\"@graph\":[{\"@type\":\"WebSite\",\"@id\":\"https:\/\/franciscanos.org.br\/noticias\/#website\",\"url\":\"https:\/\/franciscanos.org.br\/noticias\/\",\"name\":\"Not\u00edcias - Franciscanos\",\"description\":\"Prov\u00edncia Franciscana da Imaculada Concei\u00e7\u00e3o do Brasil - Ordem dos Frades Menores - OFM\",\"potentialAction\":[{\"@type\":\"SearchAction\",\"target\":{\"@type\":\"EntryPoint\",\"urlTemplate\":\"https:\/\/franciscanos.org.br\/noticias\/?s={search_term_string}\"},\"query-input\":\"required name=search_term_string\"}],\"inLanguage\":\"pt-BR\"},{\"@type\":\"ImageObject\",\"inLanguage\":\"pt-BR\",\"@id\":\"https:\/\/franciscanos.org.br\/noticias\/angelus-o-ceu-e-nossa-meta-e-nao-as-pequenezas-da-vida.html#primaryimage\",\"url\":\"https:\/\/franciscanos.org.br\/noticias\/wp-content\/uploads\/2019\/08\/angelus_1508_d.jpg\",\"contentUrl\":\"https:\/\/franciscanos.org.br\/noticias\/wp-content\/uploads\/2019\/08\/angelus_1508_d.jpg\",\"width\":273,\"height\":181},{\"@type\":\"WebPage\",\"@id\":\"https:\/\/franciscanos.org.br\/noticias\/angelus-o-ceu-e-nossa-meta-e-nao-as-pequenezas-da-vida.html#webpage\",\"url\":\"https:\/\/franciscanos.org.br\/noticias\/angelus-o-ceu-e-nossa-meta-e-nao-as-pequenezas-da-vida.html\",\"name\":\"Angelus: o c\u00e9u \u00e9 nossa meta e n\u00e3o as pequenezas da vida - Not\u00edcias - Franciscanos\",\"isPartOf\":{\"@id\":\"https:\/\/franciscanos.org.br\/noticias\/#website\"},\"primaryImageOfPage\":{\"@id\":\"https:\/\/franciscanos.org.br\/noticias\/angelus-o-ceu-e-nossa-meta-e-nao-as-pequenezas-da-vida.html#primaryimage\"},\"datePublished\":\"2019-08-15T12:12:31+00:00\",\"dateModified\":\"2020-06-05T17:09:58+00:00\",\"author\":{\"@id\":\"https:\/\/franciscanos.org.br\/noticias\/#\/schema\/person\/b5c8cba458c330ccff548b056e95a5d4\"},\"breadcrumb\":{\"@id\":\"https:\/\/franciscanos.org.br\/noticias\/angelus-o-ceu-e-nossa-meta-e-nao-as-pequenezas-da-vida.html#breadcrumb\"},\"inLanguage\":\"pt-BR\",\"potentialAction\":[{\"@type\":\"ReadAction\",\"target\":[\"https:\/\/franciscanos.org.br\/noticias\/angelus-o-ceu-e-nossa-meta-e-nao-as-pequenezas-da-vida.html\"]}]},{\"@type\":\"BreadcrumbList\",\"@id\":\"https:\/\/franciscanos.org.br\/noticias\/angelus-o-ceu-e-nossa-meta-e-nao-as-pequenezas-da-vida.html#breadcrumb\",\"itemListElement\":[{\"@type\":\"ListItem\",\"position\":1,\"name\":\"Home\",\"item\":\"https:\/\/franciscanos.org.br\/noticias\"},{\"@type\":\"ListItem\",\"position\":2,\"name\":\"Angelus: o c\u00e9u \u00e9 nossa meta e n\u00e3o as pequenezas da vida\"}]},{\"@type\":\"Person\",\"@id\":\"https:\/\/franciscanos.org.br\/noticias\/#\/schema\/person\/b5c8cba458c330ccff548b056e95a5d4\",\"name\":\"moacir\",\"image\":{\"@type\":\"ImageObject\",\"inLanguage\":\"pt-BR\",\"@id\":\"https:\/\/franciscanos.org.br\/noticias\/#\/schema\/person\/image\/\",\"url\":\"https:\/\/secure.gravatar.com\/avatar\/d08aa2ce4c8dd416d4479aa8536fcf64?s=96&d=mm&r=g\",\"contentUrl\":\"https:\/\/secure.gravatar.com\/avatar\/d08aa2ce4c8dd416d4479aa8536fcf64?s=96&d=mm&r=g\",\"caption\":\"moacir\"},\"url\":\"https:\/\/franciscanos.org.br\/noticias\/author\/moacir\"}]}<\/script>\n<!-- \/ Yoast SEO plugin. -->","yoast_head_json":{"title":"Angelus: o c\u00e9u \u00e9 nossa meta e n\u00e3o as pequenezas da vida - Not\u00edcias - Franciscanos","robots":{"index":"index","follow":"follow","max-snippet":"max-snippet:-1","max-image-preview":"max-image-preview:large","max-video-preview":"max-video-preview:-1"},"canonical":"https:\/\/franciscanos.org.br\/noticias\/angelus-o-ceu-e-nossa-meta-e-nao-as-pequenezas-da-vida.html","og_locale":"pt_BR","og_type":"article","og_title":"Angelus: o c\u00e9u \u00e9 nossa meta e n\u00e3o as pequenezas da vida - Not\u00edcias - Franciscanos","og_description":"Angelus","og_url":"https:\/\/franciscanos.org.br\/noticias\/angelus-o-ceu-e-nossa-meta-e-nao-as-pequenezas-da-vida.html","og_site_name":"Not\u00edcias - Franciscanos","article_published_time":"2019-08-15T12:12:31+00:00","article_modified_time":"2020-06-05T17:09:58+00:00","og_image":[{"width":273,"height":181,"url":"https:\/\/franciscanos.org.br\/noticias\/wp-content\/uploads\/2019\/08\/angelus_1508_d.jpg","type":"image\/jpeg"}],"author":"moacir","twitter_card":"summary_large_image","twitter_misc":{"Escrito por":"moacir","Est. tempo de leitura":"3 minutos"},"schema":{"@context":"https:\/\/schema.org","@graph":[{"@type":"WebSite","@id":"https:\/\/franciscanos.org.br\/noticias\/#website","url":"https:\/\/franciscanos.org.br\/noticias\/","name":"Not\u00edcias - Franciscanos","description":"Prov\u00edncia Franciscana da Imaculada Concei\u00e7\u00e3o do Brasil - Ordem dos Frades Menores - OFM","potentialAction":[{"@type":"SearchAction","target":{"@type":"EntryPoint","urlTemplate":"https:\/\/franciscanos.org.br\/noticias\/?s={search_term_string}"},"query-input":"required name=search_term_string"}],"inLanguage":"pt-BR"},{"@type":"ImageObject","inLanguage":"pt-BR","@id":"https:\/\/franciscanos.org.br\/noticias\/angelus-o-ceu-e-nossa-meta-e-nao-as-pequenezas-da-vida.html#primaryimage","url":"https:\/\/franciscanos.org.br\/noticias\/wp-content\/uploads\/2019\/08\/angelus_1508_d.jpg","contentUrl":"https:\/\/franciscanos.org.br\/noticias\/wp-content\/uploads\/2019\/08\/angelus_1508_d.jpg","width":273,"height":181},{"@type":"WebPage","@id":"https:\/\/franciscanos.org.br\/noticias\/angelus-o-ceu-e-nossa-meta-e-nao-as-pequenezas-da-vida.html#webpage","url":"https:\/\/franciscanos.org.br\/noticias\/angelus-o-ceu-e-nossa-meta-e-nao-as-pequenezas-da-vida.html","name":"Angelus: o c\u00e9u \u00e9 nossa meta e n\u00e3o as pequenezas da vida - Not\u00edcias - Franciscanos","isPartOf":{"@id":"https:\/\/franciscanos.org.br\/noticias\/#website"},"primaryImageOfPage":{"@id":"https:\/\/franciscanos.org.br\/noticias\/angelus-o-ceu-e-nossa-meta-e-nao-as-pequenezas-da-vida.html#primaryimage"},"datePublished":"2019-08-15T12:12:31+00:00","dateModified":"2020-06-05T17:09:58+00:00","author":{"@id":"https:\/\/franciscanos.org.br\/noticias\/#\/schema\/person\/b5c8cba458c330ccff548b056e95a5d4"},"breadcrumb":{"@id":"https:\/\/franciscanos.org.br\/noticias\/angelus-o-ceu-e-nossa-meta-e-nao-as-pequenezas-da-vida.html#breadcrumb"},"inLanguage":"pt-BR","potentialAction":[{"@type":"ReadAction","target":["https:\/\/franciscanos.org.br\/noticias\/angelus-o-ceu-e-nossa-meta-e-nao-as-pequenezas-da-vida.html"]}]},{"@type":"BreadcrumbList","@id":"https:\/\/franciscanos.org.br\/noticias\/angelus-o-ceu-e-nossa-meta-e-nao-as-pequenezas-da-vida.html#breadcrumb","itemListElement":[{"@type":"ListItem","position":1,"name":"Home","item":"https:\/\/franciscanos.org.br\/noticias"},{"@type":"ListItem","position":2,"name":"Angelus: o c\u00e9u \u00e9 nossa meta e n\u00e3o as pequenezas da vida"}]},{"@type":"Person","@id":"https:\/\/franciscanos.org.br\/noticias\/#\/schema\/person\/b5c8cba458c330ccff548b056e95a5d4","name":"moacir","image":{"@type":"ImageObject","inLanguage":"pt-BR","@id":"https:\/\/franciscanos.org.br\/noticias\/#\/schema\/person\/image\/","url":"https:\/\/secure.gravatar.com\/avatar\/d08aa2ce4c8dd416d4479aa8536fcf64?s=96&d=mm&r=g","contentUrl":"https:\/\/secure.gravatar.com\/avatar\/d08aa2ce4c8dd416d4479aa8536fcf64?s=96&d=mm&r=g","caption":"moacir"},"url":"https:\/\/franciscanos.org.br\/noticias\/author\/moacir"}]}},"_links":{"self":[{"href":"https:\/\/franciscanos.org.br\/noticias\/wp-json\/wp\/v2\/posts\/209548"}],"collection":[{"href":"https:\/\/franciscanos.org.br\/noticias\/wp-json\/wp\/v2\/posts"}],"about":[{"href":"https:\/\/franciscanos.org.br\/noticias\/wp-json\/wp\/v2\/types\/post"}],"author":[{"embeddable":true,"href":"https:\/\/franciscanos.org.br\/noticias\/wp-json\/wp\/v2\/users\/3"}],"replies":[{"embeddable":true,"href":"https:\/\/franciscanos.org.br\/noticias\/wp-json\/wp\/v2\/comments?post=209548"}],"version-history":[{"count":1,"href":"https:\/\/franciscanos.org.br\/noticias\/wp-json\/wp\/v2\/posts\/209548\/revisions"}],"predecessor-version":[{"id":224278,"href":"https:\/\/franciscanos.org.br\/noticias\/wp-json\/wp\/v2\/posts\/209548\/revisions\/224278"}],"wp:featuredmedia":[{"embeddable":true,"href":"https:\/\/franciscanos.org.br\/noticias\/wp-json\/wp\/v2\/media\/209551"}],"wp:attachment":[{"href":"https:\/\/franciscanos.org.br\/noticias\/wp-json\/wp\/v2\/media?parent=209548"}],"wp:term":[{"taxonomy":"category","embeddable":true,"href":"https:\/\/franciscanos.org.br\/noticias\/wp-json\/wp\/v2\/categories?post=209548"},{"taxonomy":"post_tag","embeddable":true,"href":"https:\/\/franciscanos.org.br\/noticias\/wp-json\/wp\/v2\/tags?post=209548"}],"curies":[{"name":"wp","href":"https:\/\/api.w.org\/{rel}","templated":true}]}}