{"id":209534,"date":"2019-08-14T14:21:56","date_gmt":"2019-08-14T17:21:56","guid":{"rendered":"https:\/\/franciscanos.org.br\/noticias\/?p=209534"},"modified":"2023-03-10T18:50:05","modified_gmt":"2023-03-10T21:50:05","slug":"centro-filatelico-franciscano-lanca-pagina-no-facebook","status":"publish","type":"post","link":"https:\/\/franciscanos.org.br\/noticias\/centro-filatelico-franciscano-lanca-pagina-no-facebook.html","title":{"rendered":"Centro Filat\u00e9lico Franciscano lan\u00e7a p\u00e1gina no Facebook"},"content":{"rendered":"<p><img loading=\"lazy\" class=\"wp-image-242389 size-full\" src=\"https:\/\/franciscanos.org.br\/noticias\/wp-content\/uploads\/2019\/08\/centrofilatelico.png\" alt=\"\" width=\"1280\" height=\"720\" srcset=\"https:\/\/franciscanos.org.br\/noticias\/wp-content\/uploads\/2019\/08\/centrofilatelico.png 1280w, https:\/\/franciscanos.org.br\/noticias\/wp-content\/uploads\/2019\/08\/centrofilatelico-450x253.png 450w, https:\/\/franciscanos.org.br\/noticias\/wp-content\/uploads\/2019\/08\/centrofilatelico-1024x576.png 1024w, https:\/\/franciscanos.org.br\/noticias\/wp-content\/uploads\/2019\/08\/centrofilatelico-768x432.png 768w, https:\/\/franciscanos.org.br\/noticias\/wp-content\/uploads\/2019\/08\/centrofilatelico-150x84.png 150w\" sizes=\"(max-width: 1280px) 100vw, 1280px\" \/><\/p>\n<p><strong>Frei Augusto Luiz Gabriel<\/strong><\/p>\n<p><strong>Petr\u00f3polis (RJ) \u2013 <\/strong><em>Desde sua cria\u00e7\u00e3o, h\u00e1 mais de 70 anos, o Centro Filat\u00e9lico Franciscano, localizado no Convento do Sagrado Cora\u00e7\u00e3o de Jesus em Petr\u00f3polis (RJ), tem por miss\u00e3o arrecadar fundos para as Miss\u00f5es Franciscanas em Angola, na \u00c1frica. Recebe selos novos e usados e tamb\u00e9m cole\u00e7\u00f5es vindas de todo o Brasil e de outros pa\u00edses. Os selos s\u00e3o vendidos a colecionadores e o valor \u00e9 aplicado nas diversas frentes de trabalho em que os frades franciscanos atuam na miss\u00e3o: par\u00f3quias, projetos sociais, escolas, semin\u00e1rios, trabalhos de horticultura, entre outros. <\/em><\/p>\n<p><em>Segundo Frei Edrian Josu\u00e9 Pasini, coordenador do setor, a premissa que, com certeza, fez nascer o Centro Filat\u00e9lico Franciscano e que o orienta at\u00e9 hoje como meio de ajudar as miss\u00f5es franciscanas \u00e9 \u201cdar valor ao que n\u00e3o tem mais valor\u201d. Para ele, as diferentes formas de colaborar com a evangeliza\u00e7\u00e3o, tanto material quanto financeiramente s\u00e3o, notoriamente, jeitos que o nosso cora\u00e7\u00e3o mostra e que entende como doa\u00e7\u00e3o.<\/em><\/p>\n<p><em>Agora, o Centro Filat\u00e9lico Franciscano conta com mais uma poderosa ferramenta de comunica\u00e7\u00e3o: <a href=\"https:\/\/web.facebook.com\/Centro-Filat%C3%A9lico-Franciscano-390146595044925\/?modal=admin_todo_tour\" target=\"_blank\" rel=\"noopener noreferrer\"><strong>uma fanpage no Facebook<\/strong><\/a>. Conscientes de que, mais do que um instrumento, a rede se destaca como um verdadeiro ambiente, o prop\u00f3sito \u00e9 de estreitar e expandir ainda mais os trabalhos mediante a recep\u00e7\u00e3o de selos novos e usados doados por benfeitores e vendidos a colecionadores. <\/em><\/p>\n<p><em>Atualmente, Frei Domingos Cacanda Soma e Frei Elias Hebo Lu\u00eds trabalham diretamente no setor e s\u00e3o frades angolanos provenientes da Miss\u00e3o Franciscana, ajudada pela Filatelia, da Funda\u00e7\u00e3o Imaculada M\u00e3e de Deus de Angola (FIMDA). Para eles, a novidade apresenta outra possibilidade de aproxima\u00e7\u00e3o entre os frades e os colecionadores, compradores, benfeitores, e outras pessoas que t\u00eam interesse ou desejam saber um pouco mais sobre selos; sobre o Centro Filat\u00e9lico e sobre a evangeliza\u00e7\u00e3o dos Franciscanos na Miss\u00e3o de Angola.<\/em><\/p>\n<p><img loading=\"lazy\" class=\"alignnone wp-image-242392 size-full\" src=\"https:\/\/franciscanos.org.br\/noticias\/wp-content\/uploads\/2019\/08\/centrofilatelico2.png\" alt=\"\" width=\"960\" height=\"720\" srcset=\"https:\/\/franciscanos.org.br\/noticias\/wp-content\/uploads\/2019\/08\/centrofilatelico2.png 960w, https:\/\/franciscanos.org.br\/noticias\/wp-content\/uploads\/2019\/08\/centrofilatelico2-450x338.png 450w, https:\/\/franciscanos.org.br\/noticias\/wp-content\/uploads\/2019\/08\/centrofilatelico2-768x576.png 768w, https:\/\/franciscanos.org.br\/noticias\/wp-content\/uploads\/2019\/08\/centrofilatelico2-150x113.png 150w, https:\/\/franciscanos.org.br\/noticias\/wp-content\/uploads\/2019\/08\/centrofilatelico2-600x450.png 600w\" sizes=\"(max-width: 960px) 100vw, 960px\" \/><\/p>\n<p><em>Em entrevista concedida em 2019, os frades atendem no Centro Filat\u00e9lico Franciscano duas vezes por semana, \u00e0s segundas e quintas-feiras, das 13h30 \u00e0s 16h00. O contato com os benfeitores e os colecionadores de selos \u00e9 feito pessoalmente, pela internet ou por meio do telefone. \u201cNosso Centro j\u00e1 n\u00e3o \u00e9 t\u00e3o novo assim. Tem mais de 50 anos de exist\u00eancia, por isso, muitos j\u00e1 o frequentam com bastante regularidade\u201d, destaca Frei Canga Manuel Mazoa.\u00a0<\/em><\/p>\n<p><em>Segundo Frei M\u00e1rio Sampaio Pelu, uma p\u00e1gina no Facebook facilitar\u00e1 a intera\u00e7\u00e3o e a divulga\u00e7\u00e3o dos trabalhos com o p\u00fablico. \u201cFavorecer\u00e1 novas possibilidades de contato e de aproxima\u00e7\u00e3o entre n\u00f3s e os colecionadores, compradores, benfeitores, e outras pessoas que t\u00eam interesse em saber mais sobre os selos; nosso Centro ou sobre a Evangeliza\u00e7\u00e3o dos Franciscanos na Miss\u00e3o de Angola\u201d, ressalta.<\/em><\/p>\n<p><em>Para Frei Honorato Salvador Gaspar Gabriel, os selos s\u00e3o portadores de conhecimento hist\u00f3rico-art\u00edstico e proporcionam lazer e passatempo aos colecionadores. \u201cQuanto mais antigo e conservado for um selo, de tiragem limitada ou escassa, mais valiosos ele ser\u00e1\u201d, revela.<\/em><\/p>\n<p><em>Acompanhe a entrevista com Frei Edrian Josu\u00e9 Pasini, coordenador do setor.<\/em><\/p>\n<p><strong>Site Franciscanos &#8211; O que \u00e9 o Centro Filat\u00e9lico Franciscano?<\/strong><\/p>\n<p><strong>Frei Edrian &#8211;<\/strong> \u00c9 uma central de capta\u00e7\u00e3o de recursos financeiros localizada no Convento do Sagrado Cora\u00e7\u00e3o de Jesus, em Petr\u00f3polis (RJ), com a finalidade de ajudar na manuten\u00e7\u00e3o das miss\u00f5es evangelizadoras da Prov\u00edncia Franciscana da Imaculada Concei\u00e7\u00e3o do Brasil. Essa capta\u00e7\u00e3o \u00e9 feita principalmente mediante a recep\u00e7\u00e3o de selos novos e usados doados por benfeitores e vendidos a colecionadores.<\/p>\n<p><img loading=\"lazy\" class=\"alignnone wp-image-209536 size-full\" src=\"https:\/\/franciscanos.org.br\/noticias\/wp-content\/uploads\/2019\/08\/filatelia_140819_1.jpg\" alt=\"\" width=\"890\" height=\"500\" srcset=\"https:\/\/franciscanos.org.br\/noticias\/wp-content\/uploads\/2019\/08\/filatelia_140819_1.jpg 890w, https:\/\/franciscanos.org.br\/noticias\/wp-content\/uploads\/2019\/08\/filatelia_140819_1-450x253.jpg 450w, https:\/\/franciscanos.org.br\/noticias\/wp-content\/uploads\/2019\/08\/filatelia_140819_1-768x431.jpg 768w, https:\/\/franciscanos.org.br\/noticias\/wp-content\/uploads\/2019\/08\/filatelia_140819_1-150x84.jpg 150w\" sizes=\"(max-width: 890px) 100vw, 890px\" \/><\/p>\n<p><strong>Site Franciscanos &#8211; Qual \u00e9 o principal objetivo?<\/strong><\/p>\n<p><strong>Frei Edrian &#8211;<\/strong> Desde a sua cria\u00e7\u00e3o, na d\u00e9cada de 1940 (oficialmente em 1948), o objetivo do Centro Filat\u00e9lico Franciscano continua sendo o de auxiliar a Prov\u00edncia Franciscana da Imaculada Concei\u00e7\u00e3o do Brasil na manuten\u00e7\u00e3o das obras mission\u00e1rias pelo mundo, fazendo-se presente em anos passados no Chile, e atualmente no Mato Grosso e em Angola, na \u00c1frica. H\u00e1 iniciativas de miss\u00e3o na Ilha de Maraj\u00f3 (PA), Diocese de Barra (BA) e Iguatemi (MS, em aldeia ind\u00edgena). A servi\u00e7o da Ordem Franciscana, os frades est\u00e3o em miss\u00e3o na Terra Santa e no Marrocos. Em miss\u00e3o evangelizadora, a Prov\u00edncia Franciscana est\u00e1 presente nas terras angolanas desde 1990, com seu carisma pr\u00f3prio, marcantemente franciscano. Com a ajuda tamb\u00e9m financeira, mant\u00e9m cinco fraternidades em quatro lugares: Luanda, Viana, Malange e Quibala, onde h\u00e1 projetos socio-educacionais e de forma\u00e7\u00e3o de novos frades, de fomento agr\u00edcola, al\u00e9m da aten\u00e7\u00e3o paroquial \u00e0 popula\u00e7\u00e3o.<\/p>\n<p>A realidade em Angola, talvez n\u00e3o diferente de muitos locais do Brasil, necessita de ajuda tanto material quanto espiritual, propiciando-se como lugar privilegiado de miss\u00e3o, pois intensa que \u00e9 de fraturas sociais ap\u00f3s a guerra civil que a\u00e7ambarcou o pa\u00eds entre os anos de 1975 a 2002.<\/p>\n<p>Torna-se importante recordar que a inspira\u00e7\u00e3o de ir em miss\u00e3o vem de S\u00e3o Francisco de Assis, que admoestava que os frades partissem para outros ambientes, justamente onde est\u00e3o os mais empobrecidos, levando a Palavra de Deus. \u00c9 o que Papa Francisco hoje interpela a todos como \u201cIgreja em sa\u00edda\u201d.<\/p>\n<p><img loading=\"lazy\" class=\"alignnone wp-image-209537 size-full\" src=\"https:\/\/franciscanos.org.br\/noticias\/wp-content\/uploads\/2019\/08\/filatelia_140819_2.jpg\" alt=\"\" width=\"890\" height=\"500\" srcset=\"https:\/\/franciscanos.org.br\/noticias\/wp-content\/uploads\/2019\/08\/filatelia_140819_2.jpg 890w, https:\/\/franciscanos.org.br\/noticias\/wp-content\/uploads\/2019\/08\/filatelia_140819_2-450x253.jpg 450w, https:\/\/franciscanos.org.br\/noticias\/wp-content\/uploads\/2019\/08\/filatelia_140819_2-768x431.jpg 768w, https:\/\/franciscanos.org.br\/noticias\/wp-content\/uploads\/2019\/08\/filatelia_140819_2-150x84.jpg 150w\" sizes=\"(max-width: 890px) 100vw, 890px\" \/><strong>Site Franciscanos &#8211; Como se organiza o setor?<\/strong><\/p>\n<p><strong>Frei Edrian &#8211;<\/strong> Atrav\u00e9s de an\u00fancios, feitos sobretudo pela Folhinha do Sagrado Cora\u00e7\u00e3o de Jesus (calend\u00e1rio anual publicado pela Editora Vozes), em que se solicitam aos leitores a doa\u00e7\u00e3o de selos novos e usados. Salienta-se aqui que os benfeitores que n\u00e3o possuam selos ou nem tenham o h\u00e1bito de os colecionar, podem colaborar financeiramente por meio de dep\u00f3sito em conta.<\/p>\n<p>No Centro Filat\u00e9lico Franciscano \u00e9 feita, ent\u00e3o, a triagem do material que chega, observando a import\u00e2ncia de cada selo, em vista da venda direta aos colecionadores. Nossos frades estudantes do tempo de Teologia t\u00eam o trabalho de identificar e valorizar os selos e os vender por peso. Em dias espec\u00edficos, os compradores os buscam pessoalmente. Para os que residem mais distantes, os selos s\u00e3o enviados via Correios. Os frades tamb\u00e9m mant\u00eam contato com os benfeitores atrav\u00e9s de e-mails, cartas e cart\u00f5es, enviando-lhes uma mensagem evangelizadora em \u00e9pocas fortes do ano como P\u00e1scoa e Natal.<\/p>\n<p><strong>Site Franciscanos &#8211; Estar presente nos meios digitais, agora com uma p\u00e1gina no Facebook, favorecer\u00e1 um engajamento maior com o p\u00fablico? Al\u00e9m de comunicar, informar e divulgar os trabalhos do Centro Filat\u00e9lico, qual a novidade e a perspectiva para o futuro?<\/strong><\/p>\n<p><strong>Frei Edrian &#8211;<\/strong> Para quem n\u00e3o sabe, a filatelia \u00e9 um neg\u00f3cio rent\u00e1vel que movimenta colecionadores pelo mundo todo. Os novos meios de comunica\u00e7\u00e3o servem para melhorar e viabilizar o conhecimento e uma <em>fanpage <\/em>no Facebook ir\u00e1 colaborar como uma plataforma de maior contato do Centro Filat\u00e9lico Franciscano com o p\u00fablico, formado tanto de benfeitores quanto de colecionadores. Para estes, a p\u00e1gina funcionar\u00e1 principalmente como canal de compra, facilitando e agilizando a amostragem do acervo e apontando novidades. Espera-se que o Centro Filat\u00e9lico ganhe assim, uma cara mais de neg\u00f3cio, saindo um pouco do jeito caseiro que at\u00e9 ent\u00e3o \u00e9 feito. \u00c9 bom lembrar que o objetivo sempre \u00e9 o de angariar fundos para as miss\u00f5es franciscanas e, nesse sentido, acompanhar as inova\u00e7\u00f5es da comunica\u00e7\u00e3o torna-se uma consequ\u00eancia de natural import\u00e2ncia.<\/p>\n<p><img loading=\"lazy\" class=\"alignnone wp-image-242393 size-full\" src=\"https:\/\/franciscanos.org.br\/noticias\/wp-content\/uploads\/2019\/08\/centrofilatelico1.png\" alt=\"\" width=\"960\" height=\"1280\" srcset=\"https:\/\/franciscanos.org.br\/noticias\/wp-content\/uploads\/2019\/08\/centrofilatelico1.png 960w, https:\/\/franciscanos.org.br\/noticias\/wp-content\/uploads\/2019\/08\/centrofilatelico1-338x450.png 338w, https:\/\/franciscanos.org.br\/noticias\/wp-content\/uploads\/2019\/08\/centrofilatelico1-768x1024.png 768w, https:\/\/franciscanos.org.br\/noticias\/wp-content\/uploads\/2019\/08\/centrofilatelico1-150x200.png 150w\" sizes=\"(max-width: 960px) 100vw, 960px\" \/><\/p>\n<p><strong>Site Franciscanos &#8211; Como os recursos recebidos s\u00e3o enviados para a Miss\u00e3o em Angola?<\/strong><\/p>\n<p><strong>Frei Edrian &#8211;<\/strong> Todo dinheiro arrecadado \u00e9 disponibilizado para a Frente das Miss\u00f5es, do Secretariado para a Evangeliza\u00e7\u00e3o da Prov\u00edncia que, como dito antes, reenvia para a miss\u00e3o franciscana em Angola, e \u00e9 aplicado em projetos sociais, em trabalhos de incentivo e reestrutura\u00e7\u00e3o agr\u00edcola, na compra de alimentos, rem\u00e9dios, livros, na forma\u00e7\u00e3o e educa\u00e7\u00e3o.<\/p>\n<p><strong>Site Franciscanos &#8211; Deixe uma mensagem sobre a import\u00e2ncia da filatelia.<\/strong><\/p>\n<p><strong>Frei Edrian &#8211;<\/strong> Dar valor ao que n\u00e3o tem mais valor. Essa \u00e9 a premissa que, com certeza, fez nascer o Centro Filat\u00e9lico Franciscano e que o orienta at\u00e9 hoje como meio de ajudar as miss\u00f5es franciscanas. As diferentes formas de colaborar com a evangeliza\u00e7\u00e3o, tanto material quanto financeiramente s\u00e3o, notoriamente, jeitos que o nosso cora\u00e7\u00e3o mostra e que entende como doa\u00e7\u00e3o. \u00c9, sim, tamb\u00e9m modos de ser \u201cIgreja em sa\u00edda\u201d. Se algu\u00e9m tem, pois, selos novos e\/ou usados, e n\u00e3o lhes d\u00e1 import\u00e2ncia, saiba que eles podem ser \u00fateis para as miss\u00f5es franciscanas.<\/p>\n<p><strong>EXPLICA\u00c7\u00c3O DO LOGOTIPO<\/strong><\/p>\n<p><img loading=\"lazy\" class=\"wp-image-242394 alignleft\" src=\"https:\/\/franciscanos.org.br\/noticias\/wp-content\/uploads\/2019\/08\/logo-centro-filatelico.png\" alt=\"\" width=\"241\" height=\"275\" srcset=\"https:\/\/franciscanos.org.br\/noticias\/wp-content\/uploads\/2019\/08\/logo-centro-filatelico.png 720w, https:\/\/franciscanos.org.br\/noticias\/wp-content\/uploads\/2019\/08\/logo-centro-filatelico-395x450.png 395w, https:\/\/franciscanos.org.br\/noticias\/wp-content\/uploads\/2019\/08\/logo-centro-filatelico-150x171.png 150w\" sizes=\"(max-width: 241px) 100vw, 241px\" \/><\/p>\n<p>&nbsp;<\/p>\n<p>Segundo Frei F\u00e1bio Melo Vasconcelos, o logotipo do centro filat\u00e9lico \u00e9 simples: em cada parte dele tem um significado de uni\u00e3o. Assim como o selo viaja por lugares, uma \u00eanfase dada pela logomarca s\u00e3o os lugares Ideia da arte \u00e9 mostrar aspectos de interculturalidade entre o Brasil e a \u00c1frica. As linhas mostram as conex\u00f5es, caminhos, em um mundo onde est\u00e1 tudo interligado. O tau carrega todo o seu simbolismo dentro da espiritualidade franciscana. Tudo isso emoldurado e formando um selo.<\/p>\n<p>&nbsp;<\/p>\n<p>&nbsp;<\/p>\n<p>&nbsp;<\/p>\n<p>&nbsp;<\/p>\n<hr \/>\n<p>Para colaborar, recorte os selos usados dos envelopes (deixe uma margem de papel ao redor) e envie para:<\/p>\n<p><strong>Centro Filat\u00e9lico Franciscano<\/strong><br \/>\nCaixa Postal 90023<br \/>\nCEP 25689-900 \u2013 Petr\u00f3polis \u2013 RJ<\/p>\n<p><strong>Mais informa\u00e7\u00f5es:<\/strong><br \/>\n<strong>E-mail:<\/strong> filatelico@franciscanos.org.br<br \/>\n<strong>Tel.:<\/strong> (24) 2242-6915 (\u00e0s segundas e quintas-feiras)<br \/>\n<strong>Facebook:<\/strong> <a href=\"https:\/\/web.facebook.com\/Centro-Filat%C3%A9lico-Franciscano-390146595044925\/?modal=admin_todo_tour\">Centro Filat\u00e9lico Franciscano<\/a><\/p>\n","protected":false},"excerpt":{"rendered":"<p>Centro Filat\u00e9lico Franciscano<\/p>\n","protected":false},"author":5,"featured_media":242394,"comment_status":"open","ping_status":"open","sticky":false,"template":"","format":"standard","meta":[],"categories":[1],"tags":[1519,190],"acf":[],"yoast_head":"<!-- This site is optimized with the Yoast SEO plugin v19.2 - https:\/\/yoast.com\/wordpress\/plugins\/seo\/ -->\n<title>Centro Filat\u00e9lico Franciscano lan\u00e7a p\u00e1gina no Facebook - Not\u00edcias - Franciscanos<\/title>\n<meta name=\"robots\" content=\"index, follow, max-snippet:-1, max-image-preview:large, max-video-preview:-1\" \/>\n<link rel=\"canonical\" href=\"https:\/\/franciscanos.org.br\/noticias\/centro-filatelico-franciscano-lanca-pagina-no-facebook.html\" \/>\n<meta property=\"og:locale\" content=\"pt_BR\" \/>\n<meta property=\"og:type\" content=\"article\" \/>\n<meta property=\"og:title\" content=\"Centro Filat\u00e9lico Franciscano lan\u00e7a p\u00e1gina no Facebook - Not\u00edcias - Franciscanos\" \/>\n<meta property=\"og:description\" content=\"Centro Filat\u00e9lico Franciscano\" \/>\n<meta property=\"og:url\" content=\"https:\/\/franciscanos.org.br\/noticias\/centro-filatelico-franciscano-lanca-pagina-no-facebook.html\" \/>\n<meta property=\"og:site_name\" content=\"Not\u00edcias - Franciscanos\" \/>\n<meta property=\"article:published_time\" content=\"2019-08-14T17:21:56+00:00\" \/>\n<meta property=\"article:modified_time\" content=\"2023-03-10T21:50:05+00:00\" \/>\n<meta property=\"og:image\" content=\"https:\/\/franciscanos.org.br\/noticias\/wp-content\/uploads\/2019\/08\/logo-centro-filatelico.png\" \/>\n\t<meta property=\"og:image:width\" content=\"720\" \/>\n\t<meta property=\"og:image:height\" content=\"821\" \/>\n\t<meta property=\"og:image:type\" content=\"image\/png\" \/>\n<meta name=\"author\" content=\"freiaugusto\" \/>\n<meta name=\"twitter:card\" content=\"summary_large_image\" \/>\n<meta name=\"twitter:label1\" content=\"Escrito por\" \/>\n\t<meta name=\"twitter:data1\" content=\"freiaugusto\" \/>\n\t<meta name=\"twitter:label2\" content=\"Est. tempo de leitura\" \/>\n\t<meta name=\"twitter:data2\" content=\"10 minutos\" \/>\n<script type=\"application\/ld+json\" class=\"yoast-schema-graph\">{\"@context\":\"https:\/\/schema.org\",\"@graph\":[{\"@type\":\"WebSite\",\"@id\":\"https:\/\/franciscanos.org.br\/noticias\/#website\",\"url\":\"https:\/\/franciscanos.org.br\/noticias\/\",\"name\":\"Not\u00edcias - Franciscanos\",\"description\":\"Prov\u00edncia Franciscana da Imaculada Concei\u00e7\u00e3o do Brasil - Ordem dos Frades Menores - OFM\",\"potentialAction\":[{\"@type\":\"SearchAction\",\"target\":{\"@type\":\"EntryPoint\",\"urlTemplate\":\"https:\/\/franciscanos.org.br\/noticias\/?s={search_term_string}\"},\"query-input\":\"required name=search_term_string\"}],\"inLanguage\":\"pt-BR\"},{\"@type\":\"ImageObject\",\"inLanguage\":\"pt-BR\",\"@id\":\"https:\/\/franciscanos.org.br\/noticias\/centro-filatelico-franciscano-lanca-pagina-no-facebook.html#primaryimage\",\"url\":\"https:\/\/franciscanos.org.br\/noticias\/wp-content\/uploads\/2019\/08\/logo-centro-filatelico.png\",\"contentUrl\":\"https:\/\/franciscanos.org.br\/noticias\/wp-content\/uploads\/2019\/08\/logo-centro-filatelico.png\",\"width\":720,\"height\":821},{\"@type\":\"WebPage\",\"@id\":\"https:\/\/franciscanos.org.br\/noticias\/centro-filatelico-franciscano-lanca-pagina-no-facebook.html#webpage\",\"url\":\"https:\/\/franciscanos.org.br\/noticias\/centro-filatelico-franciscano-lanca-pagina-no-facebook.html\",\"name\":\"Centro Filat\u00e9lico Franciscano lan\u00e7a p\u00e1gina no Facebook - Not\u00edcias - Franciscanos\",\"isPartOf\":{\"@id\":\"https:\/\/franciscanos.org.br\/noticias\/#website\"},\"primaryImageOfPage\":{\"@id\":\"https:\/\/franciscanos.org.br\/noticias\/centro-filatelico-franciscano-lanca-pagina-no-facebook.html#primaryimage\"},\"datePublished\":\"2019-08-14T17:21:56+00:00\",\"dateModified\":\"2023-03-10T21:50:05+00:00\",\"author\":{\"@id\":\"https:\/\/franciscanos.org.br\/noticias\/#\/schema\/person\/37f88f0d111cd5358b12a6556a99eb91\"},\"breadcrumb\":{\"@id\":\"https:\/\/franciscanos.org.br\/noticias\/centro-filatelico-franciscano-lanca-pagina-no-facebook.html#breadcrumb\"},\"inLanguage\":\"pt-BR\",\"potentialAction\":[{\"@type\":\"ReadAction\",\"target\":[\"https:\/\/franciscanos.org.br\/noticias\/centro-filatelico-franciscano-lanca-pagina-no-facebook.html\"]}]},{\"@type\":\"BreadcrumbList\",\"@id\":\"https:\/\/franciscanos.org.br\/noticias\/centro-filatelico-franciscano-lanca-pagina-no-facebook.html#breadcrumb\",\"itemListElement\":[{\"@type\":\"ListItem\",\"position\":1,\"name\":\"Home\",\"item\":\"https:\/\/franciscanos.org.br\/noticias\"},{\"@type\":\"ListItem\",\"position\":2,\"name\":\"Centro Filat\u00e9lico Franciscano lan\u00e7a p\u00e1gina no Facebook\"}]},{\"@type\":\"Person\",\"@id\":\"https:\/\/franciscanos.org.br\/noticias\/#\/schema\/person\/37f88f0d111cd5358b12a6556a99eb91\",\"name\":\"freiaugusto\",\"image\":{\"@type\":\"ImageObject\",\"inLanguage\":\"pt-BR\",\"@id\":\"https:\/\/franciscanos.org.br\/noticias\/#\/schema\/person\/image\/\",\"url\":\"https:\/\/secure.gravatar.com\/avatar\/9840b940e621801b24f3e6b059efb4b7?s=96&d=mm&r=g\",\"contentUrl\":\"https:\/\/secure.gravatar.com\/avatar\/9840b940e621801b24f3e6b059efb4b7?s=96&d=mm&r=g\",\"caption\":\"freiaugusto\"},\"url\":\"https:\/\/franciscanos.org.br\/noticias\/author\/freiaugusto\"}]}<\/script>\n<!-- \/ Yoast SEO plugin. -->","yoast_head_json":{"title":"Centro Filat\u00e9lico Franciscano lan\u00e7a p\u00e1gina no Facebook - Not\u00edcias - Franciscanos","robots":{"index":"index","follow":"follow","max-snippet":"max-snippet:-1","max-image-preview":"max-image-preview:large","max-video-preview":"max-video-preview:-1"},"canonical":"https:\/\/franciscanos.org.br\/noticias\/centro-filatelico-franciscano-lanca-pagina-no-facebook.html","og_locale":"pt_BR","og_type":"article","og_title":"Centro Filat\u00e9lico Franciscano lan\u00e7a p\u00e1gina no Facebook - Not\u00edcias - Franciscanos","og_description":"Centro Filat\u00e9lico Franciscano","og_url":"https:\/\/franciscanos.org.br\/noticias\/centro-filatelico-franciscano-lanca-pagina-no-facebook.html","og_site_name":"Not\u00edcias - Franciscanos","article_published_time":"2019-08-14T17:21:56+00:00","article_modified_time":"2023-03-10T21:50:05+00:00","og_image":[{"width":720,"height":821,"url":"https:\/\/franciscanos.org.br\/noticias\/wp-content\/uploads\/2019\/08\/logo-centro-filatelico.png","type":"image\/png"}],"author":"freiaugusto","twitter_card":"summary_large_image","twitter_misc":{"Escrito por":"freiaugusto","Est. tempo de leitura":"10 minutos"},"schema":{"@context":"https:\/\/schema.org","@graph":[{"@type":"WebSite","@id":"https:\/\/franciscanos.org.br\/noticias\/#website","url":"https:\/\/franciscanos.org.br\/noticias\/","name":"Not\u00edcias - Franciscanos","description":"Prov\u00edncia Franciscana da Imaculada Concei\u00e7\u00e3o do Brasil - Ordem dos Frades Menores - OFM","potentialAction":[{"@type":"SearchAction","target":{"@type":"EntryPoint","urlTemplate":"https:\/\/franciscanos.org.br\/noticias\/?s={search_term_string}"},"query-input":"required name=search_term_string"}],"inLanguage":"pt-BR"},{"@type":"ImageObject","inLanguage":"pt-BR","@id":"https:\/\/franciscanos.org.br\/noticias\/centro-filatelico-franciscano-lanca-pagina-no-facebook.html#primaryimage","url":"https:\/\/franciscanos.org.br\/noticias\/wp-content\/uploads\/2019\/08\/logo-centro-filatelico.png","contentUrl":"https:\/\/franciscanos.org.br\/noticias\/wp-content\/uploads\/2019\/08\/logo-centro-filatelico.png","width":720,"height":821},{"@type":"WebPage","@id":"https:\/\/franciscanos.org.br\/noticias\/centro-filatelico-franciscano-lanca-pagina-no-facebook.html#webpage","url":"https:\/\/franciscanos.org.br\/noticias\/centro-filatelico-franciscano-lanca-pagina-no-facebook.html","name":"Centro Filat\u00e9lico Franciscano lan\u00e7a p\u00e1gina no Facebook - Not\u00edcias - Franciscanos","isPartOf":{"@id":"https:\/\/franciscanos.org.br\/noticias\/#website"},"primaryImageOfPage":{"@id":"https:\/\/franciscanos.org.br\/noticias\/centro-filatelico-franciscano-lanca-pagina-no-facebook.html#primaryimage"},"datePublished":"2019-08-14T17:21:56+00:00","dateModified":"2023-03-10T21:50:05+00:00","author":{"@id":"https:\/\/franciscanos.org.br\/noticias\/#\/schema\/person\/37f88f0d111cd5358b12a6556a99eb91"},"breadcrumb":{"@id":"https:\/\/franciscanos.org.br\/noticias\/centro-filatelico-franciscano-lanca-pagina-no-facebook.html#breadcrumb"},"inLanguage":"pt-BR","potentialAction":[{"@type":"ReadAction","target":["https:\/\/franciscanos.org.br\/noticias\/centro-filatelico-franciscano-lanca-pagina-no-facebook.html"]}]},{"@type":"BreadcrumbList","@id":"https:\/\/franciscanos.org.br\/noticias\/centro-filatelico-franciscano-lanca-pagina-no-facebook.html#breadcrumb","itemListElement":[{"@type":"ListItem","position":1,"name":"Home","item":"https:\/\/franciscanos.org.br\/noticias"},{"@type":"ListItem","position":2,"name":"Centro Filat\u00e9lico Franciscano lan\u00e7a p\u00e1gina no Facebook"}]},{"@type":"Person","@id":"https:\/\/franciscanos.org.br\/noticias\/#\/schema\/person\/37f88f0d111cd5358b12a6556a99eb91","name":"freiaugusto","image":{"@type":"ImageObject","inLanguage":"pt-BR","@id":"https:\/\/franciscanos.org.br\/noticias\/#\/schema\/person\/image\/","url":"https:\/\/secure.gravatar.com\/avatar\/9840b940e621801b24f3e6b059efb4b7?s=96&d=mm&r=g","contentUrl":"https:\/\/secure.gravatar.com\/avatar\/9840b940e621801b24f3e6b059efb4b7?s=96&d=mm&r=g","caption":"freiaugusto"},"url":"https:\/\/franciscanos.org.br\/noticias\/author\/freiaugusto"}]}},"_links":{"self":[{"href":"https:\/\/franciscanos.org.br\/noticias\/wp-json\/wp\/v2\/posts\/209534"}],"collection":[{"href":"https:\/\/franciscanos.org.br\/noticias\/wp-json\/wp\/v2\/posts"}],"about":[{"href":"https:\/\/franciscanos.org.br\/noticias\/wp-json\/wp\/v2\/types\/post"}],"author":[{"embeddable":true,"href":"https:\/\/franciscanos.org.br\/noticias\/wp-json\/wp\/v2\/users\/5"}],"replies":[{"embeddable":true,"href":"https:\/\/franciscanos.org.br\/noticias\/wp-json\/wp\/v2\/comments?post=209534"}],"version-history":[{"count":5,"href":"https:\/\/franciscanos.org.br\/noticias\/wp-json\/wp\/v2\/posts\/209534\/revisions"}],"predecessor-version":[{"id":242417,"href":"https:\/\/franciscanos.org.br\/noticias\/wp-json\/wp\/v2\/posts\/209534\/revisions\/242417"}],"wp:featuredmedia":[{"embeddable":true,"href":"https:\/\/franciscanos.org.br\/noticias\/wp-json\/wp\/v2\/media\/242394"}],"wp:attachment":[{"href":"https:\/\/franciscanos.org.br\/noticias\/wp-json\/wp\/v2\/media?parent=209534"}],"wp:term":[{"taxonomy":"category","embeddable":true,"href":"https:\/\/franciscanos.org.br\/noticias\/wp-json\/wp\/v2\/categories?post=209534"},{"taxonomy":"post_tag","embeddable":true,"href":"https:\/\/franciscanos.org.br\/noticias\/wp-json\/wp\/v2\/tags?post=209534"}],"curies":[{"name":"wp","href":"https:\/\/api.w.org\/{rel}","templated":true}]}}