{"id":209527,"date":"2019-08-14T08:54:11","date_gmt":"2019-08-14T11:54:11","guid":{"rendered":"https:\/\/franciscanos.org.br\/noticias\/?p=209527"},"modified":"2019-08-14T08:54:11","modified_gmt":"2019-08-14T11:54:11","slug":"seminario-frei-galvao-promove-7a-festa-caipira","status":"publish","type":"post","link":"https:\/\/franciscanos.org.br\/noticias\/seminario-frei-galvao-promove-7a-festa-caipira.html","title":{"rendered":"Semin\u00e1rio Frei Galv\u00e3o promove 7\u00aa Festa Caipira"},"content":{"rendered":"<p><img loading=\"lazy\" class=\"size-full wp-image-209528 alignright\" src=\"https:\/\/franciscanos.org.br\/noticias\/wp-content\/uploads\/2019\/08\/festa-420.jpg\" alt=\"\" width=\"420\" height=\"594\" srcset=\"https:\/\/franciscanos.org.br\/noticias\/wp-content\/uploads\/2019\/08\/festa-420.jpg 420w, https:\/\/franciscanos.org.br\/noticias\/wp-content\/uploads\/2019\/08\/festa-420-318x450.jpg 318w, https:\/\/franciscanos.org.br\/noticias\/wp-content\/uploads\/2019\/08\/festa-420-150x212.jpg 150w\" sizes=\"(max-width: 420px) 100vw, 420px\" \/>Vem a\u00ed a tradicional Festa Caipira promovida pelos frades franciscanos em Guaratinguet\u00e1\/SP. O evento beneficente acontecer\u00e1 nos dias 16, 17 e 18 de agosto, das 17h30 \u00e0s 22h, no Semin\u00e1rio Franciscano Frei Galv\u00e3o, localizado na Avenida Integra\u00e7\u00e3o, 151 \u2013 S\u00e3o Bento, Guaratinguet\u00e1\/SP.<\/p>\n<p>Num ambiente familiar, a 7\u00aa Festa Caipira oferecer\u00e1 uma grande variedade de comes e bebes t\u00edpicos (canjiquinha, caldos de mandioca e feij\u00e3o, bolinho caipira, bolos e doces, torresmo, pastel, p\u00e3o com calabresa, vinho quente, quent\u00e3o etc.), missas com cantos de tradi\u00e7\u00e3o sertaneja, jogos recreativos para crian\u00e7as e adultos, m\u00fasica ao vivo e muito mais.<\/p>\n<p>Vendido antecipadamente no Semin\u00e1rio, o ingresso custa R$ 3,00 e vale para os 3 dias de festa. Quem n\u00e3o comprar antecipadamente, poder\u00e1 adquirir na portaria durante a festa (R$ 3,00). No entanto, ser\u00e1 v\u00e1lido apenas para 1 dia. Crian\u00e7as menores de 7 anos n\u00e3o pagam.<\/p>\n<p>O evento tem dois objetivos: proporcionar a confraterniza\u00e7\u00e3o entre a comunidade e os frades, bem como arrecadar recursos para a manuten\u00e7\u00e3o da casa de forma\u00e7\u00e3o dos futuros franciscanos e do servi\u00e7o de acolhimento aos devotos de Frei Galv\u00e3o.<\/p>\n<p>As barracas da Pra\u00e7a de alimenta\u00e7\u00e3o s\u00e3o mantidas por volunt\u00e1rios que se dedicam \u00e0s atividades do Semin\u00e1rio e por benfeitores que contribuem para a realiza\u00e7\u00e3o desse evento beneficente que vem crescendo a cada ano, fruto da organiza\u00e7\u00e3o e dedica\u00e7\u00e3o de todos os envolvidos.<\/p>\n<p>O Semin\u00e1rio \u00e9 uma entidade sem fins lucrativos que pertence ao mesmo grupo de franciscanos do qual Frei Galv\u00e3o fez parte. A Entidade \u00e9 filial da Prov\u00edncia Franciscana da Imaculada Concei\u00e7\u00e3o do Brasil, atuando diretamente em in\u00fameros trabalhos sociais distribu\u00eddos nos estados do ES, RJ, SP, PR e SC, acolhendo pessoas em situa\u00e7\u00e3o de rua, catadores de material recicl\u00e1vel, idosos, crian\u00e7as carentes, portadores de HIV\/AIDS, dentre outras a\u00e7\u00f5es sociais.<\/p>\n<h3><strong>Hor\u00e1rio da Santa Missa<\/strong><\/h3>\n<p style=\"padding-left: 40px;\"><strong>17\/08 (17h)<\/strong>: Fam\u00edlia Franciscana e CRB<br \/>\n<strong>18\/08 (17h):<\/strong> Cantos de Tradi\u00e7\u00e3o Sertaneja e Presen\u00e7a das Equipes de Nossa Senhora<\/p>\n","protected":false},"excerpt":{"rendered":"<p>Semin\u00e1rio e Postulantado Frei Galv\u00e3o<\/p>\n","protected":false},"author":7,"featured_media":209531,"comment_status":"open","ping_status":"open","sticky":false,"template":"","format":"standard","meta":[],"categories":[1],"tags":[421],"acf":[],"yoast_head":"<!-- This site is optimized with the Yoast SEO plugin v19.2 - https:\/\/yoast.com\/wordpress\/plugins\/seo\/ -->\n<title>Semin\u00e1rio Frei Galv\u00e3o promove 7\u00aa Festa Caipira - Not\u00edcias - Franciscanos<\/title>\n<meta name=\"robots\" content=\"index, follow, max-snippet:-1, max-image-preview:large, max-video-preview:-1\" \/>\n<link rel=\"canonical\" href=\"https:\/\/franciscanos.org.br\/noticias\/seminario-frei-galvao-promove-7a-festa-caipira.html\" \/>\n<meta property=\"og:locale\" content=\"pt_BR\" \/>\n<meta property=\"og:type\" content=\"article\" \/>\n<meta property=\"og:title\" content=\"Semin\u00e1rio Frei Galv\u00e3o promove 7\u00aa Festa Caipira - Not\u00edcias - Franciscanos\" \/>\n<meta property=\"og:description\" content=\"Semin\u00e1rio e Postulantado Frei Galv\u00e3o\" \/>\n<meta property=\"og:url\" content=\"https:\/\/franciscanos.org.br\/noticias\/seminario-frei-galvao-promove-7a-festa-caipira.html\" \/>\n<meta property=\"og:site_name\" content=\"Not\u00edcias - Franciscanos\" \/>\n<meta property=\"article:published_time\" content=\"2019-08-14T11:54:11+00:00\" \/>\n<meta property=\"og:image\" content=\"https:\/\/franciscanos.org.br\/noticias\/wp-content\/uploads\/2019\/08\/festa_capira_d.png\" \/>\n\t<meta property=\"og:image:width\" content=\"273\" \/>\n\t<meta property=\"og:image:height\" content=\"181\" \/>\n\t<meta property=\"og:image:type\" content=\"image\/png\" \/>\n<meta name=\"author\" content=\"jovenal\" \/>\n<meta name=\"twitter:card\" content=\"summary_large_image\" \/>\n<meta name=\"twitter:label1\" content=\"Escrito por\" \/>\n\t<meta name=\"twitter:data1\" content=\"jovenal\" \/>\n\t<meta name=\"twitter:label2\" content=\"Est. tempo de leitura\" \/>\n\t<meta name=\"twitter:data2\" content=\"2 minutos\" \/>\n<script type=\"application\/ld+json\" class=\"yoast-schema-graph\">{\"@context\":\"https:\/\/schema.org\",\"@graph\":[{\"@type\":\"WebSite\",\"@id\":\"https:\/\/franciscanos.org.br\/noticias\/#website\",\"url\":\"https:\/\/franciscanos.org.br\/noticias\/\",\"name\":\"Not\u00edcias - Franciscanos\",\"description\":\"Prov\u00edncia Franciscana da Imaculada Concei\u00e7\u00e3o do Brasil - Ordem dos Frades Menores - OFM\",\"potentialAction\":[{\"@type\":\"SearchAction\",\"target\":{\"@type\":\"EntryPoint\",\"urlTemplate\":\"https:\/\/franciscanos.org.br\/noticias\/?s={search_term_string}\"},\"query-input\":\"required name=search_term_string\"}],\"inLanguage\":\"pt-BR\"},{\"@type\":\"ImageObject\",\"inLanguage\":\"pt-BR\",\"@id\":\"https:\/\/franciscanos.org.br\/noticias\/seminario-frei-galvao-promove-7a-festa-caipira.html#primaryimage\",\"url\":\"https:\/\/franciscanos.org.br\/noticias\/wp-content\/uploads\/2019\/08\/festa_capira_d.png\",\"contentUrl\":\"https:\/\/franciscanos.org.br\/noticias\/wp-content\/uploads\/2019\/08\/festa_capira_d.png\",\"width\":273,\"height\":181},{\"@type\":\"WebPage\",\"@id\":\"https:\/\/franciscanos.org.br\/noticias\/seminario-frei-galvao-promove-7a-festa-caipira.html#webpage\",\"url\":\"https:\/\/franciscanos.org.br\/noticias\/seminario-frei-galvao-promove-7a-festa-caipira.html\",\"name\":\"Semin\u00e1rio Frei Galv\u00e3o promove 7\u00aa Festa Caipira - Not\u00edcias - Franciscanos\",\"isPartOf\":{\"@id\":\"https:\/\/franciscanos.org.br\/noticias\/#website\"},\"primaryImageOfPage\":{\"@id\":\"https:\/\/franciscanos.org.br\/noticias\/seminario-frei-galvao-promove-7a-festa-caipira.html#primaryimage\"},\"datePublished\":\"2019-08-14T11:54:11+00:00\",\"dateModified\":\"2019-08-14T11:54:11+00:00\",\"author\":{\"@id\":\"https:\/\/franciscanos.org.br\/noticias\/#\/schema\/person\/c3a26b08313dd1772495ce300ab257cc\"},\"breadcrumb\":{\"@id\":\"https:\/\/franciscanos.org.br\/noticias\/seminario-frei-galvao-promove-7a-festa-caipira.html#breadcrumb\"},\"inLanguage\":\"pt-BR\",\"potentialAction\":[{\"@type\":\"ReadAction\",\"target\":[\"https:\/\/franciscanos.org.br\/noticias\/seminario-frei-galvao-promove-7a-festa-caipira.html\"]}]},{\"@type\":\"BreadcrumbList\",\"@id\":\"https:\/\/franciscanos.org.br\/noticias\/seminario-frei-galvao-promove-7a-festa-caipira.html#breadcrumb\",\"itemListElement\":[{\"@type\":\"ListItem\",\"position\":1,\"name\":\"Home\",\"item\":\"https:\/\/franciscanos.org.br\/noticias\"},{\"@type\":\"ListItem\",\"position\":2,\"name\":\"Semin\u00e1rio Frei Galv\u00e3o promove 7\u00aa Festa Caipira\"}]},{\"@type\":\"Person\",\"@id\":\"https:\/\/franciscanos.org.br\/noticias\/#\/schema\/person\/c3a26b08313dd1772495ce300ab257cc\",\"name\":\"jovenal\",\"image\":{\"@type\":\"ImageObject\",\"inLanguage\":\"pt-BR\",\"@id\":\"https:\/\/franciscanos.org.br\/noticias\/#\/schema\/person\/image\/\",\"url\":\"https:\/\/secure.gravatar.com\/avatar\/e94509f531086e2eaf97e72f29ea00f9?s=96&d=mm&r=g\",\"contentUrl\":\"https:\/\/secure.gravatar.com\/avatar\/e94509f531086e2eaf97e72f29ea00f9?s=96&d=mm&r=g\",\"caption\":\"jovenal\"},\"url\":\"https:\/\/franciscanos.org.br\/noticias\/author\/jovenal\"}]}<\/script>\n<!-- \/ Yoast SEO plugin. -->","yoast_head_json":{"title":"Semin\u00e1rio Frei Galv\u00e3o promove 7\u00aa Festa Caipira - Not\u00edcias - Franciscanos","robots":{"index":"index","follow":"follow","max-snippet":"max-snippet:-1","max-image-preview":"max-image-preview:large","max-video-preview":"max-video-preview:-1"},"canonical":"https:\/\/franciscanos.org.br\/noticias\/seminario-frei-galvao-promove-7a-festa-caipira.html","og_locale":"pt_BR","og_type":"article","og_title":"Semin\u00e1rio Frei Galv\u00e3o promove 7\u00aa Festa Caipira - Not\u00edcias - Franciscanos","og_description":"Semin\u00e1rio e Postulantado Frei Galv\u00e3o","og_url":"https:\/\/franciscanos.org.br\/noticias\/seminario-frei-galvao-promove-7a-festa-caipira.html","og_site_name":"Not\u00edcias - Franciscanos","article_published_time":"2019-08-14T11:54:11+00:00","og_image":[{"width":273,"height":181,"url":"https:\/\/franciscanos.org.br\/noticias\/wp-content\/uploads\/2019\/08\/festa_capira_d.png","type":"image\/png"}],"author":"jovenal","twitter_card":"summary_large_image","twitter_misc":{"Escrito por":"jovenal","Est. tempo de leitura":"2 minutos"},"schema":{"@context":"https:\/\/schema.org","@graph":[{"@type":"WebSite","@id":"https:\/\/franciscanos.org.br\/noticias\/#website","url":"https:\/\/franciscanos.org.br\/noticias\/","name":"Not\u00edcias - Franciscanos","description":"Prov\u00edncia Franciscana da Imaculada Concei\u00e7\u00e3o do Brasil - Ordem dos Frades Menores - OFM","potentialAction":[{"@type":"SearchAction","target":{"@type":"EntryPoint","urlTemplate":"https:\/\/franciscanos.org.br\/noticias\/?s={search_term_string}"},"query-input":"required name=search_term_string"}],"inLanguage":"pt-BR"},{"@type":"ImageObject","inLanguage":"pt-BR","@id":"https:\/\/franciscanos.org.br\/noticias\/seminario-frei-galvao-promove-7a-festa-caipira.html#primaryimage","url":"https:\/\/franciscanos.org.br\/noticias\/wp-content\/uploads\/2019\/08\/festa_capira_d.png","contentUrl":"https:\/\/franciscanos.org.br\/noticias\/wp-content\/uploads\/2019\/08\/festa_capira_d.png","width":273,"height":181},{"@type":"WebPage","@id":"https:\/\/franciscanos.org.br\/noticias\/seminario-frei-galvao-promove-7a-festa-caipira.html#webpage","url":"https:\/\/franciscanos.org.br\/noticias\/seminario-frei-galvao-promove-7a-festa-caipira.html","name":"Semin\u00e1rio Frei Galv\u00e3o promove 7\u00aa Festa Caipira - Not\u00edcias - Franciscanos","isPartOf":{"@id":"https:\/\/franciscanos.org.br\/noticias\/#website"},"primaryImageOfPage":{"@id":"https:\/\/franciscanos.org.br\/noticias\/seminario-frei-galvao-promove-7a-festa-caipira.html#primaryimage"},"datePublished":"2019-08-14T11:54:11+00:00","dateModified":"2019-08-14T11:54:11+00:00","author":{"@id":"https:\/\/franciscanos.org.br\/noticias\/#\/schema\/person\/c3a26b08313dd1772495ce300ab257cc"},"breadcrumb":{"@id":"https:\/\/franciscanos.org.br\/noticias\/seminario-frei-galvao-promove-7a-festa-caipira.html#breadcrumb"},"inLanguage":"pt-BR","potentialAction":[{"@type":"ReadAction","target":["https:\/\/franciscanos.org.br\/noticias\/seminario-frei-galvao-promove-7a-festa-caipira.html"]}]},{"@type":"BreadcrumbList","@id":"https:\/\/franciscanos.org.br\/noticias\/seminario-frei-galvao-promove-7a-festa-caipira.html#breadcrumb","itemListElement":[{"@type":"ListItem","position":1,"name":"Home","item":"https:\/\/franciscanos.org.br\/noticias"},{"@type":"ListItem","position":2,"name":"Semin\u00e1rio Frei Galv\u00e3o promove 7\u00aa Festa Caipira"}]},{"@type":"Person","@id":"https:\/\/franciscanos.org.br\/noticias\/#\/schema\/person\/c3a26b08313dd1772495ce300ab257cc","name":"jovenal","image":{"@type":"ImageObject","inLanguage":"pt-BR","@id":"https:\/\/franciscanos.org.br\/noticias\/#\/schema\/person\/image\/","url":"https:\/\/secure.gravatar.com\/avatar\/e94509f531086e2eaf97e72f29ea00f9?s=96&d=mm&r=g","contentUrl":"https:\/\/secure.gravatar.com\/avatar\/e94509f531086e2eaf97e72f29ea00f9?s=96&d=mm&r=g","caption":"jovenal"},"url":"https:\/\/franciscanos.org.br\/noticias\/author\/jovenal"}]}},"_links":{"self":[{"href":"https:\/\/franciscanos.org.br\/noticias\/wp-json\/wp\/v2\/posts\/209527"}],"collection":[{"href":"https:\/\/franciscanos.org.br\/noticias\/wp-json\/wp\/v2\/posts"}],"about":[{"href":"https:\/\/franciscanos.org.br\/noticias\/wp-json\/wp\/v2\/types\/post"}],"author":[{"embeddable":true,"href":"https:\/\/franciscanos.org.br\/noticias\/wp-json\/wp\/v2\/users\/7"}],"replies":[{"embeddable":true,"href":"https:\/\/franciscanos.org.br\/noticias\/wp-json\/wp\/v2\/comments?post=209527"}],"version-history":[{"count":0,"href":"https:\/\/franciscanos.org.br\/noticias\/wp-json\/wp\/v2\/posts\/209527\/revisions"}],"wp:featuredmedia":[{"embeddable":true,"href":"https:\/\/franciscanos.org.br\/noticias\/wp-json\/wp\/v2\/media\/209531"}],"wp:attachment":[{"href":"https:\/\/franciscanos.org.br\/noticias\/wp-json\/wp\/v2\/media?parent=209527"}],"wp:term":[{"taxonomy":"category","embeddable":true,"href":"https:\/\/franciscanos.org.br\/noticias\/wp-json\/wp\/v2\/categories?post=209527"},{"taxonomy":"post_tag","embeddable":true,"href":"https:\/\/franciscanos.org.br\/noticias\/wp-json\/wp\/v2\/tags?post=209527"}],"curies":[{"name":"wp","href":"https:\/\/api.w.org\/{rel}","templated":true}]}}