{"id":209520,"date":"2019-08-14T07:48:16","date_gmt":"2019-08-14T10:48:16","guid":{"rendered":"https:\/\/franciscanos.org.br\/noticias\/?p=209520"},"modified":"2019-08-14T07:50:39","modified_gmt":"2019-08-14T10:50:39","slug":"ofs-sudeste-tem-capitulo-eletivo-neste-final-de-semana","status":"publish","type":"post","link":"https:\/\/franciscanos.org.br\/noticias\/ofs-sudeste-tem-capitulo-eletivo-neste-final-de-semana.html","title":{"rendered":"OFS Sudeste tem Cap\u00edtulo eletivo neste final de semana"},"content":{"rendered":"<p><img loading=\"lazy\" class=\"alignnone size-full wp-image-209521\" src=\"https:\/\/franciscanos.org.br\/noticias\/wp-content\/uploads\/2019\/08\/ofs_1408.jpg\" alt=\"\" width=\"890\" height=\"955\" srcset=\"https:\/\/franciscanos.org.br\/noticias\/wp-content\/uploads\/2019\/08\/ofs_1408.jpg 890w, https:\/\/franciscanos.org.br\/noticias\/wp-content\/uploads\/2019\/08\/ofs_1408-419x450.jpg 419w, https:\/\/franciscanos.org.br\/noticias\/wp-content\/uploads\/2019\/08\/ofs_1408-768x824.jpg 768w, https:\/\/franciscanos.org.br\/noticias\/wp-content\/uploads\/2019\/08\/ofs_1408-150x161.jpg 150w\" sizes=\"(max-width: 890px) 100vw, 890px\" \/><\/p>\n<p>A Ordem Franciscana Secular, do Regional Sudeste III, realizar\u00e1 o seu Cap\u00edtulo Eletivo neste final de semana (16-18), no Semin\u00e1rio Santo Ant\u00f4nio, em Agudos (SP), tendo como tema &#8220;Irm\u00e3s e irm\u00e3os franciscanos solid\u00e1rios na Justi\u00e7a e na Paz&#8221;, e como lema: &#8220;Ai de mim se n\u00e3o o fa\u00e7o&#8221; (ICor 9,16).<\/p>\n<p>Al\u00e9m de ser um momento forte de fraternidade e de ora\u00e7\u00e3o, o Cap\u00edtulo far\u00e1 uma avalia\u00e7\u00e3o da caminhada no \u00faltimo tri\u00eanio e propor\u00e1 novas a\u00e7\u00f5es e trabalhos para o Conselho a ser eleito.<\/p>\n<p>Quanto \u00e0 elei\u00e7\u00e3o, e seguindo orienta\u00e7\u00e3o que vem desde S\u00e3o Francisco, ser\u00e1 feita a renova\u00e7\u00e3o do Conselho para os pr\u00f3ximos tr\u00eas anos. Participar\u00e3o aproximadamente 175 irm\u00e3os e irm\u00e3s. A expectativa \u00e9 de muita alegria, partilha e disponibilidade.<\/p>\n<p>Que o Esp\u00edrito Santo seja o guia a inspirar cada um dos capitulares, quer na aceita\u00e7\u00e3o das indica\u00e7\u00f5es aos cargos, bem como na escolha consciente de quem ser\u00e3o os membros do novo Conselho.<\/p>\n<p><strong>A ORDEM FRANCISCANA SECULAR<\/strong><\/p>\n<p>Em 1212, nascia a Ordem de Santa Clara (as Clarissas) e foi tamb\u00e9m nessa \u00e9poca que nasceu a Ordem Franciscana Secular (OFS), reunindo homens e mulheres, casados e solteiros, em meio \u00e0s suas fam\u00edlias, que buscavam viver o mesmo ideal que tanto atraiu S\u00e3o Francisco. Esta \u201cOrdem Terceira\u201d foi aprovada pelo Papa Hon\u00f3rio III em 1221.<\/p>\n<p>Luqu\u00e9sio e Buonadona s\u00e3o considerados os primeiros franciscanos seculares que, segundo a tradi\u00e7\u00e3o, foi o primeiro casal que Francisco aceitou na OFS daquele tempo. Mas eles n\u00e3o s\u00e3o considerados os patronos da Ordem e, sim, um rei e uma rainha, que se fizeram pobres por amor a Cristo: S\u00e3o Lu\u00eds IX, rei da Fran\u00e7a, e Santa Isabel da Hungria.<\/p>\n<p>Segundo defini\u00e7\u00e3o do Papa Jo\u00e3o Paulo 2\u00ba, a Ordem Franciscana Secular \u00e9 a mais antiga forma de organiza\u00e7\u00e3o de leigos que, guiados pela Igreja, unidos em fraternidade e inspirando-se no ideal de S\u00e3o Francisco de Assis, se empenham em testemunhar com a vida o evangelho de Jesus Cristo e se dedicam ao apostolado no estado laical.<\/p>\n<p>Ou seja, para ingressar na Ordem \u00e9 necess\u00e1rio ter voca\u00e7\u00e3o, isto \u00e9, um chamado de Deus. Feito o discernimento vocacional, o candidato deve iniciar um per\u00edodo de forma\u00e7\u00e3o em uma das fraternidades da Ordem. Esta forma\u00e7\u00e3o compreende os seguintes elementos b\u00e1sicos harmoniosamente integrados: forma\u00e7\u00e3o humana \u2013 baseada nos princ\u00edpios das ci\u00eancias modernas, bem como nas grandes linhas do Magist\u00e9rio da Igreja; forma\u00e7\u00e3o crist\u00e3 \u2013 fundamentada na B\u00edblia, na Doutrina e no Magist\u00e9rio da Igreja; forma\u00e7\u00e3o franciscana \u2013 atualizada com base na Regra, refontizada nos valores aut\u00eanticos desde as primeiras origens e tradi\u00e7\u00f5es; e forma\u00e7\u00e3o apost\u00f3lico-secular \u2013 a partir da Regra, das Constitui\u00e7\u00f5es Gerais, dos Documentos Eclesiais e franciscanos.<\/p>\n","protected":false},"excerpt":{"rendered":"<p>Ordem Franciscana Secular &#8211; Regional Sudeste III<\/p>\n","protected":false},"author":3,"featured_media":209522,"comment_status":"open","ping_status":"open","sticky":false,"template":"","format":"standard","meta":[],"categories":[1],"tags":[60],"acf":[],"yoast_head":"<!-- This site is optimized with the Yoast SEO plugin v19.2 - https:\/\/yoast.com\/wordpress\/plugins\/seo\/ -->\n<title>OFS Sudeste tem Cap\u00edtulo eletivo neste final de semana - Not\u00edcias - Franciscanos<\/title>\n<meta name=\"robots\" content=\"index, follow, max-snippet:-1, max-image-preview:large, max-video-preview:-1\" \/>\n<link rel=\"canonical\" href=\"https:\/\/franciscanos.org.br\/noticias\/ofs-sudeste-tem-capitulo-eletivo-neste-final-de-semana.html\" \/>\n<meta property=\"og:locale\" content=\"pt_BR\" \/>\n<meta property=\"og:type\" content=\"article\" \/>\n<meta property=\"og:title\" content=\"OFS Sudeste tem Cap\u00edtulo eletivo neste final de semana - Not\u00edcias - Franciscanos\" \/>\n<meta property=\"og:description\" content=\"Ordem Franciscana Secular - Regional Sudeste III\" \/>\n<meta property=\"og:url\" content=\"https:\/\/franciscanos.org.br\/noticias\/ofs-sudeste-tem-capitulo-eletivo-neste-final-de-semana.html\" \/>\n<meta property=\"og:site_name\" content=\"Not\u00edcias - Franciscanos\" \/>\n<meta property=\"article:published_time\" content=\"2019-08-14T10:48:16+00:00\" \/>\n<meta property=\"article:modified_time\" content=\"2019-08-14T10:50:39+00:00\" \/>\n<meta property=\"og:image\" content=\"https:\/\/franciscanos.org.br\/noticias\/wp-content\/uploads\/2019\/08\/ofs_1408d.jpg\" \/>\n\t<meta property=\"og:image:width\" content=\"273\" \/>\n\t<meta property=\"og:image:height\" content=\"181\" \/>\n\t<meta property=\"og:image:type\" content=\"image\/jpeg\" \/>\n<meta name=\"author\" content=\"moacir\" \/>\n<meta name=\"twitter:card\" content=\"summary_large_image\" \/>\n<meta name=\"twitter:label1\" content=\"Escrito por\" \/>\n\t<meta name=\"twitter:data1\" content=\"moacir\" \/>\n\t<meta name=\"twitter:label2\" content=\"Est. tempo de leitura\" \/>\n\t<meta name=\"twitter:data2\" content=\"2 minutos\" \/>\n<script type=\"application\/ld+json\" class=\"yoast-schema-graph\">{\"@context\":\"https:\/\/schema.org\",\"@graph\":[{\"@type\":\"WebSite\",\"@id\":\"https:\/\/franciscanos.org.br\/noticias\/#website\",\"url\":\"https:\/\/franciscanos.org.br\/noticias\/\",\"name\":\"Not\u00edcias - Franciscanos\",\"description\":\"Prov\u00edncia Franciscana da Imaculada Concei\u00e7\u00e3o do Brasil - Ordem dos Frades Menores - OFM\",\"potentialAction\":[{\"@type\":\"SearchAction\",\"target\":{\"@type\":\"EntryPoint\",\"urlTemplate\":\"https:\/\/franciscanos.org.br\/noticias\/?s={search_term_string}\"},\"query-input\":\"required name=search_term_string\"}],\"inLanguage\":\"pt-BR\"},{\"@type\":\"ImageObject\",\"inLanguage\":\"pt-BR\",\"@id\":\"https:\/\/franciscanos.org.br\/noticias\/ofs-sudeste-tem-capitulo-eletivo-neste-final-de-semana.html#primaryimage\",\"url\":\"https:\/\/franciscanos.org.br\/noticias\/wp-content\/uploads\/2019\/08\/ofs_1408d.jpg\",\"contentUrl\":\"https:\/\/franciscanos.org.br\/noticias\/wp-content\/uploads\/2019\/08\/ofs_1408d.jpg\",\"width\":273,\"height\":181},{\"@type\":\"WebPage\",\"@id\":\"https:\/\/franciscanos.org.br\/noticias\/ofs-sudeste-tem-capitulo-eletivo-neste-final-de-semana.html#webpage\",\"url\":\"https:\/\/franciscanos.org.br\/noticias\/ofs-sudeste-tem-capitulo-eletivo-neste-final-de-semana.html\",\"name\":\"OFS Sudeste tem Cap\u00edtulo eletivo neste final de semana - Not\u00edcias - Franciscanos\",\"isPartOf\":{\"@id\":\"https:\/\/franciscanos.org.br\/noticias\/#website\"},\"primaryImageOfPage\":{\"@id\":\"https:\/\/franciscanos.org.br\/noticias\/ofs-sudeste-tem-capitulo-eletivo-neste-final-de-semana.html#primaryimage\"},\"datePublished\":\"2019-08-14T10:48:16+00:00\",\"dateModified\":\"2019-08-14T10:50:39+00:00\",\"author\":{\"@id\":\"https:\/\/franciscanos.org.br\/noticias\/#\/schema\/person\/b5c8cba458c330ccff548b056e95a5d4\"},\"breadcrumb\":{\"@id\":\"https:\/\/franciscanos.org.br\/noticias\/ofs-sudeste-tem-capitulo-eletivo-neste-final-de-semana.html#breadcrumb\"},\"inLanguage\":\"pt-BR\",\"potentialAction\":[{\"@type\":\"ReadAction\",\"target\":[\"https:\/\/franciscanos.org.br\/noticias\/ofs-sudeste-tem-capitulo-eletivo-neste-final-de-semana.html\"]}]},{\"@type\":\"BreadcrumbList\",\"@id\":\"https:\/\/franciscanos.org.br\/noticias\/ofs-sudeste-tem-capitulo-eletivo-neste-final-de-semana.html#breadcrumb\",\"itemListElement\":[{\"@type\":\"ListItem\",\"position\":1,\"name\":\"Home\",\"item\":\"https:\/\/franciscanos.org.br\/noticias\"},{\"@type\":\"ListItem\",\"position\":2,\"name\":\"OFS Sudeste tem Cap\u00edtulo eletivo neste final de semana\"}]},{\"@type\":\"Person\",\"@id\":\"https:\/\/franciscanos.org.br\/noticias\/#\/schema\/person\/b5c8cba458c330ccff548b056e95a5d4\",\"name\":\"moacir\",\"image\":{\"@type\":\"ImageObject\",\"inLanguage\":\"pt-BR\",\"@id\":\"https:\/\/franciscanos.org.br\/noticias\/#\/schema\/person\/image\/\",\"url\":\"https:\/\/secure.gravatar.com\/avatar\/d08aa2ce4c8dd416d4479aa8536fcf64?s=96&d=mm&r=g\",\"contentUrl\":\"https:\/\/secure.gravatar.com\/avatar\/d08aa2ce4c8dd416d4479aa8536fcf64?s=96&d=mm&r=g\",\"caption\":\"moacir\"},\"url\":\"https:\/\/franciscanos.org.br\/noticias\/author\/moacir\"}]}<\/script>\n<!-- \/ Yoast SEO plugin. -->","yoast_head_json":{"title":"OFS Sudeste tem Cap\u00edtulo eletivo neste final de semana - Not\u00edcias - Franciscanos","robots":{"index":"index","follow":"follow","max-snippet":"max-snippet:-1","max-image-preview":"max-image-preview:large","max-video-preview":"max-video-preview:-1"},"canonical":"https:\/\/franciscanos.org.br\/noticias\/ofs-sudeste-tem-capitulo-eletivo-neste-final-de-semana.html","og_locale":"pt_BR","og_type":"article","og_title":"OFS Sudeste tem Cap\u00edtulo eletivo neste final de semana - Not\u00edcias - Franciscanos","og_description":"Ordem Franciscana Secular - Regional Sudeste III","og_url":"https:\/\/franciscanos.org.br\/noticias\/ofs-sudeste-tem-capitulo-eletivo-neste-final-de-semana.html","og_site_name":"Not\u00edcias - Franciscanos","article_published_time":"2019-08-14T10:48:16+00:00","article_modified_time":"2019-08-14T10:50:39+00:00","og_image":[{"width":273,"height":181,"url":"https:\/\/franciscanos.org.br\/noticias\/wp-content\/uploads\/2019\/08\/ofs_1408d.jpg","type":"image\/jpeg"}],"author":"moacir","twitter_card":"summary_large_image","twitter_misc":{"Escrito por":"moacir","Est. tempo de leitura":"2 minutos"},"schema":{"@context":"https:\/\/schema.org","@graph":[{"@type":"WebSite","@id":"https:\/\/franciscanos.org.br\/noticias\/#website","url":"https:\/\/franciscanos.org.br\/noticias\/","name":"Not\u00edcias - Franciscanos","description":"Prov\u00edncia Franciscana da Imaculada Concei\u00e7\u00e3o do Brasil - Ordem dos Frades Menores - OFM","potentialAction":[{"@type":"SearchAction","target":{"@type":"EntryPoint","urlTemplate":"https:\/\/franciscanos.org.br\/noticias\/?s={search_term_string}"},"query-input":"required name=search_term_string"}],"inLanguage":"pt-BR"},{"@type":"ImageObject","inLanguage":"pt-BR","@id":"https:\/\/franciscanos.org.br\/noticias\/ofs-sudeste-tem-capitulo-eletivo-neste-final-de-semana.html#primaryimage","url":"https:\/\/franciscanos.org.br\/noticias\/wp-content\/uploads\/2019\/08\/ofs_1408d.jpg","contentUrl":"https:\/\/franciscanos.org.br\/noticias\/wp-content\/uploads\/2019\/08\/ofs_1408d.jpg","width":273,"height":181},{"@type":"WebPage","@id":"https:\/\/franciscanos.org.br\/noticias\/ofs-sudeste-tem-capitulo-eletivo-neste-final-de-semana.html#webpage","url":"https:\/\/franciscanos.org.br\/noticias\/ofs-sudeste-tem-capitulo-eletivo-neste-final-de-semana.html","name":"OFS Sudeste tem Cap\u00edtulo eletivo neste final de semana - Not\u00edcias - Franciscanos","isPartOf":{"@id":"https:\/\/franciscanos.org.br\/noticias\/#website"},"primaryImageOfPage":{"@id":"https:\/\/franciscanos.org.br\/noticias\/ofs-sudeste-tem-capitulo-eletivo-neste-final-de-semana.html#primaryimage"},"datePublished":"2019-08-14T10:48:16+00:00","dateModified":"2019-08-14T10:50:39+00:00","author":{"@id":"https:\/\/franciscanos.org.br\/noticias\/#\/schema\/person\/b5c8cba458c330ccff548b056e95a5d4"},"breadcrumb":{"@id":"https:\/\/franciscanos.org.br\/noticias\/ofs-sudeste-tem-capitulo-eletivo-neste-final-de-semana.html#breadcrumb"},"inLanguage":"pt-BR","potentialAction":[{"@type":"ReadAction","target":["https:\/\/franciscanos.org.br\/noticias\/ofs-sudeste-tem-capitulo-eletivo-neste-final-de-semana.html"]}]},{"@type":"BreadcrumbList","@id":"https:\/\/franciscanos.org.br\/noticias\/ofs-sudeste-tem-capitulo-eletivo-neste-final-de-semana.html#breadcrumb","itemListElement":[{"@type":"ListItem","position":1,"name":"Home","item":"https:\/\/franciscanos.org.br\/noticias"},{"@type":"ListItem","position":2,"name":"OFS Sudeste tem Cap\u00edtulo eletivo neste final de semana"}]},{"@type":"Person","@id":"https:\/\/franciscanos.org.br\/noticias\/#\/schema\/person\/b5c8cba458c330ccff548b056e95a5d4","name":"moacir","image":{"@type":"ImageObject","inLanguage":"pt-BR","@id":"https:\/\/franciscanos.org.br\/noticias\/#\/schema\/person\/image\/","url":"https:\/\/secure.gravatar.com\/avatar\/d08aa2ce4c8dd416d4479aa8536fcf64?s=96&d=mm&r=g","contentUrl":"https:\/\/secure.gravatar.com\/avatar\/d08aa2ce4c8dd416d4479aa8536fcf64?s=96&d=mm&r=g","caption":"moacir"},"url":"https:\/\/franciscanos.org.br\/noticias\/author\/moacir"}]}},"_links":{"self":[{"href":"https:\/\/franciscanos.org.br\/noticias\/wp-json\/wp\/v2\/posts\/209520"}],"collection":[{"href":"https:\/\/franciscanos.org.br\/noticias\/wp-json\/wp\/v2\/posts"}],"about":[{"href":"https:\/\/franciscanos.org.br\/noticias\/wp-json\/wp\/v2\/types\/post"}],"author":[{"embeddable":true,"href":"https:\/\/franciscanos.org.br\/noticias\/wp-json\/wp\/v2\/users\/3"}],"replies":[{"embeddable":true,"href":"https:\/\/franciscanos.org.br\/noticias\/wp-json\/wp\/v2\/comments?post=209520"}],"version-history":[{"count":0,"href":"https:\/\/franciscanos.org.br\/noticias\/wp-json\/wp\/v2\/posts\/209520\/revisions"}],"wp:featuredmedia":[{"embeddable":true,"href":"https:\/\/franciscanos.org.br\/noticias\/wp-json\/wp\/v2\/media\/209522"}],"wp:attachment":[{"href":"https:\/\/franciscanos.org.br\/noticias\/wp-json\/wp\/v2\/media?parent=209520"}],"wp:term":[{"taxonomy":"category","embeddable":true,"href":"https:\/\/franciscanos.org.br\/noticias\/wp-json\/wp\/v2\/categories?post=209520"},{"taxonomy":"post_tag","embeddable":true,"href":"https:\/\/franciscanos.org.br\/noticias\/wp-json\/wp\/v2\/tags?post=209520"}],"curies":[{"name":"wp","href":"https:\/\/api.w.org\/{rel}","templated":true}]}}