{"id":209468,"date":"2019-08-11T21:30:04","date_gmt":"2019-08-12T00:30:04","guid":{"rendered":"https:\/\/franciscanos.org.br\/noticias\/?p=209468"},"modified":"2019-08-11T21:40:47","modified_gmt":"2019-08-12T00:40:47","slug":"ministro-provincial-um-dia-inteiro-com-as-irmas-clarissas","status":"publish","type":"post","link":"https:\/\/franciscanos.org.br\/noticias\/ministro-provincial-um-dia-inteiro-com-as-irmas-clarissas.html","title":{"rendered":"Ministro Provincial: um dia inteiro com as Irm\u00e3s Clarissas"},"content":{"rendered":"<p><img loading=\"lazy\" class=\"alignnone wp-image-209485 size-full\" src=\"https:\/\/franciscanos.org.br\/noticias\/wp-content\/uploads\/2011\/08\/clara_110819.jpg\" alt=\"\" width=\"890\" height=\"500\" srcset=\"https:\/\/franciscanos.org.br\/noticias\/wp-content\/uploads\/2011\/08\/clara_110819.jpg 890w, https:\/\/franciscanos.org.br\/noticias\/wp-content\/uploads\/2011\/08\/clara_110819-450x253.jpg 450w, https:\/\/franciscanos.org.br\/noticias\/wp-content\/uploads\/2011\/08\/clara_110819-768x431.jpg 768w, https:\/\/franciscanos.org.br\/noticias\/wp-content\/uploads\/2011\/08\/clara_110819-150x84.jpg 150w\" sizes=\"(max-width: 890px) 100vw, 890px\" \/><\/p>\n<p><strong>Rio de Janeiro (RJ) \u2013<\/strong> Neste dia 11 de agosto nem foi preciso oferecer ovos para santa Clara, como remonta a tradi\u00e7\u00e3o, para garantir um dia de c\u00e9u azul e tempo firme. Nos Mosteiros das Irm\u00e3s Clarissas de Nova Igua\u00e7u (RJ) e Irm\u00e3s Clarissas da G\u00e1vea, no Rio de Janeiro, as festividades aconteceram durante todo o dia. O Ministro Provincial da Prov\u00edncia Franciscana da Imaculada Concei\u00e7\u00e3o do Brasil, Frei C\u00e9sar K\u00fclkamp, presidiu a primeira Celebra\u00e7\u00e3o Eucar\u00edstica, \u00e0s 11 horas, na G\u00e1vea e concluiu as festividades em Nova Igua\u00e7u.<\/p>\n<p>Segundo o Ministro Provincial, seremos crist\u00e3os, franciscanos ou clarissas, aut\u00eanticos se nos consagrarmos \u00e0 alegria de quem vive com o Senhor. \u201cDesta forma, estaremos abrindo nossa Fraternidade, nossa Comunidade e nossas fam\u00edlias \u00e0 a\u00e7\u00e3o de Deus e permitindo que esta grande santa, ainda que um vaso de barro, como todos n\u00f3s, traga um pouco mais de claridade, de brilho \u00e0 Igreja e ao mundo de hoje\u201d.<\/p>\n<p>A Santa Missa em Nova Igua\u00e7u contou com a Celebra\u00e7\u00e3o do Tr\u00e2nsito de Santa Clara e com a presen\u00e7a dos frades estudantes de Teologia de Petr\u00f3polis (RJ), al\u00e9m de religiosas franciscanas dos mais diferentes institutos e devotas da santa Padroeira da televis\u00e3o. As Irm\u00e3s Clarissas de Nova Igua\u00e7u t\u00eam motivos de sobra para celebrar, pois neste ano est\u00e3o celebrando o Jubileu dos 30 anos de inaugura\u00e7\u00e3o do Mosteiro dedicado a Santa Clara, que marcou uma \u00e9poca e trouxe para a Igreja uma inspiradora hist\u00f3ria de amor, devo\u00e7\u00e3o e f\u00e9.<\/p>\n<p><strong>Veja a homilia na \u00edntegra de Frei C\u00e9sar K\u00fclkamp:<\/strong><\/p>\n<p>&#8211; Queridas irm\u00e3s de ideal e de vida, nossas irm\u00e3s Clarissas;<\/p>\n<p>&#8211; Caros confrades aqui presentes, filhos tamb\u00e9m no esp\u00edrito e no ideal de nossa<\/p>\n<p>M\u00e3e, Clara de Assis;<\/p>\n<p>&#8211; Queridas irm\u00e3s religiosas franciscanas dos mais diferentes institutos;<\/p>\n<p>&#8211; Demais irm\u00e3s e irm\u00e3os presentes, a todos voc\u00eas Paz e Bem!<\/p>\n<p><img loading=\"lazy\" class=\"alignnone size-full wp-image-209469\" src=\"https:\/\/franciscanos.org.br\/noticias\/wp-content\/uploads\/2019\/08\/gavea.jpg\" alt=\"\" width=\"890\" height=\"432\" srcset=\"https:\/\/franciscanos.org.br\/noticias\/wp-content\/uploads\/2019\/08\/gavea.jpg 890w, https:\/\/franciscanos.org.br\/noticias\/wp-content\/uploads\/2019\/08\/gavea-450x218.jpg 450w, https:\/\/franciscanos.org.br\/noticias\/wp-content\/uploads\/2019\/08\/gavea-768x373.jpg 768w, https:\/\/franciscanos.org.br\/noticias\/wp-content\/uploads\/2019\/08\/gavea-150x73.jpg 150w\" sizes=\"(max-width: 890px) 100vw, 890px\" \/><\/p>\n<p>Celebramos hoje, em esp\u00edrito de Fraternidade, esta solenidade que nos transporta para o tr\u00e2nsito de Santa Clara. L\u00e1, no dia 11 de agosto de 1253, quando ela deixou este mundo como um dom precioso a todo o Povo de Deus.<\/p>\n<p>N\u00e3o celebramos apenas como um dia festivo, mas como uma oportunidade de nos deixarmos tocar pela provoca\u00e7\u00e3o da vida e do ideal desta seguidora mais perfeita de nosso Pai S\u00e3o Francisco. Aquela que ele cultivou como sua \u201cplantinha\u201d. Por isso, ela \u00e9 para n\u00f3s \u201cmestra\u201d neste seguimento de Cristo ao modo de Francisco. E, na sua criatividade, soube colher aquilo que \u00e9 o cora\u00e7\u00e3o e o drama de todo o movimento franciscano. Por isso, hoje celebramos o nosso carisma franciscano. Em seu ideal apaixonado e apaixonante, Clara nos provoca a tomarmos, tamb\u00e9m n\u00f3s, um lugar nesta grande hist\u00f3ria de seguimento radical dos passos do Cristo.<\/p>\n<p>Seu testemunho marcou a vida de uma multid\u00e3o de fi\u00e9is, n\u00e3o s\u00f3 entre suas irm\u00e3s ou dentro da Ordem Franciscana, mas desde papas e reis at\u00e9 os mais simples e pequeninos que conseguiram ver nela, como num espelho, o reflexo de Jesus Cristo, pobre e crucificado.<\/p>\n<p><img loading=\"lazy\" class=\"alignnone wp-image-209486 size-full\" src=\"https:\/\/franciscanos.org.br\/noticias\/wp-content\/uploads\/2011\/08\/clara_110819_1.jpg\" alt=\"\" width=\"890\" height=\"500\" srcset=\"https:\/\/franciscanos.org.br\/noticias\/wp-content\/uploads\/2011\/08\/clara_110819_1.jpg 890w, https:\/\/franciscanos.org.br\/noticias\/wp-content\/uploads\/2011\/08\/clara_110819_1-450x253.jpg 450w, https:\/\/franciscanos.org.br\/noticias\/wp-content\/uploads\/2011\/08\/clara_110819_1-768x431.jpg 768w, https:\/\/franciscanos.org.br\/noticias\/wp-content\/uploads\/2011\/08\/clara_110819_1-150x84.jpg 150w\" sizes=\"(max-width: 890px) 100vw, 890px\" \/><\/p>\n<p>A Clara de Assis nobre, rica e bela n\u00e3o p\u00f4s nestes atributos os valores maiores de sua vida. Desde os primeiros anos, esfor\u00e7ava-se em amar profundamente o Cristo. Assim, foi percebendo em si o chamado para uma miss\u00e3o maior. Aspirava por uma vida com mais sentido.<\/p>\n<p>Ouvimos em sua carta a Santa In\u00eas de Praga como ela insiste no olhar cotidiano ao espelho que \u00e9 o Cristo para nele examinar-se e a partir dele tornar-se inteiramente revestida e adornada com as sublimes virtudes: a feliz pobreza, a santa humildade e a inef\u00e1vel caridade.<\/p>\n<p>O referencial de Clara \u00e9 o Cristo e n\u00e3o Francisco. Mas foi o olhar afinado por essa cont\u00ednua contempla\u00e7\u00e3o que a fez observar de longe e, cada vez, com mais aten\u00e7\u00e3o, a transforma\u00e7\u00e3o ocorrida em Francisco, sua ren\u00fancia aos bens e \u00e0 fam\u00edlia, os seus primeiros seguidores e o estilo de vida que levavam. Foi percebendo neles o encontro com o verdadeiro significado da vida, a plena felicidade.<\/p>\n<p>Em 1210, assiste \u00e0s prega\u00e7\u00f5es de Francisco e sente que o ideal a ser buscado \u00e9 este. Depois de muitas conversas com ele, aos 18 anos, numa noite de Domingo de Ramos, em 1212, Clara foge de casa e vai ao encontro dele e de seus frades que fazem a sua consagra\u00e7\u00e3o na igrejinha da Porci\u00fancula. Desde o in\u00edcio, com a sua firmeza de mulher decidida, resistiu a todas as tentativas de afast\u00e1-la deste ideal. Logo vieram as primeiras companheiras e foram morar juntas no Conventinho de S\u00e3o Dami\u00e3o. Nasce assim a II Ordem Franciscana, a Ordem das Clarissas, das seguidoras de Francisco.<\/p>\n<p><img loading=\"lazy\" class=\"alignnone wp-image-209487 size-full\" src=\"https:\/\/franciscanos.org.br\/noticias\/wp-content\/uploads\/2011\/08\/clara_110819_2.jpg\" alt=\"\" width=\"890\" height=\"500\" srcset=\"https:\/\/franciscanos.org.br\/noticias\/wp-content\/uploads\/2011\/08\/clara_110819_2.jpg 890w, https:\/\/franciscanos.org.br\/noticias\/wp-content\/uploads\/2011\/08\/clara_110819_2-450x253.jpg 450w, https:\/\/franciscanos.org.br\/noticias\/wp-content\/uploads\/2011\/08\/clara_110819_2-768x431.jpg 768w, https:\/\/franciscanos.org.br\/noticias\/wp-content\/uploads\/2011\/08\/clara_110819_2-150x84.jpg 150w\" sizes=\"(max-width: 890px) 100vw, 890px\" \/><\/p>\n<p>O in\u00edcio foi duro: extrema pobreza, instabilidade de moradia e sustenta\u00e7\u00e3o. Ela mesma escreve em sua Regra sobre as tantas afrontas, humilha\u00e7\u00f5es e desprezos que fizeram amadurecer a op\u00e7\u00e3o tomada. Muitas destas seguidoras de Clara e Francisco se tornaram grandes exemplos de santidade para toda a Igreja.<\/p>\n<p>A vida de Clara \u00e9 pouco conhecida porque n\u00e3o foi vivida com grandes realiza\u00e7\u00f5es como tanto se valoriza no mundo de hoje. O impressionante nela \u00e9 a qualidade do amor vivido diariamente numa rela\u00e7\u00e3o direta com Deus: tempo, espa\u00e7o, trabalho, repouso, sil\u00eancio, Palavra.<\/p>\n<p>E a escuta atenta da Palavra, novamente este espelho que reflete muito claramente o pr\u00f3prio Cristo, leva-a a uma viv\u00eancia muito concreta de seus valores. A forma de vida, por ela escrita, tal como a de Francisco, consiste em viver o santo Evangelho de Nosso Senhor Jesus Cristo (RCl I, 1-2).<\/p>\n<p><img loading=\"lazy\" class=\"alignnone size-full wp-image-209482\" src=\"https:\/\/franciscanos.org.br\/noticias\/wp-content\/uploads\/2019\/08\/gavea2.jpg\" alt=\"\" width=\"890\" height=\"594\" srcset=\"https:\/\/franciscanos.org.br\/noticias\/wp-content\/uploads\/2019\/08\/gavea2.jpg 890w, https:\/\/franciscanos.org.br\/noticias\/wp-content\/uploads\/2019\/08\/gavea2-450x300.jpg 450w, https:\/\/franciscanos.org.br\/noticias\/wp-content\/uploads\/2019\/08\/gavea2-768x513.jpg 768w, https:\/\/franciscanos.org.br\/noticias\/wp-content\/uploads\/2019\/08\/gavea2-150x100.jpg 150w\" sizes=\"(max-width: 890px) 100vw, 890px\" \/><\/p>\n<p>De todos estes valores, destaco, hoje, apenas tr\u00eas, mas que s\u00e3o valores centrais extra\u00eddos do Evangelho na vida de Clara:<\/p>\n<p>&#8211; A Vida Contemplativa para Clara n\u00e3o significa simplesmente viver no isolamento, fechada pelas paredes de um claustro. \u00c9, acima de tudo viver como consagrada, na escuta constante de Deus, ou seja, uma vida habitada por Deus. \u00c9 a virgem atra\u00edda ao deserto de que nos fala o Profeta Os\u00e9ias, na primeira leitura. O deserto \u00e9 o sil\u00eancio, a escuta da contemplativa, que a\u00ed pode ser desposada com benevol\u00eancia e ternura. Ou \u00e9 a conex\u00e3o do ramo \u00e0 videira, da contemplativa ao seu Senhor, de onde pode sorver o amor gera vida e frutos.<\/p>\n<p>&#8211; A vida em fraternidade \u00e9 o lugar teol\u00f3gico da viv\u00eancia do Evangelho, onde, no cuidado de cada irm\u00e3, aprende-se da rela\u00e7\u00e3o com Deus a \u201cconservar a unidade da rec\u00edproca caridade\u201d (RCl X, 7). Assim como Deus nos ama e acolhe sempre de novo com o mesmo amor misericordioso, apesar de todas as nossas imperfei\u00e7\u00f5es e infidelidades, n\u00e3o cabe \u00e0 irm\u00e3 outra postura sen\u00e3o a comunh\u00e3o amorosa que v\u00ea em quem est\u00e1 do lado o \u201cpresente\u201d do Senhor. Este \u00e9 um belo fruto de Seu amor.<\/p>\n<p>&#8211; A vida sem nada de pr\u00f3prio ou a guarda da sant\u00edssima pobreza \u00e9 o elemento que n\u00e3o \u00e9 negoci\u00e1vel. \u00c9 a op\u00e7\u00e3o de fundo que inspira a decis\u00e3o de viver \u201ca perfei\u00e7\u00e3o do santo Evangelho\u201d (Fv1). Como Francisco, Clara \u00e9 apaixonada pela pobreza e faz dela o itiner\u00e1rio de sua vida. Luta para alcan\u00e7ar o \u201cPrivil\u00e9gio da Pobreza\u201d, ou seja, o direito de n\u00e3o ter propriedades. N\u00e3o queria que seus mosteiros tivessem formas seguras de manuten\u00e7\u00e3o. Viver na precariedade, sentir falta at\u00e9 das coisas necess\u00e1rias, faz parte desta aventura evang\u00e9lica e da aposta na confian\u00e7a total ao Deus amor e provid\u00eancia. O pequeno ramo que vive da videira.<\/p>\n<p><img loading=\"lazy\" class=\"alignnone wp-image-209488 size-full\" src=\"https:\/\/franciscanos.org.br\/noticias\/wp-content\/uploads\/2011\/08\/clara_110819_3.jpg\" alt=\"\" width=\"890\" height=\"500\" srcset=\"https:\/\/franciscanos.org.br\/noticias\/wp-content\/uploads\/2011\/08\/clara_110819_3.jpg 890w, https:\/\/franciscanos.org.br\/noticias\/wp-content\/uploads\/2011\/08\/clara_110819_3-450x253.jpg 450w, https:\/\/franciscanos.org.br\/noticias\/wp-content\/uploads\/2011\/08\/clara_110819_3-768x431.jpg 768w, https:\/\/franciscanos.org.br\/noticias\/wp-content\/uploads\/2011\/08\/clara_110819_3-150x84.jpg 150w\" sizes=\"(max-width: 890px) 100vw, 890px\" \/><\/p>\n<p>Com estes valores podemos perceber como Clara tornou-se mestra da nossa rica espiritualidade franciscana e esta luz que brilha e afasta as trevas do mundo. Ela tem muito a nos dizer. N\u00e3o s\u00f3 em palavras, mas principalmente com o seu testemunho vigoroso. Testemunho este que tamb\u00e9m sustentou os frades da origem, \u00f3rf\u00e3os de Francisco. Uma fortaleza que emanava da condi\u00e7\u00e3o fr\u00e1gil e enferma daquela mulher em seu leito.<\/p>\n<p>N\u00f3s temos hoje a tenta\u00e7\u00e3o de falar demais, de interpretar a vida. N\u00f3s estudamos, refletimos sobre a pobreza; Clara casou-se com ela. \u00c9 mais f\u00e1cil falar e questionar do que viver. Clara \u00e9 uma express\u00e3o da viv\u00eancia radical do Evangelho: viv\u00ea-lo e nada mais. Mas, n\u00e3o faz isso com dureza. Coloca os valores essenciais do cristianismo no modo cotidiano, simples, fraterno e feminino de viver.<\/p>\n<p>E aquele desejo de menina, de buscar um sentido maior para sua vida se concretiza na clareza de sua voca\u00e7\u00e3o.<\/p>\n<p>Seu testemunho clarividente \u00e9, para n\u00f3s, uma garantia de que viver assim \u00e9 poss\u00edvel. Seremos crist\u00e3os, franciscanos ou clarissas, aut\u00eanticos se nos consagrarmos \u00e0 alegria de quem vive com o Senhor. Desta forma, estaremos abrindo nossa Fraternidade, nossa Comunidade e nossas fam\u00edlias \u00e0 a\u00e7\u00e3o de Deus e permitindo que esta grande santa, ainda que um vaso de barro, como todos n\u00f3s, traga um pouco mais de claridade, de brilho \u00e0 Igreja e ao mundo de hoje.<\/p>\n<p>\u201cQuem permanecer em mim e eu nele, dar\u00e1 muito fruto. Meu Pai ser\u00e1 glorificado, se derdes muito fruto, e assim sereis meus disc\u00edpulos\u201d (Jo 15, 5.8).<\/p>\n<hr \/>\n<p style=\"text-align: center;\"><strong>IMAGENS DA CELEBRA\u00c7\u00c3O DAS 11 HORAS NO MOSTEIRO DA G\u00c1VEA<\/strong><\/p>\n<hr \/>\n\n\t\t<style type=\"text\/css\">\n\t\t\t#gallery-1 {\n\t\t\t\tmargin: auto;\n\t\t\t}\n\t\t\t#gallery-1 .gallery-item {\n\t\t\t\tfloat: left;\n\t\t\t\tmargin-top: 10px;\n\t\t\t\ttext-align: center;\n\t\t\t\twidth: 25%;\n\t\t\t}\n\t\t\t#gallery-1 img {\n\t\t\t\tborder: 2px solid #cfcfcf;\n\t\t\t}\n\t\t\t#gallery-1 .gallery-caption {\n\t\t\t\tmargin-left: 0;\n\t\t\t}\n\t\t\t\/* see gallery_shortcode() in wp-includes\/media.php *\/\n\t\t<\/style>\n\t\t<div id='gallery-1' class='gallery galleryid-209468 gallery-columns-4 gallery-size-thumbnail'><dl class='gallery-item'>\n\t\t\t<dt class='gallery-icon landscape'>\n\t\t\t\t<a href='https:\/\/franciscanos.org.br\/noticias\/wp-content\/uploads\/2019\/08\/rio-1.jpg'><img width=\"300\" height=\"300\" src=\"https:\/\/franciscanos.org.br\/noticias\/wp-content\/uploads\/2019\/08\/rio-1-300x300.jpg\" class=\"attachment-thumbnail size-thumbnail\" alt=\"\" loading=\"lazy\" srcset=\"https:\/\/franciscanos.org.br\/noticias\/wp-content\/uploads\/2019\/08\/rio-1-300x300.jpg 300w, https:\/\/franciscanos.org.br\/noticias\/wp-content\/uploads\/2019\/08\/rio-1-100x100.jpg 100w, https:\/\/franciscanos.org.br\/noticias\/wp-content\/uploads\/2019\/08\/rio-1-400x400.jpg 400w\" sizes=\"(max-width: 300px) 100vw, 300px\" \/><\/a>\n\t\t\t<\/dt><\/dl><dl class='gallery-item'>\n\t\t\t<dt class='gallery-icon landscape'>\n\t\t\t\t<a href='https:\/\/franciscanos.org.br\/noticias\/wp-content\/uploads\/2019\/08\/rio-2.jpg'><img width=\"300\" height=\"300\" src=\"https:\/\/franciscanos.org.br\/noticias\/wp-content\/uploads\/2019\/08\/rio-2-300x300.jpg\" class=\"attachment-thumbnail size-thumbnail\" alt=\"\" loading=\"lazy\" srcset=\"https:\/\/franciscanos.org.br\/noticias\/wp-content\/uploads\/2019\/08\/rio-2-300x300.jpg 300w, https:\/\/franciscanos.org.br\/noticias\/wp-content\/uploads\/2019\/08\/rio-2-100x100.jpg 100w, https:\/\/franciscanos.org.br\/noticias\/wp-content\/uploads\/2019\/08\/rio-2-400x400.jpg 400w\" sizes=\"(max-width: 300px) 100vw, 300px\" \/><\/a>\n\t\t\t<\/dt><\/dl><dl class='gallery-item'>\n\t\t\t<dt class='gallery-icon landscape'>\n\t\t\t\t<a href='https:\/\/franciscanos.org.br\/noticias\/wp-content\/uploads\/2019\/08\/rio-3.jpg'><img width=\"300\" height=\"300\" src=\"https:\/\/franciscanos.org.br\/noticias\/wp-content\/uploads\/2019\/08\/rio-3-300x300.jpg\" class=\"attachment-thumbnail size-thumbnail\" alt=\"\" loading=\"lazy\" srcset=\"https:\/\/franciscanos.org.br\/noticias\/wp-content\/uploads\/2019\/08\/rio-3-300x300.jpg 300w, https:\/\/franciscanos.org.br\/noticias\/wp-content\/uploads\/2019\/08\/rio-3-100x100.jpg 100w, https:\/\/franciscanos.org.br\/noticias\/wp-content\/uploads\/2019\/08\/rio-3-400x400.jpg 400w\" sizes=\"(max-width: 300px) 100vw, 300px\" \/><\/a>\n\t\t\t<\/dt><\/dl><dl class='gallery-item'>\n\t\t\t<dt class='gallery-icon landscape'>\n\t\t\t\t<a href='https:\/\/franciscanos.org.br\/noticias\/wp-content\/uploads\/2019\/08\/rio-4.jpg'><img width=\"300\" height=\"300\" src=\"https:\/\/franciscanos.org.br\/noticias\/wp-content\/uploads\/2019\/08\/rio-4-300x300.jpg\" class=\"attachment-thumbnail size-thumbnail\" alt=\"\" loading=\"lazy\" srcset=\"https:\/\/franciscanos.org.br\/noticias\/wp-content\/uploads\/2019\/08\/rio-4-300x300.jpg 300w, https:\/\/franciscanos.org.br\/noticias\/wp-content\/uploads\/2019\/08\/rio-4-100x100.jpg 100w, https:\/\/franciscanos.org.br\/noticias\/wp-content\/uploads\/2019\/08\/rio-4-400x400.jpg 400w\" sizes=\"(max-width: 300px) 100vw, 300px\" \/><\/a>\n\t\t\t<\/dt><\/dl><br style=\"clear: both\" \/><dl class='gallery-item'>\n\t\t\t<dt class='gallery-icon landscape'>\n\t\t\t\t<a href='https:\/\/franciscanos.org.br\/noticias\/wp-content\/uploads\/2019\/08\/rio-5.jpg'><img width=\"300\" height=\"300\" src=\"https:\/\/franciscanos.org.br\/noticias\/wp-content\/uploads\/2019\/08\/rio-5-300x300.jpg\" class=\"attachment-thumbnail size-thumbnail\" alt=\"\" loading=\"lazy\" srcset=\"https:\/\/franciscanos.org.br\/noticias\/wp-content\/uploads\/2019\/08\/rio-5-300x300.jpg 300w, https:\/\/franciscanos.org.br\/noticias\/wp-content\/uploads\/2019\/08\/rio-5-100x100.jpg 100w, https:\/\/franciscanos.org.br\/noticias\/wp-content\/uploads\/2019\/08\/rio-5-400x400.jpg 400w\" sizes=\"(max-width: 300px) 100vw, 300px\" \/><\/a>\n\t\t\t<\/dt><\/dl><dl class='gallery-item'>\n\t\t\t<dt class='gallery-icon landscape'>\n\t\t\t\t<a href='https:\/\/franciscanos.org.br\/noticias\/wp-content\/uploads\/2019\/08\/rio-6.jpg'><img width=\"300\" height=\"300\" src=\"https:\/\/franciscanos.org.br\/noticias\/wp-content\/uploads\/2019\/08\/rio-6-300x300.jpg\" class=\"attachment-thumbnail size-thumbnail\" alt=\"\" loading=\"lazy\" srcset=\"https:\/\/franciscanos.org.br\/noticias\/wp-content\/uploads\/2019\/08\/rio-6-300x300.jpg 300w, https:\/\/franciscanos.org.br\/noticias\/wp-content\/uploads\/2019\/08\/rio-6-100x100.jpg 100w, https:\/\/franciscanos.org.br\/noticias\/wp-content\/uploads\/2019\/08\/rio-6-400x400.jpg 400w\" sizes=\"(max-width: 300px) 100vw, 300px\" \/><\/a>\n\t\t\t<\/dt><\/dl><dl class='gallery-item'>\n\t\t\t<dt class='gallery-icon landscape'>\n\t\t\t\t<a href='https:\/\/franciscanos.org.br\/noticias\/wp-content\/uploads\/2019\/08\/rio-7.jpg'><img width=\"300\" height=\"300\" src=\"https:\/\/franciscanos.org.br\/noticias\/wp-content\/uploads\/2019\/08\/rio-7-300x300.jpg\" class=\"attachment-thumbnail size-thumbnail\" alt=\"\" loading=\"lazy\" srcset=\"https:\/\/franciscanos.org.br\/noticias\/wp-content\/uploads\/2019\/08\/rio-7-300x300.jpg 300w, https:\/\/franciscanos.org.br\/noticias\/wp-content\/uploads\/2019\/08\/rio-7-100x100.jpg 100w, https:\/\/franciscanos.org.br\/noticias\/wp-content\/uploads\/2019\/08\/rio-7-400x400.jpg 400w\" sizes=\"(max-width: 300px) 100vw, 300px\" \/><\/a>\n\t\t\t<\/dt><\/dl><dl class='gallery-item'>\n\t\t\t<dt class='gallery-icon portrait'>\n\t\t\t\t<a href='https:\/\/franciscanos.org.br\/noticias\/wp-content\/uploads\/2019\/08\/rio-8.jpg'><img width=\"300\" height=\"300\" src=\"https:\/\/franciscanos.org.br\/noticias\/wp-content\/uploads\/2019\/08\/rio-8-300x300.jpg\" class=\"attachment-thumbnail size-thumbnail\" alt=\"\" loading=\"lazy\" srcset=\"https:\/\/franciscanos.org.br\/noticias\/wp-content\/uploads\/2019\/08\/rio-8-300x300.jpg 300w, https:\/\/franciscanos.org.br\/noticias\/wp-content\/uploads\/2019\/08\/rio-8-100x100.jpg 100w, https:\/\/franciscanos.org.br\/noticias\/wp-content\/uploads\/2019\/08\/rio-8-400x400.jpg 400w\" sizes=\"(max-width: 300px) 100vw, 300px\" \/><\/a>\n\t\t\t<\/dt><\/dl><br style=\"clear: both\" \/><dl class='gallery-item'>\n\t\t\t<dt class='gallery-icon landscape'>\n\t\t\t\t<a href='https:\/\/franciscanos.org.br\/noticias\/wp-content\/uploads\/2019\/08\/rio-9.jpg'><img width=\"300\" height=\"300\" src=\"https:\/\/franciscanos.org.br\/noticias\/wp-content\/uploads\/2019\/08\/rio-9-300x300.jpg\" class=\"attachment-thumbnail size-thumbnail\" alt=\"\" loading=\"lazy\" srcset=\"https:\/\/franciscanos.org.br\/noticias\/wp-content\/uploads\/2019\/08\/rio-9-300x300.jpg 300w, https:\/\/franciscanos.org.br\/noticias\/wp-content\/uploads\/2019\/08\/rio-9-100x100.jpg 100w, https:\/\/franciscanos.org.br\/noticias\/wp-content\/uploads\/2019\/08\/rio-9-400x400.jpg 400w\" sizes=\"(max-width: 300px) 100vw, 300px\" \/><\/a>\n\t\t\t<\/dt><\/dl><dl class='gallery-item'>\n\t\t\t<dt class='gallery-icon landscape'>\n\t\t\t\t<a href='https:\/\/franciscanos.org.br\/noticias\/wp-content\/uploads\/2019\/08\/rio-10.jpg'><img width=\"300\" height=\"300\" src=\"https:\/\/franciscanos.org.br\/noticias\/wp-content\/uploads\/2019\/08\/rio-10-300x300.jpg\" class=\"attachment-thumbnail size-thumbnail\" alt=\"\" loading=\"lazy\" srcset=\"https:\/\/franciscanos.org.br\/noticias\/wp-content\/uploads\/2019\/08\/rio-10-300x300.jpg 300w, https:\/\/franciscanos.org.br\/noticias\/wp-content\/uploads\/2019\/08\/rio-10-100x100.jpg 100w, https:\/\/franciscanos.org.br\/noticias\/wp-content\/uploads\/2019\/08\/rio-10-400x400.jpg 400w\" sizes=\"(max-width: 300px) 100vw, 300px\" \/><\/a>\n\t\t\t<\/dt><\/dl><dl class='gallery-item'>\n\t\t\t<dt class='gallery-icon landscape'>\n\t\t\t\t<a href='https:\/\/franciscanos.org.br\/noticias\/wp-content\/uploads\/2019\/08\/rio-11.jpg'><img width=\"300\" height=\"300\" src=\"https:\/\/franciscanos.org.br\/noticias\/wp-content\/uploads\/2019\/08\/rio-11-300x300.jpg\" class=\"attachment-thumbnail size-thumbnail\" alt=\"\" loading=\"lazy\" srcset=\"https:\/\/franciscanos.org.br\/noticias\/wp-content\/uploads\/2019\/08\/rio-11-300x300.jpg 300w, https:\/\/franciscanos.org.br\/noticias\/wp-content\/uploads\/2019\/08\/rio-11-100x100.jpg 100w, https:\/\/franciscanos.org.br\/noticias\/wp-content\/uploads\/2019\/08\/rio-11-400x400.jpg 400w\" sizes=\"(max-width: 300px) 100vw, 300px\" \/><\/a>\n\t\t\t<\/dt><\/dl><dl class='gallery-item'>\n\t\t\t<dt class='gallery-icon landscape'>\n\t\t\t\t<a href='https:\/\/franciscanos.org.br\/noticias\/wp-content\/uploads\/2019\/08\/rio-12.jpg'><img width=\"300\" height=\"300\" src=\"https:\/\/franciscanos.org.br\/noticias\/wp-content\/uploads\/2019\/08\/rio-12-300x300.jpg\" class=\"attachment-thumbnail size-thumbnail\" alt=\"\" loading=\"lazy\" srcset=\"https:\/\/franciscanos.org.br\/noticias\/wp-content\/uploads\/2019\/08\/rio-12-300x300.jpg 300w, https:\/\/franciscanos.org.br\/noticias\/wp-content\/uploads\/2019\/08\/rio-12-100x100.jpg 100w, https:\/\/franciscanos.org.br\/noticias\/wp-content\/uploads\/2019\/08\/rio-12-400x400.jpg 400w\" sizes=\"(max-width: 300px) 100vw, 300px\" \/><\/a>\n\t\t\t<\/dt><\/dl><br style=\"clear: both\" \/>\n\t\t<\/div>\n\n<hr \/>\n<p style=\"text-align: center;\"><strong>IMAGENS DA CELEBRA\u00c7\u00c3O DAS 16 HORAS NO MOSTEIRO DE NOVA IGUA\u00c7U<\/strong><\/p>\n<hr \/>\n\n\t\t<style type=\"text\/css\">\n\t\t\t#gallery-2 {\n\t\t\t\tmargin: auto;\n\t\t\t}\n\t\t\t#gallery-2 .gallery-item {\n\t\t\t\tfloat: left;\n\t\t\t\tmargin-top: 10px;\n\t\t\t\ttext-align: center;\n\t\t\t\twidth: 25%;\n\t\t\t}\n\t\t\t#gallery-2 img {\n\t\t\t\tborder: 2px solid #cfcfcf;\n\t\t\t}\n\t\t\t#gallery-2 .gallery-caption {\n\t\t\t\tmargin-left: 0;\n\t\t\t}\n\t\t\t\/* see gallery_shortcode() in wp-includes\/media.php *\/\n\t\t<\/style>\n\t\t<div id='gallery-2' class='gallery galleryid-209468 gallery-columns-4 gallery-size-thumbnail'><dl class='gallery-item'>\n\t\t\t<dt class='gallery-icon landscape'>\n\t\t\t\t<a href='https:\/\/franciscanos.org.br\/noticias\/wp-content\/uploads\/2011\/08\/clara_110819-1.jpg'><img width=\"300\" height=\"300\" src=\"https:\/\/franciscanos.org.br\/noticias\/wp-content\/uploads\/2011\/08\/clara_110819-1-300x300.jpg\" class=\"attachment-thumbnail size-thumbnail\" alt=\"\" loading=\"lazy\" srcset=\"https:\/\/franciscanos.org.br\/noticias\/wp-content\/uploads\/2011\/08\/clara_110819-1-300x300.jpg 300w, https:\/\/franciscanos.org.br\/noticias\/wp-content\/uploads\/2011\/08\/clara_110819-1-100x100.jpg 100w, https:\/\/franciscanos.org.br\/noticias\/wp-content\/uploads\/2011\/08\/clara_110819-1-400x400.jpg 400w\" sizes=\"(max-width: 300px) 100vw, 300px\" \/><\/a>\n\t\t\t<\/dt><\/dl><dl class='gallery-item'>\n\t\t\t<dt class='gallery-icon landscape'>\n\t\t\t\t<a href='https:\/\/franciscanos.org.br\/noticias\/wp-content\/uploads\/2011\/08\/clara_110819-2.jpg'><img width=\"300\" height=\"300\" src=\"https:\/\/franciscanos.org.br\/noticias\/wp-content\/uploads\/2011\/08\/clara_110819-2-300x300.jpg\" class=\"attachment-thumbnail size-thumbnail\" alt=\"\" loading=\"lazy\" srcset=\"https:\/\/franciscanos.org.br\/noticias\/wp-content\/uploads\/2011\/08\/clara_110819-2-300x300.jpg 300w, https:\/\/franciscanos.org.br\/noticias\/wp-content\/uploads\/2011\/08\/clara_110819-2-100x100.jpg 100w, https:\/\/franciscanos.org.br\/noticias\/wp-content\/uploads\/2011\/08\/clara_110819-2-400x400.jpg 400w\" sizes=\"(max-width: 300px) 100vw, 300px\" \/><\/a>\n\t\t\t<\/dt><\/dl><dl class='gallery-item'>\n\t\t\t<dt class='gallery-icon landscape'>\n\t\t\t\t<a href='https:\/\/franciscanos.org.br\/noticias\/wp-content\/uploads\/2011\/08\/clara_110819-3.jpg'><img width=\"300\" height=\"300\" src=\"https:\/\/franciscanos.org.br\/noticias\/wp-content\/uploads\/2011\/08\/clara_110819-3-300x300.jpg\" class=\"attachment-thumbnail size-thumbnail\" alt=\"\" loading=\"lazy\" srcset=\"https:\/\/franciscanos.org.br\/noticias\/wp-content\/uploads\/2011\/08\/clara_110819-3-300x300.jpg 300w, https:\/\/franciscanos.org.br\/noticias\/wp-content\/uploads\/2011\/08\/clara_110819-3-100x100.jpg 100w, https:\/\/franciscanos.org.br\/noticias\/wp-content\/uploads\/2011\/08\/clara_110819-3-400x400.jpg 400w\" sizes=\"(max-width: 300px) 100vw, 300px\" \/><\/a>\n\t\t\t<\/dt><\/dl><dl class='gallery-item'>\n\t\t\t<dt class='gallery-icon landscape'>\n\t\t\t\t<a href='https:\/\/franciscanos.org.br\/noticias\/wp-content\/uploads\/2011\/08\/clara_110819-4.jpg'><img width=\"300\" height=\"300\" src=\"https:\/\/franciscanos.org.br\/noticias\/wp-content\/uploads\/2011\/08\/clara_110819-4-300x300.jpg\" class=\"attachment-thumbnail size-thumbnail\" alt=\"\" loading=\"lazy\" srcset=\"https:\/\/franciscanos.org.br\/noticias\/wp-content\/uploads\/2011\/08\/clara_110819-4-300x300.jpg 300w, https:\/\/franciscanos.org.br\/noticias\/wp-content\/uploads\/2011\/08\/clara_110819-4-100x100.jpg 100w, https:\/\/franciscanos.org.br\/noticias\/wp-content\/uploads\/2011\/08\/clara_110819-4-400x400.jpg 400w\" sizes=\"(max-width: 300px) 100vw, 300px\" \/><\/a>\n\t\t\t<\/dt><\/dl><br style=\"clear: both\" \/><dl class='gallery-item'>\n\t\t\t<dt class='gallery-icon landscape'>\n\t\t\t\t<a href='https:\/\/franciscanos.org.br\/noticias\/wp-content\/uploads\/2011\/08\/clara_110819-5.jpg'><img width=\"300\" height=\"300\" src=\"https:\/\/franciscanos.org.br\/noticias\/wp-content\/uploads\/2011\/08\/clara_110819-5-300x300.jpg\" class=\"attachment-thumbnail size-thumbnail\" alt=\"\" loading=\"lazy\" srcset=\"https:\/\/franciscanos.org.br\/noticias\/wp-content\/uploads\/2011\/08\/clara_110819-5-300x300.jpg 300w, https:\/\/franciscanos.org.br\/noticias\/wp-content\/uploads\/2011\/08\/clara_110819-5-100x100.jpg 100w, https:\/\/franciscanos.org.br\/noticias\/wp-content\/uploads\/2011\/08\/clara_110819-5-400x400.jpg 400w\" sizes=\"(max-width: 300px) 100vw, 300px\" \/><\/a>\n\t\t\t<\/dt><\/dl><dl class='gallery-item'>\n\t\t\t<dt class='gallery-icon landscape'>\n\t\t\t\t<a href='https:\/\/franciscanos.org.br\/noticias\/wp-content\/uploads\/2011\/08\/clara_110819-6.jpg'><img width=\"300\" height=\"300\" src=\"https:\/\/franciscanos.org.br\/noticias\/wp-content\/uploads\/2011\/08\/clara_110819-6-300x300.jpg\" class=\"attachment-thumbnail size-thumbnail\" alt=\"\" loading=\"lazy\" srcset=\"https:\/\/franciscanos.org.br\/noticias\/wp-content\/uploads\/2011\/08\/clara_110819-6-300x300.jpg 300w, https:\/\/franciscanos.org.br\/noticias\/wp-content\/uploads\/2011\/08\/clara_110819-6-100x100.jpg 100w, https:\/\/franciscanos.org.br\/noticias\/wp-content\/uploads\/2011\/08\/clara_110819-6-400x400.jpg 400w\" sizes=\"(max-width: 300px) 100vw, 300px\" \/><\/a>\n\t\t\t<\/dt><\/dl><dl class='gallery-item'>\n\t\t\t<dt class='gallery-icon landscape'>\n\t\t\t\t<a href='https:\/\/franciscanos.org.br\/noticias\/wp-content\/uploads\/2011\/08\/clara_110819-7.jpg'><img width=\"300\" height=\"300\" src=\"https:\/\/franciscanos.org.br\/noticias\/wp-content\/uploads\/2011\/08\/clara_110819-7-300x300.jpg\" class=\"attachment-thumbnail size-thumbnail\" alt=\"\" loading=\"lazy\" srcset=\"https:\/\/franciscanos.org.br\/noticias\/wp-content\/uploads\/2011\/08\/clara_110819-7-300x300.jpg 300w, https:\/\/franciscanos.org.br\/noticias\/wp-content\/uploads\/2011\/08\/clara_110819-7-100x100.jpg 100w, https:\/\/franciscanos.org.br\/noticias\/wp-content\/uploads\/2011\/08\/clara_110819-7-400x400.jpg 400w\" sizes=\"(max-width: 300px) 100vw, 300px\" \/><\/a>\n\t\t\t<\/dt><\/dl><dl class='gallery-item'>\n\t\t\t<dt class='gallery-icon landscape'>\n\t\t\t\t<a href='https:\/\/franciscanos.org.br\/noticias\/wp-content\/uploads\/2011\/08\/clara_110819-8.jpg'><img width=\"300\" height=\"300\" src=\"https:\/\/franciscanos.org.br\/noticias\/wp-content\/uploads\/2011\/08\/clara_110819-8-300x300.jpg\" class=\"attachment-thumbnail size-thumbnail\" alt=\"\" loading=\"lazy\" srcset=\"https:\/\/franciscanos.org.br\/noticias\/wp-content\/uploads\/2011\/08\/clara_110819-8-300x300.jpg 300w, https:\/\/franciscanos.org.br\/noticias\/wp-content\/uploads\/2011\/08\/clara_110819-8-100x100.jpg 100w, https:\/\/franciscanos.org.br\/noticias\/wp-content\/uploads\/2011\/08\/clara_110819-8-400x400.jpg 400w\" sizes=\"(max-width: 300px) 100vw, 300px\" \/><\/a>\n\t\t\t<\/dt><\/dl><br style=\"clear: both\" \/><dl class='gallery-item'>\n\t\t\t<dt class='gallery-icon landscape'>\n\t\t\t\t<a href='https:\/\/franciscanos.org.br\/noticias\/wp-content\/uploads\/2011\/08\/clara_110819-9.jpg'><img width=\"300\" height=\"300\" src=\"https:\/\/franciscanos.org.br\/noticias\/wp-content\/uploads\/2011\/08\/clara_110819-9-300x300.jpg\" class=\"attachment-thumbnail size-thumbnail\" alt=\"\" loading=\"lazy\" srcset=\"https:\/\/franciscanos.org.br\/noticias\/wp-content\/uploads\/2011\/08\/clara_110819-9-300x300.jpg 300w, https:\/\/franciscanos.org.br\/noticias\/wp-content\/uploads\/2011\/08\/clara_110819-9-100x100.jpg 100w, https:\/\/franciscanos.org.br\/noticias\/wp-content\/uploads\/2011\/08\/clara_110819-9-400x400.jpg 400w\" sizes=\"(max-width: 300px) 100vw, 300px\" \/><\/a>\n\t\t\t<\/dt><\/dl><dl class='gallery-item'>\n\t\t\t<dt class='gallery-icon landscape'>\n\t\t\t\t<a href='https:\/\/franciscanos.org.br\/noticias\/wp-content\/uploads\/2011\/08\/clara_110819-10.jpg'><img width=\"300\" height=\"300\" src=\"https:\/\/franciscanos.org.br\/noticias\/wp-content\/uploads\/2011\/08\/clara_110819-10-300x300.jpg\" class=\"attachment-thumbnail size-thumbnail\" alt=\"\" loading=\"lazy\" srcset=\"https:\/\/franciscanos.org.br\/noticias\/wp-content\/uploads\/2011\/08\/clara_110819-10-300x300.jpg 300w, https:\/\/franciscanos.org.br\/noticias\/wp-content\/uploads\/2011\/08\/clara_110819-10-100x100.jpg 100w, https:\/\/franciscanos.org.br\/noticias\/wp-content\/uploads\/2011\/08\/clara_110819-10-400x400.jpg 400w\" sizes=\"(max-width: 300px) 100vw, 300px\" \/><\/a>\n\t\t\t<\/dt><\/dl><dl class='gallery-item'>\n\t\t\t<dt class='gallery-icon landscape'>\n\t\t\t\t<a href='https:\/\/franciscanos.org.br\/noticias\/wp-content\/uploads\/2011\/08\/clara_110819-11.jpg'><img width=\"300\" height=\"300\" src=\"https:\/\/franciscanos.org.br\/noticias\/wp-content\/uploads\/2011\/08\/clara_110819-11-300x300.jpg\" class=\"attachment-thumbnail size-thumbnail\" alt=\"\" loading=\"lazy\" srcset=\"https:\/\/franciscanos.org.br\/noticias\/wp-content\/uploads\/2011\/08\/clara_110819-11-300x300.jpg 300w, https:\/\/franciscanos.org.br\/noticias\/wp-content\/uploads\/2011\/08\/clara_110819-11-100x100.jpg 100w, https:\/\/franciscanos.org.br\/noticias\/wp-content\/uploads\/2011\/08\/clara_110819-11-400x400.jpg 400w\" sizes=\"(max-width: 300px) 100vw, 300px\" \/><\/a>\n\t\t\t<\/dt><\/dl><dl class='gallery-item'>\n\t\t\t<dt class='gallery-icon landscape'>\n\t\t\t\t<a href='https:\/\/franciscanos.org.br\/noticias\/wp-content\/uploads\/2011\/08\/clara_110819-12.jpg'><img width=\"300\" height=\"300\" src=\"https:\/\/franciscanos.org.br\/noticias\/wp-content\/uploads\/2011\/08\/clara_110819-12-300x300.jpg\" class=\"attachment-thumbnail size-thumbnail\" alt=\"\" loading=\"lazy\" srcset=\"https:\/\/franciscanos.org.br\/noticias\/wp-content\/uploads\/2011\/08\/clara_110819-12-300x300.jpg 300w, https:\/\/franciscanos.org.br\/noticias\/wp-content\/uploads\/2011\/08\/clara_110819-12-100x100.jpg 100w, https:\/\/franciscanos.org.br\/noticias\/wp-content\/uploads\/2011\/08\/clara_110819-12-400x400.jpg 400w\" sizes=\"(max-width: 300px) 100vw, 300px\" \/><\/a>\n\t\t\t<\/dt><\/dl><br style=\"clear: both\" \/>\n\t\t<\/div>\n\n","protected":false},"excerpt":{"rendered":"<p>Festividades de Santa Clara de Assis nos Mosteiros do Rio de Janeiro<\/p>\n","protected":false},"author":5,"featured_media":209501,"comment_status":"open","ping_status":"open","sticky":false,"template":"","format":"standard","meta":[],"categories":[1],"tags":[171,1131,1263],"acf":[],"yoast_head":"<!-- This site is optimized with the Yoast SEO plugin v19.2 - https:\/\/yoast.com\/wordpress\/plugins\/seo\/ -->\n<title>Ministro Provincial: um dia inteiro com as Irm\u00e3s Clarissas - Not\u00edcias - Franciscanos<\/title>\n<meta name=\"robots\" content=\"index, follow, max-snippet:-1, max-image-preview:large, max-video-preview:-1\" \/>\n<link rel=\"canonical\" href=\"https:\/\/franciscanos.org.br\/noticias\/ministro-provincial-um-dia-inteiro-com-as-irmas-clarissas.html\" \/>\n<meta property=\"og:locale\" content=\"pt_BR\" \/>\n<meta property=\"og:type\" content=\"article\" \/>\n<meta property=\"og:title\" content=\"Ministro Provincial: um dia inteiro com as Irm\u00e3s Clarissas - Not\u00edcias - Franciscanos\" \/>\n<meta property=\"og:description\" content=\"Festividades de Santa Clara de Assis nos Mosteiros do Rio de Janeiro\" \/>\n<meta property=\"og:url\" content=\"https:\/\/franciscanos.org.br\/noticias\/ministro-provincial-um-dia-inteiro-com-as-irmas-clarissas.html\" \/>\n<meta property=\"og:site_name\" content=\"Not\u00edcias - Franciscanos\" \/>\n<meta property=\"article:published_time\" content=\"2019-08-12T00:30:04+00:00\" \/>\n<meta property=\"article:modified_time\" content=\"2019-08-12T00:40:47+00:00\" \/>\n<meta property=\"og:image\" content=\"https:\/\/franciscanos.org.br\/noticias\/wp-content\/uploads\/2011\/08\/clara_110819_4.jpg\" \/>\n\t<meta property=\"og:image:width\" content=\"273\" \/>\n\t<meta property=\"og:image:height\" content=\"181\" \/>\n\t<meta property=\"og:image:type\" content=\"image\/jpeg\" \/>\n<meta name=\"author\" content=\"freiaugusto\" \/>\n<meta name=\"twitter:card\" content=\"summary_large_image\" \/>\n<meta name=\"twitter:label1\" content=\"Escrito por\" \/>\n\t<meta name=\"twitter:data1\" content=\"freiaugusto\" \/>\n\t<meta name=\"twitter:label2\" content=\"Est. tempo de leitura\" \/>\n\t<meta name=\"twitter:data2\" content=\"8 minutos\" \/>\n<script type=\"application\/ld+json\" class=\"yoast-schema-graph\">{\"@context\":\"https:\/\/schema.org\",\"@graph\":[{\"@type\":\"WebSite\",\"@id\":\"https:\/\/franciscanos.org.br\/noticias\/#website\",\"url\":\"https:\/\/franciscanos.org.br\/noticias\/\",\"name\":\"Not\u00edcias - Franciscanos\",\"description\":\"Prov\u00edncia Franciscana da Imaculada Concei\u00e7\u00e3o do Brasil - Ordem dos Frades Menores - OFM\",\"potentialAction\":[{\"@type\":\"SearchAction\",\"target\":{\"@type\":\"EntryPoint\",\"urlTemplate\":\"https:\/\/franciscanos.org.br\/noticias\/?s={search_term_string}\"},\"query-input\":\"required name=search_term_string\"}],\"inLanguage\":\"pt-BR\"},{\"@type\":\"ImageObject\",\"inLanguage\":\"pt-BR\",\"@id\":\"https:\/\/franciscanos.org.br\/noticias\/ministro-provincial-um-dia-inteiro-com-as-irmas-clarissas.html#primaryimage\",\"url\":\"https:\/\/franciscanos.org.br\/noticias\/wp-content\/uploads\/2011\/08\/clara_110819_4.jpg\",\"contentUrl\":\"https:\/\/franciscanos.org.br\/noticias\/wp-content\/uploads\/2011\/08\/clara_110819_4.jpg\",\"width\":273,\"height\":181},{\"@type\":\"WebPage\",\"@id\":\"https:\/\/franciscanos.org.br\/noticias\/ministro-provincial-um-dia-inteiro-com-as-irmas-clarissas.html#webpage\",\"url\":\"https:\/\/franciscanos.org.br\/noticias\/ministro-provincial-um-dia-inteiro-com-as-irmas-clarissas.html\",\"name\":\"Ministro Provincial: um dia inteiro com as Irm\u00e3s Clarissas - Not\u00edcias - Franciscanos\",\"isPartOf\":{\"@id\":\"https:\/\/franciscanos.org.br\/noticias\/#website\"},\"primaryImageOfPage\":{\"@id\":\"https:\/\/franciscanos.org.br\/noticias\/ministro-provincial-um-dia-inteiro-com-as-irmas-clarissas.html#primaryimage\"},\"datePublished\":\"2019-08-12T00:30:04+00:00\",\"dateModified\":\"2019-08-12T00:40:47+00:00\",\"author\":{\"@id\":\"https:\/\/franciscanos.org.br\/noticias\/#\/schema\/person\/37f88f0d111cd5358b12a6556a99eb91\"},\"breadcrumb\":{\"@id\":\"https:\/\/franciscanos.org.br\/noticias\/ministro-provincial-um-dia-inteiro-com-as-irmas-clarissas.html#breadcrumb\"},\"inLanguage\":\"pt-BR\",\"potentialAction\":[{\"@type\":\"ReadAction\",\"target\":[\"https:\/\/franciscanos.org.br\/noticias\/ministro-provincial-um-dia-inteiro-com-as-irmas-clarissas.html\"]}]},{\"@type\":\"BreadcrumbList\",\"@id\":\"https:\/\/franciscanos.org.br\/noticias\/ministro-provincial-um-dia-inteiro-com-as-irmas-clarissas.html#breadcrumb\",\"itemListElement\":[{\"@type\":\"ListItem\",\"position\":1,\"name\":\"Home\",\"item\":\"https:\/\/franciscanos.org.br\/noticias\"},{\"@type\":\"ListItem\",\"position\":2,\"name\":\"Ministro Provincial: um dia inteiro com as Irm\u00e3s Clarissas\"}]},{\"@type\":\"Person\",\"@id\":\"https:\/\/franciscanos.org.br\/noticias\/#\/schema\/person\/37f88f0d111cd5358b12a6556a99eb91\",\"name\":\"freiaugusto\",\"image\":{\"@type\":\"ImageObject\",\"inLanguage\":\"pt-BR\",\"@id\":\"https:\/\/franciscanos.org.br\/noticias\/#\/schema\/person\/image\/\",\"url\":\"https:\/\/secure.gravatar.com\/avatar\/9840b940e621801b24f3e6b059efb4b7?s=96&d=mm&r=g\",\"contentUrl\":\"https:\/\/secure.gravatar.com\/avatar\/9840b940e621801b24f3e6b059efb4b7?s=96&d=mm&r=g\",\"caption\":\"freiaugusto\"},\"url\":\"https:\/\/franciscanos.org.br\/noticias\/author\/freiaugusto\"}]}<\/script>\n<!-- \/ Yoast SEO plugin. -->","yoast_head_json":{"title":"Ministro Provincial: um dia inteiro com as Irm\u00e3s Clarissas - Not\u00edcias - Franciscanos","robots":{"index":"index","follow":"follow","max-snippet":"max-snippet:-1","max-image-preview":"max-image-preview:large","max-video-preview":"max-video-preview:-1"},"canonical":"https:\/\/franciscanos.org.br\/noticias\/ministro-provincial-um-dia-inteiro-com-as-irmas-clarissas.html","og_locale":"pt_BR","og_type":"article","og_title":"Ministro Provincial: um dia inteiro com as Irm\u00e3s Clarissas - Not\u00edcias - Franciscanos","og_description":"Festividades de Santa Clara de Assis nos Mosteiros do Rio de Janeiro","og_url":"https:\/\/franciscanos.org.br\/noticias\/ministro-provincial-um-dia-inteiro-com-as-irmas-clarissas.html","og_site_name":"Not\u00edcias - Franciscanos","article_published_time":"2019-08-12T00:30:04+00:00","article_modified_time":"2019-08-12T00:40:47+00:00","og_image":[{"width":273,"height":181,"url":"https:\/\/franciscanos.org.br\/noticias\/wp-content\/uploads\/2011\/08\/clara_110819_4.jpg","type":"image\/jpeg"}],"author":"freiaugusto","twitter_card":"summary_large_image","twitter_misc":{"Escrito por":"freiaugusto","Est. tempo de leitura":"8 minutos"},"schema":{"@context":"https:\/\/schema.org","@graph":[{"@type":"WebSite","@id":"https:\/\/franciscanos.org.br\/noticias\/#website","url":"https:\/\/franciscanos.org.br\/noticias\/","name":"Not\u00edcias - Franciscanos","description":"Prov\u00edncia Franciscana da Imaculada Concei\u00e7\u00e3o do Brasil - Ordem dos Frades Menores - OFM","potentialAction":[{"@type":"SearchAction","target":{"@type":"EntryPoint","urlTemplate":"https:\/\/franciscanos.org.br\/noticias\/?s={search_term_string}"},"query-input":"required name=search_term_string"}],"inLanguage":"pt-BR"},{"@type":"ImageObject","inLanguage":"pt-BR","@id":"https:\/\/franciscanos.org.br\/noticias\/ministro-provincial-um-dia-inteiro-com-as-irmas-clarissas.html#primaryimage","url":"https:\/\/franciscanos.org.br\/noticias\/wp-content\/uploads\/2011\/08\/clara_110819_4.jpg","contentUrl":"https:\/\/franciscanos.org.br\/noticias\/wp-content\/uploads\/2011\/08\/clara_110819_4.jpg","width":273,"height":181},{"@type":"WebPage","@id":"https:\/\/franciscanos.org.br\/noticias\/ministro-provincial-um-dia-inteiro-com-as-irmas-clarissas.html#webpage","url":"https:\/\/franciscanos.org.br\/noticias\/ministro-provincial-um-dia-inteiro-com-as-irmas-clarissas.html","name":"Ministro Provincial: um dia inteiro com as Irm\u00e3s Clarissas - Not\u00edcias - Franciscanos","isPartOf":{"@id":"https:\/\/franciscanos.org.br\/noticias\/#website"},"primaryImageOfPage":{"@id":"https:\/\/franciscanos.org.br\/noticias\/ministro-provincial-um-dia-inteiro-com-as-irmas-clarissas.html#primaryimage"},"datePublished":"2019-08-12T00:30:04+00:00","dateModified":"2019-08-12T00:40:47+00:00","author":{"@id":"https:\/\/franciscanos.org.br\/noticias\/#\/schema\/person\/37f88f0d111cd5358b12a6556a99eb91"},"breadcrumb":{"@id":"https:\/\/franciscanos.org.br\/noticias\/ministro-provincial-um-dia-inteiro-com-as-irmas-clarissas.html#breadcrumb"},"inLanguage":"pt-BR","potentialAction":[{"@type":"ReadAction","target":["https:\/\/franciscanos.org.br\/noticias\/ministro-provincial-um-dia-inteiro-com-as-irmas-clarissas.html"]}]},{"@type":"BreadcrumbList","@id":"https:\/\/franciscanos.org.br\/noticias\/ministro-provincial-um-dia-inteiro-com-as-irmas-clarissas.html#breadcrumb","itemListElement":[{"@type":"ListItem","position":1,"name":"Home","item":"https:\/\/franciscanos.org.br\/noticias"},{"@type":"ListItem","position":2,"name":"Ministro Provincial: um dia inteiro com as Irm\u00e3s Clarissas"}]},{"@type":"Person","@id":"https:\/\/franciscanos.org.br\/noticias\/#\/schema\/person\/37f88f0d111cd5358b12a6556a99eb91","name":"freiaugusto","image":{"@type":"ImageObject","inLanguage":"pt-BR","@id":"https:\/\/franciscanos.org.br\/noticias\/#\/schema\/person\/image\/","url":"https:\/\/secure.gravatar.com\/avatar\/9840b940e621801b24f3e6b059efb4b7?s=96&d=mm&r=g","contentUrl":"https:\/\/secure.gravatar.com\/avatar\/9840b940e621801b24f3e6b059efb4b7?s=96&d=mm&r=g","caption":"freiaugusto"},"url":"https:\/\/franciscanos.org.br\/noticias\/author\/freiaugusto"}]}},"_links":{"self":[{"href":"https:\/\/franciscanos.org.br\/noticias\/wp-json\/wp\/v2\/posts\/209468"}],"collection":[{"href":"https:\/\/franciscanos.org.br\/noticias\/wp-json\/wp\/v2\/posts"}],"about":[{"href":"https:\/\/franciscanos.org.br\/noticias\/wp-json\/wp\/v2\/types\/post"}],"author":[{"embeddable":true,"href":"https:\/\/franciscanos.org.br\/noticias\/wp-json\/wp\/v2\/users\/5"}],"replies":[{"embeddable":true,"href":"https:\/\/franciscanos.org.br\/noticias\/wp-json\/wp\/v2\/comments?post=209468"}],"version-history":[{"count":0,"href":"https:\/\/franciscanos.org.br\/noticias\/wp-json\/wp\/v2\/posts\/209468\/revisions"}],"wp:featuredmedia":[{"embeddable":true,"href":"https:\/\/franciscanos.org.br\/noticias\/wp-json\/wp\/v2\/media\/209501"}],"wp:attachment":[{"href":"https:\/\/franciscanos.org.br\/noticias\/wp-json\/wp\/v2\/media?parent=209468"}],"wp:term":[{"taxonomy":"category","embeddable":true,"href":"https:\/\/franciscanos.org.br\/noticias\/wp-json\/wp\/v2\/categories?post=209468"},{"taxonomy":"post_tag","embeddable":true,"href":"https:\/\/franciscanos.org.br\/noticias\/wp-json\/wp\/v2\/tags?post=209468"}],"curies":[{"name":"wp","href":"https:\/\/api.w.org\/{rel}","templated":true}]}}