{"id":209364,"date":"2019-08-11T12:09:51","date_gmt":"2019-08-11T15:09:51","guid":{"rendered":"https:\/\/franciscanos.org.br\/noticias\/?p=209364"},"modified":"2020-06-05T14:11:26","modified_gmt":"2020-06-05T17:11:26","slug":"angelus-a-fe-autentica-e-madura-e-capaz-de-iluminar-as-muitas-noites-da-vida","status":"publish","type":"post","link":"https:\/\/franciscanos.org.br\/noticias\/angelus-a-fe-autentica-e-madura-e-capaz-de-iluminar-as-muitas-noites-da-vida.html","title":{"rendered":"Angelus: A f\u00e9 aut\u00eantica e madura \u00e9 capaz de iluminar as muitas &#8220;noites&#8221; da vida"},"content":{"rendered":"<p><img loading=\"lazy\" class=\"alignnone size-full wp-image-209365\" src=\"https:\/\/franciscanos.org.br\/noticias\/wp-content\/uploads\/2019\/08\/angelus_1108.jpg\" alt=\"\" width=\"890\" height=\"501\" srcset=\"https:\/\/franciscanos.org.br\/noticias\/wp-content\/uploads\/2019\/08\/angelus_1108.jpg 890w, https:\/\/franciscanos.org.br\/noticias\/wp-content\/uploads\/2019\/08\/angelus_1108-450x253.jpg 450w, https:\/\/franciscanos.org.br\/noticias\/wp-content\/uploads\/2019\/08\/angelus_1108-768x432.jpg 768w, https:\/\/franciscanos.org.br\/noticias\/wp-content\/uploads\/2019\/08\/angelus_1108-150x84.jpg 150w\" sizes=\"(max-width: 890px) 100vw, 890px\" \/><br \/>\n<strong>Cidade do Vaticano<\/strong> &#8211; O Papa Francisco rezou ao meio-dia deste domingo (11\/08) o Angelus com os milhares de fi\u00e9is e peregrinos reunidos na Pra\u00e7a S\u00e3o Pedro. Na sua alocu\u00e7\u00e3o que precedeu a ora\u00e7\u00e3o mariana o Santo Padre citou a p\u00e1gina evang\u00e9lica do domingo na qual Jesus chama os seus disc\u00edpulos \u00e0 vigil\u00e2ncia constante para captar a passagem de Deus na pr\u00f3pria vida, porque Deus continuamente passa na nossa vida.<\/p>\n<p>Francisco sublinhou que \u201ca verdadeira f\u00e9 abre o cora\u00e7\u00e3o ao pr\u00f3ximo e encoraja a comunh\u00e3o com os irm\u00e3os, especialmente com aqueles que est\u00e3o na necessidade\u201d. Chamou ent\u00e3o a aten\u00e7\u00e3o a todos os fi\u00e9is que se professam crist\u00e3os que &#8220;ningu\u00e9m pode retirar-se intimamente na certeza da sua pr\u00f3pria salva\u00e7\u00e3o, desinteressando-se dos outros\u201d.<\/p>\n<p>O Pont\u00edfice exortou &#8220;a n\u00e3o criar ra\u00edzes em c\u00f4modas e tranquilizadoras habita\u00e7\u00f5es, mas abandonar-se com simplicidade e confian\u00e7a \u00e0 vontade de Deus, que nos guia para a pr\u00f3xima meta.<\/p>\n<p>\u201cO Senhor sempre caminha conosco e tantas vezes nos pega pela m\u00e3o, para nos guiar, para n\u00e3o errarmos neste caminho t\u00e3o dif\u00edcil. De fato, quem confia em Deus sabe bem que a vida de f\u00e9 n\u00e3o \u00e9 algo est\u00e1tico, mas \u00e9 din\u00e2mica: \u00e9 um caminho cont\u00ednuo, para ir para etapas sempre novas, que o pr\u00f3prio Senhor indica dia ap\u00f3s dia. Porque Ele \u00e9 o Senhor das surpresas, o Senhor das novidades, mas das verdadeiras novidades\u201d.<\/p>\n<p>E depois &#8211; continuou Francisco &#8211; nos \u00e9 pedido para mantermos as &#8220;l\u00e2mpadas acesas&#8221; para sermos capazes de iluminar a escurid\u00e3o da noite. Somos convidados, isto \u00e9, a viver uma f\u00e9 aut\u00eantica e madura, capaz de iluminar as muitas &#8220;noites&#8221; da vida. \u201cE sabemos, todos n\u00f3s tivemos dias que eram verdadeiras noites espirituais\u201d. &#8220;A l\u00e2mpada da f\u00e9 precisa ser alimentada continuamente, com o encontro cora\u00e7\u00e3o a cora\u00e7\u00e3o com Jesus na ora\u00e7\u00e3o e na escuta da sua Palavra&#8221;.<\/p>\n<p>O Papa recordou ent\u00e3o o que j\u00e1 dissera v\u00e1rias vezes: &#8220;carreguem sempre com voc\u00eas um pequeno Evangelho no bolso, na bolsa, para o l\u00ea-lo. \u00c9 um encontro com Jesus, com a Palavra de Jesus. Esta l\u00e2mpada do encontro com Jesus na ora\u00e7\u00e3o e na sua Palavra nos \u00e9 confiada para o bem de todos&#8221;. E sublinhou: \u201c\u00e9 uma fantasia crer que algu\u00e9m possa iluminar-se de dentro. N\u00e3o, \u00e9 uma fantasia\u201d.<\/p>\n<p>Francisco disse ainda que Jesus, para nos fazer compreender a atitude de espera, conta a par\u00e1bola dos servos que esperam o retorno do patr\u00e3o quando regressa de um casamento, apresentando assim outro aspecto da vigil\u00e2ncia: estar prontos para o encontro \u00faltimo e definitivo com o Senhor. Cada um de n\u00f3s vai se encontrar com Ele naquele dia do encontro. Cada um de n\u00f3s tem a sua pr\u00f3pria data para o encontro final.<\/p>\n<p>O Papa observou que &#8220;a vida \u00e9 um caminho em dire\u00e7\u00e3o \u00e0 eternidade; por isso, somos chamados a fazer frutificar todos os talentos que temos, nunca esquecendo que n\u00e3o temos aqui a cidade est\u00e1vel, mas estamos \u00e0 procura da cidade futura&#8221;. Nesta perspectiva o Pont\u00edfice concluiu, &#8220;cada momento se torna precioso&#8221;, com vista a &#8220;construir um mundo mais justo e fraterno&#8221;.<\/p>\n<hr \/>\n<p><em>Fonte: Vatican News<\/em><\/p>\n","protected":false},"excerpt":{"rendered":"<p>Angelus<\/p>\n","protected":false},"author":3,"featured_media":209366,"comment_status":"open","ping_status":"open","sticky":false,"template":"","format":"standard","meta":[],"categories":[1428],"tags":[403],"acf":[],"yoast_head":"<!-- This site is optimized with the Yoast SEO plugin v19.2 - https:\/\/yoast.com\/wordpress\/plugins\/seo\/ -->\n<title>Angelus: A f\u00e9 aut\u00eantica e madura \u00e9 capaz de iluminar as muitas &quot;noites&quot; da vida - Not\u00edcias - Franciscanos<\/title>\n<meta name=\"robots\" content=\"index, follow, max-snippet:-1, max-image-preview:large, max-video-preview:-1\" \/>\n<link rel=\"canonical\" href=\"https:\/\/franciscanos.org.br\/noticias\/angelus-a-fe-autentica-e-madura-e-capaz-de-iluminar-as-muitas-noites-da-vida.html\" \/>\n<meta property=\"og:locale\" content=\"pt_BR\" \/>\n<meta property=\"og:type\" content=\"article\" \/>\n<meta property=\"og:title\" content=\"Angelus: A f\u00e9 aut\u00eantica e madura \u00e9 capaz de iluminar as muitas &quot;noites&quot; da vida - Not\u00edcias - Franciscanos\" \/>\n<meta property=\"og:description\" content=\"Angelus\" \/>\n<meta property=\"og:url\" content=\"https:\/\/franciscanos.org.br\/noticias\/angelus-a-fe-autentica-e-madura-e-capaz-de-iluminar-as-muitas-noites-da-vida.html\" \/>\n<meta property=\"og:site_name\" content=\"Not\u00edcias - Franciscanos\" \/>\n<meta property=\"article:published_time\" content=\"2019-08-11T15:09:51+00:00\" \/>\n<meta property=\"article:modified_time\" content=\"2020-06-05T17:11:26+00:00\" \/>\n<meta property=\"og:image\" content=\"https:\/\/franciscanos.org.br\/noticias\/wp-content\/uploads\/2019\/08\/angelus_1108d.jpg\" \/>\n\t<meta property=\"og:image:width\" content=\"273\" \/>\n\t<meta property=\"og:image:height\" content=\"181\" \/>\n\t<meta property=\"og:image:type\" content=\"image\/jpeg\" \/>\n<meta name=\"author\" content=\"moacir\" \/>\n<meta name=\"twitter:card\" content=\"summary_large_image\" \/>\n<meta name=\"twitter:label1\" content=\"Escrito por\" \/>\n\t<meta name=\"twitter:data1\" content=\"moacir\" \/>\n\t<meta name=\"twitter:label2\" content=\"Est. tempo de leitura\" \/>\n\t<meta name=\"twitter:data2\" content=\"3 minutos\" \/>\n<script type=\"application\/ld+json\" class=\"yoast-schema-graph\">{\"@context\":\"https:\/\/schema.org\",\"@graph\":[{\"@type\":\"WebSite\",\"@id\":\"https:\/\/franciscanos.org.br\/noticias\/#website\",\"url\":\"https:\/\/franciscanos.org.br\/noticias\/\",\"name\":\"Not\u00edcias - Franciscanos\",\"description\":\"Prov\u00edncia Franciscana da Imaculada Concei\u00e7\u00e3o do Brasil - Ordem dos Frades Menores - OFM\",\"potentialAction\":[{\"@type\":\"SearchAction\",\"target\":{\"@type\":\"EntryPoint\",\"urlTemplate\":\"https:\/\/franciscanos.org.br\/noticias\/?s={search_term_string}\"},\"query-input\":\"required name=search_term_string\"}],\"inLanguage\":\"pt-BR\"},{\"@type\":\"ImageObject\",\"inLanguage\":\"pt-BR\",\"@id\":\"https:\/\/franciscanos.org.br\/noticias\/angelus-a-fe-autentica-e-madura-e-capaz-de-iluminar-as-muitas-noites-da-vida.html#primaryimage\",\"url\":\"https:\/\/franciscanos.org.br\/noticias\/wp-content\/uploads\/2019\/08\/angelus_1108d.jpg\",\"contentUrl\":\"https:\/\/franciscanos.org.br\/noticias\/wp-content\/uploads\/2019\/08\/angelus_1108d.jpg\",\"width\":273,\"height\":181},{\"@type\":\"WebPage\",\"@id\":\"https:\/\/franciscanos.org.br\/noticias\/angelus-a-fe-autentica-e-madura-e-capaz-de-iluminar-as-muitas-noites-da-vida.html#webpage\",\"url\":\"https:\/\/franciscanos.org.br\/noticias\/angelus-a-fe-autentica-e-madura-e-capaz-de-iluminar-as-muitas-noites-da-vida.html\",\"name\":\"Angelus: A f\u00e9 aut\u00eantica e madura \u00e9 capaz de iluminar as muitas \\\"noites\\\" da vida - Not\u00edcias - Franciscanos\",\"isPartOf\":{\"@id\":\"https:\/\/franciscanos.org.br\/noticias\/#website\"},\"primaryImageOfPage\":{\"@id\":\"https:\/\/franciscanos.org.br\/noticias\/angelus-a-fe-autentica-e-madura-e-capaz-de-iluminar-as-muitas-noites-da-vida.html#primaryimage\"},\"datePublished\":\"2019-08-11T15:09:51+00:00\",\"dateModified\":\"2020-06-05T17:11:26+00:00\",\"author\":{\"@id\":\"https:\/\/franciscanos.org.br\/noticias\/#\/schema\/person\/b5c8cba458c330ccff548b056e95a5d4\"},\"breadcrumb\":{\"@id\":\"https:\/\/franciscanos.org.br\/noticias\/angelus-a-fe-autentica-e-madura-e-capaz-de-iluminar-as-muitas-noites-da-vida.html#breadcrumb\"},\"inLanguage\":\"pt-BR\",\"potentialAction\":[{\"@type\":\"ReadAction\",\"target\":[\"https:\/\/franciscanos.org.br\/noticias\/angelus-a-fe-autentica-e-madura-e-capaz-de-iluminar-as-muitas-noites-da-vida.html\"]}]},{\"@type\":\"BreadcrumbList\",\"@id\":\"https:\/\/franciscanos.org.br\/noticias\/angelus-a-fe-autentica-e-madura-e-capaz-de-iluminar-as-muitas-noites-da-vida.html#breadcrumb\",\"itemListElement\":[{\"@type\":\"ListItem\",\"position\":1,\"name\":\"Home\",\"item\":\"https:\/\/franciscanos.org.br\/noticias\"},{\"@type\":\"ListItem\",\"position\":2,\"name\":\"Angelus: A f\u00e9 aut\u00eantica e madura \u00e9 capaz de iluminar as muitas &#8220;noites&#8221; da vida\"}]},{\"@type\":\"Person\",\"@id\":\"https:\/\/franciscanos.org.br\/noticias\/#\/schema\/person\/b5c8cba458c330ccff548b056e95a5d4\",\"name\":\"moacir\",\"image\":{\"@type\":\"ImageObject\",\"inLanguage\":\"pt-BR\",\"@id\":\"https:\/\/franciscanos.org.br\/noticias\/#\/schema\/person\/image\/\",\"url\":\"https:\/\/secure.gravatar.com\/avatar\/d08aa2ce4c8dd416d4479aa8536fcf64?s=96&d=mm&r=g\",\"contentUrl\":\"https:\/\/secure.gravatar.com\/avatar\/d08aa2ce4c8dd416d4479aa8536fcf64?s=96&d=mm&r=g\",\"caption\":\"moacir\"},\"url\":\"https:\/\/franciscanos.org.br\/noticias\/author\/moacir\"}]}<\/script>\n<!-- \/ Yoast SEO plugin. -->","yoast_head_json":{"title":"Angelus: A f\u00e9 aut\u00eantica e madura \u00e9 capaz de iluminar as muitas \"noites\" da vida - Not\u00edcias - Franciscanos","robots":{"index":"index","follow":"follow","max-snippet":"max-snippet:-1","max-image-preview":"max-image-preview:large","max-video-preview":"max-video-preview:-1"},"canonical":"https:\/\/franciscanos.org.br\/noticias\/angelus-a-fe-autentica-e-madura-e-capaz-de-iluminar-as-muitas-noites-da-vida.html","og_locale":"pt_BR","og_type":"article","og_title":"Angelus: A f\u00e9 aut\u00eantica e madura \u00e9 capaz de iluminar as muitas \"noites\" da vida - Not\u00edcias - Franciscanos","og_description":"Angelus","og_url":"https:\/\/franciscanos.org.br\/noticias\/angelus-a-fe-autentica-e-madura-e-capaz-de-iluminar-as-muitas-noites-da-vida.html","og_site_name":"Not\u00edcias - Franciscanos","article_published_time":"2019-08-11T15:09:51+00:00","article_modified_time":"2020-06-05T17:11:26+00:00","og_image":[{"width":273,"height":181,"url":"https:\/\/franciscanos.org.br\/noticias\/wp-content\/uploads\/2019\/08\/angelus_1108d.jpg","type":"image\/jpeg"}],"author":"moacir","twitter_card":"summary_large_image","twitter_misc":{"Escrito por":"moacir","Est. tempo de leitura":"3 minutos"},"schema":{"@context":"https:\/\/schema.org","@graph":[{"@type":"WebSite","@id":"https:\/\/franciscanos.org.br\/noticias\/#website","url":"https:\/\/franciscanos.org.br\/noticias\/","name":"Not\u00edcias - Franciscanos","description":"Prov\u00edncia Franciscana da Imaculada Concei\u00e7\u00e3o do Brasil - Ordem dos Frades Menores - OFM","potentialAction":[{"@type":"SearchAction","target":{"@type":"EntryPoint","urlTemplate":"https:\/\/franciscanos.org.br\/noticias\/?s={search_term_string}"},"query-input":"required name=search_term_string"}],"inLanguage":"pt-BR"},{"@type":"ImageObject","inLanguage":"pt-BR","@id":"https:\/\/franciscanos.org.br\/noticias\/angelus-a-fe-autentica-e-madura-e-capaz-de-iluminar-as-muitas-noites-da-vida.html#primaryimage","url":"https:\/\/franciscanos.org.br\/noticias\/wp-content\/uploads\/2019\/08\/angelus_1108d.jpg","contentUrl":"https:\/\/franciscanos.org.br\/noticias\/wp-content\/uploads\/2019\/08\/angelus_1108d.jpg","width":273,"height":181},{"@type":"WebPage","@id":"https:\/\/franciscanos.org.br\/noticias\/angelus-a-fe-autentica-e-madura-e-capaz-de-iluminar-as-muitas-noites-da-vida.html#webpage","url":"https:\/\/franciscanos.org.br\/noticias\/angelus-a-fe-autentica-e-madura-e-capaz-de-iluminar-as-muitas-noites-da-vida.html","name":"Angelus: A f\u00e9 aut\u00eantica e madura \u00e9 capaz de iluminar as muitas \"noites\" da vida - Not\u00edcias - Franciscanos","isPartOf":{"@id":"https:\/\/franciscanos.org.br\/noticias\/#website"},"primaryImageOfPage":{"@id":"https:\/\/franciscanos.org.br\/noticias\/angelus-a-fe-autentica-e-madura-e-capaz-de-iluminar-as-muitas-noites-da-vida.html#primaryimage"},"datePublished":"2019-08-11T15:09:51+00:00","dateModified":"2020-06-05T17:11:26+00:00","author":{"@id":"https:\/\/franciscanos.org.br\/noticias\/#\/schema\/person\/b5c8cba458c330ccff548b056e95a5d4"},"breadcrumb":{"@id":"https:\/\/franciscanos.org.br\/noticias\/angelus-a-fe-autentica-e-madura-e-capaz-de-iluminar-as-muitas-noites-da-vida.html#breadcrumb"},"inLanguage":"pt-BR","potentialAction":[{"@type":"ReadAction","target":["https:\/\/franciscanos.org.br\/noticias\/angelus-a-fe-autentica-e-madura-e-capaz-de-iluminar-as-muitas-noites-da-vida.html"]}]},{"@type":"BreadcrumbList","@id":"https:\/\/franciscanos.org.br\/noticias\/angelus-a-fe-autentica-e-madura-e-capaz-de-iluminar-as-muitas-noites-da-vida.html#breadcrumb","itemListElement":[{"@type":"ListItem","position":1,"name":"Home","item":"https:\/\/franciscanos.org.br\/noticias"},{"@type":"ListItem","position":2,"name":"Angelus: A f\u00e9 aut\u00eantica e madura \u00e9 capaz de iluminar as muitas &#8220;noites&#8221; da vida"}]},{"@type":"Person","@id":"https:\/\/franciscanos.org.br\/noticias\/#\/schema\/person\/b5c8cba458c330ccff548b056e95a5d4","name":"moacir","image":{"@type":"ImageObject","inLanguage":"pt-BR","@id":"https:\/\/franciscanos.org.br\/noticias\/#\/schema\/person\/image\/","url":"https:\/\/secure.gravatar.com\/avatar\/d08aa2ce4c8dd416d4479aa8536fcf64?s=96&d=mm&r=g","contentUrl":"https:\/\/secure.gravatar.com\/avatar\/d08aa2ce4c8dd416d4479aa8536fcf64?s=96&d=mm&r=g","caption":"moacir"},"url":"https:\/\/franciscanos.org.br\/noticias\/author\/moacir"}]}},"_links":{"self":[{"href":"https:\/\/franciscanos.org.br\/noticias\/wp-json\/wp\/v2\/posts\/209364"}],"collection":[{"href":"https:\/\/franciscanos.org.br\/noticias\/wp-json\/wp\/v2\/posts"}],"about":[{"href":"https:\/\/franciscanos.org.br\/noticias\/wp-json\/wp\/v2\/types\/post"}],"author":[{"embeddable":true,"href":"https:\/\/franciscanos.org.br\/noticias\/wp-json\/wp\/v2\/users\/3"}],"replies":[{"embeddable":true,"href":"https:\/\/franciscanos.org.br\/noticias\/wp-json\/wp\/v2\/comments?post=209364"}],"version-history":[{"count":2,"href":"https:\/\/franciscanos.org.br\/noticias\/wp-json\/wp\/v2\/posts\/209364\/revisions"}],"predecessor-version":[{"id":224280,"href":"https:\/\/franciscanos.org.br\/noticias\/wp-json\/wp\/v2\/posts\/209364\/revisions\/224280"}],"wp:featuredmedia":[{"embeddable":true,"href":"https:\/\/franciscanos.org.br\/noticias\/wp-json\/wp\/v2\/media\/209366"}],"wp:attachment":[{"href":"https:\/\/franciscanos.org.br\/noticias\/wp-json\/wp\/v2\/media?parent=209364"}],"wp:term":[{"taxonomy":"category","embeddable":true,"href":"https:\/\/franciscanos.org.br\/noticias\/wp-json\/wp\/v2\/categories?post=209364"},{"taxonomy":"post_tag","embeddable":true,"href":"https:\/\/franciscanos.org.br\/noticias\/wp-json\/wp\/v2\/tags?post=209364"}],"curies":[{"name":"wp","href":"https:\/\/api.w.org\/{rel}","templated":true}]}}