{"id":209302,"date":"2019-08-11T11:50:46","date_gmt":"2019-08-11T14:50:46","guid":{"rendered":"https:\/\/franciscanos.org.br\/noticias\/?p=209302"},"modified":"2019-08-12T10:28:33","modified_gmt":"2019-08-12T13:28:33","slug":"dom-jose-nao-abandonem-o-coracao-franciscano","status":"publish","type":"post","link":"https:\/\/franciscanos.org.br\/noticias\/dom-jose-nao-abandonem-o-coracao-franciscano.html","title":{"rendered":"Dom Jos\u00e9: &#8220;N\u00e3o abandonem o cora\u00e7\u00e3o franciscano!&#8221;"},"content":{"rendered":"<p><img loading=\"lazy\" class=\"alignnone size-full wp-image-209303\" src=\"https:\/\/franciscanos.org.br\/noticias\/wp-content\/uploads\/2019\/08\/entrega_1108.jpg\" alt=\"\" width=\"890\" height=\"668\" srcset=\"https:\/\/franciscanos.org.br\/noticias\/wp-content\/uploads\/2019\/08\/entrega_1108.jpg 890w, https:\/\/franciscanos.org.br\/noticias\/wp-content\/uploads\/2019\/08\/entrega_1108-450x338.jpg 450w, https:\/\/franciscanos.org.br\/noticias\/wp-content\/uploads\/2019\/08\/entrega_1108-768x576.jpg 768w, https:\/\/franciscanos.org.br\/noticias\/wp-content\/uploads\/2019\/08\/entrega_1108-150x113.jpg 150w, https:\/\/franciscanos.org.br\/noticias\/wp-content\/uploads\/2019\/08\/entrega_1108-600x450.jpg 600w\" sizes=\"(max-width: 890px) 100vw, 890px\" \/><\/p>\n<p><strong>Moacir Beggo<\/strong><\/p>\n<p><strong>\u00a0<\/strong><strong>S\u00e3o Sebasti\u00e3o (SP)<\/strong> &#8211; Com exatos 361 anos de evangeliza\u00e7\u00e3o no Litoral Norte de S\u00e3o Paulo, os frades da Prov\u00edncia Franciscana da Imaculada Concei\u00e7\u00e3o entregaram, neste s\u00e1bado (10\/08), o cuidado pastoral da Par\u00f3quia Nossa Senhora do Amparo \u00e0 Diocese de Caraguatatuba, na pessoa do bispo diocesano Dom Jos\u00e9 Carlos Chacorowski, durante a Missa de A\u00e7\u00e3o de Gra\u00e7as, \u00e0s 19 horas. O Vig\u00e1rio Provincial, Frei Gustavo Medella, representou o Ministro Provincial, Frei C\u00e9sar K\u00fclkamp, neste momento hist\u00f3rico, marcado pela emo\u00e7\u00e3o dos fi\u00e9is paroquianos e dos frades, especialmente da \u00faltima Fraternidade, formada por Frei Jo\u00e3o Pereira da Silva, o guardi\u00e3o e p\u00e1roco; Frei Jos\u00e9 Martins Coelho, vig\u00e1rio paroquial; e o irm\u00e3o leigo Frei Virg\u00edlio Pereira de Souza. Estavam presentes Frei Jo\u00e3o Francisco da Silva, Definidor e Secret\u00e1rio da Forma\u00e7\u00e3o e Estudos, e Frei Jos\u00e9 Raimundo de Souza, os dois da Fraternidade do Postulantado Frei Galv\u00e3o de Guaratinguet\u00e1. Durante a Celebra\u00e7\u00e3o tamb\u00e9m foram apresentados os novos padres: Pe. Andr\u00e9 Beghini Vilela, p\u00e1roco, e Pe. Floriano Marcos da Silveira, vig\u00e1rio paroquial.<\/p>\n<p>&#8220;Muito obrigado a voc\u00eas, obrigado \u00e0 Par\u00f3quia de Nossa Senhora do Amparo! Continuem e n\u00e3o abandonem o cora\u00e7\u00e3o franciscano, porque \u00e9 um cora\u00e7\u00e3o que ama o Evangelho como Jesus quer. Obrigado aos freis, que levam o nosso obrigado, o nosso voto de confian\u00e7a a Frei C\u00e9sar e \u00e0 toda administra\u00e7\u00e3o da Prov\u00edncia. Tamb\u00e9m levam a nossa promessa que faremos o que est\u00e1 ao nosso alcance para continuar, neste cantinho da Igreja, o reino de Deus, para continuar essa miss\u00e3o. Que, para isso, S\u00e3o Francisco de Assis nos aben\u00e7oe!&#8221;, animou Dom Jos\u00e9, que durante toda a Missa demonstrou seu carinho ao trabalho dos frades e explicou ao povo o processo de redimensionamento que est\u00e1 fazendo a Prov\u00edncia da Imaculada nas suas Frentes de Evangeliza\u00e7\u00e3o. &#8220;N\u00e3o podemos, certamente, considerar como um presente de anivers\u00e1rio, mas acolher com humildade a miss\u00e3o que agora caber\u00e1 aos diocesanos de manter uma bel\u00edssima tradi\u00e7\u00e3o de seguimento de Nosso Senhor Jesus Cristo segundo o cora\u00e7\u00e3o de S\u00e3o Francisco de Assis. Os freis n\u00e3o est\u00e3o indo embora; um crist\u00e3o que assume sua miss\u00e3o de batizado e sua voca\u00e7\u00e3o de seguir a Nosso Senhor nunca vai embora, mas segue adiante, sendo Igreja em sa\u00edda, buscando com humildade responder aos novos apelos e desafios dos tempos atuais. A hist\u00f3ria da evangeliza\u00e7\u00e3o do Litoral Norte de nosso Estado come\u00e7a com S\u00e3o Jos\u00e9 de Anchieta e prossegue durante 361 anos com a presen\u00e7a destes in\u00fameros e bravos evangelizadores que foram os frades franciscanos menores. Nossa Diocese dever\u00e1 ser eternamente agradecida pelo que realizaram aqui&#8221;, explicou Dom Jos\u00e9 ao povo.<\/p>\n<p><img loading=\"lazy\" class=\"alignnone wp-image-209305 size-full\" src=\"https:\/\/franciscanos.org.br\/noticias\/wp-content\/uploads\/2019\/08\/entrega_1108_3.jpg\" alt=\"\" width=\"890\" height=\"593\" srcset=\"https:\/\/franciscanos.org.br\/noticias\/wp-content\/uploads\/2019\/08\/entrega_1108_3.jpg 890w, https:\/\/franciscanos.org.br\/noticias\/wp-content\/uploads\/2019\/08\/entrega_1108_3-450x300.jpg 450w, https:\/\/franciscanos.org.br\/noticias\/wp-content\/uploads\/2019\/08\/entrega_1108_3-768x512.jpg 768w, https:\/\/franciscanos.org.br\/noticias\/wp-content\/uploads\/2019\/08\/entrega_1108_3-150x100.jpg 150w\" sizes=\"(max-width: 890px) 100vw, 890px\" \/><\/p>\n<p>Depois de 2 horas de celebra\u00e7\u00e3o, as l\u00e1grimas chegaram com mais intensidade durante o hino franciscano &#8220;Doce \u00e9 sentir&#8221;. O historiador Durval Ruiz falou pela comunidade, demonstrando todo esse sentimento. &#8220;Dever\u00edamos, nesta A\u00e7\u00e3o de Gra\u00e7as, falar aqui de todo hist\u00f3rico ocorrido desde que tudo come\u00e7ou com a funda\u00e7\u00e3o e inaugura\u00e7\u00e3o desta casa franciscana a partir de 1658. Todavia, hoje, nossos cora\u00e7\u00f5es se encontram com esse sentimento de perda. Uma perda inesperada, uma perda que n\u00e3o se trata simplesmente da troca de freis, porque a isso estamos todos n\u00f3s, fi\u00e9is franciscanos, acostumados. A perda maior que pesou-nos sobre nossos ombros foi a perda de um costume tradicional religioso da Ordem Franciscana. Est\u00e1vamos acostumados com o jeito de ser franciscano, o jeito de falar na linguagem franciscana. At\u00e9 nossos coroinhas trajavam ornamentos franciscanos para servir o altar. O jeito de ser do sacerdote franciscano \u00e9 diferenciado. Vemos neles uma do\u00e7ura em suas palavras, vemos uma entrega total, uma perten\u00e7a transparente naquilo a que eles se propuseram a realizar. Todos eles, sem exce\u00e7\u00e3o. Defeitos, todos n\u00f3s o temos, uns mais, outros menos, mas todos n\u00f3s o temos. Os freis n\u00e3o s\u00e3o diferentes, eles tamb\u00e9m os t\u00eam. Todavia, trazem consigo algo diferente que transcende, \u00e9 algo de uma espiritualidade \u00edmpar, que nos toca, nos modifica tamb\u00e9m nosso jeito de agir e pensar, e, por isso, n\u00e3o os esqueceremos jamais&#8221;, confessou o historiador.<\/p>\n<p><img loading=\"lazy\" class=\"alignnone size-full wp-image-209306\" src=\"https:\/\/franciscanos.org.br\/noticias\/wp-content\/uploads\/2019\/08\/entrega_1108_6.jpg\" alt=\"\" width=\"890\" height=\"593\" srcset=\"https:\/\/franciscanos.org.br\/noticias\/wp-content\/uploads\/2019\/08\/entrega_1108_6.jpg 890w, https:\/\/franciscanos.org.br\/noticias\/wp-content\/uploads\/2019\/08\/entrega_1108_6-450x300.jpg 450w, https:\/\/franciscanos.org.br\/noticias\/wp-content\/uploads\/2019\/08\/entrega_1108_6-768x512.jpg 768w, https:\/\/franciscanos.org.br\/noticias\/wp-content\/uploads\/2019\/08\/entrega_1108_6-150x100.jpg 150w\" sizes=\"(max-width: 890px) 100vw, 890px\" \/><\/p>\n<p><em>Durval Ruiz, historiador e orador pela comunidade nesta Celebra\u00e7\u00e3o<\/em><\/p>\n<p>Segundo ele, n\u00e3o poderia falar de todos os frades dos 361 anos e fez uma emocionante homenagem \u00e0 \u00faltima Fraternidade. &#8220;Todos, sem distin\u00e7\u00e3o, deixar\u00e3o saudades no cora\u00e7\u00e3o de cada um dos paroquianos desta, pequena e humilde comunidade paroquial, mas que tem um cora\u00e7\u00e3o imensur\u00e1vel para o amor ao pr\u00f3ximo. E, com esse amor receptivo, e com toda certeza do mundo, saber\u00e1 receber com calor humano e dignidade aos novos padres que por aqui passar\u00e3o, agora, j\u00e1 na vers\u00e3o diocesana&#8221;, reconheceu, deixando a seguinte mensagem:\u00a0 &#8220;Cada pessoa que passa em nossa vida, passa sozinha, porque cada pessoa \u00e9 \u00fanica e nenhuma substitui a outra! Cada pessoa que passa em nossa vida, passa sozinha mas n\u00e3o nos deixa, porque fica um pouco de si conosco e leva um pouquinho de n\u00f3s consigo. Essa \u00e9 a mais bela responsabilidade da vida, e a prova de que as pessoas n\u00e3o se encontram por acaso&#8221;.<\/p>\n<p>Frei Jo\u00e3o, por sua vez, foi o porta-voz da Fraternidade. &#8220;N\u00e3o sem dor. E dor s\u00f3 sente quem a sofre na pele, como se v\u00ea nas l\u00e1grimas que caem e nas que est\u00e3o contidas. Sirvam estas l\u00e1grimas para regar o esp\u00edrito franciscano que, aqui, foi semeado, o esp\u00edrito da Paz e do Bem&#8221;, pediu. &#8220;Mas caros amigos n\u00e3o fiquem na saudade dos que v\u00e3o e sim na alegria daqueles que v\u00eam, pois tem hora de chegar e tem hora de partir&#8230; Compreendemos as dificuldades da Prov\u00edncia Franciscana, mas a dor de partir \u00e9 infinitamente maior&#8221;, confessou. Ele e seus confrades ganharam \u00a0sand\u00e1lias como presentes da comunidade.<\/p>\n<p><img loading=\"lazy\" class=\"alignnone size-full wp-image-209307\" src=\"https:\/\/franciscanos.org.br\/noticias\/wp-content\/uploads\/2019\/08\/entrega_1108_5.jpg\" alt=\"\" width=\"890\" height=\"593\" srcset=\"https:\/\/franciscanos.org.br\/noticias\/wp-content\/uploads\/2019\/08\/entrega_1108_5.jpg 890w, https:\/\/franciscanos.org.br\/noticias\/wp-content\/uploads\/2019\/08\/entrega_1108_5-450x300.jpg 450w, https:\/\/franciscanos.org.br\/noticias\/wp-content\/uploads\/2019\/08\/entrega_1108_5-768x512.jpg 768w, https:\/\/franciscanos.org.br\/noticias\/wp-content\/uploads\/2019\/08\/entrega_1108_5-150x100.jpg 150w\" sizes=\"(max-width: 890px) 100vw, 890px\" \/><\/p>\n<p><strong>FREI MEDELLA: &#8220;\u00c9 OBRA DO POVO DE DEUS&#8221;<\/strong><\/p>\n<p>Frei Gustavo disse que nesses 361 anos &#8211; de Frei Pantale\u00e3o, o primeiro guardi\u00e3o, at\u00e9 Frei Jo\u00e3o, o \u00faltimo &#8211; pelo menos uns 20 frades que moraram em S\u00e3o Sebasti\u00e3o ele conheceu. &#8220;Alguns at\u00e9 j\u00e1 partiram, como Frei F\u00e1bio Panini, Frei Jos\u00e9 Timmermann, Frei Lency Smaniotto. Muitos est\u00e3o firmes na miss\u00e3o. Eu posso garantir a voc\u00eas, a Dom Jos\u00e9 e queridos padres e confrades: da boca de nenhum dos frades que por aqui passaram ouvi um coment\u00e1rio negativo, um lamento, uma reclama\u00e7\u00e3o. Todos t\u00eam lembran\u00e7as de gratid\u00e3o, de alegria. Foram felizes aqui com o povo, com o lugar. O que significa que, aqui, eles deixaram um peda\u00e7o do seu cora\u00e7\u00e3o, como diz o Evangelho: &#8216;Onde est\u00e1 o teu tesouro, ali est\u00e1 o teu cora\u00e7\u00e3o'&#8221;, acredita o Vig\u00e1rio Provincial, refor\u00e7ando que isso \u00e9 um motivo para render gra\u00e7as a Deus.<\/p>\n<p>&#8220;Depois de 361 anos, deixar um lugar tamb\u00e9m \u00e9 um exerc\u00edcio importante para n\u00f3s, franciscanos &#8211; ainda que seja um exerc\u00edcio dolorido -, e que tem a ver com nosso modo de ser, que \u00e9 por natureza itinerante, andarilho, viajante neste mundo, nesta vida que \u00e9 uma viagem. Ao mesmo tempo que chegamos, chega a hora de partir, mesmo 361 anos depois. E, nesta partida, cumprindo tamb\u00e9m todos os tr\u00e2mites, fazendo tudo direitinho na forma da lei can\u00f4nica, da lei civil, n\u00f3s deixamos para o cuidado dos irm\u00e3os e dessa comunidade de f\u00e9, o Convento, a Par\u00f3quia, todo o patrim\u00f4nio im\u00f3vel, todos os objetos de culto, os m\u00f3veis. Por qu\u00ea? Porque tudo isso existe em fun\u00e7\u00e3o da evangeliza\u00e7\u00e3o e \u00e9 obra do povo de Deus. N\u00e3o nos pertence. N\u00f3s seguimos em frente, deixando com muita alegria e gratid\u00e3o a Deus, tudo isso como legado, como heran\u00e7a, na certeza que um bom trabalho de constru\u00e7\u00e3o do Reino continua com o mesmo vigor e com o mesmo entusiasmo&#8221;, desejou, informando que a Prov\u00edncia entregou \u00e0 Diocese, ontem \u00e0 tarde, uma c\u00f3pia do relat\u00f3rio e do invent\u00e1rio deste patrim\u00f4nio.<\/p>\n<p><img loading=\"lazy\" class=\"alignnone size-full wp-image-209308\" src=\"https:\/\/franciscanos.org.br\/noticias\/wp-content\/uploads\/2019\/08\/entrega_1108_7.jpg\" alt=\"\" width=\"890\" height=\"593\" srcset=\"https:\/\/franciscanos.org.br\/noticias\/wp-content\/uploads\/2019\/08\/entrega_1108_7.jpg 890w, https:\/\/franciscanos.org.br\/noticias\/wp-content\/uploads\/2019\/08\/entrega_1108_7-450x300.jpg 450w, https:\/\/franciscanos.org.br\/noticias\/wp-content\/uploads\/2019\/08\/entrega_1108_7-768x512.jpg 768w, https:\/\/franciscanos.org.br\/noticias\/wp-content\/uploads\/2019\/08\/entrega_1108_7-150x100.jpg 150w\" sizes=\"(max-width: 890px) 100vw, 890px\" \/><\/p>\n<p><em>Frei Jo\u00e3o (\u00e0 esq.), Frei Jos\u00e9 e Frei Virg\u00edlio, a \u00faltima Fraternidade Franciscana em S\u00e3o Sebasti\u00e3o<\/em><\/p>\n<p>&#8220;Isso no que diz respeito \u00e0 parte material. Agora, aquilo que o metro n\u00e3o consegue medir, aquilo que n\u00e3o cabe numa conta banc\u00e1ria, que n\u00e3o cabe em sala nenhuma, o patrim\u00f4nio imaterial, esse \u00e9 muito grande e levamos conosco. Tanta gente de f\u00e9, tantas Eucaristias celebradas, tanto esp\u00edrito de solidariedade, tanta partilha pelo Reino, tantos confrades, tantas lideran\u00e7as que doaram a vida por esta comunidade. E por tudo isso, nossa imensa gratid\u00e3o a Deus. \u00c0 nossa Ordem Franciscana Secular, o nosso muit\u00edssimo obrigado de cora\u00e7\u00e3o! A nossa comunh\u00e3o espiritual e fraterna permanece firme na assist\u00eancia espiritual, na caminhada comum. A cada lideran\u00e7a, a cada fiel batizado, ministros, coroinhas, liturgia, pastorais, a nossa gratid\u00e3o. O que voc\u00eas deixaram de heran\u00e7a para n\u00f3s n\u00e3o existe valor que possa fazer jus. Todos esses frades que por aqui passaram levam um tesouro no cora\u00e7\u00e3o. Por isso, muito, muito obrigado!&#8221;, frisou Frei Medella, que, acrescentando mais uma pitada de emo\u00e7\u00e3o ao momento, fez o seguinte pedido a Dom Jos\u00e9, aos padres e ao povo: &#8220;Pe\u00e7o a n\u00f3s, frades franciscanos, a b\u00ean\u00e7\u00e3o de envio, porque como diz a m\u00fasica, &#8216;o trem que chega \u00e9 o mesmo da partida&#8217;. Para que n\u00f3s permane\u00e7amos fi\u00e9is ao prop\u00f3sito de evangelizar, que sigamos firmes no caminho pelo qual o Senhor nos dirige&#8221;, explicou, pedindo a seus confrades que se ajoelhassem diante do altar. E eles foram aben\u00e7oados!<\/p>\n<p><img loading=\"lazy\" class=\"alignnone size-full wp-image-209309\" src=\"https:\/\/franciscanos.org.br\/noticias\/wp-content\/uploads\/2019\/08\/entrega_1108_2.jpg\" alt=\"\" width=\"890\" height=\"593\" srcset=\"https:\/\/franciscanos.org.br\/noticias\/wp-content\/uploads\/2019\/08\/entrega_1108_2.jpg 890w, https:\/\/franciscanos.org.br\/noticias\/wp-content\/uploads\/2019\/08\/entrega_1108_2-450x300.jpg 450w, https:\/\/franciscanos.org.br\/noticias\/wp-content\/uploads\/2019\/08\/entrega_1108_2-768x512.jpg 768w, https:\/\/franciscanos.org.br\/noticias\/wp-content\/uploads\/2019\/08\/entrega_1108_2-150x100.jpg 150w\" sizes=\"(max-width: 890px) 100vw, 890px\" \/><\/p>\n<p><strong>IGREJA AO ESTILO DO POBREZINHO DE ASSIS<\/strong><\/p>\n<p>Dom Jos\u00e9, antes da b\u00ean\u00e7\u00e3o final, falou com carinho ao povo e aos frades. &#8220;O cora\u00e7\u00e3o dos freis est\u00e3o unidos ao Sagrado Cora\u00e7\u00e3o de Jesus e da Virgem Sant\u00edssima. Nesse cora\u00e7\u00e3o se baseia nossa esperan\u00e7a, a nossa for\u00e7a para prosseguir. Eu, como bispo desta Diocese, traria ainda em destaque o que Durval falou. Sim, n\u00e3o podemos dizer que \u00e9 uma perda, porque \u00e9. A Diocese de Caraguatatuba tem 20 anos de cria\u00e7\u00e3o. Nos \u00faltimos dez anos, ela perdeu a presen\u00e7a de quatro congrega\u00e7\u00f5es. \u00c9 uma perda. \u00c9 uma perda de um carisma de vida consagrada. N\u00e3o \u00e9 que a vida diocesana seja menos importante. Ela tem seu caminho e ela deve testemunhar o Evangelho de Nosso Senhor Jesus Cristo. Seguir a Cristo obediente, pobre e casto, da mesma forma. Mas o carisma de vida religiosa \u00e9 um dom \u00fanico que Nosso Senhor confere \u00e0 Igreja. N\u00f3s prosseguiremos com a presen\u00e7a de quatro, apenas quatro comunidades de vida consagrada em toda a Diocese. Eu estou acostumado com a vida mission\u00e1ria tamb\u00e9m e isso me chamou a aten\u00e7\u00e3o quando fui chamado a assumir a Diocese.\u00a0 A pouca presen\u00e7a de vida consagrada \u00e9 o desafio que n\u00f3s temos enquanto Diocese&#8221;, reconheceu o bispo.<\/p>\n<p>Dom Jos\u00e9 falou, ent\u00e3o, sobre os novos padres que chegam. &#8220;Tenho certeza que o Pe. Andr\u00e9 e o Pe. Floriano,\u00a0 entenderam o que aqui foi testemunhado. Eu pe\u00e7o muito a eles que olhem com carinho o que aqui foi declarado. Eles n\u00e3o t\u00eam a consagra\u00e7\u00e3o franciscana, mas o Pe. Andr\u00e9 tem toda a sua forma\u00e7\u00e3o franciscana. Ele \u00e9 sacerdote diocesano mas \u00e9 franciscano de forma\u00e7\u00e3o. Ent\u00e3o, acredito que n\u00e3o haver\u00e1 problema nenhum e nem conflito em compreender a comunidade que tem um cora\u00e7\u00e3o franciscano e viveu 361 anos neste estilo de vida. E, de fato, o Papa Francisco, assume pelo pr\u00f3prio nome a necessidade que a Igreja volte a viver o Evangelho de forma mais concreta e mais presente neste mundo. E uma dessas formas, sem d\u00favida alguma, \u00e9 ao estilo do Pobrezinho de Assis, de S\u00e3o Francisco de Assis&#8221;, destacou.<\/p>\n<p><img loading=\"lazy\" class=\"alignnone size-full wp-image-209310\" src=\"https:\/\/franciscanos.org.br\/noticias\/wp-content\/uploads\/2019\/08\/entrega_1108_11.jpg\" alt=\"\" width=\"890\" height=\"432\" srcset=\"https:\/\/franciscanos.org.br\/noticias\/wp-content\/uploads\/2019\/08\/entrega_1108_11.jpg 890w, https:\/\/franciscanos.org.br\/noticias\/wp-content\/uploads\/2019\/08\/entrega_1108_11-450x218.jpg 450w, https:\/\/franciscanos.org.br\/noticias\/wp-content\/uploads\/2019\/08\/entrega_1108_11-768x373.jpg 768w, https:\/\/franciscanos.org.br\/noticias\/wp-content\/uploads\/2019\/08\/entrega_1108_11-150x73.jpg 150w\" sizes=\"(max-width: 890px) 100vw, 890px\" \/><\/p>\n<p><em>Pe. Andr\u00e9 (\u00e0 esq.) e Pe. Floriano assumem a Par\u00f3quia Nossa Senhora do Amparo<\/em><\/p>\n<p>&#8220;Igual como os disc\u00edpulos, l\u00e1 se v\u00e3o eles para outras terras de miss\u00e3o. Os freis n\u00e3o est\u00e3o indo embora. Est\u00e3o passando para nossas m\u00e3os a miss\u00e3o de continuar anunciando o Reino e o faremos gra\u00e7as ao Esp\u00edrito Santo que eles imploram sobre n\u00f3s. O testemunho de vidas mission\u00e1rias que por aqui passaram n\u00e3o vai embora, mas permanecer\u00e1 para sempre nos cora\u00e7\u00f5es daqueles que acolheram a mensagem e hoje se responsabilizam em continuar com o mesmo zelo, com a mesma dedica\u00e7\u00e3o. Os freis nos ensinaram a sermos gr\u00e3o de trigo que n\u00e3o se fecha em si mesmo, guardando suas energias para si, mas morre no sil\u00eancio da terra e produz muito fruto. Nossa eterna gratid\u00e3o \u00e0 Prov\u00edncia Franciscana da Imaculada Concei\u00e7\u00e3o do Brasil&#8221;, enfatizou.<\/p>\n<p>&#8220;Ent\u00e3o, Durval, eu concordo com voc\u00ea. \u00c9 perda, mas que o Senhor aben\u00e7oe nossa Diocese, nossos sacerdotes, para que a gente n\u00e3o perca, na esteira da evangeliza\u00e7\u00e3o, esse jeito de viver o Evangelho. Na simplicidade, e no total despojamento, como \u00e9 o exemplo dos freis que nos est\u00e3o deixando em nossas m\u00e3os essa responsabilidade. Muito obrigado a voc\u00eas, obrigado \u00e0 Par\u00f3quia de Nossa Senhora do Amparo. Continuem e n\u00e3o abandonem o cora\u00e7\u00e3o franciscano, porque \u00e9 um cora\u00e7\u00e3o que ama o Evangelho como Jesus quer&#8221;, exortou, terminando com um &#8220;Paz e Bem&#8221;.<\/p>\n<p><img loading=\"lazy\" class=\"alignnone size-full wp-image-209311\" src=\"https:\/\/franciscanos.org.br\/noticias\/wp-content\/uploads\/2019\/08\/entrega_1108_8.jpg\" alt=\"\" width=\"890\" height=\"479\" srcset=\"https:\/\/franciscanos.org.br\/noticias\/wp-content\/uploads\/2019\/08\/entrega_1108_8.jpg 890w, https:\/\/franciscanos.org.br\/noticias\/wp-content\/uploads\/2019\/08\/entrega_1108_8-450x242.jpg 450w, https:\/\/franciscanos.org.br\/noticias\/wp-content\/uploads\/2019\/08\/entrega_1108_8-768x413.jpg 768w, https:\/\/franciscanos.org.br\/noticias\/wp-content\/uploads\/2019\/08\/entrega_1108_8-150x81.jpg 150w\" sizes=\"(max-width: 890px) 100vw, 890px\" \/><\/p>\n<hr \/>\n<p>VEJA MAIS IMAGENS DA CELEBRA\u00c7\u00c3O<\/p>\n\n\t\t<style type=\"text\/css\">\n\t\t\t#gallery-1 {\n\t\t\t\tmargin: auto;\n\t\t\t}\n\t\t\t#gallery-1 .gallery-item {\n\t\t\t\tfloat: left;\n\t\t\t\tmargin-top: 10px;\n\t\t\t\ttext-align: center;\n\t\t\t\twidth: 25%;\n\t\t\t}\n\t\t\t#gallery-1 img {\n\t\t\t\tborder: 2px solid #cfcfcf;\n\t\t\t}\n\t\t\t#gallery-1 .gallery-caption {\n\t\t\t\tmargin-left: 0;\n\t\t\t}\n\t\t\t\/* see gallery_shortcode() in wp-includes\/media.php *\/\n\t\t<\/style>\n\t\t<div id='gallery-1' class='gallery galleryid-209302 gallery-columns-4 gallery-size-thumbnail'><dl class='gallery-item'>\n\t\t\t<dt class='gallery-icon landscape'>\n\t\t\t\t<a href='https:\/\/franciscanos.org.br\/noticias\/wp-content\/uploads\/2019\/08\/IMG_1114.jpg'><img width=\"300\" height=\"300\" src=\"https:\/\/franciscanos.org.br\/noticias\/wp-content\/uploads\/2019\/08\/IMG_1114-300x300.jpg\" class=\"attachment-thumbnail size-thumbnail\" alt=\"\" loading=\"lazy\" srcset=\"https:\/\/franciscanos.org.br\/noticias\/wp-content\/uploads\/2019\/08\/IMG_1114-300x300.jpg 300w, https:\/\/franciscanos.org.br\/noticias\/wp-content\/uploads\/2019\/08\/IMG_1114-100x100.jpg 100w, https:\/\/franciscanos.org.br\/noticias\/wp-content\/uploads\/2019\/08\/IMG_1114-400x400.jpg 400w\" sizes=\"(max-width: 300px) 100vw, 300px\" \/><\/a>\n\t\t\t<\/dt><\/dl><dl class='gallery-item'>\n\t\t\t<dt class='gallery-icon portrait'>\n\t\t\t\t<a href='https:\/\/franciscanos.org.br\/noticias\/wp-content\/uploads\/2019\/08\/IMG_1115.jpg'><img width=\"300\" height=\"300\" src=\"https:\/\/franciscanos.org.br\/noticias\/wp-content\/uploads\/2019\/08\/IMG_1115-300x300.jpg\" class=\"attachment-thumbnail size-thumbnail\" alt=\"\" loading=\"lazy\" srcset=\"https:\/\/franciscanos.org.br\/noticias\/wp-content\/uploads\/2019\/08\/IMG_1115-300x300.jpg 300w, https:\/\/franciscanos.org.br\/noticias\/wp-content\/uploads\/2019\/08\/IMG_1115-100x100.jpg 100w, https:\/\/franciscanos.org.br\/noticias\/wp-content\/uploads\/2019\/08\/IMG_1115-400x400.jpg 400w\" sizes=\"(max-width: 300px) 100vw, 300px\" \/><\/a>\n\t\t\t<\/dt><\/dl><dl class='gallery-item'>\n\t\t\t<dt class='gallery-icon landscape'>\n\t\t\t\t<a href='https:\/\/franciscanos.org.br\/noticias\/wp-content\/uploads\/2019\/08\/IMG_1116.jpg'><img width=\"300\" height=\"300\" src=\"https:\/\/franciscanos.org.br\/noticias\/wp-content\/uploads\/2019\/08\/IMG_1116-300x300.jpg\" class=\"attachment-thumbnail size-thumbnail\" alt=\"\" loading=\"lazy\" srcset=\"https:\/\/franciscanos.org.br\/noticias\/wp-content\/uploads\/2019\/08\/IMG_1116-300x300.jpg 300w, https:\/\/franciscanos.org.br\/noticias\/wp-content\/uploads\/2019\/08\/IMG_1116-100x100.jpg 100w, https:\/\/franciscanos.org.br\/noticias\/wp-content\/uploads\/2019\/08\/IMG_1116-400x400.jpg 400w\" sizes=\"(max-width: 300px) 100vw, 300px\" \/><\/a>\n\t\t\t<\/dt><\/dl><dl class='gallery-item'>\n\t\t\t<dt class='gallery-icon landscape'>\n\t\t\t\t<a href='https:\/\/franciscanos.org.br\/noticias\/wp-content\/uploads\/2019\/08\/IMG_2270.jpg'><img width=\"300\" height=\"300\" src=\"https:\/\/franciscanos.org.br\/noticias\/wp-content\/uploads\/2019\/08\/IMG_2270-300x300.jpg\" class=\"attachment-thumbnail size-thumbnail\" alt=\"\" loading=\"lazy\" srcset=\"https:\/\/franciscanos.org.br\/noticias\/wp-content\/uploads\/2019\/08\/IMG_2270-300x300.jpg 300w, https:\/\/franciscanos.org.br\/noticias\/wp-content\/uploads\/2019\/08\/IMG_2270-100x100.jpg 100w, https:\/\/franciscanos.org.br\/noticias\/wp-content\/uploads\/2019\/08\/IMG_2270-400x400.jpg 400w\" sizes=\"(max-width: 300px) 100vw, 300px\" \/><\/a>\n\t\t\t<\/dt><\/dl><br style=\"clear: both\" \/><dl class='gallery-item'>\n\t\t\t<dt class='gallery-icon landscape'>\n\t\t\t\t<a href='https:\/\/franciscanos.org.br\/noticias\/wp-content\/uploads\/2019\/08\/IMG_2271.jpg'><img width=\"300\" height=\"300\" src=\"https:\/\/franciscanos.org.br\/noticias\/wp-content\/uploads\/2019\/08\/IMG_2271-300x300.jpg\" class=\"attachment-thumbnail size-thumbnail\" alt=\"\" loading=\"lazy\" srcset=\"https:\/\/franciscanos.org.br\/noticias\/wp-content\/uploads\/2019\/08\/IMG_2271-300x300.jpg 300w, https:\/\/franciscanos.org.br\/noticias\/wp-content\/uploads\/2019\/08\/IMG_2271-100x100.jpg 100w, https:\/\/franciscanos.org.br\/noticias\/wp-content\/uploads\/2019\/08\/IMG_2271-400x400.jpg 400w\" sizes=\"(max-width: 300px) 100vw, 300px\" \/><\/a>\n\t\t\t<\/dt><\/dl><dl class='gallery-item'>\n\t\t\t<dt class='gallery-icon landscape'>\n\t\t\t\t<a href='https:\/\/franciscanos.org.br\/noticias\/wp-content\/uploads\/2019\/08\/IMG_2276.jpg'><img width=\"300\" height=\"300\" src=\"https:\/\/franciscanos.org.br\/noticias\/wp-content\/uploads\/2019\/08\/IMG_2276-300x300.jpg\" class=\"attachment-thumbnail size-thumbnail\" alt=\"\" loading=\"lazy\" srcset=\"https:\/\/franciscanos.org.br\/noticias\/wp-content\/uploads\/2019\/08\/IMG_2276-300x300.jpg 300w, https:\/\/franciscanos.org.br\/noticias\/wp-content\/uploads\/2019\/08\/IMG_2276-100x100.jpg 100w, https:\/\/franciscanos.org.br\/noticias\/wp-content\/uploads\/2019\/08\/IMG_2276-400x400.jpg 400w\" sizes=\"(max-width: 300px) 100vw, 300px\" \/><\/a>\n\t\t\t<\/dt><\/dl><dl class='gallery-item'>\n\t\t\t<dt class='gallery-icon landscape'>\n\t\t\t\t<a href='https:\/\/franciscanos.org.br\/noticias\/wp-content\/uploads\/2019\/08\/IMG_2283.jpg'><img width=\"300\" height=\"300\" src=\"https:\/\/franciscanos.org.br\/noticias\/wp-content\/uploads\/2019\/08\/IMG_2283-300x300.jpg\" class=\"attachment-thumbnail size-thumbnail\" alt=\"\" loading=\"lazy\" srcset=\"https:\/\/franciscanos.org.br\/noticias\/wp-content\/uploads\/2019\/08\/IMG_2283-300x300.jpg 300w, https:\/\/franciscanos.org.br\/noticias\/wp-content\/uploads\/2019\/08\/IMG_2283-100x100.jpg 100w, https:\/\/franciscanos.org.br\/noticias\/wp-content\/uploads\/2019\/08\/IMG_2283-400x400.jpg 400w\" sizes=\"(max-width: 300px) 100vw, 300px\" \/><\/a>\n\t\t\t<\/dt><\/dl><dl class='gallery-item'>\n\t\t\t<dt class='gallery-icon landscape'>\n\t\t\t\t<a href='https:\/\/franciscanos.org.br\/noticias\/wp-content\/uploads\/2019\/08\/IMG_2286.jpg'><img width=\"300\" height=\"300\" src=\"https:\/\/franciscanos.org.br\/noticias\/wp-content\/uploads\/2019\/08\/IMG_2286-300x300.jpg\" class=\"attachment-thumbnail size-thumbnail\" alt=\"\" loading=\"lazy\" srcset=\"https:\/\/franciscanos.org.br\/noticias\/wp-content\/uploads\/2019\/08\/IMG_2286-300x300.jpg 300w, https:\/\/franciscanos.org.br\/noticias\/wp-content\/uploads\/2019\/08\/IMG_2286-100x100.jpg 100w, https:\/\/franciscanos.org.br\/noticias\/wp-content\/uploads\/2019\/08\/IMG_2286-400x400.jpg 400w\" sizes=\"(max-width: 300px) 100vw, 300px\" \/><\/a>\n\t\t\t<\/dt><\/dl><br style=\"clear: both\" \/><dl class='gallery-item'>\n\t\t\t<dt class='gallery-icon landscape'>\n\t\t\t\t<a href='https:\/\/franciscanos.org.br\/noticias\/wp-content\/uploads\/2019\/08\/IMG_2288.jpg'><img width=\"300\" height=\"300\" src=\"https:\/\/franciscanos.org.br\/noticias\/wp-content\/uploads\/2019\/08\/IMG_2288-300x300.jpg\" class=\"attachment-thumbnail size-thumbnail\" alt=\"\" loading=\"lazy\" srcset=\"https:\/\/franciscanos.org.br\/noticias\/wp-content\/uploads\/2019\/08\/IMG_2288-300x300.jpg 300w, https:\/\/franciscanos.org.br\/noticias\/wp-content\/uploads\/2019\/08\/IMG_2288-100x100.jpg 100w, https:\/\/franciscanos.org.br\/noticias\/wp-content\/uploads\/2019\/08\/IMG_2288-400x400.jpg 400w\" sizes=\"(max-width: 300px) 100vw, 300px\" \/><\/a>\n\t\t\t<\/dt><\/dl><dl class='gallery-item'>\n\t\t\t<dt class='gallery-icon landscape'>\n\t\t\t\t<a href='https:\/\/franciscanos.org.br\/noticias\/wp-content\/uploads\/2019\/08\/IMG_2296.jpg'><img width=\"300\" height=\"300\" src=\"https:\/\/franciscanos.org.br\/noticias\/wp-content\/uploads\/2019\/08\/IMG_2296-300x300.jpg\" class=\"attachment-thumbnail size-thumbnail\" alt=\"\" loading=\"lazy\" srcset=\"https:\/\/franciscanos.org.br\/noticias\/wp-content\/uploads\/2019\/08\/IMG_2296-300x300.jpg 300w, https:\/\/franciscanos.org.br\/noticias\/wp-content\/uploads\/2019\/08\/IMG_2296-100x100.jpg 100w, https:\/\/franciscanos.org.br\/noticias\/wp-content\/uploads\/2019\/08\/IMG_2296-400x400.jpg 400w\" sizes=\"(max-width: 300px) 100vw, 300px\" \/><\/a>\n\t\t\t<\/dt><\/dl><dl class='gallery-item'>\n\t\t\t<dt class='gallery-icon landscape'>\n\t\t\t\t<a href='https:\/\/franciscanos.org.br\/noticias\/wp-content\/uploads\/2019\/08\/IMG_2298.jpg'><img width=\"300\" height=\"300\" src=\"https:\/\/franciscanos.org.br\/noticias\/wp-content\/uploads\/2019\/08\/IMG_2298-300x300.jpg\" class=\"attachment-thumbnail size-thumbnail\" alt=\"\" loading=\"lazy\" srcset=\"https:\/\/franciscanos.org.br\/noticias\/wp-content\/uploads\/2019\/08\/IMG_2298-300x300.jpg 300w, https:\/\/franciscanos.org.br\/noticias\/wp-content\/uploads\/2019\/08\/IMG_2298-100x100.jpg 100w, https:\/\/franciscanos.org.br\/noticias\/wp-content\/uploads\/2019\/08\/IMG_2298-400x400.jpg 400w\" sizes=\"(max-width: 300px) 100vw, 300px\" \/><\/a>\n\t\t\t<\/dt><\/dl><dl class='gallery-item'>\n\t\t\t<dt class='gallery-icon landscape'>\n\t\t\t\t<a href='https:\/\/franciscanos.org.br\/noticias\/wp-content\/uploads\/2019\/08\/IMG_2302.jpg'><img width=\"300\" height=\"300\" src=\"https:\/\/franciscanos.org.br\/noticias\/wp-content\/uploads\/2019\/08\/IMG_2302-300x300.jpg\" class=\"attachment-thumbnail size-thumbnail\" alt=\"\" loading=\"lazy\" srcset=\"https:\/\/franciscanos.org.br\/noticias\/wp-content\/uploads\/2019\/08\/IMG_2302-300x300.jpg 300w, https:\/\/franciscanos.org.br\/noticias\/wp-content\/uploads\/2019\/08\/IMG_2302-100x100.jpg 100w, https:\/\/franciscanos.org.br\/noticias\/wp-content\/uploads\/2019\/08\/IMG_2302-400x400.jpg 400w\" sizes=\"(max-width: 300px) 100vw, 300px\" \/><\/a>\n\t\t\t<\/dt><\/dl><br style=\"clear: both\" \/><dl class='gallery-item'>\n\t\t\t<dt class='gallery-icon landscape'>\n\t\t\t\t<a href='https:\/\/franciscanos.org.br\/noticias\/wp-content\/uploads\/2019\/08\/IMG_2303.jpg'><img width=\"300\" height=\"300\" src=\"https:\/\/franciscanos.org.br\/noticias\/wp-content\/uploads\/2019\/08\/IMG_2303-300x300.jpg\" class=\"attachment-thumbnail size-thumbnail\" alt=\"\" loading=\"lazy\" srcset=\"https:\/\/franciscanos.org.br\/noticias\/wp-content\/uploads\/2019\/08\/IMG_2303-300x300.jpg 300w, https:\/\/franciscanos.org.br\/noticias\/wp-content\/uploads\/2019\/08\/IMG_2303-100x100.jpg 100w, https:\/\/franciscanos.org.br\/noticias\/wp-content\/uploads\/2019\/08\/IMG_2303-400x400.jpg 400w\" sizes=\"(max-width: 300px) 100vw, 300px\" \/><\/a>\n\t\t\t<\/dt><\/dl><dl class='gallery-item'>\n\t\t\t<dt class='gallery-icon landscape'>\n\t\t\t\t<a href='https:\/\/franciscanos.org.br\/noticias\/wp-content\/uploads\/2019\/08\/IMG_2304.jpg'><img width=\"300\" height=\"300\" src=\"https:\/\/franciscanos.org.br\/noticias\/wp-content\/uploads\/2019\/08\/IMG_2304-300x300.jpg\" class=\"attachment-thumbnail size-thumbnail\" alt=\"\" loading=\"lazy\" srcset=\"https:\/\/franciscanos.org.br\/noticias\/wp-content\/uploads\/2019\/08\/IMG_2304-300x300.jpg 300w, https:\/\/franciscanos.org.br\/noticias\/wp-content\/uploads\/2019\/08\/IMG_2304-100x100.jpg 100w, https:\/\/franciscanos.org.br\/noticias\/wp-content\/uploads\/2019\/08\/IMG_2304-400x400.jpg 400w\" sizes=\"(max-width: 300px) 100vw, 300px\" \/><\/a>\n\t\t\t<\/dt><\/dl><dl class='gallery-item'>\n\t\t\t<dt class='gallery-icon landscape'>\n\t\t\t\t<a href='https:\/\/franciscanos.org.br\/noticias\/wp-content\/uploads\/2019\/08\/IMG_2310.jpg'><img width=\"300\" height=\"300\" src=\"https:\/\/franciscanos.org.br\/noticias\/wp-content\/uploads\/2019\/08\/IMG_2310-300x300.jpg\" class=\"attachment-thumbnail size-thumbnail\" alt=\"\" loading=\"lazy\" srcset=\"https:\/\/franciscanos.org.br\/noticias\/wp-content\/uploads\/2019\/08\/IMG_2310-300x300.jpg 300w, https:\/\/franciscanos.org.br\/noticias\/wp-content\/uploads\/2019\/08\/IMG_2310-100x100.jpg 100w, https:\/\/franciscanos.org.br\/noticias\/wp-content\/uploads\/2019\/08\/IMG_2310-400x400.jpg 400w\" sizes=\"(max-width: 300px) 100vw, 300px\" \/><\/a>\n\t\t\t<\/dt><\/dl><dl class='gallery-item'>\n\t\t\t<dt class='gallery-icon landscape'>\n\t\t\t\t<a href='https:\/\/franciscanos.org.br\/noticias\/wp-content\/uploads\/2019\/08\/IMG_2319.jpg'><img width=\"300\" height=\"300\" src=\"https:\/\/franciscanos.org.br\/noticias\/wp-content\/uploads\/2019\/08\/IMG_2319-300x300.jpg\" class=\"attachment-thumbnail size-thumbnail\" alt=\"\" loading=\"lazy\" srcset=\"https:\/\/franciscanos.org.br\/noticias\/wp-content\/uploads\/2019\/08\/IMG_2319-300x300.jpg 300w, https:\/\/franciscanos.org.br\/noticias\/wp-content\/uploads\/2019\/08\/IMG_2319-100x100.jpg 100w, https:\/\/franciscanos.org.br\/noticias\/wp-content\/uploads\/2019\/08\/IMG_2319-400x400.jpg 400w\" sizes=\"(max-width: 300px) 100vw, 300px\" \/><\/a>\n\t\t\t<\/dt><\/dl><br style=\"clear: both\" \/><dl class='gallery-item'>\n\t\t\t<dt class='gallery-icon landscape'>\n\t\t\t\t<a href='https:\/\/franciscanos.org.br\/noticias\/wp-content\/uploads\/2019\/08\/IMG_2320.jpg'><img width=\"300\" height=\"300\" src=\"https:\/\/franciscanos.org.br\/noticias\/wp-content\/uploads\/2019\/08\/IMG_2320-300x300.jpg\" class=\"attachment-thumbnail size-thumbnail\" alt=\"\" loading=\"lazy\" srcset=\"https:\/\/franciscanos.org.br\/noticias\/wp-content\/uploads\/2019\/08\/IMG_2320-300x300.jpg 300w, https:\/\/franciscanos.org.br\/noticias\/wp-content\/uploads\/2019\/08\/IMG_2320-100x100.jpg 100w, https:\/\/franciscanos.org.br\/noticias\/wp-content\/uploads\/2019\/08\/IMG_2320-400x400.jpg 400w\" sizes=\"(max-width: 300px) 100vw, 300px\" \/><\/a>\n\t\t\t<\/dt><\/dl><dl class='gallery-item'>\n\t\t\t<dt class='gallery-icon landscape'>\n\t\t\t\t<a href='https:\/\/franciscanos.org.br\/noticias\/wp-content\/uploads\/2019\/08\/IMG_2324.jpg'><img width=\"300\" height=\"300\" src=\"https:\/\/franciscanos.org.br\/noticias\/wp-content\/uploads\/2019\/08\/IMG_2324-300x300.jpg\" class=\"attachment-thumbnail size-thumbnail\" alt=\"\" loading=\"lazy\" srcset=\"https:\/\/franciscanos.org.br\/noticias\/wp-content\/uploads\/2019\/08\/IMG_2324-300x300.jpg 300w, https:\/\/franciscanos.org.br\/noticias\/wp-content\/uploads\/2019\/08\/IMG_2324-100x100.jpg 100w, https:\/\/franciscanos.org.br\/noticias\/wp-content\/uploads\/2019\/08\/IMG_2324-400x400.jpg 400w\" sizes=\"(max-width: 300px) 100vw, 300px\" \/><\/a>\n\t\t\t<\/dt><\/dl><dl class='gallery-item'>\n\t\t\t<dt class='gallery-icon landscape'>\n\t\t\t\t<a href='https:\/\/franciscanos.org.br\/noticias\/wp-content\/uploads\/2019\/08\/IMG_2325.jpg'><img width=\"300\" height=\"300\" src=\"https:\/\/franciscanos.org.br\/noticias\/wp-content\/uploads\/2019\/08\/IMG_2325-300x300.jpg\" class=\"attachment-thumbnail size-thumbnail\" alt=\"\" loading=\"lazy\" srcset=\"https:\/\/franciscanos.org.br\/noticias\/wp-content\/uploads\/2019\/08\/IMG_2325-300x300.jpg 300w, https:\/\/franciscanos.org.br\/noticias\/wp-content\/uploads\/2019\/08\/IMG_2325-100x100.jpg 100w, https:\/\/franciscanos.org.br\/noticias\/wp-content\/uploads\/2019\/08\/IMG_2325-400x400.jpg 400w\" sizes=\"(max-width: 300px) 100vw, 300px\" \/><\/a>\n\t\t\t<\/dt><\/dl><dl class='gallery-item'>\n\t\t\t<dt class='gallery-icon landscape'>\n\t\t\t\t<a href='https:\/\/franciscanos.org.br\/noticias\/wp-content\/uploads\/2019\/08\/IMG_2326.jpg'><img width=\"300\" height=\"300\" src=\"https:\/\/franciscanos.org.br\/noticias\/wp-content\/uploads\/2019\/08\/IMG_2326-300x300.jpg\" class=\"attachment-thumbnail size-thumbnail\" alt=\"\" loading=\"lazy\" srcset=\"https:\/\/franciscanos.org.br\/noticias\/wp-content\/uploads\/2019\/08\/IMG_2326-300x300.jpg 300w, https:\/\/franciscanos.org.br\/noticias\/wp-content\/uploads\/2019\/08\/IMG_2326-100x100.jpg 100w, https:\/\/franciscanos.org.br\/noticias\/wp-content\/uploads\/2019\/08\/IMG_2326-400x400.jpg 400w\" sizes=\"(max-width: 300px) 100vw, 300px\" \/><\/a>\n\t\t\t<\/dt><\/dl><br style=\"clear: both\" \/><dl class='gallery-item'>\n\t\t\t<dt class='gallery-icon landscape'>\n\t\t\t\t<a href='https:\/\/franciscanos.org.br\/noticias\/wp-content\/uploads\/2019\/08\/IMG_2340.jpg'><img width=\"300\" height=\"300\" src=\"https:\/\/franciscanos.org.br\/noticias\/wp-content\/uploads\/2019\/08\/IMG_2340-300x300.jpg\" class=\"attachment-thumbnail size-thumbnail\" alt=\"\" loading=\"lazy\" srcset=\"https:\/\/franciscanos.org.br\/noticias\/wp-content\/uploads\/2019\/08\/IMG_2340-300x300.jpg 300w, https:\/\/franciscanos.org.br\/noticias\/wp-content\/uploads\/2019\/08\/IMG_2340-100x100.jpg 100w, https:\/\/franciscanos.org.br\/noticias\/wp-content\/uploads\/2019\/08\/IMG_2340-400x400.jpg 400w\" sizes=\"(max-width: 300px) 100vw, 300px\" \/><\/a>\n\t\t\t<\/dt><\/dl><dl class='gallery-item'>\n\t\t\t<dt class='gallery-icon landscape'>\n\t\t\t\t<a href='https:\/\/franciscanos.org.br\/noticias\/wp-content\/uploads\/2019\/08\/IMG_2346.jpg'><img width=\"300\" height=\"300\" src=\"https:\/\/franciscanos.org.br\/noticias\/wp-content\/uploads\/2019\/08\/IMG_2346-300x300.jpg\" class=\"attachment-thumbnail size-thumbnail\" alt=\"\" loading=\"lazy\" srcset=\"https:\/\/franciscanos.org.br\/noticias\/wp-content\/uploads\/2019\/08\/IMG_2346-300x300.jpg 300w, https:\/\/franciscanos.org.br\/noticias\/wp-content\/uploads\/2019\/08\/IMG_2346-100x100.jpg 100w, https:\/\/franciscanos.org.br\/noticias\/wp-content\/uploads\/2019\/08\/IMG_2346-400x400.jpg 400w\" sizes=\"(max-width: 300px) 100vw, 300px\" \/><\/a>\n\t\t\t<\/dt><\/dl><dl class='gallery-item'>\n\t\t\t<dt class='gallery-icon landscape'>\n\t\t\t\t<a href='https:\/\/franciscanos.org.br\/noticias\/wp-content\/uploads\/2019\/08\/IMG_2346a.jpg'><img width=\"300\" height=\"300\" src=\"https:\/\/franciscanos.org.br\/noticias\/wp-content\/uploads\/2019\/08\/IMG_2346a-300x300.jpg\" class=\"attachment-thumbnail size-thumbnail\" alt=\"\" loading=\"lazy\" srcset=\"https:\/\/franciscanos.org.br\/noticias\/wp-content\/uploads\/2019\/08\/IMG_2346a-300x300.jpg 300w, https:\/\/franciscanos.org.br\/noticias\/wp-content\/uploads\/2019\/08\/IMG_2346a-100x100.jpg 100w, https:\/\/franciscanos.org.br\/noticias\/wp-content\/uploads\/2019\/08\/IMG_2346a-400x400.jpg 400w\" sizes=\"(max-width: 300px) 100vw, 300px\" \/><\/a>\n\t\t\t<\/dt><\/dl><dl class='gallery-item'>\n\t\t\t<dt class='gallery-icon landscape'>\n\t\t\t\t<a href='https:\/\/franciscanos.org.br\/noticias\/wp-content\/uploads\/2019\/08\/IMG_2347.jpg'><img width=\"300\" height=\"300\" src=\"https:\/\/franciscanos.org.br\/noticias\/wp-content\/uploads\/2019\/08\/IMG_2347-300x300.jpg\" class=\"attachment-thumbnail size-thumbnail\" alt=\"\" loading=\"lazy\" srcset=\"https:\/\/franciscanos.org.br\/noticias\/wp-content\/uploads\/2019\/08\/IMG_2347-300x300.jpg 300w, https:\/\/franciscanos.org.br\/noticias\/wp-content\/uploads\/2019\/08\/IMG_2347-100x100.jpg 100w, https:\/\/franciscanos.org.br\/noticias\/wp-content\/uploads\/2019\/08\/IMG_2347-400x400.jpg 400w\" sizes=\"(max-width: 300px) 100vw, 300px\" \/><\/a>\n\t\t\t<\/dt><\/dl><br style=\"clear: both\" \/><dl class='gallery-item'>\n\t\t\t<dt class='gallery-icon landscape'>\n\t\t\t\t<a href='https:\/\/franciscanos.org.br\/noticias\/wp-content\/uploads\/2019\/08\/IMG_2351.jpg'><img width=\"300\" height=\"300\" src=\"https:\/\/franciscanos.org.br\/noticias\/wp-content\/uploads\/2019\/08\/IMG_2351-300x300.jpg\" class=\"attachment-thumbnail size-thumbnail\" alt=\"\" loading=\"lazy\" srcset=\"https:\/\/franciscanos.org.br\/noticias\/wp-content\/uploads\/2019\/08\/IMG_2351-300x300.jpg 300w, https:\/\/franciscanos.org.br\/noticias\/wp-content\/uploads\/2019\/08\/IMG_2351-100x100.jpg 100w, https:\/\/franciscanos.org.br\/noticias\/wp-content\/uploads\/2019\/08\/IMG_2351-400x400.jpg 400w\" sizes=\"(max-width: 300px) 100vw, 300px\" \/><\/a>\n\t\t\t<\/dt><\/dl><dl class='gallery-item'>\n\t\t\t<dt class='gallery-icon landscape'>\n\t\t\t\t<a href='https:\/\/franciscanos.org.br\/noticias\/wp-content\/uploads\/2019\/08\/IMG_2359.jpg'><img width=\"300\" height=\"300\" src=\"https:\/\/franciscanos.org.br\/noticias\/wp-content\/uploads\/2019\/08\/IMG_2359-300x300.jpg\" class=\"attachment-thumbnail size-thumbnail\" alt=\"\" loading=\"lazy\" srcset=\"https:\/\/franciscanos.org.br\/noticias\/wp-content\/uploads\/2019\/08\/IMG_2359-300x300.jpg 300w, https:\/\/franciscanos.org.br\/noticias\/wp-content\/uploads\/2019\/08\/IMG_2359-100x100.jpg 100w, https:\/\/franciscanos.org.br\/noticias\/wp-content\/uploads\/2019\/08\/IMG_2359-400x400.jpg 400w\" sizes=\"(max-width: 300px) 100vw, 300px\" \/><\/a>\n\t\t\t<\/dt><\/dl><dl class='gallery-item'>\n\t\t\t<dt class='gallery-icon landscape'>\n\t\t\t\t<a href='https:\/\/franciscanos.org.br\/noticias\/wp-content\/uploads\/2019\/08\/IMG_2360.jpg'><img width=\"300\" height=\"300\" src=\"https:\/\/franciscanos.org.br\/noticias\/wp-content\/uploads\/2019\/08\/IMG_2360-300x300.jpg\" class=\"attachment-thumbnail size-thumbnail\" alt=\"\" loading=\"lazy\" srcset=\"https:\/\/franciscanos.org.br\/noticias\/wp-content\/uploads\/2019\/08\/IMG_2360-300x300.jpg 300w, https:\/\/franciscanos.org.br\/noticias\/wp-content\/uploads\/2019\/08\/IMG_2360-100x100.jpg 100w, https:\/\/franciscanos.org.br\/noticias\/wp-content\/uploads\/2019\/08\/IMG_2360-400x400.jpg 400w\" sizes=\"(max-width: 300px) 100vw, 300px\" \/><\/a>\n\t\t\t<\/dt><\/dl><dl class='gallery-item'>\n\t\t\t<dt class='gallery-icon landscape'>\n\t\t\t\t<a href='https:\/\/franciscanos.org.br\/noticias\/wp-content\/uploads\/2019\/08\/IMG_2362.jpg'><img width=\"300\" height=\"300\" src=\"https:\/\/franciscanos.org.br\/noticias\/wp-content\/uploads\/2019\/08\/IMG_2362-300x300.jpg\" class=\"attachment-thumbnail size-thumbnail\" alt=\"\" loading=\"lazy\" srcset=\"https:\/\/franciscanos.org.br\/noticias\/wp-content\/uploads\/2019\/08\/IMG_2362-300x300.jpg 300w, https:\/\/franciscanos.org.br\/noticias\/wp-content\/uploads\/2019\/08\/IMG_2362-100x100.jpg 100w, https:\/\/franciscanos.org.br\/noticias\/wp-content\/uploads\/2019\/08\/IMG_2362-400x400.jpg 400w\" sizes=\"(max-width: 300px) 100vw, 300px\" \/><\/a>\n\t\t\t<\/dt><\/dl><br style=\"clear: both\" \/><dl class='gallery-item'>\n\t\t\t<dt class='gallery-icon landscape'>\n\t\t\t\t<a href='https:\/\/franciscanos.org.br\/noticias\/wp-content\/uploads\/2019\/08\/IMG_2368.jpg'><img width=\"300\" height=\"300\" src=\"https:\/\/franciscanos.org.br\/noticias\/wp-content\/uploads\/2019\/08\/IMG_2368-300x300.jpg\" class=\"attachment-thumbnail size-thumbnail\" alt=\"\" loading=\"lazy\" srcset=\"https:\/\/franciscanos.org.br\/noticias\/wp-content\/uploads\/2019\/08\/IMG_2368-300x300.jpg 300w, https:\/\/franciscanos.org.br\/noticias\/wp-content\/uploads\/2019\/08\/IMG_2368-100x100.jpg 100w, https:\/\/franciscanos.org.br\/noticias\/wp-content\/uploads\/2019\/08\/IMG_2368-400x400.jpg 400w\" sizes=\"(max-width: 300px) 100vw, 300px\" \/><\/a>\n\t\t\t<\/dt><\/dl><dl class='gallery-item'>\n\t\t\t<dt class='gallery-icon landscape'>\n\t\t\t\t<a href='https:\/\/franciscanos.org.br\/noticias\/wp-content\/uploads\/2019\/08\/IMG_2375.jpg'><img width=\"300\" height=\"300\" src=\"https:\/\/franciscanos.org.br\/noticias\/wp-content\/uploads\/2019\/08\/IMG_2375-300x300.jpg\" class=\"attachment-thumbnail size-thumbnail\" alt=\"\" loading=\"lazy\" srcset=\"https:\/\/franciscanos.org.br\/noticias\/wp-content\/uploads\/2019\/08\/IMG_2375-300x300.jpg 300w, https:\/\/franciscanos.org.br\/noticias\/wp-content\/uploads\/2019\/08\/IMG_2375-100x100.jpg 100w, https:\/\/franciscanos.org.br\/noticias\/wp-content\/uploads\/2019\/08\/IMG_2375-400x400.jpg 400w\" sizes=\"(max-width: 300px) 100vw, 300px\" \/><\/a>\n\t\t\t<\/dt><\/dl><dl class='gallery-item'>\n\t\t\t<dt class='gallery-icon landscape'>\n\t\t\t\t<a href='https:\/\/franciscanos.org.br\/noticias\/wp-content\/uploads\/2019\/08\/IMG_2381.jpg'><img width=\"300\" height=\"300\" src=\"https:\/\/franciscanos.org.br\/noticias\/wp-content\/uploads\/2019\/08\/IMG_2381-300x300.jpg\" class=\"attachment-thumbnail size-thumbnail\" alt=\"\" loading=\"lazy\" srcset=\"https:\/\/franciscanos.org.br\/noticias\/wp-content\/uploads\/2019\/08\/IMG_2381-300x300.jpg 300w, https:\/\/franciscanos.org.br\/noticias\/wp-content\/uploads\/2019\/08\/IMG_2381-100x100.jpg 100w, https:\/\/franciscanos.org.br\/noticias\/wp-content\/uploads\/2019\/08\/IMG_2381-400x400.jpg 400w\" sizes=\"(max-width: 300px) 100vw, 300px\" \/><\/a>\n\t\t\t<\/dt><\/dl><dl class='gallery-item'>\n\t\t\t<dt class='gallery-icon landscape'>\n\t\t\t\t<a href='https:\/\/franciscanos.org.br\/noticias\/wp-content\/uploads\/2019\/08\/IMG_2386.jpg'><img width=\"300\" height=\"300\" src=\"https:\/\/franciscanos.org.br\/noticias\/wp-content\/uploads\/2019\/08\/IMG_2386-300x300.jpg\" class=\"attachment-thumbnail size-thumbnail\" alt=\"\" loading=\"lazy\" srcset=\"https:\/\/franciscanos.org.br\/noticias\/wp-content\/uploads\/2019\/08\/IMG_2386-300x300.jpg 300w, https:\/\/franciscanos.org.br\/noticias\/wp-content\/uploads\/2019\/08\/IMG_2386-100x100.jpg 100w, https:\/\/franciscanos.org.br\/noticias\/wp-content\/uploads\/2019\/08\/IMG_2386-400x400.jpg 400w\" sizes=\"(max-width: 300px) 100vw, 300px\" \/><\/a>\n\t\t\t<\/dt><\/dl><br style=\"clear: both\" \/><dl class='gallery-item'>\n\t\t\t<dt class='gallery-icon landscape'>\n\t\t\t\t<a href='https:\/\/franciscanos.org.br\/noticias\/wp-content\/uploads\/2019\/08\/IMG_2387.jpg'><img width=\"300\" height=\"300\" src=\"https:\/\/franciscanos.org.br\/noticias\/wp-content\/uploads\/2019\/08\/IMG_2387-300x300.jpg\" class=\"attachment-thumbnail size-thumbnail\" alt=\"\" loading=\"lazy\" srcset=\"https:\/\/franciscanos.org.br\/noticias\/wp-content\/uploads\/2019\/08\/IMG_2387-300x300.jpg 300w, https:\/\/franciscanos.org.br\/noticias\/wp-content\/uploads\/2019\/08\/IMG_2387-100x100.jpg 100w, https:\/\/franciscanos.org.br\/noticias\/wp-content\/uploads\/2019\/08\/IMG_2387-400x400.jpg 400w\" sizes=\"(max-width: 300px) 100vw, 300px\" \/><\/a>\n\t\t\t<\/dt><\/dl><dl class='gallery-item'>\n\t\t\t<dt class='gallery-icon landscape'>\n\t\t\t\t<a href='https:\/\/franciscanos.org.br\/noticias\/wp-content\/uploads\/2019\/08\/IMG_2388.jpg'><img width=\"300\" height=\"300\" src=\"https:\/\/franciscanos.org.br\/noticias\/wp-content\/uploads\/2019\/08\/IMG_2388-300x300.jpg\" class=\"attachment-thumbnail size-thumbnail\" alt=\"\" loading=\"lazy\" srcset=\"https:\/\/franciscanos.org.br\/noticias\/wp-content\/uploads\/2019\/08\/IMG_2388-300x300.jpg 300w, https:\/\/franciscanos.org.br\/noticias\/wp-content\/uploads\/2019\/08\/IMG_2388-100x100.jpg 100w, https:\/\/franciscanos.org.br\/noticias\/wp-content\/uploads\/2019\/08\/IMG_2388-400x400.jpg 400w\" sizes=\"(max-width: 300px) 100vw, 300px\" \/><\/a>\n\t\t\t<\/dt><\/dl><dl class='gallery-item'>\n\t\t\t<dt class='gallery-icon landscape'>\n\t\t\t\t<a href='https:\/\/franciscanos.org.br\/noticias\/wp-content\/uploads\/2019\/08\/IMG_2400.jpg'><img width=\"300\" height=\"300\" src=\"https:\/\/franciscanos.org.br\/noticias\/wp-content\/uploads\/2019\/08\/IMG_2400-300x300.jpg\" class=\"attachment-thumbnail size-thumbnail\" alt=\"\" loading=\"lazy\" srcset=\"https:\/\/franciscanos.org.br\/noticias\/wp-content\/uploads\/2019\/08\/IMG_2400-300x300.jpg 300w, https:\/\/franciscanos.org.br\/noticias\/wp-content\/uploads\/2019\/08\/IMG_2400-100x100.jpg 100w, https:\/\/franciscanos.org.br\/noticias\/wp-content\/uploads\/2019\/08\/IMG_2400-400x400.jpg 400w\" sizes=\"(max-width: 300px) 100vw, 300px\" \/><\/a>\n\t\t\t<\/dt><\/dl><dl class='gallery-item'>\n\t\t\t<dt class='gallery-icon landscape'>\n\t\t\t\t<a href='https:\/\/franciscanos.org.br\/noticias\/wp-content\/uploads\/2019\/08\/IMG_2416.jpg'><img width=\"300\" height=\"300\" src=\"https:\/\/franciscanos.org.br\/noticias\/wp-content\/uploads\/2019\/08\/IMG_2416-300x300.jpg\" class=\"attachment-thumbnail size-thumbnail\" alt=\"\" loading=\"lazy\" srcset=\"https:\/\/franciscanos.org.br\/noticias\/wp-content\/uploads\/2019\/08\/IMG_2416-300x300.jpg 300w, https:\/\/franciscanos.org.br\/noticias\/wp-content\/uploads\/2019\/08\/IMG_2416-100x100.jpg 100w, https:\/\/franciscanos.org.br\/noticias\/wp-content\/uploads\/2019\/08\/IMG_2416-400x400.jpg 400w\" sizes=\"(max-width: 300px) 100vw, 300px\" \/><\/a>\n\t\t\t<\/dt><\/dl><br style=\"clear: both\" \/><dl class='gallery-item'>\n\t\t\t<dt class='gallery-icon landscape'>\n\t\t\t\t<a href='https:\/\/franciscanos.org.br\/noticias\/wp-content\/uploads\/2019\/08\/IMG_2421.jpg'><img width=\"300\" height=\"300\" src=\"https:\/\/franciscanos.org.br\/noticias\/wp-content\/uploads\/2019\/08\/IMG_2421-300x300.jpg\" class=\"attachment-thumbnail size-thumbnail\" alt=\"\" loading=\"lazy\" srcset=\"https:\/\/franciscanos.org.br\/noticias\/wp-content\/uploads\/2019\/08\/IMG_2421-300x300.jpg 300w, https:\/\/franciscanos.org.br\/noticias\/wp-content\/uploads\/2019\/08\/IMG_2421-100x100.jpg 100w, https:\/\/franciscanos.org.br\/noticias\/wp-content\/uploads\/2019\/08\/IMG_2421-400x400.jpg 400w\" sizes=\"(max-width: 300px) 100vw, 300px\" \/><\/a>\n\t\t\t<\/dt><\/dl><dl class='gallery-item'>\n\t\t\t<dt class='gallery-icon landscape'>\n\t\t\t\t<a href='https:\/\/franciscanos.org.br\/noticias\/wp-content\/uploads\/2019\/08\/IMG_2429.jpg'><img width=\"300\" height=\"300\" src=\"https:\/\/franciscanos.org.br\/noticias\/wp-content\/uploads\/2019\/08\/IMG_2429-300x300.jpg\" class=\"attachment-thumbnail size-thumbnail\" alt=\"\" loading=\"lazy\" srcset=\"https:\/\/franciscanos.org.br\/noticias\/wp-content\/uploads\/2019\/08\/IMG_2429-300x300.jpg 300w, https:\/\/franciscanos.org.br\/noticias\/wp-content\/uploads\/2019\/08\/IMG_2429-100x100.jpg 100w, https:\/\/franciscanos.org.br\/noticias\/wp-content\/uploads\/2019\/08\/IMG_2429-400x400.jpg 400w\" sizes=\"(max-width: 300px) 100vw, 300px\" \/><\/a>\n\t\t\t<\/dt><\/dl><dl class='gallery-item'>\n\t\t\t<dt class='gallery-icon landscape'>\n\t\t\t\t<a href='https:\/\/franciscanos.org.br\/noticias\/wp-content\/uploads\/2019\/08\/IMG_2442.jpg'><img width=\"300\" height=\"300\" src=\"https:\/\/franciscanos.org.br\/noticias\/wp-content\/uploads\/2019\/08\/IMG_2442-300x300.jpg\" class=\"attachment-thumbnail size-thumbnail\" alt=\"\" loading=\"lazy\" srcset=\"https:\/\/franciscanos.org.br\/noticias\/wp-content\/uploads\/2019\/08\/IMG_2442-300x300.jpg 300w, https:\/\/franciscanos.org.br\/noticias\/wp-content\/uploads\/2019\/08\/IMG_2442-100x100.jpg 100w, https:\/\/franciscanos.org.br\/noticias\/wp-content\/uploads\/2019\/08\/IMG_2442-400x400.jpg 400w\" sizes=\"(max-width: 300px) 100vw, 300px\" \/><\/a>\n\t\t\t<\/dt><\/dl><dl class='gallery-item'>\n\t\t\t<dt class='gallery-icon landscape'>\n\t\t\t\t<a href='https:\/\/franciscanos.org.br\/noticias\/wp-content\/uploads\/2019\/08\/IMG_2450.jpg'><img width=\"300\" height=\"300\" src=\"https:\/\/franciscanos.org.br\/noticias\/wp-content\/uploads\/2019\/08\/IMG_2450-300x300.jpg\" class=\"attachment-thumbnail size-thumbnail\" alt=\"\" loading=\"lazy\" srcset=\"https:\/\/franciscanos.org.br\/noticias\/wp-content\/uploads\/2019\/08\/IMG_2450-300x300.jpg 300w, https:\/\/franciscanos.org.br\/noticias\/wp-content\/uploads\/2019\/08\/IMG_2450-100x100.jpg 100w, https:\/\/franciscanos.org.br\/noticias\/wp-content\/uploads\/2019\/08\/IMG_2450-400x400.jpg 400w\" sizes=\"(max-width: 300px) 100vw, 300px\" \/><\/a>\n\t\t\t<\/dt><\/dl><br style=\"clear: both\" \/><dl class='gallery-item'>\n\t\t\t<dt class='gallery-icon landscape'>\n\t\t\t\t<a href='https:\/\/franciscanos.org.br\/noticias\/wp-content\/uploads\/2019\/08\/IMG_2465.jpg'><img width=\"300\" height=\"300\" src=\"https:\/\/franciscanos.org.br\/noticias\/wp-content\/uploads\/2019\/08\/IMG_2465-300x300.jpg\" class=\"attachment-thumbnail size-thumbnail\" alt=\"\" loading=\"lazy\" srcset=\"https:\/\/franciscanos.org.br\/noticias\/wp-content\/uploads\/2019\/08\/IMG_2465-300x300.jpg 300w, https:\/\/franciscanos.org.br\/noticias\/wp-content\/uploads\/2019\/08\/IMG_2465-100x100.jpg 100w, https:\/\/franciscanos.org.br\/noticias\/wp-content\/uploads\/2019\/08\/IMG_2465-400x400.jpg 400w\" sizes=\"(max-width: 300px) 100vw, 300px\" \/><\/a>\n\t\t\t<\/dt><\/dl><dl class='gallery-item'>\n\t\t\t<dt class='gallery-icon landscape'>\n\t\t\t\t<a href='https:\/\/franciscanos.org.br\/noticias\/wp-content\/uploads\/2019\/08\/IMG_2478.jpg'><img width=\"300\" height=\"300\" src=\"https:\/\/franciscanos.org.br\/noticias\/wp-content\/uploads\/2019\/08\/IMG_2478-300x300.jpg\" class=\"attachment-thumbnail size-thumbnail\" alt=\"\" loading=\"lazy\" srcset=\"https:\/\/franciscanos.org.br\/noticias\/wp-content\/uploads\/2019\/08\/IMG_2478-300x300.jpg 300w, https:\/\/franciscanos.org.br\/noticias\/wp-content\/uploads\/2019\/08\/IMG_2478-100x100.jpg 100w, https:\/\/franciscanos.org.br\/noticias\/wp-content\/uploads\/2019\/08\/IMG_2478-400x400.jpg 400w\" sizes=\"(max-width: 300px) 100vw, 300px\" \/><\/a>\n\t\t\t<\/dt><\/dl><dl class='gallery-item'>\n\t\t\t<dt class='gallery-icon portrait'>\n\t\t\t\t<a href='https:\/\/franciscanos.org.br\/noticias\/wp-content\/uploads\/2019\/08\/IMG_2488.jpg'><img width=\"300\" height=\"300\" src=\"https:\/\/franciscanos.org.br\/noticias\/wp-content\/uploads\/2019\/08\/IMG_2488-300x300.jpg\" class=\"attachment-thumbnail size-thumbnail\" alt=\"\" loading=\"lazy\" srcset=\"https:\/\/franciscanos.org.br\/noticias\/wp-content\/uploads\/2019\/08\/IMG_2488-300x300.jpg 300w, https:\/\/franciscanos.org.br\/noticias\/wp-content\/uploads\/2019\/08\/IMG_2488-100x100.jpg 100w, https:\/\/franciscanos.org.br\/noticias\/wp-content\/uploads\/2019\/08\/IMG_2488-400x400.jpg 400w\" sizes=\"(max-width: 300px) 100vw, 300px\" \/><\/a>\n\t\t\t<\/dt><\/dl><dl class='gallery-item'>\n\t\t\t<dt class='gallery-icon landscape'>\n\t\t\t\t<a href='https:\/\/franciscanos.org.br\/noticias\/wp-content\/uploads\/2019\/08\/IMG_2489.jpg'><img width=\"300\" height=\"300\" src=\"https:\/\/franciscanos.org.br\/noticias\/wp-content\/uploads\/2019\/08\/IMG_2489-300x300.jpg\" class=\"attachment-thumbnail size-thumbnail\" alt=\"\" loading=\"lazy\" srcset=\"https:\/\/franciscanos.org.br\/noticias\/wp-content\/uploads\/2019\/08\/IMG_2489-300x300.jpg 300w, https:\/\/franciscanos.org.br\/noticias\/wp-content\/uploads\/2019\/08\/IMG_2489-100x100.jpg 100w, https:\/\/franciscanos.org.br\/noticias\/wp-content\/uploads\/2019\/08\/IMG_2489-400x400.jpg 400w\" sizes=\"(max-width: 300px) 100vw, 300px\" \/><\/a>\n\t\t\t<\/dt><\/dl><br style=\"clear: both\" \/><dl class='gallery-item'>\n\t\t\t<dt class='gallery-icon landscape'>\n\t\t\t\t<a href='https:\/\/franciscanos.org.br\/noticias\/wp-content\/uploads\/2019\/08\/IMG_2490.jpg'><img width=\"300\" height=\"300\" src=\"https:\/\/franciscanos.org.br\/noticias\/wp-content\/uploads\/2019\/08\/IMG_2490-300x300.jpg\" class=\"attachment-thumbnail size-thumbnail\" alt=\"\" loading=\"lazy\" srcset=\"https:\/\/franciscanos.org.br\/noticias\/wp-content\/uploads\/2019\/08\/IMG_2490-300x300.jpg 300w, https:\/\/franciscanos.org.br\/noticias\/wp-content\/uploads\/2019\/08\/IMG_2490-100x100.jpg 100w, https:\/\/franciscanos.org.br\/noticias\/wp-content\/uploads\/2019\/08\/IMG_2490-400x400.jpg 400w\" sizes=\"(max-width: 300px) 100vw, 300px\" \/><\/a>\n\t\t\t<\/dt><\/dl><dl class='gallery-item'>\n\t\t\t<dt class='gallery-icon landscape'>\n\t\t\t\t<a href='https:\/\/franciscanos.org.br\/noticias\/wp-content\/uploads\/2019\/08\/IMG_2498.jpg'><img width=\"300\" height=\"300\" src=\"https:\/\/franciscanos.org.br\/noticias\/wp-content\/uploads\/2019\/08\/IMG_2498-300x300.jpg\" class=\"attachment-thumbnail size-thumbnail\" alt=\"\" loading=\"lazy\" srcset=\"https:\/\/franciscanos.org.br\/noticias\/wp-content\/uploads\/2019\/08\/IMG_2498-300x300.jpg 300w, https:\/\/franciscanos.org.br\/noticias\/wp-content\/uploads\/2019\/08\/IMG_2498-100x100.jpg 100w, https:\/\/franciscanos.org.br\/noticias\/wp-content\/uploads\/2019\/08\/IMG_2498-400x400.jpg 400w\" sizes=\"(max-width: 300px) 100vw, 300px\" \/><\/a>\n\t\t\t<\/dt><\/dl><dl class='gallery-item'>\n\t\t\t<dt class='gallery-icon landscape'>\n\t\t\t\t<a href='https:\/\/franciscanos.org.br\/noticias\/wp-content\/uploads\/2019\/08\/IMG_2499.jpg'><img width=\"300\" height=\"300\" src=\"https:\/\/franciscanos.org.br\/noticias\/wp-content\/uploads\/2019\/08\/IMG_2499-300x300.jpg\" class=\"attachment-thumbnail size-thumbnail\" alt=\"\" loading=\"lazy\" srcset=\"https:\/\/franciscanos.org.br\/noticias\/wp-content\/uploads\/2019\/08\/IMG_2499-300x300.jpg 300w, https:\/\/franciscanos.org.br\/noticias\/wp-content\/uploads\/2019\/08\/IMG_2499-100x100.jpg 100w, https:\/\/franciscanos.org.br\/noticias\/wp-content\/uploads\/2019\/08\/IMG_2499-400x400.jpg 400w\" sizes=\"(max-width: 300px) 100vw, 300px\" \/><\/a>\n\t\t\t<\/dt><\/dl><dl class='gallery-item'>\n\t\t\t<dt class='gallery-icon landscape'>\n\t\t\t\t<a href='https:\/\/franciscanos.org.br\/noticias\/wp-content\/uploads\/2019\/08\/IMG_2499a.jpg'><img width=\"300\" height=\"300\" src=\"https:\/\/franciscanos.org.br\/noticias\/wp-content\/uploads\/2019\/08\/IMG_2499a-300x300.jpg\" class=\"attachment-thumbnail size-thumbnail\" alt=\"\" loading=\"lazy\" srcset=\"https:\/\/franciscanos.org.br\/noticias\/wp-content\/uploads\/2019\/08\/IMG_2499a-300x300.jpg 300w, https:\/\/franciscanos.org.br\/noticias\/wp-content\/uploads\/2019\/08\/IMG_2499a-100x100.jpg 100w, https:\/\/franciscanos.org.br\/noticias\/wp-content\/uploads\/2019\/08\/IMG_2499a-400x400.jpg 400w\" sizes=\"(max-width: 300px) 100vw, 300px\" \/><\/a>\n\t\t\t<\/dt><\/dl><br style=\"clear: both\" \/>\n\t\t<\/div>\n\n","protected":false},"excerpt":{"rendered":"<p>Passagem do cuidado pastoral da Par\u00f3quia Nossa Senhora do Amparo \u00e0 Diocese de Caraguatatuba <\/p>\n","protected":false},"author":3,"featured_media":209304,"comment_status":"open","ping_status":"open","sticky":false,"template":"","format":"standard","meta":[],"categories":[1488,1],"tags":[1145],"acf":[],"yoast_head":"<!-- This site is optimized with the Yoast SEO plugin v19.2 - https:\/\/yoast.com\/wordpress\/plugins\/seo\/ -->\n<title>Dom Jos\u00e9: &quot;N\u00e3o abandonem o cora\u00e7\u00e3o franciscano!&quot; - Not\u00edcias - Franciscanos<\/title>\n<meta name=\"robots\" content=\"index, follow, max-snippet:-1, max-image-preview:large, max-video-preview:-1\" \/>\n<link rel=\"canonical\" href=\"https:\/\/franciscanos.org.br\/noticias\/dom-jose-nao-abandonem-o-coracao-franciscano.html\" \/>\n<meta property=\"og:locale\" content=\"pt_BR\" \/>\n<meta property=\"og:type\" content=\"article\" \/>\n<meta property=\"og:title\" content=\"Dom Jos\u00e9: &quot;N\u00e3o abandonem o cora\u00e7\u00e3o franciscano!&quot; - Not\u00edcias - Franciscanos\" \/>\n<meta property=\"og:description\" content=\"Passagem do cuidado pastoral da Par\u00f3quia Nossa Senhora do Amparo \u00e0 Diocese de Caraguatatuba\" \/>\n<meta property=\"og:url\" content=\"https:\/\/franciscanos.org.br\/noticias\/dom-jose-nao-abandonem-o-coracao-franciscano.html\" \/>\n<meta property=\"og:site_name\" content=\"Not\u00edcias - Franciscanos\" \/>\n<meta property=\"article:published_time\" content=\"2019-08-11T14:50:46+00:00\" \/>\n<meta property=\"article:modified_time\" content=\"2019-08-12T13:28:33+00:00\" \/>\n<meta property=\"og:image\" content=\"https:\/\/franciscanos.org.br\/noticias\/wp-content\/uploads\/2019\/08\/entrega_1108d.jpg\" \/>\n\t<meta property=\"og:image:width\" content=\"273\" \/>\n\t<meta property=\"og:image:height\" content=\"181\" \/>\n\t<meta property=\"og:image:type\" content=\"image\/jpeg\" \/>\n<meta name=\"author\" content=\"moacir\" \/>\n<meta name=\"twitter:card\" content=\"summary_large_image\" \/>\n<meta name=\"twitter:label1\" content=\"Escrito por\" \/>\n\t<meta name=\"twitter:data1\" content=\"moacir\" \/>\n\t<meta name=\"twitter:label2\" content=\"Est. tempo de leitura\" \/>\n\t<meta name=\"twitter:data2\" content=\"11 minutos\" \/>\n<script type=\"application\/ld+json\" class=\"yoast-schema-graph\">{\"@context\":\"https:\/\/schema.org\",\"@graph\":[{\"@type\":\"WebSite\",\"@id\":\"https:\/\/franciscanos.org.br\/noticias\/#website\",\"url\":\"https:\/\/franciscanos.org.br\/noticias\/\",\"name\":\"Not\u00edcias - Franciscanos\",\"description\":\"Prov\u00edncia Franciscana da Imaculada Concei\u00e7\u00e3o do Brasil - Ordem dos Frades Menores - OFM\",\"potentialAction\":[{\"@type\":\"SearchAction\",\"target\":{\"@type\":\"EntryPoint\",\"urlTemplate\":\"https:\/\/franciscanos.org.br\/noticias\/?s={search_term_string}\"},\"query-input\":\"required name=search_term_string\"}],\"inLanguage\":\"pt-BR\"},{\"@type\":\"ImageObject\",\"inLanguage\":\"pt-BR\",\"@id\":\"https:\/\/franciscanos.org.br\/noticias\/dom-jose-nao-abandonem-o-coracao-franciscano.html#primaryimage\",\"url\":\"https:\/\/franciscanos.org.br\/noticias\/wp-content\/uploads\/2019\/08\/entrega_1108d.jpg\",\"contentUrl\":\"https:\/\/franciscanos.org.br\/noticias\/wp-content\/uploads\/2019\/08\/entrega_1108d.jpg\",\"width\":273,\"height\":181},{\"@type\":\"WebPage\",\"@id\":\"https:\/\/franciscanos.org.br\/noticias\/dom-jose-nao-abandonem-o-coracao-franciscano.html#webpage\",\"url\":\"https:\/\/franciscanos.org.br\/noticias\/dom-jose-nao-abandonem-o-coracao-franciscano.html\",\"name\":\"Dom Jos\u00e9: \\\"N\u00e3o abandonem o cora\u00e7\u00e3o franciscano!\\\" - Not\u00edcias - Franciscanos\",\"isPartOf\":{\"@id\":\"https:\/\/franciscanos.org.br\/noticias\/#website\"},\"primaryImageOfPage\":{\"@id\":\"https:\/\/franciscanos.org.br\/noticias\/dom-jose-nao-abandonem-o-coracao-franciscano.html#primaryimage\"},\"datePublished\":\"2019-08-11T14:50:46+00:00\",\"dateModified\":\"2019-08-12T13:28:33+00:00\",\"author\":{\"@id\":\"https:\/\/franciscanos.org.br\/noticias\/#\/schema\/person\/b5c8cba458c330ccff548b056e95a5d4\"},\"breadcrumb\":{\"@id\":\"https:\/\/franciscanos.org.br\/noticias\/dom-jose-nao-abandonem-o-coracao-franciscano.html#breadcrumb\"},\"inLanguage\":\"pt-BR\",\"potentialAction\":[{\"@type\":\"ReadAction\",\"target\":[\"https:\/\/franciscanos.org.br\/noticias\/dom-jose-nao-abandonem-o-coracao-franciscano.html\"]}]},{\"@type\":\"BreadcrumbList\",\"@id\":\"https:\/\/franciscanos.org.br\/noticias\/dom-jose-nao-abandonem-o-coracao-franciscano.html#breadcrumb\",\"itemListElement\":[{\"@type\":\"ListItem\",\"position\":1,\"name\":\"Home\",\"item\":\"https:\/\/franciscanos.org.br\/noticias\"},{\"@type\":\"ListItem\",\"position\":2,\"name\":\"Dom Jos\u00e9: &#8220;N\u00e3o abandonem o cora\u00e7\u00e3o franciscano!&#8221;\"}]},{\"@type\":\"Person\",\"@id\":\"https:\/\/franciscanos.org.br\/noticias\/#\/schema\/person\/b5c8cba458c330ccff548b056e95a5d4\",\"name\":\"moacir\",\"image\":{\"@type\":\"ImageObject\",\"inLanguage\":\"pt-BR\",\"@id\":\"https:\/\/franciscanos.org.br\/noticias\/#\/schema\/person\/image\/\",\"url\":\"https:\/\/secure.gravatar.com\/avatar\/d08aa2ce4c8dd416d4479aa8536fcf64?s=96&d=mm&r=g\",\"contentUrl\":\"https:\/\/secure.gravatar.com\/avatar\/d08aa2ce4c8dd416d4479aa8536fcf64?s=96&d=mm&r=g\",\"caption\":\"moacir\"},\"url\":\"https:\/\/franciscanos.org.br\/noticias\/author\/moacir\"}]}<\/script>\n<!-- \/ Yoast SEO plugin. -->","yoast_head_json":{"title":"Dom Jos\u00e9: \"N\u00e3o abandonem o cora\u00e7\u00e3o franciscano!\" - Not\u00edcias - Franciscanos","robots":{"index":"index","follow":"follow","max-snippet":"max-snippet:-1","max-image-preview":"max-image-preview:large","max-video-preview":"max-video-preview:-1"},"canonical":"https:\/\/franciscanos.org.br\/noticias\/dom-jose-nao-abandonem-o-coracao-franciscano.html","og_locale":"pt_BR","og_type":"article","og_title":"Dom Jos\u00e9: \"N\u00e3o abandonem o cora\u00e7\u00e3o franciscano!\" - Not\u00edcias - Franciscanos","og_description":"Passagem do cuidado pastoral da Par\u00f3quia Nossa Senhora do Amparo \u00e0 Diocese de Caraguatatuba","og_url":"https:\/\/franciscanos.org.br\/noticias\/dom-jose-nao-abandonem-o-coracao-franciscano.html","og_site_name":"Not\u00edcias - Franciscanos","article_published_time":"2019-08-11T14:50:46+00:00","article_modified_time":"2019-08-12T13:28:33+00:00","og_image":[{"width":273,"height":181,"url":"https:\/\/franciscanos.org.br\/noticias\/wp-content\/uploads\/2019\/08\/entrega_1108d.jpg","type":"image\/jpeg"}],"author":"moacir","twitter_card":"summary_large_image","twitter_misc":{"Escrito por":"moacir","Est. tempo de leitura":"11 minutos"},"schema":{"@context":"https:\/\/schema.org","@graph":[{"@type":"WebSite","@id":"https:\/\/franciscanos.org.br\/noticias\/#website","url":"https:\/\/franciscanos.org.br\/noticias\/","name":"Not\u00edcias - Franciscanos","description":"Prov\u00edncia Franciscana da Imaculada Concei\u00e7\u00e3o do Brasil - Ordem dos Frades Menores - OFM","potentialAction":[{"@type":"SearchAction","target":{"@type":"EntryPoint","urlTemplate":"https:\/\/franciscanos.org.br\/noticias\/?s={search_term_string}"},"query-input":"required name=search_term_string"}],"inLanguage":"pt-BR"},{"@type":"ImageObject","inLanguage":"pt-BR","@id":"https:\/\/franciscanos.org.br\/noticias\/dom-jose-nao-abandonem-o-coracao-franciscano.html#primaryimage","url":"https:\/\/franciscanos.org.br\/noticias\/wp-content\/uploads\/2019\/08\/entrega_1108d.jpg","contentUrl":"https:\/\/franciscanos.org.br\/noticias\/wp-content\/uploads\/2019\/08\/entrega_1108d.jpg","width":273,"height":181},{"@type":"WebPage","@id":"https:\/\/franciscanos.org.br\/noticias\/dom-jose-nao-abandonem-o-coracao-franciscano.html#webpage","url":"https:\/\/franciscanos.org.br\/noticias\/dom-jose-nao-abandonem-o-coracao-franciscano.html","name":"Dom Jos\u00e9: \"N\u00e3o abandonem o cora\u00e7\u00e3o franciscano!\" - Not\u00edcias - Franciscanos","isPartOf":{"@id":"https:\/\/franciscanos.org.br\/noticias\/#website"},"primaryImageOfPage":{"@id":"https:\/\/franciscanos.org.br\/noticias\/dom-jose-nao-abandonem-o-coracao-franciscano.html#primaryimage"},"datePublished":"2019-08-11T14:50:46+00:00","dateModified":"2019-08-12T13:28:33+00:00","author":{"@id":"https:\/\/franciscanos.org.br\/noticias\/#\/schema\/person\/b5c8cba458c330ccff548b056e95a5d4"},"breadcrumb":{"@id":"https:\/\/franciscanos.org.br\/noticias\/dom-jose-nao-abandonem-o-coracao-franciscano.html#breadcrumb"},"inLanguage":"pt-BR","potentialAction":[{"@type":"ReadAction","target":["https:\/\/franciscanos.org.br\/noticias\/dom-jose-nao-abandonem-o-coracao-franciscano.html"]}]},{"@type":"BreadcrumbList","@id":"https:\/\/franciscanos.org.br\/noticias\/dom-jose-nao-abandonem-o-coracao-franciscano.html#breadcrumb","itemListElement":[{"@type":"ListItem","position":1,"name":"Home","item":"https:\/\/franciscanos.org.br\/noticias"},{"@type":"ListItem","position":2,"name":"Dom Jos\u00e9: &#8220;N\u00e3o abandonem o cora\u00e7\u00e3o franciscano!&#8221;"}]},{"@type":"Person","@id":"https:\/\/franciscanos.org.br\/noticias\/#\/schema\/person\/b5c8cba458c330ccff548b056e95a5d4","name":"moacir","image":{"@type":"ImageObject","inLanguage":"pt-BR","@id":"https:\/\/franciscanos.org.br\/noticias\/#\/schema\/person\/image\/","url":"https:\/\/secure.gravatar.com\/avatar\/d08aa2ce4c8dd416d4479aa8536fcf64?s=96&d=mm&r=g","contentUrl":"https:\/\/secure.gravatar.com\/avatar\/d08aa2ce4c8dd416d4479aa8536fcf64?s=96&d=mm&r=g","caption":"moacir"},"url":"https:\/\/franciscanos.org.br\/noticias\/author\/moacir"}]}},"_links":{"self":[{"href":"https:\/\/franciscanos.org.br\/noticias\/wp-json\/wp\/v2\/posts\/209302"}],"collection":[{"href":"https:\/\/franciscanos.org.br\/noticias\/wp-json\/wp\/v2\/posts"}],"about":[{"href":"https:\/\/franciscanos.org.br\/noticias\/wp-json\/wp\/v2\/types\/post"}],"author":[{"embeddable":true,"href":"https:\/\/franciscanos.org.br\/noticias\/wp-json\/wp\/v2\/users\/3"}],"replies":[{"embeddable":true,"href":"https:\/\/franciscanos.org.br\/noticias\/wp-json\/wp\/v2\/comments?post=209302"}],"version-history":[{"count":0,"href":"https:\/\/franciscanos.org.br\/noticias\/wp-json\/wp\/v2\/posts\/209302\/revisions"}],"wp:featuredmedia":[{"embeddable":true,"href":"https:\/\/franciscanos.org.br\/noticias\/wp-json\/wp\/v2\/media\/209304"}],"wp:attachment":[{"href":"https:\/\/franciscanos.org.br\/noticias\/wp-json\/wp\/v2\/media?parent=209302"}],"wp:term":[{"taxonomy":"category","embeddable":true,"href":"https:\/\/franciscanos.org.br\/noticias\/wp-json\/wp\/v2\/categories?post=209302"},{"taxonomy":"post_tag","embeddable":true,"href":"https:\/\/franciscanos.org.br\/noticias\/wp-json\/wp\/v2\/tags?post=209302"}],"curies":[{"name":"wp","href":"https:\/\/api.w.org\/{rel}","templated":true}]}}