{"id":209216,"date":"2019-09-23T08:54:09","date_gmt":"2019-09-23T11:54:09","guid":{"rendered":"https:\/\/franciscanos.org.br\/noticias\/?p=209216"},"modified":"2019-09-26T07:42:10","modified_gmt":"2019-09-26T10:42:10","slug":"anselm-grun-volta-ao-brasil-para-serie-de-palestras-sobre-trabalho-e-espiritualidade","status":"publish","type":"post","link":"https:\/\/franciscanos.org.br\/noticias\/anselm-grun-volta-ao-brasil-para-serie-de-palestras-sobre-trabalho-e-espiritualidade.html","title":{"rendered":"Anselm Gr\u00fcn fala sobre trabalho e espiritualidade em S\u00e3o Paulo"},"content":{"rendered":"<p><img loading=\"lazy\" class=\"alignnone size-full wp-image-209218\" src=\"https:\/\/franciscanos.org.br\/noticias\/wp-content\/uploads\/2019\/08\/grun_01.jpg\" alt=\"\" width=\"890\" height=\"482\" srcset=\"https:\/\/franciscanos.org.br\/noticias\/wp-content\/uploads\/2019\/08\/grun_01.jpg 890w, https:\/\/franciscanos.org.br\/noticias\/wp-content\/uploads\/2019\/08\/grun_01-450x244.jpg 450w, https:\/\/franciscanos.org.br\/noticias\/wp-content\/uploads\/2019\/08\/grun_01-768x416.jpg 768w, https:\/\/franciscanos.org.br\/noticias\/wp-content\/uploads\/2019\/08\/grun_01-150x81.jpg 150w\" sizes=\"(max-width: 890px) 100vw, 890px\" \/><\/p>\n<p>Em setembro, os autores Anselm Gr\u00fcn e Zacharias Heyes retornam ao Brasil para uma s\u00e9rie de palestras. Entre os dias 23 e 29, os monges beneditinos visitam as cidades de Petr\u00f3polis, Niter\u00f3i, Belo Horizonte, S\u00e3o Paulo, Curitiba e Campinas.\u00a0Os autores far\u00e3o o evento juntos. Heyes dar\u00e1 in\u00edcio com sua fala sobre o livro &#8220;Como encontrar Deus&#8221;, seguido da palestra principal, feita por Gr\u00fcn, sobre &#8220;Trabalho e espiritualidade \u2013 Viver, n\u00e3o apenas nos finais de semana&#8221;.<\/p>\n<p>Autor reconhecido no mundo inteiro por seus in\u00fameros livros publicados em mais de 28 l\u00ednguas, o monge beneditino Anselm Gr\u00fcn, da Abadia de M\u00fcnsterschwarzach (Alemanha), une a capacidade \u00edmpar de falar de coisas profundas com simplicidade e expressar com palavras aquilo que as pessoas experimentam em seu cora\u00e7\u00e3o. Procurado como palestrante e conselheiro na Alemanha e no estrangeiro, tornou-se \u00edcone da espiritualidade e mestre do autoconhecimento em nossos dias. Tem dezenas de obras publicadas no Brasil.\u00a0O seu \u2018best-seller\u2019 publicado em 1998 \u2013 \u201cO C\u00e9u come\u00e7a em voc\u00ea\u201d \u2013 j\u00e1 foi traduzido em mais de 30 idiomas no mundo.<\/p>\n<p>Padre Zacharias Heyes \u00e9 monge da Abadia M\u00fcnsterschwarzach. Estudou Teologia em M\u00fcnster e em W\u00fcrzburg, e trabalhou por dois anos como mission\u00e1rio na Entwicklungshilfe, entidade humanit\u00e1ria voltada ao desenvolvimento da \u00c1frica Oriental. Por muitos anos, esteve envolvido no trabalho com jovens e professores religiosos do mosteiro e conselheiros escolares. \u00c9 autor tamb\u00e9m de Em casa comigo mesmo \u2013 Guia para reequilibrar o corpo e a alma (Vozes, 2016).<\/p>\n<p><strong>ROTEIRO<\/strong><\/p>\n<p>23\/09 &#8211; 19 horas: UCP &#8211; Petr\u00f3polis (RJ)<br \/>\n24\/09 &#8211; 19 horas: Centro Universit\u00e1rio La Salle &#8211; Niter\u00f3i (RJ)<br \/>\n25\/09 &#8211; 19 horas: PUC Minas<br \/>\n26\/09 &#8211; 19h30: Teatro Mazzarello &#8211; S\u00e3o Paulo (SP)<br \/>\n27\/09 &#8211; 19h30: Teatro Bom Jesus &#8211; Curitiba (PR)<br \/>\n28\/09 &#8211; 14h30 &#8211; Instituto Educacional Imaculada &#8211; Campinas (SP)<\/p>\n<p><strong>Trabalho e espiritualidade \u2013 Viver n\u00e3o apenas nos finais de semana<\/strong><\/p>\n<p>Em seu mais recente lan\u00e7amento hom\u00f4nimo pela Editora Vozes, Anselm Gr\u00fcn aborda com toda clareza, sutileza e did\u00e1tica, que lhe s\u00e3o caracter\u00edsticos, a forma como o trabalho deve ser encarado como uma realiza\u00e7\u00e3o pessoal. Na sua palestra, voltada para o p\u00fablico geral, o monge abordar\u00e1 como a espiritualidade pode andar aliada ao sucesso. Dedicar-se com afinco ao seu trabalho, sem esquecer-se das demais prioridades da vida, entender sua profiss\u00e3o como um dom divino, aprender, atrav\u00e9s da Palavra e das Regras beneditinas, como encarar as adversidades do mercado de trabalho, s\u00e3o alguns dos desafios que ser\u00e3o propostos e solucionados por Gr\u00fcn em sua fala.<\/p>\n<p><strong>Como encontrar Deus<\/strong><\/p>\n<p>O ser humano como imagem de Deus e o encontro de Deus no outro. \u00c9 dessa forma que o autor Zacharias Heyes vai abordar o porqu\u00ea n\u00e3o \u00e9 necess\u00e1rio procur\u00e1-Lo. Na s\u00e9rie de palestras que o monge beneditino realizar\u00e1, a proposta \u00e9 que o p\u00fablico reconhe\u00e7a que, para encontrar Deus, precisa procurar o ser humano e a si mesmo.<\/p>\n<h3>Os ingressos est\u00e3o \u00e0 venda no link abaixo. Adquira o seu e participe deste encontro imperd\u00edvel e inspirador!<br \/>\n<a href=\"http:\/\/vozes.com.br\/anselm-grun-no-brasil\/\">http:\/\/vozes.com.br\/anselm-grun-no-brasil\/<\/a><\/h3>\n<p><img loading=\"lazy\" class=\"alignnone size-full wp-image-209219\" src=\"https:\/\/franciscanos.org.br\/noticias\/wp-content\/uploads\/2019\/08\/grun_post.jpg\" alt=\"\" width=\"890\" height=\"1310\" srcset=\"https:\/\/franciscanos.org.br\/noticias\/wp-content\/uploads\/2019\/08\/grun_post.jpg 734w, https:\/\/franciscanos.org.br\/noticias\/wp-content\/uploads\/2019\/08\/grun_post-306x450.jpg 306w, https:\/\/franciscanos.org.br\/noticias\/wp-content\/uploads\/2019\/08\/grun_post-768x1130.jpg 768w, https:\/\/franciscanos.org.br\/noticias\/wp-content\/uploads\/2019\/08\/grun_post-696x1024.jpg 696w, https:\/\/franciscanos.org.br\/noticias\/wp-content\/uploads\/2019\/08\/grun_post-150x221.jpg 150w\" sizes=\"(max-width: 890px) 100vw, 890px\" \/><\/p>\n","protected":false},"excerpt":{"rendered":"<p>Editora Vozes<\/p>\n","protected":false},"author":3,"featured_media":209220,"comment_status":"open","ping_status":"open","sticky":false,"template":"","format":"standard","meta":[],"categories":[1],"tags":[235],"acf":[],"yoast_head":"<!-- This site is optimized with the Yoast SEO plugin v19.2 - https:\/\/yoast.com\/wordpress\/plugins\/seo\/ -->\n<title>Anselm Gr\u00fcn fala sobre trabalho e espiritualidade em S\u00e3o Paulo - Not\u00edcias - Franciscanos<\/title>\n<meta name=\"robots\" content=\"index, follow, max-snippet:-1, max-image-preview:large, max-video-preview:-1\" \/>\n<link rel=\"canonical\" href=\"https:\/\/franciscanos.org.br\/noticias\/anselm-grun-volta-ao-brasil-para-serie-de-palestras-sobre-trabalho-e-espiritualidade.html\" \/>\n<meta property=\"og:locale\" content=\"pt_BR\" \/>\n<meta property=\"og:type\" content=\"article\" \/>\n<meta property=\"og:title\" content=\"Anselm Gr\u00fcn fala sobre trabalho e espiritualidade em S\u00e3o Paulo - Not\u00edcias - Franciscanos\" \/>\n<meta property=\"og:description\" content=\"Editora Vozes\" \/>\n<meta property=\"og:url\" content=\"https:\/\/franciscanos.org.br\/noticias\/anselm-grun-volta-ao-brasil-para-serie-de-palestras-sobre-trabalho-e-espiritualidade.html\" \/>\n<meta property=\"og:site_name\" content=\"Not\u00edcias - Franciscanos\" \/>\n<meta property=\"article:published_time\" content=\"2019-09-23T11:54:09+00:00\" \/>\n<meta property=\"article:modified_time\" content=\"2019-09-26T10:42:10+00:00\" \/>\n<meta property=\"og:image\" content=\"https:\/\/franciscanos.org.br\/noticias\/wp-content\/uploads\/2019\/08\/grun_01d.jpg\" \/>\n\t<meta property=\"og:image:width\" content=\"273\" \/>\n\t<meta property=\"og:image:height\" content=\"181\" \/>\n\t<meta property=\"og:image:type\" content=\"image\/jpeg\" \/>\n<meta name=\"author\" content=\"moacir\" \/>\n<meta name=\"twitter:card\" content=\"summary_large_image\" \/>\n<meta name=\"twitter:label1\" content=\"Escrito por\" \/>\n\t<meta name=\"twitter:data1\" content=\"moacir\" \/>\n\t<meta name=\"twitter:label2\" content=\"Est. tempo de leitura\" \/>\n\t<meta name=\"twitter:data2\" content=\"3 minutos\" \/>\n<script type=\"application\/ld+json\" class=\"yoast-schema-graph\">{\"@context\":\"https:\/\/schema.org\",\"@graph\":[{\"@type\":\"WebSite\",\"@id\":\"https:\/\/franciscanos.org.br\/noticias\/#website\",\"url\":\"https:\/\/franciscanos.org.br\/noticias\/\",\"name\":\"Not\u00edcias - Franciscanos\",\"description\":\"Prov\u00edncia Franciscana da Imaculada Concei\u00e7\u00e3o do Brasil - Ordem dos Frades Menores - OFM\",\"potentialAction\":[{\"@type\":\"SearchAction\",\"target\":{\"@type\":\"EntryPoint\",\"urlTemplate\":\"https:\/\/franciscanos.org.br\/noticias\/?s={search_term_string}\"},\"query-input\":\"required name=search_term_string\"}],\"inLanguage\":\"pt-BR\"},{\"@type\":\"ImageObject\",\"inLanguage\":\"pt-BR\",\"@id\":\"https:\/\/franciscanos.org.br\/noticias\/anselm-grun-volta-ao-brasil-para-serie-de-palestras-sobre-trabalho-e-espiritualidade.html#primaryimage\",\"url\":\"https:\/\/franciscanos.org.br\/noticias\/wp-content\/uploads\/2019\/08\/grun_01d.jpg\",\"contentUrl\":\"https:\/\/franciscanos.org.br\/noticias\/wp-content\/uploads\/2019\/08\/grun_01d.jpg\",\"width\":273,\"height\":181},{\"@type\":\"WebPage\",\"@id\":\"https:\/\/franciscanos.org.br\/noticias\/anselm-grun-volta-ao-brasil-para-serie-de-palestras-sobre-trabalho-e-espiritualidade.html#webpage\",\"url\":\"https:\/\/franciscanos.org.br\/noticias\/anselm-grun-volta-ao-brasil-para-serie-de-palestras-sobre-trabalho-e-espiritualidade.html\",\"name\":\"Anselm Gr\u00fcn fala sobre trabalho e espiritualidade em S\u00e3o Paulo - Not\u00edcias - Franciscanos\",\"isPartOf\":{\"@id\":\"https:\/\/franciscanos.org.br\/noticias\/#website\"},\"primaryImageOfPage\":{\"@id\":\"https:\/\/franciscanos.org.br\/noticias\/anselm-grun-volta-ao-brasil-para-serie-de-palestras-sobre-trabalho-e-espiritualidade.html#primaryimage\"},\"datePublished\":\"2019-09-23T11:54:09+00:00\",\"dateModified\":\"2019-09-26T10:42:10+00:00\",\"author\":{\"@id\":\"https:\/\/franciscanos.org.br\/noticias\/#\/schema\/person\/b5c8cba458c330ccff548b056e95a5d4\"},\"breadcrumb\":{\"@id\":\"https:\/\/franciscanos.org.br\/noticias\/anselm-grun-volta-ao-brasil-para-serie-de-palestras-sobre-trabalho-e-espiritualidade.html#breadcrumb\"},\"inLanguage\":\"pt-BR\",\"potentialAction\":[{\"@type\":\"ReadAction\",\"target\":[\"https:\/\/franciscanos.org.br\/noticias\/anselm-grun-volta-ao-brasil-para-serie-de-palestras-sobre-trabalho-e-espiritualidade.html\"]}]},{\"@type\":\"BreadcrumbList\",\"@id\":\"https:\/\/franciscanos.org.br\/noticias\/anselm-grun-volta-ao-brasil-para-serie-de-palestras-sobre-trabalho-e-espiritualidade.html#breadcrumb\",\"itemListElement\":[{\"@type\":\"ListItem\",\"position\":1,\"name\":\"Home\",\"item\":\"https:\/\/franciscanos.org.br\/noticias\"},{\"@type\":\"ListItem\",\"position\":2,\"name\":\"Anselm Gr\u00fcn fala sobre trabalho e espiritualidade em S\u00e3o Paulo\"}]},{\"@type\":\"Person\",\"@id\":\"https:\/\/franciscanos.org.br\/noticias\/#\/schema\/person\/b5c8cba458c330ccff548b056e95a5d4\",\"name\":\"moacir\",\"image\":{\"@type\":\"ImageObject\",\"inLanguage\":\"pt-BR\",\"@id\":\"https:\/\/franciscanos.org.br\/noticias\/#\/schema\/person\/image\/\",\"url\":\"https:\/\/secure.gravatar.com\/avatar\/d08aa2ce4c8dd416d4479aa8536fcf64?s=96&d=mm&r=g\",\"contentUrl\":\"https:\/\/secure.gravatar.com\/avatar\/d08aa2ce4c8dd416d4479aa8536fcf64?s=96&d=mm&r=g\",\"caption\":\"moacir\"},\"url\":\"https:\/\/franciscanos.org.br\/noticias\/author\/moacir\"}]}<\/script>\n<!-- \/ Yoast SEO plugin. -->","yoast_head_json":{"title":"Anselm Gr\u00fcn fala sobre trabalho e espiritualidade em S\u00e3o Paulo - Not\u00edcias - Franciscanos","robots":{"index":"index","follow":"follow","max-snippet":"max-snippet:-1","max-image-preview":"max-image-preview:large","max-video-preview":"max-video-preview:-1"},"canonical":"https:\/\/franciscanos.org.br\/noticias\/anselm-grun-volta-ao-brasil-para-serie-de-palestras-sobre-trabalho-e-espiritualidade.html","og_locale":"pt_BR","og_type":"article","og_title":"Anselm Gr\u00fcn fala sobre trabalho e espiritualidade em S\u00e3o Paulo - Not\u00edcias - Franciscanos","og_description":"Editora Vozes","og_url":"https:\/\/franciscanos.org.br\/noticias\/anselm-grun-volta-ao-brasil-para-serie-de-palestras-sobre-trabalho-e-espiritualidade.html","og_site_name":"Not\u00edcias - Franciscanos","article_published_time":"2019-09-23T11:54:09+00:00","article_modified_time":"2019-09-26T10:42:10+00:00","og_image":[{"width":273,"height":181,"url":"https:\/\/franciscanos.org.br\/noticias\/wp-content\/uploads\/2019\/08\/grun_01d.jpg","type":"image\/jpeg"}],"author":"moacir","twitter_card":"summary_large_image","twitter_misc":{"Escrito por":"moacir","Est. tempo de leitura":"3 minutos"},"schema":{"@context":"https:\/\/schema.org","@graph":[{"@type":"WebSite","@id":"https:\/\/franciscanos.org.br\/noticias\/#website","url":"https:\/\/franciscanos.org.br\/noticias\/","name":"Not\u00edcias - Franciscanos","description":"Prov\u00edncia Franciscana da Imaculada Concei\u00e7\u00e3o do Brasil - Ordem dos Frades Menores - OFM","potentialAction":[{"@type":"SearchAction","target":{"@type":"EntryPoint","urlTemplate":"https:\/\/franciscanos.org.br\/noticias\/?s={search_term_string}"},"query-input":"required name=search_term_string"}],"inLanguage":"pt-BR"},{"@type":"ImageObject","inLanguage":"pt-BR","@id":"https:\/\/franciscanos.org.br\/noticias\/anselm-grun-volta-ao-brasil-para-serie-de-palestras-sobre-trabalho-e-espiritualidade.html#primaryimage","url":"https:\/\/franciscanos.org.br\/noticias\/wp-content\/uploads\/2019\/08\/grun_01d.jpg","contentUrl":"https:\/\/franciscanos.org.br\/noticias\/wp-content\/uploads\/2019\/08\/grun_01d.jpg","width":273,"height":181},{"@type":"WebPage","@id":"https:\/\/franciscanos.org.br\/noticias\/anselm-grun-volta-ao-brasil-para-serie-de-palestras-sobre-trabalho-e-espiritualidade.html#webpage","url":"https:\/\/franciscanos.org.br\/noticias\/anselm-grun-volta-ao-brasil-para-serie-de-palestras-sobre-trabalho-e-espiritualidade.html","name":"Anselm Gr\u00fcn fala sobre trabalho e espiritualidade em S\u00e3o Paulo - Not\u00edcias - Franciscanos","isPartOf":{"@id":"https:\/\/franciscanos.org.br\/noticias\/#website"},"primaryImageOfPage":{"@id":"https:\/\/franciscanos.org.br\/noticias\/anselm-grun-volta-ao-brasil-para-serie-de-palestras-sobre-trabalho-e-espiritualidade.html#primaryimage"},"datePublished":"2019-09-23T11:54:09+00:00","dateModified":"2019-09-26T10:42:10+00:00","author":{"@id":"https:\/\/franciscanos.org.br\/noticias\/#\/schema\/person\/b5c8cba458c330ccff548b056e95a5d4"},"breadcrumb":{"@id":"https:\/\/franciscanos.org.br\/noticias\/anselm-grun-volta-ao-brasil-para-serie-de-palestras-sobre-trabalho-e-espiritualidade.html#breadcrumb"},"inLanguage":"pt-BR","potentialAction":[{"@type":"ReadAction","target":["https:\/\/franciscanos.org.br\/noticias\/anselm-grun-volta-ao-brasil-para-serie-de-palestras-sobre-trabalho-e-espiritualidade.html"]}]},{"@type":"BreadcrumbList","@id":"https:\/\/franciscanos.org.br\/noticias\/anselm-grun-volta-ao-brasil-para-serie-de-palestras-sobre-trabalho-e-espiritualidade.html#breadcrumb","itemListElement":[{"@type":"ListItem","position":1,"name":"Home","item":"https:\/\/franciscanos.org.br\/noticias"},{"@type":"ListItem","position":2,"name":"Anselm Gr\u00fcn fala sobre trabalho e espiritualidade em S\u00e3o Paulo"}]},{"@type":"Person","@id":"https:\/\/franciscanos.org.br\/noticias\/#\/schema\/person\/b5c8cba458c330ccff548b056e95a5d4","name":"moacir","image":{"@type":"ImageObject","inLanguage":"pt-BR","@id":"https:\/\/franciscanos.org.br\/noticias\/#\/schema\/person\/image\/","url":"https:\/\/secure.gravatar.com\/avatar\/d08aa2ce4c8dd416d4479aa8536fcf64?s=96&d=mm&r=g","contentUrl":"https:\/\/secure.gravatar.com\/avatar\/d08aa2ce4c8dd416d4479aa8536fcf64?s=96&d=mm&r=g","caption":"moacir"},"url":"https:\/\/franciscanos.org.br\/noticias\/author\/moacir"}]}},"_links":{"self":[{"href":"https:\/\/franciscanos.org.br\/noticias\/wp-json\/wp\/v2\/posts\/209216"}],"collection":[{"href":"https:\/\/franciscanos.org.br\/noticias\/wp-json\/wp\/v2\/posts"}],"about":[{"href":"https:\/\/franciscanos.org.br\/noticias\/wp-json\/wp\/v2\/types\/post"}],"author":[{"embeddable":true,"href":"https:\/\/franciscanos.org.br\/noticias\/wp-json\/wp\/v2\/users\/3"}],"replies":[{"embeddable":true,"href":"https:\/\/franciscanos.org.br\/noticias\/wp-json\/wp\/v2\/comments?post=209216"}],"version-history":[{"count":0,"href":"https:\/\/franciscanos.org.br\/noticias\/wp-json\/wp\/v2\/posts\/209216\/revisions"}],"wp:featuredmedia":[{"embeddable":true,"href":"https:\/\/franciscanos.org.br\/noticias\/wp-json\/wp\/v2\/media\/209220"}],"wp:attachment":[{"href":"https:\/\/franciscanos.org.br\/noticias\/wp-json\/wp\/v2\/media?parent=209216"}],"wp:term":[{"taxonomy":"category","embeddable":true,"href":"https:\/\/franciscanos.org.br\/noticias\/wp-json\/wp\/v2\/categories?post=209216"},{"taxonomy":"post_tag","embeddable":true,"href":"https:\/\/franciscanos.org.br\/noticias\/wp-json\/wp\/v2\/tags?post=209216"}],"curies":[{"name":"wp","href":"https:\/\/api.w.org\/{rel}","templated":true}]}}