{"id":208988,"date":"2019-08-07T07:25:09","date_gmt":"2019-08-07T10:25:09","guid":{"rendered":"https:\/\/franciscanos.org.br\/noticias\/?p=208988"},"modified":"2019-08-07T09:35:33","modified_gmt":"2019-08-07T12:35:33","slug":"agudos-provincia-entrega-a-diocese-cuidado-pastoral-da-paroquia-santo-antonio","status":"publish","type":"post","link":"https:\/\/franciscanos.org.br\/noticias\/agudos-provincia-entrega-a-diocese-cuidado-pastoral-da-paroquia-santo-antonio.html","title":{"rendered":"Agudos: Prov\u00edncia entrega \u00e0 Diocese cuidado pastoral da Par\u00f3quia Santo Ant\u00f4nio"},"content":{"rendered":"<p><img loading=\"lazy\" class=\"alignnone size-full wp-image-208989\" src=\"https:\/\/franciscanos.org.br\/noticias\/wp-content\/uploads\/2019\/08\/agudos_070919_1.jpg\" alt=\"\" width=\"890\" height=\"477\" srcset=\"https:\/\/franciscanos.org.br\/noticias\/wp-content\/uploads\/2019\/08\/agudos_070919_1.jpg 890w, https:\/\/franciscanos.org.br\/noticias\/wp-content\/uploads\/2019\/08\/agudos_070919_1-450x241.jpg 450w, https:\/\/franciscanos.org.br\/noticias\/wp-content\/uploads\/2019\/08\/agudos_070919_1-768x412.jpg 768w, https:\/\/franciscanos.org.br\/noticias\/wp-content\/uploads\/2019\/08\/agudos_070919_1-150x80.jpg 150w\" sizes=\"(max-width: 890px) 100vw, 890px\" \/><\/p>\n<p>Dentro do processo de redimensionamento reafirmado pela Prov\u00edncia no \u00faltimo Cap\u00edtulo Provincial (2018), celebrou-se, no \u00faltimo domingo, dia 4 de agosto, \u00e0s 19 horas, a passagem do cuidado pastoral da Par\u00f3quia Santo Ant\u00f4nio de Agudos, desde a funda\u00e7\u00e3o, em 2000, sob responsabilidade da Prov\u00edncia, \u00e0 Diocese de Bauru. A celebra\u00e7\u00e3o, na qual foram empossados o novo p\u00e1roco, Padre Paulo Tavares de Brito, e o novo vig\u00e1rio paroquial, Padre Rafael Zagatto Lima, foi presidida pelo Bispo Diocesano, Dom Rubens Sevilha. Em nome da Prov\u00edncia, participaram o Vig\u00e1rio Provincial, Frei Gustavo Medella, representando o Ministro, Frei C\u00e9sar K\u00fclkamp, al\u00e9m de Frei S\u00edlvio Trindade Werlingue e Frei Pedro Viana que, desde o in\u00edcio deste ano, estiveram a servi\u00e7o das duas par\u00f3quias do munic\u00edpio (Frei Silvio e Frei Pedro permanecem como p\u00e1roco e vig\u00e1rio da Par\u00f3quia S\u00e3o Paulo Ap\u00f3stolo).<\/p>\n<p>A Igreja estava lotada e, no in\u00edcio da homilia, Dom Rubens Sevilha pediu ao povo, como sinal de gratid\u00e3o aos franciscanos pelos quase 20 anos de servi\u00e7o na par\u00f3quia, uma salva de palmas. Foi respondido prontamente por um demorado aplauso oferecido de p\u00e9 aos frades. E brincou: \u201cEu j\u00e1 imaginava que voc\u00eas fossem queridos aqui, mas n\u00e3o sabia que eram tanto\u201d, disse, referindo-se ao entusiasmo da sauda\u00e7\u00e3o da assembleia. O bispo tamb\u00e9m aproveitou para explicar que a mudan\u00e7a ocorre no campo jur\u00eddico e can\u00f4nico, mas que, na pr\u00e1tica, ali continua sendo uma comunidade de f\u00e9 que busca crescer unida na constru\u00e7\u00e3o do Reino de Deus.<\/p>\n<p><img loading=\"lazy\" class=\"alignnone wp-image-208990 size-full\" src=\"https:\/\/franciscanos.org.br\/noticias\/wp-content\/uploads\/2019\/08\/agudos_070919_2.jpg\" alt=\"\" width=\"890\" height=\"668\" srcset=\"https:\/\/franciscanos.org.br\/noticias\/wp-content\/uploads\/2019\/08\/agudos_070919_2.jpg 890w, https:\/\/franciscanos.org.br\/noticias\/wp-content\/uploads\/2019\/08\/agudos_070919_2-450x338.jpg 450w, https:\/\/franciscanos.org.br\/noticias\/wp-content\/uploads\/2019\/08\/agudos_070919_2-768x576.jpg 768w, https:\/\/franciscanos.org.br\/noticias\/wp-content\/uploads\/2019\/08\/agudos_070919_2-150x113.jpg 150w, https:\/\/franciscanos.org.br\/noticias\/wp-content\/uploads\/2019\/08\/agudos_070919_2-600x450.jpg 600w\" sizes=\"(max-width: 890px) 100vw, 890px\" \/><\/p>\n<p>Al\u00e9m das lideran\u00e7as de diferentes pastorais e movimentos, fizeram-se presentes paroquianos da Par\u00f3quia S\u00e3o Paulo, de Agudos, de outras par\u00f3quias da Diocese de Bauru e familiares dos padres que iniciavam seu minist\u00e9rio na comunidade. Em sua palavra de agradecimento, o novo p\u00e1roco, Padre Paulo, saudou de maneira especial a Frei Silvio e Frei Pedro pela maneira como o acolheram e pela disponibilidade que apresentaram desde o in\u00edcio do processo: \u201cVoc\u00eas agiram como verdadeiros franciscanos com a acolhida que nos dispensaram, oferecendo, inclusive, a casa paroquial da Par\u00f3quia S\u00e3o Paulo para morarmos enquanto providenciamos nossa moradia. E l\u00e1 estamos morando\u201d, explicou. Padre Paulo tamb\u00e9m relatou que estava assumindo com muito entusiasmo o novo encargo que lhe esteva sendo confiado: \u201cHoje, sinto-me como no dia na minha ordena\u00e7\u00e3o. N\u00e3o t\u00e3o jovem, pois agora j\u00e1 tenho 51, mas com o cora\u00e7\u00e3o aberto para caminharmos juntos\u201d, declarou.<\/p>\n<p>Em nome da Prov\u00edncia, Frei Gustavo Medella agradeceu \u00e0 Igreja Particular da Diocese de Bauru, aos confrades da Fraternidade local e, de forma especial, ao povo da Par\u00f3quia Santo Ant\u00f4nio: \u201cNo decorrer da hist\u00f3ria, os frades j\u00e1 foram conhecidos por diferentes nomes, como Penitentes de Assis, Irm\u00e3os Menores, Franciscanos e outros. Nesta noite, nosso nome \u00e9 gratid\u00e3o!\u201d, disse Frei Gustavo.<\/p>\n<p><img loading=\"lazy\" class=\"alignnone wp-image-208991 size-full\" src=\"https:\/\/franciscanos.org.br\/noticias\/wp-content\/uploads\/2019\/08\/agudos_070919_5.jpg\" alt=\"\" width=\"890\" height=\"531\" srcset=\"https:\/\/franciscanos.org.br\/noticias\/wp-content\/uploads\/2019\/08\/agudos_070919_5.jpg 890w, https:\/\/franciscanos.org.br\/noticias\/wp-content\/uploads\/2019\/08\/agudos_070919_5-450x268.jpg 450w, https:\/\/franciscanos.org.br\/noticias\/wp-content\/uploads\/2019\/08\/agudos_070919_5-768x458.jpg 768w, https:\/\/franciscanos.org.br\/noticias\/wp-content\/uploads\/2019\/08\/agudos_070919_5-150x89.jpg 150w\" sizes=\"(max-width: 890px) 100vw, 890px\" \/><\/p>\n<p><strong>GRATID\u00c3O DA COMUNIDADE PAROQUIAL<\/strong><\/p>\n<p>Como homenagem aos frades que fizeram parte da hist\u00f3ria da Par\u00f3quia desde a sua funda\u00e7\u00e3o, a professora coordenadora do curso de Pedagogia e Coordenadora da P\u00f3s gradua\u00e7\u00e3o em Educa\u00e7\u00e3o da Faculdade de Agudos \u2013 FAAG e uma das lideran\u00e7as paroquiais, Helena Aparecida Gica Arantes, e seu esposo, o di\u00e1cono Marcos Alberto Arantes, prepararam uma retrospectiva que emocionou a todos.<\/p>\n<hr \/>\n<h3>Confira o relato:<\/h3>\n<p>Reverend\u00edssimo Dom Frei Rubens Sevilha, reverend\u00edssimo Vig\u00e1rio Provincial Frei Gustavo Medella, sacerdotes e di\u00e1cono Marcos, ministros extraordin\u00e1rios e demais irm\u00e3os e comunidade aqui presentes, gostaria em nome dos paroquianos, de dizer algumas palavras referente a esse dia pelo qual estamos celebrando. Antes, por\u00e9m se faz necess\u00e1rio voltarmos um pouquinho no tempo, pois tudo se passou muito r\u00e1pido.<\/p>\n<p>A par\u00f3quia Santo Ant\u00f4nio hoje \u00e9 composta por tr\u00eas comunidades, sendo S\u00e3o Pedro, esta, formada e idealizada pelo nosso querido <strong>Frei \u00c1lido Rosa<\/strong>, quando ainda \u00e9ramos uma s\u00f3 par\u00f3quia em nossa cidade, temos tamb\u00e9m a Santa Clara e o setor Santo Ant\u00f4nio, onde estamos reunidos, al\u00e9m de duas comunidades rurais, Turvinho e Santa Isabel.<\/p>\n<p>A matriz Santo Ant\u00f4nio, n\u00e3o foi sempre assim conhecida, pois quando \u00e9ramos ainda crian\u00e7as t\u00ednhamos a nossa t\u00e3o linda e aconchegante capela de santo Ant\u00f4nio, t\u00e3o carinhosamente chamada por todos da nossa comunidade.<\/p>\n<p><img loading=\"lazy\" class=\"alignnone size-full wp-image-208992\" src=\"https:\/\/franciscanos.org.br\/noticias\/wp-content\/uploads\/2019\/08\/agudos_070919_9.jpg\" alt=\"\" width=\"890\" height=\"668\" srcset=\"https:\/\/franciscanos.org.br\/noticias\/wp-content\/uploads\/2019\/08\/agudos_070919_9.jpg 890w, https:\/\/franciscanos.org.br\/noticias\/wp-content\/uploads\/2019\/08\/agudos_070919_9-450x338.jpg 450w, https:\/\/franciscanos.org.br\/noticias\/wp-content\/uploads\/2019\/08\/agudos_070919_9-768x576.jpg 768w, https:\/\/franciscanos.org.br\/noticias\/wp-content\/uploads\/2019\/08\/agudos_070919_9-150x113.jpg 150w, https:\/\/franciscanos.org.br\/noticias\/wp-content\/uploads\/2019\/08\/agudos_070919_9-600x450.jpg 600w\" sizes=\"(max-width: 890px) 100vw, 890px\" \/><\/p>\n<p>Aqui t\u00ednhamos os nossos freis muito zelosos, isto em todos os sentidos, tanto no aspecto f\u00edsico, como tamb\u00e9m, no pastoreio deste povo que \u00e9 t\u00e3o devoto a Santo Ant\u00f4nio. Afinal fomos batizados, catequizados, recebendo depois todos os demais sacramentos sob os cuidados deles. T\u00ednhamos o <strong>Frei Alcides<\/strong>, incans\u00e1vel no zelo e atendimento \u00e0s fam\u00edlias que visitava levando em suas palavras e gestos a presen\u00e7a de Jesus; <strong>Frei Greg\u00f3rio<\/strong>, santo homem, conhecido como bom confessor tinha em seus serm\u00f5es a sabedoria, pois com suas palavras tocava a todos n\u00f3s, nos trazendo aconchego e seguran\u00e7a, incans\u00e1vel nas visitas aos doentes em suas casas, bem como no hospital de Agudos, gastando horas e horas de seu tempo no prop\u00f3sito de sempre levar esperan\u00e7a a \u00e0queles que sofriam pelas sua enfermidades. Tamb\u00e9m neste per\u00edodo t\u00ednhamos aqui um grupo de jovens muito atuante aqui em nossa capela sob a\u00a0 forma\u00e7\u00e3o e\u00a0 orienta\u00e7\u00e3o espiritual do Frei Pedro Engel e da Irm\u00e3 Cristina.<\/p>\n<p>O tempo foi passando, a comunidade foi crescendo e se fez necess\u00e1rio ampliar nossa igreja, todos se envolveram, foi lindo ver que ela crescia em estatura e gra\u00e7a, pois muitas b\u00ean\u00e7\u00e3os foram derramadas sobre todos aqueles que colaboraram que esse feito se concretizasse. Agora, nossa Santo Ant\u00f4nio deixava um pouco do aspecto de capela adquiria uma certa impon\u00eancia pelo seu tamanho, nem imagin\u00e1vamos que se tornaria um dia uma matriz, mas como os planos s\u00e3o de Deus e n\u00e3o nossos, um dia se tornou matriz Santo Ant\u00f4nio, mas n\u00e3o havia meio de ningu\u00e9m cham\u00e1-la assim, pois para n\u00f3s seria sempre capela.<\/p>\n<p>Nosso primeiro p\u00e1roco foi o nosso saudoso <strong>Frei Mario Bruneta<\/strong>, um homem simples que j\u00e1 exercia a capelania aqui, pois sempre estava conosco, singelo, sempre no meio do povo, sentado na pra\u00e7a tinha uma paci\u00eancia que era incomum, conversava com todos e todas, pobres, mendigos, alco\u00f3latras, auxiliava os menos favorecidos, com palavras s\u00e1bias do evangelho e fazia quest\u00e3o de doar tamb\u00e9m seu bens, pois sempre comprava fraldas e alimentos, um sacerdote de cora\u00e7\u00e3o e m\u00e3o aberta, que ao nos encontrarmos com ele, pergunt\u00e1vamos, como est\u00e1 frei? E ele logo respondia:<strong><em> \u201cEstou bem, melhor do que mere\u00e7o\u201d!<\/em><\/strong><strong><em>\u00a0<\/em><\/strong><\/p>\n<p><img loading=\"lazy\" class=\"alignnone size-full wp-image-208993\" src=\"https:\/\/franciscanos.org.br\/noticias\/wp-content\/uploads\/2019\/08\/agudos_070919_6.jpg\" alt=\"\" width=\"890\" height=\"668\" srcset=\"https:\/\/franciscanos.org.br\/noticias\/wp-content\/uploads\/2019\/08\/agudos_070919_6.jpg 890w, https:\/\/franciscanos.org.br\/noticias\/wp-content\/uploads\/2019\/08\/agudos_070919_6-450x338.jpg 450w, https:\/\/franciscanos.org.br\/noticias\/wp-content\/uploads\/2019\/08\/agudos_070919_6-768x576.jpg 768w, https:\/\/franciscanos.org.br\/noticias\/wp-content\/uploads\/2019\/08\/agudos_070919_6-150x113.jpg 150w, https:\/\/franciscanos.org.br\/noticias\/wp-content\/uploads\/2019\/08\/agudos_070919_6-600x450.jpg 600w\" sizes=\"(max-width: 890px) 100vw, 890px\" \/><\/p>\n<p>Professor ilustre grande conhecedor, erudito, que acabou por ser nomeado para uma nascente par\u00f3quia constitu\u00edda de pessoas simples, de uma comunidade marcada pela ora\u00e7\u00e3o do ter\u00e7o, das novenas, prociss\u00f5es, das ora\u00e7\u00f5es em fam\u00edlia. Frei Mario foi escolhido a dedo, n\u00e3o dos homens, mas o de Deus, do Esp\u00edrito Santo. Um frei que viveu a maior parte de sua vida na forma\u00e7\u00e3o no semin\u00e1rio menor aqui em Agudos e assumiu com coragem e determina\u00e7\u00e3o essa tarefa, de uma idealiza\u00e7\u00e3o paroquial, e a realiza com grande maestria. Deixa para seu sucessor Frei \u00c2ngelo Vanazzi, uma par\u00f3quia com muitos coroinhas, na \u00e9poca, mais de trinta, o sr. Mauro que o diga, que carinho o Frei Mario tinha por eles, muitos ministros e pastorais j\u00e1 estruturadas, tudo muito bem organizado.<\/p>\n<p>Em seguida vem tamb\u00e9m nosso querido frei <strong>\u00c2ngelo Vanazzi<\/strong>, que j\u00e1 tinha experi\u00eancia como p\u00e1roco e pode contribuir e muito para o nosso crescimento no aspecto pastoral. Tinha um jeito brincalh\u00e3o expansivo com todos de nossa par\u00f3quia, envolvendo os jovens em tudo que fosse poss\u00edvel para o seu crescimento como protagonista na sociedade.<\/p>\n<p>Sucedendo, veio o nosso querido <strong>Frei<\/strong> <strong>Carlos Pierezan<\/strong>, ficou pouco tempo conosco, aproximadamente um ano, mas o suficiente para cativar a todos, estupendo em suas homilias, muito bem preparadas que mexia com a gente, nos fazia refletir sobre o nosso caminhar como igreja e que muito nos marcou e\u00a0 sempre nos dizia <strong><em>\u201cisso n\u00e3o \u00e9 poss\u00edvel, Agudos tem que ter um padre&#8230;\u201d<\/em><\/strong> Frei Carlos deixou muita saudade em todos n\u00f3s, com seu jeito acolhedor e am\u00e1vel para com todos.<\/p>\n<p><img loading=\"lazy\" class=\"alignnone size-full wp-image-208994\" src=\"https:\/\/franciscanos.org.br\/noticias\/wp-content\/uploads\/2019\/08\/agudos_070919_10.jpg\" alt=\"\" width=\"890\" height=\"638\" srcset=\"https:\/\/franciscanos.org.br\/noticias\/wp-content\/uploads\/2019\/08\/agudos_070919_10.jpg 890w, https:\/\/franciscanos.org.br\/noticias\/wp-content\/uploads\/2019\/08\/agudos_070919_10-450x323.jpg 450w, https:\/\/franciscanos.org.br\/noticias\/wp-content\/uploads\/2019\/08\/agudos_070919_10-768x551.jpg 768w, https:\/\/franciscanos.org.br\/noticias\/wp-content\/uploads\/2019\/08\/agudos_070919_10-150x108.jpg 150w\" sizes=\"(max-width: 890px) 100vw, 890px\" \/><\/p>\n<p><strong>Frei Vitalino<\/strong>, o que dizer deste padre t\u00e3o impactante em nossa par\u00f3quia em todos os sentidos. Preocupado com a forma\u00e7\u00e3o, proporcionando momentos de estudo dos documentos da igreja, ele mesmo comparava os documentos e entregava para as lideran\u00e7as para que pudessem se inteirar de tudo e estarem prontos para auxiliarem nas pastorais e movimentos. Marcada mesmo foi sua preocupa\u00e7\u00e3o com a forma\u00e7\u00e3o lit\u00fargica, aprendemos muito com ele, ali\u00e1s, muito do que temos hoje foi de seu tempo, que nos preparou como leitores e animadores das santas missas. Ligado \u00e0s quest\u00f5es sociais, tinha um senso pol\u00edtico agu\u00e7ado e procurava denunciar as injusti\u00e7as sociais de nosso tempo. Frei Vitalino nunca deixou que a tradi\u00e7\u00e3o de nossa par\u00f3quia, que \u00e9 marcada pelas novenas, capelinhas, ora\u00e7\u00e3o e reflex\u00e3o nas casas se acabassem, muito menos as grandes prociss\u00f5es que fazia quest\u00e3o que fossem longas e bem animadas e reflexivas.<\/p>\n<p>Depois veio <strong>Frei \u00c2ngelo Cardoso<\/strong>, que por pouco tempo, aproximadamente um ano tamb\u00e9m deixou aqui a alegria franciscana envolvendo e estimulando a participa\u00e7\u00e3o de nossos jovens que naquele ano se envolveram muito em nossa comunidade. Reformou toda a igreja dando um outro ar de rejuvenescimento, n\u00e3o s\u00f3 no aspecto f\u00edsico, mas tamb\u00e9m espiritual. Ficou na lembran\u00e7a a passagem da vida e convers\u00e3o de S\u00e3o Francisco: reconstrua minha igreja!<\/p>\n<p><strong>Frei Jos\u00e9 Martins<\/strong> esteve \u00e0 frente de nossa par\u00f3quia por seis anos, onde manteve a tradi\u00e7\u00e3o das quermesses nas festas do Padroeiro, celebrando sempre com o povo. Nesses \u00faltimos tr\u00eas anos tivemos tamb\u00e9m a alegria do retorno de nosso Frei Carlos Pierezan que atuou como nosso vig\u00e1rio, saudades eternas!<\/p>\n<p><img loading=\"lazy\" class=\"alignnone size-full wp-image-208995\" src=\"https:\/\/franciscanos.org.br\/noticias\/wp-content\/uploads\/2019\/08\/agudos_070919_7.jpg\" alt=\"\" width=\"890\" height=\"668\" srcset=\"https:\/\/franciscanos.org.br\/noticias\/wp-content\/uploads\/2019\/08\/agudos_070919_7.jpg 890w, https:\/\/franciscanos.org.br\/noticias\/wp-content\/uploads\/2019\/08\/agudos_070919_7-450x338.jpg 450w, https:\/\/franciscanos.org.br\/noticias\/wp-content\/uploads\/2019\/08\/agudos_070919_7-768x576.jpg 768w, https:\/\/franciscanos.org.br\/noticias\/wp-content\/uploads\/2019\/08\/agudos_070919_7-150x113.jpg 150w, https:\/\/franciscanos.org.br\/noticias\/wp-content\/uploads\/2019\/08\/agudos_070919_7-600x450.jpg 600w\" sizes=\"(max-width: 890px) 100vw, 890px\" \/><\/p>\n<p>Nestes \u00faltimos seis meses estiveram \u00e0 frente de nossa par\u00f3quia <strong>Frei S\u00edlvio Werlingue<\/strong>, nosso atual p\u00e1roco, e nosso querido vig\u00e1rio <strong>Frei Pedro<\/strong> <strong>Viana<\/strong>, ambos aqui presentes, que, de forma simples e muito cativante, envolveram a todos n\u00f3s com o jeito franciscano de ser, isto \u00e9, animando e incentivando a todos no prop\u00f3sito de nos manterem firmes na caminhada. Frei Silvio \u00e0 frente de duas par\u00f3quias nunca se deixou levar pelo cansa\u00e7o ou des\u00e2nimo, pelo contr\u00e1rio, com o apoio de Frei Pedro, administraram com muito carinho e compet\u00eancia, durante este breve per\u00edodo.<\/p>\n<p>Aqui n\u00e3o se trata de uma despedida dos freis, tchau, at\u00e9 mais, isso nunca, pois estaremos sempre juntos, nas lembran\u00e7as, bem como na caminhada de Igreja. \u00c9 ent\u00e3o um pequeno gesto de <strong>gratid\u00e3o<\/strong> \u00e0 Prov\u00edncia da Imaculada Concei\u00e7\u00e3o do Brasil, que n\u00e3o mediu esfor\u00e7os para se fazerem presentes em nossas vidas com ardor franciscano de Paz e Bem!<\/p>\n<p>Foram muitos os freis que por aqui passaram e n\u00e3o foram nossos p\u00e1rocos, mas muito nos ajudaram e nos ajudam at\u00e9 hoje, fica imposs\u00edvel citar nomes e isto incorreria no erro de n\u00e3o mencionarmos alguns, preferimos assim, do jeito franciscano, simples e singelo de agradecer. Prov\u00edncia da Imaculada Concei\u00e7\u00e3o do Brasil, nosso muito obrigado.<\/p>\n<p>Querido <strong>Pe. Paulo<\/strong> e Pe. Rafael, queremos acolh\u00ea-los de cora\u00e7\u00e3o e com muita alegria, temos uma longa hist\u00f3ria pela frente que n\u00e3o come\u00e7a aqui, mas que tem continuidade agora com o pastoreio de voc\u00eas, podem sempre contar com esta comunidade vibrante, cheia do Esp\u00edrito Santo, animada pela Palavra de Deus, sustentada pela eucaristia, se mant\u00e9m firme pela ora\u00e7\u00e3o e no prop\u00f3sito de nosso Papa Francisco, que sejamos sempre uma igreja em sa\u00edda. Sejam muito bem-Vindos, Deus os aben\u00e7oe!<\/p>\n<p><img loading=\"lazy\" class=\"alignnone size-full wp-image-208996\" src=\"https:\/\/franciscanos.org.br\/noticias\/wp-content\/uploads\/2019\/08\/agudos_070919_8.jpg\" alt=\"\" width=\"890\" height=\"668\" srcset=\"https:\/\/franciscanos.org.br\/noticias\/wp-content\/uploads\/2019\/08\/agudos_070919_8.jpg 890w, https:\/\/franciscanos.org.br\/noticias\/wp-content\/uploads\/2019\/08\/agudos_070919_8-450x338.jpg 450w, https:\/\/franciscanos.org.br\/noticias\/wp-content\/uploads\/2019\/08\/agudos_070919_8-768x576.jpg 768w, https:\/\/franciscanos.org.br\/noticias\/wp-content\/uploads\/2019\/08\/agudos_070919_8-150x113.jpg 150w, https:\/\/franciscanos.org.br\/noticias\/wp-content\/uploads\/2019\/08\/agudos_070919_8-600x450.jpg 600w\" sizes=\"(max-width: 890px) 100vw, 890px\" \/><\/p>\n<p><strong>PLACA EM HOMENAGEM \u00c0 PROV\u00cdNCIA<\/strong><strong>\u00a0<\/strong><\/p>\n<p>Al\u00e9m do resgate hist\u00f3rico, a comunidade tamb\u00e9m fixou uma placa de gratid\u00e3o aos fundos da nave da igreja, que diz: \u201c<strong>Gratid\u00e3o<\/strong>. Palavra que resume todo nosso sentimento neste momento. De agradecimento \u00e0 Prov\u00edncia Franciscana da Imaculada Concei\u00e7\u00e3o do Brasil pelo \u2018sim\u2019 ao trabalho de forma\u00e7\u00e3o e evangeliza\u00e7\u00e3o em nossa Par\u00f3quia. Nosso reconhecimento \u00e9 imensur\u00e1vel de toda a dedica\u00e7\u00e3o e carinho dos freis dispensados \u00e0 nossa Par\u00f3quia Santo Ant\u00f4nio. E que, hoje, est\u00e1 nos deixando um legado de que o \u2018Amor deve ser amado\u2019 e, por isso, todos n\u00f3s, Comunidade Santo Ant\u00f4nio, devemos ser instrumentos da Paz, do Bem e do Amor tamb\u00e9m. Assim, junto com S\u00e3o Francisco, sempre vamos dizer: \u2018N\u00f3s vos adoramos, Sant\u00edssimo Senhor Jesus Cristo, aqui e em todas as igrejas no mundo inteiro, e vos bendizemos, porque, pela vossa Santa Cruz, remistes o mundo\u2019. Nosso muito obrigado \u00e0 Prov\u00edncia Franciscana da Imaculada Concei\u00e7\u00e3o do Brasil. Paz e Bem!\u201d<\/p>\n<p><strong>Par\u00f3quia Santo Ant\u00f4nio, Diocese de Bauru<br \/>\n<\/strong>Agudos, SP, 04\/08\/2019<\/p>\n","protected":false},"excerpt":{"rendered":"<p>Prov\u00edncia da Imaculada Concei\u00e7\u00e3o<\/p>\n","protected":false},"author":3,"featured_media":208997,"comment_status":"open","ping_status":"open","sticky":false,"template":"","format":"standard","meta":[],"categories":[1488,1],"tags":[1145],"acf":[],"yoast_head":"<!-- This site is optimized with the Yoast SEO plugin v19.2 - https:\/\/yoast.com\/wordpress\/plugins\/seo\/ -->\n<title>Agudos: Prov\u00edncia entrega \u00e0 Diocese cuidado pastoral da Par\u00f3quia Santo Ant\u00f4nio - Not\u00edcias - Franciscanos<\/title>\n<meta name=\"robots\" content=\"index, follow, max-snippet:-1, max-image-preview:large, max-video-preview:-1\" \/>\n<link rel=\"canonical\" href=\"https:\/\/franciscanos.org.br\/noticias\/agudos-provincia-entrega-a-diocese-cuidado-pastoral-da-paroquia-santo-antonio.html\" \/>\n<meta property=\"og:locale\" content=\"pt_BR\" \/>\n<meta property=\"og:type\" content=\"article\" \/>\n<meta property=\"og:title\" content=\"Agudos: Prov\u00edncia entrega \u00e0 Diocese cuidado pastoral da Par\u00f3quia Santo Ant\u00f4nio - Not\u00edcias - Franciscanos\" \/>\n<meta property=\"og:description\" content=\"Prov\u00edncia da Imaculada Concei\u00e7\u00e3o\" \/>\n<meta property=\"og:url\" content=\"https:\/\/franciscanos.org.br\/noticias\/agudos-provincia-entrega-a-diocese-cuidado-pastoral-da-paroquia-santo-antonio.html\" \/>\n<meta property=\"og:site_name\" content=\"Not\u00edcias - Franciscanos\" \/>\n<meta property=\"article:published_time\" content=\"2019-08-07T10:25:09+00:00\" \/>\n<meta property=\"article:modified_time\" content=\"2019-08-07T12:35:33+00:00\" \/>\n<meta property=\"og:image\" content=\"https:\/\/franciscanos.org.br\/noticias\/wp-content\/uploads\/2019\/08\/agudos_070919_d.jpg\" \/>\n\t<meta property=\"og:image:width\" content=\"273\" \/>\n\t<meta property=\"og:image:height\" content=\"181\" \/>\n\t<meta property=\"og:image:type\" content=\"image\/jpeg\" \/>\n<meta name=\"author\" content=\"moacir\" \/>\n<meta name=\"twitter:card\" content=\"summary_large_image\" \/>\n<meta name=\"twitter:label1\" content=\"Escrito por\" \/>\n\t<meta name=\"twitter:data1\" content=\"moacir\" \/>\n\t<meta name=\"twitter:label2\" content=\"Est. tempo de leitura\" \/>\n\t<meta name=\"twitter:data2\" content=\"11 minutos\" \/>\n<script type=\"application\/ld+json\" class=\"yoast-schema-graph\">{\"@context\":\"https:\/\/schema.org\",\"@graph\":[{\"@type\":\"WebSite\",\"@id\":\"https:\/\/franciscanos.org.br\/noticias\/#website\",\"url\":\"https:\/\/franciscanos.org.br\/noticias\/\",\"name\":\"Not\u00edcias - Franciscanos\",\"description\":\"Prov\u00edncia Franciscana da Imaculada Concei\u00e7\u00e3o do Brasil - Ordem dos Frades Menores - OFM\",\"potentialAction\":[{\"@type\":\"SearchAction\",\"target\":{\"@type\":\"EntryPoint\",\"urlTemplate\":\"https:\/\/franciscanos.org.br\/noticias\/?s={search_term_string}\"},\"query-input\":\"required name=search_term_string\"}],\"inLanguage\":\"pt-BR\"},{\"@type\":\"ImageObject\",\"inLanguage\":\"pt-BR\",\"@id\":\"https:\/\/franciscanos.org.br\/noticias\/agudos-provincia-entrega-a-diocese-cuidado-pastoral-da-paroquia-santo-antonio.html#primaryimage\",\"url\":\"https:\/\/franciscanos.org.br\/noticias\/wp-content\/uploads\/2019\/08\/agudos_070919_d.jpg\",\"contentUrl\":\"https:\/\/franciscanos.org.br\/noticias\/wp-content\/uploads\/2019\/08\/agudos_070919_d.jpg\",\"width\":273,\"height\":181},{\"@type\":\"WebPage\",\"@id\":\"https:\/\/franciscanos.org.br\/noticias\/agudos-provincia-entrega-a-diocese-cuidado-pastoral-da-paroquia-santo-antonio.html#webpage\",\"url\":\"https:\/\/franciscanos.org.br\/noticias\/agudos-provincia-entrega-a-diocese-cuidado-pastoral-da-paroquia-santo-antonio.html\",\"name\":\"Agudos: Prov\u00edncia entrega \u00e0 Diocese cuidado pastoral da Par\u00f3quia Santo Ant\u00f4nio - Not\u00edcias - Franciscanos\",\"isPartOf\":{\"@id\":\"https:\/\/franciscanos.org.br\/noticias\/#website\"},\"primaryImageOfPage\":{\"@id\":\"https:\/\/franciscanos.org.br\/noticias\/agudos-provincia-entrega-a-diocese-cuidado-pastoral-da-paroquia-santo-antonio.html#primaryimage\"},\"datePublished\":\"2019-08-07T10:25:09+00:00\",\"dateModified\":\"2019-08-07T12:35:33+00:00\",\"author\":{\"@id\":\"https:\/\/franciscanos.org.br\/noticias\/#\/schema\/person\/b5c8cba458c330ccff548b056e95a5d4\"},\"breadcrumb\":{\"@id\":\"https:\/\/franciscanos.org.br\/noticias\/agudos-provincia-entrega-a-diocese-cuidado-pastoral-da-paroquia-santo-antonio.html#breadcrumb\"},\"inLanguage\":\"pt-BR\",\"potentialAction\":[{\"@type\":\"ReadAction\",\"target\":[\"https:\/\/franciscanos.org.br\/noticias\/agudos-provincia-entrega-a-diocese-cuidado-pastoral-da-paroquia-santo-antonio.html\"]}]},{\"@type\":\"BreadcrumbList\",\"@id\":\"https:\/\/franciscanos.org.br\/noticias\/agudos-provincia-entrega-a-diocese-cuidado-pastoral-da-paroquia-santo-antonio.html#breadcrumb\",\"itemListElement\":[{\"@type\":\"ListItem\",\"position\":1,\"name\":\"Home\",\"item\":\"https:\/\/franciscanos.org.br\/noticias\"},{\"@type\":\"ListItem\",\"position\":2,\"name\":\"Agudos: Prov\u00edncia entrega \u00e0 Diocese cuidado pastoral da Par\u00f3quia Santo Ant\u00f4nio\"}]},{\"@type\":\"Person\",\"@id\":\"https:\/\/franciscanos.org.br\/noticias\/#\/schema\/person\/b5c8cba458c330ccff548b056e95a5d4\",\"name\":\"moacir\",\"image\":{\"@type\":\"ImageObject\",\"inLanguage\":\"pt-BR\",\"@id\":\"https:\/\/franciscanos.org.br\/noticias\/#\/schema\/person\/image\/\",\"url\":\"https:\/\/secure.gravatar.com\/avatar\/d08aa2ce4c8dd416d4479aa8536fcf64?s=96&d=mm&r=g\",\"contentUrl\":\"https:\/\/secure.gravatar.com\/avatar\/d08aa2ce4c8dd416d4479aa8536fcf64?s=96&d=mm&r=g\",\"caption\":\"moacir\"},\"url\":\"https:\/\/franciscanos.org.br\/noticias\/author\/moacir\"}]}<\/script>\n<!-- \/ Yoast SEO plugin. -->","yoast_head_json":{"title":"Agudos: Prov\u00edncia entrega \u00e0 Diocese cuidado pastoral da Par\u00f3quia Santo Ant\u00f4nio - Not\u00edcias - Franciscanos","robots":{"index":"index","follow":"follow","max-snippet":"max-snippet:-1","max-image-preview":"max-image-preview:large","max-video-preview":"max-video-preview:-1"},"canonical":"https:\/\/franciscanos.org.br\/noticias\/agudos-provincia-entrega-a-diocese-cuidado-pastoral-da-paroquia-santo-antonio.html","og_locale":"pt_BR","og_type":"article","og_title":"Agudos: Prov\u00edncia entrega \u00e0 Diocese cuidado pastoral da Par\u00f3quia Santo Ant\u00f4nio - Not\u00edcias - Franciscanos","og_description":"Prov\u00edncia da Imaculada Concei\u00e7\u00e3o","og_url":"https:\/\/franciscanos.org.br\/noticias\/agudos-provincia-entrega-a-diocese-cuidado-pastoral-da-paroquia-santo-antonio.html","og_site_name":"Not\u00edcias - Franciscanos","article_published_time":"2019-08-07T10:25:09+00:00","article_modified_time":"2019-08-07T12:35:33+00:00","og_image":[{"width":273,"height":181,"url":"https:\/\/franciscanos.org.br\/noticias\/wp-content\/uploads\/2019\/08\/agudos_070919_d.jpg","type":"image\/jpeg"}],"author":"moacir","twitter_card":"summary_large_image","twitter_misc":{"Escrito por":"moacir","Est. tempo de leitura":"11 minutos"},"schema":{"@context":"https:\/\/schema.org","@graph":[{"@type":"WebSite","@id":"https:\/\/franciscanos.org.br\/noticias\/#website","url":"https:\/\/franciscanos.org.br\/noticias\/","name":"Not\u00edcias - Franciscanos","description":"Prov\u00edncia Franciscana da Imaculada Concei\u00e7\u00e3o do Brasil - Ordem dos Frades Menores - OFM","potentialAction":[{"@type":"SearchAction","target":{"@type":"EntryPoint","urlTemplate":"https:\/\/franciscanos.org.br\/noticias\/?s={search_term_string}"},"query-input":"required name=search_term_string"}],"inLanguage":"pt-BR"},{"@type":"ImageObject","inLanguage":"pt-BR","@id":"https:\/\/franciscanos.org.br\/noticias\/agudos-provincia-entrega-a-diocese-cuidado-pastoral-da-paroquia-santo-antonio.html#primaryimage","url":"https:\/\/franciscanos.org.br\/noticias\/wp-content\/uploads\/2019\/08\/agudos_070919_d.jpg","contentUrl":"https:\/\/franciscanos.org.br\/noticias\/wp-content\/uploads\/2019\/08\/agudos_070919_d.jpg","width":273,"height":181},{"@type":"WebPage","@id":"https:\/\/franciscanos.org.br\/noticias\/agudos-provincia-entrega-a-diocese-cuidado-pastoral-da-paroquia-santo-antonio.html#webpage","url":"https:\/\/franciscanos.org.br\/noticias\/agudos-provincia-entrega-a-diocese-cuidado-pastoral-da-paroquia-santo-antonio.html","name":"Agudos: Prov\u00edncia entrega \u00e0 Diocese cuidado pastoral da Par\u00f3quia Santo Ant\u00f4nio - Not\u00edcias - Franciscanos","isPartOf":{"@id":"https:\/\/franciscanos.org.br\/noticias\/#website"},"primaryImageOfPage":{"@id":"https:\/\/franciscanos.org.br\/noticias\/agudos-provincia-entrega-a-diocese-cuidado-pastoral-da-paroquia-santo-antonio.html#primaryimage"},"datePublished":"2019-08-07T10:25:09+00:00","dateModified":"2019-08-07T12:35:33+00:00","author":{"@id":"https:\/\/franciscanos.org.br\/noticias\/#\/schema\/person\/b5c8cba458c330ccff548b056e95a5d4"},"breadcrumb":{"@id":"https:\/\/franciscanos.org.br\/noticias\/agudos-provincia-entrega-a-diocese-cuidado-pastoral-da-paroquia-santo-antonio.html#breadcrumb"},"inLanguage":"pt-BR","potentialAction":[{"@type":"ReadAction","target":["https:\/\/franciscanos.org.br\/noticias\/agudos-provincia-entrega-a-diocese-cuidado-pastoral-da-paroquia-santo-antonio.html"]}]},{"@type":"BreadcrumbList","@id":"https:\/\/franciscanos.org.br\/noticias\/agudos-provincia-entrega-a-diocese-cuidado-pastoral-da-paroquia-santo-antonio.html#breadcrumb","itemListElement":[{"@type":"ListItem","position":1,"name":"Home","item":"https:\/\/franciscanos.org.br\/noticias"},{"@type":"ListItem","position":2,"name":"Agudos: Prov\u00edncia entrega \u00e0 Diocese cuidado pastoral da Par\u00f3quia Santo Ant\u00f4nio"}]},{"@type":"Person","@id":"https:\/\/franciscanos.org.br\/noticias\/#\/schema\/person\/b5c8cba458c330ccff548b056e95a5d4","name":"moacir","image":{"@type":"ImageObject","inLanguage":"pt-BR","@id":"https:\/\/franciscanos.org.br\/noticias\/#\/schema\/person\/image\/","url":"https:\/\/secure.gravatar.com\/avatar\/d08aa2ce4c8dd416d4479aa8536fcf64?s=96&d=mm&r=g","contentUrl":"https:\/\/secure.gravatar.com\/avatar\/d08aa2ce4c8dd416d4479aa8536fcf64?s=96&d=mm&r=g","caption":"moacir"},"url":"https:\/\/franciscanos.org.br\/noticias\/author\/moacir"}]}},"_links":{"self":[{"href":"https:\/\/franciscanos.org.br\/noticias\/wp-json\/wp\/v2\/posts\/208988"}],"collection":[{"href":"https:\/\/franciscanos.org.br\/noticias\/wp-json\/wp\/v2\/posts"}],"about":[{"href":"https:\/\/franciscanos.org.br\/noticias\/wp-json\/wp\/v2\/types\/post"}],"author":[{"embeddable":true,"href":"https:\/\/franciscanos.org.br\/noticias\/wp-json\/wp\/v2\/users\/3"}],"replies":[{"embeddable":true,"href":"https:\/\/franciscanos.org.br\/noticias\/wp-json\/wp\/v2\/comments?post=208988"}],"version-history":[{"count":0,"href":"https:\/\/franciscanos.org.br\/noticias\/wp-json\/wp\/v2\/posts\/208988\/revisions"}],"wp:featuredmedia":[{"embeddable":true,"href":"https:\/\/franciscanos.org.br\/noticias\/wp-json\/wp\/v2\/media\/208997"}],"wp:attachment":[{"href":"https:\/\/franciscanos.org.br\/noticias\/wp-json\/wp\/v2\/media?parent=208988"}],"wp:term":[{"taxonomy":"category","embeddable":true,"href":"https:\/\/franciscanos.org.br\/noticias\/wp-json\/wp\/v2\/categories?post=208988"},{"taxonomy":"post_tag","embeddable":true,"href":"https:\/\/franciscanos.org.br\/noticias\/wp-json\/wp\/v2\/tags?post=208988"}],"curies":[{"name":"wp","href":"https:\/\/api.w.org\/{rel}","templated":true}]}}