{"id":208727,"date":"2019-08-05T07:25:47","date_gmt":"2019-08-05T10:25:47","guid":{"rendered":"https:\/\/franciscanos.org.br\/noticias\/?p=208727"},"modified":"2019-08-05T07:25:47","modified_gmt":"2019-08-05T10:25:47","slug":"emocao-e-fe-no-convento-da-penha","status":"publish","type":"post","link":"https:\/\/franciscanos.org.br\/noticias\/emocao-e-fe-no-convento-da-penha.html","title":{"rendered":"Emo\u00e7\u00e3o e f\u00e9 no Convento da Penha"},"content":{"rendered":"<p><img loading=\"lazy\" class=\"alignnone size-full wp-image-208728\" src=\"https:\/\/franciscanos.org.br\/noticias\/wp-content\/uploads\/2019\/08\/penha_0508_2.jpg\" alt=\"\" width=\"890\" height=\"593\" srcset=\"https:\/\/franciscanos.org.br\/noticias\/wp-content\/uploads\/2019\/08\/penha_0508_2.jpg 890w, https:\/\/franciscanos.org.br\/noticias\/wp-content\/uploads\/2019\/08\/penha_0508_2-450x300.jpg 450w, https:\/\/franciscanos.org.br\/noticias\/wp-content\/uploads\/2019\/08\/penha_0508_2-768x512.jpg 768w, https:\/\/franciscanos.org.br\/noticias\/wp-content\/uploads\/2019\/08\/penha_0508_2-150x100.jpg 150w\" sizes=\"(max-width: 890px) 100vw, 890px\" \/><\/p>\n<p>Vila Velha (ES) &#8211; Cerca de 3 mil fi\u00e9is participaram da Caminhada Penitencial do Perd\u00e3o de Assis no Convento da Penha, em Vila Velha (ES). A celebra\u00e7\u00e3o teve in\u00edcio \u00e0s 19h30, em frente \u00e0 Igreja do Ros\u00e1rio, na Prainha. Os frades acolheram os caminhantes, que percorreram, com velas acesas, aproximadamente 3km, cantando e rezando em dire\u00e7\u00e3o ao Santu\u00e1rio da Gra\u00e7a e do Perd\u00e3o.<\/p>\n<p>No Campinho do Convento, os fi\u00e9is foram acolhidos por Frei Paulo C\u00e9sar Ferreira, que os recebeu com m\u00fasica suave, no estilo \u201cvoz e viol\u00e3o\u201d. Ele interpretou can\u00e7\u00f5es do Padre Zezinho e melodias que levaram os participantes a rezar cantando, refletindo o infinito amor de Deus pela humanidade.<\/p>\n<p>Quando as luzes do Campinho e do Convento se apagaram, foi a vez de Laila Eler, R\u00f4mulo Madureira, Gabriel Spalla e volunt\u00e1rios entrarem em cena. Para refor\u00e7arem ainda mais o clima orante e meditativo, eles cantaram a m\u00fasica \u201cDoce \u00e9 Sentir\u201d, enchendo de emo\u00e7\u00e3o os participantes. Em seguida, foram acesas as luzes das colunas do Convento e da mata, proporcionando um cen\u00e1rio encantador. Na sequ\u00eancia da apresenta\u00e7\u00e3o, S\u00e3o Francisco de Assis, interpretado pelo jovem Mateus Maretto, apareceu entre as palmeiras do Campinho, cantando e encenando a Ora\u00e7\u00e3o pela Paz. \u201cCristo, quero ser instrumento Cristo, de Tua paz&#8230;&#8221;.<\/p>\n<p><img loading=\"lazy\" class=\"alignnone wp-image-208729 size-full\" src=\"https:\/\/franciscanos.org.br\/noticias\/wp-content\/uploads\/2019\/08\/penha_0508.jpg\" alt=\"\" width=\"890\" height=\"593\" srcset=\"https:\/\/franciscanos.org.br\/noticias\/wp-content\/uploads\/2019\/08\/penha_0508.jpg 890w, https:\/\/franciscanos.org.br\/noticias\/wp-content\/uploads\/2019\/08\/penha_0508-450x300.jpg 450w, https:\/\/franciscanos.org.br\/noticias\/wp-content\/uploads\/2019\/08\/penha_0508-768x512.jpg 768w, https:\/\/franciscanos.org.br\/noticias\/wp-content\/uploads\/2019\/08\/penha_0508-150x100.jpg 150w\" sizes=\"(max-width: 890px) 100vw, 890px\" \/><\/p>\n<p>Francisco andou no meio das pessoas e foi at\u00e9 o palco, transformado em \u201cCidade de Assis\u201d, com a Porci\u00fancula, um jardim florido e um \u201cobjeto\u201d encoberto por um tecido preto. Na primeira parte da apresenta\u00e7\u00e3o, o jovem de Assis, contemplou ajoelhado a Cruz de S\u00e3o Dami\u00e3o, que estava com o tecido que foi retirado.<\/p>\n<p>Um dos grandes momentos da apresenta\u00e7\u00e3o foi quando S\u00e3o Francisco entoou \u201cPerd\u00e3o e Alegria\u201d: \u201cSe soubermos perdoar, muita coisa mudar\u00e1. Nascer\u00e1 neste planeta, uma nova gera\u00e7\u00e3o. Mudar\u00e1 talvez a hist\u00f3ria, se soubermos perdoar\u201d, levando os devotos \u00e0 alegria do perd\u00e3o do Senhor.<\/p>\n<p>A apresenta\u00e7\u00e3o foi montada por volunt\u00e1rios e amigos do Convento da Penha, com roteiros e dire\u00e7\u00e3o de Gabriela Spalla, Val\u00e9ria Tanure e Zilma Rita, com apoio de Ivone, Vin\u00edcius, Nadir.<\/p>\n<p><img loading=\"lazy\" class=\"alignnone size-full wp-image-208730\" src=\"https:\/\/franciscanos.org.br\/noticias\/wp-content\/uploads\/2019\/08\/penha_0508_1.jpg\" alt=\"\" width=\"890\" height=\"668\" srcset=\"https:\/\/franciscanos.org.br\/noticias\/wp-content\/uploads\/2019\/08\/penha_0508_1.jpg 890w, https:\/\/franciscanos.org.br\/noticias\/wp-content\/uploads\/2019\/08\/penha_0508_1-450x338.jpg 450w, https:\/\/franciscanos.org.br\/noticias\/wp-content\/uploads\/2019\/08\/penha_0508_1-768x576.jpg 768w, https:\/\/franciscanos.org.br\/noticias\/wp-content\/uploads\/2019\/08\/penha_0508_1-150x113.jpg 150w, https:\/\/franciscanos.org.br\/noticias\/wp-content\/uploads\/2019\/08\/penha_0508_1-600x450.jpg 600w\" sizes=\"(max-width: 890px) 100vw, 890px\" \/><\/p>\n<p>Terminada a apresenta\u00e7\u00e3o, Frei Paulo Roberto Pereira, guardi\u00e3o do Convento, falou sobre o rito da Indulg\u00eancia Plen\u00e1ria. \u201cLouvado sejas, meu Senhor, pelos que perdoam pelo teu amor e suportam as enfermidades e tribula\u00e7\u00f5es. Esta Penha aben\u00e7oada \u00e9 lugar privilegiado do encontro com o vigor de Deus e com a capacidade de reconstruir pontes. Ao caminheiro que aspira intimidade com o Senhor \u00e9 dada a \u00e1gua revigorante da b\u00ean\u00e7\u00e3o divina. Lugar da gra\u00e7a abundante, gra\u00e7a que encoraja e reanima esta casa, a Casa da Senhora das Alegrias, feita por m\u00e3os humanas, \u00e9 a casa da m\u00e3o de Deus estendida, m\u00e3o reveladora da miseric\u00f3rdia e da bondade que perdoa e que restaura\u2026\u201d, disse. Em seguida, pediu que levantassem as velas e olhassem para quem estivesse por perto. Pediu tamb\u00e9m que se agradecessem mutuamente. Frei Paulo ainda destacou a import\u00e2ncia do perd\u00e3o, pois segundo ele, \u201co perd\u00e3o nos cura, o perd\u00e3o nos liberta&#8221;.<\/p>\n<p>Ainda na exorta\u00e7\u00e3o, o guardi\u00e3o lembrou os males que muitas vezes alimentamos em desfavor do bem e da paz, al\u00e9m das atitudes que isolam a possibilidade do perd\u00e3o. \u201cSe algu\u00e9m ainda tiver a tenta\u00e7\u00e3o de repetir a velha justificativa \u2018perdoar \u00e9 dif\u00edcil demais, afinal somos humanos\u2019, n\u00f3s muitas vezes repetimos essa m\u00e1xima tentando nos confortar e nos justificar, mas \u00e9 exatamente por isso, por sermos humanos que o caminho do perd\u00e3o \u00e9 poss\u00edvel. Somos inteligentemente escolhidos, e por isso podemos escolher o que nos aproxima do para\u00edso (do irm\u00e3o) ou que nos afasta do para\u00edso\u201d. E encerrou pedindo que olhassem para o Convento e cantassem o perd\u00e3o.<\/p>\n<p>Ainda no Rito da Indulg\u00eancia, Frei Alessandro Dias fez a Profiss\u00e3o de F\u00e9, Frei Paulo C\u00e9sar concedeu a absolvi\u00e7\u00e3o dos pecados. \u201cA noite de perd\u00e3o deve proporcionar a restaura\u00e7\u00e3o do nosso pr\u00f3prio cora\u00e7\u00e3o. O perd\u00e3o que desejamos, dever\u00e1 come\u00e7ar dentro de n\u00f3s mesmos\u201d. A pequena J\u00falia Trindade e seu papai F\u00e1bio Trindade encenaram e interpretaram a can\u00e7\u00e3o \u201chaja mais amor, a come\u00e7ar em mim\u201d, emocionando a todos.<\/p>\n<p>A noite foi encerrada com a b\u00ean\u00e7\u00e3o final, dada pelos freis. A Igrejinha de S\u00e3o Francisco de Assis foi iluminada e assim finalizada a celebra\u00e7\u00e3o.<\/p>\n<p><em>Assessoria de Comunica\u00e7\u00e3o do Convento<\/em><\/p>\n<p><img loading=\"lazy\" class=\"alignnone size-full wp-image-208731\" src=\"https:\/\/franciscanos.org.br\/noticias\/wp-content\/uploads\/2019\/08\/penha_0508_3.jpg\" alt=\"\" width=\"890\" height=\"593\" srcset=\"https:\/\/franciscanos.org.br\/noticias\/wp-content\/uploads\/2019\/08\/penha_0508_3.jpg 890w, https:\/\/franciscanos.org.br\/noticias\/wp-content\/uploads\/2019\/08\/penha_0508_3-450x300.jpg 450w, https:\/\/franciscanos.org.br\/noticias\/wp-content\/uploads\/2019\/08\/penha_0508_3-768x512.jpg 768w, https:\/\/franciscanos.org.br\/noticias\/wp-content\/uploads\/2019\/08\/penha_0508_3-150x100.jpg 150w\" sizes=\"(max-width: 890px) 100vw, 890px\" \/><\/p>\n","protected":false},"excerpt":{"rendered":"<p>Caminhada Penitencial e Celebra\u00e7\u00e3o do Perd\u00e3o de Assis no Convento da Penha<\/p>\n","protected":false},"author":3,"featured_media":208732,"comment_status":"open","ping_status":"open","sticky":false,"template":"","format":"standard","meta":[],"categories":[1488],"tags":[248,1511],"acf":[],"yoast_head":"<!-- This site is optimized with the Yoast SEO plugin v19.2 - https:\/\/yoast.com\/wordpress\/plugins\/seo\/ -->\n<title>Emo\u00e7\u00e3o e f\u00e9 no Convento da Penha - Not\u00edcias - Franciscanos<\/title>\n<meta name=\"robots\" content=\"index, follow, max-snippet:-1, max-image-preview:large, max-video-preview:-1\" \/>\n<link rel=\"canonical\" href=\"https:\/\/franciscanos.org.br\/noticias\/emocao-e-fe-no-convento-da-penha.html\" \/>\n<meta property=\"og:locale\" content=\"pt_BR\" \/>\n<meta property=\"og:type\" content=\"article\" \/>\n<meta property=\"og:title\" content=\"Emo\u00e7\u00e3o e f\u00e9 no Convento da Penha - Not\u00edcias - Franciscanos\" \/>\n<meta property=\"og:description\" content=\"Caminhada Penitencial e Celebra\u00e7\u00e3o do Perd\u00e3o de Assis no Convento da Penha\" \/>\n<meta property=\"og:url\" content=\"https:\/\/franciscanos.org.br\/noticias\/emocao-e-fe-no-convento-da-penha.html\" \/>\n<meta property=\"og:site_name\" content=\"Not\u00edcias - Franciscanos\" \/>\n<meta property=\"article:published_time\" content=\"2019-08-05T10:25:47+00:00\" \/>\n<meta property=\"og:image\" content=\"https:\/\/franciscanos.org.br\/noticias\/wp-content\/uploads\/2019\/08\/penha_0508d2.jpg\" \/>\n\t<meta property=\"og:image:width\" content=\"273\" \/>\n\t<meta property=\"og:image:height\" content=\"181\" \/>\n\t<meta property=\"og:image:type\" content=\"image\/jpeg\" \/>\n<meta name=\"author\" content=\"moacir\" \/>\n<meta name=\"twitter:card\" content=\"summary_large_image\" \/>\n<meta name=\"twitter:label1\" content=\"Escrito por\" \/>\n\t<meta name=\"twitter:data1\" content=\"moacir\" \/>\n\t<meta name=\"twitter:label2\" content=\"Est. tempo de leitura\" \/>\n\t<meta name=\"twitter:data2\" content=\"4 minutos\" \/>\n<script type=\"application\/ld+json\" class=\"yoast-schema-graph\">{\"@context\":\"https:\/\/schema.org\",\"@graph\":[{\"@type\":\"WebSite\",\"@id\":\"https:\/\/franciscanos.org.br\/noticias\/#website\",\"url\":\"https:\/\/franciscanos.org.br\/noticias\/\",\"name\":\"Not\u00edcias - Franciscanos\",\"description\":\"Prov\u00edncia Franciscana da Imaculada Concei\u00e7\u00e3o do Brasil - Ordem dos Frades Menores - OFM\",\"potentialAction\":[{\"@type\":\"SearchAction\",\"target\":{\"@type\":\"EntryPoint\",\"urlTemplate\":\"https:\/\/franciscanos.org.br\/noticias\/?s={search_term_string}\"},\"query-input\":\"required name=search_term_string\"}],\"inLanguage\":\"pt-BR\"},{\"@type\":\"ImageObject\",\"inLanguage\":\"pt-BR\",\"@id\":\"https:\/\/franciscanos.org.br\/noticias\/emocao-e-fe-no-convento-da-penha.html#primaryimage\",\"url\":\"https:\/\/franciscanos.org.br\/noticias\/wp-content\/uploads\/2019\/08\/penha_0508d2.jpg\",\"contentUrl\":\"https:\/\/franciscanos.org.br\/noticias\/wp-content\/uploads\/2019\/08\/penha_0508d2.jpg\",\"width\":273,\"height\":181},{\"@type\":\"WebPage\",\"@id\":\"https:\/\/franciscanos.org.br\/noticias\/emocao-e-fe-no-convento-da-penha.html#webpage\",\"url\":\"https:\/\/franciscanos.org.br\/noticias\/emocao-e-fe-no-convento-da-penha.html\",\"name\":\"Emo\u00e7\u00e3o e f\u00e9 no Convento da Penha - Not\u00edcias - Franciscanos\",\"isPartOf\":{\"@id\":\"https:\/\/franciscanos.org.br\/noticias\/#website\"},\"primaryImageOfPage\":{\"@id\":\"https:\/\/franciscanos.org.br\/noticias\/emocao-e-fe-no-convento-da-penha.html#primaryimage\"},\"datePublished\":\"2019-08-05T10:25:47+00:00\",\"dateModified\":\"2019-08-05T10:25:47+00:00\",\"author\":{\"@id\":\"https:\/\/franciscanos.org.br\/noticias\/#\/schema\/person\/b5c8cba458c330ccff548b056e95a5d4\"},\"breadcrumb\":{\"@id\":\"https:\/\/franciscanos.org.br\/noticias\/emocao-e-fe-no-convento-da-penha.html#breadcrumb\"},\"inLanguage\":\"pt-BR\",\"potentialAction\":[{\"@type\":\"ReadAction\",\"target\":[\"https:\/\/franciscanos.org.br\/noticias\/emocao-e-fe-no-convento-da-penha.html\"]}]},{\"@type\":\"BreadcrumbList\",\"@id\":\"https:\/\/franciscanos.org.br\/noticias\/emocao-e-fe-no-convento-da-penha.html#breadcrumb\",\"itemListElement\":[{\"@type\":\"ListItem\",\"position\":1,\"name\":\"Home\",\"item\":\"https:\/\/franciscanos.org.br\/noticias\"},{\"@type\":\"ListItem\",\"position\":2,\"name\":\"Emo\u00e7\u00e3o e f\u00e9 no Convento da Penha\"}]},{\"@type\":\"Person\",\"@id\":\"https:\/\/franciscanos.org.br\/noticias\/#\/schema\/person\/b5c8cba458c330ccff548b056e95a5d4\",\"name\":\"moacir\",\"image\":{\"@type\":\"ImageObject\",\"inLanguage\":\"pt-BR\",\"@id\":\"https:\/\/franciscanos.org.br\/noticias\/#\/schema\/person\/image\/\",\"url\":\"https:\/\/secure.gravatar.com\/avatar\/d08aa2ce4c8dd416d4479aa8536fcf64?s=96&d=mm&r=g\",\"contentUrl\":\"https:\/\/secure.gravatar.com\/avatar\/d08aa2ce4c8dd416d4479aa8536fcf64?s=96&d=mm&r=g\",\"caption\":\"moacir\"},\"url\":\"https:\/\/franciscanos.org.br\/noticias\/author\/moacir\"}]}<\/script>\n<!-- \/ Yoast SEO plugin. -->","yoast_head_json":{"title":"Emo\u00e7\u00e3o e f\u00e9 no Convento da Penha - Not\u00edcias - Franciscanos","robots":{"index":"index","follow":"follow","max-snippet":"max-snippet:-1","max-image-preview":"max-image-preview:large","max-video-preview":"max-video-preview:-1"},"canonical":"https:\/\/franciscanos.org.br\/noticias\/emocao-e-fe-no-convento-da-penha.html","og_locale":"pt_BR","og_type":"article","og_title":"Emo\u00e7\u00e3o e f\u00e9 no Convento da Penha - Not\u00edcias - Franciscanos","og_description":"Caminhada Penitencial e Celebra\u00e7\u00e3o do Perd\u00e3o de Assis no Convento da Penha","og_url":"https:\/\/franciscanos.org.br\/noticias\/emocao-e-fe-no-convento-da-penha.html","og_site_name":"Not\u00edcias - Franciscanos","article_published_time":"2019-08-05T10:25:47+00:00","og_image":[{"width":273,"height":181,"url":"https:\/\/franciscanos.org.br\/noticias\/wp-content\/uploads\/2019\/08\/penha_0508d2.jpg","type":"image\/jpeg"}],"author":"moacir","twitter_card":"summary_large_image","twitter_misc":{"Escrito por":"moacir","Est. tempo de leitura":"4 minutos"},"schema":{"@context":"https:\/\/schema.org","@graph":[{"@type":"WebSite","@id":"https:\/\/franciscanos.org.br\/noticias\/#website","url":"https:\/\/franciscanos.org.br\/noticias\/","name":"Not\u00edcias - Franciscanos","description":"Prov\u00edncia Franciscana da Imaculada Concei\u00e7\u00e3o do Brasil - Ordem dos Frades Menores - OFM","potentialAction":[{"@type":"SearchAction","target":{"@type":"EntryPoint","urlTemplate":"https:\/\/franciscanos.org.br\/noticias\/?s={search_term_string}"},"query-input":"required name=search_term_string"}],"inLanguage":"pt-BR"},{"@type":"ImageObject","inLanguage":"pt-BR","@id":"https:\/\/franciscanos.org.br\/noticias\/emocao-e-fe-no-convento-da-penha.html#primaryimage","url":"https:\/\/franciscanos.org.br\/noticias\/wp-content\/uploads\/2019\/08\/penha_0508d2.jpg","contentUrl":"https:\/\/franciscanos.org.br\/noticias\/wp-content\/uploads\/2019\/08\/penha_0508d2.jpg","width":273,"height":181},{"@type":"WebPage","@id":"https:\/\/franciscanos.org.br\/noticias\/emocao-e-fe-no-convento-da-penha.html#webpage","url":"https:\/\/franciscanos.org.br\/noticias\/emocao-e-fe-no-convento-da-penha.html","name":"Emo\u00e7\u00e3o e f\u00e9 no Convento da Penha - Not\u00edcias - Franciscanos","isPartOf":{"@id":"https:\/\/franciscanos.org.br\/noticias\/#website"},"primaryImageOfPage":{"@id":"https:\/\/franciscanos.org.br\/noticias\/emocao-e-fe-no-convento-da-penha.html#primaryimage"},"datePublished":"2019-08-05T10:25:47+00:00","dateModified":"2019-08-05T10:25:47+00:00","author":{"@id":"https:\/\/franciscanos.org.br\/noticias\/#\/schema\/person\/b5c8cba458c330ccff548b056e95a5d4"},"breadcrumb":{"@id":"https:\/\/franciscanos.org.br\/noticias\/emocao-e-fe-no-convento-da-penha.html#breadcrumb"},"inLanguage":"pt-BR","potentialAction":[{"@type":"ReadAction","target":["https:\/\/franciscanos.org.br\/noticias\/emocao-e-fe-no-convento-da-penha.html"]}]},{"@type":"BreadcrumbList","@id":"https:\/\/franciscanos.org.br\/noticias\/emocao-e-fe-no-convento-da-penha.html#breadcrumb","itemListElement":[{"@type":"ListItem","position":1,"name":"Home","item":"https:\/\/franciscanos.org.br\/noticias"},{"@type":"ListItem","position":2,"name":"Emo\u00e7\u00e3o e f\u00e9 no Convento da Penha"}]},{"@type":"Person","@id":"https:\/\/franciscanos.org.br\/noticias\/#\/schema\/person\/b5c8cba458c330ccff548b056e95a5d4","name":"moacir","image":{"@type":"ImageObject","inLanguage":"pt-BR","@id":"https:\/\/franciscanos.org.br\/noticias\/#\/schema\/person\/image\/","url":"https:\/\/secure.gravatar.com\/avatar\/d08aa2ce4c8dd416d4479aa8536fcf64?s=96&d=mm&r=g","contentUrl":"https:\/\/secure.gravatar.com\/avatar\/d08aa2ce4c8dd416d4479aa8536fcf64?s=96&d=mm&r=g","caption":"moacir"},"url":"https:\/\/franciscanos.org.br\/noticias\/author\/moacir"}]}},"_links":{"self":[{"href":"https:\/\/franciscanos.org.br\/noticias\/wp-json\/wp\/v2\/posts\/208727"}],"collection":[{"href":"https:\/\/franciscanos.org.br\/noticias\/wp-json\/wp\/v2\/posts"}],"about":[{"href":"https:\/\/franciscanos.org.br\/noticias\/wp-json\/wp\/v2\/types\/post"}],"author":[{"embeddable":true,"href":"https:\/\/franciscanos.org.br\/noticias\/wp-json\/wp\/v2\/users\/3"}],"replies":[{"embeddable":true,"href":"https:\/\/franciscanos.org.br\/noticias\/wp-json\/wp\/v2\/comments?post=208727"}],"version-history":[{"count":0,"href":"https:\/\/franciscanos.org.br\/noticias\/wp-json\/wp\/v2\/posts\/208727\/revisions"}],"wp:featuredmedia":[{"embeddable":true,"href":"https:\/\/franciscanos.org.br\/noticias\/wp-json\/wp\/v2\/media\/208732"}],"wp:attachment":[{"href":"https:\/\/franciscanos.org.br\/noticias\/wp-json\/wp\/v2\/media?parent=208727"}],"wp:term":[{"taxonomy":"category","embeddable":true,"href":"https:\/\/franciscanos.org.br\/noticias\/wp-json\/wp\/v2\/categories?post=208727"},{"taxonomy":"post_tag","embeddable":true,"href":"https:\/\/franciscanos.org.br\/noticias\/wp-json\/wp\/v2\/tags?post=208727"}],"curies":[{"name":"wp","href":"https:\/\/api.w.org\/{rel}","templated":true}]}}