{"id":208622,"date":"2019-08-03T10:45:24","date_gmt":"2019-08-03T13:45:24","guid":{"rendered":"https:\/\/franciscanos.org.br\/noticias\/?p=208622"},"modified":"2019-08-03T10:45:24","modified_gmt":"2019-08-03T13:45:24","slug":"a-influencia-das-redes-sociais-e-tema-da-assembleia-do-sefras","status":"publish","type":"post","link":"https:\/\/franciscanos.org.br\/noticias\/a-influencia-das-redes-sociais-e-tema-da-assembleia-do-sefras.html","title":{"rendered":"A influ\u00eancia das redes sociais \u00e9 tema da Assembleia do Sefras"},"content":{"rendered":"<p><img loading=\"lazy\" class=\"alignnone wp-image-208623 size-full\" src=\"https:\/\/franciscanos.org.br\/noticias\/wp-content\/uploads\/2019\/08\/sefras_030819.jpg\" alt=\"\" width=\"890\" height=\"593\" srcset=\"https:\/\/franciscanos.org.br\/noticias\/wp-content\/uploads\/2019\/08\/sefras_030819.jpg 890w, https:\/\/franciscanos.org.br\/noticias\/wp-content\/uploads\/2019\/08\/sefras_030819-450x300.jpg 450w, https:\/\/franciscanos.org.br\/noticias\/wp-content\/uploads\/2019\/08\/sefras_030819-768x512.jpg 768w, https:\/\/franciscanos.org.br\/noticias\/wp-content\/uploads\/2019\/08\/sefras_030819-150x100.jpg 150w\" sizes=\"(max-width: 890px) 100vw, 890px\" \/><\/p>\n<p>O Servi\u00e7o Franciscano de Solidariedade (Sefras) reuniu em Assembleia, no final de julho, em Tangu\u00e1, no Rio de Janeiro, os colaboradores e frades desta Frente da Solidariedade para com os Empobrecidos. Pelo Governo da Prov\u00edncia, participou o Vig\u00e1rio Provincial Frei Gustavo Medella, que \u00e9 tamb\u00e9m Secret\u00e1rio para a Evangeliza\u00e7\u00e3o. Esta foi a 16\u00aa edi\u00e7\u00e3o da Assembleia anual e teve como tema: \u201cA conjuntura atual e a influ\u00eancia das redes sociais na atua\u00e7\u00e3o socioeducativa\u201d. Al\u00e9m da forma\u00e7\u00e3o, a assembleia apresentou propostas para o planejamento estrat\u00e9gico social do pr\u00f3ximo ano.<\/p>\n<p>Na m\u00edstica de abertura, destacou-se o vi\u00e9s prof\u00e9tico desta assembleia. Vivemos tempos desafiadores e a luta pela resist\u00eancia precisa permear nossos estudos, planejamentos e, no fazer social, \u00e9 importante a conviv\u00eancia fraterna, que &#8220;fortalece nossos v\u00ednculos com aqueles que est\u00e3o na mesma caminhada e na mesma luta\u201d, avaliou o diretor-presidente Frei Jos\u00e9 Francisco na abertura.<\/p>\n<p>A primeira assessoria foi dada pelo professor do Instituto Federal de Barretos, Christian Tadeu Gilioti, que provocou o grupo a enxergar a atual conjuntura de desmonte das pol\u00edticas sociais e posicionar as a\u00e7\u00f5es a partir dessa realidade. Gilioti destacou a import\u00e2ncia de se olhar n\u00e3o s\u00f3 para o cen\u00e1rio de S\u00e3o Paulo e Rio de Janeiro, mas tamb\u00e9m para o cen\u00e1rio nacional, continental e global.<\/p>\n<p><img loading=\"lazy\" class=\"alignnone size-full wp-image-208624\" src=\"https:\/\/franciscanos.org.br\/noticias\/wp-content\/uploads\/2019\/08\/sefras_030819_4.jpg\" alt=\"\" width=\"890\" height=\"405\" srcset=\"https:\/\/franciscanos.org.br\/noticias\/wp-content\/uploads\/2019\/08\/sefras_030819_4.jpg 890w, https:\/\/franciscanos.org.br\/noticias\/wp-content\/uploads\/2019\/08\/sefras_030819_4-450x205.jpg 450w, https:\/\/franciscanos.org.br\/noticias\/wp-content\/uploads\/2019\/08\/sefras_030819_4-768x349.jpg 768w, https:\/\/franciscanos.org.br\/noticias\/wp-content\/uploads\/2019\/08\/sefras_030819_4-150x68.jpg 150w\" sizes=\"(max-width: 890px) 100vw, 890px\" \/><\/p>\n<p>O segundo dia de assembleia foi dedicado ao debate sobre as redes sociais e os impactos que elas causam em nossos servi\u00e7os, principalmente no que tange \u00e0s atividades socioeducativas das crian\u00e7as, adolescentes e jovens. O debate foi conduzido pela professora Claudia Prioste, da UNESP- Araraquara, que lembrou como as tecnologias configuram um novo jeito de ser e fazer sociedade, dando \u00eanfase \u00e0 import\u00e2ncia de se pensar meios para a desconstru\u00e7\u00e3o das <em>fake news,<\/em> estere\u00f3tipos, individualismo radical e demais infer\u00eancias que as tecnologias fazem na vida cotidiana.<\/p>\n<p>O \u00faltimo dia deu espa\u00e7o para projetar o pr\u00f3ximo ano, a partir de todos os estudos realizados, dos debates travados e tamb\u00e9m da avalia\u00e7\u00e3o dos servi\u00e7os. Para isso, Frei Jos\u00e9 ressaltou a import\u00e2ncia de criar caminhos de constru\u00e7\u00e3o do trabalho socioeducativo e pensar as atividades tendo como refer\u00eancia a forma\u00e7\u00e3o integral dos atendidos do Sefras. A coordenadora t\u00e9cnica Ros\u00e2ngela Pezoti conduziu a constru\u00e7\u00e3o de propostas e alinhamentos para o Planejamento Estrat\u00e9gico Social 2020. Uma m\u00edstica encerrou os trabalhos recordando a trajet\u00f3ria vivenciada na assembleia, as lutas enfrentadas no cotidiano dos servi\u00e7os e uma prece pelo fim da opress\u00e3o. O momento foi conclu\u00eddo com uma confraterniza\u00e7\u00e3o que reuniu todos os participantes em um espa\u00e7o de descontra\u00e7\u00e3o e alegria.<\/p>\n<p><img loading=\"lazy\" class=\"alignnone size-full wp-image-208625\" src=\"https:\/\/franciscanos.org.br\/noticias\/wp-content\/uploads\/2019\/08\/sefras_030819_3.jpg\" alt=\"\" width=\"890\" height=\"483\" srcset=\"https:\/\/franciscanos.org.br\/noticias\/wp-content\/uploads\/2019\/08\/sefras_030819_3.jpg 890w, https:\/\/franciscanos.org.br\/noticias\/wp-content\/uploads\/2019\/08\/sefras_030819_3-450x244.jpg 450w, https:\/\/franciscanos.org.br\/noticias\/wp-content\/uploads\/2019\/08\/sefras_030819_3-768x417.jpg 768w, https:\/\/franciscanos.org.br\/noticias\/wp-content\/uploads\/2019\/08\/sefras_030819_3-150x81.jpg 150w\" sizes=\"(max-width: 890px) 100vw, 890px\" \/><\/p>\n<p>Para Frei Marx Rodrigues, coordenador de Forma\u00e7\u00e3o, s\u00f3 o fato de se reunir em colegiado j\u00e1 \u00e9 algo que merece destaque.&#8221;N\u00f3s precisamos, sempre de novo, valorizar a capacidade do di\u00e1logo, de entender a import\u00e2ncia do outro na constru\u00e7\u00e3o da nossa identidade&#8221;, acredita o frade.<\/p>\n<p>Segundo ele, dentro de um ambiente de trabalho, torna-se ainda mais importante criar um espa\u00e7o em que todos os trabalhadores, entre os mais variados pap\u00e9is de atua\u00e7\u00e3o, possam se reunir e conversar com igual valor. &#8220;Al\u00e9m disso, cabe ressaltar que em um trabalho social \u00e9 preciso ler o seu tempo, entender para onde se direciona o mundo neste turbilh\u00e3o de coisas e ideias. Hoje, mais do que nunca, \u00e9 preciso entender esse tempo, muito dif\u00edcil para n\u00f3s e para todo o nosso pa\u00eds. Um tempo em que os empobrecidos, al\u00e9m de discriminados, tamb\u00e9m s\u00e3o perseguidos em suas indig\u00eancias&#8221;, acredita Frei Marx, acrescentando que a Assembleia tem essa capacidade de pensar o coletivo no seu tempo, nas suas urg\u00eancias, para propor um novo mundo: &#8220;Ainda que timidamente, \u00e9 muito louv\u00e1vel\u201d, completou.<\/p>\n<p><strong>Rafael Sad Assis Corr\u00eaa<\/strong><\/p>\n<p><img loading=\"lazy\" class=\"alignnone size-full wp-image-208626\" src=\"https:\/\/franciscanos.org.br\/noticias\/wp-content\/uploads\/2019\/08\/sefras_030819_2.jpg\" alt=\"\" width=\"890\" height=\"376\" srcset=\"https:\/\/franciscanos.org.br\/noticias\/wp-content\/uploads\/2019\/08\/sefras_030819_2.jpg 890w, https:\/\/franciscanos.org.br\/noticias\/wp-content\/uploads\/2019\/08\/sefras_030819_2-450x190.jpg 450w, https:\/\/franciscanos.org.br\/noticias\/wp-content\/uploads\/2019\/08\/sefras_030819_2-768x324.jpg 768w, https:\/\/franciscanos.org.br\/noticias\/wp-content\/uploads\/2019\/08\/sefras_030819_2-150x63.jpg 150w\" sizes=\"(max-width: 890px) 100vw, 890px\" \/><\/p>\n","protected":false},"excerpt":{"rendered":"<p>Assembleia anual do Servi\u00e7o Franciscano de Solidariedade<\/p>\n","protected":false},"author":3,"featured_media":208627,"comment_status":"open","ping_status":"open","sticky":false,"template":"","format":"standard","meta":[],"categories":[1],"tags":[228],"acf":[],"yoast_head":"<!-- This site is optimized with the Yoast SEO plugin v19.2 - https:\/\/yoast.com\/wordpress\/plugins\/seo\/ -->\n<title>A influ\u00eancia das redes sociais \u00e9 tema da Assembleia do Sefras - Not\u00edcias - Franciscanos<\/title>\n<meta name=\"robots\" content=\"index, follow, max-snippet:-1, max-image-preview:large, max-video-preview:-1\" \/>\n<link rel=\"canonical\" href=\"https:\/\/franciscanos.org.br\/noticias\/a-influencia-das-redes-sociais-e-tema-da-assembleia-do-sefras.html\" \/>\n<meta property=\"og:locale\" content=\"pt_BR\" \/>\n<meta property=\"og:type\" content=\"article\" \/>\n<meta property=\"og:title\" content=\"A influ\u00eancia das redes sociais \u00e9 tema da Assembleia do Sefras - Not\u00edcias - Franciscanos\" \/>\n<meta property=\"og:description\" content=\"Assembleia anual do Servi\u00e7o Franciscano de Solidariedade\" \/>\n<meta property=\"og:url\" content=\"https:\/\/franciscanos.org.br\/noticias\/a-influencia-das-redes-sociais-e-tema-da-assembleia-do-sefras.html\" \/>\n<meta property=\"og:site_name\" content=\"Not\u00edcias - Franciscanos\" \/>\n<meta property=\"article:published_time\" content=\"2019-08-03T13:45:24+00:00\" \/>\n<meta property=\"og:image\" content=\"https:\/\/franciscanos.org.br\/noticias\/wp-content\/uploads\/2019\/08\/sefras_p.jpg\" \/>\n\t<meta property=\"og:image:width\" content=\"273\" \/>\n\t<meta property=\"og:image:height\" content=\"181\" \/>\n\t<meta property=\"og:image:type\" content=\"image\/jpeg\" \/>\n<meta name=\"author\" content=\"moacir\" \/>\n<meta name=\"twitter:card\" content=\"summary_large_image\" \/>\n<meta name=\"twitter:label1\" content=\"Escrito por\" \/>\n\t<meta name=\"twitter:data1\" content=\"moacir\" \/>\n\t<meta name=\"twitter:label2\" content=\"Est. tempo de leitura\" \/>\n\t<meta name=\"twitter:data2\" content=\"3 minutos\" \/>\n<script type=\"application\/ld+json\" class=\"yoast-schema-graph\">{\"@context\":\"https:\/\/schema.org\",\"@graph\":[{\"@type\":\"WebSite\",\"@id\":\"https:\/\/franciscanos.org.br\/noticias\/#website\",\"url\":\"https:\/\/franciscanos.org.br\/noticias\/\",\"name\":\"Not\u00edcias - Franciscanos\",\"description\":\"Prov\u00edncia Franciscana da Imaculada Concei\u00e7\u00e3o do Brasil - Ordem dos Frades Menores - OFM\",\"potentialAction\":[{\"@type\":\"SearchAction\",\"target\":{\"@type\":\"EntryPoint\",\"urlTemplate\":\"https:\/\/franciscanos.org.br\/noticias\/?s={search_term_string}\"},\"query-input\":\"required name=search_term_string\"}],\"inLanguage\":\"pt-BR\"},{\"@type\":\"ImageObject\",\"inLanguage\":\"pt-BR\",\"@id\":\"https:\/\/franciscanos.org.br\/noticias\/a-influencia-das-redes-sociais-e-tema-da-assembleia-do-sefras.html#primaryimage\",\"url\":\"https:\/\/franciscanos.org.br\/noticias\/wp-content\/uploads\/2019\/08\/sefras_p.jpg\",\"contentUrl\":\"https:\/\/franciscanos.org.br\/noticias\/wp-content\/uploads\/2019\/08\/sefras_p.jpg\",\"width\":273,\"height\":181},{\"@type\":\"WebPage\",\"@id\":\"https:\/\/franciscanos.org.br\/noticias\/a-influencia-das-redes-sociais-e-tema-da-assembleia-do-sefras.html#webpage\",\"url\":\"https:\/\/franciscanos.org.br\/noticias\/a-influencia-das-redes-sociais-e-tema-da-assembleia-do-sefras.html\",\"name\":\"A influ\u00eancia das redes sociais \u00e9 tema da Assembleia do Sefras - Not\u00edcias - Franciscanos\",\"isPartOf\":{\"@id\":\"https:\/\/franciscanos.org.br\/noticias\/#website\"},\"primaryImageOfPage\":{\"@id\":\"https:\/\/franciscanos.org.br\/noticias\/a-influencia-das-redes-sociais-e-tema-da-assembleia-do-sefras.html#primaryimage\"},\"datePublished\":\"2019-08-03T13:45:24+00:00\",\"dateModified\":\"2019-08-03T13:45:24+00:00\",\"author\":{\"@id\":\"https:\/\/franciscanos.org.br\/noticias\/#\/schema\/person\/b5c8cba458c330ccff548b056e95a5d4\"},\"breadcrumb\":{\"@id\":\"https:\/\/franciscanos.org.br\/noticias\/a-influencia-das-redes-sociais-e-tema-da-assembleia-do-sefras.html#breadcrumb\"},\"inLanguage\":\"pt-BR\",\"potentialAction\":[{\"@type\":\"ReadAction\",\"target\":[\"https:\/\/franciscanos.org.br\/noticias\/a-influencia-das-redes-sociais-e-tema-da-assembleia-do-sefras.html\"]}]},{\"@type\":\"BreadcrumbList\",\"@id\":\"https:\/\/franciscanos.org.br\/noticias\/a-influencia-das-redes-sociais-e-tema-da-assembleia-do-sefras.html#breadcrumb\",\"itemListElement\":[{\"@type\":\"ListItem\",\"position\":1,\"name\":\"Home\",\"item\":\"https:\/\/franciscanos.org.br\/noticias\"},{\"@type\":\"ListItem\",\"position\":2,\"name\":\"A influ\u00eancia das redes sociais \u00e9 tema da Assembleia do Sefras\"}]},{\"@type\":\"Person\",\"@id\":\"https:\/\/franciscanos.org.br\/noticias\/#\/schema\/person\/b5c8cba458c330ccff548b056e95a5d4\",\"name\":\"moacir\",\"image\":{\"@type\":\"ImageObject\",\"inLanguage\":\"pt-BR\",\"@id\":\"https:\/\/franciscanos.org.br\/noticias\/#\/schema\/person\/image\/\",\"url\":\"https:\/\/secure.gravatar.com\/avatar\/d08aa2ce4c8dd416d4479aa8536fcf64?s=96&d=mm&r=g\",\"contentUrl\":\"https:\/\/secure.gravatar.com\/avatar\/d08aa2ce4c8dd416d4479aa8536fcf64?s=96&d=mm&r=g\",\"caption\":\"moacir\"},\"url\":\"https:\/\/franciscanos.org.br\/noticias\/author\/moacir\"}]}<\/script>\n<!-- \/ Yoast SEO plugin. -->","yoast_head_json":{"title":"A influ\u00eancia das redes sociais \u00e9 tema da Assembleia do Sefras - Not\u00edcias - Franciscanos","robots":{"index":"index","follow":"follow","max-snippet":"max-snippet:-1","max-image-preview":"max-image-preview:large","max-video-preview":"max-video-preview:-1"},"canonical":"https:\/\/franciscanos.org.br\/noticias\/a-influencia-das-redes-sociais-e-tema-da-assembleia-do-sefras.html","og_locale":"pt_BR","og_type":"article","og_title":"A influ\u00eancia das redes sociais \u00e9 tema da Assembleia do Sefras - Not\u00edcias - Franciscanos","og_description":"Assembleia anual do Servi\u00e7o Franciscano de Solidariedade","og_url":"https:\/\/franciscanos.org.br\/noticias\/a-influencia-das-redes-sociais-e-tema-da-assembleia-do-sefras.html","og_site_name":"Not\u00edcias - Franciscanos","article_published_time":"2019-08-03T13:45:24+00:00","og_image":[{"width":273,"height":181,"url":"https:\/\/franciscanos.org.br\/noticias\/wp-content\/uploads\/2019\/08\/sefras_p.jpg","type":"image\/jpeg"}],"author":"moacir","twitter_card":"summary_large_image","twitter_misc":{"Escrito por":"moacir","Est. tempo de leitura":"3 minutos"},"schema":{"@context":"https:\/\/schema.org","@graph":[{"@type":"WebSite","@id":"https:\/\/franciscanos.org.br\/noticias\/#website","url":"https:\/\/franciscanos.org.br\/noticias\/","name":"Not\u00edcias - Franciscanos","description":"Prov\u00edncia Franciscana da Imaculada Concei\u00e7\u00e3o do Brasil - Ordem dos Frades Menores - OFM","potentialAction":[{"@type":"SearchAction","target":{"@type":"EntryPoint","urlTemplate":"https:\/\/franciscanos.org.br\/noticias\/?s={search_term_string}"},"query-input":"required name=search_term_string"}],"inLanguage":"pt-BR"},{"@type":"ImageObject","inLanguage":"pt-BR","@id":"https:\/\/franciscanos.org.br\/noticias\/a-influencia-das-redes-sociais-e-tema-da-assembleia-do-sefras.html#primaryimage","url":"https:\/\/franciscanos.org.br\/noticias\/wp-content\/uploads\/2019\/08\/sefras_p.jpg","contentUrl":"https:\/\/franciscanos.org.br\/noticias\/wp-content\/uploads\/2019\/08\/sefras_p.jpg","width":273,"height":181},{"@type":"WebPage","@id":"https:\/\/franciscanos.org.br\/noticias\/a-influencia-das-redes-sociais-e-tema-da-assembleia-do-sefras.html#webpage","url":"https:\/\/franciscanos.org.br\/noticias\/a-influencia-das-redes-sociais-e-tema-da-assembleia-do-sefras.html","name":"A influ\u00eancia das redes sociais \u00e9 tema da Assembleia do Sefras - Not\u00edcias - Franciscanos","isPartOf":{"@id":"https:\/\/franciscanos.org.br\/noticias\/#website"},"primaryImageOfPage":{"@id":"https:\/\/franciscanos.org.br\/noticias\/a-influencia-das-redes-sociais-e-tema-da-assembleia-do-sefras.html#primaryimage"},"datePublished":"2019-08-03T13:45:24+00:00","dateModified":"2019-08-03T13:45:24+00:00","author":{"@id":"https:\/\/franciscanos.org.br\/noticias\/#\/schema\/person\/b5c8cba458c330ccff548b056e95a5d4"},"breadcrumb":{"@id":"https:\/\/franciscanos.org.br\/noticias\/a-influencia-das-redes-sociais-e-tema-da-assembleia-do-sefras.html#breadcrumb"},"inLanguage":"pt-BR","potentialAction":[{"@type":"ReadAction","target":["https:\/\/franciscanos.org.br\/noticias\/a-influencia-das-redes-sociais-e-tema-da-assembleia-do-sefras.html"]}]},{"@type":"BreadcrumbList","@id":"https:\/\/franciscanos.org.br\/noticias\/a-influencia-das-redes-sociais-e-tema-da-assembleia-do-sefras.html#breadcrumb","itemListElement":[{"@type":"ListItem","position":1,"name":"Home","item":"https:\/\/franciscanos.org.br\/noticias"},{"@type":"ListItem","position":2,"name":"A influ\u00eancia das redes sociais \u00e9 tema da Assembleia do Sefras"}]},{"@type":"Person","@id":"https:\/\/franciscanos.org.br\/noticias\/#\/schema\/person\/b5c8cba458c330ccff548b056e95a5d4","name":"moacir","image":{"@type":"ImageObject","inLanguage":"pt-BR","@id":"https:\/\/franciscanos.org.br\/noticias\/#\/schema\/person\/image\/","url":"https:\/\/secure.gravatar.com\/avatar\/d08aa2ce4c8dd416d4479aa8536fcf64?s=96&d=mm&r=g","contentUrl":"https:\/\/secure.gravatar.com\/avatar\/d08aa2ce4c8dd416d4479aa8536fcf64?s=96&d=mm&r=g","caption":"moacir"},"url":"https:\/\/franciscanos.org.br\/noticias\/author\/moacir"}]}},"_links":{"self":[{"href":"https:\/\/franciscanos.org.br\/noticias\/wp-json\/wp\/v2\/posts\/208622"}],"collection":[{"href":"https:\/\/franciscanos.org.br\/noticias\/wp-json\/wp\/v2\/posts"}],"about":[{"href":"https:\/\/franciscanos.org.br\/noticias\/wp-json\/wp\/v2\/types\/post"}],"author":[{"embeddable":true,"href":"https:\/\/franciscanos.org.br\/noticias\/wp-json\/wp\/v2\/users\/3"}],"replies":[{"embeddable":true,"href":"https:\/\/franciscanos.org.br\/noticias\/wp-json\/wp\/v2\/comments?post=208622"}],"version-history":[{"count":0,"href":"https:\/\/franciscanos.org.br\/noticias\/wp-json\/wp\/v2\/posts\/208622\/revisions"}],"wp:featuredmedia":[{"embeddable":true,"href":"https:\/\/franciscanos.org.br\/noticias\/wp-json\/wp\/v2\/media\/208627"}],"wp:attachment":[{"href":"https:\/\/franciscanos.org.br\/noticias\/wp-json\/wp\/v2\/media?parent=208622"}],"wp:term":[{"taxonomy":"category","embeddable":true,"href":"https:\/\/franciscanos.org.br\/noticias\/wp-json\/wp\/v2\/categories?post=208622"},{"taxonomy":"post_tag","embeddable":true,"href":"https:\/\/franciscanos.org.br\/noticias\/wp-json\/wp\/v2\/tags?post=208622"}],"curies":[{"name":"wp","href":"https:\/\/api.w.org\/{rel}","templated":true}]}}