{"id":208609,"date":"2019-08-02T10:51:42","date_gmt":"2019-08-02T13:51:42","guid":{"rendered":"https:\/\/franciscanos.org.br\/noticias\/?p=208609"},"modified":"2020-08-31T15:34:17","modified_gmt":"2020-08-31T18:34:17","slug":"comunicadores-refletem-sobre-clara-de-assis","status":"publish","type":"post","link":"https:\/\/franciscanos.org.br\/noticias\/comunicadores-refletem-sobre-clara-de-assis.html","title":{"rendered":"Comunicadores refletem sobre Clara de Assis"},"content":{"rendered":"<p><strong><img loading=\"lazy\" class=\"alignnone size-full wp-image-208610\" src=\"https:\/\/franciscanos.org.br\/noticias\/wp-content\/uploads\/2019\/08\/form-perm_020819.jpg\" alt=\"\" width=\"890\" height=\"500\" srcset=\"https:\/\/franciscanos.org.br\/noticias\/wp-content\/uploads\/2019\/08\/form-perm_020819.jpg 890w, https:\/\/franciscanos.org.br\/noticias\/wp-content\/uploads\/2019\/08\/form-perm_020819-450x253.jpg 450w, https:\/\/franciscanos.org.br\/noticias\/wp-content\/uploads\/2019\/08\/form-perm_020819-768x431.jpg 768w, https:\/\/franciscanos.org.br\/noticias\/wp-content\/uploads\/2019\/08\/form-perm_020819-150x84.jpg 150w\" sizes=\"(max-width: 890px) 100vw, 890px\" \/><\/strong><\/p>\n<p><strong>S\u00e3o Paulo (SP) \u2013<\/strong> Para abrir o m\u00eas de agosto, no qual a Fam\u00edlia Franciscana celebra com alegria a mem\u00f3ria de Santa Clara, a Frente de Evangeliza\u00e7\u00e3o da Comunica\u00e7\u00e3o escolheu refletir os principais aspectos da vida e da voca\u00e7\u00e3o de Santa Clara de Assis no 4\u00ba Encontro de Forma\u00e7\u00e3o Permanente, que aconteceu na quinta-feira, 1\u00ba de agosto.<\/p>\n<p>Estiveram presentes na forma\u00e7\u00e3o &#8211; atrav\u00e9s de videoconfer\u00eancia &#8211; os colaboradores envolvidos na comunica\u00e7\u00e3o do Grupo Educacional Bom Jesus, de Curitiba (PR); Convento da Penha, de Vila Velha (ES); Editora Vozes, de Petr\u00f3polis (RJ); Rede Celinauta, de Pato Branco (PR); Funda\u00e7\u00e3o Frei Rog\u00e9rio, de Curitibanos (SC); Semin\u00e1rio Frei Galv\u00e3o, de Guaratinguet\u00e1 (SP); Universidade S\u00e3o Francisco, de Bragan\u00e7a Paulista (SP); Servi\u00e7o Franciscano de Solidariedade (Sefras); Servi\u00e7o de Anima\u00e7\u00e3o Vocacional (SAV) e Sede Provincial, ambos na capital paulista.<\/p>\n<p>O encontro contou com a assessoria de Karine Goulart de Almeida, estudante de Hist\u00f3ria na Universidade do Estado do Rio de Janeiro (UERJ), pesquisadora sobre os escritos de Santa Clara e tamb\u00e9m vocacionada das Irm\u00e3s Clarissas.<\/p>\n<p>Ela fez um breve relato sobre a vida de Santa Clara, destacando os aspectos principais da vida desta grande santa, fundadora da Segunda Ordem Franciscana, a Ordem de Santa Clara (OSC). A assessora destacou a import\u00e2ncia desta santa para a Igreja, pois foi a primeira mulher a escrever uma regra somente para mulheres. Para ela, o feito revela a for\u00e7a de Santa Clara dentro da Igreja Cat\u00f3lica.<\/p>\n<p>Segundo Karine, a mensagem de Santa Clara \u00e9 extremamente atual. &#8220;Vivemos um momento muito dif\u00edcil, onde precisamos olhar para o outro, praticar o amor e ver que somos iguais. O maior exemplo de Clara foi dedicar sua vida no acolhimento das pessoas. Olhando pelos olhos do mundo, ela era bonita, rica, tudo para ser uma grande personagem da nobreza. Mas abriu m\u00e3o de tudo para se entregar aos pobres. A verdadeira caridade \u00e9 amar o seu irm\u00e3o&#8221;, destacou a jovem.<\/p>\n<p><strong>Clara: padroeira da televis\u00e3o<\/strong><\/p>\n<p>Na biografia de Santa Clara, escrita por Tomas de Celano, h\u00e1 o relato em que certo dia, na manh\u00e3 do Natal do Senhor, as irm\u00e3s deixaram Clara sozinha em casa para ir \u00e0 missa na igreja S\u00e3o Francisco. Clara j\u00e1 estava muito doente e debilitada para sair e participar da celebra\u00e7\u00e3o. Clara estava rezando, quando passa a ver e ouvir toda a celebra\u00e7\u00e3o, que acontecia longe de onde ela estava. Quando as irm\u00e3s retornaram, Clara relatou tudo o que tinha acontecido na celebra\u00e7\u00e3o. Por isso, em 1958, o Papa Pio XII declarou Santa Clara como a Padroeira da Televis\u00e3o.<\/p>\n<p>Para Karine, a comunica\u00e7\u00e3o \u00e9 uma das melhores formas de divulgar o carisma clariano. &#8220;Quanto mais encontrarmos programas que falem de Santa Clara e divulguem o carisma, melhor. Santa Clara trouxe muitos ensinamentos e que ainda s\u00e3o atuais. S\u00e3o 20 mil religiosas clarissas em todo o mundo. Elas est\u00e3o nos mosteiros e a comunica\u00e7\u00e3o \u00e9 uma forma de levar a mensagem at\u00e9 onde elas n\u00e3o podem chegar. A comunica\u00e7\u00e3o busca atalhos e caminhos para chegar onde n\u00e3o podemos ir&#8221;, relatou a assessora.<\/p>\n<p><strong>A maior ordem feminina do mundo<\/strong><\/p>\n<p>A Ordem das Clarissas \u00e9 a ordem feminina mais numerosa do mundo. Ao todo, s\u00e3o 20 mil religiosas em todo o mundo. S\u00f3 no Brasil existem 20 mosteiros, com um n\u00famero estimado de 300 religiosas, entre as Clarissas, Clarissas urbanistas e Clarissas capuchinhas. Para a estudiosa, que tamb\u00e9m \u00e9 vocacionada clarissa, s\u00e3o muitos fatores que levam \u00e0 diminui\u00e7\u00e3o de voca\u00e7\u00f5es na Igreja, como as diversas possibilidades oferecidas pelo mundo e a falta de influ\u00eancia religiosa nas fam\u00edlias. Mas, embora o n\u00famero de voca\u00e7\u00f5es tenha diminu\u00eddo, elas sempre ir\u00e3o existir. &#8220;A voca\u00e7\u00e3o \u00e9 da comunidade. Ela \u00e9 muito maior que outros fatores, como o estudo, por exemplo&#8221;, relata Karine. Para ela, outro fator determinante \u00e9 ter perseveran\u00e7a na caminhada vocacional.<\/p>\n<p><strong>S\u00e9rie \u201cNos passos de Santa Clara\u201d<\/strong><\/p>\n<p>A partir desta sexta-feira, 2 de agosto, a Web TV Franciscanos d\u00e1 in\u00edcio \u00e0 s\u00e9rie <a href=\"https:\/\/www.youtube.com\/watch?v=q_HVbfVVDR4\" target=\"_blank\" rel=\"noopener noreferrer\"><strong>\u201cNos passos de Santa Clara\u201d<\/strong><\/a>. Ser\u00e3o nove v\u00eddeos falando sobre os principais aspectos da vida e voca\u00e7\u00e3o de Santa Clara de Assis.<\/p>\n","protected":false},"excerpt":{"rendered":"<p>Frente da Comunica\u00e7\u00e3o<\/p>\n","protected":false},"author":1,"featured_media":208611,"comment_status":"open","ping_status":"open","sticky":false,"template":"","format":"standard","meta":[],"categories":[1],"tags":[550],"acf":[],"yoast_head":"<!-- This site is optimized with the Yoast SEO plugin v19.2 - https:\/\/yoast.com\/wordpress\/plugins\/seo\/ -->\n<title>Comunicadores refletem sobre Clara de Assis - Not\u00edcias - Franciscanos<\/title>\n<meta name=\"robots\" content=\"index, follow, max-snippet:-1, max-image-preview:large, max-video-preview:-1\" \/>\n<link rel=\"canonical\" href=\"https:\/\/franciscanos.org.br\/noticias\/comunicadores-refletem-sobre-clara-de-assis.html\" \/>\n<meta property=\"og:locale\" content=\"pt_BR\" \/>\n<meta property=\"og:type\" content=\"article\" \/>\n<meta property=\"og:title\" content=\"Comunicadores refletem sobre Clara de Assis - Not\u00edcias - Franciscanos\" \/>\n<meta property=\"og:description\" content=\"Frente da Comunica\u00e7\u00e3o\" \/>\n<meta property=\"og:url\" content=\"https:\/\/franciscanos.org.br\/noticias\/comunicadores-refletem-sobre-clara-de-assis.html\" \/>\n<meta property=\"og:site_name\" content=\"Not\u00edcias - Franciscanos\" \/>\n<meta property=\"article:published_time\" content=\"2019-08-02T13:51:42+00:00\" \/>\n<meta property=\"article:modified_time\" content=\"2020-08-31T18:34:17+00:00\" \/>\n<meta property=\"og:image\" content=\"https:\/\/franciscanos.org.br\/noticias\/wp-content\/uploads\/2019\/08\/form-perm_020819p.jpg\" \/>\n\t<meta property=\"og:image:width\" content=\"273\" \/>\n\t<meta property=\"og:image:height\" content=\"181\" \/>\n\t<meta property=\"og:image:type\" content=\"image\/jpeg\" \/>\n<meta name=\"author\" content=\"admin\" \/>\n<meta name=\"twitter:card\" content=\"summary_large_image\" \/>\n<meta name=\"twitter:label1\" content=\"Escrito por\" \/>\n\t<meta name=\"twitter:data1\" content=\"admin\" \/>\n\t<meta name=\"twitter:label2\" content=\"Est. tempo de leitura\" \/>\n\t<meta name=\"twitter:data2\" content=\"4 minutos\" \/>\n<script type=\"application\/ld+json\" class=\"yoast-schema-graph\">{\"@context\":\"https:\/\/schema.org\",\"@graph\":[{\"@type\":\"WebSite\",\"@id\":\"https:\/\/franciscanos.org.br\/noticias\/#website\",\"url\":\"https:\/\/franciscanos.org.br\/noticias\/\",\"name\":\"Not\u00edcias - Franciscanos\",\"description\":\"Prov\u00edncia Franciscana da Imaculada Concei\u00e7\u00e3o do Brasil - Ordem dos Frades Menores - OFM\",\"potentialAction\":[{\"@type\":\"SearchAction\",\"target\":{\"@type\":\"EntryPoint\",\"urlTemplate\":\"https:\/\/franciscanos.org.br\/noticias\/?s={search_term_string}\"},\"query-input\":\"required name=search_term_string\"}],\"inLanguage\":\"pt-BR\"},{\"@type\":\"ImageObject\",\"inLanguage\":\"pt-BR\",\"@id\":\"https:\/\/franciscanos.org.br\/noticias\/comunicadores-refletem-sobre-clara-de-assis.html#primaryimage\",\"url\":\"https:\/\/franciscanos.org.br\/noticias\/wp-content\/uploads\/2019\/08\/form-perm_020819p.jpg\",\"contentUrl\":\"https:\/\/franciscanos.org.br\/noticias\/wp-content\/uploads\/2019\/08\/form-perm_020819p.jpg\",\"width\":273,\"height\":181},{\"@type\":\"WebPage\",\"@id\":\"https:\/\/franciscanos.org.br\/noticias\/comunicadores-refletem-sobre-clara-de-assis.html#webpage\",\"url\":\"https:\/\/franciscanos.org.br\/noticias\/comunicadores-refletem-sobre-clara-de-assis.html\",\"name\":\"Comunicadores refletem sobre Clara de Assis - Not\u00edcias - Franciscanos\",\"isPartOf\":{\"@id\":\"https:\/\/franciscanos.org.br\/noticias\/#website\"},\"primaryImageOfPage\":{\"@id\":\"https:\/\/franciscanos.org.br\/noticias\/comunicadores-refletem-sobre-clara-de-assis.html#primaryimage\"},\"datePublished\":\"2019-08-02T13:51:42+00:00\",\"dateModified\":\"2020-08-31T18:34:17+00:00\",\"author\":{\"@id\":\"https:\/\/franciscanos.org.br\/noticias\/#\/schema\/person\/b38fbf43118f02820bd932f2e4b14ad3\"},\"breadcrumb\":{\"@id\":\"https:\/\/franciscanos.org.br\/noticias\/comunicadores-refletem-sobre-clara-de-assis.html#breadcrumb\"},\"inLanguage\":\"pt-BR\",\"potentialAction\":[{\"@type\":\"ReadAction\",\"target\":[\"https:\/\/franciscanos.org.br\/noticias\/comunicadores-refletem-sobre-clara-de-assis.html\"]}]},{\"@type\":\"BreadcrumbList\",\"@id\":\"https:\/\/franciscanos.org.br\/noticias\/comunicadores-refletem-sobre-clara-de-assis.html#breadcrumb\",\"itemListElement\":[{\"@type\":\"ListItem\",\"position\":1,\"name\":\"Home\",\"item\":\"https:\/\/franciscanos.org.br\/noticias\"},{\"@type\":\"ListItem\",\"position\":2,\"name\":\"Comunicadores refletem sobre Clara de Assis\"}]},{\"@type\":\"Person\",\"@id\":\"https:\/\/franciscanos.org.br\/noticias\/#\/schema\/person\/b38fbf43118f02820bd932f2e4b14ad3\",\"name\":\"admin\",\"image\":{\"@type\":\"ImageObject\",\"inLanguage\":\"pt-BR\",\"@id\":\"https:\/\/franciscanos.org.br\/noticias\/#\/schema\/person\/image\/\",\"url\":\"https:\/\/secure.gravatar.com\/avatar\/e8495742d34d0ba6448ea1c628263b3e?s=96&d=mm&r=g\",\"contentUrl\":\"https:\/\/secure.gravatar.com\/avatar\/e8495742d34d0ba6448ea1c628263b3e?s=96&d=mm&r=g\",\"caption\":\"admin\"},\"url\":\"https:\/\/franciscanos.org.br\/noticias\/author\/admin\"}]}<\/script>\n<!-- \/ Yoast SEO plugin. -->","yoast_head_json":{"title":"Comunicadores refletem sobre Clara de Assis - Not\u00edcias - Franciscanos","robots":{"index":"index","follow":"follow","max-snippet":"max-snippet:-1","max-image-preview":"max-image-preview:large","max-video-preview":"max-video-preview:-1"},"canonical":"https:\/\/franciscanos.org.br\/noticias\/comunicadores-refletem-sobre-clara-de-assis.html","og_locale":"pt_BR","og_type":"article","og_title":"Comunicadores refletem sobre Clara de Assis - Not\u00edcias - Franciscanos","og_description":"Frente da Comunica\u00e7\u00e3o","og_url":"https:\/\/franciscanos.org.br\/noticias\/comunicadores-refletem-sobre-clara-de-assis.html","og_site_name":"Not\u00edcias - Franciscanos","article_published_time":"2019-08-02T13:51:42+00:00","article_modified_time":"2020-08-31T18:34:17+00:00","og_image":[{"width":273,"height":181,"url":"https:\/\/franciscanos.org.br\/noticias\/wp-content\/uploads\/2019\/08\/form-perm_020819p.jpg","type":"image\/jpeg"}],"author":"admin","twitter_card":"summary_large_image","twitter_misc":{"Escrito por":"admin","Est. tempo de leitura":"4 minutos"},"schema":{"@context":"https:\/\/schema.org","@graph":[{"@type":"WebSite","@id":"https:\/\/franciscanos.org.br\/noticias\/#website","url":"https:\/\/franciscanos.org.br\/noticias\/","name":"Not\u00edcias - Franciscanos","description":"Prov\u00edncia Franciscana da Imaculada Concei\u00e7\u00e3o do Brasil - Ordem dos Frades Menores - OFM","potentialAction":[{"@type":"SearchAction","target":{"@type":"EntryPoint","urlTemplate":"https:\/\/franciscanos.org.br\/noticias\/?s={search_term_string}"},"query-input":"required name=search_term_string"}],"inLanguage":"pt-BR"},{"@type":"ImageObject","inLanguage":"pt-BR","@id":"https:\/\/franciscanos.org.br\/noticias\/comunicadores-refletem-sobre-clara-de-assis.html#primaryimage","url":"https:\/\/franciscanos.org.br\/noticias\/wp-content\/uploads\/2019\/08\/form-perm_020819p.jpg","contentUrl":"https:\/\/franciscanos.org.br\/noticias\/wp-content\/uploads\/2019\/08\/form-perm_020819p.jpg","width":273,"height":181},{"@type":"WebPage","@id":"https:\/\/franciscanos.org.br\/noticias\/comunicadores-refletem-sobre-clara-de-assis.html#webpage","url":"https:\/\/franciscanos.org.br\/noticias\/comunicadores-refletem-sobre-clara-de-assis.html","name":"Comunicadores refletem sobre Clara de Assis - Not\u00edcias - Franciscanos","isPartOf":{"@id":"https:\/\/franciscanos.org.br\/noticias\/#website"},"primaryImageOfPage":{"@id":"https:\/\/franciscanos.org.br\/noticias\/comunicadores-refletem-sobre-clara-de-assis.html#primaryimage"},"datePublished":"2019-08-02T13:51:42+00:00","dateModified":"2020-08-31T18:34:17+00:00","author":{"@id":"https:\/\/franciscanos.org.br\/noticias\/#\/schema\/person\/b38fbf43118f02820bd932f2e4b14ad3"},"breadcrumb":{"@id":"https:\/\/franciscanos.org.br\/noticias\/comunicadores-refletem-sobre-clara-de-assis.html#breadcrumb"},"inLanguage":"pt-BR","potentialAction":[{"@type":"ReadAction","target":["https:\/\/franciscanos.org.br\/noticias\/comunicadores-refletem-sobre-clara-de-assis.html"]}]},{"@type":"BreadcrumbList","@id":"https:\/\/franciscanos.org.br\/noticias\/comunicadores-refletem-sobre-clara-de-assis.html#breadcrumb","itemListElement":[{"@type":"ListItem","position":1,"name":"Home","item":"https:\/\/franciscanos.org.br\/noticias"},{"@type":"ListItem","position":2,"name":"Comunicadores refletem sobre Clara de Assis"}]},{"@type":"Person","@id":"https:\/\/franciscanos.org.br\/noticias\/#\/schema\/person\/b38fbf43118f02820bd932f2e4b14ad3","name":"admin","image":{"@type":"ImageObject","inLanguage":"pt-BR","@id":"https:\/\/franciscanos.org.br\/noticias\/#\/schema\/person\/image\/","url":"https:\/\/secure.gravatar.com\/avatar\/e8495742d34d0ba6448ea1c628263b3e?s=96&d=mm&r=g","contentUrl":"https:\/\/secure.gravatar.com\/avatar\/e8495742d34d0ba6448ea1c628263b3e?s=96&d=mm&r=g","caption":"admin"},"url":"https:\/\/franciscanos.org.br\/noticias\/author\/admin"}]}},"_links":{"self":[{"href":"https:\/\/franciscanos.org.br\/noticias\/wp-json\/wp\/v2\/posts\/208609"}],"collection":[{"href":"https:\/\/franciscanos.org.br\/noticias\/wp-json\/wp\/v2\/posts"}],"about":[{"href":"https:\/\/franciscanos.org.br\/noticias\/wp-json\/wp\/v2\/types\/post"}],"author":[{"embeddable":true,"href":"https:\/\/franciscanos.org.br\/noticias\/wp-json\/wp\/v2\/users\/1"}],"replies":[{"embeddable":true,"href":"https:\/\/franciscanos.org.br\/noticias\/wp-json\/wp\/v2\/comments?post=208609"}],"version-history":[{"count":1,"href":"https:\/\/franciscanos.org.br\/noticias\/wp-json\/wp\/v2\/posts\/208609\/revisions"}],"predecessor-version":[{"id":228077,"href":"https:\/\/franciscanos.org.br\/noticias\/wp-json\/wp\/v2\/posts\/208609\/revisions\/228077"}],"wp:featuredmedia":[{"embeddable":true,"href":"https:\/\/franciscanos.org.br\/noticias\/wp-json\/wp\/v2\/media\/208611"}],"wp:attachment":[{"href":"https:\/\/franciscanos.org.br\/noticias\/wp-json\/wp\/v2\/media?parent=208609"}],"wp:term":[{"taxonomy":"category","embeddable":true,"href":"https:\/\/franciscanos.org.br\/noticias\/wp-json\/wp\/v2\/categories?post=208609"},{"taxonomy":"post_tag","embeddable":true,"href":"https:\/\/franciscanos.org.br\/noticias\/wp-json\/wp\/v2\/tags?post=208609"}],"curies":[{"name":"wp","href":"https:\/\/api.w.org\/{rel}","templated":true}]}}