{"id":208519,"date":"2019-07-30T07:24:35","date_gmt":"2019-07-30T10:24:35","guid":{"rendered":"https:\/\/franciscanos.org.br\/noticias\/?p=208519"},"modified":"2019-07-30T07:24:35","modified_gmt":"2019-07-30T10:24:35","slug":"jufra-realiza-1a-feira-franciscana-na-paroquia-sao-lucas-de-angola","status":"publish","type":"post","link":"https:\/\/franciscanos.org.br\/noticias\/jufra-realiza-1a-feira-franciscana-na-paroquia-sao-lucas-de-angola.html","title":{"rendered":"Jufra realiza 1\u00aa Feira franciscana na Par\u00f3quia S\u00e3o Lucas de Angola"},"content":{"rendered":"<p><img loading=\"lazy\" class=\"alignnone size-full wp-image-208520\" src=\"https:\/\/franciscanos.org.br\/noticias\/wp-content\/uploads\/2019\/07\/angola_3007.jpg\" alt=\"\" width=\"890\" height=\"557\" srcset=\"https:\/\/franciscanos.org.br\/noticias\/wp-content\/uploads\/2019\/07\/angola_3007.jpg 890w, https:\/\/franciscanos.org.br\/noticias\/wp-content\/uploads\/2019\/07\/angola_3007-450x282.jpg 450w, https:\/\/franciscanos.org.br\/noticias\/wp-content\/uploads\/2019\/07\/angola_3007-768x481.jpg 768w, https:\/\/franciscanos.org.br\/noticias\/wp-content\/uploads\/2019\/07\/angola_3007-150x94.jpg 150w\" sizes=\"(max-width: 890px) 100vw, 890px\" \/><\/p>\n<p><strong>Luanda (Angola)<\/strong> &#8211; No dia 28 de julho, a Juventude franciscana (Jufra) realizou, pela primeira vez, a Feira Franciscana na Par\u00f3quia de S\u00e3o Lucas, localizada no munic\u00edpio de Kilamba Kiaxi, Bairro do Palanca (Luanda). O evento teve lugar na Comunidade S\u00e3o Marcos e contou com um bom n\u00famero de participantes, entre eles frades, crian\u00e7as, adolescentes, jovens e representantes da OFS. Por iniciativa dos frades que assistem \u00e0 Jufra desta comunidade, essas atividades dever\u00e3o acontecer de tr\u00eas em tr\u00eas meses com o objetivo de familiarizar as diversas fraternidades.<\/p>\n<p><img loading=\"lazy\" class=\"alignnone wp-image-208521 size-full\" src=\"https:\/\/franciscanos.org.br\/noticias\/wp-content\/uploads\/2019\/07\/angola_3007_3.jpg\" alt=\"\" width=\"890\" height=\"485\" srcset=\"https:\/\/franciscanos.org.br\/noticias\/wp-content\/uploads\/2019\/07\/angola_3007_3.jpg 890w, https:\/\/franciscanos.org.br\/noticias\/wp-content\/uploads\/2019\/07\/angola_3007_3-450x245.jpg 450w, https:\/\/franciscanos.org.br\/noticias\/wp-content\/uploads\/2019\/07\/angola_3007_3-768x419.jpg 768w, https:\/\/franciscanos.org.br\/noticias\/wp-content\/uploads\/2019\/07\/angola_3007_3-150x82.jpg 150w\" sizes=\"(max-width: 890px) 100vw, 890px\" \/><\/p>\n<p>A atividade teve in\u00edcio depois da Missa das 7h30 com a exposi\u00e7\u00e3o de materiais franciscanos, lit\u00fargicos, culturais, entre outros. Os grupos realizaram visita aos doentes e idosos da comunidade anfitri\u00e3. A feira teve como objetivo tornar mais vis\u00edvel o carisma franciscano na Par\u00f3quia e a intera\u00e7\u00e3o com outros irm\u00e3os. Com o lema da Feira, \u201cOnde est\u00e1 o meu irm\u00e3o?\u201d, Frei Alberto Capi\u00f1gala Martinho Sambei fez uma reflex\u00e3o e questionou: \u201cQuem \u00e9 o meu irm\u00e3o?\u201d. Durante a reflex\u00e3o dizia que o meu irm\u00e3o \u00e9 todo aquele que ouve e partilha a experi\u00eancia de vida comigo, seja de uma forma direta ou indireta.<\/p>\n<p><img loading=\"lazy\" class=\"alignnone wp-image-208522 size-full\" src=\"https:\/\/franciscanos.org.br\/noticias\/wp-content\/uploads\/2019\/07\/angola_3007_2.jpg\" alt=\"\" width=\"890\" height=\"420\" srcset=\"https:\/\/franciscanos.org.br\/noticias\/wp-content\/uploads\/2019\/07\/angola_3007_2.jpg 890w, https:\/\/franciscanos.org.br\/noticias\/wp-content\/uploads\/2019\/07\/angola_3007_2-450x212.jpg 450w, https:\/\/franciscanos.org.br\/noticias\/wp-content\/uploads\/2019\/07\/angola_3007_2-768x362.jpg 768w, https:\/\/franciscanos.org.br\/noticias\/wp-content\/uploads\/2019\/07\/angola_3007_2-150x71.jpg 150w\" sizes=\"(max-width: 890px) 100vw, 890px\" \/><\/p>\n<p>Acrescentou dizendo que os irm\u00e3os devem ter uma rela\u00e7\u00e3o fraternal, solid\u00e1ria e amorosa e tamb\u00e9m alertou a todos que a miss\u00e3o de paz nasce de um cora\u00e7\u00e3o pac\u00edfico, fruto de uma experi\u00eancia de perd\u00e3o, de miseric\u00f3rdia e da gratuidade no seguimento de Jesus Cristo, completamente voltado aos valores do reino de Deus: amor, justi\u00e7a e paz. A atividade terminou com uma tarde recreativa.<\/p>\n<p><strong>\u00a0Frei Jo\u00e3o Baptista Culiaquita<\/strong><\/p>\n<p><img loading=\"lazy\" class=\"alignnone size-full wp-image-208523\" src=\"https:\/\/franciscanos.org.br\/noticias\/wp-content\/uploads\/2019\/07\/angola_3007_1.jpg\" alt=\"\" width=\"890\" height=\"593\" srcset=\"https:\/\/franciscanos.org.br\/noticias\/wp-content\/uploads\/2019\/07\/angola_3007_1.jpg 890w, https:\/\/franciscanos.org.br\/noticias\/wp-content\/uploads\/2019\/07\/angola_3007_1-450x300.jpg 450w, https:\/\/franciscanos.org.br\/noticias\/wp-content\/uploads\/2019\/07\/angola_3007_1-768x512.jpg 768w, https:\/\/franciscanos.org.br\/noticias\/wp-content\/uploads\/2019\/07\/angola_3007_1-150x100.jpg 150w\" sizes=\"(max-width: 890px) 100vw, 890px\" \/><\/p>\n","protected":false},"excerpt":{"rendered":"<p>Funda\u00e7\u00e3o Imaculada M\u00e3e de Deus de Angola<\/p>\n","protected":false},"author":3,"featured_media":208524,"comment_status":"open","ping_status":"open","sticky":false,"template":"","format":"standard","meta":[],"categories":[1],"tags":[360],"acf":[],"yoast_head":"<!-- This site is optimized with the Yoast SEO plugin v19.2 - https:\/\/yoast.com\/wordpress\/plugins\/seo\/ -->\n<title>Jufra realiza 1\u00aa Feira franciscana na Par\u00f3quia S\u00e3o Lucas de Angola - Not\u00edcias - Franciscanos<\/title>\n<meta name=\"robots\" content=\"index, follow, max-snippet:-1, max-image-preview:large, max-video-preview:-1\" \/>\n<link rel=\"canonical\" href=\"https:\/\/franciscanos.org.br\/noticias\/jufra-realiza-1a-feira-franciscana-na-paroquia-sao-lucas-de-angola.html\" \/>\n<meta property=\"og:locale\" content=\"pt_BR\" \/>\n<meta property=\"og:type\" content=\"article\" \/>\n<meta property=\"og:title\" content=\"Jufra realiza 1\u00aa Feira franciscana na Par\u00f3quia S\u00e3o Lucas de Angola - Not\u00edcias - Franciscanos\" \/>\n<meta property=\"og:description\" content=\"Funda\u00e7\u00e3o Imaculada M\u00e3e de Deus de Angola\" \/>\n<meta property=\"og:url\" content=\"https:\/\/franciscanos.org.br\/noticias\/jufra-realiza-1a-feira-franciscana-na-paroquia-sao-lucas-de-angola.html\" \/>\n<meta property=\"og:site_name\" content=\"Not\u00edcias - Franciscanos\" \/>\n<meta property=\"article:published_time\" content=\"2019-07-30T10:24:35+00:00\" \/>\n<meta property=\"og:image\" content=\"https:\/\/franciscanos.org.br\/noticias\/wp-content\/uploads\/2019\/07\/angola_3007d.jpg\" \/>\n\t<meta property=\"og:image:width\" content=\"273\" \/>\n\t<meta property=\"og:image:height\" content=\"181\" \/>\n\t<meta property=\"og:image:type\" content=\"image\/jpeg\" \/>\n<meta name=\"author\" content=\"moacir\" \/>\n<meta name=\"twitter:card\" content=\"summary_large_image\" \/>\n<meta name=\"twitter:label1\" content=\"Escrito por\" \/>\n\t<meta name=\"twitter:data1\" content=\"moacir\" \/>\n\t<meta name=\"twitter:label2\" content=\"Est. tempo de leitura\" \/>\n\t<meta name=\"twitter:data2\" content=\"1 minuto\" \/>\n<script type=\"application\/ld+json\" class=\"yoast-schema-graph\">{\"@context\":\"https:\/\/schema.org\",\"@graph\":[{\"@type\":\"WebSite\",\"@id\":\"https:\/\/franciscanos.org.br\/noticias\/#website\",\"url\":\"https:\/\/franciscanos.org.br\/noticias\/\",\"name\":\"Not\u00edcias - Franciscanos\",\"description\":\"Prov\u00edncia Franciscana da Imaculada Concei\u00e7\u00e3o do Brasil - Ordem dos Frades Menores - OFM\",\"potentialAction\":[{\"@type\":\"SearchAction\",\"target\":{\"@type\":\"EntryPoint\",\"urlTemplate\":\"https:\/\/franciscanos.org.br\/noticias\/?s={search_term_string}\"},\"query-input\":\"required name=search_term_string\"}],\"inLanguage\":\"pt-BR\"},{\"@type\":\"ImageObject\",\"inLanguage\":\"pt-BR\",\"@id\":\"https:\/\/franciscanos.org.br\/noticias\/jufra-realiza-1a-feira-franciscana-na-paroquia-sao-lucas-de-angola.html#primaryimage\",\"url\":\"https:\/\/franciscanos.org.br\/noticias\/wp-content\/uploads\/2019\/07\/angola_3007d.jpg\",\"contentUrl\":\"https:\/\/franciscanos.org.br\/noticias\/wp-content\/uploads\/2019\/07\/angola_3007d.jpg\",\"width\":273,\"height\":181},{\"@type\":\"WebPage\",\"@id\":\"https:\/\/franciscanos.org.br\/noticias\/jufra-realiza-1a-feira-franciscana-na-paroquia-sao-lucas-de-angola.html#webpage\",\"url\":\"https:\/\/franciscanos.org.br\/noticias\/jufra-realiza-1a-feira-franciscana-na-paroquia-sao-lucas-de-angola.html\",\"name\":\"Jufra realiza 1\u00aa Feira franciscana na Par\u00f3quia S\u00e3o Lucas de Angola - Not\u00edcias - Franciscanos\",\"isPartOf\":{\"@id\":\"https:\/\/franciscanos.org.br\/noticias\/#website\"},\"primaryImageOfPage\":{\"@id\":\"https:\/\/franciscanos.org.br\/noticias\/jufra-realiza-1a-feira-franciscana-na-paroquia-sao-lucas-de-angola.html#primaryimage\"},\"datePublished\":\"2019-07-30T10:24:35+00:00\",\"dateModified\":\"2019-07-30T10:24:35+00:00\",\"author\":{\"@id\":\"https:\/\/franciscanos.org.br\/noticias\/#\/schema\/person\/b5c8cba458c330ccff548b056e95a5d4\"},\"breadcrumb\":{\"@id\":\"https:\/\/franciscanos.org.br\/noticias\/jufra-realiza-1a-feira-franciscana-na-paroquia-sao-lucas-de-angola.html#breadcrumb\"},\"inLanguage\":\"pt-BR\",\"potentialAction\":[{\"@type\":\"ReadAction\",\"target\":[\"https:\/\/franciscanos.org.br\/noticias\/jufra-realiza-1a-feira-franciscana-na-paroquia-sao-lucas-de-angola.html\"]}]},{\"@type\":\"BreadcrumbList\",\"@id\":\"https:\/\/franciscanos.org.br\/noticias\/jufra-realiza-1a-feira-franciscana-na-paroquia-sao-lucas-de-angola.html#breadcrumb\",\"itemListElement\":[{\"@type\":\"ListItem\",\"position\":1,\"name\":\"Home\",\"item\":\"https:\/\/franciscanos.org.br\/noticias\"},{\"@type\":\"ListItem\",\"position\":2,\"name\":\"Jufra realiza 1\u00aa Feira franciscana na Par\u00f3quia S\u00e3o Lucas de Angola\"}]},{\"@type\":\"Person\",\"@id\":\"https:\/\/franciscanos.org.br\/noticias\/#\/schema\/person\/b5c8cba458c330ccff548b056e95a5d4\",\"name\":\"moacir\",\"image\":{\"@type\":\"ImageObject\",\"inLanguage\":\"pt-BR\",\"@id\":\"https:\/\/franciscanos.org.br\/noticias\/#\/schema\/person\/image\/\",\"url\":\"https:\/\/secure.gravatar.com\/avatar\/d08aa2ce4c8dd416d4479aa8536fcf64?s=96&d=mm&r=g\",\"contentUrl\":\"https:\/\/secure.gravatar.com\/avatar\/d08aa2ce4c8dd416d4479aa8536fcf64?s=96&d=mm&r=g\",\"caption\":\"moacir\"},\"url\":\"https:\/\/franciscanos.org.br\/noticias\/author\/moacir\"}]}<\/script>\n<!-- \/ Yoast SEO plugin. -->","yoast_head_json":{"title":"Jufra realiza 1\u00aa Feira franciscana na Par\u00f3quia S\u00e3o Lucas de Angola - Not\u00edcias - Franciscanos","robots":{"index":"index","follow":"follow","max-snippet":"max-snippet:-1","max-image-preview":"max-image-preview:large","max-video-preview":"max-video-preview:-1"},"canonical":"https:\/\/franciscanos.org.br\/noticias\/jufra-realiza-1a-feira-franciscana-na-paroquia-sao-lucas-de-angola.html","og_locale":"pt_BR","og_type":"article","og_title":"Jufra realiza 1\u00aa Feira franciscana na Par\u00f3quia S\u00e3o Lucas de Angola - Not\u00edcias - Franciscanos","og_description":"Funda\u00e7\u00e3o Imaculada M\u00e3e de Deus de Angola","og_url":"https:\/\/franciscanos.org.br\/noticias\/jufra-realiza-1a-feira-franciscana-na-paroquia-sao-lucas-de-angola.html","og_site_name":"Not\u00edcias - Franciscanos","article_published_time":"2019-07-30T10:24:35+00:00","og_image":[{"width":273,"height":181,"url":"https:\/\/franciscanos.org.br\/noticias\/wp-content\/uploads\/2019\/07\/angola_3007d.jpg","type":"image\/jpeg"}],"author":"moacir","twitter_card":"summary_large_image","twitter_misc":{"Escrito por":"moacir","Est. tempo de leitura":"1 minuto"},"schema":{"@context":"https:\/\/schema.org","@graph":[{"@type":"WebSite","@id":"https:\/\/franciscanos.org.br\/noticias\/#website","url":"https:\/\/franciscanos.org.br\/noticias\/","name":"Not\u00edcias - Franciscanos","description":"Prov\u00edncia Franciscana da Imaculada Concei\u00e7\u00e3o do Brasil - Ordem dos Frades Menores - OFM","potentialAction":[{"@type":"SearchAction","target":{"@type":"EntryPoint","urlTemplate":"https:\/\/franciscanos.org.br\/noticias\/?s={search_term_string}"},"query-input":"required name=search_term_string"}],"inLanguage":"pt-BR"},{"@type":"ImageObject","inLanguage":"pt-BR","@id":"https:\/\/franciscanos.org.br\/noticias\/jufra-realiza-1a-feira-franciscana-na-paroquia-sao-lucas-de-angola.html#primaryimage","url":"https:\/\/franciscanos.org.br\/noticias\/wp-content\/uploads\/2019\/07\/angola_3007d.jpg","contentUrl":"https:\/\/franciscanos.org.br\/noticias\/wp-content\/uploads\/2019\/07\/angola_3007d.jpg","width":273,"height":181},{"@type":"WebPage","@id":"https:\/\/franciscanos.org.br\/noticias\/jufra-realiza-1a-feira-franciscana-na-paroquia-sao-lucas-de-angola.html#webpage","url":"https:\/\/franciscanos.org.br\/noticias\/jufra-realiza-1a-feira-franciscana-na-paroquia-sao-lucas-de-angola.html","name":"Jufra realiza 1\u00aa Feira franciscana na Par\u00f3quia S\u00e3o Lucas de Angola - Not\u00edcias - Franciscanos","isPartOf":{"@id":"https:\/\/franciscanos.org.br\/noticias\/#website"},"primaryImageOfPage":{"@id":"https:\/\/franciscanos.org.br\/noticias\/jufra-realiza-1a-feira-franciscana-na-paroquia-sao-lucas-de-angola.html#primaryimage"},"datePublished":"2019-07-30T10:24:35+00:00","dateModified":"2019-07-30T10:24:35+00:00","author":{"@id":"https:\/\/franciscanos.org.br\/noticias\/#\/schema\/person\/b5c8cba458c330ccff548b056e95a5d4"},"breadcrumb":{"@id":"https:\/\/franciscanos.org.br\/noticias\/jufra-realiza-1a-feira-franciscana-na-paroquia-sao-lucas-de-angola.html#breadcrumb"},"inLanguage":"pt-BR","potentialAction":[{"@type":"ReadAction","target":["https:\/\/franciscanos.org.br\/noticias\/jufra-realiza-1a-feira-franciscana-na-paroquia-sao-lucas-de-angola.html"]}]},{"@type":"BreadcrumbList","@id":"https:\/\/franciscanos.org.br\/noticias\/jufra-realiza-1a-feira-franciscana-na-paroquia-sao-lucas-de-angola.html#breadcrumb","itemListElement":[{"@type":"ListItem","position":1,"name":"Home","item":"https:\/\/franciscanos.org.br\/noticias"},{"@type":"ListItem","position":2,"name":"Jufra realiza 1\u00aa Feira franciscana na Par\u00f3quia S\u00e3o Lucas de Angola"}]},{"@type":"Person","@id":"https:\/\/franciscanos.org.br\/noticias\/#\/schema\/person\/b5c8cba458c330ccff548b056e95a5d4","name":"moacir","image":{"@type":"ImageObject","inLanguage":"pt-BR","@id":"https:\/\/franciscanos.org.br\/noticias\/#\/schema\/person\/image\/","url":"https:\/\/secure.gravatar.com\/avatar\/d08aa2ce4c8dd416d4479aa8536fcf64?s=96&d=mm&r=g","contentUrl":"https:\/\/secure.gravatar.com\/avatar\/d08aa2ce4c8dd416d4479aa8536fcf64?s=96&d=mm&r=g","caption":"moacir"},"url":"https:\/\/franciscanos.org.br\/noticias\/author\/moacir"}]}},"_links":{"self":[{"href":"https:\/\/franciscanos.org.br\/noticias\/wp-json\/wp\/v2\/posts\/208519"}],"collection":[{"href":"https:\/\/franciscanos.org.br\/noticias\/wp-json\/wp\/v2\/posts"}],"about":[{"href":"https:\/\/franciscanos.org.br\/noticias\/wp-json\/wp\/v2\/types\/post"}],"author":[{"embeddable":true,"href":"https:\/\/franciscanos.org.br\/noticias\/wp-json\/wp\/v2\/users\/3"}],"replies":[{"embeddable":true,"href":"https:\/\/franciscanos.org.br\/noticias\/wp-json\/wp\/v2\/comments?post=208519"}],"version-history":[{"count":0,"href":"https:\/\/franciscanos.org.br\/noticias\/wp-json\/wp\/v2\/posts\/208519\/revisions"}],"wp:featuredmedia":[{"embeddable":true,"href":"https:\/\/franciscanos.org.br\/noticias\/wp-json\/wp\/v2\/media\/208524"}],"wp:attachment":[{"href":"https:\/\/franciscanos.org.br\/noticias\/wp-json\/wp\/v2\/media?parent=208519"}],"wp:term":[{"taxonomy":"category","embeddable":true,"href":"https:\/\/franciscanos.org.br\/noticias\/wp-json\/wp\/v2\/categories?post=208519"},{"taxonomy":"post_tag","embeddable":true,"href":"https:\/\/franciscanos.org.br\/noticias\/wp-json\/wp\/v2\/tags?post=208519"}],"curies":[{"name":"wp","href":"https:\/\/api.w.org\/{rel}","templated":true}]}}