{"id":208512,"date":"2019-07-29T13:36:05","date_gmt":"2019-07-29T16:36:05","guid":{"rendered":"https:\/\/franciscanos.org.br\/noticias\/?p=208512"},"modified":"2021-01-20T08:59:09","modified_gmt":"2021-01-20T11:59:09","slug":"pelo-respeito-a-vida-e-a-criacao-contra-toda-e-qualquer-forma-de-violencia","status":"publish","type":"post","link":"https:\/\/franciscanos.org.br\/noticias\/pelo-respeito-a-vida-e-a-criacao-contra-toda-e-qualquer-forma-de-violencia.html","title":{"rendered":"Pelo respeito \u00e0 vida e \u00e0 cria\u00e7\u00e3o, contra toda e qualquer forma de viol\u00eancia"},"content":{"rendered":"<p>&nbsp;<\/p>\n<div id=\"attachment_230500\" style=\"width: 1060px\" class=\"wp-caption alignnone\"><img aria-describedby=\"caption-attachment-230500\" loading=\"lazy\" class=\"wp-image-230500 size-full\" src=\"https:\/\/franciscanos.org.br\/noticias\/wp-content\/uploads\/2019\/07\/indios_2001.jpg\" alt=\"\" width=\"1050\" height=\"591\" srcset=\"https:\/\/franciscanos.org.br\/noticias\/wp-content\/uploads\/2019\/07\/indios_2001.jpg 1050w, https:\/\/franciscanos.org.br\/noticias\/wp-content\/uploads\/2019\/07\/indios_2001-450x253.jpg 450w, https:\/\/franciscanos.org.br\/noticias\/wp-content\/uploads\/2019\/07\/indios_2001-1024x576.jpg 1024w, https:\/\/franciscanos.org.br\/noticias\/wp-content\/uploads\/2019\/07\/indios_2001-768x432.jpg 768w, https:\/\/franciscanos.org.br\/noticias\/wp-content\/uploads\/2019\/07\/indios_2001-150x84.jpg 150w\" sizes=\"(max-width: 1050px) 100vw, 1050px\" \/><p id=\"caption-attachment-230500\" class=\"wp-caption-text\">\u00a0 \u00a0 \u00a0 \u00a0 \u00a0 \u00a0 \u00a0 \u00a0 \u00a0 \u00a0 \u00a0 \u00a0 \u00a0 \u00a0 \u00a0 \u00a0 \u00a0 \u00a0 \u00a0 \u00a0 \u00a0 \u00a0 \u00a0 \u00a0 \u00a0 \u00a0 \u00a0 \u00a0 \u00a0 \u00a0 \u00a0 \u00a0 \u00a0 \u00a0 \u00a0 \u00a0 \u00a0 \u00a0 \u00a0 \u00a0 \u00a0 \u00a0 \u00a0 \u00a0 \u00a0 \u00a0 \u00a0 \u00a0 \u00a0 \u00a0 \u00a0 \u00a0 \u00a0 \u00a0 \u00a0 \u00a0 \u00a0 \u00a0 \u00a0 \u00a0 \u00a0 \u00a0 \u00a0 \u00a0 \u00a0 \u00a0 \u00a0 \u00a0 \u00a0 \u00a0 \u00a0 \u00a0 \u00a0 \u00a0 \u00a0<em> \u00a0 \u00a0 \u00a0 \u00a0Imagem cortesia do CIMI\/Guilherme Cavalli<\/em><\/p><\/div>\n<p style=\"padding-left: 40px;\"><em>Com efeito, h\u00e1 \u201cpropostas de internacionaliza\u00e7\u00e3o da Amaz\u00f4nia que s\u00f3 servem aos interesses econ\u00f4micos das organiza\u00e7\u00f5es internacionais\u201d. \u00c9 louv\u00e1vel a tarefa de organismos internacionais e organiza\u00e7\u00f5es da sociedade civil que sensibilizam as popula\u00e7\u00f5es e colaboram de forma cr\u00edtica, inclusive utilizando leg\u00edtimos mecanismos de press\u00e3o, para que cada governo cumpra o dever pr\u00f3prio e n\u00e3o deleg\u00e1vel de preservar o meio ambiente e os recursos naturais de seu pa\u00eds, sem se vender a esp\u00farios interesses locais ou internacionais<\/em>.<br \/>\n(PAPA FRANCISCO, <strong>Carta Enc\u00edclica <em>Laudato Si\u2019<\/em>, <\/strong>38).<\/p>\n<p>S\u00e3o Paulo, 29 de julho de 2019.<\/p>\n<p>Paz e Bem!<\/p>\n<p>Na qualidade de filhos de S\u00e3o Francisco de Assis, inspirador principal do Santo Padre na elabora\u00e7\u00e3o da Carta Enc\u00edclica <strong><em>Laudato Si\u2019, <\/em>sobre o cuidado da Casa Comum<\/strong>, n\u00f3s, Franciscanos da Prov\u00edncia da Imaculada Concei\u00e7\u00e3o do Brasil, da Ordem dos Frades Menores, sentimo-nos na obriga\u00e7\u00e3o de manifestar nosso pesar e nossa m\u00e1xima preocupa\u00e7\u00e3o no que diz respeito aos rumos quem t\u00eam sido dados \u00e0 pol\u00edtica ambiental em nosso pa\u00eds e seus nefastos resultados, presentes e vindouros.<\/p>\n<p>Em primeiro lugar, somos solid\u00e1rios e fazemos coro a nossos irm\u00e3os cientistas do Instituto Nacional de Pesquisas Espaciais (Inpe) quando, pautados na exatid\u00e3o de dados da ci\u00eancia, advertem a sociedade e o governo sobre o avan\u00e7o de 88% no desmatamento da Amaz\u00f4nia em rela\u00e7\u00e3o ao ano passado. \u00c0s v\u00e9speras do S\u00ednodo Pan-Amaz\u00f4nico, quando a Igreja Cat\u00f3lica do mundo todo lan\u00e7a seu olhar sobre este territ\u00f3rio fundamental para a manuten\u00e7\u00e3o do equil\u00edbrio do planeta, desejamos nos unir num grande alerta em favor da preserva\u00e7\u00e3o deste bioma.<\/p>\n<p>Tamb\u00e9m manifestamos irrestrita solidariedade aos povos ind\u00edgenas, habitantes origin\u00e1rios de nossas terras. Cada declara\u00e7\u00e3o infeliz que os desautorize ou menospreze sua luta por direitos leg\u00edtimos e inalien\u00e1veis, cada gesto de viol\u00eancia e \u00f3dio contra eles desferido \u00e9 um golpe fatal no cora\u00e7\u00e3o da humanidade e na ess\u00eancia da proposta Evang\u00e9lica de Jesus Cristo, de \u201cvida, e vida plena, para todos\u201d (Jo 10,10). N\u00e3o podemos aceitar passivamente epis\u00f3dios como o assassinato do l\u00edder ind\u00edgena Waj\u00e3pi, morto de forma violenta na \u00faltima semana, no Amap\u00e1, e de muitos outros que v\u00eam tombando de forma violenta pelo fato de lutarem por justi\u00e7a.<\/p>\n<p>Cada vez mais percebemos com clareza o discurso excludente, violento e dominador que d\u00e1 origem \u00e0s mais variadas formas de destrui\u00e7\u00e3o, tanto da natureza em geral quanto da dignidade humana. Em total sintonia com os apelos do Papa Francisco, tanto na Enc\u00edclica <em>Laudato Si\u2019<\/em>, quanto em seus muitos pronunciamentos, queremos conclamar \u00e0 esperan\u00e7a ativa nossos confrades, os demais coparticipantes de nossa Miss\u00e3o Evangelizadora, a Fam\u00edlia Franciscana e todos os irm\u00e3os e irm\u00e3s que acreditam na resist\u00eancia pac\u00edfica como forma leg\u00edtima e eficaz de transforma\u00e7\u00e3o da realidade.<\/p>\n<p>Com estima fraterna e na certeza de que n\u00e3o estamos a s\u00f3s e contamos com a for\u00e7a de Deus,<\/p>\n<p><strong>Frei C\u00e9sar K\u00fclkamp, OFM<\/strong><\/p>\n<p>Ministro Provincial<\/p>\n<p>Prov\u00edncia Franciscana da Imaculada Concei\u00e7\u00e3o do Brasil<\/p>\n","protected":false},"excerpt":{"rendered":"<p>Mensagem da Prov\u00edncia da Imaculada<\/p>\n","protected":false},"author":3,"featured_media":230502,"comment_status":"open","ping_status":"open","sticky":false,"template":"","format":"standard","meta":[],"categories":[1],"tags":[306,834],"acf":[],"yoast_head":"<!-- This site is optimized with the Yoast SEO plugin v19.2 - https:\/\/yoast.com\/wordpress\/plugins\/seo\/ -->\n<title>Pelo respeito \u00e0 vida e \u00e0 cria\u00e7\u00e3o, contra toda e qualquer forma de viol\u00eancia - Not\u00edcias - Franciscanos<\/title>\n<meta name=\"robots\" content=\"index, follow, max-snippet:-1, max-image-preview:large, max-video-preview:-1\" \/>\n<link rel=\"canonical\" href=\"https:\/\/franciscanos.org.br\/noticias\/pelo-respeito-a-vida-e-a-criacao-contra-toda-e-qualquer-forma-de-violencia.html\" \/>\n<meta property=\"og:locale\" content=\"pt_BR\" \/>\n<meta property=\"og:type\" content=\"article\" \/>\n<meta property=\"og:title\" content=\"Pelo respeito \u00e0 vida e \u00e0 cria\u00e7\u00e3o, contra toda e qualquer forma de viol\u00eancia - Not\u00edcias - Franciscanos\" \/>\n<meta property=\"og:description\" content=\"Mensagem da Prov\u00edncia da Imaculada\" \/>\n<meta property=\"og:url\" content=\"https:\/\/franciscanos.org.br\/noticias\/pelo-respeito-a-vida-e-a-criacao-contra-toda-e-qualquer-forma-de-violencia.html\" \/>\n<meta property=\"og:site_name\" content=\"Not\u00edcias - Franciscanos\" \/>\n<meta property=\"article:published_time\" content=\"2019-07-29T16:36:05+00:00\" \/>\n<meta property=\"article:modified_time\" content=\"2021-01-20T11:59:09+00:00\" \/>\n<meta property=\"og:image\" content=\"https:\/\/franciscanos.org.br\/noticias\/wp-content\/uploads\/2019\/07\/indios_2001d.jpg\" \/>\n\t<meta property=\"og:image:width\" content=\"788\" \/>\n\t<meta property=\"og:image:height\" content=\"591\" \/>\n\t<meta property=\"og:image:type\" content=\"image\/jpeg\" \/>\n<meta name=\"author\" content=\"moacir\" \/>\n<meta name=\"twitter:card\" content=\"summary_large_image\" \/>\n<meta name=\"twitter:label1\" content=\"Escrito por\" \/>\n\t<meta name=\"twitter:data1\" content=\"moacir\" \/>\n\t<meta name=\"twitter:label2\" content=\"Est. tempo de leitura\" \/>\n\t<meta name=\"twitter:data2\" content=\"3 minutos\" \/>\n<script type=\"application\/ld+json\" class=\"yoast-schema-graph\">{\"@context\":\"https:\/\/schema.org\",\"@graph\":[{\"@type\":\"WebSite\",\"@id\":\"https:\/\/franciscanos.org.br\/noticias\/#website\",\"url\":\"https:\/\/franciscanos.org.br\/noticias\/\",\"name\":\"Not\u00edcias - Franciscanos\",\"description\":\"Prov\u00edncia Franciscana da Imaculada Concei\u00e7\u00e3o do Brasil - Ordem dos Frades Menores - OFM\",\"potentialAction\":[{\"@type\":\"SearchAction\",\"target\":{\"@type\":\"EntryPoint\",\"urlTemplate\":\"https:\/\/franciscanos.org.br\/noticias\/?s={search_term_string}\"},\"query-input\":\"required name=search_term_string\"}],\"inLanguage\":\"pt-BR\"},{\"@type\":\"ImageObject\",\"inLanguage\":\"pt-BR\",\"@id\":\"https:\/\/franciscanos.org.br\/noticias\/pelo-respeito-a-vida-e-a-criacao-contra-toda-e-qualquer-forma-de-violencia.html#primaryimage\",\"url\":\"https:\/\/franciscanos.org.br\/noticias\/wp-content\/uploads\/2019\/07\/indios_2001d.jpg\",\"contentUrl\":\"https:\/\/franciscanos.org.br\/noticias\/wp-content\/uploads\/2019\/07\/indios_2001d.jpg\",\"width\":788,\"height\":591},{\"@type\":\"WebPage\",\"@id\":\"https:\/\/franciscanos.org.br\/noticias\/pelo-respeito-a-vida-e-a-criacao-contra-toda-e-qualquer-forma-de-violencia.html#webpage\",\"url\":\"https:\/\/franciscanos.org.br\/noticias\/pelo-respeito-a-vida-e-a-criacao-contra-toda-e-qualquer-forma-de-violencia.html\",\"name\":\"Pelo respeito \u00e0 vida e \u00e0 cria\u00e7\u00e3o, contra toda e qualquer forma de viol\u00eancia - Not\u00edcias - Franciscanos\",\"isPartOf\":{\"@id\":\"https:\/\/franciscanos.org.br\/noticias\/#website\"},\"primaryImageOfPage\":{\"@id\":\"https:\/\/franciscanos.org.br\/noticias\/pelo-respeito-a-vida-e-a-criacao-contra-toda-e-qualquer-forma-de-violencia.html#primaryimage\"},\"datePublished\":\"2019-07-29T16:36:05+00:00\",\"dateModified\":\"2021-01-20T11:59:09+00:00\",\"author\":{\"@id\":\"https:\/\/franciscanos.org.br\/noticias\/#\/schema\/person\/b5c8cba458c330ccff548b056e95a5d4\"},\"breadcrumb\":{\"@id\":\"https:\/\/franciscanos.org.br\/noticias\/pelo-respeito-a-vida-e-a-criacao-contra-toda-e-qualquer-forma-de-violencia.html#breadcrumb\"},\"inLanguage\":\"pt-BR\",\"potentialAction\":[{\"@type\":\"ReadAction\",\"target\":[\"https:\/\/franciscanos.org.br\/noticias\/pelo-respeito-a-vida-e-a-criacao-contra-toda-e-qualquer-forma-de-violencia.html\"]}]},{\"@type\":\"BreadcrumbList\",\"@id\":\"https:\/\/franciscanos.org.br\/noticias\/pelo-respeito-a-vida-e-a-criacao-contra-toda-e-qualquer-forma-de-violencia.html#breadcrumb\",\"itemListElement\":[{\"@type\":\"ListItem\",\"position\":1,\"name\":\"Home\",\"item\":\"https:\/\/franciscanos.org.br\/noticias\"},{\"@type\":\"ListItem\",\"position\":2,\"name\":\"Pelo respeito \u00e0 vida e \u00e0 cria\u00e7\u00e3o, contra toda e qualquer forma de viol\u00eancia\"}]},{\"@type\":\"Person\",\"@id\":\"https:\/\/franciscanos.org.br\/noticias\/#\/schema\/person\/b5c8cba458c330ccff548b056e95a5d4\",\"name\":\"moacir\",\"image\":{\"@type\":\"ImageObject\",\"inLanguage\":\"pt-BR\",\"@id\":\"https:\/\/franciscanos.org.br\/noticias\/#\/schema\/person\/image\/\",\"url\":\"https:\/\/secure.gravatar.com\/avatar\/d08aa2ce4c8dd416d4479aa8536fcf64?s=96&d=mm&r=g\",\"contentUrl\":\"https:\/\/secure.gravatar.com\/avatar\/d08aa2ce4c8dd416d4479aa8536fcf64?s=96&d=mm&r=g\",\"caption\":\"moacir\"},\"url\":\"https:\/\/franciscanos.org.br\/noticias\/author\/moacir\"}]}<\/script>\n<!-- \/ Yoast SEO plugin. -->","yoast_head_json":{"title":"Pelo respeito \u00e0 vida e \u00e0 cria\u00e7\u00e3o, contra toda e qualquer forma de viol\u00eancia - Not\u00edcias - Franciscanos","robots":{"index":"index","follow":"follow","max-snippet":"max-snippet:-1","max-image-preview":"max-image-preview:large","max-video-preview":"max-video-preview:-1"},"canonical":"https:\/\/franciscanos.org.br\/noticias\/pelo-respeito-a-vida-e-a-criacao-contra-toda-e-qualquer-forma-de-violencia.html","og_locale":"pt_BR","og_type":"article","og_title":"Pelo respeito \u00e0 vida e \u00e0 cria\u00e7\u00e3o, contra toda e qualquer forma de viol\u00eancia - Not\u00edcias - Franciscanos","og_description":"Mensagem da Prov\u00edncia da Imaculada","og_url":"https:\/\/franciscanos.org.br\/noticias\/pelo-respeito-a-vida-e-a-criacao-contra-toda-e-qualquer-forma-de-violencia.html","og_site_name":"Not\u00edcias - Franciscanos","article_published_time":"2019-07-29T16:36:05+00:00","article_modified_time":"2021-01-20T11:59:09+00:00","og_image":[{"width":788,"height":591,"url":"https:\/\/franciscanos.org.br\/noticias\/wp-content\/uploads\/2019\/07\/indios_2001d.jpg","type":"image\/jpeg"}],"author":"moacir","twitter_card":"summary_large_image","twitter_misc":{"Escrito por":"moacir","Est. tempo de leitura":"3 minutos"},"schema":{"@context":"https:\/\/schema.org","@graph":[{"@type":"WebSite","@id":"https:\/\/franciscanos.org.br\/noticias\/#website","url":"https:\/\/franciscanos.org.br\/noticias\/","name":"Not\u00edcias - Franciscanos","description":"Prov\u00edncia Franciscana da Imaculada Concei\u00e7\u00e3o do Brasil - Ordem dos Frades Menores - OFM","potentialAction":[{"@type":"SearchAction","target":{"@type":"EntryPoint","urlTemplate":"https:\/\/franciscanos.org.br\/noticias\/?s={search_term_string}"},"query-input":"required name=search_term_string"}],"inLanguage":"pt-BR"},{"@type":"ImageObject","inLanguage":"pt-BR","@id":"https:\/\/franciscanos.org.br\/noticias\/pelo-respeito-a-vida-e-a-criacao-contra-toda-e-qualquer-forma-de-violencia.html#primaryimage","url":"https:\/\/franciscanos.org.br\/noticias\/wp-content\/uploads\/2019\/07\/indios_2001d.jpg","contentUrl":"https:\/\/franciscanos.org.br\/noticias\/wp-content\/uploads\/2019\/07\/indios_2001d.jpg","width":788,"height":591},{"@type":"WebPage","@id":"https:\/\/franciscanos.org.br\/noticias\/pelo-respeito-a-vida-e-a-criacao-contra-toda-e-qualquer-forma-de-violencia.html#webpage","url":"https:\/\/franciscanos.org.br\/noticias\/pelo-respeito-a-vida-e-a-criacao-contra-toda-e-qualquer-forma-de-violencia.html","name":"Pelo respeito \u00e0 vida e \u00e0 cria\u00e7\u00e3o, contra toda e qualquer forma de viol\u00eancia - Not\u00edcias - Franciscanos","isPartOf":{"@id":"https:\/\/franciscanos.org.br\/noticias\/#website"},"primaryImageOfPage":{"@id":"https:\/\/franciscanos.org.br\/noticias\/pelo-respeito-a-vida-e-a-criacao-contra-toda-e-qualquer-forma-de-violencia.html#primaryimage"},"datePublished":"2019-07-29T16:36:05+00:00","dateModified":"2021-01-20T11:59:09+00:00","author":{"@id":"https:\/\/franciscanos.org.br\/noticias\/#\/schema\/person\/b5c8cba458c330ccff548b056e95a5d4"},"breadcrumb":{"@id":"https:\/\/franciscanos.org.br\/noticias\/pelo-respeito-a-vida-e-a-criacao-contra-toda-e-qualquer-forma-de-violencia.html#breadcrumb"},"inLanguage":"pt-BR","potentialAction":[{"@type":"ReadAction","target":["https:\/\/franciscanos.org.br\/noticias\/pelo-respeito-a-vida-e-a-criacao-contra-toda-e-qualquer-forma-de-violencia.html"]}]},{"@type":"BreadcrumbList","@id":"https:\/\/franciscanos.org.br\/noticias\/pelo-respeito-a-vida-e-a-criacao-contra-toda-e-qualquer-forma-de-violencia.html#breadcrumb","itemListElement":[{"@type":"ListItem","position":1,"name":"Home","item":"https:\/\/franciscanos.org.br\/noticias"},{"@type":"ListItem","position":2,"name":"Pelo respeito \u00e0 vida e \u00e0 cria\u00e7\u00e3o, contra toda e qualquer forma de viol\u00eancia"}]},{"@type":"Person","@id":"https:\/\/franciscanos.org.br\/noticias\/#\/schema\/person\/b5c8cba458c330ccff548b056e95a5d4","name":"moacir","image":{"@type":"ImageObject","inLanguage":"pt-BR","@id":"https:\/\/franciscanos.org.br\/noticias\/#\/schema\/person\/image\/","url":"https:\/\/secure.gravatar.com\/avatar\/d08aa2ce4c8dd416d4479aa8536fcf64?s=96&d=mm&r=g","contentUrl":"https:\/\/secure.gravatar.com\/avatar\/d08aa2ce4c8dd416d4479aa8536fcf64?s=96&d=mm&r=g","caption":"moacir"},"url":"https:\/\/franciscanos.org.br\/noticias\/author\/moacir"}]}},"_links":{"self":[{"href":"https:\/\/franciscanos.org.br\/noticias\/wp-json\/wp\/v2\/posts\/208512"}],"collection":[{"href":"https:\/\/franciscanos.org.br\/noticias\/wp-json\/wp\/v2\/posts"}],"about":[{"href":"https:\/\/franciscanos.org.br\/noticias\/wp-json\/wp\/v2\/types\/post"}],"author":[{"embeddable":true,"href":"https:\/\/franciscanos.org.br\/noticias\/wp-json\/wp\/v2\/users\/3"}],"replies":[{"embeddable":true,"href":"https:\/\/franciscanos.org.br\/noticias\/wp-json\/wp\/v2\/comments?post=208512"}],"version-history":[{"count":2,"href":"https:\/\/franciscanos.org.br\/noticias\/wp-json\/wp\/v2\/posts\/208512\/revisions"}],"predecessor-version":[{"id":230503,"href":"https:\/\/franciscanos.org.br\/noticias\/wp-json\/wp\/v2\/posts\/208512\/revisions\/230503"}],"wp:featuredmedia":[{"embeddable":true,"href":"https:\/\/franciscanos.org.br\/noticias\/wp-json\/wp\/v2\/media\/230502"}],"wp:attachment":[{"href":"https:\/\/franciscanos.org.br\/noticias\/wp-json\/wp\/v2\/media?parent=208512"}],"wp:term":[{"taxonomy":"category","embeddable":true,"href":"https:\/\/franciscanos.org.br\/noticias\/wp-json\/wp\/v2\/categories?post=208512"},{"taxonomy":"post_tag","embeddable":true,"href":"https:\/\/franciscanos.org.br\/noticias\/wp-json\/wp\/v2\/tags?post=208512"}],"curies":[{"name":"wp","href":"https:\/\/api.w.org\/{rel}","templated":true}]}}