{"id":208506,"date":"2019-07-29T09:37:42","date_gmt":"2019-07-29T12:37:42","guid":{"rendered":"https:\/\/franciscanos.org.br\/noticias\/?p=208506"},"modified":"2019-07-29T09:37:42","modified_gmt":"2019-07-29T12:37:42","slug":"frei-silvano-e-readmitido-ao-noviciado-e-frades-fazem-retiro-semestral","status":"publish","type":"post","link":"https:\/\/franciscanos.org.br\/noticias\/frei-silvano-e-readmitido-ao-noviciado-e-frades-fazem-retiro-semestral.html","title":{"rendered":"Frei Silvano \u00e9 readmitido ao Noviciado e frades fazem retiro semestral"},"content":{"rendered":"<p><img loading=\"lazy\" class=\"alignnone size-full wp-image-208507\" src=\"https:\/\/franciscanos.org.br\/noticias\/wp-content\/uploads\/2019\/07\/retiro_2907.jpg\" alt=\"\" width=\"890\" height=\"532\" srcset=\"https:\/\/franciscanos.org.br\/noticias\/wp-content\/uploads\/2019\/07\/retiro_2907.jpg 890w, https:\/\/franciscanos.org.br\/noticias\/wp-content\/uploads\/2019\/07\/retiro_2907-450x269.jpg 450w, https:\/\/franciscanos.org.br\/noticias\/wp-content\/uploads\/2019\/07\/retiro_2907-768x459.jpg 768w, https:\/\/franciscanos.org.br\/noticias\/wp-content\/uploads\/2019\/07\/retiro_2907-150x90.jpg 150w\" sizes=\"(max-width: 890px) 100vw, 890px\" \/><\/p>\n<p>A Funda\u00e7\u00e3o Imaculada M\u00e3e de Deus de Angola (FIMDA) encerrou, na \u00faltima sexta-feira, 26 de julho,\u00a0 o Retiro dos Frades de Profiss\u00e3o Tempor\u00e1ria com a Missa de A\u00e7\u00e3o de Gra\u00e7as na Casa de Espiritualidade Padre Zegr\u00ed, junto \u00e0 resid\u00eancia das irm\u00e3s Merced\u00e1rias da Caridade, em Viana. O retiro, que foi assessorado pelo mestre de novi\u00e7os, Frei Marcos Ant\u00f4nio dos Santos, contou com a participa\u00e7\u00e3o de 28 frades.<\/p>\n<p>Durante o retiro, procurou-se refletir sobre a dimens\u00e3o do carisma franciscano tendo como base o texto: \u201cPadres, ou seja, de Par\u00f3quias\u201d e \u201cIrm\u00e3os que podem ler o salt\u00e9rio\u201d, de Frei Bill Short, OFM. A reflex\u00e3o foi um convite a repensar a voca\u00e7\u00e3o a que fomos chamados e como viv\u00ea-la em fraternidade e em Igreja. Analisou-se como ser hoje religioso leigo e religioso cl\u00e9rigo. Os frades foram distribu\u00eddos em grupos para refletirem os temas e as quest\u00f5es surgidas foram apresentadas em plen\u00e1rio e levadas como sugest\u00f5es para a fraternidade bem como ao Secretariado de Forma\u00e7\u00e3o.<\/p>\n<p><img loading=\"lazy\" class=\"alignnone size-full wp-image-208508\" src=\"https:\/\/franciscanos.org.br\/noticias\/wp-content\/uploads\/2019\/07\/admissao_2907.jpg\" alt=\"\" width=\"890\" height=\"534\" srcset=\"https:\/\/franciscanos.org.br\/noticias\/wp-content\/uploads\/2019\/07\/admissao_2907.jpg 890w, https:\/\/franciscanos.org.br\/noticias\/wp-content\/uploads\/2019\/07\/admissao_2907-450x270.jpg 450w, https:\/\/franciscanos.org.br\/noticias\/wp-content\/uploads\/2019\/07\/admissao_2907-768x461.jpg 768w, https:\/\/franciscanos.org.br\/noticias\/wp-content\/uploads\/2019\/07\/admissao_2907-150x90.jpg 150w\" sizes=\"(max-width: 890px) 100vw, 890px\" \/><\/p>\n<p>Outro momento importante na Funda\u00e7\u00e3o Imaculada M\u00e3e de Deus foi a readmiss\u00e3o ao Noviciado de Frei Silvano Kessongo Pinto Leitura, que n\u00e3o havia conclu\u00eddo todo o ano em Rodeio. Frei Silvano vestiu o h\u00e1bito franciscano durante a Celebra\u00e7\u00e3o Eucar\u00edstica no dia 22 de julho, na Igreja do Mosteiro Sagrado Cora\u00e7\u00e3o de Jesus, em Luanda, distrito urbano do Palanca, junto \u00e0 fraternidade S\u00e3o Francisco de Assis onde funciona a casa do P\u00f3s-Noviciado. A cerim\u00f4nia se deu no dia este em que a liturgia celebrava a Festa de Santa Maria Madalena e presidida pelo presidente da FIMDA, Frei Ant\u00f3nio Boaventura Zovo Baza, e concelebrada por Frei Marco Ant\u00f4nio dos Santos, e Frei Jo\u00e3o Alberto Bunga, mestre dos professos tempor\u00e1rios. Ainda nesta celebra\u00e7\u00e3o, estiveram presentes os confrades das Fraternidades da Porci\u00fancula (Viana) e Santo Ant\u00f4nio (Kibala). Frei Silvano Kessongo Pinto Leitura \u00e9 natural de Lobito, Prov\u00edncia de Benguela.<\/p>\n<p><strong>Frei Abel Ndala Sahuma Nganji e Frei Evaristo Seque Joaquim<\/strong><\/p>\n<p><img loading=\"lazy\" class=\"alignnone size-full wp-image-208509\" src=\"https:\/\/franciscanos.org.br\/noticias\/wp-content\/uploads\/2019\/07\/retiro.jpg\" alt=\"\" width=\"890\" height=\"360\" srcset=\"https:\/\/franciscanos.org.br\/noticias\/wp-content\/uploads\/2019\/07\/retiro.jpg 890w, https:\/\/franciscanos.org.br\/noticias\/wp-content\/uploads\/2019\/07\/retiro-450x182.jpg 450w, https:\/\/franciscanos.org.br\/noticias\/wp-content\/uploads\/2019\/07\/retiro-768x311.jpg 768w, https:\/\/franciscanos.org.br\/noticias\/wp-content\/uploads\/2019\/07\/retiro-150x61.jpg 150w\" sizes=\"(max-width: 890px) 100vw, 890px\" \/><\/p>\n","protected":false},"excerpt":{"rendered":"<p>Funda\u00e7\u00e3o Imaculada M\u00e3e de Deus de Angola<\/p>\n","protected":false},"author":3,"featured_media":208510,"comment_status":"open","ping_status":"open","sticky":false,"template":"","format":"standard","meta":[],"categories":[1],"tags":[195,360],"acf":[],"yoast_head":"<!-- This site is optimized with the Yoast SEO plugin v19.2 - https:\/\/yoast.com\/wordpress\/plugins\/seo\/ -->\n<title>Frei Silvano \u00e9 readmitido ao Noviciado e frades fazem retiro semestral - Not\u00edcias - Franciscanos<\/title>\n<meta name=\"robots\" content=\"index, follow, max-snippet:-1, max-image-preview:large, max-video-preview:-1\" \/>\n<link rel=\"canonical\" href=\"https:\/\/franciscanos.org.br\/noticias\/frei-silvano-e-readmitido-ao-noviciado-e-frades-fazem-retiro-semestral.html\" \/>\n<meta property=\"og:locale\" content=\"pt_BR\" \/>\n<meta property=\"og:type\" content=\"article\" \/>\n<meta property=\"og:title\" content=\"Frei Silvano \u00e9 readmitido ao Noviciado e frades fazem retiro semestral - Not\u00edcias - Franciscanos\" \/>\n<meta property=\"og:description\" content=\"Funda\u00e7\u00e3o Imaculada M\u00e3e de Deus de Angola\" \/>\n<meta property=\"og:url\" content=\"https:\/\/franciscanos.org.br\/noticias\/frei-silvano-e-readmitido-ao-noviciado-e-frades-fazem-retiro-semestral.html\" \/>\n<meta property=\"og:site_name\" content=\"Not\u00edcias - Franciscanos\" \/>\n<meta property=\"article:published_time\" content=\"2019-07-29T12:37:42+00:00\" \/>\n<meta property=\"og:image\" content=\"https:\/\/franciscanos.org.br\/noticias\/wp-content\/uploads\/2019\/07\/retiro_2907d.jpg\" \/>\n\t<meta property=\"og:image:width\" content=\"273\" \/>\n\t<meta property=\"og:image:height\" content=\"181\" \/>\n\t<meta property=\"og:image:type\" content=\"image\/jpeg\" \/>\n<meta name=\"author\" content=\"moacir\" \/>\n<meta name=\"twitter:card\" content=\"summary_large_image\" \/>\n<meta name=\"twitter:label1\" content=\"Escrito por\" \/>\n\t<meta name=\"twitter:data1\" content=\"moacir\" \/>\n\t<meta name=\"twitter:label2\" content=\"Est. tempo de leitura\" \/>\n\t<meta name=\"twitter:data2\" content=\"2 minutos\" \/>\n<script type=\"application\/ld+json\" class=\"yoast-schema-graph\">{\"@context\":\"https:\/\/schema.org\",\"@graph\":[{\"@type\":\"WebSite\",\"@id\":\"https:\/\/franciscanos.org.br\/noticias\/#website\",\"url\":\"https:\/\/franciscanos.org.br\/noticias\/\",\"name\":\"Not\u00edcias - Franciscanos\",\"description\":\"Prov\u00edncia Franciscana da Imaculada Concei\u00e7\u00e3o do Brasil - Ordem dos Frades Menores - OFM\",\"potentialAction\":[{\"@type\":\"SearchAction\",\"target\":{\"@type\":\"EntryPoint\",\"urlTemplate\":\"https:\/\/franciscanos.org.br\/noticias\/?s={search_term_string}\"},\"query-input\":\"required name=search_term_string\"}],\"inLanguage\":\"pt-BR\"},{\"@type\":\"ImageObject\",\"inLanguage\":\"pt-BR\",\"@id\":\"https:\/\/franciscanos.org.br\/noticias\/frei-silvano-e-readmitido-ao-noviciado-e-frades-fazem-retiro-semestral.html#primaryimage\",\"url\":\"https:\/\/franciscanos.org.br\/noticias\/wp-content\/uploads\/2019\/07\/retiro_2907d.jpg\",\"contentUrl\":\"https:\/\/franciscanos.org.br\/noticias\/wp-content\/uploads\/2019\/07\/retiro_2907d.jpg\",\"width\":273,\"height\":181},{\"@type\":\"WebPage\",\"@id\":\"https:\/\/franciscanos.org.br\/noticias\/frei-silvano-e-readmitido-ao-noviciado-e-frades-fazem-retiro-semestral.html#webpage\",\"url\":\"https:\/\/franciscanos.org.br\/noticias\/frei-silvano-e-readmitido-ao-noviciado-e-frades-fazem-retiro-semestral.html\",\"name\":\"Frei Silvano \u00e9 readmitido ao Noviciado e frades fazem retiro semestral - Not\u00edcias - Franciscanos\",\"isPartOf\":{\"@id\":\"https:\/\/franciscanos.org.br\/noticias\/#website\"},\"primaryImageOfPage\":{\"@id\":\"https:\/\/franciscanos.org.br\/noticias\/frei-silvano-e-readmitido-ao-noviciado-e-frades-fazem-retiro-semestral.html#primaryimage\"},\"datePublished\":\"2019-07-29T12:37:42+00:00\",\"dateModified\":\"2019-07-29T12:37:42+00:00\",\"author\":{\"@id\":\"https:\/\/franciscanos.org.br\/noticias\/#\/schema\/person\/b5c8cba458c330ccff548b056e95a5d4\"},\"breadcrumb\":{\"@id\":\"https:\/\/franciscanos.org.br\/noticias\/frei-silvano-e-readmitido-ao-noviciado-e-frades-fazem-retiro-semestral.html#breadcrumb\"},\"inLanguage\":\"pt-BR\",\"potentialAction\":[{\"@type\":\"ReadAction\",\"target\":[\"https:\/\/franciscanos.org.br\/noticias\/frei-silvano-e-readmitido-ao-noviciado-e-frades-fazem-retiro-semestral.html\"]}]},{\"@type\":\"BreadcrumbList\",\"@id\":\"https:\/\/franciscanos.org.br\/noticias\/frei-silvano-e-readmitido-ao-noviciado-e-frades-fazem-retiro-semestral.html#breadcrumb\",\"itemListElement\":[{\"@type\":\"ListItem\",\"position\":1,\"name\":\"Home\",\"item\":\"https:\/\/franciscanos.org.br\/noticias\"},{\"@type\":\"ListItem\",\"position\":2,\"name\":\"Frei Silvano \u00e9 readmitido ao Noviciado e frades fazem retiro semestral\"}]},{\"@type\":\"Person\",\"@id\":\"https:\/\/franciscanos.org.br\/noticias\/#\/schema\/person\/b5c8cba458c330ccff548b056e95a5d4\",\"name\":\"moacir\",\"image\":{\"@type\":\"ImageObject\",\"inLanguage\":\"pt-BR\",\"@id\":\"https:\/\/franciscanos.org.br\/noticias\/#\/schema\/person\/image\/\",\"url\":\"https:\/\/secure.gravatar.com\/avatar\/d08aa2ce4c8dd416d4479aa8536fcf64?s=96&d=mm&r=g\",\"contentUrl\":\"https:\/\/secure.gravatar.com\/avatar\/d08aa2ce4c8dd416d4479aa8536fcf64?s=96&d=mm&r=g\",\"caption\":\"moacir\"},\"url\":\"https:\/\/franciscanos.org.br\/noticias\/author\/moacir\"}]}<\/script>\n<!-- \/ Yoast SEO plugin. -->","yoast_head_json":{"title":"Frei Silvano \u00e9 readmitido ao Noviciado e frades fazem retiro semestral - Not\u00edcias - Franciscanos","robots":{"index":"index","follow":"follow","max-snippet":"max-snippet:-1","max-image-preview":"max-image-preview:large","max-video-preview":"max-video-preview:-1"},"canonical":"https:\/\/franciscanos.org.br\/noticias\/frei-silvano-e-readmitido-ao-noviciado-e-frades-fazem-retiro-semestral.html","og_locale":"pt_BR","og_type":"article","og_title":"Frei Silvano \u00e9 readmitido ao Noviciado e frades fazem retiro semestral - Not\u00edcias - Franciscanos","og_description":"Funda\u00e7\u00e3o Imaculada M\u00e3e de Deus de Angola","og_url":"https:\/\/franciscanos.org.br\/noticias\/frei-silvano-e-readmitido-ao-noviciado-e-frades-fazem-retiro-semestral.html","og_site_name":"Not\u00edcias - Franciscanos","article_published_time":"2019-07-29T12:37:42+00:00","og_image":[{"width":273,"height":181,"url":"https:\/\/franciscanos.org.br\/noticias\/wp-content\/uploads\/2019\/07\/retiro_2907d.jpg","type":"image\/jpeg"}],"author":"moacir","twitter_card":"summary_large_image","twitter_misc":{"Escrito por":"moacir","Est. tempo de leitura":"2 minutos"},"schema":{"@context":"https:\/\/schema.org","@graph":[{"@type":"WebSite","@id":"https:\/\/franciscanos.org.br\/noticias\/#website","url":"https:\/\/franciscanos.org.br\/noticias\/","name":"Not\u00edcias - Franciscanos","description":"Prov\u00edncia Franciscana da Imaculada Concei\u00e7\u00e3o do Brasil - Ordem dos Frades Menores - OFM","potentialAction":[{"@type":"SearchAction","target":{"@type":"EntryPoint","urlTemplate":"https:\/\/franciscanos.org.br\/noticias\/?s={search_term_string}"},"query-input":"required name=search_term_string"}],"inLanguage":"pt-BR"},{"@type":"ImageObject","inLanguage":"pt-BR","@id":"https:\/\/franciscanos.org.br\/noticias\/frei-silvano-e-readmitido-ao-noviciado-e-frades-fazem-retiro-semestral.html#primaryimage","url":"https:\/\/franciscanos.org.br\/noticias\/wp-content\/uploads\/2019\/07\/retiro_2907d.jpg","contentUrl":"https:\/\/franciscanos.org.br\/noticias\/wp-content\/uploads\/2019\/07\/retiro_2907d.jpg","width":273,"height":181},{"@type":"WebPage","@id":"https:\/\/franciscanos.org.br\/noticias\/frei-silvano-e-readmitido-ao-noviciado-e-frades-fazem-retiro-semestral.html#webpage","url":"https:\/\/franciscanos.org.br\/noticias\/frei-silvano-e-readmitido-ao-noviciado-e-frades-fazem-retiro-semestral.html","name":"Frei Silvano \u00e9 readmitido ao Noviciado e frades fazem retiro semestral - Not\u00edcias - Franciscanos","isPartOf":{"@id":"https:\/\/franciscanos.org.br\/noticias\/#website"},"primaryImageOfPage":{"@id":"https:\/\/franciscanos.org.br\/noticias\/frei-silvano-e-readmitido-ao-noviciado-e-frades-fazem-retiro-semestral.html#primaryimage"},"datePublished":"2019-07-29T12:37:42+00:00","dateModified":"2019-07-29T12:37:42+00:00","author":{"@id":"https:\/\/franciscanos.org.br\/noticias\/#\/schema\/person\/b5c8cba458c330ccff548b056e95a5d4"},"breadcrumb":{"@id":"https:\/\/franciscanos.org.br\/noticias\/frei-silvano-e-readmitido-ao-noviciado-e-frades-fazem-retiro-semestral.html#breadcrumb"},"inLanguage":"pt-BR","potentialAction":[{"@type":"ReadAction","target":["https:\/\/franciscanos.org.br\/noticias\/frei-silvano-e-readmitido-ao-noviciado-e-frades-fazem-retiro-semestral.html"]}]},{"@type":"BreadcrumbList","@id":"https:\/\/franciscanos.org.br\/noticias\/frei-silvano-e-readmitido-ao-noviciado-e-frades-fazem-retiro-semestral.html#breadcrumb","itemListElement":[{"@type":"ListItem","position":1,"name":"Home","item":"https:\/\/franciscanos.org.br\/noticias"},{"@type":"ListItem","position":2,"name":"Frei Silvano \u00e9 readmitido ao Noviciado e frades fazem retiro semestral"}]},{"@type":"Person","@id":"https:\/\/franciscanos.org.br\/noticias\/#\/schema\/person\/b5c8cba458c330ccff548b056e95a5d4","name":"moacir","image":{"@type":"ImageObject","inLanguage":"pt-BR","@id":"https:\/\/franciscanos.org.br\/noticias\/#\/schema\/person\/image\/","url":"https:\/\/secure.gravatar.com\/avatar\/d08aa2ce4c8dd416d4479aa8536fcf64?s=96&d=mm&r=g","contentUrl":"https:\/\/secure.gravatar.com\/avatar\/d08aa2ce4c8dd416d4479aa8536fcf64?s=96&d=mm&r=g","caption":"moacir"},"url":"https:\/\/franciscanos.org.br\/noticias\/author\/moacir"}]}},"_links":{"self":[{"href":"https:\/\/franciscanos.org.br\/noticias\/wp-json\/wp\/v2\/posts\/208506"}],"collection":[{"href":"https:\/\/franciscanos.org.br\/noticias\/wp-json\/wp\/v2\/posts"}],"about":[{"href":"https:\/\/franciscanos.org.br\/noticias\/wp-json\/wp\/v2\/types\/post"}],"author":[{"embeddable":true,"href":"https:\/\/franciscanos.org.br\/noticias\/wp-json\/wp\/v2\/users\/3"}],"replies":[{"embeddable":true,"href":"https:\/\/franciscanos.org.br\/noticias\/wp-json\/wp\/v2\/comments?post=208506"}],"version-history":[{"count":0,"href":"https:\/\/franciscanos.org.br\/noticias\/wp-json\/wp\/v2\/posts\/208506\/revisions"}],"wp:featuredmedia":[{"embeddable":true,"href":"https:\/\/franciscanos.org.br\/noticias\/wp-json\/wp\/v2\/media\/208510"}],"wp:attachment":[{"href":"https:\/\/franciscanos.org.br\/noticias\/wp-json\/wp\/v2\/media?parent=208506"}],"wp:term":[{"taxonomy":"category","embeddable":true,"href":"https:\/\/franciscanos.org.br\/noticias\/wp-json\/wp\/v2\/categories?post=208506"},{"taxonomy":"post_tag","embeddable":true,"href":"https:\/\/franciscanos.org.br\/noticias\/wp-json\/wp\/v2\/tags?post=208506"}],"curies":[{"name":"wp","href":"https:\/\/api.w.org\/{rel}","templated":true}]}}