{"id":208459,"date":"2019-07-26T07:30:47","date_gmt":"2019-07-26T10:30:47","guid":{"rendered":"https:\/\/franciscanos.org.br\/noticias\/?p=208459"},"modified":"2019-07-26T07:43:08","modified_gmt":"2019-07-26T10:43:08","slug":"mariologia-entre-os-lancamentos-da-vozes","status":"publish","type":"post","link":"https:\/\/franciscanos.org.br\/noticias\/mariologia-entre-os-lancamentos-da-vozes.html","title":{"rendered":"&#8220;Mariologia&#8221; entre os lan\u00e7amentos da Vozes"},"content":{"rendered":"<p><strong>\u00a0<\/strong><strong> <img loading=\"lazy\" class=\"alignnone size-full wp-image-208460\" src=\"https:\/\/franciscanos.org.br\/noticias\/wp-content\/uploads\/2019\/07\/MARIA_2607.jpg\" alt=\"\" width=\"890\" height=\"465\" srcset=\"https:\/\/franciscanos.org.br\/noticias\/wp-content\/uploads\/2019\/07\/MARIA_2607.jpg 890w, https:\/\/franciscanos.org.br\/noticias\/wp-content\/uploads\/2019\/07\/MARIA_2607-450x235.jpg 450w, https:\/\/franciscanos.org.br\/noticias\/wp-content\/uploads\/2019\/07\/MARIA_2607-768x401.jpg 768w, https:\/\/franciscanos.org.br\/noticias\/wp-content\/uploads\/2019\/07\/MARIA_2607-150x78.jpg 150w\" sizes=\"(max-width: 890px) 100vw, 890px\" \/><\/strong><\/p>\n<p><img loading=\"lazy\" class=\" wp-image-208462 alignright\" src=\"https:\/\/franciscanos.org.br\/noticias\/wp-content\/uploads\/2019\/07\/mariologia.jpg\" alt=\"\" width=\"121\" height=\"191\" srcset=\"https:\/\/franciscanos.org.br\/noticias\/wp-content\/uploads\/2019\/07\/mariologia.jpg 285w, https:\/\/franciscanos.org.br\/noticias\/wp-content\/uploads\/2019\/07\/mariologia-150x237.jpg 150w\" sizes=\"(max-width: 121px) 100vw, 121px\" \/>O desenrolar da mariologia p\u00f3s-conciliar recebeu contornos econ\u00f4micos, marcados, sobretudo, pelo substrato b\u00edblico e pelo horizonte soteriol\u00f3gico. \u00c9 esta a perspectiva assumida por Clodovis Boff neste volume da cole\u00e7\u00e3o <em>Inicia\u00e7\u00e3o \u00e0 Teologia<\/em>. O retrato de Maria nos evangelhos se torna base para o entendimento de uma mulher que, assumindo a miss\u00e3o de Cristo em sua vida, e, consequentemente, seu lugar na hist\u00f3ria da salva\u00e7\u00e3o, torna-se exemplo do ser crist\u00e3o na atualidade. A rela\u00e7\u00e3o \u00edntima entre Maria e Jesus torna-se o horizonte a ser assumido por cada crist\u00e3o, visto que como ela foi inclu\u00edda pelo pr\u00f3prio Jesus, revela-nos um <em>Deus-com<\/em>, muito mais que um <em>Deus-s\u00f3<\/em>. Mesmo n\u00e3o figurando dentre os principais temas do Vaticano II, Maria foi de alguma forma influenciada por v\u00e1rios deles. O Conc\u00edlio n\u00e3o estabeleceu formula\u00e7\u00f5es dogm\u00e1ticas acerca de Maria, mas a perspectiva pastoral assumida no processo conciliar fez com que ela se tornasse exemplo de atitude crist\u00e3 a ser assumida pelos membros da Igreja. O novo entendimento acerca da revela\u00e7\u00e3o ou mesmo da eclesiologia conciliar, trouxe novos entendimentos da mariologia.<\/p>\n<hr \/>\n<p><strong><img loading=\"lazy\" class=\"alignleft wp-image-208463\" src=\"https:\/\/franciscanos.org.br\/noticias\/wp-content\/uploads\/2019\/07\/tratado.jpg\" alt=\"\" width=\"139\" height=\"232\" srcset=\"https:\/\/franciscanos.org.br\/noticias\/wp-content\/uploads\/2019\/07\/tratado.jpg 270w, https:\/\/franciscanos.org.br\/noticias\/wp-content\/uploads\/2019\/07\/tratado-150x250.jpg 150w\" sizes=\"(max-width: 139px) 100vw, 139px\" \/>Tratado do amor de Deus<\/strong><\/p>\n<p><strong>\u00a0<\/strong>O <em>Tratado do amor de Deus<\/em> \u00e9 a obra-prima de S\u00e3o Francisco de Sales. Quando em 1608 apareceu <em>a Introdu\u00e7\u00e3o \u00e0 vida devota<\/em>, um murm\u00fario de admira\u00e7\u00e3o elevou-se no mundo crist\u00e3o. Henrique IV, que n\u00e3o era estranho \u00e0 ideia desse livro, confessou que ele lhe excedera a expectativa. O n\u00fancio da Santa S\u00e9 em Col\u00f4nia, que devia vir depois a chamar-se o Papa Alexandre VII, dizia t\u00ea-lo lido uma infinidade de vezes, sempre com igual satisfa\u00e7\u00e3o. O rei da Inglaterra Jaime I, posto que protestante, tomou conhecimento dele e desejou ver o autor. Enfim, o geral dos cartuxos aconselhou o santo bispo a n\u00e3o mais escrever, persuadido de que a sua pena n\u00e3o poderia produzir nada compar\u00e1vel a essa obra. Enganava-se: Francisco de Sales sobrepujou-se dando ao p\u00fablico, no ano de 1616, o <em>Tratado do amor de Deus<\/em>. Enquanto a primeira obra mostrara como a pr\u00e1tica da devo\u00e7\u00e3o \u00e9 concili\u00e1vel com o com\u00e9rcio da vida exterior, a segunda eleva-se \u00e0s considera\u00e7\u00f5es mais sublimes e mais tocantes. \u00c9 uma teoria completa das rela\u00e7\u00f5es \u00edntimas da alma com Deus, uma verdadeira teologia afetiva, capaz de ser igualmente proposta \u00e0s pessoas que vivem no mundo e \u00e0s que est\u00e3o encerradas no claustro.<\/p>\n<p>&nbsp;<\/p>\n<hr \/>\n<p><strong><img loading=\"lazy\" class=\"alignright wp-image-208464\" src=\"https:\/\/franciscanos.org.br\/noticias\/wp-content\/uploads\/2019\/07\/jesus.jpg\" alt=\"\" width=\"147\" height=\"232\" srcset=\"https:\/\/franciscanos.org.br\/noticias\/wp-content\/uploads\/2019\/07\/jesus.jpg 285w, https:\/\/franciscanos.org.br\/noticias\/wp-content\/uploads\/2019\/07\/jesus-150x237.jpg 150w\" sizes=\"(max-width: 147px) 100vw, 147px\" \/>Jesus para todos<\/strong><\/p>\n<p><strong>\u00a0<\/strong>Nem apolog\u00e9tico e nem pol\u00eamico, mas testemunha de uma simpatia pelo \u201cher\u00f3i\u201d da hist\u00f3ria que foi Jesus de Nazar\u00e9, este livro traz uma apresenta\u00e7\u00e3o esclarecedora sobre quem foi Jesus. Ao longo desta exposi\u00e7\u00e3o s\u00e3o apresentadas tamb\u00e9m as mais recentes descobertas das pesquisas da \u00e1rea da Hist\u00f3ria e da Teologia, procurando responder de forma clara \u00e0s quest\u00f5es determinantes relacionadas a essa figura central do cristianismo, inclusive aquelas que provocam cr\u00edticas, deboche ou incompreens\u00e3o. O que se sabe, de fato, sobre Jesus e sua exist\u00eancia? Quais s\u00e3o as fontes desse conhecimento? Quem Ele era: um mestre de sabedoria, um profeta, Deus, um semideus? O que se pode entender sob o termo \u201cmilagres\u201d? Como entender o <em>amor ao pr\u00f3ximo<\/em>, que Ele pregava? Qual a raz\u00e3o desta f\u00e9 incr\u00edvel em sua ressurrei\u00e7\u00e3o? Um pequeno livro apaixonante que, do Jesus hist\u00f3rico \u00e0 singularidade de sua mensagem, permite compreender como Ele se tornou o \u201cCristo\u201d e qual foi seu papel no nascimento do cristianismo.<\/p>\n<hr \/>\n<p><strong><img loading=\"lazy\" class=\"alignleft wp-image-208465\" src=\"https:\/\/franciscanos.org.br\/noticias\/wp-content\/uploads\/2019\/07\/biblia.jpg\" alt=\"\" width=\"122\" height=\"194\" srcset=\"https:\/\/franciscanos.org.br\/noticias\/wp-content\/uploads\/2019\/07\/biblia.jpg 283w, https:\/\/franciscanos.org.br\/noticias\/wp-content\/uploads\/2019\/07\/biblia-150x239.jpg 150w\" sizes=\"(max-width: 122px) 100vw, 122px\" \/>A B\u00edblia \u2013 Elementos historiogr\u00e1ficos e liter\u00e1rios<\/strong><\/p>\n<p><strong>\u00a0<\/strong>Esta obra \u00e9 \u00fatil \u00e0queles que querem elementos para um melhor entendimento da historiografia e da literatura b\u00edblica e pode ser utilizada tanto nas disciplinas introdut\u00f3rias dos cursos de Teologia, mas tamb\u00e9m pelas comunidades eclesiais e lideran\u00e7as crist\u00e3s. Os autores perpassam temas como a geografia e a hist\u00f3ria de Israel. Tamb\u00e9m entendem a constitui\u00e7\u00e3o da monarquia e o ex\u00edlio da Babil\u00f4nia, que se constituem como elementos-chave do processo de elabora\u00e7\u00e3o das Escrituras. O contato com a cultura hel\u00eanica influenciou tanto a reda\u00e7\u00e3o dos evangelhos como das cartas paulinas, al\u00e9m de parte do Antigo Testamento como os textos sapienciais e apocal\u00edpticos. A experi\u00eancia eclesial dos autores resultou em uma obra did\u00e1tica e acess\u00edvel, que auxilia no entendimento dos elementos que formam o contexto hist\u00f3rico onde os textos b\u00edblicos foram escritos e aumentam a possibilidade de um di\u00e1logo prof\u00edcuo com as comunidades eclesiais atuais.<\/p>\n<hr \/>\n<p><strong><img loading=\"lazy\" class=\"alignright wp-image-208466\" src=\"https:\/\/franciscanos.org.br\/noticias\/wp-content\/uploads\/2019\/07\/compendio.jpg\" alt=\"\" width=\"141\" height=\"203\" srcset=\"https:\/\/franciscanos.org.br\/noticias\/wp-content\/uploads\/2019\/07\/compendio.jpg 313w, https:\/\/franciscanos.org.br\/noticias\/wp-content\/uploads\/2019\/07\/compendio-150x216.jpg 150w\" sizes=\"(max-width: 141px) 100vw, 141px\" \/>Comp\u00eandio do C\u00e2non B\u00edblico<\/strong><\/p>\n<p><strong>\u00a0<\/strong>Com v\u00e1rias Listas dos Cat\u00e1logos sobre os c\u00e2nones b\u00edblicos do AT e do NT, desde o mundo antigo, passando pelo renascimento e chegando at\u00e9 ao Vaticano II, este <em>Comp\u00eandio<\/em> apresenta uma ampla e rica gama de textos nas l\u00ednguas originais e tradu\u00e7\u00e3o portuguesa, que contempla os Padres Orientais, com seus textos em grego, e os Padres Ocidentais, com seus textos em latim, os Conc\u00edlios locais e os universais, bem como a divis\u00e3o hist\u00f3rica que vai do per\u00edodo antigo at\u00e9 a alta Idade M\u00e9dia, para depois irmos da baixa Idade M\u00e9dia at\u00e9 chegar aos nossos dias, mencionando tanto cat\u00f3licos como protestantes. Este <em>Comp\u00eandio<\/em> oferece a todos os interessados na \u00e1rea dos estudos b\u00edblico-teol\u00f3gicos uma vasta gama de textos de <em>Cat\u00e1logos<\/em> que cont\u00eam alguma <em>Lista dos livros b\u00edblicos do Antigo Testamento e do Novo Testamento<\/em> (Cat\u00e1logos das Sagradas Escrituras), sejam eles <em>[proto]can\u00f4nicos<\/em> ou <em>[deutero]can\u00f4nicos<\/em>, bem como dos livros <em>extrab\u00edblicos<\/em>, que normalmente s\u00e3o chamados de <em>ap\u00f3crifos<\/em> (no meio cat\u00f3lico e ortodoxo) ou <em>pseudoep\u00edgrafos<\/em> (no meio protestante).<\/p>\n<hr \/>\n<p><strong><img loading=\"lazy\" class=\"alignleft wp-image-208467\" src=\"https:\/\/franciscanos.org.br\/noticias\/wp-content\/uploads\/2019\/07\/nitzche.jpg\" alt=\"\" width=\"99\" height=\"152\" srcset=\"https:\/\/franciscanos.org.br\/noticias\/wp-content\/uploads\/2019\/07\/nitzche.jpg 293w, https:\/\/franciscanos.org.br\/noticias\/wp-content\/uploads\/2019\/07\/nitzche-150x230.jpg 150w\" sizes=\"(max-width: 99px) 100vw, 99px\" \/>Afirmar-se com Nietzsche<\/strong><\/p>\n<p><strong>\u00a0<\/strong>A filosofia sempre teve por ambi\u00e7\u00e3o melhorar nossa vida, nos fazendo compreender quem somos. Mas a maior parte dos livros de filosofia se interessa, sobretudo, pela quest\u00e3o da verdade e se limita a estabelecer fundamentos te\u00f3ricos, sem se interessar pelas aplica\u00e7\u00f5es pr\u00e1ticas. Nesta obra, ao contr\u00e1rio, os autores v\u00e3o se interessar pelo que podemos tirar de uma grande filosofia para mudar nossa vida: a min\u00facia do quotidiano, como o olhar que lan\u00e7amos sobre a nossa exist\u00eancia e o sentido que lhe damos. Este livro n\u00e3o \u00e9 somente um livro para ser lido, mas tamb\u00e9m um livro para ser praticado. Quest\u00f5es concretas sobre a sua vida se seguem \u00e0s teses apresentadas em cada cap\u00edtulo. N\u00e3o seja passivo, arregace as mangas para interrogar sua experi\u00eancia e dela extrair respostas honestas e pertinentes.<\/p>\n<hr \/>\n<p><strong><img loading=\"lazy\" class=\"alignright wp-image-208468\" src=\"https:\/\/franciscanos.org.br\/noticias\/wp-content\/uploads\/2019\/07\/sartre.jpg\" alt=\"\" width=\"131\" height=\"201\" srcset=\"https:\/\/franciscanos.org.br\/noticias\/wp-content\/uploads\/2019\/07\/sartre.jpg 294w, https:\/\/franciscanos.org.br\/noticias\/wp-content\/uploads\/2019\/07\/sartre-150x230.jpg 150w\" sizes=\"(max-width: 131px) 100vw, 131px\" \/>Ser livre com Sartre<\/strong><\/p>\n<p><strong>\u00a0<\/strong>O existencialismo de Sartre \u00e9 parte de um projeto de vida: descobrir-se livre e transformar a pr\u00f3pria vida; superar as condi\u00e7\u00f5es sociais, religiosas ou pessoais que nos entravam; identificar o funcionamento conflitante de nossos relacionamentos com os outros para nos superar; lembrar-se que pensar \u00e9 ter a liberdade de <em>escolher<\/em>. Em todos os momentos a filosofia de Sartre atua como um est\u00edmulo que nos obriga a agir, sem desculpas v\u00e1lidas. N\u00e3o \u00e9 complacente porque pro\u00edbe pequenos arranjos consigo mesmo, proscreve \u00e1libis de todos os tipos e estrat\u00e9gias de escape que \u00e0s vezes d\u00e3o boa consci\u00eancia. Mas, confrontar-se com a realidade \u00e9 oferecer a si mesmo a oportunidade de finalmente viver em harmonia consigo mesmo e provar a alegria de ser aut\u00eantico. Este livro n\u00e3o \u00e9 um livro apenas para ser lido, mas tamb\u00e9m para ser posto em pr\u00e1tica. Com provoca\u00e7\u00f5es e exerc\u00edcios concretos, voc\u00ea ser\u00e1 incitado a trazer para dentro de sua vida concreta os ensinamentos da filosofia.<\/p>\n<hr \/>\n<p><strong><img loading=\"lazy\" class=\" wp-image-208469 alignleft\" src=\"https:\/\/franciscanos.org.br\/noticias\/wp-content\/uploads\/2019\/07\/rostos.jpg\" alt=\"\" width=\"96\" height=\"153\" srcset=\"https:\/\/franciscanos.org.br\/noticias\/wp-content\/uploads\/2019\/07\/rostos.jpg 283w, https:\/\/franciscanos.org.br\/noticias\/wp-content\/uploads\/2019\/07\/rostos-150x239.jpg 150w\" sizes=\"(max-width: 96px) 100vw, 96px\" \/>Rostos &#8211; Ensaio de antropologia<\/strong><\/p>\n<p>Investigando, no decorrer dos s\u00e9culos, os rostos na pintura e nos escritos filos\u00f3ficos, David Le Breton elabora a hist\u00f3ria do rosto at\u00e9 a sua nega\u00e7\u00e3o, a <em>Sho\u00e1<\/em>. Sem negligenciar o face a face nem o mau-olhado, as m\u00e1s- caras, os v\u00e9us, as caretas, tampouco a cartografia criminal, ele acaba enfatizando os paradoxos da emin\u00eancia do rosto, encaminhando-nos pelos atalhos opostos do belo e do feio, do desfigurado e do radioso. Ele circunscreve as meias-palavras a respeito do rosto ao apoiar-se na filosofia, na religi\u00e3o e na antropologia para conduzir-nos \u00e0 derradeira reflex\u00e3o, segundo a qual uma das caracter\u00edsticas da viol\u00eancia simb\u00f3lica implementada pelos racistas consiste, em primeiro lugar, na nega\u00e7\u00e3o do rosto do outro.<\/p>\n<hr \/>\n<p><strong><img loading=\"lazy\" class=\"alignright wp-image-208470\" src=\"https:\/\/franciscanos.org.br\/noticias\/wp-content\/uploads\/2019\/07\/oportugues.jpg\" alt=\"\" width=\"121\" height=\"174\" srcset=\"https:\/\/franciscanos.org.br\/noticias\/wp-content\/uploads\/2019\/07\/oportugues.jpg 313w, https:\/\/franciscanos.org.br\/noticias\/wp-content\/uploads\/2019\/07\/oportugues-150x216.jpg 150w\" sizes=\"(max-width: 121px) 100vw, 121px\" \/>Portugu\u00eas para provas e concursos<\/strong><\/p>\n<p><strong>\u00a0<\/strong>Apesar da evolu\u00e7\u00e3o das tecnologias e do grande poder da comunica\u00e7\u00e3o por meios eletr\u00f4nicos, saber redigir, ler e interpretar corretamente um texto continua sendo um desafio n\u00e3o s\u00f3 para estudantes e para quem se prepara para um concurso, mas para todos, pois a comunica\u00e7\u00e3o escrita \u00e9 a principal forma de aquisi\u00e7\u00e3o de informa\u00e7\u00f5es e conhecimentos. Este manual de Portugu\u00eas para provas e concursos apresenta a Ortografia, a Morfologia, a Sintaxe, a Estil\u00edstica e a Sem\u00e2ntica, abordando as dificuldades gramaticais e propondo exerc\u00edcios de fixa\u00e7\u00e3o e compreens\u00e3o dos elementos centrais da nossa l\u00edngua. \u00c9, assim, um excelente instrumento de consulta para todos que desejam aprimorar seu dom\u00ednio da L\u00edngua Portuguesa e sua comunica\u00e7\u00e3o escrita.<\/p>\n<hr \/>\n<p><strong><img loading=\"lazy\" class=\"alignleft wp-image-208471\" src=\"https:\/\/franciscanos.org.br\/noticias\/wp-content\/uploads\/2019\/07\/escuridao.jpg\" alt=\"\" width=\"126\" height=\"194\" srcset=\"https:\/\/franciscanos.org.br\/noticias\/wp-content\/uploads\/2019\/07\/escuridao.jpg 293w, https:\/\/franciscanos.org.br\/noticias\/wp-content\/uploads\/2019\/07\/escuridao-150x230.jpg 150w\" sizes=\"(max-width: 126px) 100vw, 126px\" \/>Entre a escurid\u00e3o e a luz do dia<\/strong><\/p>\n<p><strong>\u00a0<\/strong>H\u00e1 uma parte da alma que se agita \u00e0 noite, nas horas sombrias e silenciosas do dia, quando nossas defesas est\u00e3o baixas e as distra\u00e7\u00f5es do dia n\u00e3o servem mais para nos proteger de n\u00f3s mesmos. O que suprimimos \u00e0 luz do dia surge claramente no crep\u00fasculo. \u00c9 nesse momento, no sil\u00eancio da vida, quando menos esperamos, que as quest\u00f5es emergem da escurid\u00e3o \u00famida do nosso submundo interno. Perguntas com toques de alerta que despertam a alma, mas que n\u00e3o trazem resolu\u00e7\u00f5es prontas. Perguntas sobre a vida, n\u00e3o sobre as trivialidades do dia a dia. O tipo de pergunta para a qual n\u00e3o h\u00e1 uma resposta, mas que, no entanto, chama insistentemente a nossa aten\u00e7\u00e3o quando queremos nos mover em meio \u00e0 obscuridade das reviravoltas da vida com confian\u00e7a. Esses pensamentos que surgem do nada em n\u00f3s entre o escuro e o amanhecer parecem n\u00e3o ter conte\u00fado, mas n\u00e3o nos deixam descansar. Por que o que \u00e9 certo em alguns momentos n\u00e3o est\u00e1 certo em todos os momentos? O que \u00e9 preciso para escolher entre eles? Este pequeno livro \u00e9 uma excurs\u00e3o para reconhecer, nas convolu\u00e7\u00f5es desse processo, as coisas da nossa pr\u00f3pria vida do esp\u00edrito.<\/p>\n<hr \/>\n<p><strong><img loading=\"lazy\" class=\"alignright wp-image-208472\" src=\"https:\/\/franciscanos.org.br\/noticias\/wp-content\/uploads\/2019\/07\/psicologica.jpg\" alt=\"\" width=\"139\" height=\"176\" srcset=\"https:\/\/franciscanos.org.br\/noticias\/wp-content\/uploads\/2019\/07\/psicologica.jpg 356w, https:\/\/franciscanos.org.br\/noticias\/wp-content\/uploads\/2019\/07\/psicologica-150x190.jpg 150w\" sizes=\"(max-width: 139px) 100vw, 139px\" \/>Comp\u00eandio de Avalia\u00e7\u00e3o Psicol\u00f3gica<\/strong><\/p>\n<p><strong>\u00a0<\/strong>A avalia\u00e7\u00e3o psicol\u00f3gica (AP) \u00e9 uma \u00e1rea da psicologia que prima e se fundamenta em princ\u00edpios cient\u00edficos e \u00e9ticos, e que mais cresce no Brasil, auxiliando diversos profissionais em sua pr\u00e1tica investigativa sobre o comportamento humano. H\u00e1 d\u00e9cadas, profissionais, laborat\u00f3rios especializados e organiza\u00e7\u00f5es associadas aos psic\u00f3logos, tal como o Instituto Brasileiro de Avalia\u00e7\u00e3o Psicol\u00f3gica (Ibap) v\u00eam gerando conhecimento e aplica\u00e7\u00f5es para a \u00e1rea. Nesse sentido, o momento \u00e9 prop\u00edcio para se compilar o estado da arte de v\u00e1rios construtos, contextos e \u00e1reas em uma obra escrita pelos profissionais mais bem-reconhecidos e renomados. Como fruto desse esfor\u00e7o herc\u00faleo, nasce este <em>Comp\u00eandio de Avalia\u00e7\u00e3o Psicol\u00f3gica<\/em>, que foi arquitetado para contribuir com a forma\u00e7\u00e3o continuada e pr\u00e1tica qualificada do profissional psic\u00f3logo.<\/p>\n<hr \/>\n<p><strong><img loading=\"lazy\" class=\"alignleft wp-image-208473\" src=\"https:\/\/franciscanos.org.br\/noticias\/wp-content\/uploads\/2019\/07\/jung.jpg\" alt=\"\" width=\"170\" height=\"252\" srcset=\"https:\/\/franciscanos.org.br\/noticias\/wp-content\/uploads\/2019\/07\/jung.jpg 304w, https:\/\/franciscanos.org.br\/noticias\/wp-content\/uploads\/2019\/07\/jung-150x222.jpg 150w\" sizes=\"(max-width: 170px) 100vw, 170px\" \/>Psican\u00e1lise junguiana<\/strong><\/p>\n<p><strong>\u00a0<\/strong>Jung se distinguiu de Freud e Adler, os outros dois pioneiros da psican\u00e1lise, e fundou um ramo distinto da psicologia profunda (ou psicologia m\u00e9dica, como era chamada nos seus primeiros tempos), chamado de psicologia anal\u00edtica. Os cap\u00edtulos do presente volume refletem as mudan\u00e7as que ocorreram na \u00faltima d\u00e9cada e meia e ap\u00f3s a passagem da segunda gera\u00e7\u00e3o, que em grande parte tinha conhecido e trabalhado com Jung pessoalmente durante os anos de 1930 e 1940. Como uma afirma\u00e7\u00e3o do campo, este livro, \u00e9 muito representativo quanto \u00e0s v\u00e1rias correntes de pensamento e \u00e0 rica diversidade de abordagens e de pensamentos que constituem hoje a complexa tape\u00e7aria da escrita e do pensamento anal\u00edticos junguianos. O leitor encontrar\u00e1 um entrela\u00e7amento que talvez hoje chegue ao ponto de uma perfeita integra\u00e7\u00e3o, dos bem-conhecidos ramos cl\u00e1ssico, desenvolvimentista e arquet\u00edpico da psicologia anal\u00edtica, bem como uma gama impressionante de empr\u00e9stimos de pensadores psicanal\u00edticos modernos, para al\u00e9m das fronteiras da psicologia anal\u00edtica, e cujas ideias e <em>insights<\/em> n\u00e3o s\u00e3o de modo algum inspiradas por fontes junguianas, mas cujas vis\u00f5es s\u00e3o crescentemente vistas como convergentes e compat\u00edveis.<\/p>\n<hr \/>\n<p><strong><img loading=\"lazy\" class=\"alignright wp-image-208474\" src=\"https:\/\/franciscanos.org.br\/noticias\/wp-content\/uploads\/2019\/07\/sociologia.jpg\" alt=\"\" width=\"111\" height=\"170\" srcset=\"https:\/\/franciscanos.org.br\/noticias\/wp-content\/uploads\/2019\/07\/sociologia.jpg 293w, https:\/\/franciscanos.org.br\/noticias\/wp-content\/uploads\/2019\/07\/sociologia-150x230.jpg 150w\" sizes=\"(max-width: 111px) 100vw, 111px\" \/>Quest\u00f5es de sociologia<\/strong><\/p>\n<p><strong>\u00a0<\/strong>S\u00e3o os segredos da profiss\u00e3o, as receitas, as manhas, que Pierre Bourdieu tenta entregar aqui agrupando o conjunto das respostas que ele deu em exposi\u00e7\u00f5es, interven\u00e7\u00f5es orais ou entrevistas, para as principais quest\u00f5es colocadas pela sociologia. Ele entrega sob a forma ao mesmo tempo direta e nuan\u00e7ada que o discurso oral permite, reflex\u00f5es sobre o m\u00e9todo e sobre os conceitos fundamentais de sua sociologia (campo, habitus, capital, investimento etc.), sobre os problemas epistemol\u00f3gicos e filos\u00f3ficos que a ci\u00eancia social suscita, ao mesmo tempo que an\u00e1lises novas sobre a cultura e a pol\u00edtica, a greve e o sindicalismo, o esporte e a literatura, a moda e a vida art\u00edstica, a linguagem e a m\u00fasica.<\/p>\n<hr \/>\n<p><strong><img loading=\"lazy\" class=\"alignleft wp-image-208475\" src=\"https:\/\/franciscanos.org.br\/noticias\/wp-content\/uploads\/2019\/07\/social.jpg\" alt=\"\" width=\"156\" height=\"224\" srcset=\"https:\/\/franciscanos.org.br\/noticias\/wp-content\/uploads\/2019\/07\/social.jpg 313w, https:\/\/franciscanos.org.br\/noticias\/wp-content\/uploads\/2019\/07\/social-150x216.jpg 150w\" sizes=\"(max-width: 156px) 100vw, 156px\" \/>Evolu\u00e7\u00e3o e vida social<\/strong><\/p>\n<p><strong>\u00a0<\/strong>A evolu\u00e7\u00e3o figura entre as mais centrais e mais contestadas ideias na hist\u00f3ria da antropologia. Este livro acompanha as vicissitudes da ideia de meados do s\u00e9culo XIX at\u00e9 recentemente. Comparando abordagens biol\u00f3gicas, hist\u00f3ricas e antropol\u00f3gicas do estudo da cultura e da vida social humana, prop\u00f5e fundamentos para sua s\u00edntese eficaz. Bem \u00e0 frente de seu tempo quando publicado pela primeira vez, o livro antecipa debates na vanguarda do pensamento contempor\u00e2neo. Revisitando o trabalho depois de quase trinta anos, Tim Ingold oferece um substancial novo pref\u00e1cio que descreve como o livro veio a ser escrito, como foi recebido e qual sua influ\u00eancia em desenvolvimentos posteriores. Sem igual em alcance e amplitude de vis\u00e3o te\u00f3rica, <em>Evolu\u00e7\u00e3o e vida social<\/em> transp\u00f5e os limites da ci\u00eancia natural e das humanidades para dar uma maior contribui\u00e7\u00e3o tanto \u00e0 hist\u00f3ria do pensamento antropol\u00f3gico como do pensamento social, bem como ao debate contempor\u00e2neo sobre a rela\u00e7\u00e3o entre natureza humana, cultura e vida social.<\/p>\n<hr \/>\n<p><strong><img loading=\"lazy\" class=\"alignright wp-image-208476\" src=\"https:\/\/franciscanos.org.br\/noticias\/wp-content\/uploads\/2019\/07\/liderar.jpg\" alt=\"\" width=\"136\" height=\"215\" srcset=\"https:\/\/franciscanos.org.br\/noticias\/wp-content\/uploads\/2019\/07\/liderar.jpg 284w, https:\/\/franciscanos.org.br\/noticias\/wp-content\/uploads\/2019\/07\/liderar-150x238.jpg 150w\" sizes=\"(max-width: 136px) 100vw, 136px\" \/>Do que voc\u00ea realmente precisa para liderar<\/strong><\/p>\n<p><strong>\u00a0<\/strong>Lideran\u00e7a \u00e9 um dos aspectos mais importantes da nossa sociedade. No entanto, h\u00e1 uma tremenda discord\u00e2ncia e confus\u00e3o sobre o que significa lideran\u00e7a e se ela de fato pode ser aprendida. Como explica neste novo e poderoso livro Robert Steven Kaplan, professor da Harvard Business School, as qualidades de lideran\u00e7a n\u00e3o s\u00e3o algo que voc\u00ea tem ou n\u00e3o tem. Lideran\u00e7a n\u00e3o \u00e9 um fim ou um estado de ser. Lideran\u00e7a tem a ver com o que voc\u00ea <em>faz<\/em>, ao inv\u00e9s de quem voc\u00ea \u00e9, e isso come\u00e7a com uma atitude de dono. Kaplan conta hist\u00f3rias reais de sua pr\u00f3pria experi\u00eancia de trabalho com v\u00e1rios tipos de l\u00edderes que buscam melhorar sua efici\u00eancia e tornar suas organiza\u00e7\u00f5es mais bem-sucedidas. Ele faz perguntas investigativas, prop\u00f5e exerc\u00edcios e sugere etapas de acompanhamento objetivas que ajudar\u00e3o voc\u00ea a desenvolver suas habilidades, criar novos h\u00e1bitos e lev\u00e1-lo a alcan\u00e7ar seu potencial \u00edmpar de lideran\u00e7a. \u201c<em>Do que voc\u00ea realmente precisa para liderar\u201d<\/em> ajudar\u00e1 voc\u00ea a desenvolver sua capacidade de liderar, liberando seu poder de pensar e agir como l\u00edder.<\/p>\n<hr \/>\n<p><strong><img loading=\"lazy\" class=\"alignleft wp-image-208477\" src=\"https:\/\/franciscanos.org.br\/noticias\/wp-content\/uploads\/2019\/07\/kant.jpg\" alt=\"\" width=\"96\" height=\"157\" srcset=\"https:\/\/franciscanos.org.br\/noticias\/wp-content\/uploads\/2019\/07\/kant.jpg 276w, https:\/\/franciscanos.org.br\/noticias\/wp-content\/uploads\/2019\/07\/kant-150x245.jpg 150w\" sizes=\"(max-width: 96px) 100vw, 96px\" \/>Primeiros princ\u00edpios metaf\u00edsicos da doutrina do direito<\/strong><\/p>\n<p>Esta \u00e9 uma obra bastante referencial no pensamento de Kant e fundamental nos cursos de Direito, sendo a base do conhecimento te\u00f3rico do direito e da lei. Trata-se da primeira parte do livro \u201cMetaf\u00edsica dos Costumes\u201d. A Doutrina do Direito tem como objeto os princ\u00edpios de todas as leis que s\u00e3o pass\u00edveis de promulga\u00e7\u00e3o pela legisla\u00e7\u00e3o externa. Kant examina no texto uma ampla gama de quest\u00f5es, incluindo a teoria dos contratos sociais, propriedade privada, direitos humanos, bem-estar e igualdade, desobedi\u00eancia civil, perd\u00e3o e puni\u00e7\u00e3o, e igualdade no casamento.<\/p>\n<hr \/>\n<p><strong><img loading=\"lazy\" class=\"alignright wp-image-208478\" src=\"https:\/\/franciscanos.org.br\/noticias\/wp-content\/uploads\/2019\/07\/menor.jpg\" alt=\"\" width=\"100\" height=\"164\" srcset=\"https:\/\/franciscanos.org.br\/noticias\/wp-content\/uploads\/2019\/07\/menor.jpg 275w, https:\/\/franciscanos.org.br\/noticias\/wp-content\/uploads\/2019\/07\/menor-150x245.jpg 150w\" sizes=\"(max-width: 100px) 100vw, 100px\" \/>Defensor menor<\/strong><\/p>\n<p><strong>\u00a0<\/strong>Mars\u00edlio de P\u00e1dua, controvertido pensador pol\u00edtico do s\u00e9culo XIV, distanciou-se por suas ideias dos padr\u00f5es da \u00e9poca. \u00c9 considerado por alguns cr\u00edticos como um dos precursores da concep\u00e7\u00e3o de \u201cEstado Totalit\u00e1rio\u201d. Exp\u00f4s seu pensamento em diversas obras, dentre as quais \u201cDefensor menor\u201d \u00e9 uma das \u00faltimas e s\u00edntese de todas. Nela o autor combate a teoria curialista da <em>Plenitudo Potestatis<\/em>, que acrescia ao poder e \u00e0 autoridade religiosa do papa a excel\u00eancia do poder civil.<\/p>\n<hr \/>\n<p><strong><img loading=\"lazy\" class=\"alignleft wp-image-208479\" src=\"https:\/\/franciscanos.org.br\/noticias\/wp-content\/uploads\/2019\/07\/florenca.jpg\" alt=\"\" width=\"72\" height=\"117\" srcset=\"https:\/\/franciscanos.org.br\/noticias\/wp-content\/uploads\/2019\/07\/florenca.jpg 276w, https:\/\/franciscanos.org.br\/noticias\/wp-content\/uploads\/2019\/07\/florenca-150x245.jpg 150w\" sizes=\"(max-width: 72px) 100vw, 72px\" \/>Tratado sobre o regime e o governo da cidade de Floren\u00e7a<\/strong><\/p>\n<p><strong>\u00a0<\/strong>O <em>Tratado<\/em>, publicado pouco antes da morte de Savonarola, concentra o projeto pol\u00edtico que defendeu. Obra de grande consist\u00eancia te\u00f3rica, revela o car\u00e1ter de um m\u00e1rtir na defesa dos direitos civis e da democracia.<\/p>\n","protected":false},"excerpt":{"rendered":"<p>\u00daltimos lan\u00e7amentos da Editora Vozes<\/p>\n","protected":false},"author":3,"featured_media":0,"comment_status":"open","ping_status":"open","sticky":false,"template":"","format":"standard","meta":[],"categories":[1],"tags":[238],"acf":[],"yoast_head":"<!-- This site is optimized with the Yoast SEO plugin v19.2 - https:\/\/yoast.com\/wordpress\/plugins\/seo\/ -->\n<title>&quot;Mariologia&quot; entre os lan\u00e7amentos da Vozes - Not\u00edcias - Franciscanos<\/title>\n<meta name=\"robots\" content=\"index, follow, max-snippet:-1, max-image-preview:large, max-video-preview:-1\" \/>\n<link rel=\"canonical\" href=\"https:\/\/franciscanos.org.br\/noticias\/mariologia-entre-os-lancamentos-da-vozes.html\" \/>\n<meta property=\"og:locale\" content=\"pt_BR\" \/>\n<meta property=\"og:type\" content=\"article\" \/>\n<meta property=\"og:title\" content=\"&quot;Mariologia&quot; entre os lan\u00e7amentos da Vozes - Not\u00edcias - Franciscanos\" \/>\n<meta property=\"og:description\" content=\"\u00daltimos lan\u00e7amentos da Editora Vozes\" \/>\n<meta property=\"og:url\" content=\"https:\/\/franciscanos.org.br\/noticias\/mariologia-entre-os-lancamentos-da-vozes.html\" \/>\n<meta property=\"og:site_name\" content=\"Not\u00edcias - Franciscanos\" \/>\n<meta property=\"article:published_time\" content=\"2019-07-26T10:30:47+00:00\" \/>\n<meta property=\"article:modified_time\" content=\"2019-07-26T10:43:08+00:00\" \/>\n<meta property=\"og:image\" content=\"https:\/\/franciscanos.org.br\/noticias\/wp-content\/uploads\/2019\/07\/MARIA_2607.jpg\" \/>\n<meta name=\"author\" content=\"moacir\" \/>\n<meta name=\"twitter:card\" content=\"summary_large_image\" \/>\n<meta name=\"twitter:label1\" content=\"Escrito por\" \/>\n\t<meta name=\"twitter:data1\" content=\"moacir\" \/>\n\t<meta name=\"twitter:label2\" content=\"Est. tempo de leitura\" \/>\n\t<meta name=\"twitter:data2\" content=\"14 minutos\" \/>\n<script type=\"application\/ld+json\" class=\"yoast-schema-graph\">{\"@context\":\"https:\/\/schema.org\",\"@graph\":[{\"@type\":\"WebSite\",\"@id\":\"https:\/\/franciscanos.org.br\/noticias\/#website\",\"url\":\"https:\/\/franciscanos.org.br\/noticias\/\",\"name\":\"Not\u00edcias - Franciscanos\",\"description\":\"Prov\u00edncia Franciscana da Imaculada Concei\u00e7\u00e3o do Brasil - Ordem dos Frades Menores - OFM\",\"potentialAction\":[{\"@type\":\"SearchAction\",\"target\":{\"@type\":\"EntryPoint\",\"urlTemplate\":\"https:\/\/franciscanos.org.br\/noticias\/?s={search_term_string}\"},\"query-input\":\"required name=search_term_string\"}],\"inLanguage\":\"pt-BR\"},{\"@type\":\"ImageObject\",\"inLanguage\":\"pt-BR\",\"@id\":\"https:\/\/franciscanos.org.br\/noticias\/mariologia-entre-os-lancamentos-da-vozes.html#primaryimage\",\"url\":\"https:\/\/franciscanos.org.br\/noticias\/wp-content\/uploads\/2019\/07\/MARIA_2607.jpg\",\"contentUrl\":\"https:\/\/franciscanos.org.br\/noticias\/wp-content\/uploads\/2019\/07\/MARIA_2607.jpg\",\"width\":890,\"height\":465},{\"@type\":\"WebPage\",\"@id\":\"https:\/\/franciscanos.org.br\/noticias\/mariologia-entre-os-lancamentos-da-vozes.html#webpage\",\"url\":\"https:\/\/franciscanos.org.br\/noticias\/mariologia-entre-os-lancamentos-da-vozes.html\",\"name\":\"\\\"Mariologia\\\" entre os lan\u00e7amentos da Vozes - Not\u00edcias - Franciscanos\",\"isPartOf\":{\"@id\":\"https:\/\/franciscanos.org.br\/noticias\/#website\"},\"primaryImageOfPage\":{\"@id\":\"https:\/\/franciscanos.org.br\/noticias\/mariologia-entre-os-lancamentos-da-vozes.html#primaryimage\"},\"datePublished\":\"2019-07-26T10:30:47+00:00\",\"dateModified\":\"2019-07-26T10:43:08+00:00\",\"author\":{\"@id\":\"https:\/\/franciscanos.org.br\/noticias\/#\/schema\/person\/b5c8cba458c330ccff548b056e95a5d4\"},\"breadcrumb\":{\"@id\":\"https:\/\/franciscanos.org.br\/noticias\/mariologia-entre-os-lancamentos-da-vozes.html#breadcrumb\"},\"inLanguage\":\"pt-BR\",\"potentialAction\":[{\"@type\":\"ReadAction\",\"target\":[\"https:\/\/franciscanos.org.br\/noticias\/mariologia-entre-os-lancamentos-da-vozes.html\"]}]},{\"@type\":\"BreadcrumbList\",\"@id\":\"https:\/\/franciscanos.org.br\/noticias\/mariologia-entre-os-lancamentos-da-vozes.html#breadcrumb\",\"itemListElement\":[{\"@type\":\"ListItem\",\"position\":1,\"name\":\"Home\",\"item\":\"https:\/\/franciscanos.org.br\/noticias\"},{\"@type\":\"ListItem\",\"position\":2,\"name\":\"&#8220;Mariologia&#8221; entre os lan\u00e7amentos da Vozes\"}]},{\"@type\":\"Person\",\"@id\":\"https:\/\/franciscanos.org.br\/noticias\/#\/schema\/person\/b5c8cba458c330ccff548b056e95a5d4\",\"name\":\"moacir\",\"image\":{\"@type\":\"ImageObject\",\"inLanguage\":\"pt-BR\",\"@id\":\"https:\/\/franciscanos.org.br\/noticias\/#\/schema\/person\/image\/\",\"url\":\"https:\/\/secure.gravatar.com\/avatar\/d08aa2ce4c8dd416d4479aa8536fcf64?s=96&d=mm&r=g\",\"contentUrl\":\"https:\/\/secure.gravatar.com\/avatar\/d08aa2ce4c8dd416d4479aa8536fcf64?s=96&d=mm&r=g\",\"caption\":\"moacir\"},\"url\":\"https:\/\/franciscanos.org.br\/noticias\/author\/moacir\"}]}<\/script>\n<!-- \/ Yoast SEO plugin. -->","yoast_head_json":{"title":"\"Mariologia\" entre os lan\u00e7amentos da Vozes - Not\u00edcias - Franciscanos","robots":{"index":"index","follow":"follow","max-snippet":"max-snippet:-1","max-image-preview":"max-image-preview:large","max-video-preview":"max-video-preview:-1"},"canonical":"https:\/\/franciscanos.org.br\/noticias\/mariologia-entre-os-lancamentos-da-vozes.html","og_locale":"pt_BR","og_type":"article","og_title":"\"Mariologia\" entre os lan\u00e7amentos da Vozes - Not\u00edcias - Franciscanos","og_description":"\u00daltimos lan\u00e7amentos da Editora Vozes","og_url":"https:\/\/franciscanos.org.br\/noticias\/mariologia-entre-os-lancamentos-da-vozes.html","og_site_name":"Not\u00edcias - Franciscanos","article_published_time":"2019-07-26T10:30:47+00:00","article_modified_time":"2019-07-26T10:43:08+00:00","og_image":[{"url":"https:\/\/franciscanos.org.br\/noticias\/wp-content\/uploads\/2019\/07\/MARIA_2607.jpg"}],"author":"moacir","twitter_card":"summary_large_image","twitter_misc":{"Escrito por":"moacir","Est. tempo de leitura":"14 minutos"},"schema":{"@context":"https:\/\/schema.org","@graph":[{"@type":"WebSite","@id":"https:\/\/franciscanos.org.br\/noticias\/#website","url":"https:\/\/franciscanos.org.br\/noticias\/","name":"Not\u00edcias - Franciscanos","description":"Prov\u00edncia Franciscana da Imaculada Concei\u00e7\u00e3o do Brasil - Ordem dos Frades Menores - OFM","potentialAction":[{"@type":"SearchAction","target":{"@type":"EntryPoint","urlTemplate":"https:\/\/franciscanos.org.br\/noticias\/?s={search_term_string}"},"query-input":"required name=search_term_string"}],"inLanguage":"pt-BR"},{"@type":"ImageObject","inLanguage":"pt-BR","@id":"https:\/\/franciscanos.org.br\/noticias\/mariologia-entre-os-lancamentos-da-vozes.html#primaryimage","url":"https:\/\/franciscanos.org.br\/noticias\/wp-content\/uploads\/2019\/07\/MARIA_2607.jpg","contentUrl":"https:\/\/franciscanos.org.br\/noticias\/wp-content\/uploads\/2019\/07\/MARIA_2607.jpg","width":890,"height":465},{"@type":"WebPage","@id":"https:\/\/franciscanos.org.br\/noticias\/mariologia-entre-os-lancamentos-da-vozes.html#webpage","url":"https:\/\/franciscanos.org.br\/noticias\/mariologia-entre-os-lancamentos-da-vozes.html","name":"\"Mariologia\" entre os lan\u00e7amentos da Vozes - Not\u00edcias - Franciscanos","isPartOf":{"@id":"https:\/\/franciscanos.org.br\/noticias\/#website"},"primaryImageOfPage":{"@id":"https:\/\/franciscanos.org.br\/noticias\/mariologia-entre-os-lancamentos-da-vozes.html#primaryimage"},"datePublished":"2019-07-26T10:30:47+00:00","dateModified":"2019-07-26T10:43:08+00:00","author":{"@id":"https:\/\/franciscanos.org.br\/noticias\/#\/schema\/person\/b5c8cba458c330ccff548b056e95a5d4"},"breadcrumb":{"@id":"https:\/\/franciscanos.org.br\/noticias\/mariologia-entre-os-lancamentos-da-vozes.html#breadcrumb"},"inLanguage":"pt-BR","potentialAction":[{"@type":"ReadAction","target":["https:\/\/franciscanos.org.br\/noticias\/mariologia-entre-os-lancamentos-da-vozes.html"]}]},{"@type":"BreadcrumbList","@id":"https:\/\/franciscanos.org.br\/noticias\/mariologia-entre-os-lancamentos-da-vozes.html#breadcrumb","itemListElement":[{"@type":"ListItem","position":1,"name":"Home","item":"https:\/\/franciscanos.org.br\/noticias"},{"@type":"ListItem","position":2,"name":"&#8220;Mariologia&#8221; entre os lan\u00e7amentos da Vozes"}]},{"@type":"Person","@id":"https:\/\/franciscanos.org.br\/noticias\/#\/schema\/person\/b5c8cba458c330ccff548b056e95a5d4","name":"moacir","image":{"@type":"ImageObject","inLanguage":"pt-BR","@id":"https:\/\/franciscanos.org.br\/noticias\/#\/schema\/person\/image\/","url":"https:\/\/secure.gravatar.com\/avatar\/d08aa2ce4c8dd416d4479aa8536fcf64?s=96&d=mm&r=g","contentUrl":"https:\/\/secure.gravatar.com\/avatar\/d08aa2ce4c8dd416d4479aa8536fcf64?s=96&d=mm&r=g","caption":"moacir"},"url":"https:\/\/franciscanos.org.br\/noticias\/author\/moacir"}]}},"_links":{"self":[{"href":"https:\/\/franciscanos.org.br\/noticias\/wp-json\/wp\/v2\/posts\/208459"}],"collection":[{"href":"https:\/\/franciscanos.org.br\/noticias\/wp-json\/wp\/v2\/posts"}],"about":[{"href":"https:\/\/franciscanos.org.br\/noticias\/wp-json\/wp\/v2\/types\/post"}],"author":[{"embeddable":true,"href":"https:\/\/franciscanos.org.br\/noticias\/wp-json\/wp\/v2\/users\/3"}],"replies":[{"embeddable":true,"href":"https:\/\/franciscanos.org.br\/noticias\/wp-json\/wp\/v2\/comments?post=208459"}],"version-history":[{"count":0,"href":"https:\/\/franciscanos.org.br\/noticias\/wp-json\/wp\/v2\/posts\/208459\/revisions"}],"wp:attachment":[{"href":"https:\/\/franciscanos.org.br\/noticias\/wp-json\/wp\/v2\/media?parent=208459"}],"wp:term":[{"taxonomy":"category","embeddable":true,"href":"https:\/\/franciscanos.org.br\/noticias\/wp-json\/wp\/v2\/categories?post=208459"},{"taxonomy":"post_tag","embeddable":true,"href":"https:\/\/franciscanos.org.br\/noticias\/wp-json\/wp\/v2\/tags?post=208459"}],"curies":[{"name":"wp","href":"https:\/\/api.w.org\/{rel}","templated":true}]}}