{"id":208442,"date":"2019-07-24T09:53:51","date_gmt":"2019-07-24T12:53:51","guid":{"rendered":"https:\/\/franciscanos.org.br\/noticias\/?p=208442"},"modified":"2019-07-24T09:53:51","modified_gmt":"2019-07-24T12:53:51","slug":"frei-joseph-a-colaboracao-dos-catolicos-com-trump-e-um-escandalo","status":"publish","type":"post","link":"https:\/\/franciscanos.org.br\/noticias\/frei-joseph-a-colaboracao-dos-catolicos-com-trump-e-um-escandalo.html","title":{"rendered":"Frei Joseph: &#8220;A colabora\u00e7\u00e3o dos cat\u00f3licos com Trump \u00e9 um esc\u00e2ndalo&#8221;"},"content":{"rendered":"<p><img loading=\"lazy\" class=\"alignnone size-full wp-image-208443\" src=\"https:\/\/franciscanos.org.br\/noticias\/wp-content\/uploads\/2019\/07\/fradeeua_2407.jpg\" alt=\"\" width=\"890\" height=\"469\" srcset=\"https:\/\/franciscanos.org.br\/noticias\/wp-content\/uploads\/2019\/07\/fradeeua_2407.jpg 890w, https:\/\/franciscanos.org.br\/noticias\/wp-content\/uploads\/2019\/07\/fradeeua_2407-450x237.jpg 450w, https:\/\/franciscanos.org.br\/noticias\/wp-content\/uploads\/2019\/07\/fradeeua_2407-768x405.jpg 768w, https:\/\/franciscanos.org.br\/noticias\/wp-content\/uploads\/2019\/07\/fradeeua_2407-150x79.jpg 150w\" sizes=\"(max-width: 890px) 100vw, 890px\" \/><br \/>\n<em>Frei Joseph Nangle (87) \u00e9 franciscano, pertence \u00e0 Ordem dos Frades Menores (OFM) e serviu como mission\u00e1rio na Bol\u00edvia por mais de 15 anos, foi por mais 12 co-diretor do Servi\u00e7o Mission\u00e1rio Franciscano e, na \u00faltima quinta-feira, foi preso, juntamente com 70 outros cat\u00f3licos, por protestar contra a pol\u00edtica de imigra\u00e7\u00e3o do governo de Donald Trump.<\/em><\/p>\n<p><em>Frei Joseph\u00a0 responde a algumas perguntas do site &#8220;Pazybien.es&#8221; e destaca a grave situa\u00e7\u00e3o em que os migrantes vivem devido \u00e0s medidas da administra\u00e7\u00e3o americana.<\/em><\/p>\n<p><strong>A partir do carisma franciscano que motiva voc\u00ea a realizar tais a\u00e7\u00f5es, mesmo colocando em risco a sua pr\u00f3pria seguran\u00e7a?<\/strong><\/p>\n<p><strong>Frei Joseph Nangle<\/strong> &#8211; Obrigado por esta oportunidade de explicar um pouco mais certos esfor\u00e7os franciscanos contra os muitos crimes cometidos pela Administra\u00e7\u00e3o Trump, particularmente o que fizemos com um grande grupo de cat\u00f3licos Na quinta-feira, 18 deste. O carisma de S\u00e3o Francisco se presta em nosso tempo, especialmente nos EUA, a a\u00e7\u00f5es prof\u00e9ticas contra crimes contra a humanidade feitas por nosso governo neste momento. S\u00e3o Francisco deu o tom a este respeito com sua perigosa viagem ao Egito na \u00e9poca das cruzadas. N\u00f3s n\u00e3o podemos fazer menos agora.<\/p>\n<p><strong>Como os franciscanos e franciscanos nos Estados Unidos promovem a cultura do encontro e a integra\u00e7\u00e3o social dos migrantes?<\/strong><\/p>\n<p><strong>Frei Joseph <\/strong>&#8211; Em todos os lugares do nosso pa\u00eds, especialmente no trabalho pastoral, o nosso h\u00e1bito \u00e9 uma luz e esperan\u00e7a para os irm\u00e3os e irm\u00e3s da Am\u00e9rica Latina. Acredito que cada irm\u00e3o e irm\u00e3 franciscana percebe o papel crucial que desempenhamos com eles que est\u00e3o tentando viver em paz em nosso pa\u00eds.<\/p>\n<p><strong>Como os franciscanos de outros pa\u00edses podem se unir e colaborar em suas a\u00e7\u00f5es contra as pol\u00edticas de morte da administra\u00e7\u00e3o Trump?<\/strong><\/p>\n<p><strong>Frei Joseph <\/strong>\u00a0&#8211; \u00c9 uma quest\u00e3o fundamental. Precisamos de palavras de encorajamento, desafio e at\u00e9 mesmo da demanda dos irm\u00e3os de outros pa\u00edses para que joguem mais e mais claramente nossa voca\u00e7\u00e3o prof\u00e9tica dentro do Imp\u00e9rio Americano hoje.<\/p>\n<p><strong>O que voc\u00ea diria aos cat\u00f3licos nos EUA e no resto do mundo que ap\u00f3iam as pol\u00edticas de Donald Trump?<\/strong><\/p>\n<p><strong>Frei Joseph<\/strong>\u00a0&#8211; A colabora\u00e7\u00e3o e apoio ao horror do trumpismo por nossos irm\u00e3os e irm\u00e3s crist\u00e3os \/ cat\u00f3licos \u00e9 uma trag\u00e9dia, um esc\u00e2ndalo e algo incr\u00edvel. \u00c9 por isso que o exemplo franciscano contra tudo isso \u00e9 essencial. \u00c9 uma quest\u00e3o, penso eu, das palavras e a\u00e7\u00f5es de Jesus &#8220;ai de v\u00f3s, fariseus&#8221;.<\/p>\n<p><strong>Podemos ter esperan\u00e7a de que a situa\u00e7\u00e3o atual possa ser revertida?<\/strong><\/p>\n<p><strong>Frei Joseph <\/strong>\u00a0&#8211; Sempre h\u00e1 esperan\u00e7a. Politicamente, ansiamos por uma mudan\u00e7a radical com as elei\u00e7\u00f5es de 2020. Em termos de nossa f\u00e9, nos consolamos com as palavras de Deus do Profeta Isa\u00edas: \u00abConsuelo, Consuelo &#8230; Seu teste acabou. Eu ouvi o clamor do meu povo \u00bb.<\/p>\n<p><strong>Voc\u00ea pretende repetir a\u00e7\u00f5es como as do Capit\u00f3lio? Quais consequ\u00eancias legais isso pode ter para voc\u00ea?<\/strong><\/p>\n<p><strong>Frei Joseph<\/strong>\u00a0&#8211; Acredito que o que fizemos neste dia de 18 de julho pode muito bem \u2013 deve &#8211; ser repetido constantemente, especialmente pelos cat\u00f3licos norte-americanos. Eu chamaria meus irm\u00e3os frades, juntamente com as irm\u00e3s franciscanas, para fazer parte do que pode ser um grande movimento pela justi\u00e7a para &#8220;os pequenos&#8221;. Parece-me que este movimento poderia promover uma necess\u00e1ria renova\u00e7\u00e3o e revitaliza\u00e7\u00e3o da comunidade franciscana neste pa\u00eds.<\/p>\n<p><img loading=\"lazy\" class=\"alignnone size-full wp-image-208445\" src=\"https:\/\/franciscanos.org.br\/noticias\/wp-content\/uploads\/2019\/07\/fradeeua_2407_1.jpg\" alt=\"\" width=\"890\" height=\"668\" srcset=\"https:\/\/franciscanos.org.br\/noticias\/wp-content\/uploads\/2019\/07\/fradeeua_2407_1.jpg 890w, https:\/\/franciscanos.org.br\/noticias\/wp-content\/uploads\/2019\/07\/fradeeua_2407_1-450x338.jpg 450w, https:\/\/franciscanos.org.br\/noticias\/wp-content\/uploads\/2019\/07\/fradeeua_2407_1-768x576.jpg 768w, https:\/\/franciscanos.org.br\/noticias\/wp-content\/uploads\/2019\/07\/fradeeua_2407_1-150x113.jpg 150w, https:\/\/franciscanos.org.br\/noticias\/wp-content\/uploads\/2019\/07\/fradeeua_2407_1-600x450.jpg 600w\" sizes=\"(max-width: 890px) 100vw, 890px\" \/><\/p>\n<p>Frei Jos\u00e9 tamb\u00e9m destacou, durante a coletiva de imprensa na \u00faltima quinta-feira, o que \u00e9 definido como &#8220;pecado nacional original&#8221;: apesar da grande ret\u00f3rica sobre liberdade e independ\u00eancia, a declara\u00e7\u00e3o fundadora de nosso pa\u00eds foi atormentada por racismo e misoginia. . Escrito por v\u00e1rios propriet\u00e1rios de escravos e excluindo as mulheres do direito de comentar sobre a vida p\u00fablica do pa\u00eds, o documento continha um grande insulto aos americanos originais.<\/p>\n<p>Na Declara\u00e7\u00e3o de Independ\u00eancia de 1776, a \u00fanica refer\u00eancia aos povos nativos americanos era se afastar de &#8220;nossas Fronteiras, para os implac\u00e1veis \u00edndios selvagens e sem dinheiro, cuja conhecida Regra de Luta \u00e9 a Destrui\u00e7\u00e3o sem distin\u00e7\u00e3o de Idade, Sexo ou Condi\u00e7\u00e3o&#8221;.<\/p>\n<p>Agora, mais de duzentos anos depois, pens\u00e1vamos que aqueles pecados, pelo menos, haviam come\u00e7ado a ser superados. A escravid\u00e3o foi oficialmente abolida; as mulheres receberam o direito de voto no in\u00edcio do s\u00e9culo XX; e o movimento dos direitos civis da d\u00e9cada de 1960 abordou as persistentes injusti\u00e7as em rela\u00e7\u00e3o aos afro-americanos.<\/p>\n<p>No entanto, nos dias de hoje, Donald Trump nos arrasta de volta para esses tempos sombrios com uma combina\u00e7\u00e3o de medo irracional, \u00f3dio de pessoas que n\u00e3o s\u00e3o como ele e pura crueldade.<\/p>\n<p>O que \u00e9 quase pior, s\u00e3o os chamados crist\u00e3os que apoiam, aplaudem e permitem que esta descida a uma nova era das trevas nos Estados Unidos.<\/p>\n<p>Hoje fazemos as nossas pr\u00f3prias palavras do bispo cat\u00f3lico de El Paso, Mark Seitz, quando v\u00ea os horrores di\u00e1rios que ocorrem entre a sua cidade e Ciudad Ju\u00e1rez: \u00abEste governo e esta sociedade n\u00e3o est\u00e3o bem. Sofremos um endurecimento do cora\u00e7\u00e3o que amea\u00e7a a vida \u00bb.<\/p>\n<p><em>FONTE: PAZ Y BIEN (Tradu\u00e7\u00e3o: http:\/\/www.falachico.org)<\/em><\/p>\n","protected":false},"excerpt":{"rendered":"<p>O drama dos imigrantes nos EUA<\/p>\n","protected":false},"author":3,"featured_media":208444,"comment_status":"open","ping_status":"open","sticky":false,"template":"","format":"standard","meta":[],"categories":[1],"tags":[824],"acf":[],"yoast_head":"<!-- This site is optimized with the Yoast SEO plugin v19.2 - https:\/\/yoast.com\/wordpress\/plugins\/seo\/ -->\n<title>Frei Joseph: &quot;A colabora\u00e7\u00e3o dos cat\u00f3licos com Trump \u00e9 um esc\u00e2ndalo&quot; - Not\u00edcias - Franciscanos<\/title>\n<meta name=\"robots\" content=\"index, follow, max-snippet:-1, max-image-preview:large, max-video-preview:-1\" \/>\n<link rel=\"canonical\" href=\"https:\/\/franciscanos.org.br\/noticias\/frei-joseph-a-colaboracao-dos-catolicos-com-trump-e-um-escandalo.html\" \/>\n<meta property=\"og:locale\" content=\"pt_BR\" \/>\n<meta property=\"og:type\" content=\"article\" \/>\n<meta property=\"og:title\" content=\"Frei Joseph: &quot;A colabora\u00e7\u00e3o dos cat\u00f3licos com Trump \u00e9 um esc\u00e2ndalo&quot; - Not\u00edcias - Franciscanos\" \/>\n<meta property=\"og:description\" content=\"O drama dos imigrantes nos EUA\" \/>\n<meta property=\"og:url\" content=\"https:\/\/franciscanos.org.br\/noticias\/frei-joseph-a-colaboracao-dos-catolicos-com-trump-e-um-escandalo.html\" \/>\n<meta property=\"og:site_name\" content=\"Not\u00edcias - Franciscanos\" \/>\n<meta property=\"article:published_time\" content=\"2019-07-24T12:53:51+00:00\" \/>\n<meta property=\"og:image\" content=\"https:\/\/franciscanos.org.br\/noticias\/wp-content\/uploads\/2019\/07\/fradeeua_2407d.jpg\" \/>\n\t<meta property=\"og:image:width\" content=\"273\" \/>\n\t<meta property=\"og:image:height\" content=\"181\" \/>\n\t<meta property=\"og:image:type\" content=\"image\/jpeg\" \/>\n<meta name=\"author\" content=\"moacir\" \/>\n<meta name=\"twitter:card\" content=\"summary_large_image\" \/>\n<meta name=\"twitter:label1\" content=\"Escrito por\" \/>\n\t<meta name=\"twitter:data1\" content=\"moacir\" \/>\n\t<meta name=\"twitter:label2\" content=\"Est. tempo de leitura\" \/>\n\t<meta name=\"twitter:data2\" content=\"5 minutos\" \/>\n<script type=\"application\/ld+json\" class=\"yoast-schema-graph\">{\"@context\":\"https:\/\/schema.org\",\"@graph\":[{\"@type\":\"WebSite\",\"@id\":\"https:\/\/franciscanos.org.br\/noticias\/#website\",\"url\":\"https:\/\/franciscanos.org.br\/noticias\/\",\"name\":\"Not\u00edcias - Franciscanos\",\"description\":\"Prov\u00edncia Franciscana da Imaculada Concei\u00e7\u00e3o do Brasil - Ordem dos Frades Menores - OFM\",\"potentialAction\":[{\"@type\":\"SearchAction\",\"target\":{\"@type\":\"EntryPoint\",\"urlTemplate\":\"https:\/\/franciscanos.org.br\/noticias\/?s={search_term_string}\"},\"query-input\":\"required name=search_term_string\"}],\"inLanguage\":\"pt-BR\"},{\"@type\":\"ImageObject\",\"inLanguage\":\"pt-BR\",\"@id\":\"https:\/\/franciscanos.org.br\/noticias\/frei-joseph-a-colaboracao-dos-catolicos-com-trump-e-um-escandalo.html#primaryimage\",\"url\":\"https:\/\/franciscanos.org.br\/noticias\/wp-content\/uploads\/2019\/07\/fradeeua_2407d.jpg\",\"contentUrl\":\"https:\/\/franciscanos.org.br\/noticias\/wp-content\/uploads\/2019\/07\/fradeeua_2407d.jpg\",\"width\":273,\"height\":181},{\"@type\":\"WebPage\",\"@id\":\"https:\/\/franciscanos.org.br\/noticias\/frei-joseph-a-colaboracao-dos-catolicos-com-trump-e-um-escandalo.html#webpage\",\"url\":\"https:\/\/franciscanos.org.br\/noticias\/frei-joseph-a-colaboracao-dos-catolicos-com-trump-e-um-escandalo.html\",\"name\":\"Frei Joseph: \\\"A colabora\u00e7\u00e3o dos cat\u00f3licos com Trump \u00e9 um esc\u00e2ndalo\\\" - Not\u00edcias - Franciscanos\",\"isPartOf\":{\"@id\":\"https:\/\/franciscanos.org.br\/noticias\/#website\"},\"primaryImageOfPage\":{\"@id\":\"https:\/\/franciscanos.org.br\/noticias\/frei-joseph-a-colaboracao-dos-catolicos-com-trump-e-um-escandalo.html#primaryimage\"},\"datePublished\":\"2019-07-24T12:53:51+00:00\",\"dateModified\":\"2019-07-24T12:53:51+00:00\",\"author\":{\"@id\":\"https:\/\/franciscanos.org.br\/noticias\/#\/schema\/person\/b5c8cba458c330ccff548b056e95a5d4\"},\"breadcrumb\":{\"@id\":\"https:\/\/franciscanos.org.br\/noticias\/frei-joseph-a-colaboracao-dos-catolicos-com-trump-e-um-escandalo.html#breadcrumb\"},\"inLanguage\":\"pt-BR\",\"potentialAction\":[{\"@type\":\"ReadAction\",\"target\":[\"https:\/\/franciscanos.org.br\/noticias\/frei-joseph-a-colaboracao-dos-catolicos-com-trump-e-um-escandalo.html\"]}]},{\"@type\":\"BreadcrumbList\",\"@id\":\"https:\/\/franciscanos.org.br\/noticias\/frei-joseph-a-colaboracao-dos-catolicos-com-trump-e-um-escandalo.html#breadcrumb\",\"itemListElement\":[{\"@type\":\"ListItem\",\"position\":1,\"name\":\"Home\",\"item\":\"https:\/\/franciscanos.org.br\/noticias\"},{\"@type\":\"ListItem\",\"position\":2,\"name\":\"Frei Joseph: &#8220;A colabora\u00e7\u00e3o dos cat\u00f3licos com Trump \u00e9 um esc\u00e2ndalo&#8221;\"}]},{\"@type\":\"Person\",\"@id\":\"https:\/\/franciscanos.org.br\/noticias\/#\/schema\/person\/b5c8cba458c330ccff548b056e95a5d4\",\"name\":\"moacir\",\"image\":{\"@type\":\"ImageObject\",\"inLanguage\":\"pt-BR\",\"@id\":\"https:\/\/franciscanos.org.br\/noticias\/#\/schema\/person\/image\/\",\"url\":\"https:\/\/secure.gravatar.com\/avatar\/d08aa2ce4c8dd416d4479aa8536fcf64?s=96&d=mm&r=g\",\"contentUrl\":\"https:\/\/secure.gravatar.com\/avatar\/d08aa2ce4c8dd416d4479aa8536fcf64?s=96&d=mm&r=g\",\"caption\":\"moacir\"},\"url\":\"https:\/\/franciscanos.org.br\/noticias\/author\/moacir\"}]}<\/script>\n<!-- \/ Yoast SEO plugin. -->","yoast_head_json":{"title":"Frei Joseph: \"A colabora\u00e7\u00e3o dos cat\u00f3licos com Trump \u00e9 um esc\u00e2ndalo\" - Not\u00edcias - Franciscanos","robots":{"index":"index","follow":"follow","max-snippet":"max-snippet:-1","max-image-preview":"max-image-preview:large","max-video-preview":"max-video-preview:-1"},"canonical":"https:\/\/franciscanos.org.br\/noticias\/frei-joseph-a-colaboracao-dos-catolicos-com-trump-e-um-escandalo.html","og_locale":"pt_BR","og_type":"article","og_title":"Frei Joseph: \"A colabora\u00e7\u00e3o dos cat\u00f3licos com Trump \u00e9 um esc\u00e2ndalo\" - Not\u00edcias - Franciscanos","og_description":"O drama dos imigrantes nos EUA","og_url":"https:\/\/franciscanos.org.br\/noticias\/frei-joseph-a-colaboracao-dos-catolicos-com-trump-e-um-escandalo.html","og_site_name":"Not\u00edcias - Franciscanos","article_published_time":"2019-07-24T12:53:51+00:00","og_image":[{"width":273,"height":181,"url":"https:\/\/franciscanos.org.br\/noticias\/wp-content\/uploads\/2019\/07\/fradeeua_2407d.jpg","type":"image\/jpeg"}],"author":"moacir","twitter_card":"summary_large_image","twitter_misc":{"Escrito por":"moacir","Est. tempo de leitura":"5 minutos"},"schema":{"@context":"https:\/\/schema.org","@graph":[{"@type":"WebSite","@id":"https:\/\/franciscanos.org.br\/noticias\/#website","url":"https:\/\/franciscanos.org.br\/noticias\/","name":"Not\u00edcias - Franciscanos","description":"Prov\u00edncia Franciscana da Imaculada Concei\u00e7\u00e3o do Brasil - Ordem dos Frades Menores - OFM","potentialAction":[{"@type":"SearchAction","target":{"@type":"EntryPoint","urlTemplate":"https:\/\/franciscanos.org.br\/noticias\/?s={search_term_string}"},"query-input":"required name=search_term_string"}],"inLanguage":"pt-BR"},{"@type":"ImageObject","inLanguage":"pt-BR","@id":"https:\/\/franciscanos.org.br\/noticias\/frei-joseph-a-colaboracao-dos-catolicos-com-trump-e-um-escandalo.html#primaryimage","url":"https:\/\/franciscanos.org.br\/noticias\/wp-content\/uploads\/2019\/07\/fradeeua_2407d.jpg","contentUrl":"https:\/\/franciscanos.org.br\/noticias\/wp-content\/uploads\/2019\/07\/fradeeua_2407d.jpg","width":273,"height":181},{"@type":"WebPage","@id":"https:\/\/franciscanos.org.br\/noticias\/frei-joseph-a-colaboracao-dos-catolicos-com-trump-e-um-escandalo.html#webpage","url":"https:\/\/franciscanos.org.br\/noticias\/frei-joseph-a-colaboracao-dos-catolicos-com-trump-e-um-escandalo.html","name":"Frei Joseph: \"A colabora\u00e7\u00e3o dos cat\u00f3licos com Trump \u00e9 um esc\u00e2ndalo\" - Not\u00edcias - Franciscanos","isPartOf":{"@id":"https:\/\/franciscanos.org.br\/noticias\/#website"},"primaryImageOfPage":{"@id":"https:\/\/franciscanos.org.br\/noticias\/frei-joseph-a-colaboracao-dos-catolicos-com-trump-e-um-escandalo.html#primaryimage"},"datePublished":"2019-07-24T12:53:51+00:00","dateModified":"2019-07-24T12:53:51+00:00","author":{"@id":"https:\/\/franciscanos.org.br\/noticias\/#\/schema\/person\/b5c8cba458c330ccff548b056e95a5d4"},"breadcrumb":{"@id":"https:\/\/franciscanos.org.br\/noticias\/frei-joseph-a-colaboracao-dos-catolicos-com-trump-e-um-escandalo.html#breadcrumb"},"inLanguage":"pt-BR","potentialAction":[{"@type":"ReadAction","target":["https:\/\/franciscanos.org.br\/noticias\/frei-joseph-a-colaboracao-dos-catolicos-com-trump-e-um-escandalo.html"]}]},{"@type":"BreadcrumbList","@id":"https:\/\/franciscanos.org.br\/noticias\/frei-joseph-a-colaboracao-dos-catolicos-com-trump-e-um-escandalo.html#breadcrumb","itemListElement":[{"@type":"ListItem","position":1,"name":"Home","item":"https:\/\/franciscanos.org.br\/noticias"},{"@type":"ListItem","position":2,"name":"Frei Joseph: &#8220;A colabora\u00e7\u00e3o dos cat\u00f3licos com Trump \u00e9 um esc\u00e2ndalo&#8221;"}]},{"@type":"Person","@id":"https:\/\/franciscanos.org.br\/noticias\/#\/schema\/person\/b5c8cba458c330ccff548b056e95a5d4","name":"moacir","image":{"@type":"ImageObject","inLanguage":"pt-BR","@id":"https:\/\/franciscanos.org.br\/noticias\/#\/schema\/person\/image\/","url":"https:\/\/secure.gravatar.com\/avatar\/d08aa2ce4c8dd416d4479aa8536fcf64?s=96&d=mm&r=g","contentUrl":"https:\/\/secure.gravatar.com\/avatar\/d08aa2ce4c8dd416d4479aa8536fcf64?s=96&d=mm&r=g","caption":"moacir"},"url":"https:\/\/franciscanos.org.br\/noticias\/author\/moacir"}]}},"_links":{"self":[{"href":"https:\/\/franciscanos.org.br\/noticias\/wp-json\/wp\/v2\/posts\/208442"}],"collection":[{"href":"https:\/\/franciscanos.org.br\/noticias\/wp-json\/wp\/v2\/posts"}],"about":[{"href":"https:\/\/franciscanos.org.br\/noticias\/wp-json\/wp\/v2\/types\/post"}],"author":[{"embeddable":true,"href":"https:\/\/franciscanos.org.br\/noticias\/wp-json\/wp\/v2\/users\/3"}],"replies":[{"embeddable":true,"href":"https:\/\/franciscanos.org.br\/noticias\/wp-json\/wp\/v2\/comments?post=208442"}],"version-history":[{"count":0,"href":"https:\/\/franciscanos.org.br\/noticias\/wp-json\/wp\/v2\/posts\/208442\/revisions"}],"wp:featuredmedia":[{"embeddable":true,"href":"https:\/\/franciscanos.org.br\/noticias\/wp-json\/wp\/v2\/media\/208444"}],"wp:attachment":[{"href":"https:\/\/franciscanos.org.br\/noticias\/wp-json\/wp\/v2\/media?parent=208442"}],"wp:term":[{"taxonomy":"category","embeddable":true,"href":"https:\/\/franciscanos.org.br\/noticias\/wp-json\/wp\/v2\/categories?post=208442"},{"taxonomy":"post_tag","embeddable":true,"href":"https:\/\/franciscanos.org.br\/noticias\/wp-json\/wp\/v2\/tags?post=208442"}],"curies":[{"name":"wp","href":"https:\/\/api.w.org\/{rel}","templated":true}]}}