{"id":208438,"date":"2019-07-23T13:40:00","date_gmt":"2019-07-23T16:40:00","guid":{"rendered":"https:\/\/franciscanos.org.br\/noticias\/?p=208438"},"modified":"2020-06-05T13:41:18","modified_gmt":"2020-06-05T16:41:18","slug":"papa-escreve-ao-presidente-da-siria-manifestando-preocupacao","status":"publish","type":"post","link":"https:\/\/franciscanos.org.br\/noticias\/papa-escreve-ao-presidente-da-siria-manifestando-preocupacao.html","title":{"rendered":"Papa escreve ao presidente da S\u00edria manifestando preocupa\u00e7\u00e3o"},"content":{"rendered":"<p><img loading=\"lazy\" class=\"alignnone size-full wp-image-208439\" src=\"https:\/\/franciscanos.org.br\/noticias\/wp-content\/uploads\/2019\/07\/siria_230719.jpg\" alt=\"\" width=\"890\" height=\"500\" \/><\/p>\n<p><strong>Cidade do Vaticano &#8211;<\/strong> O mais recente gesto do Papa Francisco pela S\u00edria foi comunicado nesta segunda-feira (22) com a declara\u00e7\u00e3o do novo Diretor da Sala de Imprensa da Santa S\u00e9, Matteo Bruni, confirmando \u201ca profunda preocupa\u00e7\u00e3o do Papa pela situa\u00e7\u00e3o humanit\u00e1ria na S\u00edria com particular refer\u00eancia \u00e0s dram\u00e1ticas condi\u00e7\u00f5es da popula\u00e7\u00e3o civil em Idlib\u201d. A Carta foi entregue ao presidente da S\u00edria Bashar Hafez al-Assad em Damasco pelo cardeal Peter Kodwo Appiah Turkson, prefeito do Dicast\u00e9rio para o Servi\u00e7o do Desenvolvimento Humano Integral.<\/p>\n<p>O encontro contou com a presen\u00e7a do cardeal Mario Zenari, N\u00fancio Apost\u00f3lico na S\u00edria e pelo subsecret\u00e1rio do Dicast\u00e9rio, o franciscano Nicola Ricardi. O frade \u00e9 professor da Pontif\u00edcia Universidade Antonianum, onde faz parte de um grupo de estudo, investiga\u00e7\u00e3o e difus\u00e3o da ecologia integral. Sua presen\u00e7a na reuni\u00e3o \u00e9 uma recorda\u00e7\u00e3o da presen\u00e7a cotidiana dos franciscanos na S\u00edria e no Oriente M\u00e9dio, onde trabalham de forma discreta pela reconcilia\u00e7\u00e3o e a paz, afirma o site da Ordem dos Frades Menores.<\/p>\n<p><strong>A S\u00edria no cora\u00e7\u00e3o do Papa<\/strong><\/p>\n<p>O sangue inocente derramado, as crian\u00e7as encurraladas sob os intensos bombardeios, muitas testemunhas de f\u00e9 sequestradas e assassinadas, mas que n\u00e3o renegam diante da Cruz. Em seis anos de Magist\u00e9rio, s\u00e3o muitas as imagens que o Papa Francisco ofereceu ao mundo para que n\u00e3o esquecessem da desumana guerra na S\u00edria. O Papa se fez voz da esperan\u00e7a, de paz, de compromisso n\u00e3o escondendo as dificuldades do di\u00e1logo entre as partes e o grande risco de transformar o conflito em uma \u201cpersegui\u00e7\u00e3o brutal\u201d das minorias religiosas. A preocupa\u00e7\u00e3o do Pont\u00edfice foi dirigida muitas vezes aos refugiados e os deslocados que fogem da guerra e da viol\u00eancia que \u201capenas cria novas feridas, cria novas viol\u00eancias\u201d.<\/p>\n<p><strong>Ao lado do povo s\u00edrio<\/strong><\/p>\n<p>O Papa fez mais de uma dezena de apelos no <em>Angelus<\/em> e no <em>Regina Coeli<\/em>. A S\u00edria \u00e9 uma constante nas mensagens<em> Urbi et Orbi<\/em> que o Papa pronuncia; o mesmo acontece nas Audi\u00eancias Gerais das quartas-feiras quando as not\u00edcias abalam pela viol\u00eancia com a qual s\u00e3o cometidas. Francisco faz com que os grandes da terra, todos os que encontra, escutem o grito de paz. Por exemplo, escreve ao presidente russo Vladimir Putin por ocasi\u00e3o da c\u00fapula do G20 de S\u00e3o Petersburgo (5 de setembro de 2013), invocando \u201cuma solu\u00e7\u00e3o pac\u00edfica atrav\u00e9s do di\u00e1logo e da negocia\u00e7\u00e3o entre as partes interessadas com o apoio conjunto da comunidade internacional\u201d. Em 12 de dezembro de 2016 escreve ao presidente s\u00edrio Bashir Al-Assad, uma carta enviada em m\u00e3os pelo n\u00fancio apost\u00f3lico na S\u00edria, um incans\u00e1vel embaixador de paz. Pede \u201cuma solu\u00e7\u00e3o pac\u00edfica das hostilidades\u201d, a prote\u00e7\u00e3o dos civis, o acesso gratuito \u00e0s ajudas humanit\u00e1rias e condena \u201ctodas as formas de extremismo e terrorismo\u201d.<\/p>\n<p><strong>A car\u00edcia da Igreja<\/strong><\/p>\n<p>\u201cQuero dizer que voc\u00eas n\u00e3o est\u00e3o s\u00f3s\u201d: assim Francisco explica a sua presen\u00e7a, junto com o Patriarca Ecum\u00eanico de Constantinopla Bartolomeu, na Ilha de Lesbos em 16 de abril de 2016, ao se dirigir aos refugiados abrigados nos hospitais do campo de M\u00f2ria. Ao seu retorno a Roma, traz consigo no avi\u00e3o tr\u00eas fam\u00edlias s\u00edrias. \u00c9 um gesto que vai al\u00e9m das palavras; \u00e9 um gesto que \u00e9 amor da Igreja pelos mais fracos, \u00e9 a car\u00edcia de Jesus aos famintos de hoje. Tr\u00eas anos mais tarde o Papa envia o cardeal Konrad Krajewski, Esmoleiro Pontif\u00edcio, para levar a sua proximidade e uma doa\u00e7\u00e3o de 100 mil euros aos migrantes alojados nas estruturas da ilha. Tamb\u00e9m neste ano de 2019, na Via-Sacra do Coliseu, dois s\u00edrios apertam forte a Cruz na d\u00e9cima-segunda esta\u00e7\u00e3o. As m\u00e3os que abra\u00e7am a madeira evocam as palavras do Papa na Carta aos Crist\u00e3os do Oriente M\u00e9dio de 2014, \u201cque voc\u00eas possam sempre dar um testemunho de Jesus \u2013 escrevia Francisco \u2013 atrav\u00e9s das dificuldades! Voc\u00eas s\u00e3o o fermento na massa\u201d.<\/p>\n<p><strong>O Dia de Jejum e Vig\u00edlia pela paz<\/strong><\/p>\n<p>Dezoito dias depois da sua elei\u00e7\u00e3o, na mensagem<em> Urbi et Orbi<\/em> o Papa recorda \u201ca amada S\u00edria\u201d e a popula\u00e7\u00e3o ferida pelo conflito, mas tamb\u00e9m \u201cos numerosos refugiados, que esperam ajuda e consolo\u201d. \u201c Quanto sangue foi derramado! E quantos sofrimentos ainda dever\u00e3o acontecer antes que se consiga encontrar uma solu\u00e7\u00e3o pol\u00edtica \u00e0 crise?\u201d Uma pergunta muito repetida com o passar dos anos . O Papa pede \u201ccoragem\u201d e \u201cdecis\u00e3o\u201d para empreender o caminho da negocia\u00e7\u00e3o, sem poupar esfor\u00e7os. A ora\u00e7\u00e3o \u00e9 a for\u00e7a \u00e0 qual apegar-se na dor e na dificuldade, por isso promove para o dia 7 de setembro de 2013 o Dia de Jejum e de ora\u00e7\u00e3o pela paz na S\u00edria, no Oriente M\u00e9dio, e no mundo inteiro. \u201cA humanidade \u2013 diz Francisco no Angelus de primeiro de setembro de 2013 \u2013 precisa ver gestos e escutar palavras de esperan\u00e7a e de paz!\u201d.<\/p>\n<p><strong>A assist\u00eancia aos que sofrem<\/strong><\/p>\n<p>A preocupa\u00e7\u00e3o de Francisco, no decorrer dos anos e em vista das c\u00fapulas internacionais sobre a S\u00edria, \u00e9 de respeitar o direito humanit\u00e1rio. Pediu v\u00e1rias vezes garantias para a evacua\u00e7\u00e3o dos civis e elogiou a acolhida de pa\u00edses como o L\u00edbano, a Jord\u00e2nia e a Turquia. Em 2016, na Ilha de Lesbos, junto com o Patriarca Bartolomeu e o arcebispo de Atenas Ieronymos, assinou uma Declara\u00e7\u00e3o conjunta para implorar o fim da guerra e intensificar os esfor\u00e7os para a acolhida dos que fogem. \u201cPedimos a todos os pa\u00edses que alarguem o asilo tempor\u00e1rio, ofere\u00e7am o estatuto de refugiado a quantos se apresentarem id\u00f4neos, ampliem os seus esfor\u00e7os de socorro e colaborem com todos os homens e mulheres de boa vontade para um r\u00e1pido fim dos conflitos em curso\u201d<\/p>\n<p><strong>Que as armas se calem<\/strong><\/p>\n<p>Diante dos sequestros de crist\u00e3os e mu\u00e7ulmanos, entre eles, bispos e religiosos, Francisco pede que as armas se calem e na Carta aos crist\u00e3os do Oriente M\u00e9dio fala de atribula\u00e7\u00f5es causadas pelo Estado Isl\u00e2mico.<\/p>\n<p>A afli\u00e7\u00e3o e a tribula\u00e7\u00e3o agravaram-se nos \u00faltimos meses por causa dos conflitos que atormentam a Regi\u00e3o e, sobretudo, pela atua\u00e7\u00e3o de uma organiza\u00e7\u00e3o terrorista mais recente e preocupante, de dimens\u00f5es antes inconceb\u00edveis, que comete toda a esp\u00e9cie de abusos e pr\u00e1ticas indignas do homem, atingindo de forma particular alguns de voc\u00eas que foram brutalmente expulsos das suas terras, onde os crist\u00e3os t\u00eam estado presentes desde a \u00e9poca apost\u00f3lica. \u201cEste sofrimento brada a Deus e faz apelo ao compromisso de todos n\u00f3s por meio da ora\u00e7\u00e3o e de todo o tipo de iniciativa \u201d<\/p>\n<p>\u201cO fundamentalismo religioso \u2013 explica o Papa em janeiro de 2015 \u2013 ainda antes de descartar os seres humanos perpetrando horrendos massacres, rejeita o pr\u00f3prio Deus, relegando-O a mero pretexto ideol\u00f3gico\u201d<\/p>\n<p><strong>As crian\u00e7as, esperan\u00e7a de paz<\/strong><\/p>\n<p>No pensamento de Francisco h\u00e1 sempre um espa\u00e7o especial para as crian\u00e7as, primeiras v\u00edtimas da guerra e que \u201cn\u00e3o poder\u00e3o ver a luz do futuro!\u201d. Condenando com firmeza o recurso \u00e0s armas qu\u00edmicas e os traficantes que \u201ccontinuam fazendo seus interesses: armas molhadas de sangue, sangue inocente\u201d, o Pont\u00edfice recorda que a viol\u00eancia cria viol\u00eancia.<\/p>\n<p>\u201cH\u00e1 um ju\u00edzo de Deus e tamb\u00e9m um ju\u00edzo da hist\u00f3ria sobre as nossas a\u00e7\u00f5es \u00e0s quais n\u00e3o se pode fugir! O uso da viol\u00eancia nunca leva \u00e0 paz. Guerra chama guerra, viol\u00eancia chama viol\u00eancia!\u201d<br \/>\nEm primeiro de junho de 2016, por ocasi\u00e3o do Dia Internacional da Crian\u00e7a, o Papa convida as crian\u00e7as de todo o mundo a se unirem em ora\u00e7\u00e3o com seus coet\u00e2neos s\u00edrios enquanto em 2 de dezembro de 2018, primeiro domingo de advento, acende uma vela, s\u00edmbolo da paz, para as crian\u00e7as que vivem em zonas de conflitos n\u00e3o percam a esperan\u00e7a. A paz, repetiu v\u00e1rias vezes Francisco, \u201ccome\u00e7a no cora\u00e7\u00e3o\u201d.<\/p>\n<hr \/>\n<p><em>Fonte: Vatican News<\/em><\/p>\n","protected":false},"excerpt":{"rendered":"<p>Papa Francisco<\/p>\n","protected":false},"author":1,"featured_media":0,"comment_status":"open","ping_status":"open","sticky":false,"template":"","format":"standard","meta":[],"categories":[1428],"tags":[397,55],"acf":[],"yoast_head":"<!-- This site is optimized with the Yoast SEO plugin v19.2 - https:\/\/yoast.com\/wordpress\/plugins\/seo\/ -->\n<title>Papa escreve ao presidente da S\u00edria manifestando preocupa\u00e7\u00e3o - Not\u00edcias - Franciscanos<\/title>\n<meta name=\"robots\" content=\"index, follow, max-snippet:-1, max-image-preview:large, max-video-preview:-1\" \/>\n<link rel=\"canonical\" href=\"https:\/\/franciscanos.org.br\/noticias\/papa-escreve-ao-presidente-da-siria-manifestando-preocupacao.html\" \/>\n<meta property=\"og:locale\" content=\"pt_BR\" \/>\n<meta property=\"og:type\" content=\"article\" \/>\n<meta property=\"og:title\" content=\"Papa escreve ao presidente da S\u00edria manifestando preocupa\u00e7\u00e3o - Not\u00edcias - Franciscanos\" \/>\n<meta property=\"og:description\" content=\"Papa Francisco\" \/>\n<meta property=\"og:url\" content=\"https:\/\/franciscanos.org.br\/noticias\/papa-escreve-ao-presidente-da-siria-manifestando-preocupacao.html\" \/>\n<meta property=\"og:site_name\" content=\"Not\u00edcias - Franciscanos\" \/>\n<meta property=\"article:published_time\" content=\"2019-07-23T16:40:00+00:00\" \/>\n<meta property=\"article:modified_time\" content=\"2020-06-05T16:41:18+00:00\" \/>\n<meta property=\"og:image\" content=\"https:\/\/franciscanos.org.br\/noticias\/wp-content\/uploads\/2019\/07\/siria_230719.jpg\" \/>\n<meta name=\"author\" content=\"admin\" \/>\n<meta name=\"twitter:card\" content=\"summary_large_image\" \/>\n<meta name=\"twitter:label1\" content=\"Escrito por\" \/>\n\t<meta name=\"twitter:data1\" content=\"admin\" \/>\n\t<meta name=\"twitter:label2\" content=\"Est. tempo de leitura\" \/>\n\t<meta name=\"twitter:data2\" content=\"7 minutos\" \/>\n<script type=\"application\/ld+json\" class=\"yoast-schema-graph\">{\"@context\":\"https:\/\/schema.org\",\"@graph\":[{\"@type\":\"WebSite\",\"@id\":\"https:\/\/franciscanos.org.br\/noticias\/#website\",\"url\":\"https:\/\/franciscanos.org.br\/noticias\/\",\"name\":\"Not\u00edcias - Franciscanos\",\"description\":\"Prov\u00edncia Franciscana da Imaculada Concei\u00e7\u00e3o do Brasil - Ordem dos Frades Menores - OFM\",\"potentialAction\":[{\"@type\":\"SearchAction\",\"target\":{\"@type\":\"EntryPoint\",\"urlTemplate\":\"https:\/\/franciscanos.org.br\/noticias\/?s={search_term_string}\"},\"query-input\":\"required name=search_term_string\"}],\"inLanguage\":\"pt-BR\"},{\"@type\":\"ImageObject\",\"inLanguage\":\"pt-BR\",\"@id\":\"https:\/\/franciscanos.org.br\/noticias\/papa-escreve-ao-presidente-da-siria-manifestando-preocupacao.html#primaryimage\",\"url\":\"https:\/\/franciscanos.org.br\/noticias\/wp-content\/uploads\/2019\/07\/siria_230719.jpg\",\"contentUrl\":\"https:\/\/franciscanos.org.br\/noticias\/wp-content\/uploads\/2019\/07\/siria_230719.jpg\"},{\"@type\":\"WebPage\",\"@id\":\"https:\/\/franciscanos.org.br\/noticias\/papa-escreve-ao-presidente-da-siria-manifestando-preocupacao.html#webpage\",\"url\":\"https:\/\/franciscanos.org.br\/noticias\/papa-escreve-ao-presidente-da-siria-manifestando-preocupacao.html\",\"name\":\"Papa escreve ao presidente da S\u00edria manifestando preocupa\u00e7\u00e3o - Not\u00edcias - Franciscanos\",\"isPartOf\":{\"@id\":\"https:\/\/franciscanos.org.br\/noticias\/#website\"},\"primaryImageOfPage\":{\"@id\":\"https:\/\/franciscanos.org.br\/noticias\/papa-escreve-ao-presidente-da-siria-manifestando-preocupacao.html#primaryimage\"},\"datePublished\":\"2019-07-23T16:40:00+00:00\",\"dateModified\":\"2020-06-05T16:41:18+00:00\",\"author\":{\"@id\":\"https:\/\/franciscanos.org.br\/noticias\/#\/schema\/person\/b38fbf43118f02820bd932f2e4b14ad3\"},\"breadcrumb\":{\"@id\":\"https:\/\/franciscanos.org.br\/noticias\/papa-escreve-ao-presidente-da-siria-manifestando-preocupacao.html#breadcrumb\"},\"inLanguage\":\"pt-BR\",\"potentialAction\":[{\"@type\":\"ReadAction\",\"target\":[\"https:\/\/franciscanos.org.br\/noticias\/papa-escreve-ao-presidente-da-siria-manifestando-preocupacao.html\"]}]},{\"@type\":\"BreadcrumbList\",\"@id\":\"https:\/\/franciscanos.org.br\/noticias\/papa-escreve-ao-presidente-da-siria-manifestando-preocupacao.html#breadcrumb\",\"itemListElement\":[{\"@type\":\"ListItem\",\"position\":1,\"name\":\"Home\",\"item\":\"https:\/\/franciscanos.org.br\/noticias\"},{\"@type\":\"ListItem\",\"position\":2,\"name\":\"Papa escreve ao presidente da S\u00edria manifestando preocupa\u00e7\u00e3o\"}]},{\"@type\":\"Person\",\"@id\":\"https:\/\/franciscanos.org.br\/noticias\/#\/schema\/person\/b38fbf43118f02820bd932f2e4b14ad3\",\"name\":\"admin\",\"image\":{\"@type\":\"ImageObject\",\"inLanguage\":\"pt-BR\",\"@id\":\"https:\/\/franciscanos.org.br\/noticias\/#\/schema\/person\/image\/\",\"url\":\"https:\/\/secure.gravatar.com\/avatar\/e8495742d34d0ba6448ea1c628263b3e?s=96&d=mm&r=g\",\"contentUrl\":\"https:\/\/secure.gravatar.com\/avatar\/e8495742d34d0ba6448ea1c628263b3e?s=96&d=mm&r=g\",\"caption\":\"admin\"},\"url\":\"https:\/\/franciscanos.org.br\/noticias\/author\/admin\"}]}<\/script>\n<!-- \/ Yoast SEO plugin. -->","yoast_head_json":{"title":"Papa escreve ao presidente da S\u00edria manifestando preocupa\u00e7\u00e3o - Not\u00edcias - Franciscanos","robots":{"index":"index","follow":"follow","max-snippet":"max-snippet:-1","max-image-preview":"max-image-preview:large","max-video-preview":"max-video-preview:-1"},"canonical":"https:\/\/franciscanos.org.br\/noticias\/papa-escreve-ao-presidente-da-siria-manifestando-preocupacao.html","og_locale":"pt_BR","og_type":"article","og_title":"Papa escreve ao presidente da S\u00edria manifestando preocupa\u00e7\u00e3o - Not\u00edcias - Franciscanos","og_description":"Papa Francisco","og_url":"https:\/\/franciscanos.org.br\/noticias\/papa-escreve-ao-presidente-da-siria-manifestando-preocupacao.html","og_site_name":"Not\u00edcias - Franciscanos","article_published_time":"2019-07-23T16:40:00+00:00","article_modified_time":"2020-06-05T16:41:18+00:00","og_image":[{"url":"https:\/\/franciscanos.org.br\/noticias\/wp-content\/uploads\/2019\/07\/siria_230719.jpg"}],"author":"admin","twitter_card":"summary_large_image","twitter_misc":{"Escrito por":"admin","Est. tempo de leitura":"7 minutos"},"schema":{"@context":"https:\/\/schema.org","@graph":[{"@type":"WebSite","@id":"https:\/\/franciscanos.org.br\/noticias\/#website","url":"https:\/\/franciscanos.org.br\/noticias\/","name":"Not\u00edcias - Franciscanos","description":"Prov\u00edncia Franciscana da Imaculada Concei\u00e7\u00e3o do Brasil - Ordem dos Frades Menores - OFM","potentialAction":[{"@type":"SearchAction","target":{"@type":"EntryPoint","urlTemplate":"https:\/\/franciscanos.org.br\/noticias\/?s={search_term_string}"},"query-input":"required name=search_term_string"}],"inLanguage":"pt-BR"},{"@type":"ImageObject","inLanguage":"pt-BR","@id":"https:\/\/franciscanos.org.br\/noticias\/papa-escreve-ao-presidente-da-siria-manifestando-preocupacao.html#primaryimage","url":"https:\/\/franciscanos.org.br\/noticias\/wp-content\/uploads\/2019\/07\/siria_230719.jpg","contentUrl":"https:\/\/franciscanos.org.br\/noticias\/wp-content\/uploads\/2019\/07\/siria_230719.jpg"},{"@type":"WebPage","@id":"https:\/\/franciscanos.org.br\/noticias\/papa-escreve-ao-presidente-da-siria-manifestando-preocupacao.html#webpage","url":"https:\/\/franciscanos.org.br\/noticias\/papa-escreve-ao-presidente-da-siria-manifestando-preocupacao.html","name":"Papa escreve ao presidente da S\u00edria manifestando preocupa\u00e7\u00e3o - Not\u00edcias - Franciscanos","isPartOf":{"@id":"https:\/\/franciscanos.org.br\/noticias\/#website"},"primaryImageOfPage":{"@id":"https:\/\/franciscanos.org.br\/noticias\/papa-escreve-ao-presidente-da-siria-manifestando-preocupacao.html#primaryimage"},"datePublished":"2019-07-23T16:40:00+00:00","dateModified":"2020-06-05T16:41:18+00:00","author":{"@id":"https:\/\/franciscanos.org.br\/noticias\/#\/schema\/person\/b38fbf43118f02820bd932f2e4b14ad3"},"breadcrumb":{"@id":"https:\/\/franciscanos.org.br\/noticias\/papa-escreve-ao-presidente-da-siria-manifestando-preocupacao.html#breadcrumb"},"inLanguage":"pt-BR","potentialAction":[{"@type":"ReadAction","target":["https:\/\/franciscanos.org.br\/noticias\/papa-escreve-ao-presidente-da-siria-manifestando-preocupacao.html"]}]},{"@type":"BreadcrumbList","@id":"https:\/\/franciscanos.org.br\/noticias\/papa-escreve-ao-presidente-da-siria-manifestando-preocupacao.html#breadcrumb","itemListElement":[{"@type":"ListItem","position":1,"name":"Home","item":"https:\/\/franciscanos.org.br\/noticias"},{"@type":"ListItem","position":2,"name":"Papa escreve ao presidente da S\u00edria manifestando preocupa\u00e7\u00e3o"}]},{"@type":"Person","@id":"https:\/\/franciscanos.org.br\/noticias\/#\/schema\/person\/b38fbf43118f02820bd932f2e4b14ad3","name":"admin","image":{"@type":"ImageObject","inLanguage":"pt-BR","@id":"https:\/\/franciscanos.org.br\/noticias\/#\/schema\/person\/image\/","url":"https:\/\/secure.gravatar.com\/avatar\/e8495742d34d0ba6448ea1c628263b3e?s=96&d=mm&r=g","contentUrl":"https:\/\/secure.gravatar.com\/avatar\/e8495742d34d0ba6448ea1c628263b3e?s=96&d=mm&r=g","caption":"admin"},"url":"https:\/\/franciscanos.org.br\/noticias\/author\/admin"}]}},"_links":{"self":[{"href":"https:\/\/franciscanos.org.br\/noticias\/wp-json\/wp\/v2\/posts\/208438"}],"collection":[{"href":"https:\/\/franciscanos.org.br\/noticias\/wp-json\/wp\/v2\/posts"}],"about":[{"href":"https:\/\/franciscanos.org.br\/noticias\/wp-json\/wp\/v2\/types\/post"}],"author":[{"embeddable":true,"href":"https:\/\/franciscanos.org.br\/noticias\/wp-json\/wp\/v2\/users\/1"}],"replies":[{"embeddable":true,"href":"https:\/\/franciscanos.org.br\/noticias\/wp-json\/wp\/v2\/comments?post=208438"}],"version-history":[{"count":1,"href":"https:\/\/franciscanos.org.br\/noticias\/wp-json\/wp\/v2\/posts\/208438\/revisions"}],"predecessor-version":[{"id":224259,"href":"https:\/\/franciscanos.org.br\/noticias\/wp-json\/wp\/v2\/posts\/208438\/revisions\/224259"}],"wp:attachment":[{"href":"https:\/\/franciscanos.org.br\/noticias\/wp-json\/wp\/v2\/media?parent=208438"}],"wp:term":[{"taxonomy":"category","embeddable":true,"href":"https:\/\/franciscanos.org.br\/noticias\/wp-json\/wp\/v2\/categories?post=208438"},{"taxonomy":"post_tag","embeddable":true,"href":"https:\/\/franciscanos.org.br\/noticias\/wp-json\/wp\/v2\/tags?post=208438"}],"curies":[{"name":"wp","href":"https:\/\/api.w.org\/{rel}","templated":true}]}}