{"id":208418,"date":"2019-07-22T06:38:19","date_gmt":"2019-07-22T09:38:19","guid":{"rendered":"https:\/\/franciscanos.org.br\/noticias\/?p=208418"},"modified":"2020-06-05T13:42:33","modified_gmt":"2020-06-05T16:42:33","slug":"papa-contemplacao-e-acao-marta-e-maria-nos-indicam-o-caminho","status":"publish","type":"post","link":"https:\/\/franciscanos.org.br\/noticias\/papa-contemplacao-e-acao-marta-e-maria-nos-indicam-o-caminho.html","title":{"rendered":"Papa: contempla\u00e7\u00e3o e a\u00e7\u00e3o. Marta e Maria nos indicam o caminho"},"content":{"rendered":"<p><img loading=\"lazy\" class=\"alignnone wp-image-208419 size-full\" src=\"https:\/\/franciscanos.org.br\/noticias\/wp-content\/uploads\/2019\/07\/angelus.jpg\" alt=\"\" width=\"890\" height=\"501\" srcset=\"https:\/\/franciscanos.org.br\/noticias\/wp-content\/uploads\/2019\/07\/angelus.jpg 890w, https:\/\/franciscanos.org.br\/noticias\/wp-content\/uploads\/2019\/07\/angelus-450x253.jpg 450w, https:\/\/franciscanos.org.br\/noticias\/wp-content\/uploads\/2019\/07\/angelus-768x432.jpg 768w, https:\/\/franciscanos.org.br\/noticias\/wp-content\/uploads\/2019\/07\/angelus-150x84.jpg 150w\" sizes=\"(max-width: 890px) 100vw, 890px\" \/><\/p>\n<p><strong>Cidade do Vaticano &#8211;<\/strong> O Papa Francisco conduziu a ora\u00e7\u00e3o mariana do Angelus, deste domingo (21\/07), com os fi\u00e9is e peregrinos reunidos na Pra\u00e7a S\u00e3o Pedro.\u00a0Na alocu\u00e7\u00e3o que precedeu a ora\u00e7\u00e3o, o Pont\u00edfice destacou a passagem do Evangelho deste domingo, em que o evangelista Lucas narra a visita de Jesus \u00e0 casa de Marta e Maria, irm\u00e3s de L\u00e1zaro.<\/p>\n<p>\u201cElas o acolhem, e Maria senta-se aos seus p\u00e9s para ouvi-lo. Deixa o que estava fazendo para estar pr\u00f3xima a Jesus: n\u00e3o quer perder nenhuma de suas palavras\u201d, disse Francisco, acrescentando:<\/p>\n<p>\u201cTudo deve ser deixado de lado porque, quando Ele vem nos visitar em nossas vidas, a sua presen\u00e7a e a sua palavra v\u00eam antes de qualquer coisa. O Senhor sempre nos surpreende: quando nos dispomos a ouvi-lo realmente, as nuvens desaparecem, as d\u00favidas cedem o lugar para a verdade, o medo para a serenidade, e as v\u00e1rias situa\u00e7\u00f5es da vida encontram o lugar certo. O Senhor sempre quando vem, ajusta as coisas e tamb\u00e9m a n\u00f3s.\u201d<\/p>\n<p><strong>N\u00e3o se deixe levar pelos afazeres<\/strong><br \/>\nNa cena de Maria de Bet\u00e2nia aos p\u00e9s de Jesus, S\u00e3o Lucas mostra a atitude de ora\u00e7\u00e3o do fiel que sabe estar na presen\u00e7a do Mestre para ouvi-lo e entrar em sintonia com Ele.<\/p>\n<p>\u201cTrata-se de fazer uma pausa durante o dia, de recolher-se no sil\u00eancio para dar lugar ao Senhor que \u201cpassa\u201d e encontrar a coragem de permanecer um pouco \u201c\u00e0 parte\u201d com Ele, para depois retornar, com mais serenidade e efic\u00e1cia, para as coisas cotidianas. Louvando a atitude de Maria, que \u201cescolheu a melhor parte\u201d, Jesus parece repetir a cada um de n\u00f3s: \u201cN\u00e3o se deixe levar pelos afazeres, mas antes de tudo escute a voz do Senhor, a fim de desempenhar bem as tarefas que a vida lhe atribui\u201d.<\/p>\n<p>\u201cDepois, h\u00e1 a outra irm\u00e3, Marta. S\u00e3o Lucas diz que foi ela quem hospedou Jesus\u201d, ressaltou o Papa.<\/p>\n<p>\u201cTalvez Marta fosse a mais velha das duas irm\u00e3s, n\u00e3o sabemos, mas certamente essa mulher tinha o carisma da hospitalidade. De fato, enquanto Maria est\u00e1 ouvindo Jesus, ela est\u00e1 completamente absorvida pelos muitos servi\u00e7os. Por isso, Jesus lhe diz: \u201cMarta, Marta, voc\u00ea se preocupa e anda agitada com muitas coisas\u201d. Com estas palavras, Ele certamente n\u00e3o pretende condenar a atitude do servi\u00e7o, mas sim a preocupa\u00e7\u00e3o com a qual \u00e0s vezes se vive.\u201d<\/p>\n<p><strong>Acolhimento e fraternidade<\/strong><br \/>\nSegundo o Pont\u00edfice, \u201cn\u00f3s tamb\u00e9m partilhamos a preocupa\u00e7\u00e3o de Santa Marta e, com o seu exemplo, nos propomos a fazer com que, em nossas fam\u00edlias e em nossas comunidades, se viva o sentido do acolhimento, da fraternidade, para que cada um possa se sentir \u201cem casa\u201d, especialmente os pequenos e os pobres quando batem \u00e0 porta.<\/p>\n<p>\u201c Portanto, o Evangelho de hoje nos recorda que a sabedoria do cora\u00e7\u00e3o est\u00e1 em saber conjugar esses dois elementos: a contempla\u00e7\u00e3o e a a\u00e7\u00e3o. \u201d<\/p>\n<p>\u201cMarta e Maria nos indicam o caminho. Se queremos desfrutar a vida com alegria, devemos associar essas duas atitudes: por um lado, o \u201cestar aos p\u00e9s\u201d de Jesus, para ouvi-lo enquanto nos revela o segredo de todas as coisas; por outro, estar atentos e prontos para a hospitalidade, quando Ele passar e bater \u00e0 nossa porta, com o rosto de um amigo que precisa de um momento de descanso e fraternidade.\u201d<\/p>\n<p>Francisco concluiu, pedindo \u00e0 Virgem Maria, \u201cM\u00e3e da Igreja, para que nos conceda a gra\u00e7a de amar e servir a Deus e aos irm\u00e3os com as m\u00e3os de Marta e o cora\u00e7\u00e3o de Maria, a fim de que permanecendo sempre na escuta de Cristo, possamos ser artes\u00e3os da paz e da esperan\u00e7a\u201d.<\/p>\n<p>Ap\u00f3s a ora\u00e7\u00e3o mariana do Angelus, o Papa recordou que neste s\u00e1bado (20\/07), foi celebrado o 50\u00ba anivers\u00e1rio da chegada do homem \u00e0 lua.<\/p>\n<p>\u201cCinquenta anos atr\u00e1s, como ontem, o homem p\u00f4s os p\u00e9s na lua, realizando um sonho extraordin\u00e1rio. Que a recorda\u00e7\u00e3o desse grande passo para a humanidade possa acender o desejo de progredir juntos em dire\u00e7\u00e3o a metas ainda maiores: mais dignidade para os vulner\u00e1veis, mais justi\u00e7a entre os povos, e mais futuro para a nossa Casa comum.\u201d<\/p>\n<p>A seguir, saudou todos os romanos e peregrinos presentes na Pra\u00e7a S\u00e3o Pedro, em particular, as novi\u00e7as das Filhas de Maria Auxiliadora provenientes de v\u00e1rios pa\u00edses, os alunos do Col\u00e9gio Cristo Rei de Assun\u00e7\u00e3o, no Paraguai, os seminaristas e formadores da Obra dom Guanella de Ia\u015fi, na Rom\u00eania, os jovens de Chiry-Ourscamp, na Fran\u00e7a, e os fi\u00e9is de Cant\u00f9.<\/p>\n<p>Por fim, desejou a todos um bom domingo e pediu aos fi\u00e9is para n\u00e3o se esquecerem de rezar por ele.<\/p>\n<hr \/>\n<p><em>Fonte: Vatican News<\/em><\/p>\n","protected":false},"excerpt":{"rendered":"<p>Angelus<\/p>\n","protected":false},"author":3,"featured_media":208420,"comment_status":"open","ping_status":"open","sticky":false,"template":"","format":"standard","meta":[],"categories":[1428],"tags":[403],"acf":[],"yoast_head":"<!-- This site is optimized with the Yoast SEO plugin v19.2 - https:\/\/yoast.com\/wordpress\/plugins\/seo\/ -->\n<title>Papa: contempla\u00e7\u00e3o e a\u00e7\u00e3o. Marta e Maria nos indicam o caminho - Not\u00edcias - Franciscanos<\/title>\n<meta name=\"robots\" content=\"index, follow, max-snippet:-1, max-image-preview:large, max-video-preview:-1\" \/>\n<link rel=\"canonical\" href=\"https:\/\/franciscanos.org.br\/noticias\/papa-contemplacao-e-acao-marta-e-maria-nos-indicam-o-caminho.html\" \/>\n<meta property=\"og:locale\" content=\"pt_BR\" \/>\n<meta property=\"og:type\" content=\"article\" \/>\n<meta property=\"og:title\" content=\"Papa: contempla\u00e7\u00e3o e a\u00e7\u00e3o. Marta e Maria nos indicam o caminho - Not\u00edcias - Franciscanos\" \/>\n<meta property=\"og:description\" content=\"Angelus\" \/>\n<meta property=\"og:url\" content=\"https:\/\/franciscanos.org.br\/noticias\/papa-contemplacao-e-acao-marta-e-maria-nos-indicam-o-caminho.html\" \/>\n<meta property=\"og:site_name\" content=\"Not\u00edcias - Franciscanos\" \/>\n<meta property=\"article:published_time\" content=\"2019-07-22T09:38:19+00:00\" \/>\n<meta property=\"article:modified_time\" content=\"2020-06-05T16:42:33+00:00\" \/>\n<meta property=\"og:image\" content=\"https:\/\/franciscanos.org.br\/noticias\/wp-content\/uploads\/2019\/07\/angelus_d.jpg\" \/>\n\t<meta property=\"og:image:width\" content=\"273\" \/>\n\t<meta property=\"og:image:height\" content=\"181\" \/>\n\t<meta property=\"og:image:type\" content=\"image\/jpeg\" \/>\n<meta name=\"author\" content=\"moacir\" \/>\n<meta name=\"twitter:card\" content=\"summary_large_image\" \/>\n<meta name=\"twitter:label1\" content=\"Escrito por\" \/>\n\t<meta name=\"twitter:data1\" content=\"moacir\" \/>\n\t<meta name=\"twitter:label2\" content=\"Est. tempo de leitura\" \/>\n\t<meta name=\"twitter:data2\" content=\"4 minutos\" \/>\n<script type=\"application\/ld+json\" class=\"yoast-schema-graph\">{\"@context\":\"https:\/\/schema.org\",\"@graph\":[{\"@type\":\"WebSite\",\"@id\":\"https:\/\/franciscanos.org.br\/noticias\/#website\",\"url\":\"https:\/\/franciscanos.org.br\/noticias\/\",\"name\":\"Not\u00edcias - Franciscanos\",\"description\":\"Prov\u00edncia Franciscana da Imaculada Concei\u00e7\u00e3o do Brasil - Ordem dos Frades Menores - OFM\",\"potentialAction\":[{\"@type\":\"SearchAction\",\"target\":{\"@type\":\"EntryPoint\",\"urlTemplate\":\"https:\/\/franciscanos.org.br\/noticias\/?s={search_term_string}\"},\"query-input\":\"required name=search_term_string\"}],\"inLanguage\":\"pt-BR\"},{\"@type\":\"ImageObject\",\"inLanguage\":\"pt-BR\",\"@id\":\"https:\/\/franciscanos.org.br\/noticias\/papa-contemplacao-e-acao-marta-e-maria-nos-indicam-o-caminho.html#primaryimage\",\"url\":\"https:\/\/franciscanos.org.br\/noticias\/wp-content\/uploads\/2019\/07\/angelus_d.jpg\",\"contentUrl\":\"https:\/\/franciscanos.org.br\/noticias\/wp-content\/uploads\/2019\/07\/angelus_d.jpg\",\"width\":273,\"height\":181},{\"@type\":\"WebPage\",\"@id\":\"https:\/\/franciscanos.org.br\/noticias\/papa-contemplacao-e-acao-marta-e-maria-nos-indicam-o-caminho.html#webpage\",\"url\":\"https:\/\/franciscanos.org.br\/noticias\/papa-contemplacao-e-acao-marta-e-maria-nos-indicam-o-caminho.html\",\"name\":\"Papa: contempla\u00e7\u00e3o e a\u00e7\u00e3o. Marta e Maria nos indicam o caminho - Not\u00edcias - Franciscanos\",\"isPartOf\":{\"@id\":\"https:\/\/franciscanos.org.br\/noticias\/#website\"},\"primaryImageOfPage\":{\"@id\":\"https:\/\/franciscanos.org.br\/noticias\/papa-contemplacao-e-acao-marta-e-maria-nos-indicam-o-caminho.html#primaryimage\"},\"datePublished\":\"2019-07-22T09:38:19+00:00\",\"dateModified\":\"2020-06-05T16:42:33+00:00\",\"author\":{\"@id\":\"https:\/\/franciscanos.org.br\/noticias\/#\/schema\/person\/b5c8cba458c330ccff548b056e95a5d4\"},\"breadcrumb\":{\"@id\":\"https:\/\/franciscanos.org.br\/noticias\/papa-contemplacao-e-acao-marta-e-maria-nos-indicam-o-caminho.html#breadcrumb\"},\"inLanguage\":\"pt-BR\",\"potentialAction\":[{\"@type\":\"ReadAction\",\"target\":[\"https:\/\/franciscanos.org.br\/noticias\/papa-contemplacao-e-acao-marta-e-maria-nos-indicam-o-caminho.html\"]}]},{\"@type\":\"BreadcrumbList\",\"@id\":\"https:\/\/franciscanos.org.br\/noticias\/papa-contemplacao-e-acao-marta-e-maria-nos-indicam-o-caminho.html#breadcrumb\",\"itemListElement\":[{\"@type\":\"ListItem\",\"position\":1,\"name\":\"Home\",\"item\":\"https:\/\/franciscanos.org.br\/noticias\"},{\"@type\":\"ListItem\",\"position\":2,\"name\":\"Papa: contempla\u00e7\u00e3o e a\u00e7\u00e3o. Marta e Maria nos indicam o caminho\"}]},{\"@type\":\"Person\",\"@id\":\"https:\/\/franciscanos.org.br\/noticias\/#\/schema\/person\/b5c8cba458c330ccff548b056e95a5d4\",\"name\":\"moacir\",\"image\":{\"@type\":\"ImageObject\",\"inLanguage\":\"pt-BR\",\"@id\":\"https:\/\/franciscanos.org.br\/noticias\/#\/schema\/person\/image\/\",\"url\":\"https:\/\/secure.gravatar.com\/avatar\/d08aa2ce4c8dd416d4479aa8536fcf64?s=96&d=mm&r=g\",\"contentUrl\":\"https:\/\/secure.gravatar.com\/avatar\/d08aa2ce4c8dd416d4479aa8536fcf64?s=96&d=mm&r=g\",\"caption\":\"moacir\"},\"url\":\"https:\/\/franciscanos.org.br\/noticias\/author\/moacir\"}]}<\/script>\n<!-- \/ Yoast SEO plugin. -->","yoast_head_json":{"title":"Papa: contempla\u00e7\u00e3o e a\u00e7\u00e3o. Marta e Maria nos indicam o caminho - Not\u00edcias - Franciscanos","robots":{"index":"index","follow":"follow","max-snippet":"max-snippet:-1","max-image-preview":"max-image-preview:large","max-video-preview":"max-video-preview:-1"},"canonical":"https:\/\/franciscanos.org.br\/noticias\/papa-contemplacao-e-acao-marta-e-maria-nos-indicam-o-caminho.html","og_locale":"pt_BR","og_type":"article","og_title":"Papa: contempla\u00e7\u00e3o e a\u00e7\u00e3o. Marta e Maria nos indicam o caminho - Not\u00edcias - Franciscanos","og_description":"Angelus","og_url":"https:\/\/franciscanos.org.br\/noticias\/papa-contemplacao-e-acao-marta-e-maria-nos-indicam-o-caminho.html","og_site_name":"Not\u00edcias - Franciscanos","article_published_time":"2019-07-22T09:38:19+00:00","article_modified_time":"2020-06-05T16:42:33+00:00","og_image":[{"width":273,"height":181,"url":"https:\/\/franciscanos.org.br\/noticias\/wp-content\/uploads\/2019\/07\/angelus_d.jpg","type":"image\/jpeg"}],"author":"moacir","twitter_card":"summary_large_image","twitter_misc":{"Escrito por":"moacir","Est. tempo de leitura":"4 minutos"},"schema":{"@context":"https:\/\/schema.org","@graph":[{"@type":"WebSite","@id":"https:\/\/franciscanos.org.br\/noticias\/#website","url":"https:\/\/franciscanos.org.br\/noticias\/","name":"Not\u00edcias - Franciscanos","description":"Prov\u00edncia Franciscana da Imaculada Concei\u00e7\u00e3o do Brasil - Ordem dos Frades Menores - OFM","potentialAction":[{"@type":"SearchAction","target":{"@type":"EntryPoint","urlTemplate":"https:\/\/franciscanos.org.br\/noticias\/?s={search_term_string}"},"query-input":"required name=search_term_string"}],"inLanguage":"pt-BR"},{"@type":"ImageObject","inLanguage":"pt-BR","@id":"https:\/\/franciscanos.org.br\/noticias\/papa-contemplacao-e-acao-marta-e-maria-nos-indicam-o-caminho.html#primaryimage","url":"https:\/\/franciscanos.org.br\/noticias\/wp-content\/uploads\/2019\/07\/angelus_d.jpg","contentUrl":"https:\/\/franciscanos.org.br\/noticias\/wp-content\/uploads\/2019\/07\/angelus_d.jpg","width":273,"height":181},{"@type":"WebPage","@id":"https:\/\/franciscanos.org.br\/noticias\/papa-contemplacao-e-acao-marta-e-maria-nos-indicam-o-caminho.html#webpage","url":"https:\/\/franciscanos.org.br\/noticias\/papa-contemplacao-e-acao-marta-e-maria-nos-indicam-o-caminho.html","name":"Papa: contempla\u00e7\u00e3o e a\u00e7\u00e3o. Marta e Maria nos indicam o caminho - Not\u00edcias - Franciscanos","isPartOf":{"@id":"https:\/\/franciscanos.org.br\/noticias\/#website"},"primaryImageOfPage":{"@id":"https:\/\/franciscanos.org.br\/noticias\/papa-contemplacao-e-acao-marta-e-maria-nos-indicam-o-caminho.html#primaryimage"},"datePublished":"2019-07-22T09:38:19+00:00","dateModified":"2020-06-05T16:42:33+00:00","author":{"@id":"https:\/\/franciscanos.org.br\/noticias\/#\/schema\/person\/b5c8cba458c330ccff548b056e95a5d4"},"breadcrumb":{"@id":"https:\/\/franciscanos.org.br\/noticias\/papa-contemplacao-e-acao-marta-e-maria-nos-indicam-o-caminho.html#breadcrumb"},"inLanguage":"pt-BR","potentialAction":[{"@type":"ReadAction","target":["https:\/\/franciscanos.org.br\/noticias\/papa-contemplacao-e-acao-marta-e-maria-nos-indicam-o-caminho.html"]}]},{"@type":"BreadcrumbList","@id":"https:\/\/franciscanos.org.br\/noticias\/papa-contemplacao-e-acao-marta-e-maria-nos-indicam-o-caminho.html#breadcrumb","itemListElement":[{"@type":"ListItem","position":1,"name":"Home","item":"https:\/\/franciscanos.org.br\/noticias"},{"@type":"ListItem","position":2,"name":"Papa: contempla\u00e7\u00e3o e a\u00e7\u00e3o. Marta e Maria nos indicam o caminho"}]},{"@type":"Person","@id":"https:\/\/franciscanos.org.br\/noticias\/#\/schema\/person\/b5c8cba458c330ccff548b056e95a5d4","name":"moacir","image":{"@type":"ImageObject","inLanguage":"pt-BR","@id":"https:\/\/franciscanos.org.br\/noticias\/#\/schema\/person\/image\/","url":"https:\/\/secure.gravatar.com\/avatar\/d08aa2ce4c8dd416d4479aa8536fcf64?s=96&d=mm&r=g","contentUrl":"https:\/\/secure.gravatar.com\/avatar\/d08aa2ce4c8dd416d4479aa8536fcf64?s=96&d=mm&r=g","caption":"moacir"},"url":"https:\/\/franciscanos.org.br\/noticias\/author\/moacir"}]}},"_links":{"self":[{"href":"https:\/\/franciscanos.org.br\/noticias\/wp-json\/wp\/v2\/posts\/208418"}],"collection":[{"href":"https:\/\/franciscanos.org.br\/noticias\/wp-json\/wp\/v2\/posts"}],"about":[{"href":"https:\/\/franciscanos.org.br\/noticias\/wp-json\/wp\/v2\/types\/post"}],"author":[{"embeddable":true,"href":"https:\/\/franciscanos.org.br\/noticias\/wp-json\/wp\/v2\/users\/3"}],"replies":[{"embeddable":true,"href":"https:\/\/franciscanos.org.br\/noticias\/wp-json\/wp\/v2\/comments?post=208418"}],"version-history":[{"count":1,"href":"https:\/\/franciscanos.org.br\/noticias\/wp-json\/wp\/v2\/posts\/208418\/revisions"}],"predecessor-version":[{"id":224260,"href":"https:\/\/franciscanos.org.br\/noticias\/wp-json\/wp\/v2\/posts\/208418\/revisions\/224260"}],"wp:featuredmedia":[{"embeddable":true,"href":"https:\/\/franciscanos.org.br\/noticias\/wp-json\/wp\/v2\/media\/208420"}],"wp:attachment":[{"href":"https:\/\/franciscanos.org.br\/noticias\/wp-json\/wp\/v2\/media?parent=208418"}],"wp:term":[{"taxonomy":"category","embeddable":true,"href":"https:\/\/franciscanos.org.br\/noticias\/wp-json\/wp\/v2\/categories?post=208418"},{"taxonomy":"post_tag","embeddable":true,"href":"https:\/\/franciscanos.org.br\/noticias\/wp-json\/wp\/v2\/tags?post=208418"}],"curies":[{"name":"wp","href":"https:\/\/api.w.org\/{rel}","templated":true}]}}