{"id":20829,"date":"2012-07-27T08:45:20","date_gmt":"2012-07-27T11:45:20","guid":{"rendered":"http:\/\/new.franciscanos.org.br\/?p=20829"},"modified":"2019-10-30T11:11:29","modified_gmt":"2019-10-30T14:11:29","slug":"visita-fraterna-a-missao-da-amazonia","status":"publish","type":"post","link":"https:\/\/franciscanos.org.br\/noticias\/visita-fraterna-a-missao-da-amazonia.html","title":{"rendered":"Visita fraterna \u00e0 Miss\u00e3o  da Amaz\u00f4nia"},"content":{"rendered":"<p><img loading=\"lazy\" class=\"alignright size-full wp-image-20830\" title=\"2820_270712\" src=\"http:\/\/franciscanos.org.br\/wp-content\/uploads\/2012\/07\/2820_270712.jpg\" alt=\"\" width=\"450\" height=\"596\" \/><img loading=\"lazy\" class=\"size-full wp-image-212981 alignright\" src=\"https:\/\/franciscanos.org.br\/noticias\/wp-content\/uploads\/2012\/07\/2820_270712-1-1.jpg\" alt=\"\" width=\"450\" height=\"596\" srcset=\"https:\/\/franciscanos.org.br\/noticias\/wp-content\/uploads\/2012\/07\/2820_270712-1-1.jpg 450w, https:\/\/franciscanos.org.br\/noticias\/wp-content\/uploads\/2012\/07\/2820_270712-1-1-340x450.jpg 340w, https:\/\/franciscanos.org.br\/noticias\/wp-content\/uploads\/2012\/07\/2820_270712-1-1-150x199.jpg 150w\" sizes=\"(max-width: 450px) 100vw, 450px\" \/>O Definidor Geral Frei Nestor In\u00e1cio Schwerz e Frei Mauro Vallejo, Ministro Provincial da Prov\u00edncia S\u00e3o Francisco Solano, fizeram uma visita fraterna \u00e0 Fraternidade Mission\u00e1ria do Projeto Amaz\u00f4nia em Requena, no per\u00edodo de 27 a 30 de junho de 2012. Com uma hora de avi\u00e3o se faz o trajeto de Lima a Iquitos; depois, em 1h40, de microonibus, percorre-se o percurso de Iquitos a Nauta, onde se toma uma lancha r\u00e1pida para seguir pelo Rio Ucayali, por tr\u00eas horas, para chegar a Requena.<\/p>\n<p>A Fraternidade mission\u00e1ria \u00e9 composta por seis irm\u00e3os de diferentes pa\u00edses da Am\u00e9rica Latina e vive em um dos pr\u00e9dios do Vicariato na pequena cidade de Requena, que tem uma popula\u00e7\u00e3o entre 25 e 30 mil habitantes. Todavia \u00e9 uma cidade pequena, praticamente sem carros e com muito movimento e ru\u00eddo. A Fraternidade mission\u00e1ria est\u00e1 composta por Frei Eugenio Ortiz (argentino, guardi\u00e3o), Frei Atilio Battistuz e Frei Ademir Francisco (brasileiros), Frei Edel Chanchari (peruano, ec\u00f4nomo), Frei Bernardo Gonz\u00e1lez (mexicano) e Frei Vicente Patricio Guerra (equatoriano).<\/p>\n<p>A visita consistiu em participar do cotidiano da vida fraterna e organiza\u00e7\u00e3o de tr\u00eas momentos: reuni\u00e3o com a fraternidade, na qual se fez mem\u00f3ria do processo dos cinco meses de sua presen\u00e7a nessa realidade, di\u00e1logo pessoal com cada um dos membros da Fraternidade e com o bispo do Vicariato, reuni\u00e3o com todos os frades de Requena. No compartilhar sobre a mem\u00f3ria dos cinco meses de constitui\u00e7\u00e3o da Fraternidade mission\u00e1ria se constatou que houve um processo de constru\u00e7\u00e3o da vida fraterna e de pequenas experi\u00eancias de inser\u00e7\u00e3o na realidade do Vicariato e da Amaz\u00f4nia em seu \u00e2mbito mais amplo. H\u00e1 diversidade de dons, de expectativas e motiva\u00e7\u00f5es entre os irm\u00e3os da Fraternidade. Nestes cinco meses se buscou refor\u00e7ar os la\u00e7os de vida fraterna e a proposta de assumir uma miss\u00e3o no Vicariato de Requena e na Amaz\u00f4nia a partir da Fraternidade e com o testemunho da vida fraterna e os valores do carisma franciscano. E se constatou que esta \u00e9 uma tarefa nada f\u00e1cil. A tend\u00eancia \u00e9 entrar na l\u00f3gica de responder \u00e0s muitas necessidades. No di\u00e1logo pessoal com cada irm\u00e3o ficou, contudo, mais claro a diversidade de motiva\u00e7\u00f5es e de expectativas.<\/p>\n<p>Cada irm\u00e3o est\u00e1 disposto a contribuir com este Projeto mission\u00e1rio da Ordem, mas tendo em conta seus dons e seus limites pessoais. O bispo Juan tamb\u00e9m expressou sua vontade de acolher este Projeto da Ordem e colaborar da melhor maneira poss\u00edvel. Alguns aspectos ficaram mais claros neste processo de cinco meses e outros permaneceram abertos. No momento de projetar os pr\u00f3ximos passos ficam evidentes os seguintes elementos: a fraternidade tem o desafio de continuar a consolidar a vida fraterna com a diversidade de seus componentes; a programa\u00e7\u00e3o de experi\u00eancias mission\u00e1rias nas diferentes realidades do Vicariato com per\u00edodos mais extensos; intensificar o di\u00e1logo entre a Fraternidade mission\u00e1ria e o bispo e outros mission\u00e1rios do Vicariato; constru\u00e7\u00e3o de projetos no \u00e2mbito da Amaz\u00f4nia a partir de iniciativas locais; comunica\u00e7\u00e3o de experi\u00eancias em n\u00edvel de Ordem para sensibilizar os frades e motivar a vinda de outros mission\u00e1rios em vista de uma presen\u00e7a mais significativa na Pan-Amaz\u00f4nia; constru\u00e7\u00e3o gradual de uma rede de solidariedade e colabora\u00e7\u00e3o em n\u00edvel de Fam\u00edlia Franciscana, de leigos (as) e de outros institutos e organiza\u00e7\u00f5es.<\/p>\n","protected":false},"excerpt":{"rendered":"<p>Miss\u00f5es<\/p>\n","protected":false},"author":1,"featured_media":212980,"comment_status":"closed","ping_status":"closed","sticky":false,"template":"","format":"standard","meta":[],"categories":[1],"tags":[110],"acf":[],"yoast_head":"<!-- This site is optimized with the Yoast SEO plugin v19.2 - https:\/\/yoast.com\/wordpress\/plugins\/seo\/ -->\n<title>Visita fraterna \u00e0 Miss\u00e3o da Amaz\u00f4nia - Not\u00edcias - Franciscanos<\/title>\n<meta name=\"robots\" content=\"index, follow, max-snippet:-1, max-image-preview:large, max-video-preview:-1\" \/>\n<link rel=\"canonical\" href=\"https:\/\/franciscanos.org.br\/noticias\/visita-fraterna-a-missao-da-amazonia.html\" \/>\n<meta property=\"og:locale\" content=\"pt_BR\" \/>\n<meta property=\"og:type\" content=\"article\" \/>\n<meta property=\"og:title\" content=\"Visita fraterna \u00e0 Miss\u00e3o da Amaz\u00f4nia - Not\u00edcias - Franciscanos\" \/>\n<meta property=\"og:description\" content=\"Miss\u00f5es\" \/>\n<meta property=\"og:url\" content=\"https:\/\/franciscanos.org.br\/noticias\/visita-fraterna-a-missao-da-amazonia.html\" \/>\n<meta property=\"og:site_name\" content=\"Not\u00edcias - Franciscanos\" \/>\n<meta property=\"article:published_time\" content=\"2012-07-27T11:45:20+00:00\" \/>\n<meta property=\"article:modified_time\" content=\"2019-10-30T14:11:29+00:00\" \/>\n<meta property=\"og:image\" content=\"https:\/\/franciscanos.org.br\/noticias\/wp-content\/uploads\/2012\/07\/2820_270712-1.jpg\" \/>\n\t<meta property=\"og:image:width\" content=\"273\" \/>\n\t<meta property=\"og:image:height\" content=\"180\" \/>\n\t<meta property=\"og:image:type\" content=\"image\/jpeg\" \/>\n<meta name=\"author\" content=\"admin\" \/>\n<meta name=\"twitter:card\" content=\"summary_large_image\" \/>\n<meta name=\"twitter:label1\" content=\"Escrito por\" \/>\n\t<meta name=\"twitter:data1\" content=\"admin\" \/>\n\t<meta name=\"twitter:label2\" content=\"Est. tempo de leitura\" \/>\n\t<meta name=\"twitter:data2\" content=\"3 minutos\" \/>\n<script type=\"application\/ld+json\" class=\"yoast-schema-graph\">{\"@context\":\"https:\/\/schema.org\",\"@graph\":[{\"@type\":\"WebSite\",\"@id\":\"https:\/\/franciscanos.org.br\/noticias\/#website\",\"url\":\"https:\/\/franciscanos.org.br\/noticias\/\",\"name\":\"Not\u00edcias - Franciscanos\",\"description\":\"Prov\u00edncia Franciscana da Imaculada Concei\u00e7\u00e3o do Brasil - Ordem dos Frades Menores - OFM\",\"potentialAction\":[{\"@type\":\"SearchAction\",\"target\":{\"@type\":\"EntryPoint\",\"urlTemplate\":\"https:\/\/franciscanos.org.br\/noticias\/?s={search_term_string}\"},\"query-input\":\"required name=search_term_string\"}],\"inLanguage\":\"pt-BR\"},{\"@type\":\"ImageObject\",\"inLanguage\":\"pt-BR\",\"@id\":\"https:\/\/franciscanos.org.br\/noticias\/visita-fraterna-a-missao-da-amazonia.html#primaryimage\",\"url\":\"https:\/\/franciscanos.org.br\/noticias\/wp-content\/uploads\/2012\/07\/2820_270712-1.jpg\",\"contentUrl\":\"https:\/\/franciscanos.org.br\/noticias\/wp-content\/uploads\/2012\/07\/2820_270712-1.jpg\",\"width\":273,\"height\":180},{\"@type\":\"WebPage\",\"@id\":\"https:\/\/franciscanos.org.br\/noticias\/visita-fraterna-a-missao-da-amazonia.html#webpage\",\"url\":\"https:\/\/franciscanos.org.br\/noticias\/visita-fraterna-a-missao-da-amazonia.html\",\"name\":\"Visita fraterna \u00e0 Miss\u00e3o da Amaz\u00f4nia - Not\u00edcias - Franciscanos\",\"isPartOf\":{\"@id\":\"https:\/\/franciscanos.org.br\/noticias\/#website\"},\"primaryImageOfPage\":{\"@id\":\"https:\/\/franciscanos.org.br\/noticias\/visita-fraterna-a-missao-da-amazonia.html#primaryimage\"},\"datePublished\":\"2012-07-27T11:45:20+00:00\",\"dateModified\":\"2019-10-30T14:11:29+00:00\",\"author\":{\"@id\":\"https:\/\/franciscanos.org.br\/noticias\/#\/schema\/person\/b38fbf43118f02820bd932f2e4b14ad3\"},\"breadcrumb\":{\"@id\":\"https:\/\/franciscanos.org.br\/noticias\/visita-fraterna-a-missao-da-amazonia.html#breadcrumb\"},\"inLanguage\":\"pt-BR\",\"potentialAction\":[{\"@type\":\"ReadAction\",\"target\":[\"https:\/\/franciscanos.org.br\/noticias\/visita-fraterna-a-missao-da-amazonia.html\"]}]},{\"@type\":\"BreadcrumbList\",\"@id\":\"https:\/\/franciscanos.org.br\/noticias\/visita-fraterna-a-missao-da-amazonia.html#breadcrumb\",\"itemListElement\":[{\"@type\":\"ListItem\",\"position\":1,\"name\":\"Home\",\"item\":\"https:\/\/franciscanos.org.br\/noticias\"},{\"@type\":\"ListItem\",\"position\":2,\"name\":\"Visita fraterna \u00e0 Miss\u00e3o da Amaz\u00f4nia\"}]},{\"@type\":\"Person\",\"@id\":\"https:\/\/franciscanos.org.br\/noticias\/#\/schema\/person\/b38fbf43118f02820bd932f2e4b14ad3\",\"name\":\"admin\",\"image\":{\"@type\":\"ImageObject\",\"inLanguage\":\"pt-BR\",\"@id\":\"https:\/\/franciscanos.org.br\/noticias\/#\/schema\/person\/image\/\",\"url\":\"https:\/\/secure.gravatar.com\/avatar\/e8495742d34d0ba6448ea1c628263b3e?s=96&d=mm&r=g\",\"contentUrl\":\"https:\/\/secure.gravatar.com\/avatar\/e8495742d34d0ba6448ea1c628263b3e?s=96&d=mm&r=g\",\"caption\":\"admin\"},\"url\":\"https:\/\/franciscanos.org.br\/noticias\/author\/admin\"}]}<\/script>\n<!-- \/ Yoast SEO plugin. -->","yoast_head_json":{"title":"Visita fraterna \u00e0 Miss\u00e3o da Amaz\u00f4nia - Not\u00edcias - Franciscanos","robots":{"index":"index","follow":"follow","max-snippet":"max-snippet:-1","max-image-preview":"max-image-preview:large","max-video-preview":"max-video-preview:-1"},"canonical":"https:\/\/franciscanos.org.br\/noticias\/visita-fraterna-a-missao-da-amazonia.html","og_locale":"pt_BR","og_type":"article","og_title":"Visita fraterna \u00e0 Miss\u00e3o da Amaz\u00f4nia - Not\u00edcias - Franciscanos","og_description":"Miss\u00f5es","og_url":"https:\/\/franciscanos.org.br\/noticias\/visita-fraterna-a-missao-da-amazonia.html","og_site_name":"Not\u00edcias - Franciscanos","article_published_time":"2012-07-27T11:45:20+00:00","article_modified_time":"2019-10-30T14:11:29+00:00","og_image":[{"width":273,"height":180,"url":"https:\/\/franciscanos.org.br\/noticias\/wp-content\/uploads\/2012\/07\/2820_270712-1.jpg","type":"image\/jpeg"}],"author":"admin","twitter_card":"summary_large_image","twitter_misc":{"Escrito por":"admin","Est. tempo de leitura":"3 minutos"},"schema":{"@context":"https:\/\/schema.org","@graph":[{"@type":"WebSite","@id":"https:\/\/franciscanos.org.br\/noticias\/#website","url":"https:\/\/franciscanos.org.br\/noticias\/","name":"Not\u00edcias - Franciscanos","description":"Prov\u00edncia Franciscana da Imaculada Concei\u00e7\u00e3o do Brasil - Ordem dos Frades Menores - OFM","potentialAction":[{"@type":"SearchAction","target":{"@type":"EntryPoint","urlTemplate":"https:\/\/franciscanos.org.br\/noticias\/?s={search_term_string}"},"query-input":"required name=search_term_string"}],"inLanguage":"pt-BR"},{"@type":"ImageObject","inLanguage":"pt-BR","@id":"https:\/\/franciscanos.org.br\/noticias\/visita-fraterna-a-missao-da-amazonia.html#primaryimage","url":"https:\/\/franciscanos.org.br\/noticias\/wp-content\/uploads\/2012\/07\/2820_270712-1.jpg","contentUrl":"https:\/\/franciscanos.org.br\/noticias\/wp-content\/uploads\/2012\/07\/2820_270712-1.jpg","width":273,"height":180},{"@type":"WebPage","@id":"https:\/\/franciscanos.org.br\/noticias\/visita-fraterna-a-missao-da-amazonia.html#webpage","url":"https:\/\/franciscanos.org.br\/noticias\/visita-fraterna-a-missao-da-amazonia.html","name":"Visita fraterna \u00e0 Miss\u00e3o da Amaz\u00f4nia - Not\u00edcias - Franciscanos","isPartOf":{"@id":"https:\/\/franciscanos.org.br\/noticias\/#website"},"primaryImageOfPage":{"@id":"https:\/\/franciscanos.org.br\/noticias\/visita-fraterna-a-missao-da-amazonia.html#primaryimage"},"datePublished":"2012-07-27T11:45:20+00:00","dateModified":"2019-10-30T14:11:29+00:00","author":{"@id":"https:\/\/franciscanos.org.br\/noticias\/#\/schema\/person\/b38fbf43118f02820bd932f2e4b14ad3"},"breadcrumb":{"@id":"https:\/\/franciscanos.org.br\/noticias\/visita-fraterna-a-missao-da-amazonia.html#breadcrumb"},"inLanguage":"pt-BR","potentialAction":[{"@type":"ReadAction","target":["https:\/\/franciscanos.org.br\/noticias\/visita-fraterna-a-missao-da-amazonia.html"]}]},{"@type":"BreadcrumbList","@id":"https:\/\/franciscanos.org.br\/noticias\/visita-fraterna-a-missao-da-amazonia.html#breadcrumb","itemListElement":[{"@type":"ListItem","position":1,"name":"Home","item":"https:\/\/franciscanos.org.br\/noticias"},{"@type":"ListItem","position":2,"name":"Visita fraterna \u00e0 Miss\u00e3o da Amaz\u00f4nia"}]},{"@type":"Person","@id":"https:\/\/franciscanos.org.br\/noticias\/#\/schema\/person\/b38fbf43118f02820bd932f2e4b14ad3","name":"admin","image":{"@type":"ImageObject","inLanguage":"pt-BR","@id":"https:\/\/franciscanos.org.br\/noticias\/#\/schema\/person\/image\/","url":"https:\/\/secure.gravatar.com\/avatar\/e8495742d34d0ba6448ea1c628263b3e?s=96&d=mm&r=g","contentUrl":"https:\/\/secure.gravatar.com\/avatar\/e8495742d34d0ba6448ea1c628263b3e?s=96&d=mm&r=g","caption":"admin"},"url":"https:\/\/franciscanos.org.br\/noticias\/author\/admin"}]}},"_links":{"self":[{"href":"https:\/\/franciscanos.org.br\/noticias\/wp-json\/wp\/v2\/posts\/20829"}],"collection":[{"href":"https:\/\/franciscanos.org.br\/noticias\/wp-json\/wp\/v2\/posts"}],"about":[{"href":"https:\/\/franciscanos.org.br\/noticias\/wp-json\/wp\/v2\/types\/post"}],"author":[{"embeddable":true,"href":"https:\/\/franciscanos.org.br\/noticias\/wp-json\/wp\/v2\/users\/1"}],"replies":[{"embeddable":true,"href":"https:\/\/franciscanos.org.br\/noticias\/wp-json\/wp\/v2\/comments?post=20829"}],"version-history":[{"count":0,"href":"https:\/\/franciscanos.org.br\/noticias\/wp-json\/wp\/v2\/posts\/20829\/revisions"}],"wp:featuredmedia":[{"embeddable":true,"href":"https:\/\/franciscanos.org.br\/noticias\/wp-json\/wp\/v2\/media\/212980"}],"wp:attachment":[{"href":"https:\/\/franciscanos.org.br\/noticias\/wp-json\/wp\/v2\/media?parent=20829"}],"wp:term":[{"taxonomy":"category","embeddable":true,"href":"https:\/\/franciscanos.org.br\/noticias\/wp-json\/wp\/v2\/categories?post=20829"},{"taxonomy":"post_tag","embeddable":true,"href":"https:\/\/franciscanos.org.br\/noticias\/wp-json\/wp\/v2\/tags?post=20829"}],"curies":[{"name":"wp","href":"https:\/\/api.w.org\/{rel}","templated":true}]}}