{"id":208268,"date":"2019-07-21T12:45:16","date_gmt":"2019-07-21T15:45:16","guid":{"rendered":"https:\/\/franciscanos.org.br\/noticias\/?p=208268"},"modified":"2019-07-21T12:45:16","modified_gmt":"2019-07-21T15:45:16","slug":"aos-95-anos-falece-frei-anselmo-munchen","status":"publish","type":"post","link":"https:\/\/franciscanos.org.br\/noticias\/aos-95-anos-falece-frei-anselmo-munchen.html","title":{"rendered":"Aos 95 anos, falece Frei Anselmo M\u00fcnchen"},"content":{"rendered":"<p><img loading=\"lazy\" class=\"alignnone wp-image-208269 size-full\" src=\"https:\/\/franciscanos.org.br\/noticias\/wp-content\/uploads\/2019\/07\/anselmo.jpg\" alt=\"\" width=\"890\" height=\"551\" srcset=\"https:\/\/franciscanos.org.br\/noticias\/wp-content\/uploads\/2019\/07\/anselmo.jpg 890w, https:\/\/franciscanos.org.br\/noticias\/wp-content\/uploads\/2019\/07\/anselmo-450x279.jpg 450w, https:\/\/franciscanos.org.br\/noticias\/wp-content\/uploads\/2019\/07\/anselmo-768x475.jpg 768w, https:\/\/franciscanos.org.br\/noticias\/wp-content\/uploads\/2019\/07\/anselmo-150x93.jpg 150w\" sizes=\"(max-width: 890px) 100vw, 890px\" \/><\/p>\n<p style=\"font-weight: 400;\"><strong>Frei\u00a0<\/strong><strong>Anselmo J. M\u00fcnchen<\/strong><\/p>\n<p style=\"font-weight: 400;\"><strong>*\u00a0<\/strong><strong>01<\/strong><strong>\/<\/strong><strong>06<\/strong><strong>\/192<\/strong><strong>4<\/strong><strong>\u00a0\u00a0\u00a0\u00a0 +\u00a0<\/strong><strong>21\/07\/2019<\/strong><strong>\u00a0<\/strong><\/p>\n<p style=\"font-weight: 400;\"><strong>\u00a0<\/strong>Caros confrades,<\/p>\n<p style=\"font-weight: 400;\">Comunico-lhes que faleceu na manh\u00e3 de hoje, \u00e0s 6h30, aos 95 anos, Frei Anselmo J. M\u00fcnchen, na Fraternidade de Bragan\u00e7a Paulista. Conforme nos comunicava Frei Carlos K\u00f6rber, guardi\u00e3o, no final do m\u00eas passado, Frei Anselmo vinha sofrendo de insufici\u00eancia renal grave e seu cora\u00e7\u00e3o estava muito fraco.<\/p>\n<p style=\"font-weight: 400;\"><strong>A missa de Ex\u00e9quias de Frei Anselmo ser\u00e1 celebrada hoje \u00e0s 15h00, na capela do Cemit\u00e9rio do Sant\u00edssimo Sacramento, em S\u00e3o Paulo. Logo em seguida, seu corpo ser\u00e1 sepultado no jazigo dos frades.<\/strong><\/p>\n<p style=\"font-weight: 400;\"><strong>Dados pessoais, forma\u00e7\u00e3o e atividades<br \/>\n<\/strong>&#8211; Nascimento: 01.06.1924 (<strong>95 anos de idade<\/strong>)<br \/>\n&#8211; Natural de Feliz, RS.<br \/>\n&#8211; Vesti\u00e7\u00e3o: 14.12.1946 \u2013 Rodeio<br \/>\n&#8211; Primeira Profiss\u00e3o: 18.12.1947 (<strong>71 anos de Vida Franciscana<\/strong>)<br \/>\n&#8211; Profiss\u00e3o Solene: 18.12.1950<br \/>\n&#8211; Ordena\u00e7\u00e3o Presbiteral: 01.07.1953 (<strong>66 anos de Sacerd\u00f3cio<\/strong>)<br \/>\n&#8211; 1948 &#8211; 1949 \u2013 Curitiba \u2013 Estudos de Filosofia;<br \/>\n&#8211; 1950 &#8211; 1953 \u2013 Petr\u00f3polis \u2013 Estudos de Teologia;<br \/>\n&#8211; 07.01.1955 \u2013 Luzerna &#8211; semin\u00e1rio \u2013 professor e diretor do semin\u00e1rio;- 30.11.1956 \u2013 Rio Negro \u2013 semin\u00e1rio &#8211; professor;<br \/>\n&#8211; 19.01.1962 \u2013 Agudos \u2013 professor e bibliotec\u00e1rio;<br \/>\n&#8211; 1965 \u2013 Osorno \u2013 Chile \u2013 professor e diretor do semin\u00e1rio;<br \/>\n&#8211; 10.03.1966 \u2013 Temuco \u2013 Chile \u2013 vig\u00e1rio paroquial; em 04.10.1968, guardi\u00e3o;<br \/>\n&#8211; 15.01.1971 \u2013 Vila Velha \u2013 santu\u00e1rio \u2013 coordenador da fraternidade e p\u00e1roco;<br \/>\n&#8211; 27.01.1974 \u2013 Curitiba \u2013 guardi\u00e3o e p\u00e1roco;<br \/>\n&#8211; 05.12.1979 \u2013 Balne\u00e1rio Cambori\u00fa \u2013 coordenador da fraternidade e p\u00e1roco. Em 15.12.1982, vig\u00e1rio paroquial; em 09.08.1983 &#8211; p\u00e1roco<br \/>\n&#8211; 10.01.1995 \u2013 Curitiba \u2013 vig\u00e1rio paroquial; em 29.11.1997, vig\u00e1rio da casa e assistente da OFS do regional do PR;<br \/>\n&#8211; 28.01.2004 \u2013 Bragan\u00e7a Paulista \u2013 capel\u00e3o do Hospital da USF;<br \/>\n&#8211; 20.12.2006 \u2013 Balne\u00e1rio Cambori\u00fa \u2013 guardi\u00e3o e vig\u00e1rio paroquial e ec\u00f4nomo;<br \/>\n&#8211; 27.03.2009 \u2013 Ituporanga \u2013 semin\u00e1rio \u2013 servi\u00e7os fraternos;<br \/>\n&#8211; 03.03.1975 \u2013 Conc\u00f3rdia \u2013 vig\u00e1rio paroquial e vig\u00e1rio conventual;- 21.10.2015 \u2013 Bragan\u00e7a Paulista \u2013 tratamento de sa\u00fade;<\/p>\n<p style=\"font-weight: 400;\"><strong>O frade menor<\/strong><\/p>\n<p style=\"font-weight: 400;\">Frei Anselmo era o mais velho dos 9 filhos (6 homens e 3 mulheres) do casal Jo\u00e3o M\u00fcnchen e Ana Olga, que em 1936 migraram para Bom Retiro, hoje Luzerna, onde permaneceram por 50 anos at\u00e9 falecerem. Durante o ano de 1938, Frei Anselmo residiu na casa paroquial, frequentando o col\u00e9gio das Irm\u00e3s Franciscanas e realizando pequenas tarefas na par\u00f3quia, antes de entrar no semin\u00e1rio de Rio Negro.<\/p>\n<p style=\"font-weight: 400;\">Os primeiros anos ap\u00f3s o t\u00e9rmino dos estudos, Frei Anselmo os viveu como professor em v\u00e1rios semin\u00e1rios. Sentia-se feliz por ter colaborado diretamente na forma\u00e7\u00e3o de ao menos 23 confrades da Prov\u00edncia. Mas 63 dos seus alunos chegaram ao noviciado. A v\u00e1rios confrades, Frei Anselmo motivou, orientou e lhes ajudou desde o despertar da voca\u00e7\u00e3o.<\/p>\n<p style=\"font-weight: 400;\"><img loading=\"lazy\" class=\"size-medium wp-image-208271 alignleft\" src=\"https:\/\/franciscanos.org.br\/noticias\/wp-content\/uploads\/2019\/07\/livro.jpg\" alt=\"\" width=\"269\" height=\"381\" srcset=\"https:\/\/franciscanos.org.br\/noticias\/wp-content\/uploads\/2019\/07\/livro.jpg 269w, https:\/\/franciscanos.org.br\/noticias\/wp-content\/uploads\/2019\/07\/livro-150x212.jpg 150w\" sizes=\"(max-width: 269px) 100vw, 269px\" \/>Em fins de 1964, Frei Anselmo apresentou-se como volunt\u00e1rio para integrar o grupo mission\u00e1rio da Prov\u00edncia, no sul do Chile. Ele estava entre os cinco confrades que, a pedido do Ministro Geral, assumiram a tarefa de auxiliar na restaura\u00e7\u00e3o da vida franciscana na Cust\u00f3dia Franciscana de Castro, no Chile, entre os anos 1965 e 1985. Na par\u00f3quia de Temuco, \u00a0fundou logo o grupo escoteiro \u201cSol del Pacifico\u201d, que se tornou um elogiado exemplo de trabalho com jovens. Frei Anselmo era especialista no assunto. \u201cSempre gostei de trabalhar com grupos de pessoas, associa\u00e7\u00f5es e lideran\u00e7as. Para conseguir firmeza e clareza, sempre gostei de fazer cursos de orienta\u00e7\u00e3o. Durante anos, trabalhei com grupos escoteiros, orientando-os na mensagem franciscana da paz e do bem, no cultivo do respeito e amor \u00e0 natureza e ao pr\u00f3ximo. Sempre gostei da catequese das crian\u00e7as, cuidando da devida forma\u00e7\u00e3o das catequistas. O Cursilho de Cristandade e o Movimento dos Irm\u00e3os e outros movimentos de par\u00f3quia sempre foram minha paix\u00e3o. Nos \u00faltimos anos, ajudei no aconselhamento e orienta\u00e7\u00e3o espiritual como confessor\u201d.<\/p>\n<p style=\"font-weight: 400;\">Em 2004, Frei Anselmo publica o livro &#8220;Franciscanos Brasileiros no Chile&#8221;.<\/p>\n<p style=\"font-weight: 400;\">Possa o Senhor acolher benigno a alma de Frei Anselmo, sendo-lhe a recompensa por todo o bem realizado.<\/p>\n<p>R.I.P<\/p>\n","protected":false},"excerpt":{"rendered":"<p>\u00a8Prov\u00edncia de luto<\/p>\n","protected":false},"author":3,"featured_media":208270,"comment_status":"open","ping_status":"open","sticky":false,"template":"","format":"standard","meta":[],"categories":[1],"tags":[1160],"acf":[],"yoast_head":"<!-- This site is optimized with the Yoast SEO plugin v19.2 - https:\/\/yoast.com\/wordpress\/plugins\/seo\/ -->\n<title>Aos 95 anos, falece Frei Anselmo M\u00fcnchen - Not\u00edcias - Franciscanos<\/title>\n<meta name=\"robots\" content=\"index, follow, max-snippet:-1, max-image-preview:large, max-video-preview:-1\" \/>\n<link rel=\"canonical\" href=\"https:\/\/franciscanos.org.br\/noticias\/aos-95-anos-falece-frei-anselmo-munchen.html\" \/>\n<meta property=\"og:locale\" content=\"pt_BR\" \/>\n<meta property=\"og:type\" content=\"article\" \/>\n<meta property=\"og:title\" content=\"Aos 95 anos, falece Frei Anselmo M\u00fcnchen - Not\u00edcias - Franciscanos\" \/>\n<meta property=\"og:description\" content=\"\u00a8Prov\u00edncia de luto\" \/>\n<meta property=\"og:url\" content=\"https:\/\/franciscanos.org.br\/noticias\/aos-95-anos-falece-frei-anselmo-munchen.html\" \/>\n<meta property=\"og:site_name\" content=\"Not\u00edcias - Franciscanos\" \/>\n<meta property=\"article:published_time\" content=\"2019-07-21T15:45:16+00:00\" \/>\n<meta property=\"og:image\" content=\"https:\/\/franciscanos.org.br\/noticias\/wp-content\/uploads\/2019\/07\/anselmo_d.jpg\" \/>\n\t<meta property=\"og:image:width\" content=\"273\" \/>\n\t<meta property=\"og:image:height\" content=\"181\" \/>\n\t<meta property=\"og:image:type\" content=\"image\/jpeg\" \/>\n<meta name=\"author\" content=\"moacir\" \/>\n<meta name=\"twitter:card\" content=\"summary_large_image\" \/>\n<meta name=\"twitter:label1\" content=\"Escrito por\" \/>\n\t<meta name=\"twitter:data1\" content=\"moacir\" \/>\n\t<meta name=\"twitter:label2\" content=\"Est. tempo de leitura\" \/>\n\t<meta name=\"twitter:data2\" content=\"3 minutos\" \/>\n<script type=\"application\/ld+json\" class=\"yoast-schema-graph\">{\"@context\":\"https:\/\/schema.org\",\"@graph\":[{\"@type\":\"WebSite\",\"@id\":\"https:\/\/franciscanos.org.br\/noticias\/#website\",\"url\":\"https:\/\/franciscanos.org.br\/noticias\/\",\"name\":\"Not\u00edcias - Franciscanos\",\"description\":\"Prov\u00edncia Franciscana da Imaculada Concei\u00e7\u00e3o do Brasil - Ordem dos Frades Menores - OFM\",\"potentialAction\":[{\"@type\":\"SearchAction\",\"target\":{\"@type\":\"EntryPoint\",\"urlTemplate\":\"https:\/\/franciscanos.org.br\/noticias\/?s={search_term_string}\"},\"query-input\":\"required name=search_term_string\"}],\"inLanguage\":\"pt-BR\"},{\"@type\":\"ImageObject\",\"inLanguage\":\"pt-BR\",\"@id\":\"https:\/\/franciscanos.org.br\/noticias\/aos-95-anos-falece-frei-anselmo-munchen.html#primaryimage\",\"url\":\"https:\/\/franciscanos.org.br\/noticias\/wp-content\/uploads\/2019\/07\/anselmo_d.jpg\",\"contentUrl\":\"https:\/\/franciscanos.org.br\/noticias\/wp-content\/uploads\/2019\/07\/anselmo_d.jpg\",\"width\":273,\"height\":181},{\"@type\":\"WebPage\",\"@id\":\"https:\/\/franciscanos.org.br\/noticias\/aos-95-anos-falece-frei-anselmo-munchen.html#webpage\",\"url\":\"https:\/\/franciscanos.org.br\/noticias\/aos-95-anos-falece-frei-anselmo-munchen.html\",\"name\":\"Aos 95 anos, falece Frei Anselmo M\u00fcnchen - Not\u00edcias - Franciscanos\",\"isPartOf\":{\"@id\":\"https:\/\/franciscanos.org.br\/noticias\/#website\"},\"primaryImageOfPage\":{\"@id\":\"https:\/\/franciscanos.org.br\/noticias\/aos-95-anos-falece-frei-anselmo-munchen.html#primaryimage\"},\"datePublished\":\"2019-07-21T15:45:16+00:00\",\"dateModified\":\"2019-07-21T15:45:16+00:00\",\"author\":{\"@id\":\"https:\/\/franciscanos.org.br\/noticias\/#\/schema\/person\/b5c8cba458c330ccff548b056e95a5d4\"},\"breadcrumb\":{\"@id\":\"https:\/\/franciscanos.org.br\/noticias\/aos-95-anos-falece-frei-anselmo-munchen.html#breadcrumb\"},\"inLanguage\":\"pt-BR\",\"potentialAction\":[{\"@type\":\"ReadAction\",\"target\":[\"https:\/\/franciscanos.org.br\/noticias\/aos-95-anos-falece-frei-anselmo-munchen.html\"]}]},{\"@type\":\"BreadcrumbList\",\"@id\":\"https:\/\/franciscanos.org.br\/noticias\/aos-95-anos-falece-frei-anselmo-munchen.html#breadcrumb\",\"itemListElement\":[{\"@type\":\"ListItem\",\"position\":1,\"name\":\"Home\",\"item\":\"https:\/\/franciscanos.org.br\/noticias\"},{\"@type\":\"ListItem\",\"position\":2,\"name\":\"Aos 95 anos, falece Frei Anselmo M\u00fcnchen\"}]},{\"@type\":\"Person\",\"@id\":\"https:\/\/franciscanos.org.br\/noticias\/#\/schema\/person\/b5c8cba458c330ccff548b056e95a5d4\",\"name\":\"moacir\",\"image\":{\"@type\":\"ImageObject\",\"inLanguage\":\"pt-BR\",\"@id\":\"https:\/\/franciscanos.org.br\/noticias\/#\/schema\/person\/image\/\",\"url\":\"https:\/\/secure.gravatar.com\/avatar\/d08aa2ce4c8dd416d4479aa8536fcf64?s=96&d=mm&r=g\",\"contentUrl\":\"https:\/\/secure.gravatar.com\/avatar\/d08aa2ce4c8dd416d4479aa8536fcf64?s=96&d=mm&r=g\",\"caption\":\"moacir\"},\"url\":\"https:\/\/franciscanos.org.br\/noticias\/author\/moacir\"}]}<\/script>\n<!-- \/ Yoast SEO plugin. -->","yoast_head_json":{"title":"Aos 95 anos, falece Frei Anselmo M\u00fcnchen - Not\u00edcias - Franciscanos","robots":{"index":"index","follow":"follow","max-snippet":"max-snippet:-1","max-image-preview":"max-image-preview:large","max-video-preview":"max-video-preview:-1"},"canonical":"https:\/\/franciscanos.org.br\/noticias\/aos-95-anos-falece-frei-anselmo-munchen.html","og_locale":"pt_BR","og_type":"article","og_title":"Aos 95 anos, falece Frei Anselmo M\u00fcnchen - Not\u00edcias - Franciscanos","og_description":"\u00a8Prov\u00edncia de luto","og_url":"https:\/\/franciscanos.org.br\/noticias\/aos-95-anos-falece-frei-anselmo-munchen.html","og_site_name":"Not\u00edcias - Franciscanos","article_published_time":"2019-07-21T15:45:16+00:00","og_image":[{"width":273,"height":181,"url":"https:\/\/franciscanos.org.br\/noticias\/wp-content\/uploads\/2019\/07\/anselmo_d.jpg","type":"image\/jpeg"}],"author":"moacir","twitter_card":"summary_large_image","twitter_misc":{"Escrito por":"moacir","Est. tempo de leitura":"3 minutos"},"schema":{"@context":"https:\/\/schema.org","@graph":[{"@type":"WebSite","@id":"https:\/\/franciscanos.org.br\/noticias\/#website","url":"https:\/\/franciscanos.org.br\/noticias\/","name":"Not\u00edcias - Franciscanos","description":"Prov\u00edncia Franciscana da Imaculada Concei\u00e7\u00e3o do Brasil - Ordem dos Frades Menores - OFM","potentialAction":[{"@type":"SearchAction","target":{"@type":"EntryPoint","urlTemplate":"https:\/\/franciscanos.org.br\/noticias\/?s={search_term_string}"},"query-input":"required name=search_term_string"}],"inLanguage":"pt-BR"},{"@type":"ImageObject","inLanguage":"pt-BR","@id":"https:\/\/franciscanos.org.br\/noticias\/aos-95-anos-falece-frei-anselmo-munchen.html#primaryimage","url":"https:\/\/franciscanos.org.br\/noticias\/wp-content\/uploads\/2019\/07\/anselmo_d.jpg","contentUrl":"https:\/\/franciscanos.org.br\/noticias\/wp-content\/uploads\/2019\/07\/anselmo_d.jpg","width":273,"height":181},{"@type":"WebPage","@id":"https:\/\/franciscanos.org.br\/noticias\/aos-95-anos-falece-frei-anselmo-munchen.html#webpage","url":"https:\/\/franciscanos.org.br\/noticias\/aos-95-anos-falece-frei-anselmo-munchen.html","name":"Aos 95 anos, falece Frei Anselmo M\u00fcnchen - Not\u00edcias - Franciscanos","isPartOf":{"@id":"https:\/\/franciscanos.org.br\/noticias\/#website"},"primaryImageOfPage":{"@id":"https:\/\/franciscanos.org.br\/noticias\/aos-95-anos-falece-frei-anselmo-munchen.html#primaryimage"},"datePublished":"2019-07-21T15:45:16+00:00","dateModified":"2019-07-21T15:45:16+00:00","author":{"@id":"https:\/\/franciscanos.org.br\/noticias\/#\/schema\/person\/b5c8cba458c330ccff548b056e95a5d4"},"breadcrumb":{"@id":"https:\/\/franciscanos.org.br\/noticias\/aos-95-anos-falece-frei-anselmo-munchen.html#breadcrumb"},"inLanguage":"pt-BR","potentialAction":[{"@type":"ReadAction","target":["https:\/\/franciscanos.org.br\/noticias\/aos-95-anos-falece-frei-anselmo-munchen.html"]}]},{"@type":"BreadcrumbList","@id":"https:\/\/franciscanos.org.br\/noticias\/aos-95-anos-falece-frei-anselmo-munchen.html#breadcrumb","itemListElement":[{"@type":"ListItem","position":1,"name":"Home","item":"https:\/\/franciscanos.org.br\/noticias"},{"@type":"ListItem","position":2,"name":"Aos 95 anos, falece Frei Anselmo M\u00fcnchen"}]},{"@type":"Person","@id":"https:\/\/franciscanos.org.br\/noticias\/#\/schema\/person\/b5c8cba458c330ccff548b056e95a5d4","name":"moacir","image":{"@type":"ImageObject","inLanguage":"pt-BR","@id":"https:\/\/franciscanos.org.br\/noticias\/#\/schema\/person\/image\/","url":"https:\/\/secure.gravatar.com\/avatar\/d08aa2ce4c8dd416d4479aa8536fcf64?s=96&d=mm&r=g","contentUrl":"https:\/\/secure.gravatar.com\/avatar\/d08aa2ce4c8dd416d4479aa8536fcf64?s=96&d=mm&r=g","caption":"moacir"},"url":"https:\/\/franciscanos.org.br\/noticias\/author\/moacir"}]}},"_links":{"self":[{"href":"https:\/\/franciscanos.org.br\/noticias\/wp-json\/wp\/v2\/posts\/208268"}],"collection":[{"href":"https:\/\/franciscanos.org.br\/noticias\/wp-json\/wp\/v2\/posts"}],"about":[{"href":"https:\/\/franciscanos.org.br\/noticias\/wp-json\/wp\/v2\/types\/post"}],"author":[{"embeddable":true,"href":"https:\/\/franciscanos.org.br\/noticias\/wp-json\/wp\/v2\/users\/3"}],"replies":[{"embeddable":true,"href":"https:\/\/franciscanos.org.br\/noticias\/wp-json\/wp\/v2\/comments?post=208268"}],"version-history":[{"count":0,"href":"https:\/\/franciscanos.org.br\/noticias\/wp-json\/wp\/v2\/posts\/208268\/revisions"}],"wp:featuredmedia":[{"embeddable":true,"href":"https:\/\/franciscanos.org.br\/noticias\/wp-json\/wp\/v2\/media\/208270"}],"wp:attachment":[{"href":"https:\/\/franciscanos.org.br\/noticias\/wp-json\/wp\/v2\/media?parent=208268"}],"wp:term":[{"taxonomy":"category","embeddable":true,"href":"https:\/\/franciscanos.org.br\/noticias\/wp-json\/wp\/v2\/categories?post=208268"},{"taxonomy":"post_tag","embeddable":true,"href":"https:\/\/franciscanos.org.br\/noticias\/wp-json\/wp\/v2\/tags?post=208268"}],"curies":[{"name":"wp","href":"https:\/\/api.w.org\/{rel}","templated":true}]}}