{"id":208255,"date":"2019-07-20T21:39:58","date_gmt":"2019-07-21T00:39:58","guid":{"rendered":"https:\/\/franciscanos.org.br\/noticias\/?p=208255"},"modified":"2019-07-20T21:40:31","modified_gmt":"2019-07-21T00:40:31","slug":"jovens-falam-da-experiencia-missionaria-no-rio-de-janeiro","status":"publish","type":"post","link":"https:\/\/franciscanos.org.br\/noticias\/jovens-falam-da-experiencia-missionaria-no-rio-de-janeiro.html","title":{"rendered":"Jovens falam da experi\u00eancia mission\u00e1ria no Rio de Janeiro"},"content":{"rendered":"<p><img loading=\"lazy\" class=\"alignnone size-full wp-image-208256\" src=\"https:\/\/franciscanos.org.br\/noticias\/wp-content\/uploads\/2019\/07\/experiencia.jpg\" alt=\"\" width=\"890\" height=\"593\" srcset=\"https:\/\/franciscanos.org.br\/noticias\/wp-content\/uploads\/2019\/07\/experiencia.jpg 890w, https:\/\/franciscanos.org.br\/noticias\/wp-content\/uploads\/2019\/07\/experiencia-450x300.jpg 450w, https:\/\/franciscanos.org.br\/noticias\/wp-content\/uploads\/2019\/07\/experiencia-768x512.jpg 768w, https:\/\/franciscanos.org.br\/noticias\/wp-content\/uploads\/2019\/07\/experiencia-150x100.jpg 150w\" sizes=\"(max-width: 890px) 100vw, 890px\" \/><\/p>\n<p><strong>Rio de Janeiro (RJ) &#8211;<\/strong> Terminou neste s\u00e1bado \u00e0 noite a experi\u00eancia mission\u00e1ria que levou, durante dois dias, os 600 jovens franciscanos para as oito Par\u00f3quias da Prov\u00edncia da Imaculada Concei\u00e7\u00e3o e uma Par\u00f3quia diocesana. Foram dias intensos, onde os jovens puderam conhecer outra realidade daquela onde vivem. Aprenderam o real significado de palavras como fraternidade, partilha, respeito e di\u00e1logo. Viveram cinco dias de emo\u00e7\u00f5es e reflex\u00f5es.<\/p>\n<p>Antes de sa\u00edrem da Catedral, Frei Diego Melo, coordenador das Miss\u00f5es, j\u00e1 alertava que o desafio nesses dias seria bem maior. Uma coisa era transitar no \u00a0grupo de 600 jovens e outra era fazer parte de um grupo pequeno, onde o protagonismo seria dos jovens. Mas pelos depoimentos abaixo, eles se lan\u00e7aram com o cora\u00e7\u00e3o e f\u00e9 nesta experi\u00eancia para marcar suas vidas. Veja tamb\u00e9m como foi o dia a dia na <strong><a href=\"https:\/\/franciscanos.org.br\/noticias\/linha-do-tempo\">Linha do tempo<\/a><\/strong> deste site.<\/p>\n<p>Neste domingo, 21 de julho, todos voltam a se encontrar na praia S\u00e3o Conrado para a Missa de A\u00e7\u00e3o de Gra\u00e7as. Depois saem em passeata at\u00e9 a Rocinha, pedindo paz, respeito e di\u00e1logo para este pa\u00eds.<\/p>\n<hr \/>\n<h3><strong>DEPOIMENTOS<\/strong><\/h3>\n<p><strong><img loading=\"lazy\" class=\"size-medium wp-image-208258 alignleft\" src=\"https:\/\/franciscanos.org.br\/noticias\/wp-content\/uploads\/2019\/07\/daniely-338x450.jpg\" alt=\"\" width=\"338\" height=\"450\" srcset=\"https:\/\/franciscanos.org.br\/noticias\/wp-content\/uploads\/2019\/07\/daniely-338x450.jpg 338w, https:\/\/franciscanos.org.br\/noticias\/wp-content\/uploads\/2019\/07\/daniely-150x200.jpg 150w, https:\/\/franciscanos.org.br\/noticias\/wp-content\/uploads\/2019\/07\/daniely.jpg 375w\" sizes=\"(max-width: 338px) 100vw, 338px\" \/>DANIELY NIERO &#8211; PASCOM &#8211; VILA VELHA &#8211; ES<\/strong><\/p>\n<p>Tenho 35 anos e sou fot\u00f3grafa volunt\u00e1ria da Pascom na minha Par\u00f3quia.<\/p>\n<p>Esta \u00e9 minha primeira miss\u00e3o. Conheci Frei V\u00edtor na Festa da Penha e por isso estou aqui. Moro no bairro da Gl\u00f3ria e minha Par\u00f3quia n\u00e3o \u00e9 franciscana. Eu fiquei dos 15 aos 30 anos afastada da Igreja. Voltei a frequentar aos poucos e foram surgindo oportunidades de servir. Hoje, eu canto, fot\u00f3grafo e cuido das redes sociais da Par\u00f3quia Nossa Senhora da Gl\u00f3ria.<\/p>\n<p>A MFJ foi a experi\u00eancia mais extraordin\u00e1ria que j\u00e1 vivi na vida! Pude conhecer uma parte do Rio de Janeiro bem diferente daquela que vemos nas novelas. A vida real \u00e9 mais bonita, cheia de alegria e solidariedade, apesar de tantos problemas e dificuldades. S\u00e3o pessoas que n\u00e3o t\u00eam muito, mas ajudam aos demais. Ao adentrar \u00e0 casa delas para levar a palavra de Deus e o alento \u00e0s pessoas doentes, sa\u00edmos tomados pelo Esp\u00edrito Santo e de todo o amor que poder\u00edamos receber. Ao chegar na casa da minha fam\u00edlia na miss\u00e3o, fui t\u00e3o bem recebida que me senti na minha pr\u00f3pria casa. O amor deles nada difere ao dos meus pais. Ao povo de Imbari\u00ea e regi\u00e3o, a todos os paroquianos da Par\u00f3quia Santa Clara, deixo aqui o meu muito obrigada e a minha eterna gratid\u00e3o por todos esses dias de aprendizado e do maior amor que senti. Que Deus os aben\u00e7oe!.<\/p>\n<hr \/>\n<p><strong><img loading=\"lazy\" class=\"alignright size-full wp-image-208259\" src=\"https:\/\/franciscanos.org.br\/noticias\/wp-content\/uploads\/2019\/07\/TULIO.jpg\" alt=\"\" width=\"375\" height=\"500\" srcset=\"https:\/\/franciscanos.org.br\/noticias\/wp-content\/uploads\/2019\/07\/TULIO.jpg 375w, https:\/\/franciscanos.org.br\/noticias\/wp-content\/uploads\/2019\/07\/TULIO-338x450.jpg 338w, https:\/\/franciscanos.org.br\/noticias\/wp-content\/uploads\/2019\/07\/TULIO-150x200.jpg 150w\" sizes=\"(max-width: 375px) 100vw, 375px\" \/>T\u00daLIO JOS\u00c9 DA SILVA TAVARES &#8211; PASTORAL DA DIVERSIDADE &#8211; RIO DE JANEIRO<\/strong><\/p>\n<p>Ao encontrar a espiritualidade &#8211; amor, justi\u00e7a, paz &#8211; da vida habitada em mim, procuro sempre a espiritualidade materializada e comunit\u00e1ria que ecoe na religiosidade &#8211; catolicismo &#8211; promovendo a troca, o di\u00e1logo, o crescimento e a viv\u00eancia da diversidade &#8211; pluralidade.<\/p>\n<p>Ter acesso \u00e0 informa\u00e7\u00e3o e viv\u00eancia da espiritualidade franciscana me comoveu pelo interesse j\u00e1 existente e durante a miss\u00e3o a n\u00e3o separa\u00e7\u00e3o das rela\u00e7\u00f5es subjetivas das objetivas, isto \u00e9, a causa social e interior. Senti falta em alguns momentos &#8211; n\u00e3o todos &#8211; do que chamarei de \u201cviv\u00eancia m\u00edstica\u201d, ou seja, a n\u00e3o separa\u00e7\u00e3o do mundo de Deus do mundo em que habitamos, como na m\u00fasica, a partir de cantos que ultrapassam uma cren\u00e7a particular.<\/p>\n<p>A miss\u00e3o, por fim, tornou-me mais humano, sens\u00edvel e realista diante do mundo e suas feridas. Permitir a n\u00f3s, mission\u00e1rios, sermos protagonistas e n\u00e3o enfatizar a miss\u00e3o somente no fim dos dias, ou seja, n\u00e3o termos apenas viv\u00eancias e forma\u00e7\u00e3o, como tamb\u00e9m a oportunidade do experimento, \u00e9 \u00fanico e inspirador.<\/p>\n<p>N\u00e3o deixei de ser o T\u00falio Tavares, do Rio de Janeiro, identificado e sobrevivente da comunidade LGBTQI+, mas passei a ser um novo T\u00falio com maior fome e sede da luta contra as desigualdades sociais e a busca infinita da liberdade e amor constante do Criador.<\/p>\n<hr \/>\n<p><strong><img loading=\"lazy\" class=\"alignleft size-full wp-image-208260\" src=\"https:\/\/franciscanos.org.br\/noticias\/wp-content\/uploads\/2019\/07\/lizian.jpg\" alt=\"\" width=\"375\" height=\"501\" srcset=\"https:\/\/franciscanos.org.br\/noticias\/wp-content\/uploads\/2019\/07\/lizian.jpg 375w, https:\/\/franciscanos.org.br\/noticias\/wp-content\/uploads\/2019\/07\/lizian-337x450.jpg 337w, https:\/\/franciscanos.org.br\/noticias\/wp-content\/uploads\/2019\/07\/lizian-150x200.jpg 150w\" sizes=\"(max-width: 375px) 100vw, 375px\" \/>LIZIAN JUSTINO BATISTA &#8211; CRICI\u00daMA -SC<\/strong><\/p>\n<p>Meu nome \u00e9 Lizian; tenho 16 anos e vim de Crici\u00fama, bairro Progresso, em Santa Catarina. Sou da Par\u00f3quia N.S. F\u00e1tima, tenho 6 irm\u00e3os e sou a mais nova. Quando tinha quatro meses de vida, perdi meu pai. Ele foi assassinado na porta na minha casa. Ele era presidente do bairro e estava andando na rua, quando viu um senhor sendo assaltado. Foi, ent\u00e3o, que tentou ajudar e conseguiu. Quando chegou em casa, dois homens chamaram ele. Minha m\u00e3e que n\u00e3o sabia de nada, pediu que ele fosse atender. Foi atingido por dois disparos. Meu irm\u00e3o, que viu tudo, chamou por socorro. Meu pai ainda foi levado ao hospital, mas os m\u00e9dicos avisaram que n\u00e3o passaria daquela noite. Ele morreu mesmo.<\/p>\n<p>Meu irm\u00e3o, que viu ele morrer, ficou traumatizado porque n\u00e3o p\u00f4de fazer nada. Ele caiu na vida errada, dormia na rua, fumava e se drogava. E a gente chorava em casa. Foi dif\u00edcil tirar ele daquela vida, mas conseguimos. Ele \u00e9 hoje um homem renovado.\u00a0Meu outro irm\u00e3o tamb\u00e9m foi pelo caminho errado: vendia drogas e hoje est\u00e1 preso, esperando julgamento. Mas tenho f\u00e9 que ele vai sair de l\u00e1.<\/p>\n<p>Meus outros irm\u00e3os tamb\u00e9m passaram por dificuldades, mas superaram tudo. Dos sete filhos, sou a \u00fanica que estuda. Minha irm\u00e3 casou cedo e com um homem que s\u00f3 machucava ela. S\u00f3 quando ele foi preso deixou ela em paz. Minha outra irm\u00e3 tem tr\u00eas filhos e mais trig\u00eameos. Minha m\u00e3e os pegou para cuidar e hoje mora com dois deles desde o dia que sa\u00edram do hospital. Pegaram o meu lugar de ca\u00e7ula da casa, mas s\u00e3o uns amores! Um dos trig\u00eameos ficou 30 dias na UTI entre a vida e a morte. Fez cirurgia e hoje est\u00e1 tudo bem com 5 anos de idade.<\/p>\n<p>Minha m\u00e3e criou 7 filhos sozinha e agora cria 3 netos com muito amor. Ela \u00e9 uma guerreira aos 45 anos. Cuidou de todos os filhos com muito amor. Eles escolheram o caminho errado porque quiseram. Ela sempre ensinou a coisa certa para todos n\u00f3s.<\/p>\n<p>Ent\u00e3o, minha coordenadora me convidou para participar das Miss\u00f5es. Confesso que n\u00e3o queria, pois tinha medo. Mas\u00a0 n\u00e3o desisti. Meu medo \u00e9 porque sou t\u00edmida e n\u00e3o saberia como relacionar com a fam\u00edlia que me acolheria. Mas peguei uma fam\u00edlia maravilhosa e deixei a timidez de lado. Passei pouco tempo com ela mas j\u00e1 deu para conhec\u00ea-la e admir\u00e1-la. Nesta Miss\u00f5es, visitamos pessoas enfermas, quase n\u00e3o conseguindo se levantar da cama, mas muito felizes e com muita f\u00e9. Aprendi muita coisa. Conheci uma realidade diferente da minha comunidade. Na tarde do ch\u00e1 conversei com uma senhora e ouvi coisas que precisava ouvir. Estou feliz com a experi\u00eancia que fiz.<\/p>\n<hr \/>\n<p><strong><img loading=\"lazy\" class=\"alignright size-full wp-image-208261\" src=\"https:\/\/franciscanos.org.br\/noticias\/wp-content\/uploads\/2019\/07\/luana.jpg\" alt=\"\" width=\"375\" height=\"501\" srcset=\"https:\/\/franciscanos.org.br\/noticias\/wp-content\/uploads\/2019\/07\/luana.jpg 375w, https:\/\/franciscanos.org.br\/noticias\/wp-content\/uploads\/2019\/07\/luana-337x450.jpg 337w, https:\/\/franciscanos.org.br\/noticias\/wp-content\/uploads\/2019\/07\/luana-150x200.jpg 150w\" sizes=\"(max-width: 375px) 100vw, 375px\" \/>LUANA KUSTNER &#8211; GASPAR &#8211; SC (17 anos)<\/strong><\/p>\n<p><strong>JEAN MARCOS KRAUS, S\u00c3O BONIF\u00c1CIO &#8211; SC (20 anos)<\/strong><\/p>\n<p>No primeiro dia de miss\u00e3o na Comunidade Nossa Senhora Aparecida de Nil\u00f3polis, visitamos o Abrigo Cristo Vive, que \u00e9 um asilo. L\u00e1 presenciamos relatos de supera\u00e7\u00e3o dos moradores em situa\u00e7\u00e3o de rua, traficantes, entre outros. Trocamos experi\u00eancias de afeto e de amor com os abrigados. Entre todos, o que mais nos comoveu foi a hist\u00f3ria do Pastor Rodrigo Dantas, que lidera este projeto junto com outras duas institui\u00e7\u00f5es que fazem o mesmo trabalho.<\/p>\n<p>Pastor Dantas era o homem que praticamente comandava o tr\u00e1fico em uma grande regi\u00e3o, mas tinha um \u00fanico diferencial: ele n\u00e3o aceitava matar os outros. Ele passou por v\u00e1rias dificuldades em sua vida, apesar de ser o homem rico e com grande poder, acabou virando morador de rua, contraiu v\u00e1rias doen\u00e7as, entre elas \u00e9 soropositivo. Um dia viu uma fam\u00edlia na pra\u00e7a e pediu a Deus que uma porta se abrisse para ele. Foi, ent\u00e3o, que escutou uma voz. At\u00e9 pensou fosse o gato embaixo do seu banco, mas era Deus falando com ele. Procurou ajuda e,\u00a0 com o passar do tempo, firmou-se na igreja e formou o projeto. Ap\u00f3s a visita ao abrigo, fomos visitar o Parque de Gericin\u00f3, onde aprendemos n\u00e3o cuidar apenas da natureza, mas tamb\u00e9m um dos outros.<\/p>\n<p>No per\u00edodo da tarde, fomos levar amor e a Palavra de Deus a alguns enfermos. Foi uma experi\u00eancia maravilhosa que encheu nossos cora\u00e7\u00f5es de esperan\u00e7a. Vimos em seus olhos a alegria de nos receber em suas casas. Fomos em miss\u00e3o para ensinar algo a eles, entretanto quem voltou com mais aprendizado fomos n\u00f3s. De noite, aproveitamos para conhecer um pouco de Nil\u00f3polis com nossas fam\u00edlias.<\/p>\n","protected":false},"excerpt":{"rendered":"<p>Miss\u00f5es Franciscanas da Juventude<\/p>\n","protected":false},"author":3,"featured_media":208257,"comment_status":"open","ping_status":"open","sticky":false,"template":"","format":"standard","meta":[],"categories":[1],"tags":[1206],"acf":[],"yoast_head":"<!-- This site is optimized with the Yoast SEO plugin v19.2 - https:\/\/yoast.com\/wordpress\/plugins\/seo\/ -->\n<title>Jovens falam da experi\u00eancia mission\u00e1ria no Rio de Janeiro - Not\u00edcias - Franciscanos<\/title>\n<meta name=\"robots\" content=\"index, follow, max-snippet:-1, max-image-preview:large, max-video-preview:-1\" \/>\n<link rel=\"canonical\" href=\"https:\/\/franciscanos.org.br\/noticias\/jovens-falam-da-experiencia-missionaria-no-rio-de-janeiro.html\" \/>\n<meta property=\"og:locale\" content=\"pt_BR\" \/>\n<meta property=\"og:type\" content=\"article\" \/>\n<meta property=\"og:title\" content=\"Jovens falam da experi\u00eancia mission\u00e1ria no Rio de Janeiro - Not\u00edcias - Franciscanos\" \/>\n<meta property=\"og:description\" content=\"Miss\u00f5es Franciscanas da Juventude\" \/>\n<meta property=\"og:url\" content=\"https:\/\/franciscanos.org.br\/noticias\/jovens-falam-da-experiencia-missionaria-no-rio-de-janeiro.html\" \/>\n<meta property=\"og:site_name\" content=\"Not\u00edcias - Franciscanos\" \/>\n<meta property=\"article:published_time\" content=\"2019-07-21T00:39:58+00:00\" \/>\n<meta property=\"article:modified_time\" content=\"2019-07-21T00:40:31+00:00\" \/>\n<meta property=\"og:image\" content=\"https:\/\/franciscanos.org.br\/noticias\/wp-content\/uploads\/2019\/07\/experiencia_d.jpg\" \/>\n\t<meta property=\"og:image:width\" content=\"273\" \/>\n\t<meta property=\"og:image:height\" content=\"181\" \/>\n\t<meta property=\"og:image:type\" content=\"image\/jpeg\" \/>\n<meta name=\"author\" content=\"moacir\" \/>\n<meta name=\"twitter:card\" content=\"summary_large_image\" \/>\n<meta name=\"twitter:label1\" content=\"Escrito por\" \/>\n\t<meta name=\"twitter:data1\" content=\"moacir\" \/>\n\t<meta name=\"twitter:label2\" content=\"Est. tempo de leitura\" \/>\n\t<meta name=\"twitter:data2\" content=\"8 minutos\" \/>\n<script type=\"application\/ld+json\" class=\"yoast-schema-graph\">{\"@context\":\"https:\/\/schema.org\",\"@graph\":[{\"@type\":\"WebSite\",\"@id\":\"https:\/\/franciscanos.org.br\/noticias\/#website\",\"url\":\"https:\/\/franciscanos.org.br\/noticias\/\",\"name\":\"Not\u00edcias - Franciscanos\",\"description\":\"Prov\u00edncia Franciscana da Imaculada Concei\u00e7\u00e3o do Brasil - Ordem dos Frades Menores - OFM\",\"potentialAction\":[{\"@type\":\"SearchAction\",\"target\":{\"@type\":\"EntryPoint\",\"urlTemplate\":\"https:\/\/franciscanos.org.br\/noticias\/?s={search_term_string}\"},\"query-input\":\"required name=search_term_string\"}],\"inLanguage\":\"pt-BR\"},{\"@type\":\"ImageObject\",\"inLanguage\":\"pt-BR\",\"@id\":\"https:\/\/franciscanos.org.br\/noticias\/jovens-falam-da-experiencia-missionaria-no-rio-de-janeiro.html#primaryimage\",\"url\":\"https:\/\/franciscanos.org.br\/noticias\/wp-content\/uploads\/2019\/07\/experiencia_d.jpg\",\"contentUrl\":\"https:\/\/franciscanos.org.br\/noticias\/wp-content\/uploads\/2019\/07\/experiencia_d.jpg\",\"width\":273,\"height\":181},{\"@type\":\"WebPage\",\"@id\":\"https:\/\/franciscanos.org.br\/noticias\/jovens-falam-da-experiencia-missionaria-no-rio-de-janeiro.html#webpage\",\"url\":\"https:\/\/franciscanos.org.br\/noticias\/jovens-falam-da-experiencia-missionaria-no-rio-de-janeiro.html\",\"name\":\"Jovens falam da experi\u00eancia mission\u00e1ria no Rio de Janeiro - Not\u00edcias - Franciscanos\",\"isPartOf\":{\"@id\":\"https:\/\/franciscanos.org.br\/noticias\/#website\"},\"primaryImageOfPage\":{\"@id\":\"https:\/\/franciscanos.org.br\/noticias\/jovens-falam-da-experiencia-missionaria-no-rio-de-janeiro.html#primaryimage\"},\"datePublished\":\"2019-07-21T00:39:58+00:00\",\"dateModified\":\"2019-07-21T00:40:31+00:00\",\"author\":{\"@id\":\"https:\/\/franciscanos.org.br\/noticias\/#\/schema\/person\/b5c8cba458c330ccff548b056e95a5d4\"},\"breadcrumb\":{\"@id\":\"https:\/\/franciscanos.org.br\/noticias\/jovens-falam-da-experiencia-missionaria-no-rio-de-janeiro.html#breadcrumb\"},\"inLanguage\":\"pt-BR\",\"potentialAction\":[{\"@type\":\"ReadAction\",\"target\":[\"https:\/\/franciscanos.org.br\/noticias\/jovens-falam-da-experiencia-missionaria-no-rio-de-janeiro.html\"]}]},{\"@type\":\"BreadcrumbList\",\"@id\":\"https:\/\/franciscanos.org.br\/noticias\/jovens-falam-da-experiencia-missionaria-no-rio-de-janeiro.html#breadcrumb\",\"itemListElement\":[{\"@type\":\"ListItem\",\"position\":1,\"name\":\"Home\",\"item\":\"https:\/\/franciscanos.org.br\/noticias\"},{\"@type\":\"ListItem\",\"position\":2,\"name\":\"Jovens falam da experi\u00eancia mission\u00e1ria no Rio de Janeiro\"}]},{\"@type\":\"Person\",\"@id\":\"https:\/\/franciscanos.org.br\/noticias\/#\/schema\/person\/b5c8cba458c330ccff548b056e95a5d4\",\"name\":\"moacir\",\"image\":{\"@type\":\"ImageObject\",\"inLanguage\":\"pt-BR\",\"@id\":\"https:\/\/franciscanos.org.br\/noticias\/#\/schema\/person\/image\/\",\"url\":\"https:\/\/secure.gravatar.com\/avatar\/d08aa2ce4c8dd416d4479aa8536fcf64?s=96&d=mm&r=g\",\"contentUrl\":\"https:\/\/secure.gravatar.com\/avatar\/d08aa2ce4c8dd416d4479aa8536fcf64?s=96&d=mm&r=g\",\"caption\":\"moacir\"},\"url\":\"https:\/\/franciscanos.org.br\/noticias\/author\/moacir\"}]}<\/script>\n<!-- \/ Yoast SEO plugin. -->","yoast_head_json":{"title":"Jovens falam da experi\u00eancia mission\u00e1ria no Rio de Janeiro - Not\u00edcias - Franciscanos","robots":{"index":"index","follow":"follow","max-snippet":"max-snippet:-1","max-image-preview":"max-image-preview:large","max-video-preview":"max-video-preview:-1"},"canonical":"https:\/\/franciscanos.org.br\/noticias\/jovens-falam-da-experiencia-missionaria-no-rio-de-janeiro.html","og_locale":"pt_BR","og_type":"article","og_title":"Jovens falam da experi\u00eancia mission\u00e1ria no Rio de Janeiro - Not\u00edcias - Franciscanos","og_description":"Miss\u00f5es Franciscanas da Juventude","og_url":"https:\/\/franciscanos.org.br\/noticias\/jovens-falam-da-experiencia-missionaria-no-rio-de-janeiro.html","og_site_name":"Not\u00edcias - Franciscanos","article_published_time":"2019-07-21T00:39:58+00:00","article_modified_time":"2019-07-21T00:40:31+00:00","og_image":[{"width":273,"height":181,"url":"https:\/\/franciscanos.org.br\/noticias\/wp-content\/uploads\/2019\/07\/experiencia_d.jpg","type":"image\/jpeg"}],"author":"moacir","twitter_card":"summary_large_image","twitter_misc":{"Escrito por":"moacir","Est. tempo de leitura":"8 minutos"},"schema":{"@context":"https:\/\/schema.org","@graph":[{"@type":"WebSite","@id":"https:\/\/franciscanos.org.br\/noticias\/#website","url":"https:\/\/franciscanos.org.br\/noticias\/","name":"Not\u00edcias - Franciscanos","description":"Prov\u00edncia Franciscana da Imaculada Concei\u00e7\u00e3o do Brasil - Ordem dos Frades Menores - OFM","potentialAction":[{"@type":"SearchAction","target":{"@type":"EntryPoint","urlTemplate":"https:\/\/franciscanos.org.br\/noticias\/?s={search_term_string}"},"query-input":"required name=search_term_string"}],"inLanguage":"pt-BR"},{"@type":"ImageObject","inLanguage":"pt-BR","@id":"https:\/\/franciscanos.org.br\/noticias\/jovens-falam-da-experiencia-missionaria-no-rio-de-janeiro.html#primaryimage","url":"https:\/\/franciscanos.org.br\/noticias\/wp-content\/uploads\/2019\/07\/experiencia_d.jpg","contentUrl":"https:\/\/franciscanos.org.br\/noticias\/wp-content\/uploads\/2019\/07\/experiencia_d.jpg","width":273,"height":181},{"@type":"WebPage","@id":"https:\/\/franciscanos.org.br\/noticias\/jovens-falam-da-experiencia-missionaria-no-rio-de-janeiro.html#webpage","url":"https:\/\/franciscanos.org.br\/noticias\/jovens-falam-da-experiencia-missionaria-no-rio-de-janeiro.html","name":"Jovens falam da experi\u00eancia mission\u00e1ria no Rio de Janeiro - Not\u00edcias - Franciscanos","isPartOf":{"@id":"https:\/\/franciscanos.org.br\/noticias\/#website"},"primaryImageOfPage":{"@id":"https:\/\/franciscanos.org.br\/noticias\/jovens-falam-da-experiencia-missionaria-no-rio-de-janeiro.html#primaryimage"},"datePublished":"2019-07-21T00:39:58+00:00","dateModified":"2019-07-21T00:40:31+00:00","author":{"@id":"https:\/\/franciscanos.org.br\/noticias\/#\/schema\/person\/b5c8cba458c330ccff548b056e95a5d4"},"breadcrumb":{"@id":"https:\/\/franciscanos.org.br\/noticias\/jovens-falam-da-experiencia-missionaria-no-rio-de-janeiro.html#breadcrumb"},"inLanguage":"pt-BR","potentialAction":[{"@type":"ReadAction","target":["https:\/\/franciscanos.org.br\/noticias\/jovens-falam-da-experiencia-missionaria-no-rio-de-janeiro.html"]}]},{"@type":"BreadcrumbList","@id":"https:\/\/franciscanos.org.br\/noticias\/jovens-falam-da-experiencia-missionaria-no-rio-de-janeiro.html#breadcrumb","itemListElement":[{"@type":"ListItem","position":1,"name":"Home","item":"https:\/\/franciscanos.org.br\/noticias"},{"@type":"ListItem","position":2,"name":"Jovens falam da experi\u00eancia mission\u00e1ria no Rio de Janeiro"}]},{"@type":"Person","@id":"https:\/\/franciscanos.org.br\/noticias\/#\/schema\/person\/b5c8cba458c330ccff548b056e95a5d4","name":"moacir","image":{"@type":"ImageObject","inLanguage":"pt-BR","@id":"https:\/\/franciscanos.org.br\/noticias\/#\/schema\/person\/image\/","url":"https:\/\/secure.gravatar.com\/avatar\/d08aa2ce4c8dd416d4479aa8536fcf64?s=96&d=mm&r=g","contentUrl":"https:\/\/secure.gravatar.com\/avatar\/d08aa2ce4c8dd416d4479aa8536fcf64?s=96&d=mm&r=g","caption":"moacir"},"url":"https:\/\/franciscanos.org.br\/noticias\/author\/moacir"}]}},"_links":{"self":[{"href":"https:\/\/franciscanos.org.br\/noticias\/wp-json\/wp\/v2\/posts\/208255"}],"collection":[{"href":"https:\/\/franciscanos.org.br\/noticias\/wp-json\/wp\/v2\/posts"}],"about":[{"href":"https:\/\/franciscanos.org.br\/noticias\/wp-json\/wp\/v2\/types\/post"}],"author":[{"embeddable":true,"href":"https:\/\/franciscanos.org.br\/noticias\/wp-json\/wp\/v2\/users\/3"}],"replies":[{"embeddable":true,"href":"https:\/\/franciscanos.org.br\/noticias\/wp-json\/wp\/v2\/comments?post=208255"}],"version-history":[{"count":0,"href":"https:\/\/franciscanos.org.br\/noticias\/wp-json\/wp\/v2\/posts\/208255\/revisions"}],"wp:featuredmedia":[{"embeddable":true,"href":"https:\/\/franciscanos.org.br\/noticias\/wp-json\/wp\/v2\/media\/208257"}],"wp:attachment":[{"href":"https:\/\/franciscanos.org.br\/noticias\/wp-json\/wp\/v2\/media?parent=208255"}],"wp:term":[{"taxonomy":"category","embeddable":true,"href":"https:\/\/franciscanos.org.br\/noticias\/wp-json\/wp\/v2\/categories?post=208255"},{"taxonomy":"post_tag","embeddable":true,"href":"https:\/\/franciscanos.org.br\/noticias\/wp-json\/wp\/v2\/tags?post=208255"}],"curies":[{"name":"wp","href":"https:\/\/api.w.org\/{rel}","templated":true}]}}