{"id":208244,"date":"2019-07-20T19:56:52","date_gmt":"2019-07-20T22:56:52","guid":{"rendered":"https:\/\/franciscanos.org.br\/noticias\/?p=208244"},"modified":"2019-07-20T19:56:52","modified_gmt":"2019-07-20T22:56:52","slug":"franciscanos-e-mais-70-catolicos-presos-por-defender-imigrantes-nos-eua","status":"publish","type":"post","link":"https:\/\/franciscanos.org.br\/noticias\/franciscanos-e-mais-70-catolicos-presos-por-defender-imigrantes-nos-eua.html","title":{"rendered":"Franciscanos e mais 70 cat\u00f3licos presos por defender imigrantes nos EUA"},"content":{"rendered":"<p><img loading=\"lazy\" class=\"alignnone size-full wp-image-208245\" src=\"https:\/\/franciscanos.org.br\/noticias\/wp-content\/uploads\/2019\/07\/eua_2007.jpg\" alt=\"\" width=\"890\" height=\"665\" srcset=\"https:\/\/franciscanos.org.br\/noticias\/wp-content\/uploads\/2019\/07\/eua_2007.jpg 890w, https:\/\/franciscanos.org.br\/noticias\/wp-content\/uploads\/2019\/07\/eua_2007-450x336.jpg 450w, https:\/\/franciscanos.org.br\/noticias\/wp-content\/uploads\/2019\/07\/eua_2007-768x574.jpg 768w, https:\/\/franciscanos.org.br\/noticias\/wp-content\/uploads\/2019\/07\/eua_2007-150x112.jpg 150w\" sizes=\"(max-width: 890px) 100vw, 890px\" \/><\/p>\n<p>Cerca de 70 pessoas, que carregavam fotos de crian\u00e7as imigrantes que morreram enquanto estavam sob cust\u00f3dia em centros de deten\u00e7\u00e3o norte-americanos, foram presas na quinta-feira, 18 de junho, enquanto protestavam no Capit\u00f3lio, em Washington, contra a pol\u00edtica de imigra\u00e7\u00e3o do governo de Donald Trump.<\/p>\n<p><img loading=\"lazy\" class=\"alignnone size-full wp-image-208246\" src=\"https:\/\/franciscanos.org.br\/noticias\/wp-content\/uploads\/2019\/07\/eua_2007_3.jpg\" alt=\"\" width=\"890\" height=\"501\" srcset=\"https:\/\/franciscanos.org.br\/noticias\/wp-content\/uploads\/2019\/07\/eua_2007_3.jpg 890w, https:\/\/franciscanos.org.br\/noticias\/wp-content\/uploads\/2019\/07\/eua_2007_3-450x253.jpg 450w, https:\/\/franciscanos.org.br\/noticias\/wp-content\/uploads\/2019\/07\/eua_2007_3-768x432.jpg 768w, https:\/\/franciscanos.org.br\/noticias\/wp-content\/uploads\/2019\/07\/eua_2007_3-150x84.jpg 150w\" sizes=\"(max-width: 890px) 100vw, 890px\" \/><\/p>\n<p>A Rede Franciscana de A\u00e7\u00e3o, um grupo cat\u00f3lico em defesa dos direitos humanos, convocou a manifesta\u00e7\u00e3o nos escrit\u00f3rios do Senado Russell*, parte do complexo do Capit\u00f3lio, para protestar contra as condi\u00e7\u00f5es desses centros, porque, acusam, que ele constituem uma viola\u00e7\u00e3o aos direitos humanos.<\/p>\n<p><iframe loading=\"lazy\" src=\"https:\/\/www.youtube.com\/embed\/2ag0Pj8dsvE\" width=\"560\" height=\"315\" frameborder=\"0\" allowfullscreen=\"allowfullscreen\"><\/iframe><\/p>\n<p>Cerca de 200 padres, frades, freiras e outras pessoas no ch\u00e3o de m\u00e1rmore do pr\u00e9dio do senado Russell.<\/p>\n<p>\u201cNosso pa\u00eds nasceu na escurid\u00e3o do que agora chamamos pecado original. E agora, uns 200 anos mais tarde, pensamos que hav\u00edamos come\u00e7ado a superar esses pecados. No entanto, nestes dias, Donald Trump est\u00e1 nos arrastando de volta \u00e0queles tempos malignos, com uma combina\u00e7\u00e3o de medos irracionais, \u00f3dio de pessoas que n\u00e3o s\u00e3o dele e de pura crueldade. O que \u00e9 quase t\u00e3o maligno, \u00e9 que os chamados crist\u00e3os apoiam e aplaudem e possibilitam essa descida para uma nova era de trevas na Am\u00e9rica. Estamos falando sobre as evid\u00eancias disso, nessas a\u00e7\u00f5es hoje. Estamos particularmente citando a desumanidade que ocorre, mesmo enquanto falamos, nas nossas fronteiras do sul. \u00c9 por isso que pedimos aos nossos milh\u00f5es de irm\u00e3s e irm\u00e3os cat\u00f3licos, particularmente nossos bispos, que participem da luta pela alma da Am\u00e9rica\u201d, declarou o Frei Joe Nangle, de Justi\u00e7a, Paz e Integridade da Cria\u00e7\u00e3o da Prov\u00edncia Franciscana do Sant\u00edssimo Nome, preso na manifesta\u00e7\u00e3o no Dia Cat\u00f3lico de A\u00e7\u00e3o pelas Crian\u00e7as Imigrantes.<\/p>\n<p><img loading=\"lazy\" class=\"alignnone size-full wp-image-208247\" src=\"https:\/\/franciscanos.org.br\/noticias\/wp-content\/uploads\/2019\/07\/eua_2007_2.jpg\" alt=\"\" width=\"890\" height=\"593\" srcset=\"https:\/\/franciscanos.org.br\/noticias\/wp-content\/uploads\/2019\/07\/eua_2007_2.jpg 890w, https:\/\/franciscanos.org.br\/noticias\/wp-content\/uploads\/2019\/07\/eua_2007_2-450x300.jpg 450w, https:\/\/franciscanos.org.br\/noticias\/wp-content\/uploads\/2019\/07\/eua_2007_2-768x512.jpg 768w, https:\/\/franciscanos.org.br\/noticias\/wp-content\/uploads\/2019\/07\/eua_2007_2-150x100.jpg 150w\" sizes=\"(max-width: 890px) 100vw, 890px\" \/><\/p>\n<p>&#8220;As imagens de crian\u00e7as em condi\u00e7\u00f5es deplor\u00e1veis e insalubres, sem acesso a chuveiros por semanas, incomunic\u00e1veis e dormindo em pisos de concreto sem cobertores, nos for\u00e7aram a ficar em solidariedade e dizer &#8216;n\u00e3o em nosso nome'&#8221;, discursou a irm\u00e3 \u00c1ine O. Connor, uma das manifestantes presas.<\/p>\n<p>Entre os presos, h\u00e1 v\u00e1rios padres, frades freiras e leigos que denunciaram as condi\u00e7\u00f5es desumanas em que as crian\u00e7as migrantes est\u00e3o sendo detidas.<\/p>\n<hr \/>\n<p>FONTE: Paz y Bien, Franciscans Action Network &#8211; Falachico<\/p>\n<p><em>*O pr\u00e9dio de escrit\u00f3rios do Senado Russell \u00e9 o mais antigo dos edif\u00edcios de escrit\u00f3rios do Senado dos Estados Unidos.<\/em><\/p>\n","protected":false},"excerpt":{"rendered":"<p>A Igreja na defesa dos imigrantes<\/p>\n","protected":false},"author":3,"featured_media":208248,"comment_status":"open","ping_status":"open","sticky":false,"template":"","format":"standard","meta":[],"categories":[1],"tags":[1507],"acf":[],"yoast_head":"<!-- This site is optimized with the Yoast SEO plugin v19.2 - https:\/\/yoast.com\/wordpress\/plugins\/seo\/ -->\n<title>Franciscanos e mais 70 cat\u00f3licos presos por defender imigrantes nos EUA - Not\u00edcias - Franciscanos<\/title>\n<meta name=\"robots\" content=\"index, follow, max-snippet:-1, max-image-preview:large, max-video-preview:-1\" \/>\n<link rel=\"canonical\" href=\"https:\/\/franciscanos.org.br\/noticias\/franciscanos-e-mais-70-catolicos-presos-por-defender-imigrantes-nos-eua.html\" \/>\n<meta property=\"og:locale\" content=\"pt_BR\" \/>\n<meta property=\"og:type\" content=\"article\" \/>\n<meta property=\"og:title\" content=\"Franciscanos e mais 70 cat\u00f3licos presos por defender imigrantes nos EUA - Not\u00edcias - Franciscanos\" \/>\n<meta property=\"og:description\" content=\"A Igreja na defesa dos imigrantes\" \/>\n<meta property=\"og:url\" content=\"https:\/\/franciscanos.org.br\/noticias\/franciscanos-e-mais-70-catolicos-presos-por-defender-imigrantes-nos-eua.html\" \/>\n<meta property=\"og:site_name\" content=\"Not\u00edcias - Franciscanos\" \/>\n<meta property=\"article:published_time\" content=\"2019-07-20T22:56:52+00:00\" \/>\n<meta property=\"og:image\" content=\"https:\/\/franciscanos.org.br\/noticias\/wp-content\/uploads\/2019\/07\/eua_2007d.jpg\" \/>\n\t<meta property=\"og:image:width\" content=\"273\" \/>\n\t<meta property=\"og:image:height\" content=\"181\" \/>\n\t<meta property=\"og:image:type\" content=\"image\/jpeg\" \/>\n<meta name=\"author\" content=\"moacir\" \/>\n<meta name=\"twitter:card\" content=\"summary_large_image\" \/>\n<meta name=\"twitter:label1\" content=\"Escrito por\" \/>\n\t<meta name=\"twitter:data1\" content=\"moacir\" \/>\n\t<meta name=\"twitter:label2\" content=\"Est. tempo de leitura\" \/>\n\t<meta name=\"twitter:data2\" content=\"2 minutos\" \/>\n<script type=\"application\/ld+json\" class=\"yoast-schema-graph\">{\"@context\":\"https:\/\/schema.org\",\"@graph\":[{\"@type\":\"WebSite\",\"@id\":\"https:\/\/franciscanos.org.br\/noticias\/#website\",\"url\":\"https:\/\/franciscanos.org.br\/noticias\/\",\"name\":\"Not\u00edcias - Franciscanos\",\"description\":\"Prov\u00edncia Franciscana da Imaculada Concei\u00e7\u00e3o do Brasil - Ordem dos Frades Menores - OFM\",\"potentialAction\":[{\"@type\":\"SearchAction\",\"target\":{\"@type\":\"EntryPoint\",\"urlTemplate\":\"https:\/\/franciscanos.org.br\/noticias\/?s={search_term_string}\"},\"query-input\":\"required name=search_term_string\"}],\"inLanguage\":\"pt-BR\"},{\"@type\":\"ImageObject\",\"inLanguage\":\"pt-BR\",\"@id\":\"https:\/\/franciscanos.org.br\/noticias\/franciscanos-e-mais-70-catolicos-presos-por-defender-imigrantes-nos-eua.html#primaryimage\",\"url\":\"https:\/\/franciscanos.org.br\/noticias\/wp-content\/uploads\/2019\/07\/eua_2007d.jpg\",\"contentUrl\":\"https:\/\/franciscanos.org.br\/noticias\/wp-content\/uploads\/2019\/07\/eua_2007d.jpg\",\"width\":273,\"height\":181},{\"@type\":\"WebPage\",\"@id\":\"https:\/\/franciscanos.org.br\/noticias\/franciscanos-e-mais-70-catolicos-presos-por-defender-imigrantes-nos-eua.html#webpage\",\"url\":\"https:\/\/franciscanos.org.br\/noticias\/franciscanos-e-mais-70-catolicos-presos-por-defender-imigrantes-nos-eua.html\",\"name\":\"Franciscanos e mais 70 cat\u00f3licos presos por defender imigrantes nos EUA - Not\u00edcias - Franciscanos\",\"isPartOf\":{\"@id\":\"https:\/\/franciscanos.org.br\/noticias\/#website\"},\"primaryImageOfPage\":{\"@id\":\"https:\/\/franciscanos.org.br\/noticias\/franciscanos-e-mais-70-catolicos-presos-por-defender-imigrantes-nos-eua.html#primaryimage\"},\"datePublished\":\"2019-07-20T22:56:52+00:00\",\"dateModified\":\"2019-07-20T22:56:52+00:00\",\"author\":{\"@id\":\"https:\/\/franciscanos.org.br\/noticias\/#\/schema\/person\/b5c8cba458c330ccff548b056e95a5d4\"},\"breadcrumb\":{\"@id\":\"https:\/\/franciscanos.org.br\/noticias\/franciscanos-e-mais-70-catolicos-presos-por-defender-imigrantes-nos-eua.html#breadcrumb\"},\"inLanguage\":\"pt-BR\",\"potentialAction\":[{\"@type\":\"ReadAction\",\"target\":[\"https:\/\/franciscanos.org.br\/noticias\/franciscanos-e-mais-70-catolicos-presos-por-defender-imigrantes-nos-eua.html\"]}]},{\"@type\":\"BreadcrumbList\",\"@id\":\"https:\/\/franciscanos.org.br\/noticias\/franciscanos-e-mais-70-catolicos-presos-por-defender-imigrantes-nos-eua.html#breadcrumb\",\"itemListElement\":[{\"@type\":\"ListItem\",\"position\":1,\"name\":\"Home\",\"item\":\"https:\/\/franciscanos.org.br\/noticias\"},{\"@type\":\"ListItem\",\"position\":2,\"name\":\"Franciscanos e mais 70 cat\u00f3licos presos por defender imigrantes nos EUA\"}]},{\"@type\":\"Person\",\"@id\":\"https:\/\/franciscanos.org.br\/noticias\/#\/schema\/person\/b5c8cba458c330ccff548b056e95a5d4\",\"name\":\"moacir\",\"image\":{\"@type\":\"ImageObject\",\"inLanguage\":\"pt-BR\",\"@id\":\"https:\/\/franciscanos.org.br\/noticias\/#\/schema\/person\/image\/\",\"url\":\"https:\/\/secure.gravatar.com\/avatar\/d08aa2ce4c8dd416d4479aa8536fcf64?s=96&d=mm&r=g\",\"contentUrl\":\"https:\/\/secure.gravatar.com\/avatar\/d08aa2ce4c8dd416d4479aa8536fcf64?s=96&d=mm&r=g\",\"caption\":\"moacir\"},\"url\":\"https:\/\/franciscanos.org.br\/noticias\/author\/moacir\"}]}<\/script>\n<!-- \/ Yoast SEO plugin. -->","yoast_head_json":{"title":"Franciscanos e mais 70 cat\u00f3licos presos por defender imigrantes nos EUA - Not\u00edcias - Franciscanos","robots":{"index":"index","follow":"follow","max-snippet":"max-snippet:-1","max-image-preview":"max-image-preview:large","max-video-preview":"max-video-preview:-1"},"canonical":"https:\/\/franciscanos.org.br\/noticias\/franciscanos-e-mais-70-catolicos-presos-por-defender-imigrantes-nos-eua.html","og_locale":"pt_BR","og_type":"article","og_title":"Franciscanos e mais 70 cat\u00f3licos presos por defender imigrantes nos EUA - Not\u00edcias - Franciscanos","og_description":"A Igreja na defesa dos imigrantes","og_url":"https:\/\/franciscanos.org.br\/noticias\/franciscanos-e-mais-70-catolicos-presos-por-defender-imigrantes-nos-eua.html","og_site_name":"Not\u00edcias - Franciscanos","article_published_time":"2019-07-20T22:56:52+00:00","og_image":[{"width":273,"height":181,"url":"https:\/\/franciscanos.org.br\/noticias\/wp-content\/uploads\/2019\/07\/eua_2007d.jpg","type":"image\/jpeg"}],"author":"moacir","twitter_card":"summary_large_image","twitter_misc":{"Escrito por":"moacir","Est. tempo de leitura":"2 minutos"},"schema":{"@context":"https:\/\/schema.org","@graph":[{"@type":"WebSite","@id":"https:\/\/franciscanos.org.br\/noticias\/#website","url":"https:\/\/franciscanos.org.br\/noticias\/","name":"Not\u00edcias - Franciscanos","description":"Prov\u00edncia Franciscana da Imaculada Concei\u00e7\u00e3o do Brasil - Ordem dos Frades Menores - OFM","potentialAction":[{"@type":"SearchAction","target":{"@type":"EntryPoint","urlTemplate":"https:\/\/franciscanos.org.br\/noticias\/?s={search_term_string}"},"query-input":"required name=search_term_string"}],"inLanguage":"pt-BR"},{"@type":"ImageObject","inLanguage":"pt-BR","@id":"https:\/\/franciscanos.org.br\/noticias\/franciscanos-e-mais-70-catolicos-presos-por-defender-imigrantes-nos-eua.html#primaryimage","url":"https:\/\/franciscanos.org.br\/noticias\/wp-content\/uploads\/2019\/07\/eua_2007d.jpg","contentUrl":"https:\/\/franciscanos.org.br\/noticias\/wp-content\/uploads\/2019\/07\/eua_2007d.jpg","width":273,"height":181},{"@type":"WebPage","@id":"https:\/\/franciscanos.org.br\/noticias\/franciscanos-e-mais-70-catolicos-presos-por-defender-imigrantes-nos-eua.html#webpage","url":"https:\/\/franciscanos.org.br\/noticias\/franciscanos-e-mais-70-catolicos-presos-por-defender-imigrantes-nos-eua.html","name":"Franciscanos e mais 70 cat\u00f3licos presos por defender imigrantes nos EUA - Not\u00edcias - Franciscanos","isPartOf":{"@id":"https:\/\/franciscanos.org.br\/noticias\/#website"},"primaryImageOfPage":{"@id":"https:\/\/franciscanos.org.br\/noticias\/franciscanos-e-mais-70-catolicos-presos-por-defender-imigrantes-nos-eua.html#primaryimage"},"datePublished":"2019-07-20T22:56:52+00:00","dateModified":"2019-07-20T22:56:52+00:00","author":{"@id":"https:\/\/franciscanos.org.br\/noticias\/#\/schema\/person\/b5c8cba458c330ccff548b056e95a5d4"},"breadcrumb":{"@id":"https:\/\/franciscanos.org.br\/noticias\/franciscanos-e-mais-70-catolicos-presos-por-defender-imigrantes-nos-eua.html#breadcrumb"},"inLanguage":"pt-BR","potentialAction":[{"@type":"ReadAction","target":["https:\/\/franciscanos.org.br\/noticias\/franciscanos-e-mais-70-catolicos-presos-por-defender-imigrantes-nos-eua.html"]}]},{"@type":"BreadcrumbList","@id":"https:\/\/franciscanos.org.br\/noticias\/franciscanos-e-mais-70-catolicos-presos-por-defender-imigrantes-nos-eua.html#breadcrumb","itemListElement":[{"@type":"ListItem","position":1,"name":"Home","item":"https:\/\/franciscanos.org.br\/noticias"},{"@type":"ListItem","position":2,"name":"Franciscanos e mais 70 cat\u00f3licos presos por defender imigrantes nos EUA"}]},{"@type":"Person","@id":"https:\/\/franciscanos.org.br\/noticias\/#\/schema\/person\/b5c8cba458c330ccff548b056e95a5d4","name":"moacir","image":{"@type":"ImageObject","inLanguage":"pt-BR","@id":"https:\/\/franciscanos.org.br\/noticias\/#\/schema\/person\/image\/","url":"https:\/\/secure.gravatar.com\/avatar\/d08aa2ce4c8dd416d4479aa8536fcf64?s=96&d=mm&r=g","contentUrl":"https:\/\/secure.gravatar.com\/avatar\/d08aa2ce4c8dd416d4479aa8536fcf64?s=96&d=mm&r=g","caption":"moacir"},"url":"https:\/\/franciscanos.org.br\/noticias\/author\/moacir"}]}},"_links":{"self":[{"href":"https:\/\/franciscanos.org.br\/noticias\/wp-json\/wp\/v2\/posts\/208244"}],"collection":[{"href":"https:\/\/franciscanos.org.br\/noticias\/wp-json\/wp\/v2\/posts"}],"about":[{"href":"https:\/\/franciscanos.org.br\/noticias\/wp-json\/wp\/v2\/types\/post"}],"author":[{"embeddable":true,"href":"https:\/\/franciscanos.org.br\/noticias\/wp-json\/wp\/v2\/users\/3"}],"replies":[{"embeddable":true,"href":"https:\/\/franciscanos.org.br\/noticias\/wp-json\/wp\/v2\/comments?post=208244"}],"version-history":[{"count":0,"href":"https:\/\/franciscanos.org.br\/noticias\/wp-json\/wp\/v2\/posts\/208244\/revisions"}],"wp:featuredmedia":[{"embeddable":true,"href":"https:\/\/franciscanos.org.br\/noticias\/wp-json\/wp\/v2\/media\/208248"}],"wp:attachment":[{"href":"https:\/\/franciscanos.org.br\/noticias\/wp-json\/wp\/v2\/media?parent=208244"}],"wp:term":[{"taxonomy":"category","embeddable":true,"href":"https:\/\/franciscanos.org.br\/noticias\/wp-json\/wp\/v2\/categories?post=208244"},{"taxonomy":"post_tag","embeddable":true,"href":"https:\/\/franciscanos.org.br\/noticias\/wp-json\/wp\/v2\/tags?post=208244"}],"curies":[{"name":"wp","href":"https:\/\/api.w.org\/{rel}","templated":true}]}}