{"id":20821,"date":"2012-07-27T07:53:49","date_gmt":"2012-07-27T10:53:49","guid":{"rendered":"http:\/\/new.franciscanos.org.br\/?p=20821"},"modified":"2019-10-30T11:08:40","modified_gmt":"2019-10-30T14:08:40","slug":"frades-estudantes-se-reunem-para-realizar-sua-ix-assembleia","status":"publish","type":"post","link":"https:\/\/franciscanos.org.br\/noticias\/frades-estudantes-se-reunem-para-realizar-sua-ix-assembleia.html","title":{"rendered":"Frades Estudantes se re\u00fanem para realizar sua IX Assembleia"},"content":{"rendered":"<h1>3\u00ba DIA<\/h1>\n<p><img loading=\"lazy\" class=\"alignright size-full wp-image-20866\" title=\"2828_300712\" src=\"http:\/\/franciscanos.org.br\/wp-content\/uploads\/2012\/07\/2828_300712.jpg\" alt=\"\" width=\"350\" height=\"263\" \/>Dando sequ\u00eancia aos trabalhos iniciados nesta quinta-feira, ap\u00f3s a reflex\u00e3o ponderada do Frei Est\u00eav\u00e3o Ottenbreit, Vig\u00e1rio Provincial, o \u00faltimo dia da Assembleia foi marcado pelas considera\u00e7\u00f5es dos grupos de discuss\u00e3o.<\/p>\n<p>Se no primeiro dia foi apresentada uma provoca\u00e7\u00e3o (\u201cpara sabermos para onde vamos, temos que saber primeiro quem somos\u201d), fundamentada na hist\u00f3ria da vida consagrada no Ocidente, e no segundo dia, aprofundando essa reflex\u00e3o, o Vig\u00e1rio buscou apresentar a atual situa\u00e7\u00e3o da Prov\u00edncia e os desafios para um futuro pr\u00f3ximo, neste s\u00e1bado, 28, foi a vez de p\u00f4r m\u00e3os \u00e0 massa e trabalhar duro sobre esses subs\u00eddios e produzir algum material que pudesse refletir os anseios e esperan\u00e7as dos frades estudantes para a nossa Prov\u00edncia.<\/p>\n<p>Na parte da manh\u00e3, os frades, distribu\u00eddos em cinco equipes de trabalho, discutiram algumas quest\u00f5es bem pr\u00e1ticas, relativas seja \u00e0 forma\u00e7\u00e3o, seja ao pr\u00f3prio Departamento dos Frades Estudantes, seja \u00e0 prov\u00edncia e \u00e0 nossa identidade franciscana em seu triplo aspecto: contempla\u00e7\u00e3o, fraternidade, itiner\u00e2ncia (como ressaltou Ottembreit, a partir de um texto do ex-Ministro Geral Giacomo Bini).<\/p>\n<p>Acertados os passos entre os companheiros de equipe, os frades estudantes reuniram-se em plen\u00e1rio para apresentar suas reflex\u00f5es acerca dos pontos levantados. A discuss\u00e3o foi calorosa e vibrante. E, encerrando a manh\u00e3 de trabalhos, foram eleitos os sete frades representantes das turmas de filosofia (3) e teologia (4) e, dentre eles, o coordenador do Departamento e o secret\u00e1rio.<\/p>\n<p>Ap\u00f3s o conv\u00edvio e o almo\u00e7o, dado o devido descanso, os trabalhos recome\u00e7aram. Era o momento de elaborar juntos o documento final, que seria apresentado, conforme as expectativas do Frei Estev\u00e3o, ao Cap\u00edtulo Provincial, que se reunir\u00e1 no fim deste ano. Ap\u00f3s discuss\u00f5es e chegando-se a um consenso, por fim, obtivemos o texto definitivo da IX Assembleia dos Frades Estudantes.<\/p>\n<p>No meio da tarde, Frei Nilton Decker presidiu a missa, auxiliado pelo di\u00e1cono Frei Rodrigo da Silva. E encerrando a reuni\u00e3o, \u00e0 noite, os frades reuniram-se para uma festa caipira, com m\u00fasica e quitutes t\u00edpicos.<\/p>\n<p>No domingo, 29, na Missa da manh\u00e3, Frei Jo\u00e3o Mannes recebe a renova\u00e7\u00e3o dos votos de Frei Pedro R. M. Fernandes, da Prov\u00edncia de S\u00e3o Benedito, do Norte do Brasil, e estudando no Instituto Teol\u00f3gico de nossa Prov\u00edncia. Logo ap\u00f3s a celebra\u00e7\u00e3o, os frades estudantes de teologia seguem viagem para algumas par\u00f3quias de Santa Catarina, para uma semana mission\u00e1ria, quando ent\u00e3o retornam para Petr\u00f3polis. E os estudantes de filosofia&#8230;\u00a0 bem, voltamos \u00e0s aulas.<\/p>\n<p><strong>Frei Rafael Teixeira do Nascimento<\/strong><\/p>\n<h1>2\u00ba DIA<\/h1>\n<p><img loading=\"lazy\" class=\"alignright\" title=\"2823_270712\" src=\"http:\/\/franciscanos.org.br\/wp-content\/uploads\/2012\/07\/2823_270712.jpg\" alt=\"\" width=\"300\" height=\"225\" \/>A 9\u00aa Assembleia dos Frades Estudantes prossegue e, em seu segundo dia, iniciou com a ora\u00e7\u00e3o da Liturgia das Horas cantada solenemente pelos frades, que entoaram seus louvores e pediram por mais este dia de encontro fraterno e reflex\u00e3o sobre sua vida de consagrados franciscanos nos tempos atuais.<\/p>\n<p>Frei Est\u00eav\u00e3o Ottenbreit, Vig\u00e1rio Provincial, continuou sua palestra sobre a situa\u00e7\u00e3o da vida religiosa. Ele explicou que todo o panorama hist\u00f3rico sobre as tr\u00eas grandes fam\u00edlias religiosas do Ocidente e as caracter\u00edsticas mais fortes de cada uma elas permitiria uma reflex\u00e3o mais aprofundada sobre os caminhos para o futuro que desejamos para nossa Prov\u00edncia e para a Ordem como um todo.<\/p>\n<p>A partir de dados da Ordem, ele esclareceu que nos \u00faltimos 50 anos a Ordem decaiu \u00a0em n\u00fameros \u00a0de 27.000 para 13.500 frades, enquanto o n\u00famero de servi\u00e7os e par\u00f3quias que os frades assumiram no decorrer destes anos aumentou em cerca de 60%. Uma situa\u00e7\u00e3o que exige dos frades um estudo aprofundado sobre o que fazer para sermos os religiosos que prometemos um dia ser e oferecer ao mundo uma evangeliza\u00e7\u00e3o de qualidade, miss\u00e3o esta que ficou comprometida pelo decr\u00e9scimo do n\u00famero dos frades.<\/p>\n<p>Frei Est\u00eav\u00e3o esclareceu que n\u00e3o s\u00e3o os n\u00fameros que nos preocupam, mas a qualidade de vida religiosa que estamos nos propondo a viver. Um redimensionamento real e frutuoso s\u00f3 seria poss\u00edvel se, al\u00e9m de avaliarmos quais realidades n\u00f3s estamos que ainda oferecem um sinal evang\u00e9lico ao mundo, precisamos redimensionar o nosso pr\u00f3prio ser, nossa pr\u00f3pria postura de vida, e, tamb\u00e9m, muito importante, \u00a0qualificarmo-nos para os trabalhos que nos s\u00e3o propostos. Os frades estudantes foram provocados a sentar e pensar em como estas metas poderiam ser alcan\u00e7adas para este futuro pr\u00f3ximo, miss\u00e3o do pr\u00f3ximo dia da Assembleia.<\/p>\n<p>Ap\u00f3s o momento de partilha e palestra, os frades agradeceram a presen\u00e7a do Vig\u00e1rio Provincial por sua disponibilidade e presteza em assessorar nosso encontro. Os frades tiveram, no per\u00edodo da tarde a parte final da gincana, muito divertida e competitiva, seguida da pr\u00e1tica de esporte.<\/p>\n<p>\u00c0 noite, os frades estudantes puderam exibir seus dotes art\u00edsticos em apresenta\u00e7\u00f5es culturais de m\u00fasica, dan\u00e7a, piadas entre outras, que revelaram a veia humor\u00edstica e de alegria por estarem todos juntos. Melhor forma de encerrar o dia, de fato, n\u00e3o havia.<\/p>\n<p><strong>Fr. Rodrigo da Silva Santos<\/strong><\/p>\n<h1><strong>1\u00ba DIA<\/strong><\/h1>\n<p>Com o tema \u201cPara onde nos impele o Esp\u00edrito\u201d, os frades estudantes da Prov\u00edncia Franciscana da Imaculada Concei\u00e7\u00e3o do Brasil juntamente com mais dois confrades da Cust\u00f3dia de S. Benedito da Amaz\u00f4nia, est\u00e3o reunidos em Assembleia no Convento S. Boaventura em Rondinha \u2013 PR.<\/p>\n<p>Os confrades foram chegando das diversas casas da Prov\u00edncia j\u00e1 na noite da quarta-feira 25\/07, quando se reuniram em ora\u00e7\u00e3o na capela central da fraternidade, invocando as luzes do Esp\u00edrito Santo sobre o encontro que estava para se iniciar.<\/p>\n<p>Na manh\u00e3 desta quinta-feira 26\/06, a ora\u00e7\u00e3o das Laudes marcou o in\u00edcio da jornada. A liturgia das Horas bem celebrada por todos, com cantos acompanhados do \u00f3rg\u00e3o e v\u00e1rios momentos de sil\u00eancio e medita\u00e7\u00e3o, deu o tom da jornada. Ap\u00f3s o caf\u00e9 da manh\u00e3, todos os frades se dirigiram para o sal\u00e3o S\u00e3o Boaventura onde nos aguardava o assessor escolhido para a Assembleia, Frei Estev\u00e3o Ottenbreit.<\/p>\n<p>O tema para o primeiro dia de reuni\u00e3o foi \u201cA vida religiosa hoje \u00e0 luz do desafio dos novos are\u00f3pagos\u201d. Frei Estev\u00e3o prop\u00f4s uma reflex\u00e3o sobre o surgimento e evolu\u00e7\u00e3o da vida consagrada, come\u00e7ando pelo paradigma de toda vida religiosa que \u00e9 a primeira comunidade Crist\u00e3 conforme o relato dos Atos dos Ap\u00f3stolos, passando pelos Padres e Madres do deserto, a vida mon\u00e1stica oriental e tamb\u00e9m seu desenvolvimento no ocidente. Por fim, um quadro contendo as caracter\u00edsticas das v\u00e1rias manifesta\u00e7\u00f5es da vida religiosa at\u00e9 os dias de hoje estava montado e a partir da\u00ed, come\u00e7ou-se a refletir a nossa pr\u00f3pria identidade franciscana.<\/p>\n<p>\u00c9 preciso saber de onde viemos para que, tendo bem clara nossa identidade possamos saber para onde ir. Dando testemunho radical de vida evang\u00e9lica no meio do povo, numa postura itinerante, dialogante e mission\u00e1ria sem descuidar da dimens\u00e3o m\u00edstica como heran\u00e7a particular de nosso Ser\u00e1fico pai S\u00e3o Francisco.<\/p>\n<p>A parte da manh\u00e3 terminou com a entrega de um texto do Frei Gi\u00e1como Bini para leitura pessoal, de modo que nos preparemos para continuar a reflex\u00e3o no pr\u00f3ximo dia.<\/p>\n<p>Ap\u00f3s um animado conv\u00edvio e almo\u00e7o, os confrades se reuniram logo mais \u00e0 tarde para uma gincana que envolveu todos os participantes da assembleia que gra\u00e7as \u00e0 criatividade dos que prepararam e a disposi\u00e7\u00e3o dos frades tornou-se um momento especial de alegria e confraterniza\u00e7\u00e3o.<\/p>\n<p>A jornada se encerrou com a celebra\u00e7\u00e3o da Santa Missa, muito bem preparada pela equipe lit\u00fargica, quando Fr. Estev\u00e3o concluiu as reflex\u00f5es do dia, tendo como texto-base o recente discurso do Ministro Geral aos frades jovens da Ordem que se reuniram no M\u00e9xico neste ano.<\/p>\n<p>O clima que se respira \u00e9 de fraternidade, comprometimento e esperan\u00e7a. Em comunh\u00e3o com a Ordem e a Prov\u00edncia, os frades estudantes procuram fazer desta assembleia um momento de profunda reflex\u00e3o que possa motivar a caminhada na forma\u00e7\u00e3o como tamb\u00e9m contribuir com a Prov\u00edncia neste grande desafio que \u00e9 o redimensionamento que se nos apresenta.<\/p>\n<p>Pelo departamento,<br \/>\n<strong>Frei Jean Ajluni<\/strong><\/p>\n","protected":false},"excerpt":{"rendered":"<p>Forma\u00e7\u00e3o e estudos<\/p>\n","protected":false},"author":1,"featured_media":212976,"comment_status":"closed","ping_status":"closed","sticky":false,"template":"","format":"standard","meta":[],"categories":[1],"tags":[325],"acf":[],"yoast_head":"<!-- This site is optimized with the Yoast SEO plugin v19.2 - https:\/\/yoast.com\/wordpress\/plugins\/seo\/ -->\n<title>Frades Estudantes se re\u00fanem para realizar sua IX Assembleia - Not\u00edcias - Franciscanos<\/title>\n<meta name=\"robots\" content=\"index, follow, max-snippet:-1, max-image-preview:large, max-video-preview:-1\" \/>\n<link rel=\"canonical\" href=\"https:\/\/franciscanos.org.br\/noticias\/frades-estudantes-se-reunem-para-realizar-sua-ix-assembleia.html\" \/>\n<meta property=\"og:locale\" content=\"pt_BR\" \/>\n<meta property=\"og:type\" content=\"article\" \/>\n<meta property=\"og:title\" content=\"Frades Estudantes se re\u00fanem para realizar sua IX Assembleia - Not\u00edcias - Franciscanos\" \/>\n<meta property=\"og:description\" content=\"Forma\u00e7\u00e3o e estudos\" \/>\n<meta property=\"og:url\" content=\"https:\/\/franciscanos.org.br\/noticias\/frades-estudantes-se-reunem-para-realizar-sua-ix-assembleia.html\" \/>\n<meta property=\"og:site_name\" content=\"Not\u00edcias - Franciscanos\" \/>\n<meta property=\"article:published_time\" content=\"2012-07-27T10:53:49+00:00\" \/>\n<meta property=\"article:modified_time\" content=\"2019-10-30T14:08:40+00:00\" \/>\n<meta property=\"og:image\" content=\"https:\/\/franciscanos.org.br\/noticias\/wp-content\/uploads\/2012\/07\/2824_270712-1.jpg\" \/>\n\t<meta property=\"og:image:width\" content=\"273\" \/>\n\t<meta property=\"og:image:height\" content=\"181\" \/>\n\t<meta property=\"og:image:type\" content=\"image\/jpeg\" \/>\n<meta name=\"author\" content=\"admin\" \/>\n<meta name=\"twitter:card\" content=\"summary_large_image\" \/>\n<meta name=\"twitter:label1\" content=\"Escrito por\" \/>\n\t<meta name=\"twitter:data1\" content=\"admin\" \/>\n\t<meta name=\"twitter:label2\" content=\"Est. tempo de leitura\" \/>\n\t<meta name=\"twitter:data2\" content=\"7 minutos\" \/>\n<script type=\"application\/ld+json\" class=\"yoast-schema-graph\">{\"@context\":\"https:\/\/schema.org\",\"@graph\":[{\"@type\":\"WebSite\",\"@id\":\"https:\/\/franciscanos.org.br\/noticias\/#website\",\"url\":\"https:\/\/franciscanos.org.br\/noticias\/\",\"name\":\"Not\u00edcias - Franciscanos\",\"description\":\"Prov\u00edncia Franciscana da Imaculada Concei\u00e7\u00e3o do Brasil - Ordem dos Frades Menores - OFM\",\"potentialAction\":[{\"@type\":\"SearchAction\",\"target\":{\"@type\":\"EntryPoint\",\"urlTemplate\":\"https:\/\/franciscanos.org.br\/noticias\/?s={search_term_string}\"},\"query-input\":\"required name=search_term_string\"}],\"inLanguage\":\"pt-BR\"},{\"@type\":\"ImageObject\",\"inLanguage\":\"pt-BR\",\"@id\":\"https:\/\/franciscanos.org.br\/noticias\/frades-estudantes-se-reunem-para-realizar-sua-ix-assembleia.html#primaryimage\",\"url\":\"https:\/\/franciscanos.org.br\/noticias\/wp-content\/uploads\/2012\/07\/2824_270712-1.jpg\",\"contentUrl\":\"https:\/\/franciscanos.org.br\/noticias\/wp-content\/uploads\/2012\/07\/2824_270712-1.jpg\",\"width\":273,\"height\":181},{\"@type\":\"WebPage\",\"@id\":\"https:\/\/franciscanos.org.br\/noticias\/frades-estudantes-se-reunem-para-realizar-sua-ix-assembleia.html#webpage\",\"url\":\"https:\/\/franciscanos.org.br\/noticias\/frades-estudantes-se-reunem-para-realizar-sua-ix-assembleia.html\",\"name\":\"Frades Estudantes se re\u00fanem para realizar sua IX Assembleia - Not\u00edcias - Franciscanos\",\"isPartOf\":{\"@id\":\"https:\/\/franciscanos.org.br\/noticias\/#website\"},\"primaryImageOfPage\":{\"@id\":\"https:\/\/franciscanos.org.br\/noticias\/frades-estudantes-se-reunem-para-realizar-sua-ix-assembleia.html#primaryimage\"},\"datePublished\":\"2012-07-27T10:53:49+00:00\",\"dateModified\":\"2019-10-30T14:08:40+00:00\",\"author\":{\"@id\":\"https:\/\/franciscanos.org.br\/noticias\/#\/schema\/person\/b38fbf43118f02820bd932f2e4b14ad3\"},\"breadcrumb\":{\"@id\":\"https:\/\/franciscanos.org.br\/noticias\/frades-estudantes-se-reunem-para-realizar-sua-ix-assembleia.html#breadcrumb\"},\"inLanguage\":\"pt-BR\",\"potentialAction\":[{\"@type\":\"ReadAction\",\"target\":[\"https:\/\/franciscanos.org.br\/noticias\/frades-estudantes-se-reunem-para-realizar-sua-ix-assembleia.html\"]}]},{\"@type\":\"BreadcrumbList\",\"@id\":\"https:\/\/franciscanos.org.br\/noticias\/frades-estudantes-se-reunem-para-realizar-sua-ix-assembleia.html#breadcrumb\",\"itemListElement\":[{\"@type\":\"ListItem\",\"position\":1,\"name\":\"Home\",\"item\":\"https:\/\/franciscanos.org.br\/noticias\"},{\"@type\":\"ListItem\",\"position\":2,\"name\":\"Frades Estudantes se re\u00fanem para realizar sua IX Assembleia\"}]},{\"@type\":\"Person\",\"@id\":\"https:\/\/franciscanos.org.br\/noticias\/#\/schema\/person\/b38fbf43118f02820bd932f2e4b14ad3\",\"name\":\"admin\",\"image\":{\"@type\":\"ImageObject\",\"inLanguage\":\"pt-BR\",\"@id\":\"https:\/\/franciscanos.org.br\/noticias\/#\/schema\/person\/image\/\",\"url\":\"https:\/\/secure.gravatar.com\/avatar\/e8495742d34d0ba6448ea1c628263b3e?s=96&d=mm&r=g\",\"contentUrl\":\"https:\/\/secure.gravatar.com\/avatar\/e8495742d34d0ba6448ea1c628263b3e?s=96&d=mm&r=g\",\"caption\":\"admin\"},\"url\":\"https:\/\/franciscanos.org.br\/noticias\/author\/admin\"}]}<\/script>\n<!-- \/ Yoast SEO plugin. -->","yoast_head_json":{"title":"Frades Estudantes se re\u00fanem para realizar sua IX Assembleia - Not\u00edcias - Franciscanos","robots":{"index":"index","follow":"follow","max-snippet":"max-snippet:-1","max-image-preview":"max-image-preview:large","max-video-preview":"max-video-preview:-1"},"canonical":"https:\/\/franciscanos.org.br\/noticias\/frades-estudantes-se-reunem-para-realizar-sua-ix-assembleia.html","og_locale":"pt_BR","og_type":"article","og_title":"Frades Estudantes se re\u00fanem para realizar sua IX Assembleia - Not\u00edcias - Franciscanos","og_description":"Forma\u00e7\u00e3o e estudos","og_url":"https:\/\/franciscanos.org.br\/noticias\/frades-estudantes-se-reunem-para-realizar-sua-ix-assembleia.html","og_site_name":"Not\u00edcias - Franciscanos","article_published_time":"2012-07-27T10:53:49+00:00","article_modified_time":"2019-10-30T14:08:40+00:00","og_image":[{"width":273,"height":181,"url":"https:\/\/franciscanos.org.br\/noticias\/wp-content\/uploads\/2012\/07\/2824_270712-1.jpg","type":"image\/jpeg"}],"author":"admin","twitter_card":"summary_large_image","twitter_misc":{"Escrito por":"admin","Est. tempo de leitura":"7 minutos"},"schema":{"@context":"https:\/\/schema.org","@graph":[{"@type":"WebSite","@id":"https:\/\/franciscanos.org.br\/noticias\/#website","url":"https:\/\/franciscanos.org.br\/noticias\/","name":"Not\u00edcias - Franciscanos","description":"Prov\u00edncia Franciscana da Imaculada Concei\u00e7\u00e3o do Brasil - Ordem dos Frades Menores - OFM","potentialAction":[{"@type":"SearchAction","target":{"@type":"EntryPoint","urlTemplate":"https:\/\/franciscanos.org.br\/noticias\/?s={search_term_string}"},"query-input":"required name=search_term_string"}],"inLanguage":"pt-BR"},{"@type":"ImageObject","inLanguage":"pt-BR","@id":"https:\/\/franciscanos.org.br\/noticias\/frades-estudantes-se-reunem-para-realizar-sua-ix-assembleia.html#primaryimage","url":"https:\/\/franciscanos.org.br\/noticias\/wp-content\/uploads\/2012\/07\/2824_270712-1.jpg","contentUrl":"https:\/\/franciscanos.org.br\/noticias\/wp-content\/uploads\/2012\/07\/2824_270712-1.jpg","width":273,"height":181},{"@type":"WebPage","@id":"https:\/\/franciscanos.org.br\/noticias\/frades-estudantes-se-reunem-para-realizar-sua-ix-assembleia.html#webpage","url":"https:\/\/franciscanos.org.br\/noticias\/frades-estudantes-se-reunem-para-realizar-sua-ix-assembleia.html","name":"Frades Estudantes se re\u00fanem para realizar sua IX Assembleia - Not\u00edcias - Franciscanos","isPartOf":{"@id":"https:\/\/franciscanos.org.br\/noticias\/#website"},"primaryImageOfPage":{"@id":"https:\/\/franciscanos.org.br\/noticias\/frades-estudantes-se-reunem-para-realizar-sua-ix-assembleia.html#primaryimage"},"datePublished":"2012-07-27T10:53:49+00:00","dateModified":"2019-10-30T14:08:40+00:00","author":{"@id":"https:\/\/franciscanos.org.br\/noticias\/#\/schema\/person\/b38fbf43118f02820bd932f2e4b14ad3"},"breadcrumb":{"@id":"https:\/\/franciscanos.org.br\/noticias\/frades-estudantes-se-reunem-para-realizar-sua-ix-assembleia.html#breadcrumb"},"inLanguage":"pt-BR","potentialAction":[{"@type":"ReadAction","target":["https:\/\/franciscanos.org.br\/noticias\/frades-estudantes-se-reunem-para-realizar-sua-ix-assembleia.html"]}]},{"@type":"BreadcrumbList","@id":"https:\/\/franciscanos.org.br\/noticias\/frades-estudantes-se-reunem-para-realizar-sua-ix-assembleia.html#breadcrumb","itemListElement":[{"@type":"ListItem","position":1,"name":"Home","item":"https:\/\/franciscanos.org.br\/noticias"},{"@type":"ListItem","position":2,"name":"Frades Estudantes se re\u00fanem para realizar sua IX Assembleia"}]},{"@type":"Person","@id":"https:\/\/franciscanos.org.br\/noticias\/#\/schema\/person\/b38fbf43118f02820bd932f2e4b14ad3","name":"admin","image":{"@type":"ImageObject","inLanguage":"pt-BR","@id":"https:\/\/franciscanos.org.br\/noticias\/#\/schema\/person\/image\/","url":"https:\/\/secure.gravatar.com\/avatar\/e8495742d34d0ba6448ea1c628263b3e?s=96&d=mm&r=g","contentUrl":"https:\/\/secure.gravatar.com\/avatar\/e8495742d34d0ba6448ea1c628263b3e?s=96&d=mm&r=g","caption":"admin"},"url":"https:\/\/franciscanos.org.br\/noticias\/author\/admin"}]}},"_links":{"self":[{"href":"https:\/\/franciscanos.org.br\/noticias\/wp-json\/wp\/v2\/posts\/20821"}],"collection":[{"href":"https:\/\/franciscanos.org.br\/noticias\/wp-json\/wp\/v2\/posts"}],"about":[{"href":"https:\/\/franciscanos.org.br\/noticias\/wp-json\/wp\/v2\/types\/post"}],"author":[{"embeddable":true,"href":"https:\/\/franciscanos.org.br\/noticias\/wp-json\/wp\/v2\/users\/1"}],"replies":[{"embeddable":true,"href":"https:\/\/franciscanos.org.br\/noticias\/wp-json\/wp\/v2\/comments?post=20821"}],"version-history":[{"count":0,"href":"https:\/\/franciscanos.org.br\/noticias\/wp-json\/wp\/v2\/posts\/20821\/revisions"}],"wp:featuredmedia":[{"embeddable":true,"href":"https:\/\/franciscanos.org.br\/noticias\/wp-json\/wp\/v2\/media\/212976"}],"wp:attachment":[{"href":"https:\/\/franciscanos.org.br\/noticias\/wp-json\/wp\/v2\/media?parent=20821"}],"wp:term":[{"taxonomy":"category","embeddable":true,"href":"https:\/\/franciscanos.org.br\/noticias\/wp-json\/wp\/v2\/categories?post=20821"},{"taxonomy":"post_tag","embeddable":true,"href":"https:\/\/franciscanos.org.br\/noticias\/wp-json\/wp\/v2\/tags?post=20821"}],"curies":[{"name":"wp","href":"https:\/\/api.w.org\/{rel}","templated":true}]}}