{"id":207917,"date":"2019-07-18T20:39:10","date_gmt":"2019-07-18T23:39:10","guid":{"rendered":"https:\/\/franciscanos.org.br\/noticias\/?p=207917"},"modified":"2019-07-18T20:39:10","modified_gmt":"2019-07-18T23:39:10","slug":"pe-renato-e-d-beth-a-esperanca-na-desesperanca","status":"publish","type":"post","link":"https:\/\/franciscanos.org.br\/noticias\/pe-renato-e-d-beth-a-esperanca-na-desesperanca.html","title":{"rendered":"Pe. Renato e D. Beth: a esperan\u00e7a na desesperan\u00e7a"},"content":{"rendered":"<p><img loading=\"lazy\" class=\"alignnone size-full wp-image-207918\" src=\"https:\/\/franciscanos.org.br\/noticias\/wp-content\/uploads\/2019\/07\/perenato_1807.jpg\" alt=\"\" width=\"890\" height=\"744\" srcset=\"https:\/\/franciscanos.org.br\/noticias\/wp-content\/uploads\/2019\/07\/perenato_1807.jpg 890w, https:\/\/franciscanos.org.br\/noticias\/wp-content\/uploads\/2019\/07\/perenato_1807-450x376.jpg 450w, https:\/\/franciscanos.org.br\/noticias\/wp-content\/uploads\/2019\/07\/perenato_1807-768x642.jpg 768w, https:\/\/franciscanos.org.br\/noticias\/wp-content\/uploads\/2019\/07\/perenato_1807-150x125.jpg 150w\" sizes=\"(max-width: 890px) 100vw, 890px\" \/><\/p>\n<p><strong>Rio de Janeiro (RJ)<\/strong> &#8211; O segundo dia das Miss\u00f5es Franciscanas da Juventude, nesta quinta-feira, 18 de julho, foi dedicado \u00e0 forma\u00e7\u00e3o dos 600 jovens que est\u00e3o presentes no Rio de Janeiro.\u00a0 Dois testemunhos de vida prenderam a aten\u00e7\u00e3o dos jovens. Primeiro D. Beth, que era uma moradora de rua, tornou-se a fundadora do Lar Dona Beth para acolher pessoas em vulnerabilidade social; depois, Pe. Renato Chiera veio como mission\u00e1rio da It\u00e1lia para a Diocese de Nova Igua\u00e7u, mas logo se deparou com realidade de viol\u00eancia na Baixada: &#8220;N\u00e3o vim da It\u00e1lia para ser coveiro&#8221;. Essa inquieta\u00e7\u00e3o o levou a fundar a Casa do Menor, um lar que j\u00e1 acolheu milhares de crian\u00e7as e adolescentes. Testemunhos de vida e de esperan\u00e7a.<\/p>\n<p><img loading=\"lazy\" class=\"alignnone wp-image-207919 size-full\" src=\"https:\/\/franciscanos.org.br\/noticias\/wp-content\/uploads\/2019\/07\/beth_1807.jpg\" alt=\"\" width=\"890\" height=\"590\" srcset=\"https:\/\/franciscanos.org.br\/noticias\/wp-content\/uploads\/2019\/07\/beth_1807.jpg 890w, https:\/\/franciscanos.org.br\/noticias\/wp-content\/uploads\/2019\/07\/beth_1807-450x298.jpg 450w, https:\/\/franciscanos.org.br\/noticias\/wp-content\/uploads\/2019\/07\/beth_1807-768x509.jpg 768w, https:\/\/franciscanos.org.br\/noticias\/wp-content\/uploads\/2019\/07\/beth_1807-150x99.jpg 150w\" sizes=\"(max-width: 890px) 100vw, 890px\" \/><\/p>\n<p><strong>O TESTEMUNHO DE D. BETH<\/strong><\/p>\n<p>A alegria e simplicidade de D. Beth conquistaram os jovens e serviu como grande aprendizado para suas vidas. Ela tem uma hist\u00f3ria de supera\u00e7\u00e3o na vida. Dona Beth j\u00e1 foi moradora de rua e quando estava nessa situa\u00e7\u00e3o \u201cprometeu a Deus que se ela melhorasse as condi\u00e7\u00f5es de vida ajudaria a toda e qualquer pessoa que precisasse\u201d. Quando estava casada, um dia saiu cedo para comprar a\u00e7\u00facar, pois naquela \u00e9poca andava em falta, e viu uma mulher jogando seu filho no mar. Ela impediu que essa m\u00e3e o matasse, criou este menino e fundou o Lar Dona Beth. Os filhos de Dona Beth, de diferentes idades e tamanhos que circulam pela casa, s\u00e3o a prova de que ela cumpriu com rigor a promessa feita anos atr\u00e1s. Dona Beth conta que j\u00e1 teve dois infartos e um AVC e continua firme e forte. Como a maioria das institui\u00e7\u00f5es, ela passa dificuldades para manter o seu projeto na Rua Padre Pedro Martinotti, n\u00ba 2, Largo da Batalha, Pendotiba (Facebook.com\/lar de Beth).<\/p>\n<p><strong>A CASA DO MENOR<\/strong><\/p>\n<p>Em 1978, Padre Renato Chiera deixou a It\u00e1lia para ser mission\u00e1rio na Baixada Fluminense, na circunscri\u00e7\u00e3o da Diocese de Nova Igua\u00e7u. Aos 76 anos de vida, 52 anos de sacerd\u00f3cio e 42 anos de Baixada Fluminense, ele \u00e9 o fundador da Casa do Menor, uma institui\u00e7\u00e3o que j\u00e1 atendeu milhares de crian\u00e7as e adolescentes em Miguel Couto.<\/p>\n<div id=\"attachment_207920\" style=\"width: 900px\" class=\"wp-caption alignnone\"><img aria-describedby=\"caption-attachment-207920\" loading=\"lazy\" class=\"wp-image-207920 size-full\" src=\"https:\/\/franciscanos.org.br\/noticias\/wp-content\/uploads\/2019\/07\/perenato_1807_1.jpg\" alt=\"\" width=\"890\" height=\"607\" srcset=\"https:\/\/franciscanos.org.br\/noticias\/wp-content\/uploads\/2019\/07\/perenato_1807_1.jpg 890w, https:\/\/franciscanos.org.br\/noticias\/wp-content\/uploads\/2019\/07\/perenato_1807_1-450x307.jpg 450w, https:\/\/franciscanos.org.br\/noticias\/wp-content\/uploads\/2019\/07\/perenato_1807_1-768x524.jpg 768w, https:\/\/franciscanos.org.br\/noticias\/wp-content\/uploads\/2019\/07\/perenato_1807_1-150x102.jpg 150w\" sizes=\"(max-width: 890px) 100vw, 890px\" \/><p id=\"caption-attachment-207920\" class=\"wp-caption-text\"><em>\u00c9merson \u00e0 esquerda, o Pe Renato no centro e Radul \u00e0 direita. <\/em><\/p><\/div>\n<p>Surpreso, pois segundo ele esperava encontrar um &#8220;grupinho de jovens&#8221;, Pe. Renato confessou que estava assustado por falar para tantos jovens e nem tinha preparado nada. Seu testemunho, contudo, foi um grande aprendizado nesta manh\u00e3. &#8220;Estou contente por ver jovens apaixonados por Deus e atra\u00eddos por Francisco de Assis. Ele foi um jovem que se despiu de tudo aquilo que n\u00e3o era dele. Ele cantava a alegria, a liberdade, a felicidade. Para alguns, era chamado de louco. &#8220;Eu queria fazer essa loucura como Francisco, mas tinha medo. At\u00e9 que um dia sofri um acidente e cheguei \u00e0 conclus\u00e3o de que Deus poderia fazer o que quisesse com a minha vida, pois era dele. E Deus me trouxe para o Brasil&#8221;, contou.<\/p>\n<p>&#8220;A Baixada \u00e9 o lugar mais bendito do mundo, porque l\u00e1 Jesus est\u00e1 crucificado e grita abandono e precisa de amor&#8221;, falou aos jovens.\u00a0 Segundo o padre, Deus entrou na sua vida atrav\u00e9s dos mais sofridos. &#8220;A Baixada Fluminense \u00e9 um santu\u00e1rio com o Cristo Crucificado. Eu cheguei ali e logo me encontrei com a realidade sofrida. Me atra\u00eda as periferias. Naquele tempo n\u00e3o se falava em &#8216;Igreja em sa\u00edda&#8217;, mas eu sentia isso no cora\u00e7\u00e3o. Eu nasci pobre, de uma fam\u00edlia que tirava o sustento da ro\u00e7a. Embora pobre, meu pai partilhava o que tinha com os mais pobres&#8221;, recordou, completando: Eu me tornei padre para ajudar os outros.<\/p>\n<p>Para ele, \u00e9 uma trag\u00e9dia o que acontece com os jovens hoje, mas esse problema come\u00e7ou l\u00e1 atr\u00e1s. &#8220;Cheguei em 78. Na minha casa chegou um garoto negro, sem um olho, que roubava aqui e l\u00e1 e usava maconha. Se sentia como um c\u00e3o vira-lata. Um dia ele entrou na minha casa e pegou o meu r\u00e1dio. Mas depois restituiu-o. Uma noite estava entrando na minha garagem, vi um jovem. Era o \u2018Pirata\u2019. Havia levado um tiro no pesco\u00e7o e sangrava muito. Ele dizia: &#8216;Pe. quero ficar aqui. Aqui sou amado&#8217;. Ficou e se tornou um trabalhador. At\u00e9 que um dia sua vida foi ceifada com um tiro na cabe\u00e7a pelo Esquadr\u00e3o da Morte&#8221;, recordou relatando sua tristeza. &#8220;A minha dor n\u00e3o p\u00f4de salv\u00e1-lo. A\u00ed perguntei: &#8216;O que eu vim fazer no Brasil? Ser padre coveiro? Porque no primeiro dia que cheguei encontrei tr\u00eas mortos. Nunca tinha visto uma pessoa assassinada&#8221;, disse.<\/p>\n<p>&#8220;Troquei de par\u00f3quia e fui para Miguel Couto. Periferia da periferia. L\u00e1, uma noite, veio um garoto de 17 anos. Ele estava muito agitado. &#8220;Padre, na tua par\u00f3quia j\u00e1 mataram 36 pessoas. Tem uma lista de marcados para morrer. O sr. est\u00e1 vendo este primeiro nome? \u00c9 o meu. O sr. n\u00e3o vai fazer nada? N\u00f3 estamos errados, sim. N\u00f3s roubamos, nos cheiramos, n\u00e3o prestamos. Mas voc\u00eas resolvem tudo nos matando. Ningu\u00e9m quer saber por que n\u00f3s somos assim? Voc\u00eas nos matam e n\u00e3o fazem nada. Esse ningu\u00e9m faz nada entrou no meu cora\u00e7\u00e3o&#8221;, confessou.<\/p>\n<p><img loading=\"lazy\" class=\"alignnone size-full wp-image-207922\" src=\"https:\/\/franciscanos.org.br\/noticias\/wp-content\/uploads\/2019\/07\/menor.png\" alt=\"\" width=\"890\" height=\"639\" srcset=\"https:\/\/franciscanos.org.br\/noticias\/wp-content\/uploads\/2019\/07\/menor.png 890w, https:\/\/franciscanos.org.br\/noticias\/wp-content\/uploads\/2019\/07\/menor-450x323.png 450w, https:\/\/franciscanos.org.br\/noticias\/wp-content\/uploads\/2019\/07\/menor-768x551.png 768w, https:\/\/franciscanos.org.br\/noticias\/wp-content\/uploads\/2019\/07\/menor-150x108.png 150w\" sizes=\"(max-width: 890px) 100vw, 890px\" \/><\/p>\n<p>Segundo Pe. Renato, \u00e0 noite n\u00e3o conseguiu dormir. Via o rosto desse garoto se misturando com o rosto de Jesus. &#8220;A frase &#8216;Pe. voc\u00ea prega o amor e n\u00e3o faz nada?&#8217; n\u00e3o sa\u00eda da minha cabe\u00e7a&#8221;, disse, revelando: Eu percebi que aquele garoto era Jesus!<\/p>\n<p>Segundo o Pe. Renato, esses jovens precisam de amor, acolhimento. &#8220;Os meninos pulavam o muro e dormiam na minha garagem. Dormiam em posi\u00e7\u00e3o fetal. Depois descobri que queriam voltar ao calor do ventre da m\u00e3e. Inconscientemente \u00e0 noite, voltavam para o seio da m\u00e3e. A\u00ed entendi que precisavam de um \u00fatero de m\u00e3e, de um \u00fatero de pai, de um \u00fatero de comunidade&#8221;, ressaltou, contando que a ajuda veio de uma garotinha do grupo de crisma no seu projeto de ajudar os adolescentes.<\/p>\n<p>A Casa do Menor, fundada em 12 de outubro de 1986, tem como objetivo reescrever as suas hist\u00f3rias com novos valores humanos inspirados ao Evangelho. Para ele, contudo, n\u00e3o \u00e9 preciso muita prega\u00e7\u00e3o. Basta a Pedagogia da Presen\u00e7a, tema de um de seus livros. Hoje, a sua entidade, est\u00e1 presente, com programas de acolhimento, integra\u00e7\u00e3o e desenvolvimento comunit\u00e1rio, nos estados do Rio de Janeiro ( Miguel Couto, Tingu\u00e1, Guaratiba, Rosa dos Ventos, Vila Claudia, Shangri-l\u00e1),\u00a0 Alagoas ( Santana de Ipanema) e Cear\u00e1 (Fortaleza, Pacatuba).<\/p>\n<p>Pe. Renato trouxe dois jovens que se reintegraram e hoje s\u00e3o orgulho da entidade: \u00c9merson era traficante e hoje \u00e9 mission\u00e1rio; \u00d3rf\u00e3o, o mo\u00e7ambicano Radul se tornou professor de Filosofia.<\/p>\n<p><em>Contato: https:\/\/casadomenor.org<\/em><\/p>\n<p><strong>Equipe de Comunica\u00e7\u00e3o das Miss\u00f5es<\/strong><\/p>\n<p>&nbsp;<\/p>\n","protected":false},"excerpt":{"rendered":"<p>Miss\u00f5es Franciscanas da Juventude<\/p>\n","protected":false},"author":3,"featured_media":207923,"comment_status":"open","ping_status":"open","sticky":false,"template":"","format":"standard","meta":[],"categories":[1],"tags":[1206],"acf":[],"yoast_head":"<!-- This site is optimized with the Yoast SEO plugin v19.2 - https:\/\/yoast.com\/wordpress\/plugins\/seo\/ -->\n<title>Pe. Renato e D. Beth: a esperan\u00e7a na desesperan\u00e7a - Not\u00edcias - Franciscanos<\/title>\n<meta name=\"robots\" content=\"index, follow, max-snippet:-1, max-image-preview:large, max-video-preview:-1\" \/>\n<link rel=\"canonical\" href=\"https:\/\/franciscanos.org.br\/noticias\/pe-renato-e-d-beth-a-esperanca-na-desesperanca.html\" \/>\n<meta property=\"og:locale\" content=\"pt_BR\" \/>\n<meta property=\"og:type\" content=\"article\" \/>\n<meta property=\"og:title\" content=\"Pe. Renato e D. Beth: a esperan\u00e7a na desesperan\u00e7a - Not\u00edcias - Franciscanos\" \/>\n<meta property=\"og:description\" content=\"Miss\u00f5es Franciscanas da Juventude\" \/>\n<meta property=\"og:url\" content=\"https:\/\/franciscanos.org.br\/noticias\/pe-renato-e-d-beth-a-esperanca-na-desesperanca.html\" \/>\n<meta property=\"og:site_name\" content=\"Not\u00edcias - Franciscanos\" \/>\n<meta property=\"article:published_time\" content=\"2019-07-18T23:39:10+00:00\" \/>\n<meta property=\"og:image\" content=\"https:\/\/franciscanos.org.br\/noticias\/wp-content\/uploads\/2019\/07\/perenato_1807d.jpg\" \/>\n\t<meta property=\"og:image:width\" content=\"273\" \/>\n\t<meta property=\"og:image:height\" content=\"181\" \/>\n\t<meta property=\"og:image:type\" content=\"image\/jpeg\" \/>\n<meta name=\"author\" content=\"moacir\" \/>\n<meta name=\"twitter:card\" content=\"summary_large_image\" \/>\n<meta name=\"twitter:label1\" content=\"Escrito por\" \/>\n\t<meta name=\"twitter:data1\" content=\"moacir\" \/>\n\t<meta name=\"twitter:label2\" content=\"Est. tempo de leitura\" \/>\n\t<meta name=\"twitter:data2\" content=\"6 minutos\" \/>\n<script type=\"application\/ld+json\" class=\"yoast-schema-graph\">{\"@context\":\"https:\/\/schema.org\",\"@graph\":[{\"@type\":\"WebSite\",\"@id\":\"https:\/\/franciscanos.org.br\/noticias\/#website\",\"url\":\"https:\/\/franciscanos.org.br\/noticias\/\",\"name\":\"Not\u00edcias - Franciscanos\",\"description\":\"Prov\u00edncia Franciscana da Imaculada Concei\u00e7\u00e3o do Brasil - Ordem dos Frades Menores - OFM\",\"potentialAction\":[{\"@type\":\"SearchAction\",\"target\":{\"@type\":\"EntryPoint\",\"urlTemplate\":\"https:\/\/franciscanos.org.br\/noticias\/?s={search_term_string}\"},\"query-input\":\"required name=search_term_string\"}],\"inLanguage\":\"pt-BR\"},{\"@type\":\"ImageObject\",\"inLanguage\":\"pt-BR\",\"@id\":\"https:\/\/franciscanos.org.br\/noticias\/pe-renato-e-d-beth-a-esperanca-na-desesperanca.html#primaryimage\",\"url\":\"https:\/\/franciscanos.org.br\/noticias\/wp-content\/uploads\/2019\/07\/perenato_1807d.jpg\",\"contentUrl\":\"https:\/\/franciscanos.org.br\/noticias\/wp-content\/uploads\/2019\/07\/perenato_1807d.jpg\",\"width\":273,\"height\":181},{\"@type\":\"WebPage\",\"@id\":\"https:\/\/franciscanos.org.br\/noticias\/pe-renato-e-d-beth-a-esperanca-na-desesperanca.html#webpage\",\"url\":\"https:\/\/franciscanos.org.br\/noticias\/pe-renato-e-d-beth-a-esperanca-na-desesperanca.html\",\"name\":\"Pe. Renato e D. Beth: a esperan\u00e7a na desesperan\u00e7a - Not\u00edcias - Franciscanos\",\"isPartOf\":{\"@id\":\"https:\/\/franciscanos.org.br\/noticias\/#website\"},\"primaryImageOfPage\":{\"@id\":\"https:\/\/franciscanos.org.br\/noticias\/pe-renato-e-d-beth-a-esperanca-na-desesperanca.html#primaryimage\"},\"datePublished\":\"2019-07-18T23:39:10+00:00\",\"dateModified\":\"2019-07-18T23:39:10+00:00\",\"author\":{\"@id\":\"https:\/\/franciscanos.org.br\/noticias\/#\/schema\/person\/b5c8cba458c330ccff548b056e95a5d4\"},\"breadcrumb\":{\"@id\":\"https:\/\/franciscanos.org.br\/noticias\/pe-renato-e-d-beth-a-esperanca-na-desesperanca.html#breadcrumb\"},\"inLanguage\":\"pt-BR\",\"potentialAction\":[{\"@type\":\"ReadAction\",\"target\":[\"https:\/\/franciscanos.org.br\/noticias\/pe-renato-e-d-beth-a-esperanca-na-desesperanca.html\"]}]},{\"@type\":\"BreadcrumbList\",\"@id\":\"https:\/\/franciscanos.org.br\/noticias\/pe-renato-e-d-beth-a-esperanca-na-desesperanca.html#breadcrumb\",\"itemListElement\":[{\"@type\":\"ListItem\",\"position\":1,\"name\":\"Home\",\"item\":\"https:\/\/franciscanos.org.br\/noticias\"},{\"@type\":\"ListItem\",\"position\":2,\"name\":\"Pe. Renato e D. Beth: a esperan\u00e7a na desesperan\u00e7a\"}]},{\"@type\":\"Person\",\"@id\":\"https:\/\/franciscanos.org.br\/noticias\/#\/schema\/person\/b5c8cba458c330ccff548b056e95a5d4\",\"name\":\"moacir\",\"image\":{\"@type\":\"ImageObject\",\"inLanguage\":\"pt-BR\",\"@id\":\"https:\/\/franciscanos.org.br\/noticias\/#\/schema\/person\/image\/\",\"url\":\"https:\/\/secure.gravatar.com\/avatar\/d08aa2ce4c8dd416d4479aa8536fcf64?s=96&d=mm&r=g\",\"contentUrl\":\"https:\/\/secure.gravatar.com\/avatar\/d08aa2ce4c8dd416d4479aa8536fcf64?s=96&d=mm&r=g\",\"caption\":\"moacir\"},\"url\":\"https:\/\/franciscanos.org.br\/noticias\/author\/moacir\"}]}<\/script>\n<!-- \/ Yoast SEO plugin. -->","yoast_head_json":{"title":"Pe. Renato e D. Beth: a esperan\u00e7a na desesperan\u00e7a - Not\u00edcias - Franciscanos","robots":{"index":"index","follow":"follow","max-snippet":"max-snippet:-1","max-image-preview":"max-image-preview:large","max-video-preview":"max-video-preview:-1"},"canonical":"https:\/\/franciscanos.org.br\/noticias\/pe-renato-e-d-beth-a-esperanca-na-desesperanca.html","og_locale":"pt_BR","og_type":"article","og_title":"Pe. Renato e D. Beth: a esperan\u00e7a na desesperan\u00e7a - Not\u00edcias - Franciscanos","og_description":"Miss\u00f5es Franciscanas da Juventude","og_url":"https:\/\/franciscanos.org.br\/noticias\/pe-renato-e-d-beth-a-esperanca-na-desesperanca.html","og_site_name":"Not\u00edcias - Franciscanos","article_published_time":"2019-07-18T23:39:10+00:00","og_image":[{"width":273,"height":181,"url":"https:\/\/franciscanos.org.br\/noticias\/wp-content\/uploads\/2019\/07\/perenato_1807d.jpg","type":"image\/jpeg"}],"author":"moacir","twitter_card":"summary_large_image","twitter_misc":{"Escrito por":"moacir","Est. tempo de leitura":"6 minutos"},"schema":{"@context":"https:\/\/schema.org","@graph":[{"@type":"WebSite","@id":"https:\/\/franciscanos.org.br\/noticias\/#website","url":"https:\/\/franciscanos.org.br\/noticias\/","name":"Not\u00edcias - Franciscanos","description":"Prov\u00edncia Franciscana da Imaculada Concei\u00e7\u00e3o do Brasil - Ordem dos Frades Menores - OFM","potentialAction":[{"@type":"SearchAction","target":{"@type":"EntryPoint","urlTemplate":"https:\/\/franciscanos.org.br\/noticias\/?s={search_term_string}"},"query-input":"required name=search_term_string"}],"inLanguage":"pt-BR"},{"@type":"ImageObject","inLanguage":"pt-BR","@id":"https:\/\/franciscanos.org.br\/noticias\/pe-renato-e-d-beth-a-esperanca-na-desesperanca.html#primaryimage","url":"https:\/\/franciscanos.org.br\/noticias\/wp-content\/uploads\/2019\/07\/perenato_1807d.jpg","contentUrl":"https:\/\/franciscanos.org.br\/noticias\/wp-content\/uploads\/2019\/07\/perenato_1807d.jpg","width":273,"height":181},{"@type":"WebPage","@id":"https:\/\/franciscanos.org.br\/noticias\/pe-renato-e-d-beth-a-esperanca-na-desesperanca.html#webpage","url":"https:\/\/franciscanos.org.br\/noticias\/pe-renato-e-d-beth-a-esperanca-na-desesperanca.html","name":"Pe. Renato e D. Beth: a esperan\u00e7a na desesperan\u00e7a - Not\u00edcias - Franciscanos","isPartOf":{"@id":"https:\/\/franciscanos.org.br\/noticias\/#website"},"primaryImageOfPage":{"@id":"https:\/\/franciscanos.org.br\/noticias\/pe-renato-e-d-beth-a-esperanca-na-desesperanca.html#primaryimage"},"datePublished":"2019-07-18T23:39:10+00:00","dateModified":"2019-07-18T23:39:10+00:00","author":{"@id":"https:\/\/franciscanos.org.br\/noticias\/#\/schema\/person\/b5c8cba458c330ccff548b056e95a5d4"},"breadcrumb":{"@id":"https:\/\/franciscanos.org.br\/noticias\/pe-renato-e-d-beth-a-esperanca-na-desesperanca.html#breadcrumb"},"inLanguage":"pt-BR","potentialAction":[{"@type":"ReadAction","target":["https:\/\/franciscanos.org.br\/noticias\/pe-renato-e-d-beth-a-esperanca-na-desesperanca.html"]}]},{"@type":"BreadcrumbList","@id":"https:\/\/franciscanos.org.br\/noticias\/pe-renato-e-d-beth-a-esperanca-na-desesperanca.html#breadcrumb","itemListElement":[{"@type":"ListItem","position":1,"name":"Home","item":"https:\/\/franciscanos.org.br\/noticias"},{"@type":"ListItem","position":2,"name":"Pe. Renato e D. Beth: a esperan\u00e7a na desesperan\u00e7a"}]},{"@type":"Person","@id":"https:\/\/franciscanos.org.br\/noticias\/#\/schema\/person\/b5c8cba458c330ccff548b056e95a5d4","name":"moacir","image":{"@type":"ImageObject","inLanguage":"pt-BR","@id":"https:\/\/franciscanos.org.br\/noticias\/#\/schema\/person\/image\/","url":"https:\/\/secure.gravatar.com\/avatar\/d08aa2ce4c8dd416d4479aa8536fcf64?s=96&d=mm&r=g","contentUrl":"https:\/\/secure.gravatar.com\/avatar\/d08aa2ce4c8dd416d4479aa8536fcf64?s=96&d=mm&r=g","caption":"moacir"},"url":"https:\/\/franciscanos.org.br\/noticias\/author\/moacir"}]}},"_links":{"self":[{"href":"https:\/\/franciscanos.org.br\/noticias\/wp-json\/wp\/v2\/posts\/207917"}],"collection":[{"href":"https:\/\/franciscanos.org.br\/noticias\/wp-json\/wp\/v2\/posts"}],"about":[{"href":"https:\/\/franciscanos.org.br\/noticias\/wp-json\/wp\/v2\/types\/post"}],"author":[{"embeddable":true,"href":"https:\/\/franciscanos.org.br\/noticias\/wp-json\/wp\/v2\/users\/3"}],"replies":[{"embeddable":true,"href":"https:\/\/franciscanos.org.br\/noticias\/wp-json\/wp\/v2\/comments?post=207917"}],"version-history":[{"count":0,"href":"https:\/\/franciscanos.org.br\/noticias\/wp-json\/wp\/v2\/posts\/207917\/revisions"}],"wp:featuredmedia":[{"embeddable":true,"href":"https:\/\/franciscanos.org.br\/noticias\/wp-json\/wp\/v2\/media\/207923"}],"wp:attachment":[{"href":"https:\/\/franciscanos.org.br\/noticias\/wp-json\/wp\/v2\/media?parent=207917"}],"wp:term":[{"taxonomy":"category","embeddable":true,"href":"https:\/\/franciscanos.org.br\/noticias\/wp-json\/wp\/v2\/categories?post=207917"},{"taxonomy":"post_tag","embeddable":true,"href":"https:\/\/franciscanos.org.br\/noticias\/wp-json\/wp\/v2\/tags?post=207917"}],"curies":[{"name":"wp","href":"https:\/\/api.w.org\/{rel}","templated":true}]}}