{"id":207910,"date":"2019-07-18T20:05:23","date_gmt":"2019-07-18T23:05:23","guid":{"rendered":"https:\/\/franciscanos.org.br\/noticias\/?p=207910"},"modified":"2019-07-18T23:07:53","modified_gmt":"2019-07-19T02:07:53","slug":"a-despedida-de-irma-isabel","status":"publish","type":"post","link":"https:\/\/franciscanos.org.br\/noticias\/a-despedida-de-irma-isabel.html","title":{"rendered":"A despedida de Irm\u00e3 Isabel"},"content":{"rendered":"<p><img loading=\"lazy\" class=\"alignnone wp-image-207911 size-full\" src=\"https:\/\/franciscanos.org.br\/noticias\/wp-content\/uploads\/2019\/07\/isabel_1807_1.jpg\" alt=\"\" width=\"890\" height=\"700\" srcset=\"https:\/\/franciscanos.org.br\/noticias\/wp-content\/uploads\/2019\/07\/isabel_1807_1.jpg 890w, https:\/\/franciscanos.org.br\/noticias\/wp-content\/uploads\/2019\/07\/isabel_1807_1-450x354.jpg 450w, https:\/\/franciscanos.org.br\/noticias\/wp-content\/uploads\/2019\/07\/isabel_1807_1-768x604.jpg 768w, https:\/\/franciscanos.org.br\/noticias\/wp-content\/uploads\/2019\/07\/isabel_1807_1-150x118.jpg 150w\" sizes=\"(max-width: 890px) 100vw, 890px\" \/><\/p>\n<p><strong>Rio de Janeiro (RJ) &#8211;<\/strong> O dia de forma\u00e7\u00e3o nas Miss\u00f5es Franciscanas da Juventude come\u00e7ou com a palestra de Ir. Isabel Cristina, da Congrega\u00e7\u00e3o das Irm\u00e3s Franciscanas de Ingolstadt, sobre o tema &#8220;Profetas do di\u00e1logo e do respeito, ternura que acolhe a paz, com o vigor que supera a viol\u00eancia&#8221;. O momento mais importante, contudo, deste encontro com Irm\u00e3 Isabel, que vem acompanhando Frei Diego nos eventos vocacionais h\u00e1 mais de sete anos, foi o an\u00fancio de sua despedida do Brasil, j\u00e1 que ela vai ser mission\u00e1ria em Angola.<\/p>\n<p>Ir. Isabel lembrou que nesse ano as Miss\u00f5es tamb\u00e9m t\u00eam como inspira\u00e7\u00e3o a celebra\u00e7\u00e3o dos 800 anos do encontro de Francisco de Assis com o Sult\u00e3o Al-Malik Al-Kamil. Por isso, o tema deste ano bebe nesta fonte e confirma que \u00e9 poss\u00edvel uma conviv\u00eancia pac\u00edfica e desarmada. &#8220;Ser franciscano n\u00e3o \u00e9 dizer s\u00f3 &#8216;Paz e Bem&#8217;. \u00c9 muito mais do que isso. Esse encontro precisa ser reinventado a cada dia. Ele precisa estar em nossos cora\u00e7\u00f5es todos os dias. Por isso estamos aqui&#8221;, disse Ir. Isabel.<\/p>\n<p><img loading=\"lazy\" class=\"alignnone size-full wp-image-207913\" src=\"https:\/\/franciscanos.org.br\/noticias\/wp-content\/uploads\/2019\/07\/isabel_1807.jpg\" alt=\"\" width=\"890\" height=\"418\" srcset=\"https:\/\/franciscanos.org.br\/noticias\/wp-content\/uploads\/2019\/07\/isabel_1807.jpg 890w, https:\/\/franciscanos.org.br\/noticias\/wp-content\/uploads\/2019\/07\/isabel_1807-450x211.jpg 450w, https:\/\/franciscanos.org.br\/noticias\/wp-content\/uploads\/2019\/07\/isabel_1807-768x361.jpg 768w, https:\/\/franciscanos.org.br\/noticias\/wp-content\/uploads\/2019\/07\/isabel_1807-150x70.jpg 150w\" sizes=\"(max-width: 890px) 100vw, 890px\" \/><\/p>\n<p>Segundo Ir. Isabel, Francisco foi um homem que, na sua simplicidade, no seu vigor, no seu jeito de ser, n\u00e3o teve armas, n\u00e3o teve espada, nada o impediu de ir at\u00e9 o sult\u00e3o. &#8220;Vamos dar um grande grito que a sociedade precisa ouvir. Um grito de &#8216;Paz e Bem&#8217;. Mas que n\u00e3o seja um &#8216;Paz e Bem&#8217; dito a partir do queixo e do nariz e sim que ele parta do cora\u00e7\u00e3o e das atitudes. Que ele parta daquilo que fizemos. N\u00e3o s\u00f3 aqui na Miss\u00e3o, mas que a gente seja esse profeta l\u00e1 onde estamos todos os dias. Este \u00e9 o grande objetivo dessas miss\u00f5es!&#8221;, completou Ir. Isabel.<\/p>\n<p>Para Frei Diego, j\u00e1 estamos com saudades de Ir. Isabel. Para homenage\u00e1-la, foi exibido um v\u00eddeo reprisando os principais momentos nesses trabalhos com as juventudes. &#8220;Desde 2013, meu primeiro ano sozinho no SAV Provincial, quando a responsabilidade desse trabalho come\u00e7ou a me causar ins\u00f4nia, um pouco por medo diante do desconhecido e pela responsabilidade de ter tantas voca\u00e7\u00f5es e tantos jovens, n\u00f3s come\u00e7amos a caminhar juntos. Foi naquela primeira viagem para S\u00e3o Louren\u00e7o que voc\u00ea foi se aproximando de n\u00f3s. A princ\u00edpio fiquei s\u00f3 de olho, observando e tentando entender qual era a daquela freira&#8230; Como ela trabalhava, qual a profundidade da sua espiritualidade, como ela se relacionava com as pessoas&#8230; Mal sabia eu que aquela Miss\u00e3o de ordena\u00e7\u00e3o do Frei Rodrigo seria a primeira de tantas miss\u00f5es que vivenciar\u00edamos juntos. Mal sabia eu que Deus estava colocando ao meu lado uma verdadeira fortaleza que iria me amparar nos momentos dif\u00edceis, como naquela miss\u00e3o em Registro, realizada apenas duas semanas ap\u00f3s a morte do meu pai, e que voc\u00ea com o seu sil\u00eancio orante me ajudou a suportar, a guardar no bolso a minha pr\u00f3pria dor e a doar-me inteiramente por aquele povo que l\u00e1 nos esperava como portadores da Boa Nova de Jesus&#8221;, revelou Frei Diego, emocionando-se neste momento.<\/p>\n<p><img loading=\"lazy\" class=\"alignnone size-full wp-image-207914\" src=\"https:\/\/franciscanos.org.br\/noticias\/wp-content\/uploads\/2019\/07\/isabel_1807_2.jpg\" alt=\"\" width=\"890\" height=\"636\" srcset=\"https:\/\/franciscanos.org.br\/noticias\/wp-content\/uploads\/2019\/07\/isabel_1807_2.jpg 890w, https:\/\/franciscanos.org.br\/noticias\/wp-content\/uploads\/2019\/07\/isabel_1807_2-450x322.jpg 450w, https:\/\/franciscanos.org.br\/noticias\/wp-content\/uploads\/2019\/07\/isabel_1807_2-768x549.jpg 768w, https:\/\/franciscanos.org.br\/noticias\/wp-content\/uploads\/2019\/07\/isabel_1807_2-150x107.jpg 150w\" sizes=\"(max-width: 890px) 100vw, 890px\" \/><\/p>\n<p>&#8220;Irm\u00e3 Isabel, foram muitas coisas vividas juntos. Muito aprendi contigo e muito de mim, de n\u00f3s, herdamos de voc\u00ea. Todo esse sonho \u00e9 t\u00e3o concreto, Irm\u00e3 Isabel, como o cora\u00e7\u00e3o palpitante dessa juventude que hoje aqui se re\u00fane com sede de Deus, com sede do sagrado, com desejo de ajudar o pr\u00f3ximo. Obrigado, Irm\u00e3 Isabel, por tudo o que voc\u00ea \u00e9 e representa para a nossa juventude. Nosso cora\u00e7\u00e3o tem um misto se sentimentos: de certa forma nos sentimos \u00f3rf\u00e3os com a sua partida, mas tamb\u00e9m nos alegramos porque sabemos que chegou a hora de voc\u00ea tamb\u00e9m florescer em outras terras, l\u00e1 onde Deus te quer, pois a sua presen\u00e7a sonhadora e encantadora \u00e9 chamada a encantar outros cora\u00e7\u00f5es. Sua vida \u00e9 chamada a florescer em outro pa\u00eds e em outro continente. E como voc\u00ea muito bem nos ensinou que n\u00e3o podemos parar os sonhos de Deus, hoje, ainda que com o cora\u00e7\u00e3o partido, n\u00f3s deixamos voc\u00ea partir&#8221;, homenageou, terminando: Obrigado por voc\u00ea ter feito da sua vida uma miss\u00e3o permanente. Que esse mesmo Jesus te aben\u00e7oe e te ilumine nessa nova miss\u00e3o que voc\u00ea est\u00e1 abra\u00e7ando!<\/p>\n<p><strong>Equipe de Comunica\u00e7\u00e3o das Miss\u00f5es<\/strong><\/p>\n<p>&nbsp;<\/p>\n<p><iframe loading=\"lazy\" src=\"https:\/\/www.youtube.com\/embed\/y8PX-REbkRQ\" width=\"100%\" height=\"480\" frameborder=\"0\" allowfullscreen=\"allowfullscreen\"><span data-mce-type=\"bookmark\" style=\"display: inline-block; width: 0px; overflow: hidden; line-height: 0;\" class=\"mce_SELRES_start\">\ufeff<\/span><\/iframe><\/p>\n","protected":false},"excerpt":{"rendered":"<p>Miss\u00f5es Franciscanas da Juventude<\/p>\n","protected":false},"author":3,"featured_media":207912,"comment_status":"open","ping_status":"open","sticky":false,"template":"","format":"standard","meta":[],"categories":[1],"tags":[1206],"acf":[],"yoast_head":"<!-- This site is optimized with the Yoast SEO plugin v19.2 - https:\/\/yoast.com\/wordpress\/plugins\/seo\/ -->\n<title>A despedida de Irm\u00e3 Isabel - Not\u00edcias - Franciscanos<\/title>\n<meta name=\"robots\" content=\"index, follow, max-snippet:-1, max-image-preview:large, max-video-preview:-1\" \/>\n<link rel=\"canonical\" href=\"https:\/\/franciscanos.org.br\/noticias\/a-despedida-de-irma-isabel.html\" \/>\n<meta property=\"og:locale\" content=\"pt_BR\" \/>\n<meta property=\"og:type\" content=\"article\" \/>\n<meta property=\"og:title\" content=\"A despedida de Irm\u00e3 Isabel - Not\u00edcias - Franciscanos\" \/>\n<meta property=\"og:description\" content=\"Miss\u00f5es Franciscanas da Juventude\" \/>\n<meta property=\"og:url\" content=\"https:\/\/franciscanos.org.br\/noticias\/a-despedida-de-irma-isabel.html\" \/>\n<meta property=\"og:site_name\" content=\"Not\u00edcias - Franciscanos\" \/>\n<meta property=\"article:published_time\" content=\"2019-07-18T23:05:23+00:00\" \/>\n<meta property=\"article:modified_time\" content=\"2019-07-19T02:07:53+00:00\" \/>\n<meta property=\"og:image\" content=\"https:\/\/franciscanos.org.br\/noticias\/wp-content\/uploads\/2019\/07\/isabel_1807_d.jpg\" \/>\n\t<meta property=\"og:image:width\" content=\"273\" \/>\n\t<meta property=\"og:image:height\" content=\"181\" \/>\n\t<meta property=\"og:image:type\" content=\"image\/jpeg\" \/>\n<meta name=\"author\" content=\"moacir\" \/>\n<meta name=\"twitter:card\" content=\"summary_large_image\" \/>\n<meta name=\"twitter:label1\" content=\"Escrito por\" \/>\n\t<meta name=\"twitter:data1\" content=\"moacir\" \/>\n\t<meta name=\"twitter:label2\" content=\"Est. tempo de leitura\" \/>\n\t<meta name=\"twitter:data2\" content=\"4 minutos\" \/>\n<script type=\"application\/ld+json\" class=\"yoast-schema-graph\">{\"@context\":\"https:\/\/schema.org\",\"@graph\":[{\"@type\":\"WebSite\",\"@id\":\"https:\/\/franciscanos.org.br\/noticias\/#website\",\"url\":\"https:\/\/franciscanos.org.br\/noticias\/\",\"name\":\"Not\u00edcias - Franciscanos\",\"description\":\"Prov\u00edncia Franciscana da Imaculada Concei\u00e7\u00e3o do Brasil - Ordem dos Frades Menores - OFM\",\"potentialAction\":[{\"@type\":\"SearchAction\",\"target\":{\"@type\":\"EntryPoint\",\"urlTemplate\":\"https:\/\/franciscanos.org.br\/noticias\/?s={search_term_string}\"},\"query-input\":\"required name=search_term_string\"}],\"inLanguage\":\"pt-BR\"},{\"@type\":\"ImageObject\",\"inLanguage\":\"pt-BR\",\"@id\":\"https:\/\/franciscanos.org.br\/noticias\/a-despedida-de-irma-isabel.html#primaryimage\",\"url\":\"https:\/\/franciscanos.org.br\/noticias\/wp-content\/uploads\/2019\/07\/isabel_1807_d.jpg\",\"contentUrl\":\"https:\/\/franciscanos.org.br\/noticias\/wp-content\/uploads\/2019\/07\/isabel_1807_d.jpg\",\"width\":273,\"height\":181},{\"@type\":\"WebPage\",\"@id\":\"https:\/\/franciscanos.org.br\/noticias\/a-despedida-de-irma-isabel.html#webpage\",\"url\":\"https:\/\/franciscanos.org.br\/noticias\/a-despedida-de-irma-isabel.html\",\"name\":\"A despedida de Irm\u00e3 Isabel - Not\u00edcias - Franciscanos\",\"isPartOf\":{\"@id\":\"https:\/\/franciscanos.org.br\/noticias\/#website\"},\"primaryImageOfPage\":{\"@id\":\"https:\/\/franciscanos.org.br\/noticias\/a-despedida-de-irma-isabel.html#primaryimage\"},\"datePublished\":\"2019-07-18T23:05:23+00:00\",\"dateModified\":\"2019-07-19T02:07:53+00:00\",\"author\":{\"@id\":\"https:\/\/franciscanos.org.br\/noticias\/#\/schema\/person\/b5c8cba458c330ccff548b056e95a5d4\"},\"breadcrumb\":{\"@id\":\"https:\/\/franciscanos.org.br\/noticias\/a-despedida-de-irma-isabel.html#breadcrumb\"},\"inLanguage\":\"pt-BR\",\"potentialAction\":[{\"@type\":\"ReadAction\",\"target\":[\"https:\/\/franciscanos.org.br\/noticias\/a-despedida-de-irma-isabel.html\"]}]},{\"@type\":\"BreadcrumbList\",\"@id\":\"https:\/\/franciscanos.org.br\/noticias\/a-despedida-de-irma-isabel.html#breadcrumb\",\"itemListElement\":[{\"@type\":\"ListItem\",\"position\":1,\"name\":\"Home\",\"item\":\"https:\/\/franciscanos.org.br\/noticias\"},{\"@type\":\"ListItem\",\"position\":2,\"name\":\"A despedida de Irm\u00e3 Isabel\"}]},{\"@type\":\"Person\",\"@id\":\"https:\/\/franciscanos.org.br\/noticias\/#\/schema\/person\/b5c8cba458c330ccff548b056e95a5d4\",\"name\":\"moacir\",\"image\":{\"@type\":\"ImageObject\",\"inLanguage\":\"pt-BR\",\"@id\":\"https:\/\/franciscanos.org.br\/noticias\/#\/schema\/person\/image\/\",\"url\":\"https:\/\/secure.gravatar.com\/avatar\/d08aa2ce4c8dd416d4479aa8536fcf64?s=96&d=mm&r=g\",\"contentUrl\":\"https:\/\/secure.gravatar.com\/avatar\/d08aa2ce4c8dd416d4479aa8536fcf64?s=96&d=mm&r=g\",\"caption\":\"moacir\"},\"url\":\"https:\/\/franciscanos.org.br\/noticias\/author\/moacir\"}]}<\/script>\n<!-- \/ Yoast SEO plugin. -->","yoast_head_json":{"title":"A despedida de Irm\u00e3 Isabel - Not\u00edcias - Franciscanos","robots":{"index":"index","follow":"follow","max-snippet":"max-snippet:-1","max-image-preview":"max-image-preview:large","max-video-preview":"max-video-preview:-1"},"canonical":"https:\/\/franciscanos.org.br\/noticias\/a-despedida-de-irma-isabel.html","og_locale":"pt_BR","og_type":"article","og_title":"A despedida de Irm\u00e3 Isabel - Not\u00edcias - Franciscanos","og_description":"Miss\u00f5es Franciscanas da Juventude","og_url":"https:\/\/franciscanos.org.br\/noticias\/a-despedida-de-irma-isabel.html","og_site_name":"Not\u00edcias - Franciscanos","article_published_time":"2019-07-18T23:05:23+00:00","article_modified_time":"2019-07-19T02:07:53+00:00","og_image":[{"width":273,"height":181,"url":"https:\/\/franciscanos.org.br\/noticias\/wp-content\/uploads\/2019\/07\/isabel_1807_d.jpg","type":"image\/jpeg"}],"author":"moacir","twitter_card":"summary_large_image","twitter_misc":{"Escrito por":"moacir","Est. tempo de leitura":"4 minutos"},"schema":{"@context":"https:\/\/schema.org","@graph":[{"@type":"WebSite","@id":"https:\/\/franciscanos.org.br\/noticias\/#website","url":"https:\/\/franciscanos.org.br\/noticias\/","name":"Not\u00edcias - Franciscanos","description":"Prov\u00edncia Franciscana da Imaculada Concei\u00e7\u00e3o do Brasil - Ordem dos Frades Menores - OFM","potentialAction":[{"@type":"SearchAction","target":{"@type":"EntryPoint","urlTemplate":"https:\/\/franciscanos.org.br\/noticias\/?s={search_term_string}"},"query-input":"required name=search_term_string"}],"inLanguage":"pt-BR"},{"@type":"ImageObject","inLanguage":"pt-BR","@id":"https:\/\/franciscanos.org.br\/noticias\/a-despedida-de-irma-isabel.html#primaryimage","url":"https:\/\/franciscanos.org.br\/noticias\/wp-content\/uploads\/2019\/07\/isabel_1807_d.jpg","contentUrl":"https:\/\/franciscanos.org.br\/noticias\/wp-content\/uploads\/2019\/07\/isabel_1807_d.jpg","width":273,"height":181},{"@type":"WebPage","@id":"https:\/\/franciscanos.org.br\/noticias\/a-despedida-de-irma-isabel.html#webpage","url":"https:\/\/franciscanos.org.br\/noticias\/a-despedida-de-irma-isabel.html","name":"A despedida de Irm\u00e3 Isabel - Not\u00edcias - Franciscanos","isPartOf":{"@id":"https:\/\/franciscanos.org.br\/noticias\/#website"},"primaryImageOfPage":{"@id":"https:\/\/franciscanos.org.br\/noticias\/a-despedida-de-irma-isabel.html#primaryimage"},"datePublished":"2019-07-18T23:05:23+00:00","dateModified":"2019-07-19T02:07:53+00:00","author":{"@id":"https:\/\/franciscanos.org.br\/noticias\/#\/schema\/person\/b5c8cba458c330ccff548b056e95a5d4"},"breadcrumb":{"@id":"https:\/\/franciscanos.org.br\/noticias\/a-despedida-de-irma-isabel.html#breadcrumb"},"inLanguage":"pt-BR","potentialAction":[{"@type":"ReadAction","target":["https:\/\/franciscanos.org.br\/noticias\/a-despedida-de-irma-isabel.html"]}]},{"@type":"BreadcrumbList","@id":"https:\/\/franciscanos.org.br\/noticias\/a-despedida-de-irma-isabel.html#breadcrumb","itemListElement":[{"@type":"ListItem","position":1,"name":"Home","item":"https:\/\/franciscanos.org.br\/noticias"},{"@type":"ListItem","position":2,"name":"A despedida de Irm\u00e3 Isabel"}]},{"@type":"Person","@id":"https:\/\/franciscanos.org.br\/noticias\/#\/schema\/person\/b5c8cba458c330ccff548b056e95a5d4","name":"moacir","image":{"@type":"ImageObject","inLanguage":"pt-BR","@id":"https:\/\/franciscanos.org.br\/noticias\/#\/schema\/person\/image\/","url":"https:\/\/secure.gravatar.com\/avatar\/d08aa2ce4c8dd416d4479aa8536fcf64?s=96&d=mm&r=g","contentUrl":"https:\/\/secure.gravatar.com\/avatar\/d08aa2ce4c8dd416d4479aa8536fcf64?s=96&d=mm&r=g","caption":"moacir"},"url":"https:\/\/franciscanos.org.br\/noticias\/author\/moacir"}]}},"_links":{"self":[{"href":"https:\/\/franciscanos.org.br\/noticias\/wp-json\/wp\/v2\/posts\/207910"}],"collection":[{"href":"https:\/\/franciscanos.org.br\/noticias\/wp-json\/wp\/v2\/posts"}],"about":[{"href":"https:\/\/franciscanos.org.br\/noticias\/wp-json\/wp\/v2\/types\/post"}],"author":[{"embeddable":true,"href":"https:\/\/franciscanos.org.br\/noticias\/wp-json\/wp\/v2\/users\/3"}],"replies":[{"embeddable":true,"href":"https:\/\/franciscanos.org.br\/noticias\/wp-json\/wp\/v2\/comments?post=207910"}],"version-history":[{"count":0,"href":"https:\/\/franciscanos.org.br\/noticias\/wp-json\/wp\/v2\/posts\/207910\/revisions"}],"wp:featuredmedia":[{"embeddable":true,"href":"https:\/\/franciscanos.org.br\/noticias\/wp-json\/wp\/v2\/media\/207912"}],"wp:attachment":[{"href":"https:\/\/franciscanos.org.br\/noticias\/wp-json\/wp\/v2\/media?parent=207910"}],"wp:term":[{"taxonomy":"category","embeddable":true,"href":"https:\/\/franciscanos.org.br\/noticias\/wp-json\/wp\/v2\/categories?post=207910"},{"taxonomy":"post_tag","embeddable":true,"href":"https:\/\/franciscanos.org.br\/noticias\/wp-json\/wp\/v2\/tags?post=207910"}],"curies":[{"name":"wp","href":"https:\/\/api.w.org\/{rel}","templated":true}]}}