{"id":207902,"date":"2019-07-18T13:46:07","date_gmt":"2019-07-18T16:46:07","guid":{"rendered":"https:\/\/franciscanos.org.br\/noticias\/?p=207902"},"modified":"2019-07-18T13:46:07","modified_gmt":"2019-07-18T16:46:07","slug":"frei-diego-apresenta-o-itinerario-franciscano-das-juventudes","status":"publish","type":"post","link":"https:\/\/franciscanos.org.br\/noticias\/frei-diego-apresenta-o-itinerario-franciscano-das-juventudes.html","title":{"rendered":"Frei Diego apresenta o Itiner\u00e1rio Franciscano das Juventudes"},"content":{"rendered":"<p><img loading=\"lazy\" class=\"alignnone wp-image-207903 size-full\" src=\"https:\/\/franciscanos.org.br\/noticias\/wp-content\/uploads\/2019\/07\/conselho_1807.jpg\" alt=\"\" width=\"890\" height=\"508\" srcset=\"https:\/\/franciscanos.org.br\/noticias\/wp-content\/uploads\/2019\/07\/conselho_1807.jpg 890w, https:\/\/franciscanos.org.br\/noticias\/wp-content\/uploads\/2019\/07\/conselho_1807-450x257.jpg 450w, https:\/\/franciscanos.org.br\/noticias\/wp-content\/uploads\/2019\/07\/conselho_1807-768x438.jpg 768w, https:\/\/franciscanos.org.br\/noticias\/wp-content\/uploads\/2019\/07\/conselho_1807-150x86.jpg 150w\" sizes=\"(max-width: 890px) 100vw, 890px\" \/><\/p>\n<p><strong>Rio de Janeiro (RJ) &#8211;<\/strong> Criado recentemente, o Conselho Provincial de Juventudes, da Prov\u00edncia Franciscana da Imaculada Concei\u00e7\u00e3o, j\u00e1 se reuniu e fez nestas Miss\u00f5es Franciscanas o lan\u00e7amento oficial do Itiner\u00e1rio Franciscano das Juventudes. &#8220;Esse Conselho \u00e9 uma reivindica\u00e7\u00e3o de voc\u00eas&#8221;, lembrou Frei Diego Melo, coordenador das Miss\u00f5es e animador vocacional da Prov\u00edncia.<\/p>\n<p>Segundo o frade, esse movimento que come\u00e7ou pequeno h\u00e1 mais ou menos oito anos, cresceu e hoje precisava de organiza\u00e7\u00e3o. &#8220;Para isso foi criado o Conselho. Nada melhor do que jovem pensando como jovem, preparando as atividades para os jovens&#8221;, explicou, acrescentando que poderia chamar outras lideran\u00e7as que n\u00e3o fazem parte deste Conselho e que, felizmente, h\u00e1 muitas neste trabalho. &#8220;Mas um conselho, pela pr\u00f3pria express\u00e3o, precisa ter um grupo mais reduzido. Ent\u00e3o, a gente tentou buscar express\u00f5es distintas de diferentes realidades de Igreja, diferentes Estados, diferentes miss\u00f5es&#8221;, justificou. Segundo Frei Diego, quem n\u00e3o foi chamado agora para este Conselho, ser\u00e1 chamado em outra ocasi\u00e3o, pois ele ser\u00e1 renovado.<\/p>\n<p>O primeiro trabalho deste Conselho foi organizar todas as atividades com as juventudes e, com isso, nasceu o Itiner\u00e1rio. Para um jovem participar das atividades dos franciscanos, ele tem que seguir os seguintes passos:<\/p>\n<p><img loading=\"lazy\" class=\"alignnone size-full wp-image-207904\" src=\"https:\/\/franciscanos.org.br\/noticias\/wp-content\/uploads\/2019\/07\/conselho_1807_1.jpg\" alt=\"\" width=\"890\" height=\"603\" srcset=\"https:\/\/franciscanos.org.br\/noticias\/wp-content\/uploads\/2019\/07\/conselho_1807_1.jpg 890w, https:\/\/franciscanos.org.br\/noticias\/wp-content\/uploads\/2019\/07\/conselho_1807_1-450x305.jpg 450w, https:\/\/franciscanos.org.br\/noticias\/wp-content\/uploads\/2019\/07\/conselho_1807_1-768x520.jpg 768w, https:\/\/franciscanos.org.br\/noticias\/wp-content\/uploads\/2019\/07\/conselho_1807_1-150x102.jpg 150w\" sizes=\"(max-width: 890px) 100vw, 890px\" \/><\/p>\n<ol>\n<li>Para conhecer a vida franciscana, foi criada a Caminhada Franciscana da Juventude (CFJ), que \u00e9 uma peregrina\u00e7\u00e3o na experi\u00eancia de itiner\u00e2ncia de S\u00e3o Francisco. Segundo Frei Diego Melo, \u00e9 a &#8220;porta de entrada&#8221; para participar dos eventos franciscanos da Prov\u00edncia.\n<p><strong>2<\/strong>. Para compartilhar o Esp\u00edrito do Senhor e o seu santo modo de operar, existem as Miss\u00f5es Franciscanas da Juventude (MFJ), que \u00e9 a possibilidade de viver dias de encontro, reflex\u00e3o, forma\u00e7\u00e3o, ora\u00e7\u00e3o e espiritualidade, baseados no carisma franciscano, bem como uma experi\u00eancia concreta de miss\u00e3o e solidariedade com as mais diferentes realidades das periferias existenciais e geogr\u00e1ficas.<\/p>\n<p><strong>3<\/strong>. Para aprofundar-se no carisma franciscano, os jovens t\u00eam o &#8220;Alverne &#8211; Encontro de Forma\u00e7\u00e3o para Jovens&#8221;. Trata-se de um encontro de forma\u00e7\u00e3o realizado por regi\u00f5es da Prov\u00edncia, que atualmente conta com a assessoria do mestre em espiritualidade Frei Vitorio Mazzuco.<\/p>\n<p><strong>4<\/strong>. Para aprofundar-se no carisma franciscano existe o Retiro de Lideran\u00e7as Frei Eg\u00eddio e Acampamento Franciscano. Essa experi\u00eancia \u00e9 feita em tr\u00eas dias de sil\u00eancio, ora\u00e7\u00e3o e contempla\u00e7\u00e3o e \u00e9 reservada para novas lideran\u00e7as. Realiza-se no Eremit\u00e9rio Frei Eg\u00eddio de Rodeio (SC). J\u00e1 o Acampamento Franciscano \u00e9 uma experi\u00eancia radical do carisma franciscano atrav\u00e9s de atividades desenvolvidas secretamente durante o acampamento.<\/p>\n<p><strong>5<\/strong>. Para aprofundar-se no carisma franciscano, existe o Acompanhamento Vocacional. Esses encontros vocacionais regionais visam o discernimento e a orienta\u00e7\u00e3o vocacional aos candidatos \u00e0 vida religiosa franciscana.<\/p>\n<p><strong>6<\/strong>. Para Construir um projeto de vida, o itiner\u00e1rio \u00e9 atrav\u00e9s do Voluntariado da Solidariedade e Experi\u00eancia Mission\u00e1ria na Bahia. Oportunidade de exercer uma atividade volunt\u00e1ria nos diversos trabalhos da Frente de Solidariedade com os Empobrecidos no Servi\u00e7o Franciscano de Solidariedade (Sefras), em S\u00e3o Paulo. J\u00e1 a experi\u00eancia mission\u00e1ria na Bahia \u00e9 uma inser\u00e7\u00e3o cultural, eclesial e social no sert\u00e3o da Bahia. S\u00e3o dias de Miss\u00e3o e conviv\u00eancia com as fam\u00edlias da Diocese da Barra. Frei Diego apresentou os mission\u00e1rios baianos Adrilson Souza de Oliveira (Dad\u00e1) e Leiliane Moreira Silva, que vieram participar deste evento.<\/li>\n<\/ol>\n<p>Para participar deste Itiner\u00e1rio, anote o <strong>Whatsapp: (11) 96607-3441.<\/strong><\/p>\n<p><em>Equipe de Comunica\u00e7\u00e3o das Miss\u00f5es<\/em><\/p>\n<p><img loading=\"lazy\" class=\"alignnone size-full wp-image-207905\" src=\"https:\/\/franciscanos.org.br\/noticias\/wp-content\/uploads\/2019\/07\/conselho_1807_2.jpg\" alt=\"\" width=\"890\" height=\"668\" srcset=\"https:\/\/franciscanos.org.br\/noticias\/wp-content\/uploads\/2019\/07\/conselho_1807_2.jpg 890w, https:\/\/franciscanos.org.br\/noticias\/wp-content\/uploads\/2019\/07\/conselho_1807_2-450x338.jpg 450w, https:\/\/franciscanos.org.br\/noticias\/wp-content\/uploads\/2019\/07\/conselho_1807_2-768x576.jpg 768w, https:\/\/franciscanos.org.br\/noticias\/wp-content\/uploads\/2019\/07\/conselho_1807_2-150x113.jpg 150w, https:\/\/franciscanos.org.br\/noticias\/wp-content\/uploads\/2019\/07\/conselho_1807_2-600x450.jpg 600w\" sizes=\"(max-width: 890px) 100vw, 890px\" \/><\/p>\n","protected":false},"excerpt":{"rendered":"<p>Miss\u00f5es Franciscanas da Juventude no Rio de Janeiro<\/p>\n","protected":false},"author":3,"featured_media":207906,"comment_status":"open","ping_status":"open","sticky":false,"template":"","format":"standard","meta":[],"categories":[1],"tags":[1206],"acf":[],"yoast_head":"<!-- This site is optimized with the Yoast SEO plugin v19.2 - https:\/\/yoast.com\/wordpress\/plugins\/seo\/ -->\n<title>Frei Diego apresenta o Itiner\u00e1rio Franciscano das Juventudes - Not\u00edcias - Franciscanos<\/title>\n<meta name=\"robots\" content=\"index, follow, max-snippet:-1, max-image-preview:large, max-video-preview:-1\" \/>\n<link rel=\"canonical\" href=\"https:\/\/franciscanos.org.br\/noticias\/frei-diego-apresenta-o-itinerario-franciscano-das-juventudes.html\" \/>\n<meta property=\"og:locale\" content=\"pt_BR\" \/>\n<meta property=\"og:type\" content=\"article\" \/>\n<meta property=\"og:title\" content=\"Frei Diego apresenta o Itiner\u00e1rio Franciscano das Juventudes - Not\u00edcias - Franciscanos\" \/>\n<meta property=\"og:description\" content=\"Miss\u00f5es Franciscanas da Juventude no Rio de Janeiro\" \/>\n<meta property=\"og:url\" content=\"https:\/\/franciscanos.org.br\/noticias\/frei-diego-apresenta-o-itinerario-franciscano-das-juventudes.html\" \/>\n<meta property=\"og:site_name\" content=\"Not\u00edcias - Franciscanos\" \/>\n<meta property=\"article:published_time\" content=\"2019-07-18T16:46:07+00:00\" \/>\n<meta property=\"og:image\" content=\"https:\/\/franciscanos.org.br\/noticias\/wp-content\/uploads\/2019\/07\/conselho_1807d.jpg\" \/>\n\t<meta property=\"og:image:width\" content=\"273\" \/>\n\t<meta property=\"og:image:height\" content=\"181\" \/>\n\t<meta property=\"og:image:type\" content=\"image\/jpeg\" \/>\n<meta name=\"author\" content=\"moacir\" \/>\n<meta name=\"twitter:card\" content=\"summary_large_image\" \/>\n<meta name=\"twitter:label1\" content=\"Escrito por\" \/>\n\t<meta name=\"twitter:data1\" content=\"moacir\" \/>\n\t<meta name=\"twitter:label2\" content=\"Est. tempo de leitura\" \/>\n\t<meta name=\"twitter:data2\" content=\"3 minutos\" \/>\n<script type=\"application\/ld+json\" class=\"yoast-schema-graph\">{\"@context\":\"https:\/\/schema.org\",\"@graph\":[{\"@type\":\"WebSite\",\"@id\":\"https:\/\/franciscanos.org.br\/noticias\/#website\",\"url\":\"https:\/\/franciscanos.org.br\/noticias\/\",\"name\":\"Not\u00edcias - Franciscanos\",\"description\":\"Prov\u00edncia Franciscana da Imaculada Concei\u00e7\u00e3o do Brasil - Ordem dos Frades Menores - OFM\",\"potentialAction\":[{\"@type\":\"SearchAction\",\"target\":{\"@type\":\"EntryPoint\",\"urlTemplate\":\"https:\/\/franciscanos.org.br\/noticias\/?s={search_term_string}\"},\"query-input\":\"required name=search_term_string\"}],\"inLanguage\":\"pt-BR\"},{\"@type\":\"ImageObject\",\"inLanguage\":\"pt-BR\",\"@id\":\"https:\/\/franciscanos.org.br\/noticias\/frei-diego-apresenta-o-itinerario-franciscano-das-juventudes.html#primaryimage\",\"url\":\"https:\/\/franciscanos.org.br\/noticias\/wp-content\/uploads\/2019\/07\/conselho_1807d.jpg\",\"contentUrl\":\"https:\/\/franciscanos.org.br\/noticias\/wp-content\/uploads\/2019\/07\/conselho_1807d.jpg\",\"width\":273,\"height\":181},{\"@type\":\"WebPage\",\"@id\":\"https:\/\/franciscanos.org.br\/noticias\/frei-diego-apresenta-o-itinerario-franciscano-das-juventudes.html#webpage\",\"url\":\"https:\/\/franciscanos.org.br\/noticias\/frei-diego-apresenta-o-itinerario-franciscano-das-juventudes.html\",\"name\":\"Frei Diego apresenta o Itiner\u00e1rio Franciscano das Juventudes - Not\u00edcias - Franciscanos\",\"isPartOf\":{\"@id\":\"https:\/\/franciscanos.org.br\/noticias\/#website\"},\"primaryImageOfPage\":{\"@id\":\"https:\/\/franciscanos.org.br\/noticias\/frei-diego-apresenta-o-itinerario-franciscano-das-juventudes.html#primaryimage\"},\"datePublished\":\"2019-07-18T16:46:07+00:00\",\"dateModified\":\"2019-07-18T16:46:07+00:00\",\"author\":{\"@id\":\"https:\/\/franciscanos.org.br\/noticias\/#\/schema\/person\/b5c8cba458c330ccff548b056e95a5d4\"},\"breadcrumb\":{\"@id\":\"https:\/\/franciscanos.org.br\/noticias\/frei-diego-apresenta-o-itinerario-franciscano-das-juventudes.html#breadcrumb\"},\"inLanguage\":\"pt-BR\",\"potentialAction\":[{\"@type\":\"ReadAction\",\"target\":[\"https:\/\/franciscanos.org.br\/noticias\/frei-diego-apresenta-o-itinerario-franciscano-das-juventudes.html\"]}]},{\"@type\":\"BreadcrumbList\",\"@id\":\"https:\/\/franciscanos.org.br\/noticias\/frei-diego-apresenta-o-itinerario-franciscano-das-juventudes.html#breadcrumb\",\"itemListElement\":[{\"@type\":\"ListItem\",\"position\":1,\"name\":\"Home\",\"item\":\"https:\/\/franciscanos.org.br\/noticias\"},{\"@type\":\"ListItem\",\"position\":2,\"name\":\"Frei Diego apresenta o Itiner\u00e1rio Franciscano das Juventudes\"}]},{\"@type\":\"Person\",\"@id\":\"https:\/\/franciscanos.org.br\/noticias\/#\/schema\/person\/b5c8cba458c330ccff548b056e95a5d4\",\"name\":\"moacir\",\"image\":{\"@type\":\"ImageObject\",\"inLanguage\":\"pt-BR\",\"@id\":\"https:\/\/franciscanos.org.br\/noticias\/#\/schema\/person\/image\/\",\"url\":\"https:\/\/secure.gravatar.com\/avatar\/d08aa2ce4c8dd416d4479aa8536fcf64?s=96&d=mm&r=g\",\"contentUrl\":\"https:\/\/secure.gravatar.com\/avatar\/d08aa2ce4c8dd416d4479aa8536fcf64?s=96&d=mm&r=g\",\"caption\":\"moacir\"},\"url\":\"https:\/\/franciscanos.org.br\/noticias\/author\/moacir\"}]}<\/script>\n<!-- \/ Yoast SEO plugin. -->","yoast_head_json":{"title":"Frei Diego apresenta o Itiner\u00e1rio Franciscano das Juventudes - Not\u00edcias - Franciscanos","robots":{"index":"index","follow":"follow","max-snippet":"max-snippet:-1","max-image-preview":"max-image-preview:large","max-video-preview":"max-video-preview:-1"},"canonical":"https:\/\/franciscanos.org.br\/noticias\/frei-diego-apresenta-o-itinerario-franciscano-das-juventudes.html","og_locale":"pt_BR","og_type":"article","og_title":"Frei Diego apresenta o Itiner\u00e1rio Franciscano das Juventudes - Not\u00edcias - Franciscanos","og_description":"Miss\u00f5es Franciscanas da Juventude no Rio de Janeiro","og_url":"https:\/\/franciscanos.org.br\/noticias\/frei-diego-apresenta-o-itinerario-franciscano-das-juventudes.html","og_site_name":"Not\u00edcias - Franciscanos","article_published_time":"2019-07-18T16:46:07+00:00","og_image":[{"width":273,"height":181,"url":"https:\/\/franciscanos.org.br\/noticias\/wp-content\/uploads\/2019\/07\/conselho_1807d.jpg","type":"image\/jpeg"}],"author":"moacir","twitter_card":"summary_large_image","twitter_misc":{"Escrito por":"moacir","Est. tempo de leitura":"3 minutos"},"schema":{"@context":"https:\/\/schema.org","@graph":[{"@type":"WebSite","@id":"https:\/\/franciscanos.org.br\/noticias\/#website","url":"https:\/\/franciscanos.org.br\/noticias\/","name":"Not\u00edcias - Franciscanos","description":"Prov\u00edncia Franciscana da Imaculada Concei\u00e7\u00e3o do Brasil - Ordem dos Frades Menores - OFM","potentialAction":[{"@type":"SearchAction","target":{"@type":"EntryPoint","urlTemplate":"https:\/\/franciscanos.org.br\/noticias\/?s={search_term_string}"},"query-input":"required name=search_term_string"}],"inLanguage":"pt-BR"},{"@type":"ImageObject","inLanguage":"pt-BR","@id":"https:\/\/franciscanos.org.br\/noticias\/frei-diego-apresenta-o-itinerario-franciscano-das-juventudes.html#primaryimage","url":"https:\/\/franciscanos.org.br\/noticias\/wp-content\/uploads\/2019\/07\/conselho_1807d.jpg","contentUrl":"https:\/\/franciscanos.org.br\/noticias\/wp-content\/uploads\/2019\/07\/conselho_1807d.jpg","width":273,"height":181},{"@type":"WebPage","@id":"https:\/\/franciscanos.org.br\/noticias\/frei-diego-apresenta-o-itinerario-franciscano-das-juventudes.html#webpage","url":"https:\/\/franciscanos.org.br\/noticias\/frei-diego-apresenta-o-itinerario-franciscano-das-juventudes.html","name":"Frei Diego apresenta o Itiner\u00e1rio Franciscano das Juventudes - Not\u00edcias - Franciscanos","isPartOf":{"@id":"https:\/\/franciscanos.org.br\/noticias\/#website"},"primaryImageOfPage":{"@id":"https:\/\/franciscanos.org.br\/noticias\/frei-diego-apresenta-o-itinerario-franciscano-das-juventudes.html#primaryimage"},"datePublished":"2019-07-18T16:46:07+00:00","dateModified":"2019-07-18T16:46:07+00:00","author":{"@id":"https:\/\/franciscanos.org.br\/noticias\/#\/schema\/person\/b5c8cba458c330ccff548b056e95a5d4"},"breadcrumb":{"@id":"https:\/\/franciscanos.org.br\/noticias\/frei-diego-apresenta-o-itinerario-franciscano-das-juventudes.html#breadcrumb"},"inLanguage":"pt-BR","potentialAction":[{"@type":"ReadAction","target":["https:\/\/franciscanos.org.br\/noticias\/frei-diego-apresenta-o-itinerario-franciscano-das-juventudes.html"]}]},{"@type":"BreadcrumbList","@id":"https:\/\/franciscanos.org.br\/noticias\/frei-diego-apresenta-o-itinerario-franciscano-das-juventudes.html#breadcrumb","itemListElement":[{"@type":"ListItem","position":1,"name":"Home","item":"https:\/\/franciscanos.org.br\/noticias"},{"@type":"ListItem","position":2,"name":"Frei Diego apresenta o Itiner\u00e1rio Franciscano das Juventudes"}]},{"@type":"Person","@id":"https:\/\/franciscanos.org.br\/noticias\/#\/schema\/person\/b5c8cba458c330ccff548b056e95a5d4","name":"moacir","image":{"@type":"ImageObject","inLanguage":"pt-BR","@id":"https:\/\/franciscanos.org.br\/noticias\/#\/schema\/person\/image\/","url":"https:\/\/secure.gravatar.com\/avatar\/d08aa2ce4c8dd416d4479aa8536fcf64?s=96&d=mm&r=g","contentUrl":"https:\/\/secure.gravatar.com\/avatar\/d08aa2ce4c8dd416d4479aa8536fcf64?s=96&d=mm&r=g","caption":"moacir"},"url":"https:\/\/franciscanos.org.br\/noticias\/author\/moacir"}]}},"_links":{"self":[{"href":"https:\/\/franciscanos.org.br\/noticias\/wp-json\/wp\/v2\/posts\/207902"}],"collection":[{"href":"https:\/\/franciscanos.org.br\/noticias\/wp-json\/wp\/v2\/posts"}],"about":[{"href":"https:\/\/franciscanos.org.br\/noticias\/wp-json\/wp\/v2\/types\/post"}],"author":[{"embeddable":true,"href":"https:\/\/franciscanos.org.br\/noticias\/wp-json\/wp\/v2\/users\/3"}],"replies":[{"embeddable":true,"href":"https:\/\/franciscanos.org.br\/noticias\/wp-json\/wp\/v2\/comments?post=207902"}],"version-history":[{"count":0,"href":"https:\/\/franciscanos.org.br\/noticias\/wp-json\/wp\/v2\/posts\/207902\/revisions"}],"wp:featuredmedia":[{"embeddable":true,"href":"https:\/\/franciscanos.org.br\/noticias\/wp-json\/wp\/v2\/media\/207906"}],"wp:attachment":[{"href":"https:\/\/franciscanos.org.br\/noticias\/wp-json\/wp\/v2\/media?parent=207902"}],"wp:term":[{"taxonomy":"category","embeddable":true,"href":"https:\/\/franciscanos.org.br\/noticias\/wp-json\/wp\/v2\/categories?post=207902"},{"taxonomy":"post_tag","embeddable":true,"href":"https:\/\/franciscanos.org.br\/noticias\/wp-json\/wp\/v2\/tags?post=207902"}],"curies":[{"name":"wp","href":"https:\/\/api.w.org\/{rel}","templated":true}]}}