{"id":207898,"date":"2019-07-18T08:25:30","date_gmt":"2019-07-18T11:25:30","guid":{"rendered":"https:\/\/franciscanos.org.br\/noticias\/?p=207898"},"modified":"2019-07-18T08:25:30","modified_gmt":"2019-07-18T11:25:30","slug":"encontro-por-regiao-da-frente-das-paroquias-santuarios-e-centros-de-acolhimento","status":"publish","type":"post","link":"https:\/\/franciscanos.org.br\/noticias\/encontro-por-regiao-da-frente-das-paroquias-santuarios-e-centros-de-acolhimento.html","title":{"rendered":"Encontro por regi\u00e3o da Frente das Par\u00f3quias, Santu\u00e1rios e Centros de Acolhimento"},"content":{"rendered":"<p><img loading=\"lazy\" class=\"aligncenter wp-image-207899 size-full\" src=\"https:\/\/franciscanos.org.br\/noticias\/wp-content\/uploads\/2019\/07\/paroquias_180719-g.jpg\" alt=\"\" width=\"890\" height=\"450\" srcset=\"https:\/\/franciscanos.org.br\/noticias\/wp-content\/uploads\/2019\/07\/paroquias_180719-g.jpg 890w, https:\/\/franciscanos.org.br\/noticias\/wp-content\/uploads\/2019\/07\/paroquias_180719-g-450x228.jpg 450w, https:\/\/franciscanos.org.br\/noticias\/wp-content\/uploads\/2019\/07\/paroquias_180719-g-768x388.jpg 768w, https:\/\/franciscanos.org.br\/noticias\/wp-content\/uploads\/2019\/07\/paroquias_180719-g-150x76.jpg 150w\" sizes=\"(max-width: 890px) 100vw, 890px\" \/><\/p>\n<p class=\"m_-8220323683384614848m7321921182519264215m284736810005606774m-4890709829354881340m4432352682841323454style6\" style=\"text-align: left;\"><span class=\"m_-8220323683384614848m7321921182519264215m284736810005606774m-4890709829354881340m4432352682841323454titulo\">Tem sido a praxe da Frente das Par\u00f3quias, Santu\u00e1rios e Centros de Acolhimento realizar, no primeiro semestre, um encontro dos frades da Frente e, no segundo semestre, um encontro dos frades com nossos parceiros na evangeliza\u00e7\u00e3o, os leigos. No encontro dos frades realizado em maio, resolvemos que, neste ano, o encontro com os leigos seria por Regionais, at\u00e9 para possibilitar uma participa\u00e7\u00e3o maior dos leigos. Alguns Regionais mais pr\u00f3ximos resolveram realizar este evento em conjunto e v\u00e1rias datas j\u00e1 est\u00e3o agendadas. \u00c0 equipe de anima\u00e7\u00e3o da Frente se pediu um roteiro b\u00e1sico comum, contemplando as sugest\u00f5es dadas no encontro de maio. Segue, pois, a proposta de roteiro:<\/span><\/p>\n<p class=\"m_-8220323683384614848m7321921182519264215m284736810005606774m-4890709829354881340m4432352682841323454style6\" style=\"text-align: left;\" align=\"center\"><span class=\"m_-8220323683384614848m7321921182519264215m284736810005606774m-4890709829354881340m4432352682841323454titulo\"><b>SUGEST\u00c3O DE UM ROTEIRO COMUM<\/b><\/span><\/p>\n<p class=\"m_-8220323683384614848m7321921182519264215m284736810005606774m-4890709829354881340m4432352682841323454style6\" style=\"text-align: left;\"><span class=\"m_-8220323683384614848m7321921182519264215m284736810005606774m-4890709829354881340m4432352682841323454titulo\">O encontro tenha dois temas:<\/span><\/p>\n<p class=\"m_-8220323683384614848m7321921182519264215m284736810005606774m-4890709829354881340m4432352682841323454style6\" style=\"text-align: left;\"><span class=\"m_-8220323683384614848m7321921182519264215m284736810005606774m-4890709829354881340m4432352682841323454titulo\"><b>1.<\/b><\/span><span class=\"m_-8220323683384614848m7321921182519264215m284736810005606774m-4890709829354881340m4432352682841323454titulo\">\u00a0\u00a0\u00a0\u00a0<b>O desafio da evangeliza\u00e7\u00e3o com a juventude:<\/b>\u00a0no encontro dos frades da Frente em maio deste ano em Rondinha, PR, este foi um tema recorrente.<\/span><\/p>\n<p class=\"m_-8220323683384614848m7321921182519264215m284736810005606774m-4890709829354881340m4432352682841323454style6\" style=\"text-align: left;\"><span class=\"m_-8220323683384614848m7321921182519264215m284736810005606774m-4890709829354881340m4432352682841323454titulo\"><b>2.<\/b><\/span><span class=\"m_-8220323683384614848m7321921182519264215m284736810005606774m-4890709829354881340m4432352682841323454titulo\">\u00a0\u00a0\u00a0\u00a0<b>As Diretrizes da CNBB:<\/b>\u00a0\u00e9 documento inspirador e orientador para o planejamento pastoral em todos os n\u00edveis da Igreja no Brasil. Precisamos recepcionar as Diretrizes Gerais da A\u00e7\u00e3o Evangelizadora da Igreja no Brasil 2019-2023.<\/span><\/p>\n<p class=\"m_-8220323683384614848m7321921182519264215m284736810005606774m-4890709829354881340m4432352682841323454style6\" style=\"text-align: left;\"><span class=\"m_-8220323683384614848m7321921182519264215m284736810005606774m-4890709829354881340m4432352682841323454titulo\">H\u00e1 tamb\u00e9m a proposta de se fazer uma partilha de iniciativas pastorais que t\u00eam dado bons frutos. Vejam a\u00ed se \u00e9 poss\u00edvel ou se seria temas demais.<\/span><\/p>\n<p class=\"m_-8220323683384614848m7321921182519264215m284736810005606774m-4890709829354881340m4432352682841323454style6\" style=\"text-align: left;\" align=\"center\"><span class=\"m_-8220323683384614848m7321921182519264215m284736810005606774m-4890709829354881340m4432352682841323454titulo\"><b>Notas:<\/b><\/span><\/p>\n<p class=\"m_-8220323683384614848m7321921182519264215m284736810005606774m-4890709829354881340m4432352682841323454style6\" style=\"text-align: left;\"><span class=\"m_-8220323683384614848m7321921182519264215m284736810005606774m-4890709829354881340m4432352682841323454titulo\">\u2022\u00a0\u00a0\u00a0\u00a0\u00a0 Os temas s\u00e3o amplos e exigem no m\u00ednimo um dia inteiro de encontro.<\/span><\/p>\n<p class=\"m_-8220323683384614848m7321921182519264215m284736810005606774m-4890709829354881340m4432352682841323454style6\" style=\"text-align: left;\"><span class=\"m_-8220323683384614848m7321921182519264215m284736810005606774m-4890709829354881340m4432352682841323454titulo\">\u2022\u00a0\u00a0\u00a0\u00a0\u00a0 Uma equipe da Regi\u00e3o precisa preparar o Encontro at\u00e9 em suas min\u00facias, para que tudo ocorra a contento.<\/span><\/p>\n<p class=\"m_-8220323683384614848m7321921182519264215m284736810005606774m-4890709829354881340m4432352682841323454style6\" style=\"text-align: left;\"><span class=\"m_-8220323683384614848m7321921182519264215m284736810005606774m-4890709829354881340m4432352682841323454titulo\">\u2022\u00a0\u00a0\u00a0\u00a0\u00a0 \u00c9 importante que as delega\u00e7\u00f5es locais tenham uma representa\u00e7\u00e3o da juventude.<\/span><\/p>\n<p class=\"m_-8220323683384614848m7321921182519264215m284736810005606774m-4890709829354881340m4432352682841323454style6\" style=\"text-align: left;\"><span class=\"m_-8220323683384614848m7321921182519264215m284736810005606774m-4890709829354881340m4432352682841323454titulo\">\u2022\u00a0\u00a0\u00a0\u00a0\u00a0 Fica a encargo da Regi\u00e3o chamar uma assessoria para os momentos de \u201cilumina\u00e7\u00e3o\u201d ou usar \u201cprata da casa\u201d.<\/span><\/p>\n<p class=\"m_-8220323683384614848m7321921182519264215m284736810005606774m-4890709829354881340m4432352682841323454style6\" style=\"text-align: left;\"><span class=\"m_-8220323683384614848m7321921182519264215m284736810005606774m-4890709829354881340m4432352682841323454titulo\">\u2022\u00a0\u00a0\u00a0\u00a0\u00a0 Os \u201cpassos\u201d do encontro pedem uma tarefa pr\u00e9via a ser preparada nos locais de atua\u00e7\u00e3o das Fraternidades.<\/span><\/p>\n<p class=\"m_-8220323683384614848m7321921182519264215m284736810005606774m-4890709829354881340m4432352682841323454style6\" style=\"text-align: left;\"><span class=\"m_-8220323683384614848m7321921182519264215m284736810005606774m-4890709829354881340m4432352682841323454titulo\">\u2022\u00a0\u00a0\u00a0\u00a0\u00a0 O Secret\u00e1rio para a Evangeliza\u00e7\u00e3o, Frei Gustavo Medella e a equipe de anima\u00e7\u00e3o da Frente, Frei Andr\u00e9 Becker, Frei Nelson Hillesheim e Frei Ant\u00f4nio Michels, v\u00e3o, a medida do poss\u00edvel, cotizar-se para dar uma presen\u00e7a nos encontros das Regi\u00f5es.<\/span><\/p>\n<p class=\"m_-8220323683384614848m7321921182519264215m284736810005606774m-4890709829354881340m4432352682841323454style6\" style=\"text-align: left;\" align=\"center\"><span class=\"m_-8220323683384614848m7321921182519264215m284736810005606774m-4890709829354881340m4432352682841323454titulo\"><b>PASSOS DO ENCONTRO<\/b><\/span><\/p>\n<p class=\"m_-8220323683384614848m7321921182519264215m284736810005606774m-4890709829354881340m4432352682841323454style6\" style=\"text-align: left;\"><span class=\"m_-8220323683384614848m7321921182519264215m284736810005606774m-4890709829354881340m4432352682841323454titulo\"><b>1.\u00a0\u00a0\u00a0 CHEGADA:<\/b><\/span><span class=\"m_-8220323683384614848m7321921182519264215m284736810005606774m-4890709829354881340m4432352682841323454titulo\">\u00a0Uma equipe acolhe fraternalmente as delega\u00e7\u00f5es, d\u00e1 as orienta\u00e7\u00f5es necess\u00e1rias e distribui o material a ser utilizado.<\/span><\/p>\n<p class=\"m_-8220323683384614848m7321921182519264215m284736810005606774m-4890709829354881340m4432352682841323454style6\" style=\"text-align: left;\"><span class=\"m_-8220323683384614848m7321921182519264215m284736810005606774m-4890709829354881340m4432352682841323454titulo\"><b>2.\u00a0\u00a0\u00a0 RITOS DE ABERTURA:<\/b><\/span><\/p>\n<p class=\"m_-8220323683384614848m7321921182519264215m284736810005606774m-4890709829354881340m4432352682841323454style6\" style=\"text-align: left;\"><span class=\"m_-8220323683384614848m7321921182519264215m284736810005606774m-4890709829354881340m4432352682841323454titulo\">\u2022\u00a0\u00a0\u00a0\u00a0\u00a0 Acolhida das delega\u00e7\u00f5es<\/span><\/p>\n<p class=\"m_-8220323683384614848m7321921182519264215m284736810005606774m-4890709829354881340m4432352682841323454style6\" style=\"text-align: left;\"><span class=\"m_-8220323683384614848m7321921182519264215m284736810005606774m-4890709829354881340m4432352682841323454titulo\">\u2022\u00a0\u00a0\u00a0\u00a0\u00a0 Momento de ora\u00e7\u00e3o<\/span><\/p>\n<p class=\"m_-8220323683384614848m7321921182519264215m284736810005606774m-4890709829354881340m4432352682841323454style6\" style=\"text-align: left;\"><span class=\"m_-8220323683384614848m7321921182519264215m284736810005606774m-4890709829354881340m4432352682841323454titulo\">\u2022\u00a0\u00a0\u00a0\u00a0\u00a0 Motiva\u00e7\u00e3o para o encontro e apresenta\u00e7\u00e3o de seus passos<\/span><\/p>\n<p class=\"m_-8220323683384614848m7321921182519264215m284736810005606774m-4890709829354881340m4432352682841323454style6\" style=\"text-align: left;\"><span class=\"m_-8220323683384614848m7321921182519264215m284736810005606774m-4890709829354881340m4432352682841323454titulo\"><b>3.\u00a0\u00a0\u00a0 1\u00aa PARTE: O DESAFIO DA EVANGELIZA\u00c7\u00c3O COM A JUVENTUDE<\/b><\/span><\/p>\n<p class=\"m_-8220323683384614848m7321921182519264215m284736810005606774m-4890709829354881340m4432352682841323454style6\" style=\"text-align: left;\"><span class=\"m_-8220323683384614848m7321921182519264215m284736810005606774m-4890709829354881340m4432352682841323454titulo\">\u2022\u00a0\u00a0\u00a0\u00a0\u00a0 Nossas a\u00e7\u00f5es evangelizadoras com a juventude \u2013 alegrias e perplexidades: em tempo pr\u00e9-determinado, cada par\u00f3quia ou santu\u00e1rio apresenta o seu trabalho com a juventude.<\/span><\/p>\n<p class=\"m_-8220323683384614848m7321921182519264215m284736810005606774m-4890709829354881340m4432352682841323454style6\" style=\"text-align: left;\"><span class=\"m_-8220323683384614848m7321921182519264215m284736810005606774m-4890709829354881340m4432352682841323454titulo\">\u2022\u00a0\u00a0\u00a0\u00a0\u00a0 Ilumina\u00e7\u00e3o: Dicas que nos vem da Exorta\u00e7\u00e3o Apost\u00f3lica Cristo Vive, do documento do CPO de Nairobi e do trabalho que o SAV da Prov\u00edncia vem realizando com as juventudes.<\/span><\/p>\n<p class=\"m_-8220323683384614848m7321921182519264215m284736810005606774m-4890709829354881340m4432352682841323454style6\" style=\"text-align: left;\"><span class=\"m_-8220323683384614848m7321921182519264215m284736810005606774m-4890709829354881340m4432352682841323454titulo\">\u2022\u00a0\u00a0\u00a0\u00a0\u00a0 Debate em plen\u00e1rio, reagindo \u00e0s provoca\u00e7\u00f5es da ilumina\u00e7\u00e3o<\/span><\/p>\n<p class=\"m_-8220323683384614848m7321921182519264215m284736810005606774m-4890709829354881340m4432352682841323454style6\" style=\"text-align: left;\"><span class=\"m_-8220323683384614848m7321921182519264215m284736810005606774m-4890709829354881340m4432352682841323454titulo\"><b>4.\u00a0\u00a0\u00a0 2\u00aa PARTE: AS DIRETRIZES GERAIS DA A\u00c7\u00c3O EVANGELIZADORA DA IGREJA NO BRASIL 2019-2022<\/b><\/span><\/p>\n<p class=\"m_-8220323683384614848m7321921182519264215m284736810005606774m-4890709829354881340m4432352682841323454style6\" style=\"text-align: left;\"><span class=\"m_-8220323683384614848m7321921182519264215m284736810005606774m-4890709829354881340m4432352682841323454titulo\">\u2022\u00a0\u00a0\u00a0\u00a0\u00a0 Ilumina\u00e7\u00e3o: Exposi\u00e7\u00e3o das principais ideias-for\u00e7a das novas Diretrizes<\/span><\/p>\n<p class=\"m_-8220323683384614848m7321921182519264215m284736810005606774m-4890709829354881340m4432352682841323454style6\" style=\"text-align: left;\"><span class=\"m_-8220323683384614848m7321921182519264215m284736810005606774m-4890709829354881340m4432352682841323454titulo\">\u2022\u00a0\u00a0\u00a0\u00a0\u00a0 Grupos: Que inspira\u00e7\u00f5es as Diretrizes trazem para a a\u00e7\u00e3o em nossas par\u00f3quias e santu\u00e1rios?<\/span><\/p>\n<p class=\"m_-8220323683384614848m7321921182519264215m284736810005606774m-4890709829354881340m4432352682841323454style6\" style=\"text-align: left;\"><span class=\"m_-8220323683384614848m7321921182519264215m284736810005606774m-4890709829354881340m4432352682841323454titulo\">\u2022\u00a0\u00a0\u00a0\u00a0\u00a0 Plen\u00e1rio &#8211; amarra\u00e7\u00e3o<\/span><\/p>\n<p class=\"m_-8220323683384614848m7321921182519264215m284736810005606774m-4890709829354881340m4432352682841323454style6\" style=\"text-align: left;\"><span class=\"m_-8220323683384614848m7321921182519264215m284736810005606774m-4890709829354881340m4432352682841323454titulo\"><b>5.\u00a0\u00a0\u00a0 ENCERRAMENTO<\/b><\/span><\/p>\n<p class=\"m_-8220323683384614848m7321921182519264215m284736810005606774m-4890709829354881340m4432352682841323454style6\" style=\"text-align: left;\"><span class=\"m_-8220323683384614848m7321921182519264215m284736810005606774m-4890709829354881340m4432352682841323454titulo\">\u2022\u00a0\u00a0\u00a0\u00a0\u00a0 Encaminhamentos<\/span><\/p>\n<p class=\"m_-8220323683384614848m7321921182519264215m284736810005606774m-4890709829354881340m4432352682841323454style6\" style=\"text-align: left;\"><span class=\"m_-8220323683384614848m7321921182519264215m284736810005606774m-4890709829354881340m4432352682841323454titulo\">\u2022\u00a0\u00a0\u00a0\u00a0\u00a0 Ora\u00e7\u00e3o: apresentar como a\u00e7\u00e3o de gra\u00e7as e s\u00faplica o que foi vivido no encontro e fazer o envio<\/span><\/p>\n<p class=\"m_-8220323683384614848m7321921182519264215m284736810005606774m-4890709829354881340m4432352682841323454style6\" style=\"text-align: left;\"><span class=\"m_-8220323683384614848m7321921182519264215m284736810005606774m-4890709829354881340m4432352682841323454titulo\">A todos um frutuoso encontro. O Senhor lhes d\u00ea a paz!<\/span><\/p>\n<p class=\"m_-8220323683384614848m7321921182519264215m284736810005606774m-4890709829354881340m4432352682841323454style6\" style=\"text-align: left;\" align=\"center\"><span class=\"m_-8220323683384614848m7321921182519264215m284736810005606774m-4890709829354881340m4432352682841323454titulo\"><b>Frei Antonio Michels, animador da Frente das Par\u00f3quias, Santu\u00e1rios e Centros de Acolhimento<\/b><\/span><\/p>\n","protected":false},"excerpt":{"rendered":"<p>Frente das Par\u00f3quias<\/p>\n","protected":false},"author":1,"featured_media":207900,"comment_status":"open","ping_status":"open","sticky":false,"template":"","format":"standard","meta":[],"categories":[1488],"tags":[1145],"acf":[],"yoast_head":"<!-- This site is optimized with the Yoast SEO plugin v19.2 - https:\/\/yoast.com\/wordpress\/plugins\/seo\/ -->\n<title>Encontro por regi\u00e3o da Frente das Par\u00f3quias, Santu\u00e1rios e Centros de Acolhimento - Not\u00edcias - Franciscanos<\/title>\n<meta name=\"robots\" content=\"index, follow, max-snippet:-1, max-image-preview:large, max-video-preview:-1\" \/>\n<link rel=\"canonical\" href=\"https:\/\/franciscanos.org.br\/noticias\/encontro-por-regiao-da-frente-das-paroquias-santuarios-e-centros-de-acolhimento.html\" \/>\n<meta property=\"og:locale\" content=\"pt_BR\" \/>\n<meta property=\"og:type\" content=\"article\" \/>\n<meta property=\"og:title\" content=\"Encontro por regi\u00e3o da Frente das Par\u00f3quias, Santu\u00e1rios e Centros de Acolhimento - Not\u00edcias - Franciscanos\" \/>\n<meta property=\"og:description\" content=\"Frente das Par\u00f3quias\" \/>\n<meta property=\"og:url\" content=\"https:\/\/franciscanos.org.br\/noticias\/encontro-por-regiao-da-frente-das-paroquias-santuarios-e-centros-de-acolhimento.html\" \/>\n<meta property=\"og:site_name\" content=\"Not\u00edcias - Franciscanos\" \/>\n<meta property=\"article:published_time\" content=\"2019-07-18T11:25:30+00:00\" \/>\n<meta property=\"og:image\" content=\"https:\/\/franciscanos.org.br\/noticias\/wp-content\/uploads\/2019\/07\/paroquias_180719-p.jpg\" \/>\n\t<meta property=\"og:image:width\" content=\"273\" \/>\n\t<meta property=\"og:image:height\" content=\"181\" \/>\n\t<meta property=\"og:image:type\" content=\"image\/jpeg\" \/>\n<meta name=\"author\" content=\"admin\" \/>\n<meta name=\"twitter:card\" content=\"summary_large_image\" \/>\n<meta name=\"twitter:label1\" content=\"Escrito por\" \/>\n\t<meta name=\"twitter:data1\" content=\"admin\" \/>\n\t<meta name=\"twitter:label2\" content=\"Est. tempo de leitura\" \/>\n\t<meta name=\"twitter:data2\" content=\"3 minutos\" \/>\n<script type=\"application\/ld+json\" class=\"yoast-schema-graph\">{\"@context\":\"https:\/\/schema.org\",\"@graph\":[{\"@type\":\"WebSite\",\"@id\":\"https:\/\/franciscanos.org.br\/noticias\/#website\",\"url\":\"https:\/\/franciscanos.org.br\/noticias\/\",\"name\":\"Not\u00edcias - Franciscanos\",\"description\":\"Prov\u00edncia Franciscana da Imaculada Concei\u00e7\u00e3o do Brasil - Ordem dos Frades Menores - OFM\",\"potentialAction\":[{\"@type\":\"SearchAction\",\"target\":{\"@type\":\"EntryPoint\",\"urlTemplate\":\"https:\/\/franciscanos.org.br\/noticias\/?s={search_term_string}\"},\"query-input\":\"required name=search_term_string\"}],\"inLanguage\":\"pt-BR\"},{\"@type\":\"ImageObject\",\"inLanguage\":\"pt-BR\",\"@id\":\"https:\/\/franciscanos.org.br\/noticias\/encontro-por-regiao-da-frente-das-paroquias-santuarios-e-centros-de-acolhimento.html#primaryimage\",\"url\":\"https:\/\/franciscanos.org.br\/noticias\/wp-content\/uploads\/2019\/07\/paroquias_180719-p.jpg\",\"contentUrl\":\"https:\/\/franciscanos.org.br\/noticias\/wp-content\/uploads\/2019\/07\/paroquias_180719-p.jpg\",\"width\":273,\"height\":181},{\"@type\":\"WebPage\",\"@id\":\"https:\/\/franciscanos.org.br\/noticias\/encontro-por-regiao-da-frente-das-paroquias-santuarios-e-centros-de-acolhimento.html#webpage\",\"url\":\"https:\/\/franciscanos.org.br\/noticias\/encontro-por-regiao-da-frente-das-paroquias-santuarios-e-centros-de-acolhimento.html\",\"name\":\"Encontro por regi\u00e3o da Frente das Par\u00f3quias, Santu\u00e1rios e Centros de Acolhimento - Not\u00edcias - Franciscanos\",\"isPartOf\":{\"@id\":\"https:\/\/franciscanos.org.br\/noticias\/#website\"},\"primaryImageOfPage\":{\"@id\":\"https:\/\/franciscanos.org.br\/noticias\/encontro-por-regiao-da-frente-das-paroquias-santuarios-e-centros-de-acolhimento.html#primaryimage\"},\"datePublished\":\"2019-07-18T11:25:30+00:00\",\"dateModified\":\"2019-07-18T11:25:30+00:00\",\"author\":{\"@id\":\"https:\/\/franciscanos.org.br\/noticias\/#\/schema\/person\/b38fbf43118f02820bd932f2e4b14ad3\"},\"breadcrumb\":{\"@id\":\"https:\/\/franciscanos.org.br\/noticias\/encontro-por-regiao-da-frente-das-paroquias-santuarios-e-centros-de-acolhimento.html#breadcrumb\"},\"inLanguage\":\"pt-BR\",\"potentialAction\":[{\"@type\":\"ReadAction\",\"target\":[\"https:\/\/franciscanos.org.br\/noticias\/encontro-por-regiao-da-frente-das-paroquias-santuarios-e-centros-de-acolhimento.html\"]}]},{\"@type\":\"BreadcrumbList\",\"@id\":\"https:\/\/franciscanos.org.br\/noticias\/encontro-por-regiao-da-frente-das-paroquias-santuarios-e-centros-de-acolhimento.html#breadcrumb\",\"itemListElement\":[{\"@type\":\"ListItem\",\"position\":1,\"name\":\"Home\",\"item\":\"https:\/\/franciscanos.org.br\/noticias\"},{\"@type\":\"ListItem\",\"position\":2,\"name\":\"Encontro por regi\u00e3o da Frente das Par\u00f3quias, Santu\u00e1rios e Centros de Acolhimento\"}]},{\"@type\":\"Person\",\"@id\":\"https:\/\/franciscanos.org.br\/noticias\/#\/schema\/person\/b38fbf43118f02820bd932f2e4b14ad3\",\"name\":\"admin\",\"image\":{\"@type\":\"ImageObject\",\"inLanguage\":\"pt-BR\",\"@id\":\"https:\/\/franciscanos.org.br\/noticias\/#\/schema\/person\/image\/\",\"url\":\"https:\/\/secure.gravatar.com\/avatar\/e8495742d34d0ba6448ea1c628263b3e?s=96&d=mm&r=g\",\"contentUrl\":\"https:\/\/secure.gravatar.com\/avatar\/e8495742d34d0ba6448ea1c628263b3e?s=96&d=mm&r=g\",\"caption\":\"admin\"},\"url\":\"https:\/\/franciscanos.org.br\/noticias\/author\/admin\"}]}<\/script>\n<!-- \/ Yoast SEO plugin. -->","yoast_head_json":{"title":"Encontro por regi\u00e3o da Frente das Par\u00f3quias, Santu\u00e1rios e Centros de Acolhimento - Not\u00edcias - Franciscanos","robots":{"index":"index","follow":"follow","max-snippet":"max-snippet:-1","max-image-preview":"max-image-preview:large","max-video-preview":"max-video-preview:-1"},"canonical":"https:\/\/franciscanos.org.br\/noticias\/encontro-por-regiao-da-frente-das-paroquias-santuarios-e-centros-de-acolhimento.html","og_locale":"pt_BR","og_type":"article","og_title":"Encontro por regi\u00e3o da Frente das Par\u00f3quias, Santu\u00e1rios e Centros de Acolhimento - Not\u00edcias - Franciscanos","og_description":"Frente das Par\u00f3quias","og_url":"https:\/\/franciscanos.org.br\/noticias\/encontro-por-regiao-da-frente-das-paroquias-santuarios-e-centros-de-acolhimento.html","og_site_name":"Not\u00edcias - Franciscanos","article_published_time":"2019-07-18T11:25:30+00:00","og_image":[{"width":273,"height":181,"url":"https:\/\/franciscanos.org.br\/noticias\/wp-content\/uploads\/2019\/07\/paroquias_180719-p.jpg","type":"image\/jpeg"}],"author":"admin","twitter_card":"summary_large_image","twitter_misc":{"Escrito por":"admin","Est. tempo de leitura":"3 minutos"},"schema":{"@context":"https:\/\/schema.org","@graph":[{"@type":"WebSite","@id":"https:\/\/franciscanos.org.br\/noticias\/#website","url":"https:\/\/franciscanos.org.br\/noticias\/","name":"Not\u00edcias - Franciscanos","description":"Prov\u00edncia Franciscana da Imaculada Concei\u00e7\u00e3o do Brasil - Ordem dos Frades Menores - OFM","potentialAction":[{"@type":"SearchAction","target":{"@type":"EntryPoint","urlTemplate":"https:\/\/franciscanos.org.br\/noticias\/?s={search_term_string}"},"query-input":"required name=search_term_string"}],"inLanguage":"pt-BR"},{"@type":"ImageObject","inLanguage":"pt-BR","@id":"https:\/\/franciscanos.org.br\/noticias\/encontro-por-regiao-da-frente-das-paroquias-santuarios-e-centros-de-acolhimento.html#primaryimage","url":"https:\/\/franciscanos.org.br\/noticias\/wp-content\/uploads\/2019\/07\/paroquias_180719-p.jpg","contentUrl":"https:\/\/franciscanos.org.br\/noticias\/wp-content\/uploads\/2019\/07\/paroquias_180719-p.jpg","width":273,"height":181},{"@type":"WebPage","@id":"https:\/\/franciscanos.org.br\/noticias\/encontro-por-regiao-da-frente-das-paroquias-santuarios-e-centros-de-acolhimento.html#webpage","url":"https:\/\/franciscanos.org.br\/noticias\/encontro-por-regiao-da-frente-das-paroquias-santuarios-e-centros-de-acolhimento.html","name":"Encontro por regi\u00e3o da Frente das Par\u00f3quias, Santu\u00e1rios e Centros de Acolhimento - Not\u00edcias - Franciscanos","isPartOf":{"@id":"https:\/\/franciscanos.org.br\/noticias\/#website"},"primaryImageOfPage":{"@id":"https:\/\/franciscanos.org.br\/noticias\/encontro-por-regiao-da-frente-das-paroquias-santuarios-e-centros-de-acolhimento.html#primaryimage"},"datePublished":"2019-07-18T11:25:30+00:00","dateModified":"2019-07-18T11:25:30+00:00","author":{"@id":"https:\/\/franciscanos.org.br\/noticias\/#\/schema\/person\/b38fbf43118f02820bd932f2e4b14ad3"},"breadcrumb":{"@id":"https:\/\/franciscanos.org.br\/noticias\/encontro-por-regiao-da-frente-das-paroquias-santuarios-e-centros-de-acolhimento.html#breadcrumb"},"inLanguage":"pt-BR","potentialAction":[{"@type":"ReadAction","target":["https:\/\/franciscanos.org.br\/noticias\/encontro-por-regiao-da-frente-das-paroquias-santuarios-e-centros-de-acolhimento.html"]}]},{"@type":"BreadcrumbList","@id":"https:\/\/franciscanos.org.br\/noticias\/encontro-por-regiao-da-frente-das-paroquias-santuarios-e-centros-de-acolhimento.html#breadcrumb","itemListElement":[{"@type":"ListItem","position":1,"name":"Home","item":"https:\/\/franciscanos.org.br\/noticias"},{"@type":"ListItem","position":2,"name":"Encontro por regi\u00e3o da Frente das Par\u00f3quias, Santu\u00e1rios e Centros de Acolhimento"}]},{"@type":"Person","@id":"https:\/\/franciscanos.org.br\/noticias\/#\/schema\/person\/b38fbf43118f02820bd932f2e4b14ad3","name":"admin","image":{"@type":"ImageObject","inLanguage":"pt-BR","@id":"https:\/\/franciscanos.org.br\/noticias\/#\/schema\/person\/image\/","url":"https:\/\/secure.gravatar.com\/avatar\/e8495742d34d0ba6448ea1c628263b3e?s=96&d=mm&r=g","contentUrl":"https:\/\/secure.gravatar.com\/avatar\/e8495742d34d0ba6448ea1c628263b3e?s=96&d=mm&r=g","caption":"admin"},"url":"https:\/\/franciscanos.org.br\/noticias\/author\/admin"}]}},"_links":{"self":[{"href":"https:\/\/franciscanos.org.br\/noticias\/wp-json\/wp\/v2\/posts\/207898"}],"collection":[{"href":"https:\/\/franciscanos.org.br\/noticias\/wp-json\/wp\/v2\/posts"}],"about":[{"href":"https:\/\/franciscanos.org.br\/noticias\/wp-json\/wp\/v2\/types\/post"}],"author":[{"embeddable":true,"href":"https:\/\/franciscanos.org.br\/noticias\/wp-json\/wp\/v2\/users\/1"}],"replies":[{"embeddable":true,"href":"https:\/\/franciscanos.org.br\/noticias\/wp-json\/wp\/v2\/comments?post=207898"}],"version-history":[{"count":0,"href":"https:\/\/franciscanos.org.br\/noticias\/wp-json\/wp\/v2\/posts\/207898\/revisions"}],"wp:featuredmedia":[{"embeddable":true,"href":"https:\/\/franciscanos.org.br\/noticias\/wp-json\/wp\/v2\/media\/207900"}],"wp:attachment":[{"href":"https:\/\/franciscanos.org.br\/noticias\/wp-json\/wp\/v2\/media?parent=207898"}],"wp:term":[{"taxonomy":"category","embeddable":true,"href":"https:\/\/franciscanos.org.br\/noticias\/wp-json\/wp\/v2\/categories?post=207898"},{"taxonomy":"post_tag","embeddable":true,"href":"https:\/\/franciscanos.org.br\/noticias\/wp-json\/wp\/v2\/tags?post=207898"}],"curies":[{"name":"wp","href":"https:\/\/api.w.org\/{rel}","templated":true}]}}