{"id":207809,"date":"2019-07-18T02:16:52","date_gmt":"2019-07-18T05:16:52","guid":{"rendered":"https:\/\/franciscanos.org.br\/noticias\/?p=207809"},"modified":"2019-07-18T07:54:05","modified_gmt":"2019-07-18T10:54:05","slug":"parem-de-nos-matar-pedem-os-jovens-franciscanos","status":"publish","type":"post","link":"https:\/\/franciscanos.org.br\/noticias\/parem-de-nos-matar-pedem-os-jovens-franciscanos.html","title":{"rendered":"&#8220;Parem de nos matar!&#8221;, pedem os jovens franciscanos"},"content":{"rendered":"<p><img loading=\"lazy\" class=\"alignnone wp-image-207810 size-full\" src=\"https:\/\/franciscanos.org.br\/noticias\/wp-content\/uploads\/2019\/07\/primeiro_1807_1.jpg\" alt=\"\" width=\"890\" height=\"510\" srcset=\"https:\/\/franciscanos.org.br\/noticias\/wp-content\/uploads\/2019\/07\/primeiro_1807_1.jpg 890w, https:\/\/franciscanos.org.br\/noticias\/wp-content\/uploads\/2019\/07\/primeiro_1807_1-450x258.jpg 450w, https:\/\/franciscanos.org.br\/noticias\/wp-content\/uploads\/2019\/07\/primeiro_1807_1-768x440.jpg 768w, https:\/\/franciscanos.org.br\/noticias\/wp-content\/uploads\/2019\/07\/primeiro_1807_1-150x86.jpg 150w\" sizes=\"(max-width: 890px) 100vw, 890px\" \/><\/p>\n<p><strong>Rio de Janeiro (RJ)<\/strong> &#8211; O primeiro dia das Miss\u00f5es Franciscanas da Juventude no Rio de Janeiro n\u00e3o ser\u00e1 esquecido t\u00e3o cedo pelos 600 jovens que se encontraram na Catedral S\u00e3o Sebasti\u00e3o nesta quarta-feira, 17 de julho. O grupo de jovens das Par\u00f3quias Nossa Senhora Aparecida e Nossa Senhora da Concei\u00e7\u00e3o de Nil\u00f3polis conduziu a m\u00edstica do dia, denunciando a viol\u00eancia que hoje ceifa vidas no pa\u00eds e, principalmente, no Rio de Janeiro. &#8220;Parem de nos matar!&#8221;, pediram os jovens durante a din\u00e2mica da tarde. Esse pedido ganhou for\u00e7a e, mais \u00e0 noite, levou os jovens \u00e0 como\u00e7\u00e3o com a representa\u00e7\u00e3o teatral das mortes de jovens nos \u00faltimos anos, especialmente a de Marcus Vin\u00edcius, de apenas 14 anos, que foi assassinado a caminho da escola, no Complexo da Mar\u00e9, zona norte do Rio de Janeiro. Sua m\u00e3e, a empregada dom\u00e9stica Bruna Silva, de 36 anos, emocionou os 600 jovens ao mostrar a camisa ainda ensanguentada do seu filho.<\/p>\n<p>Depois de ouvirem o depoimento da m\u00e3e de Vinicius, os jovens acenderam velas e deixaram o sal\u00e3o de Eventos para continuarem a m\u00edstica no altar da Catedral. Um quadro de dois metros trouxe um Cristo negro crucificado, representando todos os tipos de preconceito e viol\u00eancia que s\u00e3o cometidos. Essa cruz foi carregada em prociss\u00e3o da Catedral at\u00e9 o Convento Santo Ant\u00f4nio.<\/p>\n<p><img loading=\"lazy\" class=\"alignnone size-full wp-image-207812\" src=\"https:\/\/franciscanos.org.br\/noticias\/wp-content\/uploads\/2019\/07\/primeiro_1807_4.jpg\" alt=\"\" width=\"890\" height=\"612\" srcset=\"https:\/\/franciscanos.org.br\/noticias\/wp-content\/uploads\/2019\/07\/primeiro_1807_4.jpg 890w, https:\/\/franciscanos.org.br\/noticias\/wp-content\/uploads\/2019\/07\/primeiro_1807_4-450x309.jpg 450w, https:\/\/franciscanos.org.br\/noticias\/wp-content\/uploads\/2019\/07\/primeiro_1807_4-768x528.jpg 768w, https:\/\/franciscanos.org.br\/noticias\/wp-content\/uploads\/2019\/07\/primeiro_1807_4-150x103.jpg 150w, https:\/\/franciscanos.org.br\/noticias\/wp-content\/uploads\/2019\/07\/primeiro_1807_4-320x220.jpg 320w\" sizes=\"(max-width: 890px) 100vw, 890px\" \/><\/p>\n<p>Durante todo o trajeto, os jovens continuaram denunciando todas as formas de exclus\u00e3o, desigualdades e as causas profundas que levam o povo a viver em condi\u00e7\u00f5es de vida prec\u00e1rias. Antes de entrarem na capela do Convento, os jovens pintaram as m\u00e3os com uma tinta vermelha para imprimiram a marca na cruz. Na frente do Convento, os frades esperaram os jovens com bacias de \u00e1gua para lavarem as m\u00e3os. J\u00e1 era mais de 22 horas quando teve in\u00edcio a Adora\u00e7\u00e3o do Sant\u00edssimo.<\/p>\n<p>Segundo Frei Diego Melo, animador vocacional da Prov\u00edncia Franciscana da Imaculada Concei\u00e7\u00e3o e coordenador das Miss\u00f5es, foi um dia intenso, marcado pelo reencontro e pela sauda\u00e7\u00e3o de <em>Paz e Bem<\/em>. &#8220;Um dia marcado pela ora\u00e7\u00e3o inicial, que j\u00e1 nos colocou dentro da din\u00e2mica e no tom do lema dessas Miss\u00f5es: \u2018Profetas do di\u00e1logo e do respeito: ternura que acolhe a paz, com o vigor que supera a viol\u00eancia\u2019. Frei Diego se referia \u00e0 ora\u00e7\u00e3o inicial das 15 horas, que come\u00e7ou no interior do Catedral e terminou no Sal\u00e3o de Eventos. O grupo de jovens de Nil\u00f3polis acolheu os participantes destas Miss\u00f5es com um abra\u00e7o. Eles, contudo, estavam caracterizados de migrantes, LGBTs, \u00edndios, negros, mulheres, favelados. Cada jovem explicou a sua representa\u00e7\u00e3o, terminando com o grito de todos: &#8220;Parem de nos matar&#8221;.<\/p>\n<p><img loading=\"lazy\" class=\"alignnone size-full wp-image-207813\" src=\"https:\/\/franciscanos.org.br\/noticias\/wp-content\/uploads\/2019\/07\/primeiro_1807.jpg\" alt=\"\" width=\"890\" height=\"593\" srcset=\"https:\/\/franciscanos.org.br\/noticias\/wp-content\/uploads\/2019\/07\/primeiro_1807.jpg 890w, https:\/\/franciscanos.org.br\/noticias\/wp-content\/uploads\/2019\/07\/primeiro_1807-450x300.jpg 450w, https:\/\/franciscanos.org.br\/noticias\/wp-content\/uploads\/2019\/07\/primeiro_1807-768x512.jpg 768w, https:\/\/franciscanos.org.br\/noticias\/wp-content\/uploads\/2019\/07\/primeiro_1807-150x100.jpg 150w\" sizes=\"(max-width: 890px) 100vw, 890px\" \/><\/p>\n<p>Na entrada do sal\u00e3o, os jovens franciscanos receberam uma frase escrita para meditar e um gr\u00e3ozinho de incenso para queimar diante do Crucifixo de S\u00e3o Dami\u00e3o.<\/p>\n<p><strong>COMO\u00c7\u00c3O<\/strong><\/p>\n<p>A encena\u00e7\u00e3o da morte de Marcus Vinicius foi feita pelo jovem V\u00edtor Hugo, que se emocionou muito e levou os jovens \u00e0s l\u00e1grimas. &#8220;Eu achei que seria s\u00f3 um evento aqui. N\u00e3o. \u00c9 um evento que a gente fala de Jesus, de Deus, de amor&#8221;, disse Bruna. &#8220;Gente, est\u00e1 dif\u00edcil para criar um filho no mundo de hoje, onde o \u00f3dio prevalece. Eu acredito que o meu filho, quando ele foi tombado, levantou muitos outros filhos. Hoje, a minha luta \u00e9 pelo meu filho, \u00e9 pela minha filha, pelas filhas de todo mundo, \u00e9 por voc\u00eas que est\u00e3o aqui. A gente tem que se unir&#8221;, disse Bruna, que cria uma filha de 13 anos.<\/p>\n<p><img loading=\"lazy\" class=\"alignnone size-full wp-image-207814\" src=\"https:\/\/franciscanos.org.br\/noticias\/wp-content\/uploads\/2019\/07\/primeiro_1807_6.jpg\" alt=\"\" width=\"890\" height=\"1137\" srcset=\"https:\/\/franciscanos.org.br\/noticias\/wp-content\/uploads\/2019\/07\/primeiro_1807_6.jpg 890w, https:\/\/franciscanos.org.br\/noticias\/wp-content\/uploads\/2019\/07\/primeiro_1807_6-352x450.jpg 352w, https:\/\/franciscanos.org.br\/noticias\/wp-content\/uploads\/2019\/07\/primeiro_1807_6-768x981.jpg 768w, https:\/\/franciscanos.org.br\/noticias\/wp-content\/uploads\/2019\/07\/primeiro_1807_6-802x1024.jpg 802w, https:\/\/franciscanos.org.br\/noticias\/wp-content\/uploads\/2019\/07\/primeiro_1807_6-150x192.jpg 150w\" sizes=\"(max-width: 890px) 100vw, 890px\" \/><\/p>\n<p>&#8220;Sempre falava para o Marcus se esconder quando visse uma opera\u00e7\u00e3o policial. Ele me dizia: &#8216;N\u00e3o m\u00e3e, eles n\u00e3o atiram em estudante, n\u00e3o!&#8217; Meu filho foi morto com a roupa e o material de escola. N\u00e3o d\u00e1 para a gente cruzar os bra\u00e7os. N\u00e3o d\u00e1 para deixar que morram mais Marcus Vinicius a caminho da escola. N\u00e3o podemos aceitar mais Marias Eduardas mortas dentro da escola. A gente n\u00e3o pode aceitar o genoc\u00eddio de nossos filhos. A gente cria os nossos filhos com toda a dificuldade, a\u00ed eles denigrem a nossa imagem para justificar o injustific\u00e1vel&#8221;, criticou.<\/p>\n<p>&#8220;A gente sabe que o Estado entra l\u00e1 na favela para trabalhar. Mas a gente quer que o Estado trabalhe a favor da gente. Eles est\u00e3o ali para nos proteger, para guardar a nossa vida, mas s\u00e3o eles que est\u00e3o nos matando&#8221;, lamentou, mostrando a camisa de Marcus Vinicius quando foi assassinado.\u00a0 &#8220;Essa \u00e9 a blusa verdadeira dele. N\u00e3o \u00e9 de uma pe\u00e7a de teatro. \u00c9 original. Essa blusa me d\u00e1 for\u00e7a. A gente n\u00e3o pode aceitar blusas como essas. Ela \u00e9 uma vergonha para o Estado e para o Brasil. A gente quer nossos filhos vivos para o bem desse pa\u00eds, para o bem nosso. Se n\u00e3o for eles, vamos ser somente idosos&#8221;, disse.<\/p>\n<p><iframe loading=\"lazy\" src=\"https:\/\/www.youtube.com\/embed\/s0efsJByJFg\" width=\"100%\" height=\"480\" frameborder=\"0\" allowfullscreen=\"allowfullscreen\"><span data-mce-type=\"bookmark\" style=\"display: inline-block; width: 0px; overflow: hidden; line-height: 0;\" class=\"mce_SELRES_start\">\ufeff<\/span><\/iframe><\/p>\n<p>&#8220;A gente vai combater esse \u00f3dio. N\u00f3s somos m\u00e3es e voc\u00eas s\u00e3o nossos filhos. A gente n\u00e3o quer que mais Marcus Vinicius sejam tombados pelo estado. A gente quer que sejam o futuro. O meu luto \u00e9 a luta&#8221;, ressaltou Bruna.<\/p>\n<p><strong>COMPROMISSO<\/strong><\/p>\n<p>Segundo Frei Diego, Bruna est\u00e1 representada na cruz que tem o nome de Marcus, o nome de Jos\u00e9, o nome de Ant\u00f4nio, os nomes de tantos jovens, de tantas pessoas que est\u00e3o sendo crucificadas. &#8220;S\u00f3 que para n\u00f3s a cruz, que era s\u00edmbolo de derrota, tornou-se s\u00edmbolo de vit\u00f3ria. Para voc\u00ea tamb\u00e9m, Bruna. A dor do teu luto est\u00e1 se transformando em luta e nessa luta voc\u00ea n\u00e3o vai ficar sozinha. N\u00f3s, como jovens, nos comprometemos a partir de hoje a dizer sim \u00e0 vida, a dizer n\u00e3o \u00e0s armas. A n\u00e3o apoiar aqueles que pregam o exterm\u00ednio dos pobres, dos negros, dos favelados. Bruna, n\u00e3o posso me comprometer sozinho e queria que esses jovens, a partir de hoje, fossem solid\u00e1rios \u00e0 tua dor, fazendo-se instrumentos da paz e renunciando a todo tipo de viol\u00eancia, de guerra e divis\u00e3o. Se voc\u00eas, jovens, est\u00e3o de acordo com essa proposta, sinalizem levantando as velas&#8221;, pediu Frei Diego. As velas se levantaram todas. &#8220;Marcus Vinicius est\u00e1 vivo nessas luzes que agora se levantam. Que essas luzes te ajudem, Bruna, a passar pela dor, pela escurid\u00e3o, e a se transformarem em ressurrei\u00e7\u00e3o&#8221;, desejou Frei Diego.<\/p>\n<p>&#8220;Vamos pregar o amor. Fa\u00e7am sempre o bem. Deixo o meu amor para voc\u00eas. Com certeza, vou casa mais fortalecida hoje. Do luto para luta. A gente quer uma vit\u00f3ria de amor e n\u00e3o vamos desistir, n\u00e3o&#8221;, despediu-se Bruna.<\/p>\n<p><img loading=\"lazy\" class=\"alignnone size-full wp-image-207817\" src=\"https:\/\/franciscanos.org.br\/noticias\/wp-content\/uploads\/2019\/07\/primeiro_1807_7.jpg\" alt=\"\" width=\"890\" height=\"668\" srcset=\"https:\/\/franciscanos.org.br\/noticias\/wp-content\/uploads\/2019\/07\/primeiro_1807_7.jpg 890w, https:\/\/franciscanos.org.br\/noticias\/wp-content\/uploads\/2019\/07\/primeiro_1807_7-450x338.jpg 450w, https:\/\/franciscanos.org.br\/noticias\/wp-content\/uploads\/2019\/07\/primeiro_1807_7-768x576.jpg 768w, https:\/\/franciscanos.org.br\/noticias\/wp-content\/uploads\/2019\/07\/primeiro_1807_7-150x113.jpg 150w, https:\/\/franciscanos.org.br\/noticias\/wp-content\/uploads\/2019\/07\/primeiro_1807_7-600x450.jpg 600w\" sizes=\"(max-width: 890px) 100vw, 890px\" \/><\/p>\n<p>Frei Diego estava feliz com o interesse dos jovens pelas Miss\u00f5es. &#8220;Aqui n\u00f3s somamos mais de 600 jovens. E por que essa juventude est\u00e1 aqui reunida? Para fazer uma experi\u00eancia de miss\u00e3o, de doa\u00e7\u00e3o, de encontro, de compaix\u00e3o, de solidariedade, encontro com Deus e com os irm\u00e3os. Tudo o que foi preparado com carinho por uma equipe enorme, que tem por objetivo proporcionar cinco dias de uma experi\u00eancia mission\u00e1ria. Tudo o que voc\u00eas est\u00e3o vendo aqui, foi pensando e sonhado h\u00e1 muito tempo. Ent\u00e3o, o que queremos dizer \u00e9: Sejam muito bem-vindos!&#8221;, desejou o coordenador das Miss\u00f5es.<\/p>\n<p>Neste segundo dia das Miss\u00f5es, os jovens continuam na Catedral, onde ter\u00e3o um dia de forma\u00e7\u00e3o. De manh\u00e3 ter\u00e3o palestras e \u00e0 tarde, as oficinas. \u00c0s 17 horas, Frei Diego preside a Missa de Envio dos jovens para as nove Par\u00f3quias franciscanas no Estado do Rio de Janeiro.<\/p>\n<p><strong>Equipe de Comunica\u00e7\u00e3o das Miss\u00f5es<\/strong><\/p>\n<p><img loading=\"lazy\" class=\"alignnone size-full wp-image-207818\" src=\"https:\/\/franciscanos.org.br\/noticias\/wp-content\/uploads\/2019\/07\/primeiro_1807_3.jpg\" alt=\"\" width=\"890\" height=\"593\" srcset=\"https:\/\/franciscanos.org.br\/noticias\/wp-content\/uploads\/2019\/07\/primeiro_1807_3.jpg 890w, https:\/\/franciscanos.org.br\/noticias\/wp-content\/uploads\/2019\/07\/primeiro_1807_3-450x300.jpg 450w, https:\/\/franciscanos.org.br\/noticias\/wp-content\/uploads\/2019\/07\/primeiro_1807_3-768x512.jpg 768w, https:\/\/franciscanos.org.br\/noticias\/wp-content\/uploads\/2019\/07\/primeiro_1807_3-150x100.jpg 150w\" sizes=\"(max-width: 890px) 100vw, 890px\" \/><\/p>\n<p style=\"text-align: center;\"><strong>VEJA MAIS IMAGENS DO PRIMEIRO DIA DAS MISS\u00d5ES<\/strong><\/p>\n\n\t\t<style type=\"text\/css\">\n\t\t\t#gallery-1 {\n\t\t\t\tmargin: auto;\n\t\t\t}\n\t\t\t#gallery-1 .gallery-item {\n\t\t\t\tfloat: left;\n\t\t\t\tmargin-top: 10px;\n\t\t\t\ttext-align: center;\n\t\t\t\twidth: 25%;\n\t\t\t}\n\t\t\t#gallery-1 img {\n\t\t\t\tborder: 2px solid #cfcfcf;\n\t\t\t}\n\t\t\t#gallery-1 .gallery-caption {\n\t\t\t\tmargin-left: 0;\n\t\t\t}\n\t\t\t\/* see gallery_shortcode() in wp-includes\/media.php *\/\n\t\t<\/style>\n\t\t<div id='gallery-1' class='gallery galleryid-207809 gallery-columns-4 gallery-size-thumbnail'><dl class='gallery-item'>\n\t\t\t<dt class='gallery-icon portrait'>\n\t\t\t\t<a href='https:\/\/franciscanos.org.br\/noticias\/wp-content\/uploads\/2019\/07\/rio-1.jpg'><img width=\"300\" height=\"300\" src=\"https:\/\/franciscanos.org.br\/noticias\/wp-content\/uploads\/2019\/07\/rio-1-300x300.jpg\" class=\"attachment-thumbnail size-thumbnail\" alt=\"\" loading=\"lazy\" srcset=\"https:\/\/franciscanos.org.br\/noticias\/wp-content\/uploads\/2019\/07\/rio-1-300x300.jpg 300w, https:\/\/franciscanos.org.br\/noticias\/wp-content\/uploads\/2019\/07\/rio-1-100x100.jpg 100w, https:\/\/franciscanos.org.br\/noticias\/wp-content\/uploads\/2019\/07\/rio-1-400x400.jpg 400w\" sizes=\"(max-width: 300px) 100vw, 300px\" \/><\/a>\n\t\t\t<\/dt><\/dl><dl class='gallery-item'>\n\t\t\t<dt class='gallery-icon landscape'>\n\t\t\t\t<a href='https:\/\/franciscanos.org.br\/noticias\/wp-content\/uploads\/2019\/07\/rio-2.jpg'><img width=\"300\" height=\"300\" src=\"https:\/\/franciscanos.org.br\/noticias\/wp-content\/uploads\/2019\/07\/rio-2-300x300.jpg\" class=\"attachment-thumbnail size-thumbnail\" alt=\"\" loading=\"lazy\" srcset=\"https:\/\/franciscanos.org.br\/noticias\/wp-content\/uploads\/2019\/07\/rio-2-300x300.jpg 300w, https:\/\/franciscanos.org.br\/noticias\/wp-content\/uploads\/2019\/07\/rio-2-100x100.jpg 100w, https:\/\/franciscanos.org.br\/noticias\/wp-content\/uploads\/2019\/07\/rio-2-400x400.jpg 400w\" sizes=\"(max-width: 300px) 100vw, 300px\" \/><\/a>\n\t\t\t<\/dt><\/dl><dl class='gallery-item'>\n\t\t\t<dt class='gallery-icon landscape'>\n\t\t\t\t<a href='https:\/\/franciscanos.org.br\/noticias\/wp-content\/uploads\/2019\/07\/rio-3.jpg'><img width=\"300\" height=\"300\" src=\"https:\/\/franciscanos.org.br\/noticias\/wp-content\/uploads\/2019\/07\/rio-3-300x300.jpg\" class=\"attachment-thumbnail size-thumbnail\" alt=\"\" loading=\"lazy\" srcset=\"https:\/\/franciscanos.org.br\/noticias\/wp-content\/uploads\/2019\/07\/rio-3-300x300.jpg 300w, https:\/\/franciscanos.org.br\/noticias\/wp-content\/uploads\/2019\/07\/rio-3-100x100.jpg 100w, https:\/\/franciscanos.org.br\/noticias\/wp-content\/uploads\/2019\/07\/rio-3-400x400.jpg 400w\" sizes=\"(max-width: 300px) 100vw, 300px\" \/><\/a>\n\t\t\t<\/dt><\/dl><dl class='gallery-item'>\n\t\t\t<dt class='gallery-icon landscape'>\n\t\t\t\t<a href='https:\/\/franciscanos.org.br\/noticias\/wp-content\/uploads\/2019\/07\/rio-4.jpg'><img width=\"300\" height=\"300\" src=\"https:\/\/franciscanos.org.br\/noticias\/wp-content\/uploads\/2019\/07\/rio-4-300x300.jpg\" class=\"attachment-thumbnail size-thumbnail\" alt=\"\" loading=\"lazy\" srcset=\"https:\/\/franciscanos.org.br\/noticias\/wp-content\/uploads\/2019\/07\/rio-4-300x300.jpg 300w, https:\/\/franciscanos.org.br\/noticias\/wp-content\/uploads\/2019\/07\/rio-4-100x100.jpg 100w, https:\/\/franciscanos.org.br\/noticias\/wp-content\/uploads\/2019\/07\/rio-4-400x400.jpg 400w\" sizes=\"(max-width: 300px) 100vw, 300px\" \/><\/a>\n\t\t\t<\/dt><\/dl><br style=\"clear: both\" \/><dl class='gallery-item'>\n\t\t\t<dt class='gallery-icon landscape'>\n\t\t\t\t<a href='https:\/\/franciscanos.org.br\/noticias\/wp-content\/uploads\/2019\/07\/rio-5.jpg'><img width=\"300\" height=\"300\" src=\"https:\/\/franciscanos.org.br\/noticias\/wp-content\/uploads\/2019\/07\/rio-5-300x300.jpg\" class=\"attachment-thumbnail size-thumbnail\" alt=\"\" loading=\"lazy\" srcset=\"https:\/\/franciscanos.org.br\/noticias\/wp-content\/uploads\/2019\/07\/rio-5-300x300.jpg 300w, https:\/\/franciscanos.org.br\/noticias\/wp-content\/uploads\/2019\/07\/rio-5-100x100.jpg 100w, https:\/\/franciscanos.org.br\/noticias\/wp-content\/uploads\/2019\/07\/rio-5-400x400.jpg 400w\" sizes=\"(max-width: 300px) 100vw, 300px\" \/><\/a>\n\t\t\t<\/dt><\/dl><dl class='gallery-item'>\n\t\t\t<dt class='gallery-icon landscape'>\n\t\t\t\t<a href='https:\/\/franciscanos.org.br\/noticias\/wp-content\/uploads\/2019\/07\/rio-6.jpg'><img width=\"300\" height=\"300\" src=\"https:\/\/franciscanos.org.br\/noticias\/wp-content\/uploads\/2019\/07\/rio-6-300x300.jpg\" class=\"attachment-thumbnail size-thumbnail\" alt=\"\" loading=\"lazy\" srcset=\"https:\/\/franciscanos.org.br\/noticias\/wp-content\/uploads\/2019\/07\/rio-6-300x300.jpg 300w, https:\/\/franciscanos.org.br\/noticias\/wp-content\/uploads\/2019\/07\/rio-6-100x100.jpg 100w, https:\/\/franciscanos.org.br\/noticias\/wp-content\/uploads\/2019\/07\/rio-6-400x400.jpg 400w\" sizes=\"(max-width: 300px) 100vw, 300px\" \/><\/a>\n\t\t\t<\/dt><\/dl><dl class='gallery-item'>\n\t\t\t<dt class='gallery-icon landscape'>\n\t\t\t\t<a href='https:\/\/franciscanos.org.br\/noticias\/wp-content\/uploads\/2019\/07\/rio-7.jpg'><img width=\"300\" height=\"300\" src=\"https:\/\/franciscanos.org.br\/noticias\/wp-content\/uploads\/2019\/07\/rio-7-300x300.jpg\" class=\"attachment-thumbnail size-thumbnail\" alt=\"\" loading=\"lazy\" srcset=\"https:\/\/franciscanos.org.br\/noticias\/wp-content\/uploads\/2019\/07\/rio-7-300x300.jpg 300w, https:\/\/franciscanos.org.br\/noticias\/wp-content\/uploads\/2019\/07\/rio-7-100x100.jpg 100w, https:\/\/franciscanos.org.br\/noticias\/wp-content\/uploads\/2019\/07\/rio-7-400x400.jpg 400w\" sizes=\"(max-width: 300px) 100vw, 300px\" \/><\/a>\n\t\t\t<\/dt><\/dl><dl class='gallery-item'>\n\t\t\t<dt class='gallery-icon portrait'>\n\t\t\t\t<a href='https:\/\/franciscanos.org.br\/noticias\/wp-content\/uploads\/2019\/07\/rio-8.jpg'><img width=\"300\" height=\"300\" src=\"https:\/\/franciscanos.org.br\/noticias\/wp-content\/uploads\/2019\/07\/rio-8-300x300.jpg\" class=\"attachment-thumbnail size-thumbnail\" alt=\"\" loading=\"lazy\" srcset=\"https:\/\/franciscanos.org.br\/noticias\/wp-content\/uploads\/2019\/07\/rio-8-300x300.jpg 300w, https:\/\/franciscanos.org.br\/noticias\/wp-content\/uploads\/2019\/07\/rio-8-100x100.jpg 100w, https:\/\/franciscanos.org.br\/noticias\/wp-content\/uploads\/2019\/07\/rio-8-400x400.jpg 400w\" sizes=\"(max-width: 300px) 100vw, 300px\" \/><\/a>\n\t\t\t<\/dt><\/dl><br style=\"clear: both\" \/><dl class='gallery-item'>\n\t\t\t<dt class='gallery-icon landscape'>\n\t\t\t\t<a href='https:\/\/franciscanos.org.br\/noticias\/wp-content\/uploads\/2019\/07\/rio-9.jpg'><img width=\"300\" height=\"300\" src=\"https:\/\/franciscanos.org.br\/noticias\/wp-content\/uploads\/2019\/07\/rio-9-300x300.jpg\" class=\"attachment-thumbnail size-thumbnail\" alt=\"\" loading=\"lazy\" srcset=\"https:\/\/franciscanos.org.br\/noticias\/wp-content\/uploads\/2019\/07\/rio-9-300x300.jpg 300w, https:\/\/franciscanos.org.br\/noticias\/wp-content\/uploads\/2019\/07\/rio-9-100x100.jpg 100w, https:\/\/franciscanos.org.br\/noticias\/wp-content\/uploads\/2019\/07\/rio-9-400x400.jpg 400w\" sizes=\"(max-width: 300px) 100vw, 300px\" \/><\/a>\n\t\t\t<\/dt><\/dl><dl class='gallery-item'>\n\t\t\t<dt class='gallery-icon landscape'>\n\t\t\t\t<a href='https:\/\/franciscanos.org.br\/noticias\/wp-content\/uploads\/2019\/07\/rio-10.jpg'><img width=\"300\" height=\"300\" src=\"https:\/\/franciscanos.org.br\/noticias\/wp-content\/uploads\/2019\/07\/rio-10-300x300.jpg\" class=\"attachment-thumbnail size-thumbnail\" alt=\"\" loading=\"lazy\" srcset=\"https:\/\/franciscanos.org.br\/noticias\/wp-content\/uploads\/2019\/07\/rio-10-300x300.jpg 300w, https:\/\/franciscanos.org.br\/noticias\/wp-content\/uploads\/2019\/07\/rio-10-100x100.jpg 100w, https:\/\/franciscanos.org.br\/noticias\/wp-content\/uploads\/2019\/07\/rio-10-400x400.jpg 400w\" sizes=\"(max-width: 300px) 100vw, 300px\" \/><\/a>\n\t\t\t<\/dt><\/dl><dl class='gallery-item'>\n\t\t\t<dt class='gallery-icon landscape'>\n\t\t\t\t<a href='https:\/\/franciscanos.org.br\/noticias\/wp-content\/uploads\/2019\/07\/rio-11.jpg'><img width=\"300\" height=\"300\" src=\"https:\/\/franciscanos.org.br\/noticias\/wp-content\/uploads\/2019\/07\/rio-11-300x300.jpg\" class=\"attachment-thumbnail size-thumbnail\" alt=\"\" loading=\"lazy\" srcset=\"https:\/\/franciscanos.org.br\/noticias\/wp-content\/uploads\/2019\/07\/rio-11-300x300.jpg 300w, https:\/\/franciscanos.org.br\/noticias\/wp-content\/uploads\/2019\/07\/rio-11-100x100.jpg 100w, https:\/\/franciscanos.org.br\/noticias\/wp-content\/uploads\/2019\/07\/rio-11-400x400.jpg 400w\" sizes=\"(max-width: 300px) 100vw, 300px\" \/><\/a>\n\t\t\t<\/dt><\/dl><dl class='gallery-item'>\n\t\t\t<dt class='gallery-icon portrait'>\n\t\t\t\t<a href='https:\/\/franciscanos.org.br\/noticias\/wp-content\/uploads\/2019\/07\/rio-12.jpg'><img width=\"300\" height=\"300\" src=\"https:\/\/franciscanos.org.br\/noticias\/wp-content\/uploads\/2019\/07\/rio-12-300x300.jpg\" class=\"attachment-thumbnail size-thumbnail\" alt=\"\" loading=\"lazy\" srcset=\"https:\/\/franciscanos.org.br\/noticias\/wp-content\/uploads\/2019\/07\/rio-12-300x300.jpg 300w, https:\/\/franciscanos.org.br\/noticias\/wp-content\/uploads\/2019\/07\/rio-12-100x100.jpg 100w, https:\/\/franciscanos.org.br\/noticias\/wp-content\/uploads\/2019\/07\/rio-12-400x400.jpg 400w\" sizes=\"(max-width: 300px) 100vw, 300px\" \/><\/a>\n\t\t\t<\/dt><\/dl><br style=\"clear: both\" \/><dl class='gallery-item'>\n\t\t\t<dt class='gallery-icon landscape'>\n\t\t\t\t<a href='https:\/\/franciscanos.org.br\/noticias\/wp-content\/uploads\/2019\/07\/rio-13.jpg'><img width=\"300\" height=\"300\" src=\"https:\/\/franciscanos.org.br\/noticias\/wp-content\/uploads\/2019\/07\/rio-13-300x300.jpg\" class=\"attachment-thumbnail size-thumbnail\" alt=\"\" loading=\"lazy\" srcset=\"https:\/\/franciscanos.org.br\/noticias\/wp-content\/uploads\/2019\/07\/rio-13-300x300.jpg 300w, https:\/\/franciscanos.org.br\/noticias\/wp-content\/uploads\/2019\/07\/rio-13-100x100.jpg 100w, https:\/\/franciscanos.org.br\/noticias\/wp-content\/uploads\/2019\/07\/rio-13-400x400.jpg 400w\" sizes=\"(max-width: 300px) 100vw, 300px\" \/><\/a>\n\t\t\t<\/dt><\/dl><dl class='gallery-item'>\n\t\t\t<dt class='gallery-icon portrait'>\n\t\t\t\t<a href='https:\/\/franciscanos.org.br\/noticias\/wp-content\/uploads\/2019\/07\/rio-14.jpg'><img width=\"300\" height=\"300\" src=\"https:\/\/franciscanos.org.br\/noticias\/wp-content\/uploads\/2019\/07\/rio-14-300x300.jpg\" class=\"attachment-thumbnail size-thumbnail\" alt=\"\" loading=\"lazy\" srcset=\"https:\/\/franciscanos.org.br\/noticias\/wp-content\/uploads\/2019\/07\/rio-14-300x300.jpg 300w, https:\/\/franciscanos.org.br\/noticias\/wp-content\/uploads\/2019\/07\/rio-14-100x100.jpg 100w, https:\/\/franciscanos.org.br\/noticias\/wp-content\/uploads\/2019\/07\/rio-14-400x400.jpg 400w\" sizes=\"(max-width: 300px) 100vw, 300px\" \/><\/a>\n\t\t\t<\/dt><\/dl><dl class='gallery-item'>\n\t\t\t<dt class='gallery-icon landscape'>\n\t\t\t\t<a href='https:\/\/franciscanos.org.br\/noticias\/wp-content\/uploads\/2019\/07\/rio-15.jpg'><img width=\"300\" height=\"300\" src=\"https:\/\/franciscanos.org.br\/noticias\/wp-content\/uploads\/2019\/07\/rio-15-300x300.jpg\" class=\"attachment-thumbnail size-thumbnail\" alt=\"\" loading=\"lazy\" srcset=\"https:\/\/franciscanos.org.br\/noticias\/wp-content\/uploads\/2019\/07\/rio-15-300x300.jpg 300w, https:\/\/franciscanos.org.br\/noticias\/wp-content\/uploads\/2019\/07\/rio-15-100x100.jpg 100w, https:\/\/franciscanos.org.br\/noticias\/wp-content\/uploads\/2019\/07\/rio-15-400x400.jpg 400w\" sizes=\"(max-width: 300px) 100vw, 300px\" \/><\/a>\n\t\t\t<\/dt><\/dl><dl class='gallery-item'>\n\t\t\t<dt class='gallery-icon landscape'>\n\t\t\t\t<a href='https:\/\/franciscanos.org.br\/noticias\/wp-content\/uploads\/2019\/07\/rio-16.jpg'><img width=\"300\" height=\"300\" src=\"https:\/\/franciscanos.org.br\/noticias\/wp-content\/uploads\/2019\/07\/rio-16-300x300.jpg\" class=\"attachment-thumbnail size-thumbnail\" alt=\"\" loading=\"lazy\" srcset=\"https:\/\/franciscanos.org.br\/noticias\/wp-content\/uploads\/2019\/07\/rio-16-300x300.jpg 300w, https:\/\/franciscanos.org.br\/noticias\/wp-content\/uploads\/2019\/07\/rio-16-100x100.jpg 100w, https:\/\/franciscanos.org.br\/noticias\/wp-content\/uploads\/2019\/07\/rio-16-400x400.jpg 400w\" sizes=\"(max-width: 300px) 100vw, 300px\" \/><\/a>\n\t\t\t<\/dt><\/dl><br style=\"clear: both\" \/><dl class='gallery-item'>\n\t\t\t<dt class='gallery-icon landscape'>\n\t\t\t\t<a href='https:\/\/franciscanos.org.br\/noticias\/wp-content\/uploads\/2019\/07\/rio-17.jpg'><img width=\"300\" height=\"300\" src=\"https:\/\/franciscanos.org.br\/noticias\/wp-content\/uploads\/2019\/07\/rio-17-300x300.jpg\" class=\"attachment-thumbnail size-thumbnail\" alt=\"\" loading=\"lazy\" srcset=\"https:\/\/franciscanos.org.br\/noticias\/wp-content\/uploads\/2019\/07\/rio-17-300x300.jpg 300w, https:\/\/franciscanos.org.br\/noticias\/wp-content\/uploads\/2019\/07\/rio-17-100x100.jpg 100w, https:\/\/franciscanos.org.br\/noticias\/wp-content\/uploads\/2019\/07\/rio-17-400x400.jpg 400w\" sizes=\"(max-width: 300px) 100vw, 300px\" \/><\/a>\n\t\t\t<\/dt><\/dl><dl class='gallery-item'>\n\t\t\t<dt class='gallery-icon landscape'>\n\t\t\t\t<a href='https:\/\/franciscanos.org.br\/noticias\/wp-content\/uploads\/2019\/07\/rio-18.jpg'><img width=\"300\" height=\"300\" src=\"https:\/\/franciscanos.org.br\/noticias\/wp-content\/uploads\/2019\/07\/rio-18-300x300.jpg\" class=\"attachment-thumbnail size-thumbnail\" alt=\"\" loading=\"lazy\" srcset=\"https:\/\/franciscanos.org.br\/noticias\/wp-content\/uploads\/2019\/07\/rio-18-300x300.jpg 300w, https:\/\/franciscanos.org.br\/noticias\/wp-content\/uploads\/2019\/07\/rio-18-100x100.jpg 100w, https:\/\/franciscanos.org.br\/noticias\/wp-content\/uploads\/2019\/07\/rio-18-400x400.jpg 400w\" sizes=\"(max-width: 300px) 100vw, 300px\" \/><\/a>\n\t\t\t<\/dt><\/dl><dl class='gallery-item'>\n\t\t\t<dt class='gallery-icon landscape'>\n\t\t\t\t<a href='https:\/\/franciscanos.org.br\/noticias\/wp-content\/uploads\/2019\/07\/rio-19.jpg'><img width=\"300\" height=\"300\" src=\"https:\/\/franciscanos.org.br\/noticias\/wp-content\/uploads\/2019\/07\/rio-19-300x300.jpg\" class=\"attachment-thumbnail size-thumbnail\" alt=\"\" loading=\"lazy\" srcset=\"https:\/\/franciscanos.org.br\/noticias\/wp-content\/uploads\/2019\/07\/rio-19-300x300.jpg 300w, https:\/\/franciscanos.org.br\/noticias\/wp-content\/uploads\/2019\/07\/rio-19-100x100.jpg 100w, https:\/\/franciscanos.org.br\/noticias\/wp-content\/uploads\/2019\/07\/rio-19-400x400.jpg 400w\" sizes=\"(max-width: 300px) 100vw, 300px\" \/><\/a>\n\t\t\t<\/dt><\/dl><dl class='gallery-item'>\n\t\t\t<dt class='gallery-icon landscape'>\n\t\t\t\t<a href='https:\/\/franciscanos.org.br\/noticias\/wp-content\/uploads\/2019\/07\/rio-20.jpg'><img width=\"300\" height=\"300\" src=\"https:\/\/franciscanos.org.br\/noticias\/wp-content\/uploads\/2019\/07\/rio-20-300x300.jpg\" class=\"attachment-thumbnail size-thumbnail\" alt=\"\" loading=\"lazy\" srcset=\"https:\/\/franciscanos.org.br\/noticias\/wp-content\/uploads\/2019\/07\/rio-20-300x300.jpg 300w, https:\/\/franciscanos.org.br\/noticias\/wp-content\/uploads\/2019\/07\/rio-20-100x100.jpg 100w, https:\/\/franciscanos.org.br\/noticias\/wp-content\/uploads\/2019\/07\/rio-20-400x400.jpg 400w\" sizes=\"(max-width: 300px) 100vw, 300px\" \/><\/a>\n\t\t\t<\/dt><\/dl><br style=\"clear: both\" \/><dl class='gallery-item'>\n\t\t\t<dt class='gallery-icon landscape'>\n\t\t\t\t<a href='https:\/\/franciscanos.org.br\/noticias\/wp-content\/uploads\/2019\/07\/rio-21.jpg'><img width=\"300\" height=\"300\" src=\"https:\/\/franciscanos.org.br\/noticias\/wp-content\/uploads\/2019\/07\/rio-21-300x300.jpg\" class=\"attachment-thumbnail size-thumbnail\" alt=\"\" loading=\"lazy\" srcset=\"https:\/\/franciscanos.org.br\/noticias\/wp-content\/uploads\/2019\/07\/rio-21-300x300.jpg 300w, https:\/\/franciscanos.org.br\/noticias\/wp-content\/uploads\/2019\/07\/rio-21-100x100.jpg 100w, https:\/\/franciscanos.org.br\/noticias\/wp-content\/uploads\/2019\/07\/rio-21-400x400.jpg 400w\" sizes=\"(max-width: 300px) 100vw, 300px\" \/><\/a>\n\t\t\t<\/dt><\/dl><dl class='gallery-item'>\n\t\t\t<dt class='gallery-icon landscape'>\n\t\t\t\t<a href='https:\/\/franciscanos.org.br\/noticias\/wp-content\/uploads\/2019\/07\/rio-22.jpg'><img width=\"300\" height=\"300\" src=\"https:\/\/franciscanos.org.br\/noticias\/wp-content\/uploads\/2019\/07\/rio-22-300x300.jpg\" class=\"attachment-thumbnail size-thumbnail\" alt=\"\" loading=\"lazy\" srcset=\"https:\/\/franciscanos.org.br\/noticias\/wp-content\/uploads\/2019\/07\/rio-22-300x300.jpg 300w, https:\/\/franciscanos.org.br\/noticias\/wp-content\/uploads\/2019\/07\/rio-22-100x100.jpg 100w, https:\/\/franciscanos.org.br\/noticias\/wp-content\/uploads\/2019\/07\/rio-22-400x400.jpg 400w\" sizes=\"(max-width: 300px) 100vw, 300px\" \/><\/a>\n\t\t\t<\/dt><\/dl><dl class='gallery-item'>\n\t\t\t<dt class='gallery-icon landscape'>\n\t\t\t\t<a href='https:\/\/franciscanos.org.br\/noticias\/wp-content\/uploads\/2019\/07\/rio-23.jpg'><img width=\"300\" height=\"300\" src=\"https:\/\/franciscanos.org.br\/noticias\/wp-content\/uploads\/2019\/07\/rio-23-300x300.jpg\" class=\"attachment-thumbnail size-thumbnail\" alt=\"\" loading=\"lazy\" srcset=\"https:\/\/franciscanos.org.br\/noticias\/wp-content\/uploads\/2019\/07\/rio-23-300x300.jpg 300w, https:\/\/franciscanos.org.br\/noticias\/wp-content\/uploads\/2019\/07\/rio-23-100x100.jpg 100w, https:\/\/franciscanos.org.br\/noticias\/wp-content\/uploads\/2019\/07\/rio-23-400x400.jpg 400w\" sizes=\"(max-width: 300px) 100vw, 300px\" \/><\/a>\n\t\t\t<\/dt><\/dl><dl class='gallery-item'>\n\t\t\t<dt class='gallery-icon landscape'>\n\t\t\t\t<a href='https:\/\/franciscanos.org.br\/noticias\/wp-content\/uploads\/2019\/07\/IMG_9631-e1563427461924.jpg'><img width=\"300\" height=\"300\" src=\"https:\/\/franciscanos.org.br\/noticias\/wp-content\/uploads\/2019\/07\/IMG_9631-300x300.jpg\" class=\"attachment-thumbnail size-thumbnail\" alt=\"\" loading=\"lazy\" srcset=\"https:\/\/franciscanos.org.br\/noticias\/wp-content\/uploads\/2019\/07\/IMG_9631-300x300.jpg 300w, https:\/\/franciscanos.org.br\/noticias\/wp-content\/uploads\/2019\/07\/IMG_9631-100x100.jpg 100w, https:\/\/franciscanos.org.br\/noticias\/wp-content\/uploads\/2019\/07\/IMG_9631-400x400.jpg 400w\" sizes=\"(max-width: 300px) 100vw, 300px\" \/><\/a>\n\t\t\t<\/dt><\/dl><br style=\"clear: both\" \/>\n\t\t<\/div>\n\n\n\t\t<style type=\"text\/css\">\n\t\t\t#gallery-2 {\n\t\t\t\tmargin: auto;\n\t\t\t}\n\t\t\t#gallery-2 .gallery-item {\n\t\t\t\tfloat: left;\n\t\t\t\tmargin-top: 10px;\n\t\t\t\ttext-align: center;\n\t\t\t\twidth: 25%;\n\t\t\t}\n\t\t\t#gallery-2 img {\n\t\t\t\tborder: 2px solid #cfcfcf;\n\t\t\t}\n\t\t\t#gallery-2 .gallery-caption {\n\t\t\t\tmargin-left: 0;\n\t\t\t}\n\t\t\t\/* see gallery_shortcode() in wp-includes\/media.php *\/\n\t\t<\/style>\n\t\t<div id='gallery-2' class='gallery galleryid-207809 gallery-columns-4 gallery-size-thumbnail'><dl class='gallery-item'>\n\t\t\t<dt class='gallery-icon landscape'>\n\t\t\t\t<a href='https:\/\/franciscanos.org.br\/noticias\/wp-content\/uploads\/2019\/07\/rio-2-1.jpg'><img width=\"300\" height=\"300\" src=\"https:\/\/franciscanos.org.br\/noticias\/wp-content\/uploads\/2019\/07\/rio-2-1-300x300.jpg\" class=\"attachment-thumbnail size-thumbnail\" alt=\"\" loading=\"lazy\" srcset=\"https:\/\/franciscanos.org.br\/noticias\/wp-content\/uploads\/2019\/07\/rio-2-1-300x300.jpg 300w, https:\/\/franciscanos.org.br\/noticias\/wp-content\/uploads\/2019\/07\/rio-2-1-100x100.jpg 100w, https:\/\/franciscanos.org.br\/noticias\/wp-content\/uploads\/2019\/07\/rio-2-1-400x400.jpg 400w\" sizes=\"(max-width: 300px) 100vw, 300px\" \/><\/a>\n\t\t\t<\/dt><\/dl><dl class='gallery-item'>\n\t\t\t<dt class='gallery-icon landscape'>\n\t\t\t\t<a href='https:\/\/franciscanos.org.br\/noticias\/wp-content\/uploads\/2019\/07\/rio-3-1.jpg'><img width=\"300\" height=\"300\" src=\"https:\/\/franciscanos.org.br\/noticias\/wp-content\/uploads\/2019\/07\/rio-3-1-300x300.jpg\" class=\"attachment-thumbnail size-thumbnail\" alt=\"\" loading=\"lazy\" srcset=\"https:\/\/franciscanos.org.br\/noticias\/wp-content\/uploads\/2019\/07\/rio-3-1-300x300.jpg 300w, https:\/\/franciscanos.org.br\/noticias\/wp-content\/uploads\/2019\/07\/rio-3-1-100x100.jpg 100w, https:\/\/franciscanos.org.br\/noticias\/wp-content\/uploads\/2019\/07\/rio-3-1-400x400.jpg 400w\" sizes=\"(max-width: 300px) 100vw, 300px\" \/><\/a>\n\t\t\t<\/dt><\/dl><dl class='gallery-item'>\n\t\t\t<dt class='gallery-icon landscape'>\n\t\t\t\t<a href='https:\/\/franciscanos.org.br\/noticias\/wp-content\/uploads\/2019\/07\/rio-4-1.jpg'><img width=\"300\" height=\"300\" src=\"https:\/\/franciscanos.org.br\/noticias\/wp-content\/uploads\/2019\/07\/rio-4-1-300x300.jpg\" class=\"attachment-thumbnail size-thumbnail\" alt=\"\" loading=\"lazy\" srcset=\"https:\/\/franciscanos.org.br\/noticias\/wp-content\/uploads\/2019\/07\/rio-4-1-300x300.jpg 300w, https:\/\/franciscanos.org.br\/noticias\/wp-content\/uploads\/2019\/07\/rio-4-1-100x100.jpg 100w, https:\/\/franciscanos.org.br\/noticias\/wp-content\/uploads\/2019\/07\/rio-4-1-400x400.jpg 400w\" sizes=\"(max-width: 300px) 100vw, 300px\" \/><\/a>\n\t\t\t<\/dt><\/dl><dl class='gallery-item'>\n\t\t\t<dt class='gallery-icon landscape'>\n\t\t\t\t<a href='https:\/\/franciscanos.org.br\/noticias\/wp-content\/uploads\/2019\/07\/rio-5-1.jpg'><img width=\"300\" height=\"300\" src=\"https:\/\/franciscanos.org.br\/noticias\/wp-content\/uploads\/2019\/07\/rio-5-1-300x300.jpg\" class=\"attachment-thumbnail size-thumbnail\" alt=\"\" loading=\"lazy\" srcset=\"https:\/\/franciscanos.org.br\/noticias\/wp-content\/uploads\/2019\/07\/rio-5-1-300x300.jpg 300w, https:\/\/franciscanos.org.br\/noticias\/wp-content\/uploads\/2019\/07\/rio-5-1-100x100.jpg 100w, https:\/\/franciscanos.org.br\/noticias\/wp-content\/uploads\/2019\/07\/rio-5-1-400x400.jpg 400w\" sizes=\"(max-width: 300px) 100vw, 300px\" \/><\/a>\n\t\t\t<\/dt><\/dl><br style=\"clear: both\" \/><dl class='gallery-item'>\n\t\t\t<dt class='gallery-icon landscape'>\n\t\t\t\t<a href='https:\/\/franciscanos.org.br\/noticias\/wp-content\/uploads\/2019\/07\/rio-6-1.jpg'><img width=\"300\" height=\"300\" src=\"https:\/\/franciscanos.org.br\/noticias\/wp-content\/uploads\/2019\/07\/rio-6-1-300x300.jpg\" class=\"attachment-thumbnail size-thumbnail\" alt=\"\" loading=\"lazy\" srcset=\"https:\/\/franciscanos.org.br\/noticias\/wp-content\/uploads\/2019\/07\/rio-6-1-300x300.jpg 300w, https:\/\/franciscanos.org.br\/noticias\/wp-content\/uploads\/2019\/07\/rio-6-1-100x100.jpg 100w, https:\/\/franciscanos.org.br\/noticias\/wp-content\/uploads\/2019\/07\/rio-6-1-400x400.jpg 400w\" sizes=\"(max-width: 300px) 100vw, 300px\" \/><\/a>\n\t\t\t<\/dt><\/dl><dl class='gallery-item'>\n\t\t\t<dt class='gallery-icon landscape'>\n\t\t\t\t<a href='https:\/\/franciscanos.org.br\/noticias\/wp-content\/uploads\/2019\/07\/rio-7-1.jpg'><img width=\"300\" height=\"300\" src=\"https:\/\/franciscanos.org.br\/noticias\/wp-content\/uploads\/2019\/07\/rio-7-1-300x300.jpg\" class=\"attachment-thumbnail size-thumbnail\" alt=\"\" loading=\"lazy\" srcset=\"https:\/\/franciscanos.org.br\/noticias\/wp-content\/uploads\/2019\/07\/rio-7-1-300x300.jpg 300w, https:\/\/franciscanos.org.br\/noticias\/wp-content\/uploads\/2019\/07\/rio-7-1-100x100.jpg 100w, https:\/\/franciscanos.org.br\/noticias\/wp-content\/uploads\/2019\/07\/rio-7-1-400x400.jpg 400w\" sizes=\"(max-width: 300px) 100vw, 300px\" \/><\/a>\n\t\t\t<\/dt><\/dl><dl class='gallery-item'>\n\t\t\t<dt class='gallery-icon landscape'>\n\t\t\t\t<a href='https:\/\/franciscanos.org.br\/noticias\/wp-content\/uploads\/2019\/07\/rio-8-1.jpg'><img width=\"300\" height=\"300\" src=\"https:\/\/franciscanos.org.br\/noticias\/wp-content\/uploads\/2019\/07\/rio-8-1-300x300.jpg\" class=\"attachment-thumbnail size-thumbnail\" alt=\"\" loading=\"lazy\" srcset=\"https:\/\/franciscanos.org.br\/noticias\/wp-content\/uploads\/2019\/07\/rio-8-1-300x300.jpg 300w, https:\/\/franciscanos.org.br\/noticias\/wp-content\/uploads\/2019\/07\/rio-8-1-100x100.jpg 100w, https:\/\/franciscanos.org.br\/noticias\/wp-content\/uploads\/2019\/07\/rio-8-1-400x400.jpg 400w\" sizes=\"(max-width: 300px) 100vw, 300px\" \/><\/a>\n\t\t\t<\/dt><\/dl><dl class='gallery-item'>\n\t\t\t<dt class='gallery-icon landscape'>\n\t\t\t\t<a href='https:\/\/franciscanos.org.br\/noticias\/wp-content\/uploads\/2019\/07\/rio-9-1.jpg'><img width=\"300\" height=\"300\" src=\"https:\/\/franciscanos.org.br\/noticias\/wp-content\/uploads\/2019\/07\/rio-9-1-300x300.jpg\" class=\"attachment-thumbnail size-thumbnail\" alt=\"\" loading=\"lazy\" srcset=\"https:\/\/franciscanos.org.br\/noticias\/wp-content\/uploads\/2019\/07\/rio-9-1-300x300.jpg 300w, https:\/\/franciscanos.org.br\/noticias\/wp-content\/uploads\/2019\/07\/rio-9-1-100x100.jpg 100w, https:\/\/franciscanos.org.br\/noticias\/wp-content\/uploads\/2019\/07\/rio-9-1-400x400.jpg 400w\" sizes=\"(max-width: 300px) 100vw, 300px\" \/><\/a>\n\t\t\t<\/dt><\/dl><br style=\"clear: both\" \/><dl class='gallery-item'>\n\t\t\t<dt class='gallery-icon landscape'>\n\t\t\t\t<a href='https:\/\/franciscanos.org.br\/noticias\/wp-content\/uploads\/2019\/07\/rio-10-1.jpg'><img width=\"300\" height=\"300\" src=\"https:\/\/franciscanos.org.br\/noticias\/wp-content\/uploads\/2019\/07\/rio-10-1-300x300.jpg\" class=\"attachment-thumbnail size-thumbnail\" alt=\"\" loading=\"lazy\" srcset=\"https:\/\/franciscanos.org.br\/noticias\/wp-content\/uploads\/2019\/07\/rio-10-1-300x300.jpg 300w, https:\/\/franciscanos.org.br\/noticias\/wp-content\/uploads\/2019\/07\/rio-10-1-100x100.jpg 100w, https:\/\/franciscanos.org.br\/noticias\/wp-content\/uploads\/2019\/07\/rio-10-1-400x400.jpg 400w\" sizes=\"(max-width: 300px) 100vw, 300px\" \/><\/a>\n\t\t\t<\/dt><\/dl><dl class='gallery-item'>\n\t\t\t<dt class='gallery-icon landscape'>\n\t\t\t\t<a href='https:\/\/franciscanos.org.br\/noticias\/wp-content\/uploads\/2019\/07\/rio-11-1.jpg'><img width=\"300\" height=\"300\" src=\"https:\/\/franciscanos.org.br\/noticias\/wp-content\/uploads\/2019\/07\/rio-11-1-300x300.jpg\" class=\"attachment-thumbnail size-thumbnail\" alt=\"\" loading=\"lazy\" srcset=\"https:\/\/franciscanos.org.br\/noticias\/wp-content\/uploads\/2019\/07\/rio-11-1-300x300.jpg 300w, https:\/\/franciscanos.org.br\/noticias\/wp-content\/uploads\/2019\/07\/rio-11-1-100x100.jpg 100w, https:\/\/franciscanos.org.br\/noticias\/wp-content\/uploads\/2019\/07\/rio-11-1-400x400.jpg 400w\" sizes=\"(max-width: 300px) 100vw, 300px\" \/><\/a>\n\t\t\t<\/dt><\/dl><dl class='gallery-item'>\n\t\t\t<dt class='gallery-icon landscape'>\n\t\t\t\t<a href='https:\/\/franciscanos.org.br\/noticias\/wp-content\/uploads\/2019\/07\/rio-12-1.jpg'><img width=\"300\" height=\"300\" src=\"https:\/\/franciscanos.org.br\/noticias\/wp-content\/uploads\/2019\/07\/rio-12-1-300x300.jpg\" class=\"attachment-thumbnail size-thumbnail\" alt=\"\" loading=\"lazy\" srcset=\"https:\/\/franciscanos.org.br\/noticias\/wp-content\/uploads\/2019\/07\/rio-12-1-300x300.jpg 300w, https:\/\/franciscanos.org.br\/noticias\/wp-content\/uploads\/2019\/07\/rio-12-1-100x100.jpg 100w, https:\/\/franciscanos.org.br\/noticias\/wp-content\/uploads\/2019\/07\/rio-12-1-400x400.jpg 400w\" sizes=\"(max-width: 300px) 100vw, 300px\" \/><\/a>\n\t\t\t<\/dt><\/dl><dl class='gallery-item'>\n\t\t\t<dt class='gallery-icon landscape'>\n\t\t\t\t<a href='https:\/\/franciscanos.org.br\/noticias\/wp-content\/uploads\/2019\/07\/rio-13-1.jpg'><img width=\"300\" height=\"300\" src=\"https:\/\/franciscanos.org.br\/noticias\/wp-content\/uploads\/2019\/07\/rio-13-1-300x300.jpg\" class=\"attachment-thumbnail size-thumbnail\" alt=\"\" loading=\"lazy\" srcset=\"https:\/\/franciscanos.org.br\/noticias\/wp-content\/uploads\/2019\/07\/rio-13-1-300x300.jpg 300w, https:\/\/franciscanos.org.br\/noticias\/wp-content\/uploads\/2019\/07\/rio-13-1-100x100.jpg 100w, https:\/\/franciscanos.org.br\/noticias\/wp-content\/uploads\/2019\/07\/rio-13-1-400x400.jpg 400w\" sizes=\"(max-width: 300px) 100vw, 300px\" \/><\/a>\n\t\t\t<\/dt><\/dl><br style=\"clear: both\" \/><dl class='gallery-item'>\n\t\t\t<dt class='gallery-icon landscape'>\n\t\t\t\t<a href='https:\/\/franciscanos.org.br\/noticias\/wp-content\/uploads\/2019\/07\/rio-14-1.jpg'><img width=\"300\" height=\"300\" src=\"https:\/\/franciscanos.org.br\/noticias\/wp-content\/uploads\/2019\/07\/rio-14-1-300x300.jpg\" class=\"attachment-thumbnail size-thumbnail\" alt=\"\" loading=\"lazy\" srcset=\"https:\/\/franciscanos.org.br\/noticias\/wp-content\/uploads\/2019\/07\/rio-14-1-300x300.jpg 300w, https:\/\/franciscanos.org.br\/noticias\/wp-content\/uploads\/2019\/07\/rio-14-1-100x100.jpg 100w, https:\/\/franciscanos.org.br\/noticias\/wp-content\/uploads\/2019\/07\/rio-14-1-400x400.jpg 400w\" sizes=\"(max-width: 300px) 100vw, 300px\" \/><\/a>\n\t\t\t<\/dt><\/dl><dl class='gallery-item'>\n\t\t\t<dt class='gallery-icon landscape'>\n\t\t\t\t<a href='https:\/\/franciscanos.org.br\/noticias\/wp-content\/uploads\/2019\/07\/rio-15-1.jpg'><img width=\"300\" height=\"300\" src=\"https:\/\/franciscanos.org.br\/noticias\/wp-content\/uploads\/2019\/07\/rio-15-1-300x300.jpg\" class=\"attachment-thumbnail size-thumbnail\" alt=\"\" loading=\"lazy\" srcset=\"https:\/\/franciscanos.org.br\/noticias\/wp-content\/uploads\/2019\/07\/rio-15-1-300x300.jpg 300w, https:\/\/franciscanos.org.br\/noticias\/wp-content\/uploads\/2019\/07\/rio-15-1-100x100.jpg 100w, https:\/\/franciscanos.org.br\/noticias\/wp-content\/uploads\/2019\/07\/rio-15-1-400x400.jpg 400w\" sizes=\"(max-width: 300px) 100vw, 300px\" \/><\/a>\n\t\t\t<\/dt><\/dl><dl class='gallery-item'>\n\t\t\t<dt class='gallery-icon landscape'>\n\t\t\t\t<a href='https:\/\/franciscanos.org.br\/noticias\/wp-content\/uploads\/2019\/07\/rio-16-1.jpg'><img width=\"300\" height=\"300\" src=\"https:\/\/franciscanos.org.br\/noticias\/wp-content\/uploads\/2019\/07\/rio-16-1-300x300.jpg\" class=\"attachment-thumbnail size-thumbnail\" alt=\"\" loading=\"lazy\" srcset=\"https:\/\/franciscanos.org.br\/noticias\/wp-content\/uploads\/2019\/07\/rio-16-1-300x300.jpg 300w, https:\/\/franciscanos.org.br\/noticias\/wp-content\/uploads\/2019\/07\/rio-16-1-100x100.jpg 100w, https:\/\/franciscanos.org.br\/noticias\/wp-content\/uploads\/2019\/07\/rio-16-1-400x400.jpg 400w\" sizes=\"(max-width: 300px) 100vw, 300px\" \/><\/a>\n\t\t\t<\/dt><\/dl><dl class='gallery-item'>\n\t\t\t<dt class='gallery-icon landscape'>\n\t\t\t\t<a href='https:\/\/franciscanos.org.br\/noticias\/wp-content\/uploads\/2019\/07\/rio-17-1.jpg'><img width=\"300\" height=\"300\" src=\"https:\/\/franciscanos.org.br\/noticias\/wp-content\/uploads\/2019\/07\/rio-17-1-300x300.jpg\" class=\"attachment-thumbnail size-thumbnail\" alt=\"\" loading=\"lazy\" srcset=\"https:\/\/franciscanos.org.br\/noticias\/wp-content\/uploads\/2019\/07\/rio-17-1-300x300.jpg 300w, https:\/\/franciscanos.org.br\/noticias\/wp-content\/uploads\/2019\/07\/rio-17-1-100x100.jpg 100w, https:\/\/franciscanos.org.br\/noticias\/wp-content\/uploads\/2019\/07\/rio-17-1-400x400.jpg 400w\" sizes=\"(max-width: 300px) 100vw, 300px\" \/><\/a>\n\t\t\t<\/dt><\/dl><br style=\"clear: both\" \/><dl class='gallery-item'>\n\t\t\t<dt class='gallery-icon landscape'>\n\t\t\t\t<a href='https:\/\/franciscanos.org.br\/noticias\/wp-content\/uploads\/2019\/07\/rio-18-1.jpg'><img width=\"300\" height=\"300\" src=\"https:\/\/franciscanos.org.br\/noticias\/wp-content\/uploads\/2019\/07\/rio-18-1-300x300.jpg\" class=\"attachment-thumbnail size-thumbnail\" alt=\"\" loading=\"lazy\" srcset=\"https:\/\/franciscanos.org.br\/noticias\/wp-content\/uploads\/2019\/07\/rio-18-1-300x300.jpg 300w, https:\/\/franciscanos.org.br\/noticias\/wp-content\/uploads\/2019\/07\/rio-18-1-100x100.jpg 100w, https:\/\/franciscanos.org.br\/noticias\/wp-content\/uploads\/2019\/07\/rio-18-1-400x400.jpg 400w\" sizes=\"(max-width: 300px) 100vw, 300px\" \/><\/a>\n\t\t\t<\/dt><\/dl><dl class='gallery-item'>\n\t\t\t<dt class='gallery-icon landscape'>\n\t\t\t\t<a href='https:\/\/franciscanos.org.br\/noticias\/wp-content\/uploads\/2019\/07\/rio-19-1.jpg'><img width=\"300\" height=\"300\" src=\"https:\/\/franciscanos.org.br\/noticias\/wp-content\/uploads\/2019\/07\/rio-19-1-300x300.jpg\" class=\"attachment-thumbnail size-thumbnail\" alt=\"\" loading=\"lazy\" srcset=\"https:\/\/franciscanos.org.br\/noticias\/wp-content\/uploads\/2019\/07\/rio-19-1-300x300.jpg 300w, https:\/\/franciscanos.org.br\/noticias\/wp-content\/uploads\/2019\/07\/rio-19-1-100x100.jpg 100w, https:\/\/franciscanos.org.br\/noticias\/wp-content\/uploads\/2019\/07\/rio-19-1-400x400.jpg 400w\" sizes=\"(max-width: 300px) 100vw, 300px\" \/><\/a>\n\t\t\t<\/dt><\/dl><dl class='gallery-item'>\n\t\t\t<dt class='gallery-icon landscape'>\n\t\t\t\t<a href='https:\/\/franciscanos.org.br\/noticias\/wp-content\/uploads\/2019\/07\/rio-20-1.jpg'><img width=\"300\" height=\"300\" src=\"https:\/\/franciscanos.org.br\/noticias\/wp-content\/uploads\/2019\/07\/rio-20-1-300x300.jpg\" class=\"attachment-thumbnail size-thumbnail\" alt=\"\" loading=\"lazy\" srcset=\"https:\/\/franciscanos.org.br\/noticias\/wp-content\/uploads\/2019\/07\/rio-20-1-300x300.jpg 300w, https:\/\/franciscanos.org.br\/noticias\/wp-content\/uploads\/2019\/07\/rio-20-1-100x100.jpg 100w, https:\/\/franciscanos.org.br\/noticias\/wp-content\/uploads\/2019\/07\/rio-20-1-400x400.jpg 400w\" sizes=\"(max-width: 300px) 100vw, 300px\" \/><\/a>\n\t\t\t<\/dt><\/dl><dl class='gallery-item'>\n\t\t\t<dt class='gallery-icon portrait'>\n\t\t\t\t<a href='https:\/\/franciscanos.org.br\/noticias\/wp-content\/uploads\/2019\/07\/rio-21-1.jpg'><img width=\"300\" height=\"300\" src=\"https:\/\/franciscanos.org.br\/noticias\/wp-content\/uploads\/2019\/07\/rio-21-1-300x300.jpg\" class=\"attachment-thumbnail size-thumbnail\" alt=\"\" loading=\"lazy\" srcset=\"https:\/\/franciscanos.org.br\/noticias\/wp-content\/uploads\/2019\/07\/rio-21-1-300x300.jpg 300w, https:\/\/franciscanos.org.br\/noticias\/wp-content\/uploads\/2019\/07\/rio-21-1-100x100.jpg 100w, https:\/\/franciscanos.org.br\/noticias\/wp-content\/uploads\/2019\/07\/rio-21-1-400x400.jpg 400w\" sizes=\"(max-width: 300px) 100vw, 300px\" \/><\/a>\n\t\t\t<\/dt><\/dl><br style=\"clear: both\" \/><dl class='gallery-item'>\n\t\t\t<dt class='gallery-icon landscape'>\n\t\t\t\t<a href='https:\/\/franciscanos.org.br\/noticias\/wp-content\/uploads\/2019\/07\/rio-22-1.jpg'><img width=\"300\" height=\"300\" src=\"https:\/\/franciscanos.org.br\/noticias\/wp-content\/uploads\/2019\/07\/rio-22-1-300x300.jpg\" class=\"attachment-thumbnail size-thumbnail\" alt=\"\" loading=\"lazy\" srcset=\"https:\/\/franciscanos.org.br\/noticias\/wp-content\/uploads\/2019\/07\/rio-22-1-300x300.jpg 300w, https:\/\/franciscanos.org.br\/noticias\/wp-content\/uploads\/2019\/07\/rio-22-1-100x100.jpg 100w, https:\/\/franciscanos.org.br\/noticias\/wp-content\/uploads\/2019\/07\/rio-22-1-400x400.jpg 400w\" sizes=\"(max-width: 300px) 100vw, 300px\" \/><\/a>\n\t\t\t<\/dt><\/dl><dl class='gallery-item'>\n\t\t\t<dt class='gallery-icon landscape'>\n\t\t\t\t<a href='https:\/\/franciscanos.org.br\/noticias\/wp-content\/uploads\/2019\/07\/rio-23-1.jpg'><img width=\"300\" height=\"300\" src=\"https:\/\/franciscanos.org.br\/noticias\/wp-content\/uploads\/2019\/07\/rio-23-1-300x300.jpg\" class=\"attachment-thumbnail size-thumbnail\" alt=\"\" loading=\"lazy\" srcset=\"https:\/\/franciscanos.org.br\/noticias\/wp-content\/uploads\/2019\/07\/rio-23-1-300x300.jpg 300w, https:\/\/franciscanos.org.br\/noticias\/wp-content\/uploads\/2019\/07\/rio-23-1-100x100.jpg 100w, https:\/\/franciscanos.org.br\/noticias\/wp-content\/uploads\/2019\/07\/rio-23-1-400x400.jpg 400w\" sizes=\"(max-width: 300px) 100vw, 300px\" \/><\/a>\n\t\t\t<\/dt><\/dl><dl class='gallery-item'>\n\t\t\t<dt class='gallery-icon landscape'>\n\t\t\t\t<a href='https:\/\/franciscanos.org.br\/noticias\/wp-content\/uploads\/2019\/07\/rio-24.jpg'><img width=\"300\" height=\"300\" src=\"https:\/\/franciscanos.org.br\/noticias\/wp-content\/uploads\/2019\/07\/rio-24-300x300.jpg\" class=\"attachment-thumbnail size-thumbnail\" alt=\"\" loading=\"lazy\" srcset=\"https:\/\/franciscanos.org.br\/noticias\/wp-content\/uploads\/2019\/07\/rio-24-300x300.jpg 300w, https:\/\/franciscanos.org.br\/noticias\/wp-content\/uploads\/2019\/07\/rio-24-100x100.jpg 100w, https:\/\/franciscanos.org.br\/noticias\/wp-content\/uploads\/2019\/07\/rio-24-400x400.jpg 400w\" sizes=\"(max-width: 300px) 100vw, 300px\" \/><\/a>\n\t\t\t<\/dt><\/dl><dl class='gallery-item'>\n\t\t\t<dt class='gallery-icon landscape'>\n\t\t\t\t<a href='https:\/\/franciscanos.org.br\/noticias\/wp-content\/uploads\/2019\/07\/rio-25.jpg'><img width=\"300\" height=\"300\" src=\"https:\/\/franciscanos.org.br\/noticias\/wp-content\/uploads\/2019\/07\/rio-25-300x300.jpg\" class=\"attachment-thumbnail size-thumbnail\" alt=\"\" loading=\"lazy\" srcset=\"https:\/\/franciscanos.org.br\/noticias\/wp-content\/uploads\/2019\/07\/rio-25-300x300.jpg 300w, https:\/\/franciscanos.org.br\/noticias\/wp-content\/uploads\/2019\/07\/rio-25-100x100.jpg 100w, https:\/\/franciscanos.org.br\/noticias\/wp-content\/uploads\/2019\/07\/rio-25-400x400.jpg 400w\" sizes=\"(max-width: 300px) 100vw, 300px\" \/><\/a>\n\t\t\t<\/dt><\/dl><br style=\"clear: both\" \/><dl class='gallery-item'>\n\t\t\t<dt class='gallery-icon landscape'>\n\t\t\t\t<a href='https:\/\/franciscanos.org.br\/noticias\/wp-content\/uploads\/2019\/07\/rio-26.jpg'><img width=\"300\" height=\"300\" src=\"https:\/\/franciscanos.org.br\/noticias\/wp-content\/uploads\/2019\/07\/rio-26-300x300.jpg\" class=\"attachment-thumbnail size-thumbnail\" alt=\"\" loading=\"lazy\" srcset=\"https:\/\/franciscanos.org.br\/noticias\/wp-content\/uploads\/2019\/07\/rio-26-300x300.jpg 300w, https:\/\/franciscanos.org.br\/noticias\/wp-content\/uploads\/2019\/07\/rio-26-100x100.jpg 100w, https:\/\/franciscanos.org.br\/noticias\/wp-content\/uploads\/2019\/07\/rio-26-400x400.jpg 400w\" sizes=\"(max-width: 300px) 100vw, 300px\" \/><\/a>\n\t\t\t<\/dt><\/dl><dl class='gallery-item'>\n\t\t\t<dt class='gallery-icon landscape'>\n\t\t\t\t<a href='https:\/\/franciscanos.org.br\/noticias\/wp-content\/uploads\/2019\/07\/rio-27.jpg'><img width=\"300\" height=\"300\" src=\"https:\/\/franciscanos.org.br\/noticias\/wp-content\/uploads\/2019\/07\/rio-27-300x300.jpg\" class=\"attachment-thumbnail size-thumbnail\" alt=\"\" loading=\"lazy\" srcset=\"https:\/\/franciscanos.org.br\/noticias\/wp-content\/uploads\/2019\/07\/rio-27-300x300.jpg 300w, https:\/\/franciscanos.org.br\/noticias\/wp-content\/uploads\/2019\/07\/rio-27-100x100.jpg 100w, https:\/\/franciscanos.org.br\/noticias\/wp-content\/uploads\/2019\/07\/rio-27-400x400.jpg 400w\" sizes=\"(max-width: 300px) 100vw, 300px\" \/><\/a>\n\t\t\t<\/dt><\/dl><dl class='gallery-item'>\n\t\t\t<dt class='gallery-icon landscape'>\n\t\t\t\t<a href='https:\/\/franciscanos.org.br\/noticias\/wp-content\/uploads\/2019\/07\/rio-28.jpg'><img width=\"300\" height=\"300\" src=\"https:\/\/franciscanos.org.br\/noticias\/wp-content\/uploads\/2019\/07\/rio-28-300x300.jpg\" class=\"attachment-thumbnail size-thumbnail\" alt=\"\" loading=\"lazy\" srcset=\"https:\/\/franciscanos.org.br\/noticias\/wp-content\/uploads\/2019\/07\/rio-28-300x300.jpg 300w, https:\/\/franciscanos.org.br\/noticias\/wp-content\/uploads\/2019\/07\/rio-28-100x100.jpg 100w, https:\/\/franciscanos.org.br\/noticias\/wp-content\/uploads\/2019\/07\/rio-28-400x400.jpg 400w\" sizes=\"(max-width: 300px) 100vw, 300px\" \/><\/a>\n\t\t\t<\/dt><\/dl><dl class='gallery-item'>\n\t\t\t<dt class='gallery-icon landscape'>\n\t\t\t\t<a href='https:\/\/franciscanos.org.br\/noticias\/wp-content\/uploads\/2019\/07\/rio-29.jpg'><img width=\"300\" height=\"300\" src=\"https:\/\/franciscanos.org.br\/noticias\/wp-content\/uploads\/2019\/07\/rio-29-300x300.jpg\" class=\"attachment-thumbnail size-thumbnail\" alt=\"\" loading=\"lazy\" srcset=\"https:\/\/franciscanos.org.br\/noticias\/wp-content\/uploads\/2019\/07\/rio-29-300x300.jpg 300w, https:\/\/franciscanos.org.br\/noticias\/wp-content\/uploads\/2019\/07\/rio-29-100x100.jpg 100w, https:\/\/franciscanos.org.br\/noticias\/wp-content\/uploads\/2019\/07\/rio-29-400x400.jpg 400w\" sizes=\"(max-width: 300px) 100vw, 300px\" \/><\/a>\n\t\t\t<\/dt><\/dl><br style=\"clear: both\" \/><dl class='gallery-item'>\n\t\t\t<dt class='gallery-icon landscape'>\n\t\t\t\t<a href='https:\/\/franciscanos.org.br\/noticias\/wp-content\/uploads\/2019\/07\/rio-30.jpg'><img width=\"300\" height=\"300\" src=\"https:\/\/franciscanos.org.br\/noticias\/wp-content\/uploads\/2019\/07\/rio-30-300x300.jpg\" class=\"attachment-thumbnail size-thumbnail\" alt=\"\" loading=\"lazy\" srcset=\"https:\/\/franciscanos.org.br\/noticias\/wp-content\/uploads\/2019\/07\/rio-30-300x300.jpg 300w, https:\/\/franciscanos.org.br\/noticias\/wp-content\/uploads\/2019\/07\/rio-30-100x100.jpg 100w, https:\/\/franciscanos.org.br\/noticias\/wp-content\/uploads\/2019\/07\/rio-30-400x400.jpg 400w\" sizes=\"(max-width: 300px) 100vw, 300px\" \/><\/a>\n\t\t\t<\/dt><\/dl><dl class='gallery-item'>\n\t\t\t<dt class='gallery-icon landscape'>\n\t\t\t\t<a href='https:\/\/franciscanos.org.br\/noticias\/wp-content\/uploads\/2019\/07\/rio-31.jpg'><img width=\"300\" height=\"300\" src=\"https:\/\/franciscanos.org.br\/noticias\/wp-content\/uploads\/2019\/07\/rio-31-300x300.jpg\" class=\"attachment-thumbnail size-thumbnail\" alt=\"\" loading=\"lazy\" srcset=\"https:\/\/franciscanos.org.br\/noticias\/wp-content\/uploads\/2019\/07\/rio-31-300x300.jpg 300w, https:\/\/franciscanos.org.br\/noticias\/wp-content\/uploads\/2019\/07\/rio-31-100x100.jpg 100w, https:\/\/franciscanos.org.br\/noticias\/wp-content\/uploads\/2019\/07\/rio-31-400x400.jpg 400w\" sizes=\"(max-width: 300px) 100vw, 300px\" \/><\/a>\n\t\t\t<\/dt><\/dl><dl class='gallery-item'>\n\t\t\t<dt class='gallery-icon landscape'>\n\t\t\t\t<a href='https:\/\/franciscanos.org.br\/noticias\/wp-content\/uploads\/2019\/07\/rio-32.jpg'><img width=\"300\" height=\"300\" src=\"https:\/\/franciscanos.org.br\/noticias\/wp-content\/uploads\/2019\/07\/rio-32-300x300.jpg\" class=\"attachment-thumbnail size-thumbnail\" alt=\"\" loading=\"lazy\" srcset=\"https:\/\/franciscanos.org.br\/noticias\/wp-content\/uploads\/2019\/07\/rio-32-300x300.jpg 300w, https:\/\/franciscanos.org.br\/noticias\/wp-content\/uploads\/2019\/07\/rio-32-100x100.jpg 100w, https:\/\/franciscanos.org.br\/noticias\/wp-content\/uploads\/2019\/07\/rio-32-400x400.jpg 400w\" sizes=\"(max-width: 300px) 100vw, 300px\" \/><\/a>\n\t\t\t<\/dt><\/dl><dl class='gallery-item'>\n\t\t\t<dt class='gallery-icon landscape'>\n\t\t\t\t<a href='https:\/\/franciscanos.org.br\/noticias\/wp-content\/uploads\/2019\/07\/rio-34.jpg'><img width=\"300\" height=\"300\" src=\"https:\/\/franciscanos.org.br\/noticias\/wp-content\/uploads\/2019\/07\/rio-34-300x300.jpg\" class=\"attachment-thumbnail size-thumbnail\" alt=\"\" loading=\"lazy\" srcset=\"https:\/\/franciscanos.org.br\/noticias\/wp-content\/uploads\/2019\/07\/rio-34-300x300.jpg 300w, https:\/\/franciscanos.org.br\/noticias\/wp-content\/uploads\/2019\/07\/rio-34-100x100.jpg 100w, https:\/\/franciscanos.org.br\/noticias\/wp-content\/uploads\/2019\/07\/rio-34-400x400.jpg 400w\" sizes=\"(max-width: 300px) 100vw, 300px\" \/><\/a>\n\t\t\t<\/dt><\/dl><br style=\"clear: both\" \/><dl class='gallery-item'>\n\t\t\t<dt class='gallery-icon landscape'>\n\t\t\t\t<a href='https:\/\/franciscanos.org.br\/noticias\/wp-content\/uploads\/2019\/07\/rio-35.jpg'><img width=\"300\" height=\"300\" src=\"https:\/\/franciscanos.org.br\/noticias\/wp-content\/uploads\/2019\/07\/rio-35-300x300.jpg\" class=\"attachment-thumbnail size-thumbnail\" alt=\"\" loading=\"lazy\" srcset=\"https:\/\/franciscanos.org.br\/noticias\/wp-content\/uploads\/2019\/07\/rio-35-300x300.jpg 300w, https:\/\/franciscanos.org.br\/noticias\/wp-content\/uploads\/2019\/07\/rio-35-100x100.jpg 100w, https:\/\/franciscanos.org.br\/noticias\/wp-content\/uploads\/2019\/07\/rio-35-400x400.jpg 400w\" sizes=\"(max-width: 300px) 100vw, 300px\" \/><\/a>\n\t\t\t<\/dt><\/dl><dl class='gallery-item'>\n\t\t\t<dt class='gallery-icon landscape'>\n\t\t\t\t<a href='https:\/\/franciscanos.org.br\/noticias\/wp-content\/uploads\/2019\/07\/rio-36.jpg'><img width=\"300\" height=\"300\" src=\"https:\/\/franciscanos.org.br\/noticias\/wp-content\/uploads\/2019\/07\/rio-36-300x300.jpg\" class=\"attachment-thumbnail size-thumbnail\" alt=\"\" loading=\"lazy\" srcset=\"https:\/\/franciscanos.org.br\/noticias\/wp-content\/uploads\/2019\/07\/rio-36-300x300.jpg 300w, https:\/\/franciscanos.org.br\/noticias\/wp-content\/uploads\/2019\/07\/rio-36-100x100.jpg 100w, https:\/\/franciscanos.org.br\/noticias\/wp-content\/uploads\/2019\/07\/rio-36-400x400.jpg 400w\" sizes=\"(max-width: 300px) 100vw, 300px\" \/><\/a>\n\t\t\t<\/dt><\/dl><dl class='gallery-item'>\n\t\t\t<dt class='gallery-icon landscape'>\n\t\t\t\t<a href='https:\/\/franciscanos.org.br\/noticias\/wp-content\/uploads\/2019\/07\/rio-37.jpg'><img width=\"300\" height=\"300\" src=\"https:\/\/franciscanos.org.br\/noticias\/wp-content\/uploads\/2019\/07\/rio-37-300x300.jpg\" class=\"attachment-thumbnail size-thumbnail\" alt=\"\" loading=\"lazy\" srcset=\"https:\/\/franciscanos.org.br\/noticias\/wp-content\/uploads\/2019\/07\/rio-37-300x300.jpg 300w, https:\/\/franciscanos.org.br\/noticias\/wp-content\/uploads\/2019\/07\/rio-37-100x100.jpg 100w, https:\/\/franciscanos.org.br\/noticias\/wp-content\/uploads\/2019\/07\/rio-37-400x400.jpg 400w\" sizes=\"(max-width: 300px) 100vw, 300px\" \/><\/a>\n\t\t\t<\/dt><\/dl><dl class='gallery-item'>\n\t\t\t<dt class='gallery-icon landscape'>\n\t\t\t\t<a href='https:\/\/franciscanos.org.br\/noticias\/wp-content\/uploads\/2019\/07\/rio-38.jpg'><img width=\"300\" height=\"300\" src=\"https:\/\/franciscanos.org.br\/noticias\/wp-content\/uploads\/2019\/07\/rio-38-300x300.jpg\" class=\"attachment-thumbnail size-thumbnail\" alt=\"\" loading=\"lazy\" srcset=\"https:\/\/franciscanos.org.br\/noticias\/wp-content\/uploads\/2019\/07\/rio-38-300x300.jpg 300w, https:\/\/franciscanos.org.br\/noticias\/wp-content\/uploads\/2019\/07\/rio-38-100x100.jpg 100w, https:\/\/franciscanos.org.br\/noticias\/wp-content\/uploads\/2019\/07\/rio-38-400x400.jpg 400w\" sizes=\"(max-width: 300px) 100vw, 300px\" \/><\/a>\n\t\t\t<\/dt><\/dl><br style=\"clear: both\" \/><dl class='gallery-item'>\n\t\t\t<dt class='gallery-icon landscape'>\n\t\t\t\t<a href='https:\/\/franciscanos.org.br\/noticias\/wp-content\/uploads\/2019\/07\/rio-39.jpg'><img width=\"300\" height=\"300\" src=\"https:\/\/franciscanos.org.br\/noticias\/wp-content\/uploads\/2019\/07\/rio-39-300x300.jpg\" class=\"attachment-thumbnail size-thumbnail\" alt=\"\" loading=\"lazy\" srcset=\"https:\/\/franciscanos.org.br\/noticias\/wp-content\/uploads\/2019\/07\/rio-39-300x300.jpg 300w, https:\/\/franciscanos.org.br\/noticias\/wp-content\/uploads\/2019\/07\/rio-39-100x100.jpg 100w, https:\/\/franciscanos.org.br\/noticias\/wp-content\/uploads\/2019\/07\/rio-39-400x400.jpg 400w\" sizes=\"(max-width: 300px) 100vw, 300px\" \/><\/a>\n\t\t\t<\/dt><\/dl><dl class='gallery-item'>\n\t\t\t<dt class='gallery-icon landscape'>\n\t\t\t\t<a href='https:\/\/franciscanos.org.br\/noticias\/wp-content\/uploads\/2019\/07\/rio-40.jpg'><img width=\"300\" height=\"300\" src=\"https:\/\/franciscanos.org.br\/noticias\/wp-content\/uploads\/2019\/07\/rio-40-300x300.jpg\" class=\"attachment-thumbnail size-thumbnail\" alt=\"\" loading=\"lazy\" srcset=\"https:\/\/franciscanos.org.br\/noticias\/wp-content\/uploads\/2019\/07\/rio-40-300x300.jpg 300w, https:\/\/franciscanos.org.br\/noticias\/wp-content\/uploads\/2019\/07\/rio-40-100x100.jpg 100w, https:\/\/franciscanos.org.br\/noticias\/wp-content\/uploads\/2019\/07\/rio-40-400x400.jpg 400w\" sizes=\"(max-width: 300px) 100vw, 300px\" \/><\/a>\n\t\t\t<\/dt><\/dl><dl class='gallery-item'>\n\t\t\t<dt class='gallery-icon landscape'>\n\t\t\t\t<a href='https:\/\/franciscanos.org.br\/noticias\/wp-content\/uploads\/2019\/07\/rio-41.jpg'><img width=\"300\" height=\"300\" src=\"https:\/\/franciscanos.org.br\/noticias\/wp-content\/uploads\/2019\/07\/rio-41-300x300.jpg\" class=\"attachment-thumbnail size-thumbnail\" alt=\"\" loading=\"lazy\" srcset=\"https:\/\/franciscanos.org.br\/noticias\/wp-content\/uploads\/2019\/07\/rio-41-300x300.jpg 300w, https:\/\/franciscanos.org.br\/noticias\/wp-content\/uploads\/2019\/07\/rio-41-100x100.jpg 100w, https:\/\/franciscanos.org.br\/noticias\/wp-content\/uploads\/2019\/07\/rio-41-400x400.jpg 400w\" sizes=\"(max-width: 300px) 100vw, 300px\" \/><\/a>\n\t\t\t<\/dt><\/dl><dl class='gallery-item'>\n\t\t\t<dt class='gallery-icon landscape'>\n\t\t\t\t<a href='https:\/\/franciscanos.org.br\/noticias\/wp-content\/uploads\/2019\/07\/rio-42.jpg'><img width=\"300\" height=\"300\" src=\"https:\/\/franciscanos.org.br\/noticias\/wp-content\/uploads\/2019\/07\/rio-42-300x300.jpg\" class=\"attachment-thumbnail size-thumbnail\" alt=\"\" loading=\"lazy\" srcset=\"https:\/\/franciscanos.org.br\/noticias\/wp-content\/uploads\/2019\/07\/rio-42-300x300.jpg 300w, https:\/\/franciscanos.org.br\/noticias\/wp-content\/uploads\/2019\/07\/rio-42-100x100.jpg 100w, https:\/\/franciscanos.org.br\/noticias\/wp-content\/uploads\/2019\/07\/rio-42-400x400.jpg 400w\" sizes=\"(max-width: 300px) 100vw, 300px\" \/><\/a>\n\t\t\t<\/dt><\/dl><br style=\"clear: both\" \/>\n\t\t<\/div>\n\n","protected":false},"excerpt":{"rendered":"<p>Primeiro dia das Miss\u00f5es Franciscanas da Juventude no Rio de Janeiro<\/p>\n","protected":false},"author":3,"featured_media":207811,"comment_status":"open","ping_status":"open","sticky":false,"template":"","format":"standard","meta":[],"categories":[1],"tags":[1206],"acf":[],"yoast_head":"<!-- This site is optimized with the Yoast SEO plugin v19.2 - https:\/\/yoast.com\/wordpress\/plugins\/seo\/ -->\n<title>&quot;Parem de nos matar!&quot;, pedem os jovens franciscanos - Not\u00edcias - Franciscanos<\/title>\n<meta name=\"robots\" content=\"index, follow, max-snippet:-1, max-image-preview:large, max-video-preview:-1\" \/>\n<link rel=\"canonical\" href=\"https:\/\/franciscanos.org.br\/noticias\/parem-de-nos-matar-pedem-os-jovens-franciscanos.html\" \/>\n<meta property=\"og:locale\" content=\"pt_BR\" \/>\n<meta property=\"og:type\" content=\"article\" \/>\n<meta property=\"og:title\" content=\"&quot;Parem de nos matar!&quot;, pedem os jovens franciscanos - Not\u00edcias - Franciscanos\" \/>\n<meta property=\"og:description\" content=\"Primeiro dia das Miss\u00f5es Franciscanas da Juventude no Rio de Janeiro\" \/>\n<meta property=\"og:url\" content=\"https:\/\/franciscanos.org.br\/noticias\/parem-de-nos-matar-pedem-os-jovens-franciscanos.html\" \/>\n<meta property=\"og:site_name\" content=\"Not\u00edcias - Franciscanos\" \/>\n<meta property=\"article:published_time\" content=\"2019-07-18T05:16:52+00:00\" \/>\n<meta property=\"article:modified_time\" content=\"2019-07-18T10:54:05+00:00\" \/>\n<meta property=\"og:image\" content=\"https:\/\/franciscanos.org.br\/noticias\/wp-content\/uploads\/2019\/07\/primeiro_1807_d.jpg\" \/>\n\t<meta property=\"og:image:width\" content=\"273\" \/>\n\t<meta property=\"og:image:height\" content=\"181\" \/>\n\t<meta property=\"og:image:type\" content=\"image\/jpeg\" \/>\n<meta name=\"author\" content=\"moacir\" \/>\n<meta name=\"twitter:card\" content=\"summary_large_image\" \/>\n<meta name=\"twitter:label1\" content=\"Escrito por\" \/>\n\t<meta name=\"twitter:data1\" content=\"moacir\" \/>\n\t<meta name=\"twitter:label2\" content=\"Est. tempo de leitura\" \/>\n\t<meta name=\"twitter:data2\" content=\"7 minutos\" \/>\n<script type=\"application\/ld+json\" class=\"yoast-schema-graph\">{\"@context\":\"https:\/\/schema.org\",\"@graph\":[{\"@type\":\"WebSite\",\"@id\":\"https:\/\/franciscanos.org.br\/noticias\/#website\",\"url\":\"https:\/\/franciscanos.org.br\/noticias\/\",\"name\":\"Not\u00edcias - Franciscanos\",\"description\":\"Prov\u00edncia Franciscana da Imaculada Concei\u00e7\u00e3o do Brasil - Ordem dos Frades Menores - OFM\",\"potentialAction\":[{\"@type\":\"SearchAction\",\"target\":{\"@type\":\"EntryPoint\",\"urlTemplate\":\"https:\/\/franciscanos.org.br\/noticias\/?s={search_term_string}\"},\"query-input\":\"required name=search_term_string\"}],\"inLanguage\":\"pt-BR\"},{\"@type\":\"ImageObject\",\"inLanguage\":\"pt-BR\",\"@id\":\"https:\/\/franciscanos.org.br\/noticias\/parem-de-nos-matar-pedem-os-jovens-franciscanos.html#primaryimage\",\"url\":\"https:\/\/franciscanos.org.br\/noticias\/wp-content\/uploads\/2019\/07\/primeiro_1807_d.jpg\",\"contentUrl\":\"https:\/\/franciscanos.org.br\/noticias\/wp-content\/uploads\/2019\/07\/primeiro_1807_d.jpg\",\"width\":273,\"height\":181},{\"@type\":\"WebPage\",\"@id\":\"https:\/\/franciscanos.org.br\/noticias\/parem-de-nos-matar-pedem-os-jovens-franciscanos.html#webpage\",\"url\":\"https:\/\/franciscanos.org.br\/noticias\/parem-de-nos-matar-pedem-os-jovens-franciscanos.html\",\"name\":\"\\\"Parem de nos matar!\\\", pedem os jovens franciscanos - Not\u00edcias - Franciscanos\",\"isPartOf\":{\"@id\":\"https:\/\/franciscanos.org.br\/noticias\/#website\"},\"primaryImageOfPage\":{\"@id\":\"https:\/\/franciscanos.org.br\/noticias\/parem-de-nos-matar-pedem-os-jovens-franciscanos.html#primaryimage\"},\"datePublished\":\"2019-07-18T05:16:52+00:00\",\"dateModified\":\"2019-07-18T10:54:05+00:00\",\"author\":{\"@id\":\"https:\/\/franciscanos.org.br\/noticias\/#\/schema\/person\/b5c8cba458c330ccff548b056e95a5d4\"},\"breadcrumb\":{\"@id\":\"https:\/\/franciscanos.org.br\/noticias\/parem-de-nos-matar-pedem-os-jovens-franciscanos.html#breadcrumb\"},\"inLanguage\":\"pt-BR\",\"potentialAction\":[{\"@type\":\"ReadAction\",\"target\":[\"https:\/\/franciscanos.org.br\/noticias\/parem-de-nos-matar-pedem-os-jovens-franciscanos.html\"]}]},{\"@type\":\"BreadcrumbList\",\"@id\":\"https:\/\/franciscanos.org.br\/noticias\/parem-de-nos-matar-pedem-os-jovens-franciscanos.html#breadcrumb\",\"itemListElement\":[{\"@type\":\"ListItem\",\"position\":1,\"name\":\"Home\",\"item\":\"https:\/\/franciscanos.org.br\/noticias\"},{\"@type\":\"ListItem\",\"position\":2,\"name\":\"&#8220;Parem de nos matar!&#8221;, pedem os jovens franciscanos\"}]},{\"@type\":\"Person\",\"@id\":\"https:\/\/franciscanos.org.br\/noticias\/#\/schema\/person\/b5c8cba458c330ccff548b056e95a5d4\",\"name\":\"moacir\",\"image\":{\"@type\":\"ImageObject\",\"inLanguage\":\"pt-BR\",\"@id\":\"https:\/\/franciscanos.org.br\/noticias\/#\/schema\/person\/image\/\",\"url\":\"https:\/\/secure.gravatar.com\/avatar\/d08aa2ce4c8dd416d4479aa8536fcf64?s=96&d=mm&r=g\",\"contentUrl\":\"https:\/\/secure.gravatar.com\/avatar\/d08aa2ce4c8dd416d4479aa8536fcf64?s=96&d=mm&r=g\",\"caption\":\"moacir\"},\"url\":\"https:\/\/franciscanos.org.br\/noticias\/author\/moacir\"}]}<\/script>\n<!-- \/ Yoast SEO plugin. -->","yoast_head_json":{"title":"\"Parem de nos matar!\", pedem os jovens franciscanos - Not\u00edcias - Franciscanos","robots":{"index":"index","follow":"follow","max-snippet":"max-snippet:-1","max-image-preview":"max-image-preview:large","max-video-preview":"max-video-preview:-1"},"canonical":"https:\/\/franciscanos.org.br\/noticias\/parem-de-nos-matar-pedem-os-jovens-franciscanos.html","og_locale":"pt_BR","og_type":"article","og_title":"\"Parem de nos matar!\", pedem os jovens franciscanos - Not\u00edcias - Franciscanos","og_description":"Primeiro dia das Miss\u00f5es Franciscanas da Juventude no Rio de Janeiro","og_url":"https:\/\/franciscanos.org.br\/noticias\/parem-de-nos-matar-pedem-os-jovens-franciscanos.html","og_site_name":"Not\u00edcias - Franciscanos","article_published_time":"2019-07-18T05:16:52+00:00","article_modified_time":"2019-07-18T10:54:05+00:00","og_image":[{"width":273,"height":181,"url":"https:\/\/franciscanos.org.br\/noticias\/wp-content\/uploads\/2019\/07\/primeiro_1807_d.jpg","type":"image\/jpeg"}],"author":"moacir","twitter_card":"summary_large_image","twitter_misc":{"Escrito por":"moacir","Est. tempo de leitura":"7 minutos"},"schema":{"@context":"https:\/\/schema.org","@graph":[{"@type":"WebSite","@id":"https:\/\/franciscanos.org.br\/noticias\/#website","url":"https:\/\/franciscanos.org.br\/noticias\/","name":"Not\u00edcias - Franciscanos","description":"Prov\u00edncia Franciscana da Imaculada Concei\u00e7\u00e3o do Brasil - Ordem dos Frades Menores - OFM","potentialAction":[{"@type":"SearchAction","target":{"@type":"EntryPoint","urlTemplate":"https:\/\/franciscanos.org.br\/noticias\/?s={search_term_string}"},"query-input":"required name=search_term_string"}],"inLanguage":"pt-BR"},{"@type":"ImageObject","inLanguage":"pt-BR","@id":"https:\/\/franciscanos.org.br\/noticias\/parem-de-nos-matar-pedem-os-jovens-franciscanos.html#primaryimage","url":"https:\/\/franciscanos.org.br\/noticias\/wp-content\/uploads\/2019\/07\/primeiro_1807_d.jpg","contentUrl":"https:\/\/franciscanos.org.br\/noticias\/wp-content\/uploads\/2019\/07\/primeiro_1807_d.jpg","width":273,"height":181},{"@type":"WebPage","@id":"https:\/\/franciscanos.org.br\/noticias\/parem-de-nos-matar-pedem-os-jovens-franciscanos.html#webpage","url":"https:\/\/franciscanos.org.br\/noticias\/parem-de-nos-matar-pedem-os-jovens-franciscanos.html","name":"\"Parem de nos matar!\", pedem os jovens franciscanos - Not\u00edcias - Franciscanos","isPartOf":{"@id":"https:\/\/franciscanos.org.br\/noticias\/#website"},"primaryImageOfPage":{"@id":"https:\/\/franciscanos.org.br\/noticias\/parem-de-nos-matar-pedem-os-jovens-franciscanos.html#primaryimage"},"datePublished":"2019-07-18T05:16:52+00:00","dateModified":"2019-07-18T10:54:05+00:00","author":{"@id":"https:\/\/franciscanos.org.br\/noticias\/#\/schema\/person\/b5c8cba458c330ccff548b056e95a5d4"},"breadcrumb":{"@id":"https:\/\/franciscanos.org.br\/noticias\/parem-de-nos-matar-pedem-os-jovens-franciscanos.html#breadcrumb"},"inLanguage":"pt-BR","potentialAction":[{"@type":"ReadAction","target":["https:\/\/franciscanos.org.br\/noticias\/parem-de-nos-matar-pedem-os-jovens-franciscanos.html"]}]},{"@type":"BreadcrumbList","@id":"https:\/\/franciscanos.org.br\/noticias\/parem-de-nos-matar-pedem-os-jovens-franciscanos.html#breadcrumb","itemListElement":[{"@type":"ListItem","position":1,"name":"Home","item":"https:\/\/franciscanos.org.br\/noticias"},{"@type":"ListItem","position":2,"name":"&#8220;Parem de nos matar!&#8221;, pedem os jovens franciscanos"}]},{"@type":"Person","@id":"https:\/\/franciscanos.org.br\/noticias\/#\/schema\/person\/b5c8cba458c330ccff548b056e95a5d4","name":"moacir","image":{"@type":"ImageObject","inLanguage":"pt-BR","@id":"https:\/\/franciscanos.org.br\/noticias\/#\/schema\/person\/image\/","url":"https:\/\/secure.gravatar.com\/avatar\/d08aa2ce4c8dd416d4479aa8536fcf64?s=96&d=mm&r=g","contentUrl":"https:\/\/secure.gravatar.com\/avatar\/d08aa2ce4c8dd416d4479aa8536fcf64?s=96&d=mm&r=g","caption":"moacir"},"url":"https:\/\/franciscanos.org.br\/noticias\/author\/moacir"}]}},"_links":{"self":[{"href":"https:\/\/franciscanos.org.br\/noticias\/wp-json\/wp\/v2\/posts\/207809"}],"collection":[{"href":"https:\/\/franciscanos.org.br\/noticias\/wp-json\/wp\/v2\/posts"}],"about":[{"href":"https:\/\/franciscanos.org.br\/noticias\/wp-json\/wp\/v2\/types\/post"}],"author":[{"embeddable":true,"href":"https:\/\/franciscanos.org.br\/noticias\/wp-json\/wp\/v2\/users\/3"}],"replies":[{"embeddable":true,"href":"https:\/\/franciscanos.org.br\/noticias\/wp-json\/wp\/v2\/comments?post=207809"}],"version-history":[{"count":0,"href":"https:\/\/franciscanos.org.br\/noticias\/wp-json\/wp\/v2\/posts\/207809\/revisions"}],"wp:featuredmedia":[{"embeddable":true,"href":"https:\/\/franciscanos.org.br\/noticias\/wp-json\/wp\/v2\/media\/207811"}],"wp:attachment":[{"href":"https:\/\/franciscanos.org.br\/noticias\/wp-json\/wp\/v2\/media?parent=207809"}],"wp:term":[{"taxonomy":"category","embeddable":true,"href":"https:\/\/franciscanos.org.br\/noticias\/wp-json\/wp\/v2\/categories?post=207809"},{"taxonomy":"post_tag","embeddable":true,"href":"https:\/\/franciscanos.org.br\/noticias\/wp-json\/wp\/v2\/tags?post=207809"}],"curies":[{"name":"wp","href":"https:\/\/api.w.org\/{rel}","templated":true}]}}