{"id":207798,"date":"2019-07-17T11:38:09","date_gmt":"2019-07-17T14:38:09","guid":{"rendered":"https:\/\/franciscanos.org.br\/noticias\/?p=207798"},"modified":"2019-07-17T11:38:09","modified_gmt":"2019-07-17T14:38:09","slug":"encontro-por-regiao-dos-frades-e-leigos-da-frente-das-paroquias","status":"publish","type":"post","link":"https:\/\/franciscanos.org.br\/noticias\/encontro-por-regiao-dos-frades-e-leigos-da-frente-das-paroquias.html","title":{"rendered":"Encontro por regi\u00e3o dos Frades e Leigos da Frente das Par\u00f3quias"},"content":{"rendered":"<p><img loading=\"lazy\" class=\"alignnone wp-image-207800 size-full\" src=\"https:\/\/franciscanos.org.br\/noticias\/wp-content\/uploads\/2019\/07\/frente_1707.jpg\" alt=\"\" width=\"890\" height=\"349\" srcset=\"https:\/\/franciscanos.org.br\/noticias\/wp-content\/uploads\/2019\/07\/frente_1707.jpg 890w, https:\/\/franciscanos.org.br\/noticias\/wp-content\/uploads\/2019\/07\/frente_1707-450x176.jpg 450w, https:\/\/franciscanos.org.br\/noticias\/wp-content\/uploads\/2019\/07\/frente_1707-768x301.jpg 768w, https:\/\/franciscanos.org.br\/noticias\/wp-content\/uploads\/2019\/07\/frente_1707-150x59.jpg 150w\" sizes=\"(max-width: 890px) 100vw, 890px\" \/><\/p>\n<p><strong>ENCONTRO POR REGI\u00c3O DOS FRADES E LEIGOS DA FRENTE DE EVANGELIZA\u00c7\u00c3O DAS PAR\u00d3QUIAS, SANTU\u00c1RIOS E CENTROS DE ACOLHIMENTO \u2013 2\u00ba semestre de 2019<\/strong><\/p>\n<p>Tem sido a praxe da Frente das Par\u00f3quias, Santu\u00e1rios e Centros de Acolhimento\u00a0 realizar, no primeiro semestre, um encontro dos frades da Frente e, no segundo semestre, um encontro dos frades com nossos parceiros na evangeliza\u00e7\u00e3o, os leigos. No encontro dos frades realizado em maio, resolvemos que, neste ano, o encontro com os leigos seria por Regionais, at\u00e9 para possibilitar uma participa\u00e7\u00e3o maior dos leigos. Alguns Regionais mais pr\u00f3ximos resolveram realizar este evento em conjunto e v\u00e1rias datas j\u00e1 est\u00e3o agendadas. \u00c0 equipe de anima\u00e7\u00e3o da Frente se pediu um roteiro b\u00e1sico comum, contemplando as sugest\u00f5es dadas no encontro de maio. Segue, pois, a proposta de roteiro:<\/p>\n<p><strong>SUGEST\u00c3O DE UM ROTEIRO COMUM<\/strong><\/p>\n<p>O encontro tenha dois temas:<\/p>\n<ol>\n<li><strong>O desafio da evangeliza\u00e7\u00e3o com a juventude:<\/strong> no encontro dos frades da Frente em maio deste ano em Rondinha, PR, este foi um tema recorrente.<\/li>\n<li><strong>As Diretrizes da CNBB:<\/strong> \u00e9 documento inspirador e orientador para o planejamento pastoral em todos os n\u00edveis da Igreja no Brasil. Precisamos recepcionar as Diretrizes Gerais da A\u00e7\u00e3o Evangelizadora da Igreja no Brasil 2019-2023.<\/li>\n<\/ol>\n<p>H\u00e1 tamb\u00e9m a proposta de se fazer uma partilha de iniciativas pastorais que t\u00eam dado bons frutos. Vejam a\u00ed se \u00e9 poss\u00edvel ou se seria temas demais.<\/p>\n<p><u>\u00a0<\/u><u>Notas:<\/u><\/p>\n<ul>\n<li>Os temas s\u00e3o amplos e exigem no m\u00ednimo um dia inteiro de encontro.<\/li>\n<li>Uma equipe da Regi\u00e3o precisa preparar o Encontro at\u00e9 em suas min\u00facias, para que tudo ocorra a contento.<\/li>\n<li>\u00c9 importante que as delega\u00e7\u00f5es locais tenham uma representa\u00e7\u00e3o da juventude.<\/li>\n<li>Fica a encargo da Regi\u00e3o chamar uma assessoria para os momentos de \u201cilumina\u00e7\u00e3o\u201d ou usar \u201cprata da casa\u201d.<\/li>\n<li>Os \u201cpassos\u201d do encontro pedem uma tarefa pr\u00e9via a ser preparada nos locais de atua\u00e7\u00e3o das Fraternidades.<\/li>\n<li>O Secret\u00e1rio para a Evangeliza\u00e7\u00e3o Frei Gustavo Medella e a Equipe de anima\u00e7\u00e3o da Frente (Frei Andr\u00e9 Becker, Frei Nelson Hillesheim e Frei Ant\u00f4nio Michels) v\u00e3o, na medida do poss\u00edvel, cotizar-se para dar uma presen\u00e7a nos encontros das Regi\u00f5es.<\/li>\n<\/ul>\n<p><strong>PASSOS DO ENCONTRO<\/strong><\/p>\n<p><strong>Chegada:<\/strong> Uma equipe acolhe fraternalmente as delega\u00e7\u00f5es, d\u00e1 as orienta\u00e7\u00f5es necess\u00e1rias e distribui o material a ser utilizado.<\/p>\n<ol>\n<li><strong>Ritos de abertura:<\/strong><\/li>\n<\/ol>\n<ul>\n<li>Acolhida das delega\u00e7\u00f5es<\/li>\n<li>Momento de Ora\u00e7\u00e3o<\/li>\n<li>Motiva\u00e7\u00e3o para o encontro e apresenta\u00e7\u00e3o de seus passos<\/li>\n<\/ul>\n<ol start=\"3\">\n<li><strong>1\u00aa parte: O desafio da evangeliza\u00e7\u00e3o com a juventude<\/strong><\/li>\n<\/ol>\n<ul>\n<li><strong>Nossas a\u00e7\u00f5es evangelizadoras com a juventude \u2013 alegrias e perplexidades<\/strong>: em tempo pr\u00e9-determinado, cada par\u00f3quia ou santu\u00e1rio apresenta o seu trabalho com a juventude.<\/li>\n<li><strong>Ilumina\u00e7\u00e3o:<\/strong> Dicas que nos vem da Exorta\u00e7\u00e3o Apost\u00f3lica Cristo Vive, do documento do CPO de Nair\u00f3bi e do trabalho que o SAV da Prov\u00edncia vem realizando com as juventudes.<\/li>\n<li><strong>Debate em plen\u00e1rio<\/strong>, reagindo \u00e0s provoca\u00e7\u00f5es da ilumina\u00e7\u00e3o<\/li>\n<\/ul>\n<ol start=\"4\">\n<li><strong>2\u00aa parte: As Diretrizes GERAIS da A\u00e7\u00e3o Evangelizadora da Igreja no Brasil 2019-2022<\/strong><\/li>\n<\/ol>\n<ul>\n<li><strong>Ilumina\u00e7\u00e3o:<\/strong> Exposi\u00e7\u00e3o das principais ideias-for\u00e7a das novas Diretrizes<\/li>\n<li><strong>Grupos:<\/strong> Que inspira\u00e7\u00f5es as Diretrizes trazem para a a\u00e7\u00e3o em nossas par\u00f3quias e santu\u00e1rios?<\/li>\n<li><strong>Plen\u00e1rio &#8211; amarra\u00e7\u00e3o<\/strong><\/li>\n<\/ul>\n<ol start=\"5\">\n<li><strong>Encerramento<\/strong><\/li>\n<\/ol>\n<ul>\n<li><strong>Encaminhamentos<\/strong><\/li>\n<li><strong>Ora\u00e7\u00e3o:<\/strong> apresentar como a\u00e7\u00e3o de gra\u00e7as e s\u00faplica o que foi vivido no encontro e fazer o envio<\/li>\n<\/ul>\n<p>A todos um frutuoso encontro. O Senhor lhes d\u00ea a paz!<\/p>\n<p><em>Pela equipe<\/em><\/p>\n<p><strong>Frei Antonio Michels, animador da Frente<\/strong><\/p>\n","protected":false},"excerpt":{"rendered":"<p>Frente de Evangeliza\u00e7\u00e3o das Par\u00f3quias e Santu\u00e1rios<\/p>\n","protected":false},"author":3,"featured_media":207799,"comment_status":"open","ping_status":"open","sticky":false,"template":"","format":"standard","meta":[],"categories":[1488],"tags":[1145],"acf":[],"yoast_head":"<!-- This site is optimized with the Yoast SEO plugin v19.2 - https:\/\/yoast.com\/wordpress\/plugins\/seo\/ -->\n<title>Encontro por regi\u00e3o dos Frades e Leigos da Frente das Par\u00f3quias - Not\u00edcias - Franciscanos<\/title>\n<meta name=\"robots\" content=\"index, follow, max-snippet:-1, max-image-preview:large, max-video-preview:-1\" \/>\n<link rel=\"canonical\" href=\"https:\/\/franciscanos.org.br\/noticias\/encontro-por-regiao-dos-frades-e-leigos-da-frente-das-paroquias.html\" \/>\n<meta property=\"og:locale\" content=\"pt_BR\" \/>\n<meta property=\"og:type\" content=\"article\" \/>\n<meta property=\"og:title\" content=\"Encontro por regi\u00e3o dos Frades e Leigos da Frente das Par\u00f3quias - Not\u00edcias - Franciscanos\" \/>\n<meta property=\"og:description\" content=\"Frente de Evangeliza\u00e7\u00e3o das Par\u00f3quias e Santu\u00e1rios\" \/>\n<meta property=\"og:url\" content=\"https:\/\/franciscanos.org.br\/noticias\/encontro-por-regiao-dos-frades-e-leigos-da-frente-das-paroquias.html\" \/>\n<meta property=\"og:site_name\" content=\"Not\u00edcias - Franciscanos\" \/>\n<meta property=\"article:published_time\" content=\"2019-07-17T14:38:09+00:00\" \/>\n<meta property=\"og:image\" content=\"https:\/\/franciscanos.org.br\/noticias\/wp-content\/uploads\/2019\/07\/frente_1707d.jpg\" \/>\n\t<meta property=\"og:image:width\" content=\"273\" \/>\n\t<meta property=\"og:image:height\" content=\"181\" \/>\n\t<meta property=\"og:image:type\" content=\"image\/jpeg\" \/>\n<meta name=\"author\" content=\"moacir\" \/>\n<meta name=\"twitter:card\" content=\"summary_large_image\" \/>\n<meta name=\"twitter:label1\" content=\"Escrito por\" \/>\n\t<meta name=\"twitter:data1\" content=\"moacir\" \/>\n\t<meta name=\"twitter:label2\" content=\"Est. tempo de leitura\" \/>\n\t<meta name=\"twitter:data2\" content=\"3 minutos\" \/>\n<script type=\"application\/ld+json\" class=\"yoast-schema-graph\">{\"@context\":\"https:\/\/schema.org\",\"@graph\":[{\"@type\":\"WebSite\",\"@id\":\"https:\/\/franciscanos.org.br\/noticias\/#website\",\"url\":\"https:\/\/franciscanos.org.br\/noticias\/\",\"name\":\"Not\u00edcias - Franciscanos\",\"description\":\"Prov\u00edncia Franciscana da Imaculada Concei\u00e7\u00e3o do Brasil - Ordem dos Frades Menores - OFM\",\"potentialAction\":[{\"@type\":\"SearchAction\",\"target\":{\"@type\":\"EntryPoint\",\"urlTemplate\":\"https:\/\/franciscanos.org.br\/noticias\/?s={search_term_string}\"},\"query-input\":\"required name=search_term_string\"}],\"inLanguage\":\"pt-BR\"},{\"@type\":\"ImageObject\",\"inLanguage\":\"pt-BR\",\"@id\":\"https:\/\/franciscanos.org.br\/noticias\/encontro-por-regiao-dos-frades-e-leigos-da-frente-das-paroquias.html#primaryimage\",\"url\":\"https:\/\/franciscanos.org.br\/noticias\/wp-content\/uploads\/2019\/07\/frente_1707d.jpg\",\"contentUrl\":\"https:\/\/franciscanos.org.br\/noticias\/wp-content\/uploads\/2019\/07\/frente_1707d.jpg\",\"width\":273,\"height\":181},{\"@type\":\"WebPage\",\"@id\":\"https:\/\/franciscanos.org.br\/noticias\/encontro-por-regiao-dos-frades-e-leigos-da-frente-das-paroquias.html#webpage\",\"url\":\"https:\/\/franciscanos.org.br\/noticias\/encontro-por-regiao-dos-frades-e-leigos-da-frente-das-paroquias.html\",\"name\":\"Encontro por regi\u00e3o dos Frades e Leigos da Frente das Par\u00f3quias - Not\u00edcias - Franciscanos\",\"isPartOf\":{\"@id\":\"https:\/\/franciscanos.org.br\/noticias\/#website\"},\"primaryImageOfPage\":{\"@id\":\"https:\/\/franciscanos.org.br\/noticias\/encontro-por-regiao-dos-frades-e-leigos-da-frente-das-paroquias.html#primaryimage\"},\"datePublished\":\"2019-07-17T14:38:09+00:00\",\"dateModified\":\"2019-07-17T14:38:09+00:00\",\"author\":{\"@id\":\"https:\/\/franciscanos.org.br\/noticias\/#\/schema\/person\/b5c8cba458c330ccff548b056e95a5d4\"},\"breadcrumb\":{\"@id\":\"https:\/\/franciscanos.org.br\/noticias\/encontro-por-regiao-dos-frades-e-leigos-da-frente-das-paroquias.html#breadcrumb\"},\"inLanguage\":\"pt-BR\",\"potentialAction\":[{\"@type\":\"ReadAction\",\"target\":[\"https:\/\/franciscanos.org.br\/noticias\/encontro-por-regiao-dos-frades-e-leigos-da-frente-das-paroquias.html\"]}]},{\"@type\":\"BreadcrumbList\",\"@id\":\"https:\/\/franciscanos.org.br\/noticias\/encontro-por-regiao-dos-frades-e-leigos-da-frente-das-paroquias.html#breadcrumb\",\"itemListElement\":[{\"@type\":\"ListItem\",\"position\":1,\"name\":\"Home\",\"item\":\"https:\/\/franciscanos.org.br\/noticias\"},{\"@type\":\"ListItem\",\"position\":2,\"name\":\"Encontro por regi\u00e3o dos Frades e Leigos da Frente das Par\u00f3quias\"}]},{\"@type\":\"Person\",\"@id\":\"https:\/\/franciscanos.org.br\/noticias\/#\/schema\/person\/b5c8cba458c330ccff548b056e95a5d4\",\"name\":\"moacir\",\"image\":{\"@type\":\"ImageObject\",\"inLanguage\":\"pt-BR\",\"@id\":\"https:\/\/franciscanos.org.br\/noticias\/#\/schema\/person\/image\/\",\"url\":\"https:\/\/secure.gravatar.com\/avatar\/d08aa2ce4c8dd416d4479aa8536fcf64?s=96&d=mm&r=g\",\"contentUrl\":\"https:\/\/secure.gravatar.com\/avatar\/d08aa2ce4c8dd416d4479aa8536fcf64?s=96&d=mm&r=g\",\"caption\":\"moacir\"},\"url\":\"https:\/\/franciscanos.org.br\/noticias\/author\/moacir\"}]}<\/script>\n<!-- \/ Yoast SEO plugin. -->","yoast_head_json":{"title":"Encontro por regi\u00e3o dos Frades e Leigos da Frente das Par\u00f3quias - Not\u00edcias - Franciscanos","robots":{"index":"index","follow":"follow","max-snippet":"max-snippet:-1","max-image-preview":"max-image-preview:large","max-video-preview":"max-video-preview:-1"},"canonical":"https:\/\/franciscanos.org.br\/noticias\/encontro-por-regiao-dos-frades-e-leigos-da-frente-das-paroquias.html","og_locale":"pt_BR","og_type":"article","og_title":"Encontro por regi\u00e3o dos Frades e Leigos da Frente das Par\u00f3quias - Not\u00edcias - Franciscanos","og_description":"Frente de Evangeliza\u00e7\u00e3o das Par\u00f3quias e Santu\u00e1rios","og_url":"https:\/\/franciscanos.org.br\/noticias\/encontro-por-regiao-dos-frades-e-leigos-da-frente-das-paroquias.html","og_site_name":"Not\u00edcias - Franciscanos","article_published_time":"2019-07-17T14:38:09+00:00","og_image":[{"width":273,"height":181,"url":"https:\/\/franciscanos.org.br\/noticias\/wp-content\/uploads\/2019\/07\/frente_1707d.jpg","type":"image\/jpeg"}],"author":"moacir","twitter_card":"summary_large_image","twitter_misc":{"Escrito por":"moacir","Est. tempo de leitura":"3 minutos"},"schema":{"@context":"https:\/\/schema.org","@graph":[{"@type":"WebSite","@id":"https:\/\/franciscanos.org.br\/noticias\/#website","url":"https:\/\/franciscanos.org.br\/noticias\/","name":"Not\u00edcias - Franciscanos","description":"Prov\u00edncia Franciscana da Imaculada Concei\u00e7\u00e3o do Brasil - Ordem dos Frades Menores - OFM","potentialAction":[{"@type":"SearchAction","target":{"@type":"EntryPoint","urlTemplate":"https:\/\/franciscanos.org.br\/noticias\/?s={search_term_string}"},"query-input":"required name=search_term_string"}],"inLanguage":"pt-BR"},{"@type":"ImageObject","inLanguage":"pt-BR","@id":"https:\/\/franciscanos.org.br\/noticias\/encontro-por-regiao-dos-frades-e-leigos-da-frente-das-paroquias.html#primaryimage","url":"https:\/\/franciscanos.org.br\/noticias\/wp-content\/uploads\/2019\/07\/frente_1707d.jpg","contentUrl":"https:\/\/franciscanos.org.br\/noticias\/wp-content\/uploads\/2019\/07\/frente_1707d.jpg","width":273,"height":181},{"@type":"WebPage","@id":"https:\/\/franciscanos.org.br\/noticias\/encontro-por-regiao-dos-frades-e-leigos-da-frente-das-paroquias.html#webpage","url":"https:\/\/franciscanos.org.br\/noticias\/encontro-por-regiao-dos-frades-e-leigos-da-frente-das-paroquias.html","name":"Encontro por regi\u00e3o dos Frades e Leigos da Frente das Par\u00f3quias - Not\u00edcias - Franciscanos","isPartOf":{"@id":"https:\/\/franciscanos.org.br\/noticias\/#website"},"primaryImageOfPage":{"@id":"https:\/\/franciscanos.org.br\/noticias\/encontro-por-regiao-dos-frades-e-leigos-da-frente-das-paroquias.html#primaryimage"},"datePublished":"2019-07-17T14:38:09+00:00","dateModified":"2019-07-17T14:38:09+00:00","author":{"@id":"https:\/\/franciscanos.org.br\/noticias\/#\/schema\/person\/b5c8cba458c330ccff548b056e95a5d4"},"breadcrumb":{"@id":"https:\/\/franciscanos.org.br\/noticias\/encontro-por-regiao-dos-frades-e-leigos-da-frente-das-paroquias.html#breadcrumb"},"inLanguage":"pt-BR","potentialAction":[{"@type":"ReadAction","target":["https:\/\/franciscanos.org.br\/noticias\/encontro-por-regiao-dos-frades-e-leigos-da-frente-das-paroquias.html"]}]},{"@type":"BreadcrumbList","@id":"https:\/\/franciscanos.org.br\/noticias\/encontro-por-regiao-dos-frades-e-leigos-da-frente-das-paroquias.html#breadcrumb","itemListElement":[{"@type":"ListItem","position":1,"name":"Home","item":"https:\/\/franciscanos.org.br\/noticias"},{"@type":"ListItem","position":2,"name":"Encontro por regi\u00e3o dos Frades e Leigos da Frente das Par\u00f3quias"}]},{"@type":"Person","@id":"https:\/\/franciscanos.org.br\/noticias\/#\/schema\/person\/b5c8cba458c330ccff548b056e95a5d4","name":"moacir","image":{"@type":"ImageObject","inLanguage":"pt-BR","@id":"https:\/\/franciscanos.org.br\/noticias\/#\/schema\/person\/image\/","url":"https:\/\/secure.gravatar.com\/avatar\/d08aa2ce4c8dd416d4479aa8536fcf64?s=96&d=mm&r=g","contentUrl":"https:\/\/secure.gravatar.com\/avatar\/d08aa2ce4c8dd416d4479aa8536fcf64?s=96&d=mm&r=g","caption":"moacir"},"url":"https:\/\/franciscanos.org.br\/noticias\/author\/moacir"}]}},"_links":{"self":[{"href":"https:\/\/franciscanos.org.br\/noticias\/wp-json\/wp\/v2\/posts\/207798"}],"collection":[{"href":"https:\/\/franciscanos.org.br\/noticias\/wp-json\/wp\/v2\/posts"}],"about":[{"href":"https:\/\/franciscanos.org.br\/noticias\/wp-json\/wp\/v2\/types\/post"}],"author":[{"embeddable":true,"href":"https:\/\/franciscanos.org.br\/noticias\/wp-json\/wp\/v2\/users\/3"}],"replies":[{"embeddable":true,"href":"https:\/\/franciscanos.org.br\/noticias\/wp-json\/wp\/v2\/comments?post=207798"}],"version-history":[{"count":0,"href":"https:\/\/franciscanos.org.br\/noticias\/wp-json\/wp\/v2\/posts\/207798\/revisions"}],"wp:featuredmedia":[{"embeddable":true,"href":"https:\/\/franciscanos.org.br\/noticias\/wp-json\/wp\/v2\/media\/207799"}],"wp:attachment":[{"href":"https:\/\/franciscanos.org.br\/noticias\/wp-json\/wp\/v2\/media?parent=207798"}],"wp:term":[{"taxonomy":"category","embeddable":true,"href":"https:\/\/franciscanos.org.br\/noticias\/wp-json\/wp\/v2\/categories?post=207798"},{"taxonomy":"post_tag","embeddable":true,"href":"https:\/\/franciscanos.org.br\/noticias\/wp-json\/wp\/v2\/tags?post=207798"}],"curies":[{"name":"wp","href":"https:\/\/api.w.org\/{rel}","templated":true}]}}