{"id":207784,"date":"2019-07-17T10:44:40","date_gmt":"2019-07-17T13:44:40","guid":{"rendered":"https:\/\/franciscanos.org.br\/noticias\/?p=207784"},"modified":"2019-07-17T10:58:55","modified_gmt":"2019-07-17T13:58:55","slug":"missoes-a-grande-expressao-de-solidariedade","status":"publish","type":"post","link":"https:\/\/franciscanos.org.br\/noticias\/missoes-a-grande-expressao-de-solidariedade.html","title":{"rendered":"Miss\u00f5es: A grande express\u00e3o de solidariedade"},"content":{"rendered":"<p><img loading=\"lazy\" class=\"alignnone wp-image-207785 size-full\" src=\"https:\/\/franciscanos.org.br\/noticias\/wp-content\/uploads\/2019\/07\/francisco_1707_3.jpg\" alt=\"\" width=\"890\" height=\"589\" srcset=\"https:\/\/franciscanos.org.br\/noticias\/wp-content\/uploads\/2019\/07\/francisco_1707_3.jpg 890w, https:\/\/franciscanos.org.br\/noticias\/wp-content\/uploads\/2019\/07\/francisco_1707_3-450x298.jpg 450w, https:\/\/franciscanos.org.br\/noticias\/wp-content\/uploads\/2019\/07\/francisco_1707_3-768x508.jpg 768w, https:\/\/franciscanos.org.br\/noticias\/wp-content\/uploads\/2019\/07\/francisco_1707_3-150x99.jpg 150w\" sizes=\"(max-width: 890px) 100vw, 890px\" \/><\/p>\n<p><strong>Rio de Janeiro (RJ) &#8211;<\/strong> Reunir 600 jovens de cinco estados no Rio de Janeiro foi uma grande express\u00e3o de solidariedade. Esta \u00e9 a primeira conclus\u00e3o que Frei Diego Melo tira de todo esse trabalho que come\u00e7ou em agosto do ano passado. Uma ajuda daqui, uma m\u00e3o dali, um apoio de l\u00e1, uma rifa, uma partilha, enfim, estava feita a corrente de solidariedade. Ela garantiu a realiza\u00e7\u00e3o das Miss\u00f5es Franciscanas da Juventude, que come\u00e7am hoje \u00e0 tarde no Rio de Janeiro.<\/p>\n<p><img loading=\"lazy\" class=\"alignright size-full wp-image-207790\" src=\"https:\/\/franciscanos.org.br\/noticias\/wp-content\/uploads\/2019\/07\/francisco_1707_4.jpg\" alt=\"\" width=\"350\" height=\"232\" srcset=\"https:\/\/franciscanos.org.br\/noticias\/wp-content\/uploads\/2019\/07\/francisco_1707_4.jpg 350w, https:\/\/franciscanos.org.br\/noticias\/wp-content\/uploads\/2019\/07\/francisco_1707_4-150x99.jpg 150w\" sizes=\"(max-width: 350px) 100vw, 350px\" \/>Esse apoio come\u00e7ou quando Frei Diego, o animador vocacional da Prov\u00edncia Franciscana da Imaculada Concei\u00e7\u00e3o e coordenador das Miss\u00f5es, fez a proposta destas Miss\u00f5es para os dois Regionais dos Frades da Prov\u00edncia (Serra\/Baixada Fluminense e Rio de Janeiro). Com a aprova\u00e7\u00e3o das oito par\u00f3quias franciscanas do Rio de Janeiro, Frei Diego criou a comiss\u00e3o organizadora, que \u00e9 composta de dois ou tr\u00eas representantes de cada par\u00f3quia. &#8220;Uma vez por m\u00eas, dois ou tr\u00eas vinham aqui para o Convento Santo Ant\u00f4nio participar de uma reuni\u00e3o. Eles fizeram a ponte com as par\u00f3quias e prepararam os eventos locais. N\u00f3s, como comiss\u00e3o central, pensamos os grandes momentos&#8221;, explicou Frei Diego. Isso porque as Miss\u00f5es ter\u00e3o como base, nesta quarta e quinta, a Catedral S\u00e3o Sebasti\u00e3o, que cedeu toda a estrutura para as celebra\u00e7\u00f5es, palestras, oficinas, hospedagem, refei\u00e7\u00f5es e higiene. O Convento Santo Ant\u00f4nio acolhe outra parte dos jovens na celebra\u00e7\u00e3o desta noite e na hospedagem.<\/p>\n<p>Na sexta-feira e no s\u00e1bado, os jovens ser\u00e3o distribu\u00eddos em grupos nas oito par\u00f3quias e ficar\u00e3o hospedados em casas de fam\u00edlias. O retorno para o grande evento das Miss\u00f5es acontecer\u00e1 domingo com a Missa de encerramento, \u00e0s 7 horas, na Praia de S\u00e3o Conrado, e a Caminhada pela Paz at\u00e9 a Rocinha, \u00e0s 11 horas.<\/p>\n<p><img loading=\"lazy\" class=\"alignnone wp-image-207786 size-full\" src=\"https:\/\/franciscanos.org.br\/noticias\/wp-content\/uploads\/2019\/07\/francisco_1707_5.jpg\" alt=\"\" width=\"890\" height=\"668\" srcset=\"https:\/\/franciscanos.org.br\/noticias\/wp-content\/uploads\/2019\/07\/francisco_1707_5.jpg 890w, https:\/\/franciscanos.org.br\/noticias\/wp-content\/uploads\/2019\/07\/francisco_1707_5-450x338.jpg 450w, https:\/\/franciscanos.org.br\/noticias\/wp-content\/uploads\/2019\/07\/francisco_1707_5-768x576.jpg 768w, https:\/\/franciscanos.org.br\/noticias\/wp-content\/uploads\/2019\/07\/francisco_1707_5-150x113.jpg 150w, https:\/\/franciscanos.org.br\/noticias\/wp-content\/uploads\/2019\/07\/francisco_1707_5-600x450.jpg 600w\" sizes=\"(max-width: 890px) 100vw, 890px\" \/><\/p>\n<p>&#8220;Acho que a miss\u00e3o acontece quando a gente consegue sentar juntos, diferentes par\u00f3quias e diferentes realidades eclesiais e sociais, para pensar e caminhar em dire\u00e7\u00e3o a um objetivo comum. Ent\u00e3o, essa Fraternidade que a gente j\u00e1 gerou, esse interc\u00e2mbio, essa troca de experi\u00eancias da comiss\u00e3o central foi a pr\u00e9-miss\u00e3o com sucesso&#8221;, acredita Frei Diego, agradecendo muito o apoio dos p\u00e1rocos franciscanos e do p\u00e1roco da Catedral, Pe. Cl\u00e1udio Santos (<a href=\"https:\/\/franciscanos.org.br\/noticias\/catedral-sao-sebastiao-a-mae-que-acolhe-os-jovens.html\"><em><strong>veja tamb\u00e9m).<\/strong><\/em><\/a><\/p>\n<p>Segundo Frei Diego, os custos para realizar as Miss\u00f5es giram em torno de R$ 75 mil. Todo o dinheiro vir\u00e1 das inscri\u00e7\u00f5es (R$ 50,00 para cada jovem), da venda de camisetas nas par\u00f3quias e da rifa de uma TV 42 polegadas. &#8220;As inscri\u00e7\u00f5es n\u00e3o seriam suficientes para pagar tudo e, como n\u00e3o quer\u00edamos aumentar o pre\u00e7o, pensamos alternativas para isso. Uma delas foi a rifa do aparelho de TV, doado pela Fraternidade da Porci\u00fancula, de Niter\u00f3i, e a outra a venda das camisetas franciscanas. Cada par\u00f3quia da Prov\u00edncia recebeu um n\u00famero x de camisetas para vender e o lucro foi revertido para as Miss\u00f5es. Ent\u00e3o, esse montante deu condi\u00e7\u00f5es para custear todas as despesas&#8221;, detalha Frei Diego. Segundo o frade, os maiores gastos s\u00e3o com a alimenta\u00e7\u00e3o e com os banheiros alugados.<\/p>\n<div id=\"attachment_207787\" style=\"width: 900px\" class=\"wp-caption alignnone\"><img aria-describedby=\"caption-attachment-207787\" loading=\"lazy\" class=\"wp-image-207787 size-full\" src=\"https:\/\/franciscanos.org.br\/noticias\/wp-content\/uploads\/2019\/07\/francisco_1707_2.jpg\" alt=\"\" width=\"890\" height=\"489\" srcset=\"https:\/\/franciscanos.org.br\/noticias\/wp-content\/uploads\/2019\/07\/francisco_1707_2.jpg 890w, https:\/\/franciscanos.org.br\/noticias\/wp-content\/uploads\/2019\/07\/francisco_1707_2-450x247.jpg 450w, https:\/\/franciscanos.org.br\/noticias\/wp-content\/uploads\/2019\/07\/francisco_1707_2-768x422.jpg 768w, https:\/\/franciscanos.org.br\/noticias\/wp-content\/uploads\/2019\/07\/francisco_1707_2-150x82.jpg 150w\" sizes=\"(max-width: 890px) 100vw, 890px\" \/><p id=\"caption-attachment-207787\" class=\"wp-caption-text\"><em>Frei Diego mostra os chuveiros que foram alugados para estas Miss\u00f5es<\/em><\/p><\/div>\n<div id=\"attachment_207789\" style=\"width: 360px\" class=\"wp-caption alignleft\"><img aria-describedby=\"caption-attachment-207789\" loading=\"lazy\" class=\"wp-image-207789 size-full\" src=\"https:\/\/franciscanos.org.br\/noticias\/wp-content\/uploads\/2019\/07\/francisco_1707_6.jpg\" alt=\"\" width=\"350\" height=\"444\" srcset=\"https:\/\/franciscanos.org.br\/noticias\/wp-content\/uploads\/2019\/07\/francisco_1707_6.jpg 350w, https:\/\/franciscanos.org.br\/noticias\/wp-content\/uploads\/2019\/07\/francisco_1707_6-150x190.jpg 150w\" sizes=\"(max-width: 350px) 100vw, 350px\" \/><p id=\"caption-attachment-207789\" class=\"wp-caption-text\"><em>Chap\u00e9u de palha confeccionado na Bahia<\/em><\/p><\/div>\n<p>Para as refei\u00e7\u00f5es, foi contratada uma Cooperativa de Mulheres da Comunidade da Mar\u00e9, que se chama &#8220;Mar\u00e9 de Sabores&#8221;. &#8220;Essas mulheres se uniram numa cooperativa e oferecem refei\u00e7\u00f5es naturais, org\u00e2nicas e n\u00e3o usam nada industrializado. Desse trabalho, tiram a sua subsist\u00eancia. Contratamos elas por essa quest\u00e3o ecol\u00f3gica e social. No total, v\u00e3o servir 570 refei\u00e7\u00f5es na janta desta quarta e 570 refei\u00e7\u00f5es no almo\u00e7o de quinta&#8221;, adiantou Frei Diego.<\/p>\n<p>Outra despesa ficou por conta da contrata\u00e7\u00e3o de chuveiros e banheiros. &#8220;Contratamos dois cont\u00eaineres com 12 chuveiros cada um e banheiros qu\u00edmicos. Tamb\u00e9m n\u00e3o estamos usando nenhum tipo de descart\u00e1vel. Mandamos fazer uma caneca, que ser\u00e1 usada nos caf\u00e9s e refei\u00e7\u00f5es. Inclusive os chap\u00e9us, que vieram de Cocal, na Bahia&#8221;, destacou o frade. Os chap\u00e9us foram especialmente preparados por mulheres do semi\u00e1rido brasileiro que fazem parte da Cooperativa Artes\u00e3s Filhas do Vento. Trata-se de uma iniciativa nascida no munic\u00edpio de Brotas de Maca\u00fabas (BA), cujo objetivo \u00e9 fazer da palha do Licuri, palmeira nativa da regi\u00e3o, uma fonte de renda e de resist\u00eancia para as fam\u00edlias locais.<\/p>\n<p>Frei Diego tamb\u00e9m elogiou e agradeceu a Associa\u00e7\u00e3o de Ensino Bom Jesus, que doou todas as camisetas do encontro, e a Editora Vozes, que doou a impress\u00e3o de todos os livretos para essas Miss\u00f5es. &#8220;Indiretamente, o Servi\u00e7o de Anima\u00e7\u00e3o Vocacional entrou com 10 mil reais, dinheiro que veio da venda das camisetas&#8221;, disse o frade.<\/p>\n<div id=\"attachment_207788\" style=\"width: 900px\" class=\"wp-caption alignnone\"><img aria-describedby=\"caption-attachment-207788\" loading=\"lazy\" class=\"wp-image-207788 size-full\" src=\"https:\/\/franciscanos.org.br\/noticias\/wp-content\/uploads\/2019\/07\/francisco_1707_1.jpg\" alt=\"\" width=\"890\" height=\"422\" srcset=\"https:\/\/franciscanos.org.br\/noticias\/wp-content\/uploads\/2019\/07\/francisco_1707_1.jpg 890w, https:\/\/franciscanos.org.br\/noticias\/wp-content\/uploads\/2019\/07\/francisco_1707_1-450x213.jpg 450w, https:\/\/franciscanos.org.br\/noticias\/wp-content\/uploads\/2019\/07\/francisco_1707_1-768x364.jpg 768w, https:\/\/franciscanos.org.br\/noticias\/wp-content\/uploads\/2019\/07\/francisco_1707_1-150x71.jpg 150w\" sizes=\"(max-width: 890px) 100vw, 890px\" \/><p id=\"caption-attachment-207788\" class=\"wp-caption-text\"><em>Grupo de Jovens das cidades de Vila Velha e Colatina, onde a Prov\u00edncia da Imaculada est\u00e1 presente.<\/em><\/p><\/div>\n<p><strong>\u00daLTIMOS PREPARATIVOS<\/strong><\/p>\n<p>Enquanto os grupos de jovens chegavam, outro grande grupo preparou os kits que ser\u00e3o entregues nesta quarta-feira, 17 de julho, a partir das 13 horas. Frei Diego acompanhou o trabalho dos jovens de perto durante a manh\u00e3 fria e chuvosa no Rio de Janeiro.<\/p>\n<p><strong>Equipe de Comunica\u00e7\u00e3o da MJF\u00a0<\/strong><\/p>\n<div id=\"attachment_207792\" style=\"width: 900px\" class=\"wp-caption alignright\"><img aria-describedby=\"caption-attachment-207792\" loading=\"lazy\" class=\"wp-image-207792 size-full\" src=\"https:\/\/franciscanos.org.br\/noticias\/wp-content\/uploads\/2019\/07\/francisco_1707.jpg\" alt=\"\" width=\"890\" height=\"566\" srcset=\"https:\/\/franciscanos.org.br\/noticias\/wp-content\/uploads\/2019\/07\/francisco_1707.jpg 890w, https:\/\/franciscanos.org.br\/noticias\/wp-content\/uploads\/2019\/07\/francisco_1707-450x286.jpg 450w, https:\/\/franciscanos.org.br\/noticias\/wp-content\/uploads\/2019\/07\/francisco_1707-768x488.jpg 768w, https:\/\/franciscanos.org.br\/noticias\/wp-content\/uploads\/2019\/07\/francisco_1707-150x95.jpg 150w\" sizes=\"(max-width: 890px) 100vw, 890px\" \/><p id=\"caption-attachment-207792\" class=\"wp-caption-text\"><em>A imagem de S\u00e3o Francisco em uma das portas da Catedral S\u00e3o Sebasti\u00e3o espera os jovens franciscanos.<\/em><\/p><\/div>\n","protected":false},"excerpt":{"rendered":"<p>Miss\u00f5es Franciscanas da Juventude<\/p>\n","protected":false},"author":3,"featured_media":207791,"comment_status":"open","ping_status":"open","sticky":false,"template":"","format":"standard","meta":[],"categories":[1],"tags":[1206],"acf":[],"yoast_head":"<!-- This site is optimized with the Yoast SEO plugin v19.2 - https:\/\/yoast.com\/wordpress\/plugins\/seo\/ -->\n<title>Miss\u00f5es: A grande express\u00e3o de solidariedade - Not\u00edcias - Franciscanos<\/title>\n<meta name=\"robots\" content=\"index, follow, max-snippet:-1, max-image-preview:large, max-video-preview:-1\" \/>\n<link rel=\"canonical\" href=\"https:\/\/franciscanos.org.br\/noticias\/missoes-a-grande-expressao-de-solidariedade.html\" \/>\n<meta property=\"og:locale\" content=\"pt_BR\" \/>\n<meta property=\"og:type\" content=\"article\" \/>\n<meta property=\"og:title\" content=\"Miss\u00f5es: A grande express\u00e3o de solidariedade - Not\u00edcias - Franciscanos\" \/>\n<meta property=\"og:description\" content=\"Miss\u00f5es Franciscanas da Juventude\" \/>\n<meta property=\"og:url\" content=\"https:\/\/franciscanos.org.br\/noticias\/missoes-a-grande-expressao-de-solidariedade.html\" \/>\n<meta property=\"og:site_name\" content=\"Not\u00edcias - Franciscanos\" \/>\n<meta property=\"article:published_time\" content=\"2019-07-17T13:44:40+00:00\" \/>\n<meta property=\"article:modified_time\" content=\"2019-07-17T13:58:55+00:00\" \/>\n<meta property=\"og:image\" content=\"https:\/\/franciscanos.org.br\/noticias\/wp-content\/uploads\/2019\/07\/francisco_1707_d.jpg\" \/>\n\t<meta property=\"og:image:width\" content=\"273\" \/>\n\t<meta property=\"og:image:height\" content=\"181\" \/>\n\t<meta property=\"og:image:type\" content=\"image\/jpeg\" \/>\n<meta name=\"author\" content=\"moacir\" \/>\n<meta name=\"twitter:card\" content=\"summary_large_image\" \/>\n<meta name=\"twitter:label1\" content=\"Escrito por\" \/>\n\t<meta name=\"twitter:data1\" content=\"moacir\" \/>\n\t<meta name=\"twitter:label2\" content=\"Est. tempo de leitura\" \/>\n\t<meta name=\"twitter:data2\" content=\"5 minutos\" \/>\n<script type=\"application\/ld+json\" class=\"yoast-schema-graph\">{\"@context\":\"https:\/\/schema.org\",\"@graph\":[{\"@type\":\"WebSite\",\"@id\":\"https:\/\/franciscanos.org.br\/noticias\/#website\",\"url\":\"https:\/\/franciscanos.org.br\/noticias\/\",\"name\":\"Not\u00edcias - Franciscanos\",\"description\":\"Prov\u00edncia Franciscana da Imaculada Concei\u00e7\u00e3o do Brasil - Ordem dos Frades Menores - OFM\",\"potentialAction\":[{\"@type\":\"SearchAction\",\"target\":{\"@type\":\"EntryPoint\",\"urlTemplate\":\"https:\/\/franciscanos.org.br\/noticias\/?s={search_term_string}\"},\"query-input\":\"required name=search_term_string\"}],\"inLanguage\":\"pt-BR\"},{\"@type\":\"ImageObject\",\"inLanguage\":\"pt-BR\",\"@id\":\"https:\/\/franciscanos.org.br\/noticias\/missoes-a-grande-expressao-de-solidariedade.html#primaryimage\",\"url\":\"https:\/\/franciscanos.org.br\/noticias\/wp-content\/uploads\/2019\/07\/francisco_1707_d.jpg\",\"contentUrl\":\"https:\/\/franciscanos.org.br\/noticias\/wp-content\/uploads\/2019\/07\/francisco_1707_d.jpg\",\"width\":273,\"height\":181},{\"@type\":\"WebPage\",\"@id\":\"https:\/\/franciscanos.org.br\/noticias\/missoes-a-grande-expressao-de-solidariedade.html#webpage\",\"url\":\"https:\/\/franciscanos.org.br\/noticias\/missoes-a-grande-expressao-de-solidariedade.html\",\"name\":\"Miss\u00f5es: A grande express\u00e3o de solidariedade - Not\u00edcias - Franciscanos\",\"isPartOf\":{\"@id\":\"https:\/\/franciscanos.org.br\/noticias\/#website\"},\"primaryImageOfPage\":{\"@id\":\"https:\/\/franciscanos.org.br\/noticias\/missoes-a-grande-expressao-de-solidariedade.html#primaryimage\"},\"datePublished\":\"2019-07-17T13:44:40+00:00\",\"dateModified\":\"2019-07-17T13:58:55+00:00\",\"author\":{\"@id\":\"https:\/\/franciscanos.org.br\/noticias\/#\/schema\/person\/b5c8cba458c330ccff548b056e95a5d4\"},\"breadcrumb\":{\"@id\":\"https:\/\/franciscanos.org.br\/noticias\/missoes-a-grande-expressao-de-solidariedade.html#breadcrumb\"},\"inLanguage\":\"pt-BR\",\"potentialAction\":[{\"@type\":\"ReadAction\",\"target\":[\"https:\/\/franciscanos.org.br\/noticias\/missoes-a-grande-expressao-de-solidariedade.html\"]}]},{\"@type\":\"BreadcrumbList\",\"@id\":\"https:\/\/franciscanos.org.br\/noticias\/missoes-a-grande-expressao-de-solidariedade.html#breadcrumb\",\"itemListElement\":[{\"@type\":\"ListItem\",\"position\":1,\"name\":\"Home\",\"item\":\"https:\/\/franciscanos.org.br\/noticias\"},{\"@type\":\"ListItem\",\"position\":2,\"name\":\"Miss\u00f5es: A grande express\u00e3o de solidariedade\"}]},{\"@type\":\"Person\",\"@id\":\"https:\/\/franciscanos.org.br\/noticias\/#\/schema\/person\/b5c8cba458c330ccff548b056e95a5d4\",\"name\":\"moacir\",\"image\":{\"@type\":\"ImageObject\",\"inLanguage\":\"pt-BR\",\"@id\":\"https:\/\/franciscanos.org.br\/noticias\/#\/schema\/person\/image\/\",\"url\":\"https:\/\/secure.gravatar.com\/avatar\/d08aa2ce4c8dd416d4479aa8536fcf64?s=96&d=mm&r=g\",\"contentUrl\":\"https:\/\/secure.gravatar.com\/avatar\/d08aa2ce4c8dd416d4479aa8536fcf64?s=96&d=mm&r=g\",\"caption\":\"moacir\"},\"url\":\"https:\/\/franciscanos.org.br\/noticias\/author\/moacir\"}]}<\/script>\n<!-- \/ Yoast SEO plugin. -->","yoast_head_json":{"title":"Miss\u00f5es: A grande express\u00e3o de solidariedade - Not\u00edcias - Franciscanos","robots":{"index":"index","follow":"follow","max-snippet":"max-snippet:-1","max-image-preview":"max-image-preview:large","max-video-preview":"max-video-preview:-1"},"canonical":"https:\/\/franciscanos.org.br\/noticias\/missoes-a-grande-expressao-de-solidariedade.html","og_locale":"pt_BR","og_type":"article","og_title":"Miss\u00f5es: A grande express\u00e3o de solidariedade - Not\u00edcias - Franciscanos","og_description":"Miss\u00f5es Franciscanas da Juventude","og_url":"https:\/\/franciscanos.org.br\/noticias\/missoes-a-grande-expressao-de-solidariedade.html","og_site_name":"Not\u00edcias - Franciscanos","article_published_time":"2019-07-17T13:44:40+00:00","article_modified_time":"2019-07-17T13:58:55+00:00","og_image":[{"width":273,"height":181,"url":"https:\/\/franciscanos.org.br\/noticias\/wp-content\/uploads\/2019\/07\/francisco_1707_d.jpg","type":"image\/jpeg"}],"author":"moacir","twitter_card":"summary_large_image","twitter_misc":{"Escrito por":"moacir","Est. tempo de leitura":"5 minutos"},"schema":{"@context":"https:\/\/schema.org","@graph":[{"@type":"WebSite","@id":"https:\/\/franciscanos.org.br\/noticias\/#website","url":"https:\/\/franciscanos.org.br\/noticias\/","name":"Not\u00edcias - Franciscanos","description":"Prov\u00edncia Franciscana da Imaculada Concei\u00e7\u00e3o do Brasil - Ordem dos Frades Menores - OFM","potentialAction":[{"@type":"SearchAction","target":{"@type":"EntryPoint","urlTemplate":"https:\/\/franciscanos.org.br\/noticias\/?s={search_term_string}"},"query-input":"required name=search_term_string"}],"inLanguage":"pt-BR"},{"@type":"ImageObject","inLanguage":"pt-BR","@id":"https:\/\/franciscanos.org.br\/noticias\/missoes-a-grande-expressao-de-solidariedade.html#primaryimage","url":"https:\/\/franciscanos.org.br\/noticias\/wp-content\/uploads\/2019\/07\/francisco_1707_d.jpg","contentUrl":"https:\/\/franciscanos.org.br\/noticias\/wp-content\/uploads\/2019\/07\/francisco_1707_d.jpg","width":273,"height":181},{"@type":"WebPage","@id":"https:\/\/franciscanos.org.br\/noticias\/missoes-a-grande-expressao-de-solidariedade.html#webpage","url":"https:\/\/franciscanos.org.br\/noticias\/missoes-a-grande-expressao-de-solidariedade.html","name":"Miss\u00f5es: A grande express\u00e3o de solidariedade - Not\u00edcias - Franciscanos","isPartOf":{"@id":"https:\/\/franciscanos.org.br\/noticias\/#website"},"primaryImageOfPage":{"@id":"https:\/\/franciscanos.org.br\/noticias\/missoes-a-grande-expressao-de-solidariedade.html#primaryimage"},"datePublished":"2019-07-17T13:44:40+00:00","dateModified":"2019-07-17T13:58:55+00:00","author":{"@id":"https:\/\/franciscanos.org.br\/noticias\/#\/schema\/person\/b5c8cba458c330ccff548b056e95a5d4"},"breadcrumb":{"@id":"https:\/\/franciscanos.org.br\/noticias\/missoes-a-grande-expressao-de-solidariedade.html#breadcrumb"},"inLanguage":"pt-BR","potentialAction":[{"@type":"ReadAction","target":["https:\/\/franciscanos.org.br\/noticias\/missoes-a-grande-expressao-de-solidariedade.html"]}]},{"@type":"BreadcrumbList","@id":"https:\/\/franciscanos.org.br\/noticias\/missoes-a-grande-expressao-de-solidariedade.html#breadcrumb","itemListElement":[{"@type":"ListItem","position":1,"name":"Home","item":"https:\/\/franciscanos.org.br\/noticias"},{"@type":"ListItem","position":2,"name":"Miss\u00f5es: A grande express\u00e3o de solidariedade"}]},{"@type":"Person","@id":"https:\/\/franciscanos.org.br\/noticias\/#\/schema\/person\/b5c8cba458c330ccff548b056e95a5d4","name":"moacir","image":{"@type":"ImageObject","inLanguage":"pt-BR","@id":"https:\/\/franciscanos.org.br\/noticias\/#\/schema\/person\/image\/","url":"https:\/\/secure.gravatar.com\/avatar\/d08aa2ce4c8dd416d4479aa8536fcf64?s=96&d=mm&r=g","contentUrl":"https:\/\/secure.gravatar.com\/avatar\/d08aa2ce4c8dd416d4479aa8536fcf64?s=96&d=mm&r=g","caption":"moacir"},"url":"https:\/\/franciscanos.org.br\/noticias\/author\/moacir"}]}},"_links":{"self":[{"href":"https:\/\/franciscanos.org.br\/noticias\/wp-json\/wp\/v2\/posts\/207784"}],"collection":[{"href":"https:\/\/franciscanos.org.br\/noticias\/wp-json\/wp\/v2\/posts"}],"about":[{"href":"https:\/\/franciscanos.org.br\/noticias\/wp-json\/wp\/v2\/types\/post"}],"author":[{"embeddable":true,"href":"https:\/\/franciscanos.org.br\/noticias\/wp-json\/wp\/v2\/users\/3"}],"replies":[{"embeddable":true,"href":"https:\/\/franciscanos.org.br\/noticias\/wp-json\/wp\/v2\/comments?post=207784"}],"version-history":[{"count":0,"href":"https:\/\/franciscanos.org.br\/noticias\/wp-json\/wp\/v2\/posts\/207784\/revisions"}],"wp:featuredmedia":[{"embeddable":true,"href":"https:\/\/franciscanos.org.br\/noticias\/wp-json\/wp\/v2\/media\/207791"}],"wp:attachment":[{"href":"https:\/\/franciscanos.org.br\/noticias\/wp-json\/wp\/v2\/media?parent=207784"}],"wp:term":[{"taxonomy":"category","embeddable":true,"href":"https:\/\/franciscanos.org.br\/noticias\/wp-json\/wp\/v2\/categories?post=207784"},{"taxonomy":"post_tag","embeddable":true,"href":"https:\/\/franciscanos.org.br\/noticias\/wp-json\/wp\/v2\/tags?post=207784"}],"curies":[{"name":"wp","href":"https:\/\/api.w.org\/{rel}","templated":true}]}}