{"id":207770,"date":"2019-08-08T00:22:05","date_gmt":"2019-08-08T03:22:05","guid":{"rendered":"https:\/\/franciscanos.org.br\/noticias\/?p=207770"},"modified":"2019-08-08T09:17:55","modified_gmt":"2019-08-08T12:17:55","slug":"fundacao-celinauta-lanca-campanha-diga-sim-a-vida","status":"publish","type":"post","link":"https:\/\/franciscanos.org.br\/noticias\/fundacao-celinauta-lanca-campanha-diga-sim-a-vida.html","title":{"rendered":"Funda\u00e7\u00e3o Celinauta lan\u00e7a campanha &#8220;Diga sim \u00e0 vida&#8221;"},"content":{"rendered":"<p><img loading=\"lazy\" class=\"alignnone size-full wp-image-209087\" src=\"https:\/\/franciscanos.org.br\/noticias\/wp-content\/uploads\/2019\/08\/diga_sim.jpg\" alt=\"\" width=\"890\" height=\"499\" srcset=\"https:\/\/franciscanos.org.br\/noticias\/wp-content\/uploads\/2019\/08\/diga_sim.jpg 890w, https:\/\/franciscanos.org.br\/noticias\/wp-content\/uploads\/2019\/08\/diga_sim-450x252.jpg 450w, https:\/\/franciscanos.org.br\/noticias\/wp-content\/uploads\/2019\/08\/diga_sim-768x431.jpg 768w, https:\/\/franciscanos.org.br\/noticias\/wp-content\/uploads\/2019\/08\/diga_sim-150x84.jpg 150w\" sizes=\"(max-width: 890px) 100vw, 890px\" \/><\/p>\n<p><strong>Pato Branco (PR) &#8211;<\/strong> A Funda\u00e7\u00e3o Cultural Celinauta, de Pato Branco (PR), come\u00e7a a levar ao ar nesta sexta-feira, dia 19 de julho, uma s\u00e9rie de <em>spots<\/em> para r\u00e1dio que fazem parte da Campanha \u201cDia sim \u00e0 vida!\u201d. O objetivo da iniciativa \u00e9 promover a valoriza\u00e7\u00e3o da vida e apresentar \u00e0s pessoas que passam por dificuldades que sempre existe algu\u00e9m disposto a ajud\u00e1-las a superar seus problemas, por mais graves que pare\u00e7am. Al\u00e9m da veicula\u00e7\u00e3o local, os dez <em>spots<\/em> produzidos em s\u00e9rie, com dura\u00e7\u00e3o de 20 segundos, est\u00e3o sendo oferecidos gratuitamente para serem baixados pela internet e utilizados livremente em programa\u00e7\u00f5es de r\u00e1dio assim como em momentos formativos e encontros promovidos nas igrejas, escolas e outros lugares. A abordagem \u00e9 sempre positiva, levando \u00e0s pessoas uma mensagem de esperan\u00e7a e solidariedade.<\/p>\n<h2><img loading=\"lazy\" class=\"alignleft wp-image-207775\" src=\"https:\/\/franciscanos.org.br\/noticias\/wp-content\/uploads\/2019\/07\/download_150.png\" alt=\"\" width=\"50\" height=\"50\" srcset=\"https:\/\/franciscanos.org.br\/noticias\/wp-content\/uploads\/2019\/07\/download_150.png 150w, https:\/\/franciscanos.org.br\/noticias\/wp-content\/uploads\/2019\/07\/download_150-100x100.png 100w\" sizes=\"(max-width: 50px) 100vw, 50px\" \/>Para ouvir e baixar os <em>spots<\/em>, acesse o link: <a href=\"http:\/\/bit.ly\/Vida_\" target=\"_blank\" rel=\"noopener noreferrer\">http:\/\/bit.ly\/Vida_<\/a><\/h2>\n<p>&nbsp;<\/p>\n<p>De acordo com o Coordenador da Frente de Evangeliza\u00e7\u00e3o da Comunica\u00e7\u00e3o e Diretor-Presidente da Funda\u00e7\u00e3o Celinauta, Frei Neuri Francisco Reinisch, a campanha surgiu a partir de uma realidade percebida no pr\u00f3prio atendimento pastoral: \u201cAtendendo nos confession\u00e1rios, nos aconselhamentos, tamb\u00e9m nos meios de comunica\u00e7\u00e3o \u2013 embora n\u00e3o noticiemos \u2013 temos percebido o aumento na frequ\u00eancia dos casos de suic\u00eddio. Esta tamb\u00e9m foi uma constata\u00e7\u00e3o que apareceu no encontro dos frades da Frente de Evangeliza\u00e7\u00e3o das Par\u00f3quias, Santu\u00e1rios e Centros de Acolhimento em nossa Prov\u00edncia. Neste Projeto \u2018Diga Sim \u00e0 Vida\u2019, desejamos desenvolver a\u00e7\u00f5es que visam a valoriza\u00e7\u00e3o da vida em detrimento destes casos\u201d, explica. Frei Neuri conta ainda que a veicula\u00e7\u00e3o das chamadas pelo r\u00e1dio \u00e9 uma entre outras iniciativas que fazem parte da campanha: \u201cEstabelecemos algumas iniciativas, como pequenos programas de TV e r\u00e1dio, al\u00e9m da prepara\u00e7\u00e3o de cartazes a serem espalhados nos pontos de \u00f4nibus. Estamos planejando ainda uma s\u00e9rie de palestras nas escolas e nas igrejas, assim como a promo\u00e7\u00e3o de pequenas pe\u00e7as de teatro e celebra\u00e7\u00f5es ecum\u00eanicas. Tamb\u00e9m temos a preocupa\u00e7\u00e3o de promover a\u00e7\u00f5es que fortale\u00e7am os v\u00ednculos familiares e, por fim, desejamos mostrar onde as pessoas podem procurar ajuda, divulgando o trabalho do Centro de Valoriza\u00e7\u00e3o da Vida (CVV), que atende pelo n\u00famero 188 e tamb\u00e9m pela internet\u201d.<\/p>\n<h3><\/h3>\n","protected":false},"excerpt":{"rendered":"<p>Frente da Comunica\u00e7\u00e3o<\/p>\n","protected":false},"author":1,"featured_media":209088,"comment_status":"open","ping_status":"open","sticky":false,"template":"","format":"standard","meta":[],"categories":[1],"tags":[1434],"acf":[],"yoast_head":"<!-- This site is optimized with the Yoast SEO plugin v19.2 - https:\/\/yoast.com\/wordpress\/plugins\/seo\/ -->\n<title>Funda\u00e7\u00e3o Celinauta lan\u00e7a campanha &quot;Diga sim \u00e0 vida&quot; - Not\u00edcias - Franciscanos<\/title>\n<meta name=\"robots\" content=\"index, follow, max-snippet:-1, max-image-preview:large, max-video-preview:-1\" \/>\n<link rel=\"canonical\" href=\"https:\/\/franciscanos.org.br\/noticias\/fundacao-celinauta-lanca-campanha-diga-sim-a-vida.html\" \/>\n<meta property=\"og:locale\" content=\"pt_BR\" \/>\n<meta property=\"og:type\" content=\"article\" \/>\n<meta property=\"og:title\" content=\"Funda\u00e7\u00e3o Celinauta lan\u00e7a campanha &quot;Diga sim \u00e0 vida&quot; - Not\u00edcias - Franciscanos\" \/>\n<meta property=\"og:description\" content=\"Frente da Comunica\u00e7\u00e3o\" \/>\n<meta property=\"og:url\" content=\"https:\/\/franciscanos.org.br\/noticias\/fundacao-celinauta-lanca-campanha-diga-sim-a-vida.html\" \/>\n<meta property=\"og:site_name\" content=\"Not\u00edcias - Franciscanos\" \/>\n<meta property=\"article:published_time\" content=\"2019-08-08T03:22:05+00:00\" \/>\n<meta property=\"article:modified_time\" content=\"2019-08-08T12:17:55+00:00\" \/>\n<meta property=\"og:image\" content=\"https:\/\/franciscanos.org.br\/noticias\/wp-content\/uploads\/2019\/08\/diga-sim_p.jpg\" \/>\n\t<meta property=\"og:image:width\" content=\"273\" \/>\n\t<meta property=\"og:image:height\" content=\"181\" \/>\n\t<meta property=\"og:image:type\" content=\"image\/jpeg\" \/>\n<meta name=\"author\" content=\"admin\" \/>\n<meta name=\"twitter:card\" content=\"summary_large_image\" \/>\n<meta name=\"twitter:label1\" content=\"Escrito por\" \/>\n\t<meta name=\"twitter:data1\" content=\"admin\" \/>\n\t<meta name=\"twitter:label2\" content=\"Est. tempo de leitura\" \/>\n\t<meta name=\"twitter:data2\" content=\"2 minutos\" \/>\n<script type=\"application\/ld+json\" class=\"yoast-schema-graph\">{\"@context\":\"https:\/\/schema.org\",\"@graph\":[{\"@type\":\"WebSite\",\"@id\":\"https:\/\/franciscanos.org.br\/noticias\/#website\",\"url\":\"https:\/\/franciscanos.org.br\/noticias\/\",\"name\":\"Not\u00edcias - Franciscanos\",\"description\":\"Prov\u00edncia Franciscana da Imaculada Concei\u00e7\u00e3o do Brasil - Ordem dos Frades Menores - OFM\",\"potentialAction\":[{\"@type\":\"SearchAction\",\"target\":{\"@type\":\"EntryPoint\",\"urlTemplate\":\"https:\/\/franciscanos.org.br\/noticias\/?s={search_term_string}\"},\"query-input\":\"required name=search_term_string\"}],\"inLanguage\":\"pt-BR\"},{\"@type\":\"ImageObject\",\"inLanguage\":\"pt-BR\",\"@id\":\"https:\/\/franciscanos.org.br\/noticias\/fundacao-celinauta-lanca-campanha-diga-sim-a-vida.html#primaryimage\",\"url\":\"https:\/\/franciscanos.org.br\/noticias\/wp-content\/uploads\/2019\/08\/diga-sim_p.jpg\",\"contentUrl\":\"https:\/\/franciscanos.org.br\/noticias\/wp-content\/uploads\/2019\/08\/diga-sim_p.jpg\",\"width\":273,\"height\":181},{\"@type\":\"WebPage\",\"@id\":\"https:\/\/franciscanos.org.br\/noticias\/fundacao-celinauta-lanca-campanha-diga-sim-a-vida.html#webpage\",\"url\":\"https:\/\/franciscanos.org.br\/noticias\/fundacao-celinauta-lanca-campanha-diga-sim-a-vida.html\",\"name\":\"Funda\u00e7\u00e3o Celinauta lan\u00e7a campanha \\\"Diga sim \u00e0 vida\\\" - Not\u00edcias - Franciscanos\",\"isPartOf\":{\"@id\":\"https:\/\/franciscanos.org.br\/noticias\/#website\"},\"primaryImageOfPage\":{\"@id\":\"https:\/\/franciscanos.org.br\/noticias\/fundacao-celinauta-lanca-campanha-diga-sim-a-vida.html#primaryimage\"},\"datePublished\":\"2019-08-08T03:22:05+00:00\",\"dateModified\":\"2019-08-08T12:17:55+00:00\",\"author\":{\"@id\":\"https:\/\/franciscanos.org.br\/noticias\/#\/schema\/person\/b38fbf43118f02820bd932f2e4b14ad3\"},\"breadcrumb\":{\"@id\":\"https:\/\/franciscanos.org.br\/noticias\/fundacao-celinauta-lanca-campanha-diga-sim-a-vida.html#breadcrumb\"},\"inLanguage\":\"pt-BR\",\"potentialAction\":[{\"@type\":\"ReadAction\",\"target\":[\"https:\/\/franciscanos.org.br\/noticias\/fundacao-celinauta-lanca-campanha-diga-sim-a-vida.html\"]}]},{\"@type\":\"BreadcrumbList\",\"@id\":\"https:\/\/franciscanos.org.br\/noticias\/fundacao-celinauta-lanca-campanha-diga-sim-a-vida.html#breadcrumb\",\"itemListElement\":[{\"@type\":\"ListItem\",\"position\":1,\"name\":\"Home\",\"item\":\"https:\/\/franciscanos.org.br\/noticias\"},{\"@type\":\"ListItem\",\"position\":2,\"name\":\"Funda\u00e7\u00e3o Celinauta lan\u00e7a campanha &#8220;Diga sim \u00e0 vida&#8221;\"}]},{\"@type\":\"Person\",\"@id\":\"https:\/\/franciscanos.org.br\/noticias\/#\/schema\/person\/b38fbf43118f02820bd932f2e4b14ad3\",\"name\":\"admin\",\"image\":{\"@type\":\"ImageObject\",\"inLanguage\":\"pt-BR\",\"@id\":\"https:\/\/franciscanos.org.br\/noticias\/#\/schema\/person\/image\/\",\"url\":\"https:\/\/secure.gravatar.com\/avatar\/e8495742d34d0ba6448ea1c628263b3e?s=96&d=mm&r=g\",\"contentUrl\":\"https:\/\/secure.gravatar.com\/avatar\/e8495742d34d0ba6448ea1c628263b3e?s=96&d=mm&r=g\",\"caption\":\"admin\"},\"url\":\"https:\/\/franciscanos.org.br\/noticias\/author\/admin\"}]}<\/script>\n<!-- \/ Yoast SEO plugin. -->","yoast_head_json":{"title":"Funda\u00e7\u00e3o Celinauta lan\u00e7a campanha \"Diga sim \u00e0 vida\" - Not\u00edcias - Franciscanos","robots":{"index":"index","follow":"follow","max-snippet":"max-snippet:-1","max-image-preview":"max-image-preview:large","max-video-preview":"max-video-preview:-1"},"canonical":"https:\/\/franciscanos.org.br\/noticias\/fundacao-celinauta-lanca-campanha-diga-sim-a-vida.html","og_locale":"pt_BR","og_type":"article","og_title":"Funda\u00e7\u00e3o Celinauta lan\u00e7a campanha \"Diga sim \u00e0 vida\" - Not\u00edcias - Franciscanos","og_description":"Frente da Comunica\u00e7\u00e3o","og_url":"https:\/\/franciscanos.org.br\/noticias\/fundacao-celinauta-lanca-campanha-diga-sim-a-vida.html","og_site_name":"Not\u00edcias - Franciscanos","article_published_time":"2019-08-08T03:22:05+00:00","article_modified_time":"2019-08-08T12:17:55+00:00","og_image":[{"width":273,"height":181,"url":"https:\/\/franciscanos.org.br\/noticias\/wp-content\/uploads\/2019\/08\/diga-sim_p.jpg","type":"image\/jpeg"}],"author":"admin","twitter_card":"summary_large_image","twitter_misc":{"Escrito por":"admin","Est. tempo de leitura":"2 minutos"},"schema":{"@context":"https:\/\/schema.org","@graph":[{"@type":"WebSite","@id":"https:\/\/franciscanos.org.br\/noticias\/#website","url":"https:\/\/franciscanos.org.br\/noticias\/","name":"Not\u00edcias - Franciscanos","description":"Prov\u00edncia Franciscana da Imaculada Concei\u00e7\u00e3o do Brasil - Ordem dos Frades Menores - OFM","potentialAction":[{"@type":"SearchAction","target":{"@type":"EntryPoint","urlTemplate":"https:\/\/franciscanos.org.br\/noticias\/?s={search_term_string}"},"query-input":"required name=search_term_string"}],"inLanguage":"pt-BR"},{"@type":"ImageObject","inLanguage":"pt-BR","@id":"https:\/\/franciscanos.org.br\/noticias\/fundacao-celinauta-lanca-campanha-diga-sim-a-vida.html#primaryimage","url":"https:\/\/franciscanos.org.br\/noticias\/wp-content\/uploads\/2019\/08\/diga-sim_p.jpg","contentUrl":"https:\/\/franciscanos.org.br\/noticias\/wp-content\/uploads\/2019\/08\/diga-sim_p.jpg","width":273,"height":181},{"@type":"WebPage","@id":"https:\/\/franciscanos.org.br\/noticias\/fundacao-celinauta-lanca-campanha-diga-sim-a-vida.html#webpage","url":"https:\/\/franciscanos.org.br\/noticias\/fundacao-celinauta-lanca-campanha-diga-sim-a-vida.html","name":"Funda\u00e7\u00e3o Celinauta lan\u00e7a campanha \"Diga sim \u00e0 vida\" - Not\u00edcias - Franciscanos","isPartOf":{"@id":"https:\/\/franciscanos.org.br\/noticias\/#website"},"primaryImageOfPage":{"@id":"https:\/\/franciscanos.org.br\/noticias\/fundacao-celinauta-lanca-campanha-diga-sim-a-vida.html#primaryimage"},"datePublished":"2019-08-08T03:22:05+00:00","dateModified":"2019-08-08T12:17:55+00:00","author":{"@id":"https:\/\/franciscanos.org.br\/noticias\/#\/schema\/person\/b38fbf43118f02820bd932f2e4b14ad3"},"breadcrumb":{"@id":"https:\/\/franciscanos.org.br\/noticias\/fundacao-celinauta-lanca-campanha-diga-sim-a-vida.html#breadcrumb"},"inLanguage":"pt-BR","potentialAction":[{"@type":"ReadAction","target":["https:\/\/franciscanos.org.br\/noticias\/fundacao-celinauta-lanca-campanha-diga-sim-a-vida.html"]}]},{"@type":"BreadcrumbList","@id":"https:\/\/franciscanos.org.br\/noticias\/fundacao-celinauta-lanca-campanha-diga-sim-a-vida.html#breadcrumb","itemListElement":[{"@type":"ListItem","position":1,"name":"Home","item":"https:\/\/franciscanos.org.br\/noticias"},{"@type":"ListItem","position":2,"name":"Funda\u00e7\u00e3o Celinauta lan\u00e7a campanha &#8220;Diga sim \u00e0 vida&#8221;"}]},{"@type":"Person","@id":"https:\/\/franciscanos.org.br\/noticias\/#\/schema\/person\/b38fbf43118f02820bd932f2e4b14ad3","name":"admin","image":{"@type":"ImageObject","inLanguage":"pt-BR","@id":"https:\/\/franciscanos.org.br\/noticias\/#\/schema\/person\/image\/","url":"https:\/\/secure.gravatar.com\/avatar\/e8495742d34d0ba6448ea1c628263b3e?s=96&d=mm&r=g","contentUrl":"https:\/\/secure.gravatar.com\/avatar\/e8495742d34d0ba6448ea1c628263b3e?s=96&d=mm&r=g","caption":"admin"},"url":"https:\/\/franciscanos.org.br\/noticias\/author\/admin"}]}},"_links":{"self":[{"href":"https:\/\/franciscanos.org.br\/noticias\/wp-json\/wp\/v2\/posts\/207770"}],"collection":[{"href":"https:\/\/franciscanos.org.br\/noticias\/wp-json\/wp\/v2\/posts"}],"about":[{"href":"https:\/\/franciscanos.org.br\/noticias\/wp-json\/wp\/v2\/types\/post"}],"author":[{"embeddable":true,"href":"https:\/\/franciscanos.org.br\/noticias\/wp-json\/wp\/v2\/users\/1"}],"replies":[{"embeddable":true,"href":"https:\/\/franciscanos.org.br\/noticias\/wp-json\/wp\/v2\/comments?post=207770"}],"version-history":[{"count":0,"href":"https:\/\/franciscanos.org.br\/noticias\/wp-json\/wp\/v2\/posts\/207770\/revisions"}],"wp:featuredmedia":[{"embeddable":true,"href":"https:\/\/franciscanos.org.br\/noticias\/wp-json\/wp\/v2\/media\/209088"}],"wp:attachment":[{"href":"https:\/\/franciscanos.org.br\/noticias\/wp-json\/wp\/v2\/media?parent=207770"}],"wp:term":[{"taxonomy":"category","embeddable":true,"href":"https:\/\/franciscanos.org.br\/noticias\/wp-json\/wp\/v2\/categories?post=207770"},{"taxonomy":"post_tag","embeddable":true,"href":"https:\/\/franciscanos.org.br\/noticias\/wp-json\/wp\/v2\/tags?post=207770"}],"curies":[{"name":"wp","href":"https:\/\/api.w.org\/{rel}","templated":true}]}}