{"id":207734,"date":"2019-07-16T17:24:45","date_gmt":"2019-07-16T20:24:45","guid":{"rendered":"https:\/\/franciscanos.org.br\/noticias\/?p=207734"},"modified":"2019-07-16T18:08:44","modified_gmt":"2019-07-16T21:08:44","slug":"catedral-sao-sebastiao-a-mae-que-acolhe-os-jovens","status":"publish","type":"post","link":"https:\/\/franciscanos.org.br\/noticias\/catedral-sao-sebastiao-a-mae-que-acolhe-os-jovens.html","title":{"rendered":"Catedral S\u00e3o Sebasti\u00e3o, a &#8220;m\u00e3e&#8221; que acolhe os jovens"},"content":{"rendered":"<p><img loading=\"lazy\" class=\"alignnone wp-image-207735 size-full\" src=\"https:\/\/franciscanos.org.br\/noticias\/wp-content\/uploads\/2019\/07\/catedral_1607.jpg\" alt=\"\" width=\"890\" height=\"483\" srcset=\"https:\/\/franciscanos.org.br\/noticias\/wp-content\/uploads\/2019\/07\/catedral_1607.jpg 890w, https:\/\/franciscanos.org.br\/noticias\/wp-content\/uploads\/2019\/07\/catedral_1607-450x244.jpg 450w, https:\/\/franciscanos.org.br\/noticias\/wp-content\/uploads\/2019\/07\/catedral_1607-768x417.jpg 768w, https:\/\/franciscanos.org.br\/noticias\/wp-content\/uploads\/2019\/07\/catedral_1607-150x81.jpg 150w\" sizes=\"(max-width: 890px) 100vw, 890px\" \/><\/p>\n<p><em>Os dois primeiros dias das Miss\u00f5es Franciscanas da Juventude ter\u00e3o o apoio incondicional da Catedral S\u00e3o Sebasti\u00e3o do Rio de Janeiro e do Convento Santo Ant\u00f4nio, a resid\u00eancia dos frades da Prov\u00edncia da Imaculada Concei\u00e7\u00e3o do Brasil que completou neste ano 411 anos de funda\u00e7\u00e3o. Foi gra\u00e7as \u00e0 generosidade do p\u00e1roco Pe. Cl\u00e1udio Santos que o evento se tornou realidade, segundo Frei Diego Atalino de Melo, coordenador do Servi\u00e7o de Anima\u00e7\u00e3o Vocacional da Prov\u00edncia da Imaculada e das Miss\u00f5es, tendo em vista o grande espa\u00e7o da Catedral para acolher 600 jovens. E olha que o p\u00e1roco Pe. Cl\u00e1udio nem poder\u00e1 estar presente durante o evento. Ele deixou Frei Diego \u00e0 vontade, como se estivesse em sua casa.<\/em><\/p>\n<p><em>Para Pe. Cl\u00e1udio, a Catedral &#8220;\u00e9 m\u00e3e&#8221; e &#8220;a hospitalidade \u00e9 algo que deve ser a marca da vida de um crist\u00e3o&#8221;. Aos 48 anos de idade, Pe. Cl\u00e1udio completou no ano passado 20 anos de ordena\u00e7\u00e3o presbiteral e foi nomeado p\u00e1roco pelo Cardeal D. Orani Tempesta em janeiro de 2017. Carioca do M\u00e9ier, foi na Par\u00f3quia Nossa Senhora da Concei\u00e7\u00e3o Aparecida, em Cachambi, que iniciou sua forma\u00e7\u00e3o crist\u00e3 e realizou seus trabalhos pastorais, principalmente junto \u00e0 inicia\u00e7\u00e3o crist\u00e3 de jovens e adultos e no grupo Jovem AMA. T\u00e9cnico em Qu\u00edmica, ao sentir o chamado de Deus, deixou seu emprego numa ind\u00fastria e ingressou no Semin\u00e1rio S\u00e3o Jos\u00e9, formando-se em Filosofia e Teologia. Ap\u00f3s terminar os estudos, foi ordenado sacerdote com 27 anos, pelo Cardeal Dom Eug\u00eanio Salles.<\/em><\/p>\n<p><em>Conhe\u00e7a um pouco mais Pe. Cl\u00e1udio nesta entrevista a<\/em> <strong>Moacir Beggo<\/strong><\/p>\n<p><strong><img loading=\"lazy\" class=\"alignleft size-medium wp-image-207736\" src=\"https:\/\/franciscanos.org.br\/noticias\/wp-content\/uploads\/2019\/07\/claudio_1-262x450.jpg\" alt=\"\" width=\"262\" height=\"450\" srcset=\"https:\/\/franciscanos.org.br\/noticias\/wp-content\/uploads\/2019\/07\/claudio_1-262x450.jpg 262w, https:\/\/franciscanos.org.br\/noticias\/wp-content\/uploads\/2019\/07\/claudio_1-150x258.jpg 150w, https:\/\/franciscanos.org.br\/noticias\/wp-content\/uploads\/2019\/07\/claudio_1.jpg 415w\" sizes=\"(max-width: 262px) 100vw, 262px\" \/>Site Franciscanos &#8211; Como o sr. acolheu a proposta de abrir as portas da Catedral para este evento franciscano com os jovens?<\/strong><br \/>\n<strong>Pe. Cl\u00e1udio<\/strong> &#8211; A Catedral \u00e9 a &#8220;Igreja-m\u00e3e e, como m\u00e3e, deve acolher a todos. Eu fiquei sabendo da iniciativa das Miss\u00f5es Franciscanas pelo nosso Regional Leste 1 e achei por bem, ent\u00e3o, que pud\u00e9ssemos fazer parte desse momento de evangeliza\u00e7\u00e3o. Por isso, abrimos as portas da Catedral S\u00e3o Sebasti\u00e3o. E realizar esse acolhimento \u00e9 cumprir a vontade de Deus e esse tamb\u00e9m \u00e9 o desejo de nosso Cardeal Dom Orani. Ele tem como lema episcopal: &#8216;Para que todos sejam um&#8217;. Ent\u00e3o, n\u00f3s devemos lutar para que, cada vez mais, esse sentido da unidade, nessa obra de evangeliza\u00e7\u00e3o, aconte\u00e7a no meio de n\u00f3s.<\/p>\n<p><strong>Site Franciscanos &#8211; Soubemos que, no in\u00edcio do seu processo vocacional, o sr. pensou em ser franciscano. Conte-nos como foi e o que significa acolher esses jovens franciscanos nesses dias?<\/strong><br \/>\n<strong>Pe. Cl\u00e1udio<\/strong> &#8211; Quanto eu senti o chamado de Deus, no primeiro momento, desejei ser franciscano. Eu penso que o exemplo de S\u00e3o Francisco de Assis contagia a tantas pessoas que desejam realmente poder abra\u00e7ar essa voca\u00e7\u00e3o, abra\u00e7ar o chamado de Deus nessa dedica\u00e7\u00e3o. Mas o Senhor me encaminhou para a vida diocesana e nem por isso n\u00f3s devemos e podemos deixar de olhar e ver o Cristo que sofre na pessoa do pobre. \u00c9 esse Cristo que sofre e que deve ser realmente acolhido por cada um de n\u00f3s. Esse Cristo que deve ter, nessas noites de frio como temos visto nesta cidade, um cobertor para se agasalhar. Ent\u00e3o, essa a\u00e7\u00e3o evangelizadora fazemos acontecer. Hoje, a Catedral atende cerca de mil pessoas que vivem em situa\u00e7\u00e3o de rua em nossa cidade. Todos os domingos recebem o caf\u00e9 da manh\u00e3, temos um trabalho de retirada de muitas dessas pessoas das ruas porque foram vitimadas pelas drogas e querem deixar o v\u00edcio. Tudo isso \u00e9 uma forma de fazer acontecer essa obra de Deus, que mostra para n\u00f3s que o nosso pr\u00f3ximo \u00e9 aquele necessita, principalmente aquele que sofre e n\u00e3o pode passar aos nossos olhos de forma desapercebida, de forma invis\u00edvel e nem n\u00f3s n\u00e3o podemos nos tornarmos invis\u00edveis a essas pessoas. Ent\u00e3o, \u00e9 o amor que, com certeza, nos une a todos para que possamos fazer acontecer essa obra do Senhor no cora\u00e7\u00e3o de cada irm\u00e3o, cada irm\u00e3, que passa ao nosso lado.<\/p>\n<p><strong>Site Franciscanos &#8211; Falando em acolhida, como o sr. define hospitalidade, por coincid\u00eancia o tema da liturgia deste domingo?<\/strong><br \/>\n<strong>Pe. Cl\u00e1udio<\/strong> &#8211; Acredito que todos n\u00f3s somos chamados realmente a poder, com a nossa vida, estarmos prontos para acolher todas as pessoas. A hospitalidade \u00e9 algo que deve ser a marca da vida de um crist\u00e3o. Onde quer que estejamos, devemos realmente nos sentir em casa. Se estamos aqui ou em outro lugar, em outro pa\u00eds, \u00e9 sinal dessa fraternidade, dessa irmandade, que nos une a todos. O Senhor nos chama realmente a acolh\u00ea-Lo na figura do estrangeiro. &#8220;Eu era estrangeiro e me acolheste em tua casa&#8221;. E assim fazemos acontecer essa obra de Deus.<\/p>\n<p><strong>Site Franciscanos &#8211; Como o sr. v\u00ea o Pontificado do Papa Francisco?<\/strong><br \/>\n<strong>Pe. Cl\u00e1udio<\/strong> &#8211; O Pontificado do Papa Francisco \u00e9 algo que nos chama a aten\u00e7\u00e3o cada vez mais que nos colocamos ao lado de todas as pessoas. De nos alegrarmos com aqueles que se alegram, de chorar com aqueles que choram. Particularmente, para a vida dos padres, o Papa Francisco tem nos dado exemplo de como pastores devemos realmente nos envolver com nossas ovelhas. Ter cheiro de ovelhas. Ent\u00e3o, \u00e9 importante da nossa parte nos dedicarmos integralmente para que, cada vez mais, essa experi\u00eancia que n\u00f3s vivenciamos com o Cristo, n\u00e3o seja guardada no nosso cora\u00e7\u00e3o, apenas no interior de nossa vida, mas que possamos fazer com que tantos outros possam experiment\u00e1-Lo. Esse com certeza que o Papa Francisco tem chamado a vivenciar, porque ele tamb\u00e9m se coloca ao lado de todos.<\/p>\n<p><strong>Site Franciscanos &#8211; Com essa acolhida, que mensagem o sr. deixa para os jovens?<\/strong><br \/>\n<strong>Pe. Cl\u00e1udio<\/strong> &#8211; Espero que esses dias, cada jovem na miss\u00e3o franciscana possa de fato manifestar essa presen\u00e7a do amor de Deus que, tento experimentado, tamb\u00e9m possa revel\u00e1-lo com suas palavras, seus gestos, a tantas pessoas. Ent\u00e3o, que possamos realmente viver essa experi\u00eancia do amor de Deus fazendo acontecer esse Reino t\u00e3o maravilhoso como o Senhor nos chama. Deus \u00e9 jovem e necessitamos, cada vez mais, da juventude para que tantos outros jovens estejam contagiados e queiram realmente viver essa grande experi\u00eancia do amor de Deus.<\/p>\n","protected":false},"excerpt":{"rendered":"<p>Miss\u00f5es Franciscanas da Juventude<\/p>\n","protected":false},"author":3,"featured_media":207737,"comment_status":"open","ping_status":"open","sticky":false,"template":"","format":"standard","meta":[],"categories":[1],"tags":[1206],"acf":[],"yoast_head":"<!-- This site is optimized with the Yoast SEO plugin v19.2 - https:\/\/yoast.com\/wordpress\/plugins\/seo\/ -->\n<title>Catedral S\u00e3o Sebasti\u00e3o, a &quot;m\u00e3e&quot; que acolhe os jovens - Not\u00edcias - Franciscanos<\/title>\n<meta name=\"robots\" content=\"index, follow, max-snippet:-1, max-image-preview:large, max-video-preview:-1\" \/>\n<link rel=\"canonical\" href=\"https:\/\/franciscanos.org.br\/noticias\/catedral-sao-sebastiao-a-mae-que-acolhe-os-jovens.html\" \/>\n<meta property=\"og:locale\" content=\"pt_BR\" \/>\n<meta property=\"og:type\" content=\"article\" \/>\n<meta property=\"og:title\" content=\"Catedral S\u00e3o Sebasti\u00e3o, a &quot;m\u00e3e&quot; que acolhe os jovens - Not\u00edcias - Franciscanos\" \/>\n<meta property=\"og:description\" content=\"Miss\u00f5es Franciscanas da Juventude\" \/>\n<meta property=\"og:url\" content=\"https:\/\/franciscanos.org.br\/noticias\/catedral-sao-sebastiao-a-mae-que-acolhe-os-jovens.html\" \/>\n<meta property=\"og:site_name\" content=\"Not\u00edcias - Franciscanos\" \/>\n<meta property=\"article:published_time\" content=\"2019-07-16T20:24:45+00:00\" \/>\n<meta property=\"article:modified_time\" content=\"2019-07-16T21:08:44+00:00\" \/>\n<meta property=\"og:image\" content=\"https:\/\/franciscanos.org.br\/noticias\/wp-content\/uploads\/2019\/07\/destaque_entrevista.jpg\" \/>\n\t<meta property=\"og:image:width\" content=\"273\" \/>\n\t<meta property=\"og:image:height\" content=\"181\" \/>\n\t<meta property=\"og:image:type\" content=\"image\/jpeg\" \/>\n<meta name=\"author\" content=\"moacir\" \/>\n<meta name=\"twitter:card\" content=\"summary_large_image\" \/>\n<meta name=\"twitter:label1\" content=\"Escrito por\" \/>\n\t<meta name=\"twitter:data1\" content=\"moacir\" \/>\n\t<meta name=\"twitter:label2\" content=\"Est. tempo de leitura\" \/>\n\t<meta name=\"twitter:data2\" content=\"5 minutos\" \/>\n<script type=\"application\/ld+json\" class=\"yoast-schema-graph\">{\"@context\":\"https:\/\/schema.org\",\"@graph\":[{\"@type\":\"WebSite\",\"@id\":\"https:\/\/franciscanos.org.br\/noticias\/#website\",\"url\":\"https:\/\/franciscanos.org.br\/noticias\/\",\"name\":\"Not\u00edcias - Franciscanos\",\"description\":\"Prov\u00edncia Franciscana da Imaculada Concei\u00e7\u00e3o do Brasil - Ordem dos Frades Menores - OFM\",\"potentialAction\":[{\"@type\":\"SearchAction\",\"target\":{\"@type\":\"EntryPoint\",\"urlTemplate\":\"https:\/\/franciscanos.org.br\/noticias\/?s={search_term_string}\"},\"query-input\":\"required name=search_term_string\"}],\"inLanguage\":\"pt-BR\"},{\"@type\":\"ImageObject\",\"inLanguage\":\"pt-BR\",\"@id\":\"https:\/\/franciscanos.org.br\/noticias\/catedral-sao-sebastiao-a-mae-que-acolhe-os-jovens.html#primaryimage\",\"url\":\"https:\/\/franciscanos.org.br\/noticias\/wp-content\/uploads\/2019\/07\/destaque_entrevista.jpg\",\"contentUrl\":\"https:\/\/franciscanos.org.br\/noticias\/wp-content\/uploads\/2019\/07\/destaque_entrevista.jpg\",\"width\":273,\"height\":181},{\"@type\":\"WebPage\",\"@id\":\"https:\/\/franciscanos.org.br\/noticias\/catedral-sao-sebastiao-a-mae-que-acolhe-os-jovens.html#webpage\",\"url\":\"https:\/\/franciscanos.org.br\/noticias\/catedral-sao-sebastiao-a-mae-que-acolhe-os-jovens.html\",\"name\":\"Catedral S\u00e3o Sebasti\u00e3o, a \\\"m\u00e3e\\\" que acolhe os jovens - Not\u00edcias - Franciscanos\",\"isPartOf\":{\"@id\":\"https:\/\/franciscanos.org.br\/noticias\/#website\"},\"primaryImageOfPage\":{\"@id\":\"https:\/\/franciscanos.org.br\/noticias\/catedral-sao-sebastiao-a-mae-que-acolhe-os-jovens.html#primaryimage\"},\"datePublished\":\"2019-07-16T20:24:45+00:00\",\"dateModified\":\"2019-07-16T21:08:44+00:00\",\"author\":{\"@id\":\"https:\/\/franciscanos.org.br\/noticias\/#\/schema\/person\/b5c8cba458c330ccff548b056e95a5d4\"},\"breadcrumb\":{\"@id\":\"https:\/\/franciscanos.org.br\/noticias\/catedral-sao-sebastiao-a-mae-que-acolhe-os-jovens.html#breadcrumb\"},\"inLanguage\":\"pt-BR\",\"potentialAction\":[{\"@type\":\"ReadAction\",\"target\":[\"https:\/\/franciscanos.org.br\/noticias\/catedral-sao-sebastiao-a-mae-que-acolhe-os-jovens.html\"]}]},{\"@type\":\"BreadcrumbList\",\"@id\":\"https:\/\/franciscanos.org.br\/noticias\/catedral-sao-sebastiao-a-mae-que-acolhe-os-jovens.html#breadcrumb\",\"itemListElement\":[{\"@type\":\"ListItem\",\"position\":1,\"name\":\"Home\",\"item\":\"https:\/\/franciscanos.org.br\/noticias\"},{\"@type\":\"ListItem\",\"position\":2,\"name\":\"Catedral S\u00e3o Sebasti\u00e3o, a &#8220;m\u00e3e&#8221; que acolhe os jovens\"}]},{\"@type\":\"Person\",\"@id\":\"https:\/\/franciscanos.org.br\/noticias\/#\/schema\/person\/b5c8cba458c330ccff548b056e95a5d4\",\"name\":\"moacir\",\"image\":{\"@type\":\"ImageObject\",\"inLanguage\":\"pt-BR\",\"@id\":\"https:\/\/franciscanos.org.br\/noticias\/#\/schema\/person\/image\/\",\"url\":\"https:\/\/secure.gravatar.com\/avatar\/d08aa2ce4c8dd416d4479aa8536fcf64?s=96&d=mm&r=g\",\"contentUrl\":\"https:\/\/secure.gravatar.com\/avatar\/d08aa2ce4c8dd416d4479aa8536fcf64?s=96&d=mm&r=g\",\"caption\":\"moacir\"},\"url\":\"https:\/\/franciscanos.org.br\/noticias\/author\/moacir\"}]}<\/script>\n<!-- \/ Yoast SEO plugin. -->","yoast_head_json":{"title":"Catedral S\u00e3o Sebasti\u00e3o, a \"m\u00e3e\" que acolhe os jovens - Not\u00edcias - Franciscanos","robots":{"index":"index","follow":"follow","max-snippet":"max-snippet:-1","max-image-preview":"max-image-preview:large","max-video-preview":"max-video-preview:-1"},"canonical":"https:\/\/franciscanos.org.br\/noticias\/catedral-sao-sebastiao-a-mae-que-acolhe-os-jovens.html","og_locale":"pt_BR","og_type":"article","og_title":"Catedral S\u00e3o Sebasti\u00e3o, a \"m\u00e3e\" que acolhe os jovens - Not\u00edcias - Franciscanos","og_description":"Miss\u00f5es Franciscanas da Juventude","og_url":"https:\/\/franciscanos.org.br\/noticias\/catedral-sao-sebastiao-a-mae-que-acolhe-os-jovens.html","og_site_name":"Not\u00edcias - Franciscanos","article_published_time":"2019-07-16T20:24:45+00:00","article_modified_time":"2019-07-16T21:08:44+00:00","og_image":[{"width":273,"height":181,"url":"https:\/\/franciscanos.org.br\/noticias\/wp-content\/uploads\/2019\/07\/destaque_entrevista.jpg","type":"image\/jpeg"}],"author":"moacir","twitter_card":"summary_large_image","twitter_misc":{"Escrito por":"moacir","Est. tempo de leitura":"5 minutos"},"schema":{"@context":"https:\/\/schema.org","@graph":[{"@type":"WebSite","@id":"https:\/\/franciscanos.org.br\/noticias\/#website","url":"https:\/\/franciscanos.org.br\/noticias\/","name":"Not\u00edcias - Franciscanos","description":"Prov\u00edncia Franciscana da Imaculada Concei\u00e7\u00e3o do Brasil - Ordem dos Frades Menores - OFM","potentialAction":[{"@type":"SearchAction","target":{"@type":"EntryPoint","urlTemplate":"https:\/\/franciscanos.org.br\/noticias\/?s={search_term_string}"},"query-input":"required name=search_term_string"}],"inLanguage":"pt-BR"},{"@type":"ImageObject","inLanguage":"pt-BR","@id":"https:\/\/franciscanos.org.br\/noticias\/catedral-sao-sebastiao-a-mae-que-acolhe-os-jovens.html#primaryimage","url":"https:\/\/franciscanos.org.br\/noticias\/wp-content\/uploads\/2019\/07\/destaque_entrevista.jpg","contentUrl":"https:\/\/franciscanos.org.br\/noticias\/wp-content\/uploads\/2019\/07\/destaque_entrevista.jpg","width":273,"height":181},{"@type":"WebPage","@id":"https:\/\/franciscanos.org.br\/noticias\/catedral-sao-sebastiao-a-mae-que-acolhe-os-jovens.html#webpage","url":"https:\/\/franciscanos.org.br\/noticias\/catedral-sao-sebastiao-a-mae-que-acolhe-os-jovens.html","name":"Catedral S\u00e3o Sebasti\u00e3o, a \"m\u00e3e\" que acolhe os jovens - Not\u00edcias - Franciscanos","isPartOf":{"@id":"https:\/\/franciscanos.org.br\/noticias\/#website"},"primaryImageOfPage":{"@id":"https:\/\/franciscanos.org.br\/noticias\/catedral-sao-sebastiao-a-mae-que-acolhe-os-jovens.html#primaryimage"},"datePublished":"2019-07-16T20:24:45+00:00","dateModified":"2019-07-16T21:08:44+00:00","author":{"@id":"https:\/\/franciscanos.org.br\/noticias\/#\/schema\/person\/b5c8cba458c330ccff548b056e95a5d4"},"breadcrumb":{"@id":"https:\/\/franciscanos.org.br\/noticias\/catedral-sao-sebastiao-a-mae-que-acolhe-os-jovens.html#breadcrumb"},"inLanguage":"pt-BR","potentialAction":[{"@type":"ReadAction","target":["https:\/\/franciscanos.org.br\/noticias\/catedral-sao-sebastiao-a-mae-que-acolhe-os-jovens.html"]}]},{"@type":"BreadcrumbList","@id":"https:\/\/franciscanos.org.br\/noticias\/catedral-sao-sebastiao-a-mae-que-acolhe-os-jovens.html#breadcrumb","itemListElement":[{"@type":"ListItem","position":1,"name":"Home","item":"https:\/\/franciscanos.org.br\/noticias"},{"@type":"ListItem","position":2,"name":"Catedral S\u00e3o Sebasti\u00e3o, a &#8220;m\u00e3e&#8221; que acolhe os jovens"}]},{"@type":"Person","@id":"https:\/\/franciscanos.org.br\/noticias\/#\/schema\/person\/b5c8cba458c330ccff548b056e95a5d4","name":"moacir","image":{"@type":"ImageObject","inLanguage":"pt-BR","@id":"https:\/\/franciscanos.org.br\/noticias\/#\/schema\/person\/image\/","url":"https:\/\/secure.gravatar.com\/avatar\/d08aa2ce4c8dd416d4479aa8536fcf64?s=96&d=mm&r=g","contentUrl":"https:\/\/secure.gravatar.com\/avatar\/d08aa2ce4c8dd416d4479aa8536fcf64?s=96&d=mm&r=g","caption":"moacir"},"url":"https:\/\/franciscanos.org.br\/noticias\/author\/moacir"}]}},"_links":{"self":[{"href":"https:\/\/franciscanos.org.br\/noticias\/wp-json\/wp\/v2\/posts\/207734"}],"collection":[{"href":"https:\/\/franciscanos.org.br\/noticias\/wp-json\/wp\/v2\/posts"}],"about":[{"href":"https:\/\/franciscanos.org.br\/noticias\/wp-json\/wp\/v2\/types\/post"}],"author":[{"embeddable":true,"href":"https:\/\/franciscanos.org.br\/noticias\/wp-json\/wp\/v2\/users\/3"}],"replies":[{"embeddable":true,"href":"https:\/\/franciscanos.org.br\/noticias\/wp-json\/wp\/v2\/comments?post=207734"}],"version-history":[{"count":0,"href":"https:\/\/franciscanos.org.br\/noticias\/wp-json\/wp\/v2\/posts\/207734\/revisions"}],"wp:featuredmedia":[{"embeddable":true,"href":"https:\/\/franciscanos.org.br\/noticias\/wp-json\/wp\/v2\/media\/207737"}],"wp:attachment":[{"href":"https:\/\/franciscanos.org.br\/noticias\/wp-json\/wp\/v2\/media?parent=207734"}],"wp:term":[{"taxonomy":"category","embeddable":true,"href":"https:\/\/franciscanos.org.br\/noticias\/wp-json\/wp\/v2\/categories?post=207734"},{"taxonomy":"post_tag","embeddable":true,"href":"https:\/\/franciscanos.org.br\/noticias\/wp-json\/wp\/v2\/tags?post=207734"}],"curies":[{"name":"wp","href":"https:\/\/api.w.org\/{rel}","templated":true}]}}