{"id":207703,"date":"2019-07-16T08:05:03","date_gmt":"2019-07-16T11:05:03","guid":{"rendered":"https:\/\/franciscanos.org.br\/noticias\/?p=207703"},"modified":"2019-07-16T08:05:03","modified_gmt":"2019-07-16T11:05:03","slug":"seminario-de-estudo-do-documento-de-trabalho-do-sinodo-comeca-hoje","status":"publish","type":"post","link":"https:\/\/franciscanos.org.br\/noticias\/seminario-de-estudo-do-documento-de-trabalho-do-sinodo-comeca-hoje.html","title":{"rendered":"Semin\u00e1rio de Estudo do Documento de Trabalho do S\u00ednodo come\u00e7a hoje"},"content":{"rendered":"<p><img loading=\"lazy\" class=\"alignnone wp-image-207704 size-full\" src=\"https:\/\/franciscanos.org.br\/noticias\/wp-content\/uploads\/2019\/07\/repam_1607.jpg\" alt=\"\" width=\"890\" height=\"593\" srcset=\"https:\/\/franciscanos.org.br\/noticias\/wp-content\/uploads\/2019\/07\/repam_1607.jpg 890w, https:\/\/franciscanos.org.br\/noticias\/wp-content\/uploads\/2019\/07\/repam_1607-450x300.jpg 450w, https:\/\/franciscanos.org.br\/noticias\/wp-content\/uploads\/2019\/07\/repam_1607-768x512.jpg 768w, https:\/\/franciscanos.org.br\/noticias\/wp-content\/uploads\/2019\/07\/repam_1607-150x100.jpg 150w\" sizes=\"(max-width: 890px) 100vw, 890px\" \/><\/p>\n<p>Ser\u00e3o tr\u00eas dias completos de estudo, de hoje, 16, a 18 de julho, na sede do Centro Cultural Mission\u00e1rio. Entre os participantes, 23 bispos, 5 membros do Conselho Pr\u00e9-Sinodal, secret\u00e1rio Executivo da Rede Eclesial Pan-Amaz\u00f4nica\/REPAM, assessores e especialistas estar\u00e3o reunidos no Semin\u00e1rio de Estudo do Documento de Trabalho do S\u00ednodo para a Amaz\u00f4nia. No grupo de quase 50 participantes da atividade haver\u00e1 participa\u00e7\u00e3o de membros de outros pa\u00edses da Pan-Amaz\u00f4nia.<\/p>\n<p>O objetivo do encontro \u00e9, a partir do contexto desafiador da Amaz\u00f4nia e da mem\u00f3ria do percurso sinodal realizado at\u00e9 agora, aprofundar coletivamente o estudo do Documento e Trabalho \u2013 <em>Instrumentum Laboris (IL)<\/em>, para elaborar propostas concretas e fundamentadas em vista da Assembleia Sinodal de outubro.<\/p>\n<p>Durante os tr\u00eas dias, a proposta \u00e9 que o grupo se concentre em torno a tr\u00eas grandes eixos de estudo e propostas:<\/p>\n<p>A realidade amaz\u00f4nica: como responder ao grito da terra e dos pobres no ch\u00e3o da Amaz\u00f4nia, terra em disputa entre, de um lado, os povos ind\u00edgenas, os quilombolas e comunidades tradicionais, com suas formas pr\u00f3prias de vida e, de outro, a voracidade do capital de mineradoras, madeireiras, agroneg\u00f3cio e grandes projetos de energia e infraestrutura?<\/p>\n<p>Uma Igreja toda ela ministerial: como reconhecer, ampliar, consolidar e consagrar a diversidade dos minist\u00e9rios e o papel das mulheres, com especial aten\u00e7\u00e3o ao clamor das comunidades pela Eucaristia, como direito de todo o Povo de Deus?<\/p>\n<p>Os desafios do mundo urbano, que concentra cerca de 80% da popula\u00e7\u00e3o da regi\u00e3o: como suscitar comunidades vivas e atuantes entre os moradores, em sua maioria, migrantes marginalizados na periferia das cidades, mas tamb\u00e9m entre os jovens nas escolas e universidades? Como lidar com a cultura secularizada e consumista difundida pelos meios de comunica\u00e7\u00e3o e com a grande diversidade de Igrejas e movimentos religiosos, desafio importante para o ecumenismo, o di\u00e1logo inter-religioso, a incultura\u00e7\u00e3o e a coopera\u00e7\u00e3o em busca da justi\u00e7a e do cuidado da com a Casa comum?<\/p>\n<p>O encontro \u00e9 organizado pelo Centro Ecum\u00eanico de Servi\u00e7os \u00e0 Evangeliza\u00e7\u00e3o e Educa\u00e7\u00e3o Popular\/CESEEP e pela REPAM-Brasil.<\/p>\n","protected":false},"excerpt":{"rendered":"<p> Semin\u00e1rio de Estudo do Documento de Trabalho do S\u00ednodo para a Amaz\u00f4nia come\u00e7a em Bras\u00edlia.<\/p>\n","protected":false},"author":3,"featured_media":207705,"comment_status":"open","ping_status":"open","sticky":false,"template":"","format":"standard","meta":[],"categories":[1],"tags":[834],"acf":[],"yoast_head":"<!-- This site is optimized with the Yoast SEO plugin v19.2 - https:\/\/yoast.com\/wordpress\/plugins\/seo\/ -->\n<title>Semin\u00e1rio de Estudo do Documento de Trabalho do S\u00ednodo come\u00e7a hoje - Not\u00edcias - Franciscanos<\/title>\n<meta name=\"robots\" content=\"index, follow, max-snippet:-1, max-image-preview:large, max-video-preview:-1\" \/>\n<link rel=\"canonical\" href=\"https:\/\/franciscanos.org.br\/noticias\/seminario-de-estudo-do-documento-de-trabalho-do-sinodo-comeca-hoje.html\" \/>\n<meta property=\"og:locale\" content=\"pt_BR\" \/>\n<meta property=\"og:type\" content=\"article\" \/>\n<meta property=\"og:title\" content=\"Semin\u00e1rio de Estudo do Documento de Trabalho do S\u00ednodo come\u00e7a hoje - Not\u00edcias - Franciscanos\" \/>\n<meta property=\"og:description\" content=\"Semin\u00e1rio de Estudo do Documento de Trabalho do S\u00ednodo para a Amaz\u00f4nia come\u00e7a em Bras\u00edlia.\" \/>\n<meta property=\"og:url\" content=\"https:\/\/franciscanos.org.br\/noticias\/seminario-de-estudo-do-documento-de-trabalho-do-sinodo-comeca-hoje.html\" \/>\n<meta property=\"og:site_name\" content=\"Not\u00edcias - Franciscanos\" \/>\n<meta property=\"article:published_time\" content=\"2019-07-16T11:05:03+00:00\" \/>\n<meta property=\"og:image\" content=\"https:\/\/franciscanos.org.br\/noticias\/wp-content\/uploads\/2019\/07\/repam_1607d.jpg\" \/>\n\t<meta property=\"og:image:width\" content=\"273\" \/>\n\t<meta property=\"og:image:height\" content=\"182\" \/>\n\t<meta property=\"og:image:type\" content=\"image\/jpeg\" \/>\n<meta name=\"author\" content=\"moacir\" \/>\n<meta name=\"twitter:card\" content=\"summary_large_image\" \/>\n<meta name=\"twitter:label1\" content=\"Escrito por\" \/>\n\t<meta name=\"twitter:data1\" content=\"moacir\" \/>\n\t<meta name=\"twitter:label2\" content=\"Est. tempo de leitura\" \/>\n\t<meta name=\"twitter:data2\" content=\"2 minutos\" \/>\n<script type=\"application\/ld+json\" class=\"yoast-schema-graph\">{\"@context\":\"https:\/\/schema.org\",\"@graph\":[{\"@type\":\"WebSite\",\"@id\":\"https:\/\/franciscanos.org.br\/noticias\/#website\",\"url\":\"https:\/\/franciscanos.org.br\/noticias\/\",\"name\":\"Not\u00edcias - Franciscanos\",\"description\":\"Prov\u00edncia Franciscana da Imaculada Concei\u00e7\u00e3o do Brasil - Ordem dos Frades Menores - OFM\",\"potentialAction\":[{\"@type\":\"SearchAction\",\"target\":{\"@type\":\"EntryPoint\",\"urlTemplate\":\"https:\/\/franciscanos.org.br\/noticias\/?s={search_term_string}\"},\"query-input\":\"required name=search_term_string\"}],\"inLanguage\":\"pt-BR\"},{\"@type\":\"ImageObject\",\"inLanguage\":\"pt-BR\",\"@id\":\"https:\/\/franciscanos.org.br\/noticias\/seminario-de-estudo-do-documento-de-trabalho-do-sinodo-comeca-hoje.html#primaryimage\",\"url\":\"https:\/\/franciscanos.org.br\/noticias\/wp-content\/uploads\/2019\/07\/repam_1607d.jpg\",\"contentUrl\":\"https:\/\/franciscanos.org.br\/noticias\/wp-content\/uploads\/2019\/07\/repam_1607d.jpg\",\"width\":273,\"height\":182},{\"@type\":\"WebPage\",\"@id\":\"https:\/\/franciscanos.org.br\/noticias\/seminario-de-estudo-do-documento-de-trabalho-do-sinodo-comeca-hoje.html#webpage\",\"url\":\"https:\/\/franciscanos.org.br\/noticias\/seminario-de-estudo-do-documento-de-trabalho-do-sinodo-comeca-hoje.html\",\"name\":\"Semin\u00e1rio de Estudo do Documento de Trabalho do S\u00ednodo come\u00e7a hoje - Not\u00edcias - Franciscanos\",\"isPartOf\":{\"@id\":\"https:\/\/franciscanos.org.br\/noticias\/#website\"},\"primaryImageOfPage\":{\"@id\":\"https:\/\/franciscanos.org.br\/noticias\/seminario-de-estudo-do-documento-de-trabalho-do-sinodo-comeca-hoje.html#primaryimage\"},\"datePublished\":\"2019-07-16T11:05:03+00:00\",\"dateModified\":\"2019-07-16T11:05:03+00:00\",\"author\":{\"@id\":\"https:\/\/franciscanos.org.br\/noticias\/#\/schema\/person\/b5c8cba458c330ccff548b056e95a5d4\"},\"breadcrumb\":{\"@id\":\"https:\/\/franciscanos.org.br\/noticias\/seminario-de-estudo-do-documento-de-trabalho-do-sinodo-comeca-hoje.html#breadcrumb\"},\"inLanguage\":\"pt-BR\",\"potentialAction\":[{\"@type\":\"ReadAction\",\"target\":[\"https:\/\/franciscanos.org.br\/noticias\/seminario-de-estudo-do-documento-de-trabalho-do-sinodo-comeca-hoje.html\"]}]},{\"@type\":\"BreadcrumbList\",\"@id\":\"https:\/\/franciscanos.org.br\/noticias\/seminario-de-estudo-do-documento-de-trabalho-do-sinodo-comeca-hoje.html#breadcrumb\",\"itemListElement\":[{\"@type\":\"ListItem\",\"position\":1,\"name\":\"Home\",\"item\":\"https:\/\/franciscanos.org.br\/noticias\"},{\"@type\":\"ListItem\",\"position\":2,\"name\":\"Semin\u00e1rio de Estudo do Documento de Trabalho do S\u00ednodo come\u00e7a hoje\"}]},{\"@type\":\"Person\",\"@id\":\"https:\/\/franciscanos.org.br\/noticias\/#\/schema\/person\/b5c8cba458c330ccff548b056e95a5d4\",\"name\":\"moacir\",\"image\":{\"@type\":\"ImageObject\",\"inLanguage\":\"pt-BR\",\"@id\":\"https:\/\/franciscanos.org.br\/noticias\/#\/schema\/person\/image\/\",\"url\":\"https:\/\/secure.gravatar.com\/avatar\/d08aa2ce4c8dd416d4479aa8536fcf64?s=96&d=mm&r=g\",\"contentUrl\":\"https:\/\/secure.gravatar.com\/avatar\/d08aa2ce4c8dd416d4479aa8536fcf64?s=96&d=mm&r=g\",\"caption\":\"moacir\"},\"url\":\"https:\/\/franciscanos.org.br\/noticias\/author\/moacir\"}]}<\/script>\n<!-- \/ Yoast SEO plugin. -->","yoast_head_json":{"title":"Semin\u00e1rio de Estudo do Documento de Trabalho do S\u00ednodo come\u00e7a hoje - Not\u00edcias - Franciscanos","robots":{"index":"index","follow":"follow","max-snippet":"max-snippet:-1","max-image-preview":"max-image-preview:large","max-video-preview":"max-video-preview:-1"},"canonical":"https:\/\/franciscanos.org.br\/noticias\/seminario-de-estudo-do-documento-de-trabalho-do-sinodo-comeca-hoje.html","og_locale":"pt_BR","og_type":"article","og_title":"Semin\u00e1rio de Estudo do Documento de Trabalho do S\u00ednodo come\u00e7a hoje - Not\u00edcias - Franciscanos","og_description":"Semin\u00e1rio de Estudo do Documento de Trabalho do S\u00ednodo para a Amaz\u00f4nia come\u00e7a em Bras\u00edlia.","og_url":"https:\/\/franciscanos.org.br\/noticias\/seminario-de-estudo-do-documento-de-trabalho-do-sinodo-comeca-hoje.html","og_site_name":"Not\u00edcias - Franciscanos","article_published_time":"2019-07-16T11:05:03+00:00","og_image":[{"width":273,"height":182,"url":"https:\/\/franciscanos.org.br\/noticias\/wp-content\/uploads\/2019\/07\/repam_1607d.jpg","type":"image\/jpeg"}],"author":"moacir","twitter_card":"summary_large_image","twitter_misc":{"Escrito por":"moacir","Est. tempo de leitura":"2 minutos"},"schema":{"@context":"https:\/\/schema.org","@graph":[{"@type":"WebSite","@id":"https:\/\/franciscanos.org.br\/noticias\/#website","url":"https:\/\/franciscanos.org.br\/noticias\/","name":"Not\u00edcias - Franciscanos","description":"Prov\u00edncia Franciscana da Imaculada Concei\u00e7\u00e3o do Brasil - Ordem dos Frades Menores - OFM","potentialAction":[{"@type":"SearchAction","target":{"@type":"EntryPoint","urlTemplate":"https:\/\/franciscanos.org.br\/noticias\/?s={search_term_string}"},"query-input":"required name=search_term_string"}],"inLanguage":"pt-BR"},{"@type":"ImageObject","inLanguage":"pt-BR","@id":"https:\/\/franciscanos.org.br\/noticias\/seminario-de-estudo-do-documento-de-trabalho-do-sinodo-comeca-hoje.html#primaryimage","url":"https:\/\/franciscanos.org.br\/noticias\/wp-content\/uploads\/2019\/07\/repam_1607d.jpg","contentUrl":"https:\/\/franciscanos.org.br\/noticias\/wp-content\/uploads\/2019\/07\/repam_1607d.jpg","width":273,"height":182},{"@type":"WebPage","@id":"https:\/\/franciscanos.org.br\/noticias\/seminario-de-estudo-do-documento-de-trabalho-do-sinodo-comeca-hoje.html#webpage","url":"https:\/\/franciscanos.org.br\/noticias\/seminario-de-estudo-do-documento-de-trabalho-do-sinodo-comeca-hoje.html","name":"Semin\u00e1rio de Estudo do Documento de Trabalho do S\u00ednodo come\u00e7a hoje - Not\u00edcias - Franciscanos","isPartOf":{"@id":"https:\/\/franciscanos.org.br\/noticias\/#website"},"primaryImageOfPage":{"@id":"https:\/\/franciscanos.org.br\/noticias\/seminario-de-estudo-do-documento-de-trabalho-do-sinodo-comeca-hoje.html#primaryimage"},"datePublished":"2019-07-16T11:05:03+00:00","dateModified":"2019-07-16T11:05:03+00:00","author":{"@id":"https:\/\/franciscanos.org.br\/noticias\/#\/schema\/person\/b5c8cba458c330ccff548b056e95a5d4"},"breadcrumb":{"@id":"https:\/\/franciscanos.org.br\/noticias\/seminario-de-estudo-do-documento-de-trabalho-do-sinodo-comeca-hoje.html#breadcrumb"},"inLanguage":"pt-BR","potentialAction":[{"@type":"ReadAction","target":["https:\/\/franciscanos.org.br\/noticias\/seminario-de-estudo-do-documento-de-trabalho-do-sinodo-comeca-hoje.html"]}]},{"@type":"BreadcrumbList","@id":"https:\/\/franciscanos.org.br\/noticias\/seminario-de-estudo-do-documento-de-trabalho-do-sinodo-comeca-hoje.html#breadcrumb","itemListElement":[{"@type":"ListItem","position":1,"name":"Home","item":"https:\/\/franciscanos.org.br\/noticias"},{"@type":"ListItem","position":2,"name":"Semin\u00e1rio de Estudo do Documento de Trabalho do S\u00ednodo come\u00e7a hoje"}]},{"@type":"Person","@id":"https:\/\/franciscanos.org.br\/noticias\/#\/schema\/person\/b5c8cba458c330ccff548b056e95a5d4","name":"moacir","image":{"@type":"ImageObject","inLanguage":"pt-BR","@id":"https:\/\/franciscanos.org.br\/noticias\/#\/schema\/person\/image\/","url":"https:\/\/secure.gravatar.com\/avatar\/d08aa2ce4c8dd416d4479aa8536fcf64?s=96&d=mm&r=g","contentUrl":"https:\/\/secure.gravatar.com\/avatar\/d08aa2ce4c8dd416d4479aa8536fcf64?s=96&d=mm&r=g","caption":"moacir"},"url":"https:\/\/franciscanos.org.br\/noticias\/author\/moacir"}]}},"_links":{"self":[{"href":"https:\/\/franciscanos.org.br\/noticias\/wp-json\/wp\/v2\/posts\/207703"}],"collection":[{"href":"https:\/\/franciscanos.org.br\/noticias\/wp-json\/wp\/v2\/posts"}],"about":[{"href":"https:\/\/franciscanos.org.br\/noticias\/wp-json\/wp\/v2\/types\/post"}],"author":[{"embeddable":true,"href":"https:\/\/franciscanos.org.br\/noticias\/wp-json\/wp\/v2\/users\/3"}],"replies":[{"embeddable":true,"href":"https:\/\/franciscanos.org.br\/noticias\/wp-json\/wp\/v2\/comments?post=207703"}],"version-history":[{"count":0,"href":"https:\/\/franciscanos.org.br\/noticias\/wp-json\/wp\/v2\/posts\/207703\/revisions"}],"wp:featuredmedia":[{"embeddable":true,"href":"https:\/\/franciscanos.org.br\/noticias\/wp-json\/wp\/v2\/media\/207705"}],"wp:attachment":[{"href":"https:\/\/franciscanos.org.br\/noticias\/wp-json\/wp\/v2\/media?parent=207703"}],"wp:term":[{"taxonomy":"category","embeddable":true,"href":"https:\/\/franciscanos.org.br\/noticias\/wp-json\/wp\/v2\/categories?post=207703"},{"taxonomy":"post_tag","embeddable":true,"href":"https:\/\/franciscanos.org.br\/noticias\/wp-json\/wp\/v2\/tags?post=207703"}],"curies":[{"name":"wp","href":"https:\/\/api.w.org\/{rel}","templated":true}]}}