{"id":207691,"date":"2019-07-15T12:42:00","date_gmt":"2019-07-15T15:42:00","guid":{"rendered":"https:\/\/franciscanos.org.br\/noticias\/?p=207691"},"modified":"2019-07-15T12:42:35","modified_gmt":"2019-07-15T15:42:35","slug":"cffb-divulga-carta-compromisso-do-forum-franciscano","status":"publish","type":"post","link":"https:\/\/franciscanos.org.br\/noticias\/cffb-divulga-carta-compromisso-do-forum-franciscano.html","title":{"rendered":"CFFB divulga Carta Compromisso do F\u00f3rum Franciscano"},"content":{"rendered":"<p><img loading=\"lazy\" class=\"alignnone size-full wp-image-207694\" src=\"https:\/\/franciscanos.org.br\/noticias\/wp-content\/uploads\/2019\/07\/forum.jpg\" alt=\"\" width=\"890\" height=\"590\" srcset=\"https:\/\/franciscanos.org.br\/noticias\/wp-content\/uploads\/2019\/07\/forum.jpg 890w, https:\/\/franciscanos.org.br\/noticias\/wp-content\/uploads\/2019\/07\/forum-450x298.jpg 450w, https:\/\/franciscanos.org.br\/noticias\/wp-content\/uploads\/2019\/07\/forum-768x509.jpg 768w, https:\/\/franciscanos.org.br\/noticias\/wp-content\/uploads\/2019\/07\/forum-150x99.jpg 150w\" sizes=\"(max-width: 890px) 100vw, 890px\" \/><\/p>\n<p style=\"padding-left: 40px;\"><strong>Encerrado no \u00faltimo dia 6 de julho, o F\u00f3rum Franciscano para o S\u00ednodo Pan-Amaz\u00f4nico, realizado no Centro Arquidiocesano S\u00e3o Jos\u00e9 de Manaus, e promovido pela Confer\u00eancia da Fam\u00edlia Franciscana do Brasil (CFFB), divulgou a Carta Compromisso.<\/strong><\/p>\n<p><em>\u00abLouvado sejas, meu Senhor, pela nossa irm\u00e3, a m\u00e3e terra, que nos sustenta e governa e produz variados frutos com flores coloridas e verduras\u00bb. Esta irm\u00e3 clama contra o mal que lhe provocamos por causa do uso irrespons\u00e1vel e do abuso dos bens que Deus nela colocou. (Laudato Si&#8217; 1-2)<\/em><\/p>\n<p style=\"padding-left: 40px;\">Querido Papa Francisco!<br \/>\nQueridas Irm\u00e3s e Irm\u00e3os da Fam\u00edlia Franciscana do Brasil!<\/p>\n<p style=\"padding-left: 40px;\">Somos gratos pela convoca\u00e7\u00e3o do S\u00ednodo para a Pan-Amaz\u00f4nia e oferecemos nosso apoio fraterno e integral, afirmando como Igreja que a Fam\u00edlia Franciscana do Brasil trabalha em comunh\u00e3o e unidade no cuidado da casa comum.<\/p>\n<p style=\"padding-left: 40px;\">Ap\u00f3s escuta das vozes da Amaz\u00f4nia, e querendo contribuir no aprofundamento da tem\u00e1tica sinodal \u00e0 luz da espiritualidade franciscana, a Confer\u00eancia da Fam\u00edlia Franciscana do Brasil, realizou um F\u00f3rum com a participa\u00e7\u00e3o de 160 irm\u00e3s e irm\u00e3os das ordens, congrega\u00e7\u00f5es franciscanas e Jufra &#8211; Juventude Franciscana. Ouvimos os gritos dos povos origin\u00e1rios, ind\u00edgenas e quilombolas e todos os amaz\u00f4nidas, que denunciam a devasta\u00e7\u00e3o das florestas, a polui\u00e7\u00e3o das \u00e1guas, a desvaloriza\u00e7\u00e3o da vida e o preconceito em rela\u00e7\u00e3o \u00e0s culturas nativas. Ouvimos o an\u00fancio de uma terra sagrada e abundante de gra\u00e7a e beleza, que brota vida para a exist\u00eancia de toda humanidade, tecida e interligada por cores, cheiros, sabores e saberes ancestrais.<\/p>\n<p style=\"padding-left: 40px;\">Como Fam\u00edlia Franciscana alimentamos em n\u00f3s o que \u00e9 conatural ao nosso carisma e assim nos comprometemos:<\/p>\n<p style=\"padding-left: 40px;\">\u2666 Apoiar o Papa Francisco em todo o processo do S\u00ednodo Pan-Amaz\u00f4nico e a somar for\u00e7as na defesa e cuidado da vida, em busca de novos caminhos para a Igreja e para uma ecologia integral;<\/p>\n<p style=\"padding-left: 40px;\">\u2666 Divulgar, por meio de nossas redes de comunica\u00e7\u00e3o, os processos do S\u00ednodo e as a\u00e7\u00f5es franciscanas nessa regi\u00e3o, provocando toda sociedade a <em>amazonizar-se<\/em>;<\/p>\n<p style=\"padding-left: 40px;\">\u25cf Proporcionar experi\u00eancia mission\u00e1ria na Amaz\u00f4nia, que favore\u00e7a a proximidade e conviv\u00eancia com os povos origin\u00e1rios e o aprofundamento da m\u00edstica amaz\u00f4nica, a exemplo da Experi\u00eancia Assis;<\/p>\n<p style=\"padding-left: 40px;\">\u2666 Intensificar o trabalho em redes, nos articulando com a REPAM &#8211; Rede Eclesial Pan-Amaz\u00f4nica, CIMI- Conselho Indigenista Mission\u00e1rio e Entidades afinadas nesse trabalho para uma presen\u00e7a franciscana mais prof\u00e9tica, sinal de esperan\u00e7a.<\/p>\n<p><em>Manaus\/AM, 6 de julho de 2019<\/em><\/p>\n<p style=\"padding-left: 40px;\"><strong>Confer\u00eancia da Fam\u00edlia Franciscana do Brasil (CFFB)<\/strong><\/p>\n","protected":false},"excerpt":{"rendered":"<p>F\u00f3rum Franciscano para o S\u00ednodo Pan-Amaz\u00f4nico<\/p>\n","protected":false},"author":3,"featured_media":207692,"comment_status":"open","ping_status":"open","sticky":false,"template":"","format":"standard","meta":[],"categories":[1],"tags":[1496],"acf":[],"yoast_head":"<!-- This site is optimized with the Yoast SEO plugin v19.2 - https:\/\/yoast.com\/wordpress\/plugins\/seo\/ -->\n<title>CFFB divulga Carta Compromisso do F\u00f3rum Franciscano - Not\u00edcias - Franciscanos<\/title>\n<meta name=\"robots\" content=\"index, follow, max-snippet:-1, max-image-preview:large, max-video-preview:-1\" \/>\n<link rel=\"canonical\" href=\"https:\/\/franciscanos.org.br\/noticias\/cffb-divulga-carta-compromisso-do-forum-franciscano.html\" \/>\n<meta property=\"og:locale\" content=\"pt_BR\" \/>\n<meta property=\"og:type\" content=\"article\" \/>\n<meta property=\"og:title\" content=\"CFFB divulga Carta Compromisso do F\u00f3rum Franciscano - Not\u00edcias - Franciscanos\" \/>\n<meta property=\"og:description\" content=\"F\u00f3rum Franciscano para o S\u00ednodo Pan-Amaz\u00f4nico\" \/>\n<meta property=\"og:url\" content=\"https:\/\/franciscanos.org.br\/noticias\/cffb-divulga-carta-compromisso-do-forum-franciscano.html\" \/>\n<meta property=\"og:site_name\" content=\"Not\u00edcias - Franciscanos\" \/>\n<meta property=\"article:published_time\" content=\"2019-07-15T15:42:00+00:00\" \/>\n<meta property=\"article:modified_time\" content=\"2019-07-15T15:42:35+00:00\" \/>\n<meta property=\"og:image\" content=\"https:\/\/franciscanos.org.br\/noticias\/wp-content\/uploads\/2019\/07\/forum_p.jpg\" \/>\n\t<meta property=\"og:image:width\" content=\"273\" \/>\n\t<meta property=\"og:image:height\" content=\"181\" \/>\n\t<meta property=\"og:image:type\" content=\"image\/jpeg\" \/>\n<meta name=\"author\" content=\"moacir\" \/>\n<meta name=\"twitter:card\" content=\"summary_large_image\" \/>\n<meta name=\"twitter:label1\" content=\"Escrito por\" \/>\n\t<meta name=\"twitter:data1\" content=\"moacir\" \/>\n\t<meta name=\"twitter:label2\" content=\"Est. tempo de leitura\" \/>\n\t<meta name=\"twitter:data2\" content=\"2 minutos\" \/>\n<script type=\"application\/ld+json\" class=\"yoast-schema-graph\">{\"@context\":\"https:\/\/schema.org\",\"@graph\":[{\"@type\":\"WebSite\",\"@id\":\"https:\/\/franciscanos.org.br\/noticias\/#website\",\"url\":\"https:\/\/franciscanos.org.br\/noticias\/\",\"name\":\"Not\u00edcias - Franciscanos\",\"description\":\"Prov\u00edncia Franciscana da Imaculada Concei\u00e7\u00e3o do Brasil - Ordem dos Frades Menores - OFM\",\"potentialAction\":[{\"@type\":\"SearchAction\",\"target\":{\"@type\":\"EntryPoint\",\"urlTemplate\":\"https:\/\/franciscanos.org.br\/noticias\/?s={search_term_string}\"},\"query-input\":\"required name=search_term_string\"}],\"inLanguage\":\"pt-BR\"},{\"@type\":\"ImageObject\",\"inLanguage\":\"pt-BR\",\"@id\":\"https:\/\/franciscanos.org.br\/noticias\/cffb-divulga-carta-compromisso-do-forum-franciscano.html#primaryimage\",\"url\":\"https:\/\/franciscanos.org.br\/noticias\/wp-content\/uploads\/2019\/07\/forum_p.jpg\",\"contentUrl\":\"https:\/\/franciscanos.org.br\/noticias\/wp-content\/uploads\/2019\/07\/forum_p.jpg\",\"width\":273,\"height\":181},{\"@type\":\"WebPage\",\"@id\":\"https:\/\/franciscanos.org.br\/noticias\/cffb-divulga-carta-compromisso-do-forum-franciscano.html#webpage\",\"url\":\"https:\/\/franciscanos.org.br\/noticias\/cffb-divulga-carta-compromisso-do-forum-franciscano.html\",\"name\":\"CFFB divulga Carta Compromisso do F\u00f3rum Franciscano - Not\u00edcias - Franciscanos\",\"isPartOf\":{\"@id\":\"https:\/\/franciscanos.org.br\/noticias\/#website\"},\"primaryImageOfPage\":{\"@id\":\"https:\/\/franciscanos.org.br\/noticias\/cffb-divulga-carta-compromisso-do-forum-franciscano.html#primaryimage\"},\"datePublished\":\"2019-07-15T15:42:00+00:00\",\"dateModified\":\"2019-07-15T15:42:35+00:00\",\"author\":{\"@id\":\"https:\/\/franciscanos.org.br\/noticias\/#\/schema\/person\/b5c8cba458c330ccff548b056e95a5d4\"},\"breadcrumb\":{\"@id\":\"https:\/\/franciscanos.org.br\/noticias\/cffb-divulga-carta-compromisso-do-forum-franciscano.html#breadcrumb\"},\"inLanguage\":\"pt-BR\",\"potentialAction\":[{\"@type\":\"ReadAction\",\"target\":[\"https:\/\/franciscanos.org.br\/noticias\/cffb-divulga-carta-compromisso-do-forum-franciscano.html\"]}]},{\"@type\":\"BreadcrumbList\",\"@id\":\"https:\/\/franciscanos.org.br\/noticias\/cffb-divulga-carta-compromisso-do-forum-franciscano.html#breadcrumb\",\"itemListElement\":[{\"@type\":\"ListItem\",\"position\":1,\"name\":\"Home\",\"item\":\"https:\/\/franciscanos.org.br\/noticias\"},{\"@type\":\"ListItem\",\"position\":2,\"name\":\"CFFB divulga Carta Compromisso do F\u00f3rum Franciscano\"}]},{\"@type\":\"Person\",\"@id\":\"https:\/\/franciscanos.org.br\/noticias\/#\/schema\/person\/b5c8cba458c330ccff548b056e95a5d4\",\"name\":\"moacir\",\"image\":{\"@type\":\"ImageObject\",\"inLanguage\":\"pt-BR\",\"@id\":\"https:\/\/franciscanos.org.br\/noticias\/#\/schema\/person\/image\/\",\"url\":\"https:\/\/secure.gravatar.com\/avatar\/d08aa2ce4c8dd416d4479aa8536fcf64?s=96&d=mm&r=g\",\"contentUrl\":\"https:\/\/secure.gravatar.com\/avatar\/d08aa2ce4c8dd416d4479aa8536fcf64?s=96&d=mm&r=g\",\"caption\":\"moacir\"},\"url\":\"https:\/\/franciscanos.org.br\/noticias\/author\/moacir\"}]}<\/script>\n<!-- \/ Yoast SEO plugin. -->","yoast_head_json":{"title":"CFFB divulga Carta Compromisso do F\u00f3rum Franciscano - Not\u00edcias - Franciscanos","robots":{"index":"index","follow":"follow","max-snippet":"max-snippet:-1","max-image-preview":"max-image-preview:large","max-video-preview":"max-video-preview:-1"},"canonical":"https:\/\/franciscanos.org.br\/noticias\/cffb-divulga-carta-compromisso-do-forum-franciscano.html","og_locale":"pt_BR","og_type":"article","og_title":"CFFB divulga Carta Compromisso do F\u00f3rum Franciscano - Not\u00edcias - Franciscanos","og_description":"F\u00f3rum Franciscano para o S\u00ednodo Pan-Amaz\u00f4nico","og_url":"https:\/\/franciscanos.org.br\/noticias\/cffb-divulga-carta-compromisso-do-forum-franciscano.html","og_site_name":"Not\u00edcias - Franciscanos","article_published_time":"2019-07-15T15:42:00+00:00","article_modified_time":"2019-07-15T15:42:35+00:00","og_image":[{"width":273,"height":181,"url":"https:\/\/franciscanos.org.br\/noticias\/wp-content\/uploads\/2019\/07\/forum_p.jpg","type":"image\/jpeg"}],"author":"moacir","twitter_card":"summary_large_image","twitter_misc":{"Escrito por":"moacir","Est. tempo de leitura":"2 minutos"},"schema":{"@context":"https:\/\/schema.org","@graph":[{"@type":"WebSite","@id":"https:\/\/franciscanos.org.br\/noticias\/#website","url":"https:\/\/franciscanos.org.br\/noticias\/","name":"Not\u00edcias - Franciscanos","description":"Prov\u00edncia Franciscana da Imaculada Concei\u00e7\u00e3o do Brasil - Ordem dos Frades Menores - OFM","potentialAction":[{"@type":"SearchAction","target":{"@type":"EntryPoint","urlTemplate":"https:\/\/franciscanos.org.br\/noticias\/?s={search_term_string}"},"query-input":"required name=search_term_string"}],"inLanguage":"pt-BR"},{"@type":"ImageObject","inLanguage":"pt-BR","@id":"https:\/\/franciscanos.org.br\/noticias\/cffb-divulga-carta-compromisso-do-forum-franciscano.html#primaryimage","url":"https:\/\/franciscanos.org.br\/noticias\/wp-content\/uploads\/2019\/07\/forum_p.jpg","contentUrl":"https:\/\/franciscanos.org.br\/noticias\/wp-content\/uploads\/2019\/07\/forum_p.jpg","width":273,"height":181},{"@type":"WebPage","@id":"https:\/\/franciscanos.org.br\/noticias\/cffb-divulga-carta-compromisso-do-forum-franciscano.html#webpage","url":"https:\/\/franciscanos.org.br\/noticias\/cffb-divulga-carta-compromisso-do-forum-franciscano.html","name":"CFFB divulga Carta Compromisso do F\u00f3rum Franciscano - Not\u00edcias - Franciscanos","isPartOf":{"@id":"https:\/\/franciscanos.org.br\/noticias\/#website"},"primaryImageOfPage":{"@id":"https:\/\/franciscanos.org.br\/noticias\/cffb-divulga-carta-compromisso-do-forum-franciscano.html#primaryimage"},"datePublished":"2019-07-15T15:42:00+00:00","dateModified":"2019-07-15T15:42:35+00:00","author":{"@id":"https:\/\/franciscanos.org.br\/noticias\/#\/schema\/person\/b5c8cba458c330ccff548b056e95a5d4"},"breadcrumb":{"@id":"https:\/\/franciscanos.org.br\/noticias\/cffb-divulga-carta-compromisso-do-forum-franciscano.html#breadcrumb"},"inLanguage":"pt-BR","potentialAction":[{"@type":"ReadAction","target":["https:\/\/franciscanos.org.br\/noticias\/cffb-divulga-carta-compromisso-do-forum-franciscano.html"]}]},{"@type":"BreadcrumbList","@id":"https:\/\/franciscanos.org.br\/noticias\/cffb-divulga-carta-compromisso-do-forum-franciscano.html#breadcrumb","itemListElement":[{"@type":"ListItem","position":1,"name":"Home","item":"https:\/\/franciscanos.org.br\/noticias"},{"@type":"ListItem","position":2,"name":"CFFB divulga Carta Compromisso do F\u00f3rum Franciscano"}]},{"@type":"Person","@id":"https:\/\/franciscanos.org.br\/noticias\/#\/schema\/person\/b5c8cba458c330ccff548b056e95a5d4","name":"moacir","image":{"@type":"ImageObject","inLanguage":"pt-BR","@id":"https:\/\/franciscanos.org.br\/noticias\/#\/schema\/person\/image\/","url":"https:\/\/secure.gravatar.com\/avatar\/d08aa2ce4c8dd416d4479aa8536fcf64?s=96&d=mm&r=g","contentUrl":"https:\/\/secure.gravatar.com\/avatar\/d08aa2ce4c8dd416d4479aa8536fcf64?s=96&d=mm&r=g","caption":"moacir"},"url":"https:\/\/franciscanos.org.br\/noticias\/author\/moacir"}]}},"_links":{"self":[{"href":"https:\/\/franciscanos.org.br\/noticias\/wp-json\/wp\/v2\/posts\/207691"}],"collection":[{"href":"https:\/\/franciscanos.org.br\/noticias\/wp-json\/wp\/v2\/posts"}],"about":[{"href":"https:\/\/franciscanos.org.br\/noticias\/wp-json\/wp\/v2\/types\/post"}],"author":[{"embeddable":true,"href":"https:\/\/franciscanos.org.br\/noticias\/wp-json\/wp\/v2\/users\/3"}],"replies":[{"embeddable":true,"href":"https:\/\/franciscanos.org.br\/noticias\/wp-json\/wp\/v2\/comments?post=207691"}],"version-history":[{"count":0,"href":"https:\/\/franciscanos.org.br\/noticias\/wp-json\/wp\/v2\/posts\/207691\/revisions"}],"wp:featuredmedia":[{"embeddable":true,"href":"https:\/\/franciscanos.org.br\/noticias\/wp-json\/wp\/v2\/media\/207692"}],"wp:attachment":[{"href":"https:\/\/franciscanos.org.br\/noticias\/wp-json\/wp\/v2\/media?parent=207691"}],"wp:term":[{"taxonomy":"category","embeddable":true,"href":"https:\/\/franciscanos.org.br\/noticias\/wp-json\/wp\/v2\/categories?post=207691"},{"taxonomy":"post_tag","embeddable":true,"href":"https:\/\/franciscanos.org.br\/noticias\/wp-json\/wp\/v2\/tags?post=207691"}],"curies":[{"name":"wp","href":"https:\/\/api.w.org\/{rel}","templated":true}]}}