{"id":207682,"date":"2019-07-15T11:21:25","date_gmt":"2019-07-15T14:21:25","guid":{"rendered":"https:\/\/franciscanos.org.br\/noticias\/?p=207682"},"modified":"2019-07-15T11:22:30","modified_gmt":"2019-07-15T14:22:30","slug":"formacao-crista-e-liturgica-na-paroquia-santo-estevao","status":"publish","type":"post","link":"https:\/\/franciscanos.org.br\/noticias\/formacao-crista-e-liturgica-na-paroquia-santo-estevao.html","title":{"rendered":"Forma\u00e7\u00e3o crist\u00e3 e lit\u00fargica na Par\u00f3quia Santo Est\u00eav\u00e3o"},"content":{"rendered":"<p><img loading=\"lazy\" class=\"alignnone size-full wp-image-207685\" src=\"https:\/\/franciscanos.org.br\/noticias\/wp-content\/uploads\/2019\/07\/formacao_1507.jpg\" alt=\"\" width=\"890\" height=\"668\" srcset=\"https:\/\/franciscanos.org.br\/noticias\/wp-content\/uploads\/2019\/07\/formacao_1507.jpg 890w, https:\/\/franciscanos.org.br\/noticias\/wp-content\/uploads\/2019\/07\/formacao_1507-450x338.jpg 450w, https:\/\/franciscanos.org.br\/noticias\/wp-content\/uploads\/2019\/07\/formacao_1507-768x576.jpg 768w, https:\/\/franciscanos.org.br\/noticias\/wp-content\/uploads\/2019\/07\/formacao_1507-150x113.jpg 150w, https:\/\/franciscanos.org.br\/noticias\/wp-content\/uploads\/2019\/07\/formacao_1507-600x450.jpg 600w\" sizes=\"(max-width: 890px) 100vw, 890px\" \/><br \/>\n<img loading=\"lazy\" class=\"alignleft size-full wp-image-207686\" src=\"https:\/\/franciscanos.org.br\/noticias\/wp-content\/uploads\/2019\/07\/formacao_1507_2.jpg\" alt=\"\" width=\"300\" height=\"329\" srcset=\"https:\/\/franciscanos.org.br\/noticias\/wp-content\/uploads\/2019\/07\/formacao_1507_2.jpg 300w, https:\/\/franciscanos.org.br\/noticias\/wp-content\/uploads\/2019\/07\/formacao_1507_2-150x165.jpg 150w\" sizes=\"(max-width: 300px) 100vw, 300px\" \/>Autor do livro &#8220;Inicia\u00e7\u00e3o \u00e0 vida crist\u00e3 \u00e9 tarefa de todos&#8221;, o mestre e doutor em Teologia pela PUC-Rio, Frei Jo\u00e3o Fernandes Reinert, da Fraternidade M\u00e3e Terra, de Duque de Caxias (RJ), ministrou palestra sobre a inicia\u00e7\u00e3o \u00e0 vida crist\u00e3 na Par\u00f3quia Santo Est\u00eav\u00e3o, em Ituporanga (SC). Esse momento formativo reuniu mais de 300 pessoas no sal\u00e3o Frei Arthur Kleba no final do m\u00eas de junho.<\/p>\n<p>Frei Jo\u00e3o explicou sobre a hist\u00f3ria da vida crist\u00e3 e o seu processo inicial. Inclusive, falou sobre a import\u00e2ncia que cada crist\u00e3o tem de transmitir a Boa Nova de Jesus Cristo. Os membros da Igreja n\u00e3o s\u00e3o meramente pessoas de uma institui\u00e7\u00e3o, mas est\u00e3o numa caminhada de ades\u00e3o a Jesus Cristo. Isso n\u00e3o s\u00f3 em \u00e2mbito pessoal, mas de cada comunidade de f\u00e9. Todos aqueles que foram chamados a dar os ensinamentos iniciais crist\u00e3os (catequistas), precisam, de fato, ser membros integrantes e ativos em sua comunidade. Assim, com o testemunho de suas vidas, mostrar\u00e3o aos iniciantes (catequizandos) o jeito verdadeiro de ser a Igreja de Cristo. Al\u00e9m disso, o p\u00e1roco Frei Evandro Balestrin, e Frei Marcos Prado dos Santos acompanharam o evento e deram orienta\u00e7\u00f5es a todos para a elei\u00e7\u00e3o dos novos CPCs e Ministros Extraordin\u00e1rios da Eucaristia.<\/p>\n<p>Tamb\u00e9m estavam presentes, vindos de Curitiba, o Di\u00e1cono Permanente Antonio Marconato e seu filho. Ambos trabalham na empresa Marconato, de restaura\u00e7\u00e3o e fabrica\u00e7\u00e3o de objetos sacros. O di\u00e1cono passou algumas orienta\u00e7\u00f5es a respeito do cuidado com as alfaias e os vasos sagrados. Al\u00e9m disso, foram coletadas in\u00fameras pe\u00e7as sacras de toda a Par\u00f3quia para restauro.<\/p>\n<p><img loading=\"lazy\" class=\"alignnone size-full wp-image-207683\" src=\"https:\/\/franciscanos.org.br\/noticias\/wp-content\/uploads\/2019\/07\/formacao_1507_3.jpg\" alt=\"\" width=\"890\" height=\"429\" srcset=\"https:\/\/franciscanos.org.br\/noticias\/wp-content\/uploads\/2019\/07\/formacao_1507_3.jpg 890w, https:\/\/franciscanos.org.br\/noticias\/wp-content\/uploads\/2019\/07\/formacao_1507_3-450x217.jpg 450w, https:\/\/franciscanos.org.br\/noticias\/wp-content\/uploads\/2019\/07\/formacao_1507_3-768x370.jpg 768w, https:\/\/franciscanos.org.br\/noticias\/wp-content\/uploads\/2019\/07\/formacao_1507_3-150x72.jpg 150w\" sizes=\"(max-width: 890px) 100vw, 890px\" \/><\/p>\n<p><strong>Forma\u00e7\u00e3o de Liturgia<\/strong><br \/>\n<img loading=\"lazy\" class=\"alignright size-full wp-image-207684\" src=\"https:\/\/franciscanos.org.br\/noticias\/wp-content\/uploads\/2019\/07\/formacao_1507_4.jpg\" alt=\"\" width=\"350\" height=\"261\" srcset=\"https:\/\/franciscanos.org.br\/noticias\/wp-content\/uploads\/2019\/07\/formacao_1507_4.jpg 350w, https:\/\/franciscanos.org.br\/noticias\/wp-content\/uploads\/2019\/07\/formacao_1507_4-150x112.jpg 150w\" sizes=\"(max-width: 350px) 100vw, 350px\" \/>Outro momento de forma\u00e7\u00e3o, desta vez sobre liturgia, foi ministrado pela equipe diocesana de Liturgia, formada por Frei Bertolino Tholl, Vanessa Bonatti, Janete Tholl e Maria Madalena Lima. No sal\u00e3o Frei Arthur Kleba, 80 pessoas da regi\u00e3o pastoral de Ituporanga estiveram presentes.<\/p>\n<p>A forma\u00e7\u00e3o foi iniciada com uma espiritualiza\u00e7\u00e3o feita por Janete com quatro velas. Estas simbolizaram quatro virtudes. As comunidades precisam deixar que Cristo ilumine as suas vidas. Assim, cheios do Amor de Jesus, anunciar\u00e3o a luz de Deus para os outros.<\/p>\n<p>Depois disso, Frei Bertolino abordou aspectos hist\u00f3ricos at\u00e9 o Conc\u00edlio Vaticano II e deu orienta\u00e7\u00f5es pr\u00e1ticas para bem celebrar a Santa Missa. Vanessa, nesse caso, tirou d\u00favidas de alguns participantes sobre o assunto, mostrando, ent\u00e3o, o sentido mais profundo de cada parte da Missa.<\/p>\n<p><strong>Frei Thierry Melo de Paula, OFM<\/strong><\/p>\n","protected":false},"excerpt":{"rendered":"<p>Frente das Par\u00f3quias e Santu\u00e1rios<\/p>\n","protected":false},"author":3,"featured_media":207687,"comment_status":"open","ping_status":"open","sticky":false,"template":"","format":"standard","meta":[],"categories":[1488],"tags":[1145],"acf":[],"yoast_head":"<!-- This site is optimized with the Yoast SEO plugin v19.2 - https:\/\/yoast.com\/wordpress\/plugins\/seo\/ -->\n<title>Forma\u00e7\u00e3o crist\u00e3 e lit\u00fargica na Par\u00f3quia Santo Est\u00eav\u00e3o - Not\u00edcias - Franciscanos<\/title>\n<meta name=\"robots\" content=\"index, follow, max-snippet:-1, max-image-preview:large, max-video-preview:-1\" \/>\n<link rel=\"canonical\" href=\"https:\/\/franciscanos.org.br\/noticias\/formacao-crista-e-liturgica-na-paroquia-santo-estevao.html\" \/>\n<meta property=\"og:locale\" content=\"pt_BR\" \/>\n<meta property=\"og:type\" content=\"article\" \/>\n<meta property=\"og:title\" content=\"Forma\u00e7\u00e3o crist\u00e3 e lit\u00fargica na Par\u00f3quia Santo Est\u00eav\u00e3o - Not\u00edcias - Franciscanos\" \/>\n<meta property=\"og:description\" content=\"Frente das Par\u00f3quias e Santu\u00e1rios\" \/>\n<meta property=\"og:url\" content=\"https:\/\/franciscanos.org.br\/noticias\/formacao-crista-e-liturgica-na-paroquia-santo-estevao.html\" \/>\n<meta property=\"og:site_name\" content=\"Not\u00edcias - Franciscanos\" \/>\n<meta property=\"article:published_time\" content=\"2019-07-15T14:21:25+00:00\" \/>\n<meta property=\"article:modified_time\" content=\"2019-07-15T14:22:30+00:00\" \/>\n<meta property=\"og:image\" content=\"https:\/\/franciscanos.org.br\/noticias\/wp-content\/uploads\/2019\/07\/formacao_1507d.jpg\" \/>\n\t<meta property=\"og:image:width\" content=\"273\" \/>\n\t<meta property=\"og:image:height\" content=\"181\" \/>\n\t<meta property=\"og:image:type\" content=\"image\/jpeg\" \/>\n<meta name=\"author\" content=\"moacir\" \/>\n<meta name=\"twitter:card\" content=\"summary_large_image\" \/>\n<meta name=\"twitter:label1\" content=\"Escrito por\" \/>\n\t<meta name=\"twitter:data1\" content=\"moacir\" \/>\n\t<meta name=\"twitter:label2\" content=\"Est. tempo de leitura\" \/>\n\t<meta name=\"twitter:data2\" content=\"2 minutos\" \/>\n<script type=\"application\/ld+json\" class=\"yoast-schema-graph\">{\"@context\":\"https:\/\/schema.org\",\"@graph\":[{\"@type\":\"WebSite\",\"@id\":\"https:\/\/franciscanos.org.br\/noticias\/#website\",\"url\":\"https:\/\/franciscanos.org.br\/noticias\/\",\"name\":\"Not\u00edcias - Franciscanos\",\"description\":\"Prov\u00edncia Franciscana da Imaculada Concei\u00e7\u00e3o do Brasil - Ordem dos Frades Menores - OFM\",\"potentialAction\":[{\"@type\":\"SearchAction\",\"target\":{\"@type\":\"EntryPoint\",\"urlTemplate\":\"https:\/\/franciscanos.org.br\/noticias\/?s={search_term_string}\"},\"query-input\":\"required name=search_term_string\"}],\"inLanguage\":\"pt-BR\"},{\"@type\":\"ImageObject\",\"inLanguage\":\"pt-BR\",\"@id\":\"https:\/\/franciscanos.org.br\/noticias\/formacao-crista-e-liturgica-na-paroquia-santo-estevao.html#primaryimage\",\"url\":\"https:\/\/franciscanos.org.br\/noticias\/wp-content\/uploads\/2019\/07\/formacao_1507d.jpg\",\"contentUrl\":\"https:\/\/franciscanos.org.br\/noticias\/wp-content\/uploads\/2019\/07\/formacao_1507d.jpg\",\"width\":273,\"height\":181},{\"@type\":\"WebPage\",\"@id\":\"https:\/\/franciscanos.org.br\/noticias\/formacao-crista-e-liturgica-na-paroquia-santo-estevao.html#webpage\",\"url\":\"https:\/\/franciscanos.org.br\/noticias\/formacao-crista-e-liturgica-na-paroquia-santo-estevao.html\",\"name\":\"Forma\u00e7\u00e3o crist\u00e3 e lit\u00fargica na Par\u00f3quia Santo Est\u00eav\u00e3o - Not\u00edcias - Franciscanos\",\"isPartOf\":{\"@id\":\"https:\/\/franciscanos.org.br\/noticias\/#website\"},\"primaryImageOfPage\":{\"@id\":\"https:\/\/franciscanos.org.br\/noticias\/formacao-crista-e-liturgica-na-paroquia-santo-estevao.html#primaryimage\"},\"datePublished\":\"2019-07-15T14:21:25+00:00\",\"dateModified\":\"2019-07-15T14:22:30+00:00\",\"author\":{\"@id\":\"https:\/\/franciscanos.org.br\/noticias\/#\/schema\/person\/b5c8cba458c330ccff548b056e95a5d4\"},\"breadcrumb\":{\"@id\":\"https:\/\/franciscanos.org.br\/noticias\/formacao-crista-e-liturgica-na-paroquia-santo-estevao.html#breadcrumb\"},\"inLanguage\":\"pt-BR\",\"potentialAction\":[{\"@type\":\"ReadAction\",\"target\":[\"https:\/\/franciscanos.org.br\/noticias\/formacao-crista-e-liturgica-na-paroquia-santo-estevao.html\"]}]},{\"@type\":\"BreadcrumbList\",\"@id\":\"https:\/\/franciscanos.org.br\/noticias\/formacao-crista-e-liturgica-na-paroquia-santo-estevao.html#breadcrumb\",\"itemListElement\":[{\"@type\":\"ListItem\",\"position\":1,\"name\":\"Home\",\"item\":\"https:\/\/franciscanos.org.br\/noticias\"},{\"@type\":\"ListItem\",\"position\":2,\"name\":\"Forma\u00e7\u00e3o crist\u00e3 e lit\u00fargica na Par\u00f3quia Santo Est\u00eav\u00e3o\"}]},{\"@type\":\"Person\",\"@id\":\"https:\/\/franciscanos.org.br\/noticias\/#\/schema\/person\/b5c8cba458c330ccff548b056e95a5d4\",\"name\":\"moacir\",\"image\":{\"@type\":\"ImageObject\",\"inLanguage\":\"pt-BR\",\"@id\":\"https:\/\/franciscanos.org.br\/noticias\/#\/schema\/person\/image\/\",\"url\":\"https:\/\/secure.gravatar.com\/avatar\/d08aa2ce4c8dd416d4479aa8536fcf64?s=96&d=mm&r=g\",\"contentUrl\":\"https:\/\/secure.gravatar.com\/avatar\/d08aa2ce4c8dd416d4479aa8536fcf64?s=96&d=mm&r=g\",\"caption\":\"moacir\"},\"url\":\"https:\/\/franciscanos.org.br\/noticias\/author\/moacir\"}]}<\/script>\n<!-- \/ Yoast SEO plugin. -->","yoast_head_json":{"title":"Forma\u00e7\u00e3o crist\u00e3 e lit\u00fargica na Par\u00f3quia Santo Est\u00eav\u00e3o - Not\u00edcias - Franciscanos","robots":{"index":"index","follow":"follow","max-snippet":"max-snippet:-1","max-image-preview":"max-image-preview:large","max-video-preview":"max-video-preview:-1"},"canonical":"https:\/\/franciscanos.org.br\/noticias\/formacao-crista-e-liturgica-na-paroquia-santo-estevao.html","og_locale":"pt_BR","og_type":"article","og_title":"Forma\u00e7\u00e3o crist\u00e3 e lit\u00fargica na Par\u00f3quia Santo Est\u00eav\u00e3o - Not\u00edcias - Franciscanos","og_description":"Frente das Par\u00f3quias e Santu\u00e1rios","og_url":"https:\/\/franciscanos.org.br\/noticias\/formacao-crista-e-liturgica-na-paroquia-santo-estevao.html","og_site_name":"Not\u00edcias - Franciscanos","article_published_time":"2019-07-15T14:21:25+00:00","article_modified_time":"2019-07-15T14:22:30+00:00","og_image":[{"width":273,"height":181,"url":"https:\/\/franciscanos.org.br\/noticias\/wp-content\/uploads\/2019\/07\/formacao_1507d.jpg","type":"image\/jpeg"}],"author":"moacir","twitter_card":"summary_large_image","twitter_misc":{"Escrito por":"moacir","Est. tempo de leitura":"2 minutos"},"schema":{"@context":"https:\/\/schema.org","@graph":[{"@type":"WebSite","@id":"https:\/\/franciscanos.org.br\/noticias\/#website","url":"https:\/\/franciscanos.org.br\/noticias\/","name":"Not\u00edcias - Franciscanos","description":"Prov\u00edncia Franciscana da Imaculada Concei\u00e7\u00e3o do Brasil - Ordem dos Frades Menores - OFM","potentialAction":[{"@type":"SearchAction","target":{"@type":"EntryPoint","urlTemplate":"https:\/\/franciscanos.org.br\/noticias\/?s={search_term_string}"},"query-input":"required name=search_term_string"}],"inLanguage":"pt-BR"},{"@type":"ImageObject","inLanguage":"pt-BR","@id":"https:\/\/franciscanos.org.br\/noticias\/formacao-crista-e-liturgica-na-paroquia-santo-estevao.html#primaryimage","url":"https:\/\/franciscanos.org.br\/noticias\/wp-content\/uploads\/2019\/07\/formacao_1507d.jpg","contentUrl":"https:\/\/franciscanos.org.br\/noticias\/wp-content\/uploads\/2019\/07\/formacao_1507d.jpg","width":273,"height":181},{"@type":"WebPage","@id":"https:\/\/franciscanos.org.br\/noticias\/formacao-crista-e-liturgica-na-paroquia-santo-estevao.html#webpage","url":"https:\/\/franciscanos.org.br\/noticias\/formacao-crista-e-liturgica-na-paroquia-santo-estevao.html","name":"Forma\u00e7\u00e3o crist\u00e3 e lit\u00fargica na Par\u00f3quia Santo Est\u00eav\u00e3o - Not\u00edcias - Franciscanos","isPartOf":{"@id":"https:\/\/franciscanos.org.br\/noticias\/#website"},"primaryImageOfPage":{"@id":"https:\/\/franciscanos.org.br\/noticias\/formacao-crista-e-liturgica-na-paroquia-santo-estevao.html#primaryimage"},"datePublished":"2019-07-15T14:21:25+00:00","dateModified":"2019-07-15T14:22:30+00:00","author":{"@id":"https:\/\/franciscanos.org.br\/noticias\/#\/schema\/person\/b5c8cba458c330ccff548b056e95a5d4"},"breadcrumb":{"@id":"https:\/\/franciscanos.org.br\/noticias\/formacao-crista-e-liturgica-na-paroquia-santo-estevao.html#breadcrumb"},"inLanguage":"pt-BR","potentialAction":[{"@type":"ReadAction","target":["https:\/\/franciscanos.org.br\/noticias\/formacao-crista-e-liturgica-na-paroquia-santo-estevao.html"]}]},{"@type":"BreadcrumbList","@id":"https:\/\/franciscanos.org.br\/noticias\/formacao-crista-e-liturgica-na-paroquia-santo-estevao.html#breadcrumb","itemListElement":[{"@type":"ListItem","position":1,"name":"Home","item":"https:\/\/franciscanos.org.br\/noticias"},{"@type":"ListItem","position":2,"name":"Forma\u00e7\u00e3o crist\u00e3 e lit\u00fargica na Par\u00f3quia Santo Est\u00eav\u00e3o"}]},{"@type":"Person","@id":"https:\/\/franciscanos.org.br\/noticias\/#\/schema\/person\/b5c8cba458c330ccff548b056e95a5d4","name":"moacir","image":{"@type":"ImageObject","inLanguage":"pt-BR","@id":"https:\/\/franciscanos.org.br\/noticias\/#\/schema\/person\/image\/","url":"https:\/\/secure.gravatar.com\/avatar\/d08aa2ce4c8dd416d4479aa8536fcf64?s=96&d=mm&r=g","contentUrl":"https:\/\/secure.gravatar.com\/avatar\/d08aa2ce4c8dd416d4479aa8536fcf64?s=96&d=mm&r=g","caption":"moacir"},"url":"https:\/\/franciscanos.org.br\/noticias\/author\/moacir"}]}},"_links":{"self":[{"href":"https:\/\/franciscanos.org.br\/noticias\/wp-json\/wp\/v2\/posts\/207682"}],"collection":[{"href":"https:\/\/franciscanos.org.br\/noticias\/wp-json\/wp\/v2\/posts"}],"about":[{"href":"https:\/\/franciscanos.org.br\/noticias\/wp-json\/wp\/v2\/types\/post"}],"author":[{"embeddable":true,"href":"https:\/\/franciscanos.org.br\/noticias\/wp-json\/wp\/v2\/users\/3"}],"replies":[{"embeddable":true,"href":"https:\/\/franciscanos.org.br\/noticias\/wp-json\/wp\/v2\/comments?post=207682"}],"version-history":[{"count":0,"href":"https:\/\/franciscanos.org.br\/noticias\/wp-json\/wp\/v2\/posts\/207682\/revisions"}],"wp:featuredmedia":[{"embeddable":true,"href":"https:\/\/franciscanos.org.br\/noticias\/wp-json\/wp\/v2\/media\/207687"}],"wp:attachment":[{"href":"https:\/\/franciscanos.org.br\/noticias\/wp-json\/wp\/v2\/media?parent=207682"}],"wp:term":[{"taxonomy":"category","embeddable":true,"href":"https:\/\/franciscanos.org.br\/noticias\/wp-json\/wp\/v2\/categories?post=207682"},{"taxonomy":"post_tag","embeddable":true,"href":"https:\/\/franciscanos.org.br\/noticias\/wp-json\/wp\/v2\/tags?post=207682"}],"curies":[{"name":"wp","href":"https:\/\/api.w.org\/{rel}","templated":true}]}}