{"id":207630,"date":"2019-07-14T09:19:27","date_gmt":"2019-07-14T12:19:27","guid":{"rendered":"https:\/\/franciscanos.org.br\/noticias\/?p=207630"},"modified":"2020-06-05T13:43:35","modified_gmt":"2020-06-05T16:43:35","slug":"angelus-a-compaixao-e-a-chave-da-vida-crista","status":"publish","type":"post","link":"https:\/\/franciscanos.org.br\/noticias\/angelus-a-compaixao-e-a-chave-da-vida-crista.html","title":{"rendered":"Angelus: a compaix\u00e3o \u00e9 a chave da vida crist\u00e3"},"content":{"rendered":"<p><img loading=\"lazy\" class=\"alignnone wp-image-207631 size-full\" src=\"https:\/\/franciscanos.org.br\/noticias\/wp-content\/uploads\/2019\/07\/angelus_1407.jpg\" alt=\"\" width=\"890\" height=\"534\" \/><\/p>\n<p><strong>Cidade do Vaticano<\/strong> &#8211; O Papa Francisco dedicou a alocu\u00e7\u00e3o que antecede a ora\u00e7\u00e3o do Angelus \u00e0 par\u00e1bola do Bom Samaritano, proposta pela liturgia deste XV Domingo do Tempo Comum. Para Francisco, esta par\u00e1bola se tornou paradigm\u00e1tica da vida crist\u00e3: &#8220;Tornou-se o modelo de como um crist\u00e3o deve agir&#8221;, convidando os fi\u00e9is a lerem o &#8220;tesouro&#8221; contido no Evangelho de Lucas.<\/p>\n<p><strong>Quem \u00e9 o pr\u00f3ximo?<\/strong><br \/>\nNeste epis\u00f3dio, Jesus \u00e9 interrogado por um doutor da lei sobre o que \u00e9 necess\u00e1rio para herdar a vida eterna. Jesus o convida a encontrar a resposta nas Escrituras: \u201cAmar\u00e1s o Senhor, teu Deus, de todo o teu cora\u00e7\u00e3o e com toda a tua alma, e ao teu pr\u00f3ximo como a ti mesmo!\u201d. Havia, por\u00e9m, diferentes interpreta\u00e7\u00f5es sobre quem seria o \u201cpr\u00f3ximo\u201d. Ent\u00e3o Jesus responde com esta par\u00e1bola.<\/p>\n<p>O protagonista \u00e9 um samaritano, grupo na \u00e9poca desprezado pelos judeus. Portanto, n\u00e3o \u00e9 casual a escolha de um deles como personagem positivo da par\u00e1bola. Ao longo de uma estrada, o samaritano encontra um homem roubado e agredido por assaltantes. Antes dele, por aquela estrada, haviam passado um sacerdote e um levita, isto \u00e9, pessoas que se dedicavam ao culto de Deus. Mas n\u00e3o pararam. O \u00fanico que lhe presta socorro \u00e9 justamente o samaritano, &#8220;justamente quem n\u00e3o tinha f\u00e9!&#8221;.<\/p>\n<p>\u201cTamb\u00e9m n\u00f3s pensamos em tantas pessoas que conhecemos, talvez agn\u00f3sticas, que fazem o bem. Jesus escolhe como modelo algu\u00e9m que n\u00e3o era homem de f\u00e9. E este homem, amando o irm\u00e3o como a si mesmo, demonstra que ama a Deus com todo o cora\u00e7\u00e3o e com todas as for\u00e7as &#8211; o Deus que n\u00e3o conhecia! &#8211; e expressa ao mesmo tempo verdadeira religiosidade e plena humanidade\u201d, disse.<\/p>\n<p><strong>L\u00f3gica invertida<\/strong><br \/>\nDepois de contar a par\u00e1bola, Jesus se dirige novamente ao doutor da lei e lhe diz: \u201cNa tua opini\u00e3o, qual dos tr\u00eas foi o pr\u00f3ximo do homem que caiu nas m\u00e3os dos assaltantes?\u201d. Deste modo, explicou Francisco, Jesus inverte a pergunta do seu interlocutor e tamb\u00e9m a l\u00f3gica de todos n\u00f3s.<\/p>\n<p>\u201cEle nos faz entender que n\u00e3o somos n\u00f3s, com base nos nossos crit\u00e9rios, que definimos quem \u00e9 o pr\u00f3ximo e quem n\u00e3o \u00e9, mas \u00e9 a pessoa em situa\u00e7\u00e3o de necessidade que deve poder reconhecer quem \u00e9 o seu pr\u00f3ximo, isto \u00e9, quem usou de miseric\u00f3rdia para com ele&#8221;, prosseguiu o Papa, que acrescentou: \u201cSer capazes de sentir compaix\u00e3o: esta \u00e9 a chave. Esta \u00e9 a nossa chave. Se diante de uma pessoa necessitada, voc\u00ea n\u00e3o sente compaix\u00e3o, o seu cora\u00e7\u00e3o n\u00e3o se comove, significa que algo n\u00e3o funciona. Fique atento, estejamos atentos. N\u00e3o nos deixemos levar pela insensibilidade ego\u00edstica. A capacidade de compaix\u00e3o se tornou a medida do crist\u00e3o, ou melhor, do ensinamento de Jesus\u201d.<\/p>\n<p>O Pont\u00edfice fez o exemplo dos moradores de rua e de como nos comportamos diante de algu\u00e9m ca\u00eddo no ch\u00e3o. &#8220;Pergunte-se se o seu cora\u00e7\u00e3o n\u00e3o se endureceu, se n\u00e3o se tornou gelo. (&#8230;) A miseric\u00f3rdia diante de uma vida humana na situa\u00e7\u00e3o de necessidade \u00e9 a verdadeira face do amor.&#8221;<\/p>\n<p>\u201cQue a Virgem Maria nos ajude a compreender e, sobretudo, a viver sempre mais o elo indissol\u00favel que existe entre o amor a Deus, nosso Pai, e o amor concreto e generoso pelos nossos irm\u00e3os e nos d\u00ea a gra\u00e7a de ter e crescer na compaix\u00e3o\u201d.<\/p>\n<hr \/>\n<p><em>Fonte: Vatican News<\/em><\/p>\n","protected":false},"excerpt":{"rendered":"<p>Angelus<\/p>\n","protected":false},"author":3,"featured_media":207632,"comment_status":"open","ping_status":"open","sticky":false,"template":"","format":"standard","meta":[],"categories":[1428],"tags":[403],"acf":[],"yoast_head":"<!-- This site is optimized with the Yoast SEO plugin v19.2 - https:\/\/yoast.com\/wordpress\/plugins\/seo\/ -->\n<title>Angelus: a compaix\u00e3o \u00e9 a chave da vida crist\u00e3 - Not\u00edcias - Franciscanos<\/title>\n<meta name=\"robots\" content=\"index, follow, max-snippet:-1, max-image-preview:large, max-video-preview:-1\" \/>\n<link rel=\"canonical\" href=\"https:\/\/franciscanos.org.br\/noticias\/angelus-a-compaixao-e-a-chave-da-vida-crista.html\" \/>\n<meta property=\"og:locale\" content=\"pt_BR\" \/>\n<meta property=\"og:type\" content=\"article\" \/>\n<meta property=\"og:title\" content=\"Angelus: a compaix\u00e3o \u00e9 a chave da vida crist\u00e3 - Not\u00edcias - Franciscanos\" \/>\n<meta property=\"og:description\" content=\"Angelus\" \/>\n<meta property=\"og:url\" content=\"https:\/\/franciscanos.org.br\/noticias\/angelus-a-compaixao-e-a-chave-da-vida-crista.html\" \/>\n<meta property=\"og:site_name\" content=\"Not\u00edcias - Franciscanos\" \/>\n<meta property=\"article:published_time\" content=\"2019-07-14T12:19:27+00:00\" \/>\n<meta property=\"article:modified_time\" content=\"2020-06-05T16:43:35+00:00\" \/>\n<meta property=\"og:image\" content=\"https:\/\/franciscanos.org.br\/noticias\/wp-content\/uploads\/2019\/07\/angelus_1407d.jpg\" \/>\n\t<meta property=\"og:image:width\" content=\"273\" \/>\n\t<meta property=\"og:image:height\" content=\"181\" \/>\n\t<meta property=\"og:image:type\" content=\"image\/jpeg\" \/>\n<meta name=\"author\" content=\"moacir\" \/>\n<meta name=\"twitter:card\" content=\"summary_large_image\" \/>\n<meta name=\"twitter:label1\" content=\"Escrito por\" \/>\n\t<meta name=\"twitter:data1\" content=\"moacir\" \/>\n\t<meta name=\"twitter:label2\" content=\"Est. tempo de leitura\" \/>\n\t<meta name=\"twitter:data2\" content=\"3 minutos\" \/>\n<script type=\"application\/ld+json\" class=\"yoast-schema-graph\">{\"@context\":\"https:\/\/schema.org\",\"@graph\":[{\"@type\":\"WebSite\",\"@id\":\"https:\/\/franciscanos.org.br\/noticias\/#website\",\"url\":\"https:\/\/franciscanos.org.br\/noticias\/\",\"name\":\"Not\u00edcias - Franciscanos\",\"description\":\"Prov\u00edncia Franciscana da Imaculada Concei\u00e7\u00e3o do Brasil - Ordem dos Frades Menores - OFM\",\"potentialAction\":[{\"@type\":\"SearchAction\",\"target\":{\"@type\":\"EntryPoint\",\"urlTemplate\":\"https:\/\/franciscanos.org.br\/noticias\/?s={search_term_string}\"},\"query-input\":\"required name=search_term_string\"}],\"inLanguage\":\"pt-BR\"},{\"@type\":\"ImageObject\",\"inLanguage\":\"pt-BR\",\"@id\":\"https:\/\/franciscanos.org.br\/noticias\/angelus-a-compaixao-e-a-chave-da-vida-crista.html#primaryimage\",\"url\":\"https:\/\/franciscanos.org.br\/noticias\/wp-content\/uploads\/2019\/07\/angelus_1407d.jpg\",\"contentUrl\":\"https:\/\/franciscanos.org.br\/noticias\/wp-content\/uploads\/2019\/07\/angelus_1407d.jpg\",\"width\":273,\"height\":181},{\"@type\":\"WebPage\",\"@id\":\"https:\/\/franciscanos.org.br\/noticias\/angelus-a-compaixao-e-a-chave-da-vida-crista.html#webpage\",\"url\":\"https:\/\/franciscanos.org.br\/noticias\/angelus-a-compaixao-e-a-chave-da-vida-crista.html\",\"name\":\"Angelus: a compaix\u00e3o \u00e9 a chave da vida crist\u00e3 - Not\u00edcias - Franciscanos\",\"isPartOf\":{\"@id\":\"https:\/\/franciscanos.org.br\/noticias\/#website\"},\"primaryImageOfPage\":{\"@id\":\"https:\/\/franciscanos.org.br\/noticias\/angelus-a-compaixao-e-a-chave-da-vida-crista.html#primaryimage\"},\"datePublished\":\"2019-07-14T12:19:27+00:00\",\"dateModified\":\"2020-06-05T16:43:35+00:00\",\"author\":{\"@id\":\"https:\/\/franciscanos.org.br\/noticias\/#\/schema\/person\/b5c8cba458c330ccff548b056e95a5d4\"},\"breadcrumb\":{\"@id\":\"https:\/\/franciscanos.org.br\/noticias\/angelus-a-compaixao-e-a-chave-da-vida-crista.html#breadcrumb\"},\"inLanguage\":\"pt-BR\",\"potentialAction\":[{\"@type\":\"ReadAction\",\"target\":[\"https:\/\/franciscanos.org.br\/noticias\/angelus-a-compaixao-e-a-chave-da-vida-crista.html\"]}]},{\"@type\":\"BreadcrumbList\",\"@id\":\"https:\/\/franciscanos.org.br\/noticias\/angelus-a-compaixao-e-a-chave-da-vida-crista.html#breadcrumb\",\"itemListElement\":[{\"@type\":\"ListItem\",\"position\":1,\"name\":\"Home\",\"item\":\"https:\/\/franciscanos.org.br\/noticias\"},{\"@type\":\"ListItem\",\"position\":2,\"name\":\"Angelus: a compaix\u00e3o \u00e9 a chave da vida crist\u00e3\"}]},{\"@type\":\"Person\",\"@id\":\"https:\/\/franciscanos.org.br\/noticias\/#\/schema\/person\/b5c8cba458c330ccff548b056e95a5d4\",\"name\":\"moacir\",\"image\":{\"@type\":\"ImageObject\",\"inLanguage\":\"pt-BR\",\"@id\":\"https:\/\/franciscanos.org.br\/noticias\/#\/schema\/person\/image\/\",\"url\":\"https:\/\/secure.gravatar.com\/avatar\/d08aa2ce4c8dd416d4479aa8536fcf64?s=96&d=mm&r=g\",\"contentUrl\":\"https:\/\/secure.gravatar.com\/avatar\/d08aa2ce4c8dd416d4479aa8536fcf64?s=96&d=mm&r=g\",\"caption\":\"moacir\"},\"url\":\"https:\/\/franciscanos.org.br\/noticias\/author\/moacir\"}]}<\/script>\n<!-- \/ Yoast SEO plugin. -->","yoast_head_json":{"title":"Angelus: a compaix\u00e3o \u00e9 a chave da vida crist\u00e3 - Not\u00edcias - Franciscanos","robots":{"index":"index","follow":"follow","max-snippet":"max-snippet:-1","max-image-preview":"max-image-preview:large","max-video-preview":"max-video-preview:-1"},"canonical":"https:\/\/franciscanos.org.br\/noticias\/angelus-a-compaixao-e-a-chave-da-vida-crista.html","og_locale":"pt_BR","og_type":"article","og_title":"Angelus: a compaix\u00e3o \u00e9 a chave da vida crist\u00e3 - Not\u00edcias - Franciscanos","og_description":"Angelus","og_url":"https:\/\/franciscanos.org.br\/noticias\/angelus-a-compaixao-e-a-chave-da-vida-crista.html","og_site_name":"Not\u00edcias - Franciscanos","article_published_time":"2019-07-14T12:19:27+00:00","article_modified_time":"2020-06-05T16:43:35+00:00","og_image":[{"width":273,"height":181,"url":"https:\/\/franciscanos.org.br\/noticias\/wp-content\/uploads\/2019\/07\/angelus_1407d.jpg","type":"image\/jpeg"}],"author":"moacir","twitter_card":"summary_large_image","twitter_misc":{"Escrito por":"moacir","Est. tempo de leitura":"3 minutos"},"schema":{"@context":"https:\/\/schema.org","@graph":[{"@type":"WebSite","@id":"https:\/\/franciscanos.org.br\/noticias\/#website","url":"https:\/\/franciscanos.org.br\/noticias\/","name":"Not\u00edcias - Franciscanos","description":"Prov\u00edncia Franciscana da Imaculada Concei\u00e7\u00e3o do Brasil - Ordem dos Frades Menores - OFM","potentialAction":[{"@type":"SearchAction","target":{"@type":"EntryPoint","urlTemplate":"https:\/\/franciscanos.org.br\/noticias\/?s={search_term_string}"},"query-input":"required name=search_term_string"}],"inLanguage":"pt-BR"},{"@type":"ImageObject","inLanguage":"pt-BR","@id":"https:\/\/franciscanos.org.br\/noticias\/angelus-a-compaixao-e-a-chave-da-vida-crista.html#primaryimage","url":"https:\/\/franciscanos.org.br\/noticias\/wp-content\/uploads\/2019\/07\/angelus_1407d.jpg","contentUrl":"https:\/\/franciscanos.org.br\/noticias\/wp-content\/uploads\/2019\/07\/angelus_1407d.jpg","width":273,"height":181},{"@type":"WebPage","@id":"https:\/\/franciscanos.org.br\/noticias\/angelus-a-compaixao-e-a-chave-da-vida-crista.html#webpage","url":"https:\/\/franciscanos.org.br\/noticias\/angelus-a-compaixao-e-a-chave-da-vida-crista.html","name":"Angelus: a compaix\u00e3o \u00e9 a chave da vida crist\u00e3 - Not\u00edcias - Franciscanos","isPartOf":{"@id":"https:\/\/franciscanos.org.br\/noticias\/#website"},"primaryImageOfPage":{"@id":"https:\/\/franciscanos.org.br\/noticias\/angelus-a-compaixao-e-a-chave-da-vida-crista.html#primaryimage"},"datePublished":"2019-07-14T12:19:27+00:00","dateModified":"2020-06-05T16:43:35+00:00","author":{"@id":"https:\/\/franciscanos.org.br\/noticias\/#\/schema\/person\/b5c8cba458c330ccff548b056e95a5d4"},"breadcrumb":{"@id":"https:\/\/franciscanos.org.br\/noticias\/angelus-a-compaixao-e-a-chave-da-vida-crista.html#breadcrumb"},"inLanguage":"pt-BR","potentialAction":[{"@type":"ReadAction","target":["https:\/\/franciscanos.org.br\/noticias\/angelus-a-compaixao-e-a-chave-da-vida-crista.html"]}]},{"@type":"BreadcrumbList","@id":"https:\/\/franciscanos.org.br\/noticias\/angelus-a-compaixao-e-a-chave-da-vida-crista.html#breadcrumb","itemListElement":[{"@type":"ListItem","position":1,"name":"Home","item":"https:\/\/franciscanos.org.br\/noticias"},{"@type":"ListItem","position":2,"name":"Angelus: a compaix\u00e3o \u00e9 a chave da vida crist\u00e3"}]},{"@type":"Person","@id":"https:\/\/franciscanos.org.br\/noticias\/#\/schema\/person\/b5c8cba458c330ccff548b056e95a5d4","name":"moacir","image":{"@type":"ImageObject","inLanguage":"pt-BR","@id":"https:\/\/franciscanos.org.br\/noticias\/#\/schema\/person\/image\/","url":"https:\/\/secure.gravatar.com\/avatar\/d08aa2ce4c8dd416d4479aa8536fcf64?s=96&d=mm&r=g","contentUrl":"https:\/\/secure.gravatar.com\/avatar\/d08aa2ce4c8dd416d4479aa8536fcf64?s=96&d=mm&r=g","caption":"moacir"},"url":"https:\/\/franciscanos.org.br\/noticias\/author\/moacir"}]}},"_links":{"self":[{"href":"https:\/\/franciscanos.org.br\/noticias\/wp-json\/wp\/v2\/posts\/207630"}],"collection":[{"href":"https:\/\/franciscanos.org.br\/noticias\/wp-json\/wp\/v2\/posts"}],"about":[{"href":"https:\/\/franciscanos.org.br\/noticias\/wp-json\/wp\/v2\/types\/post"}],"author":[{"embeddable":true,"href":"https:\/\/franciscanos.org.br\/noticias\/wp-json\/wp\/v2\/users\/3"}],"replies":[{"embeddable":true,"href":"https:\/\/franciscanos.org.br\/noticias\/wp-json\/wp\/v2\/comments?post=207630"}],"version-history":[{"count":1,"href":"https:\/\/franciscanos.org.br\/noticias\/wp-json\/wp\/v2\/posts\/207630\/revisions"}],"predecessor-version":[{"id":224261,"href":"https:\/\/franciscanos.org.br\/noticias\/wp-json\/wp\/v2\/posts\/207630\/revisions\/224261"}],"wp:featuredmedia":[{"embeddable":true,"href":"https:\/\/franciscanos.org.br\/noticias\/wp-json\/wp\/v2\/media\/207632"}],"wp:attachment":[{"href":"https:\/\/franciscanos.org.br\/noticias\/wp-json\/wp\/v2\/media?parent=207630"}],"wp:term":[{"taxonomy":"category","embeddable":true,"href":"https:\/\/franciscanos.org.br\/noticias\/wp-json\/wp\/v2\/categories?post=207630"},{"taxonomy":"post_tag","embeddable":true,"href":"https:\/\/franciscanos.org.br\/noticias\/wp-json\/wp\/v2\/tags?post=207630"}],"curies":[{"name":"wp","href":"https:\/\/api.w.org\/{rel}","templated":true}]}}