{"id":207606,"date":"2019-07-12T13:41:50","date_gmt":"2019-07-12T16:41:50","guid":{"rendered":"https:\/\/franciscanos.org.br\/noticias\/?p=207606"},"modified":"2019-07-14T07:51:11","modified_gmt":"2019-07-14T10:51:11","slug":"irma-maria-ines-e-reeleita-presidente-da-conferencia-dos-religiosos-do-brasil","status":"publish","type":"post","link":"https:\/\/franciscanos.org.br\/noticias\/irma-maria-ines-e-reeleita-presidente-da-conferencia-dos-religiosos-do-brasil.html","title":{"rendered":"Irm\u00e3 Maria In\u00eas \u00e9 reeleita presidente da Confer\u00eancia dos Religiosos do Brasil"},"content":{"rendered":"<p><img loading=\"lazy\" class=\"wp-image-207607 size-full alignleft\" src=\"https:\/\/franciscanos.org.br\/noticias\/wp-content\/uploads\/2019\/07\/crb_130719.jpg\" alt=\"\" width=\"890\" height=\"400\" srcset=\"https:\/\/franciscanos.org.br\/noticias\/wp-content\/uploads\/2019\/07\/crb_130719.jpg 890w, https:\/\/franciscanos.org.br\/noticias\/wp-content\/uploads\/2019\/07\/crb_130719-450x202.jpg 450w, https:\/\/franciscanos.org.br\/noticias\/wp-content\/uploads\/2019\/07\/crb_130719-768x345.jpg 768w, https:\/\/franciscanos.org.br\/noticias\/wp-content\/uploads\/2019\/07\/crb_130719-150x67.jpg 150w\" sizes=\"(max-width: 890px) 100vw, 890px\" \/><br \/>\nA Confer\u00eancia dos Religiosos do Brasil (CRB) reelegeu, no final da tarde de quinta feira (11\/07), em Assembleia Geral, a religiosa da Congrega\u00e7\u00e3o das Mensageiras do Amor Divino, Irm\u00e3 Maria In\u00eas Vieira Ribeiro,\u00a0 como presidente da CRB para o tri\u00eanio 2019-2022.<\/p>\n<p>Convidada a responder se aceitava assumir essa miss\u00e3o, Ir. Maria In\u00eas agradeceu pela confian\u00e7a: \u201cEu tenho certeza que Deus me pediu esse servi\u00e7o e preparou o caminho, na comunh\u00e3o com os consagrados e consagradas. Em janeiro, fiz um retiro para fazer o discernimento, porque percebia, pela caminhada, que Deus ia me pedir mais servi\u00e7o \u00e0 Vida Consagrada. E\u00a0 me lembro das palavras do orientador, que me disse: \u2018N\u00e3o fa\u00e7a nada para ficar, n\u00e3o fa\u00e7a nada para sair. Esteja nas m\u00e3os de Deus\u2019. Ent\u00e3o, Ele me preparou\u201d.<\/p>\n<p>Ela tamb\u00e9m mencionou que, nesta nova gest\u00e3o, vai dedicar-se mais \u00e0 quest\u00e3o da Amaz\u00f4nia e \u00e0 identidade dos presb\u00edteros religiosos para que &#8220;tenhamos uma vida consagrada, masculina e feminina, de acordo com o Esp\u00edrito de Jesus&#8221;. Segundo ela, outra coisa que est\u00e1 muito no &#8220;meu cora\u00e7\u00e3o&#8221; \u00e9 a quest\u00e3o do abuso sexual na Igreja, o abuso de menores, o tr\u00e1fico humano e a quest\u00e3o das pol\u00edticas p\u00fablicas, a nossa inser\u00e7\u00e3o, para que possamos amparar os pobres e os pequenos, dado que, como j\u00e1 vimos na aprova\u00e7\u00e3o da Previd\u00eancia, nosso trabalho como Igreja, como crist\u00e3os \u00e9 ainda maior&#8221;, disse.<\/p>\n<p>E concluiu: &#8220;Vamos nos unir! Eu confio na gra\u00e7a de Deus e digo, diante de Deus, da Divina e Trina ternura, da Trindade Santa, e da minha M\u00e3ezinha, meu sim\u201d, proferiu a religiosa&#8221;.<\/p>\n<p>Irm\u00e3 Maria In\u00eas foi eleita, em 2013, vice-presidente da CRB. Em junho de 2014, assumiu o cargo de presidente como substituta do irm\u00e3o Paulo Petry, que fora eleito conselheiro geral para a Regi\u00e3o Latino-americana e Caribenha da Congrega\u00e7\u00e3o dos Irm\u00e3os das Escolas Crist\u00e3s (Lassalistas). Agora, seguir\u00e1 no mandato at\u00e9 2019.<\/p>\n<p><em>Com informa\u00e7\u00f5es do site da CRB.<\/em><\/p>\n","protected":false},"excerpt":{"rendered":"<p>Irm\u00e3 Maria In\u00eas \u00e9 reeleita presidente da Confer\u00eancia dos Religiosos do Brasil<\/p>\n","protected":false},"author":5,"featured_media":207608,"comment_status":"open","ping_status":"open","sticky":false,"template":"","format":"standard","meta":[],"categories":[1],"tags":[400],"acf":[],"yoast_head":"<!-- This site is optimized with the Yoast SEO plugin v19.2 - https:\/\/yoast.com\/wordpress\/plugins\/seo\/ -->\n<title>Irm\u00e3 Maria In\u00eas \u00e9 reeleita presidente da Confer\u00eancia dos Religiosos do Brasil - Not\u00edcias - Franciscanos<\/title>\n<meta name=\"robots\" content=\"index, follow, max-snippet:-1, max-image-preview:large, max-video-preview:-1\" \/>\n<link rel=\"canonical\" href=\"https:\/\/franciscanos.org.br\/noticias\/irma-maria-ines-e-reeleita-presidente-da-conferencia-dos-religiosos-do-brasil.html\" \/>\n<meta property=\"og:locale\" content=\"pt_BR\" \/>\n<meta property=\"og:type\" content=\"article\" \/>\n<meta property=\"og:title\" content=\"Irm\u00e3 Maria In\u00eas \u00e9 reeleita presidente da Confer\u00eancia dos Religiosos do Brasil - Not\u00edcias - Franciscanos\" \/>\n<meta property=\"og:description\" content=\"Irm\u00e3 Maria In\u00eas \u00e9 reeleita presidente da Confer\u00eancia dos Religiosos do Brasil\" \/>\n<meta property=\"og:url\" content=\"https:\/\/franciscanos.org.br\/noticias\/irma-maria-ines-e-reeleita-presidente-da-conferencia-dos-religiosos-do-brasil.html\" \/>\n<meta property=\"og:site_name\" content=\"Not\u00edcias - Franciscanos\" \/>\n<meta property=\"article:published_time\" content=\"2019-07-12T16:41:50+00:00\" \/>\n<meta property=\"article:modified_time\" content=\"2019-07-14T10:51:11+00:00\" \/>\n<meta property=\"og:image\" content=\"https:\/\/franciscanos.org.br\/noticias\/wp-content\/uploads\/2019\/07\/crb_130719_1.jpg\" \/>\n\t<meta property=\"og:image:width\" content=\"273\" \/>\n\t<meta property=\"og:image:height\" content=\"181\" \/>\n\t<meta property=\"og:image:type\" content=\"image\/jpeg\" \/>\n<meta name=\"author\" content=\"freiaugusto\" \/>\n<meta name=\"twitter:card\" content=\"summary_large_image\" \/>\n<meta name=\"twitter:label1\" content=\"Escrito por\" \/>\n\t<meta name=\"twitter:data1\" content=\"freiaugusto\" \/>\n\t<meta name=\"twitter:label2\" content=\"Est. tempo de leitura\" \/>\n\t<meta name=\"twitter:data2\" content=\"2 minutos\" \/>\n<script type=\"application\/ld+json\" class=\"yoast-schema-graph\">{\"@context\":\"https:\/\/schema.org\",\"@graph\":[{\"@type\":\"WebSite\",\"@id\":\"https:\/\/franciscanos.org.br\/noticias\/#website\",\"url\":\"https:\/\/franciscanos.org.br\/noticias\/\",\"name\":\"Not\u00edcias - Franciscanos\",\"description\":\"Prov\u00edncia Franciscana da Imaculada Concei\u00e7\u00e3o do Brasil - Ordem dos Frades Menores - OFM\",\"potentialAction\":[{\"@type\":\"SearchAction\",\"target\":{\"@type\":\"EntryPoint\",\"urlTemplate\":\"https:\/\/franciscanos.org.br\/noticias\/?s={search_term_string}\"},\"query-input\":\"required name=search_term_string\"}],\"inLanguage\":\"pt-BR\"},{\"@type\":\"ImageObject\",\"inLanguage\":\"pt-BR\",\"@id\":\"https:\/\/franciscanos.org.br\/noticias\/irma-maria-ines-e-reeleita-presidente-da-conferencia-dos-religiosos-do-brasil.html#primaryimage\",\"url\":\"https:\/\/franciscanos.org.br\/noticias\/wp-content\/uploads\/2019\/07\/crb_130719_1.jpg\",\"contentUrl\":\"https:\/\/franciscanos.org.br\/noticias\/wp-content\/uploads\/2019\/07\/crb_130719_1.jpg\",\"width\":273,\"height\":181},{\"@type\":\"WebPage\",\"@id\":\"https:\/\/franciscanos.org.br\/noticias\/irma-maria-ines-e-reeleita-presidente-da-conferencia-dos-religiosos-do-brasil.html#webpage\",\"url\":\"https:\/\/franciscanos.org.br\/noticias\/irma-maria-ines-e-reeleita-presidente-da-conferencia-dos-religiosos-do-brasil.html\",\"name\":\"Irm\u00e3 Maria In\u00eas \u00e9 reeleita presidente da Confer\u00eancia dos Religiosos do Brasil - Not\u00edcias - Franciscanos\",\"isPartOf\":{\"@id\":\"https:\/\/franciscanos.org.br\/noticias\/#website\"},\"primaryImageOfPage\":{\"@id\":\"https:\/\/franciscanos.org.br\/noticias\/irma-maria-ines-e-reeleita-presidente-da-conferencia-dos-religiosos-do-brasil.html#primaryimage\"},\"datePublished\":\"2019-07-12T16:41:50+00:00\",\"dateModified\":\"2019-07-14T10:51:11+00:00\",\"author\":{\"@id\":\"https:\/\/franciscanos.org.br\/noticias\/#\/schema\/person\/37f88f0d111cd5358b12a6556a99eb91\"},\"breadcrumb\":{\"@id\":\"https:\/\/franciscanos.org.br\/noticias\/irma-maria-ines-e-reeleita-presidente-da-conferencia-dos-religiosos-do-brasil.html#breadcrumb\"},\"inLanguage\":\"pt-BR\",\"potentialAction\":[{\"@type\":\"ReadAction\",\"target\":[\"https:\/\/franciscanos.org.br\/noticias\/irma-maria-ines-e-reeleita-presidente-da-conferencia-dos-religiosos-do-brasil.html\"]}]},{\"@type\":\"BreadcrumbList\",\"@id\":\"https:\/\/franciscanos.org.br\/noticias\/irma-maria-ines-e-reeleita-presidente-da-conferencia-dos-religiosos-do-brasil.html#breadcrumb\",\"itemListElement\":[{\"@type\":\"ListItem\",\"position\":1,\"name\":\"Home\",\"item\":\"https:\/\/franciscanos.org.br\/noticias\"},{\"@type\":\"ListItem\",\"position\":2,\"name\":\"Irm\u00e3 Maria In\u00eas \u00e9 reeleita presidente da Confer\u00eancia dos Religiosos do Brasil\"}]},{\"@type\":\"Person\",\"@id\":\"https:\/\/franciscanos.org.br\/noticias\/#\/schema\/person\/37f88f0d111cd5358b12a6556a99eb91\",\"name\":\"freiaugusto\",\"image\":{\"@type\":\"ImageObject\",\"inLanguage\":\"pt-BR\",\"@id\":\"https:\/\/franciscanos.org.br\/noticias\/#\/schema\/person\/image\/\",\"url\":\"https:\/\/secure.gravatar.com\/avatar\/9840b940e621801b24f3e6b059efb4b7?s=96&d=mm&r=g\",\"contentUrl\":\"https:\/\/secure.gravatar.com\/avatar\/9840b940e621801b24f3e6b059efb4b7?s=96&d=mm&r=g\",\"caption\":\"freiaugusto\"},\"url\":\"https:\/\/franciscanos.org.br\/noticias\/author\/freiaugusto\"}]}<\/script>\n<!-- \/ Yoast SEO plugin. -->","yoast_head_json":{"title":"Irm\u00e3 Maria In\u00eas \u00e9 reeleita presidente da Confer\u00eancia dos Religiosos do Brasil - Not\u00edcias - Franciscanos","robots":{"index":"index","follow":"follow","max-snippet":"max-snippet:-1","max-image-preview":"max-image-preview:large","max-video-preview":"max-video-preview:-1"},"canonical":"https:\/\/franciscanos.org.br\/noticias\/irma-maria-ines-e-reeleita-presidente-da-conferencia-dos-religiosos-do-brasil.html","og_locale":"pt_BR","og_type":"article","og_title":"Irm\u00e3 Maria In\u00eas \u00e9 reeleita presidente da Confer\u00eancia dos Religiosos do Brasil - Not\u00edcias - Franciscanos","og_description":"Irm\u00e3 Maria In\u00eas \u00e9 reeleita presidente da Confer\u00eancia dos Religiosos do Brasil","og_url":"https:\/\/franciscanos.org.br\/noticias\/irma-maria-ines-e-reeleita-presidente-da-conferencia-dos-religiosos-do-brasil.html","og_site_name":"Not\u00edcias - Franciscanos","article_published_time":"2019-07-12T16:41:50+00:00","article_modified_time":"2019-07-14T10:51:11+00:00","og_image":[{"width":273,"height":181,"url":"https:\/\/franciscanos.org.br\/noticias\/wp-content\/uploads\/2019\/07\/crb_130719_1.jpg","type":"image\/jpeg"}],"author":"freiaugusto","twitter_card":"summary_large_image","twitter_misc":{"Escrito por":"freiaugusto","Est. tempo de leitura":"2 minutos"},"schema":{"@context":"https:\/\/schema.org","@graph":[{"@type":"WebSite","@id":"https:\/\/franciscanos.org.br\/noticias\/#website","url":"https:\/\/franciscanos.org.br\/noticias\/","name":"Not\u00edcias - Franciscanos","description":"Prov\u00edncia Franciscana da Imaculada Concei\u00e7\u00e3o do Brasil - Ordem dos Frades Menores - OFM","potentialAction":[{"@type":"SearchAction","target":{"@type":"EntryPoint","urlTemplate":"https:\/\/franciscanos.org.br\/noticias\/?s={search_term_string}"},"query-input":"required name=search_term_string"}],"inLanguage":"pt-BR"},{"@type":"ImageObject","inLanguage":"pt-BR","@id":"https:\/\/franciscanos.org.br\/noticias\/irma-maria-ines-e-reeleita-presidente-da-conferencia-dos-religiosos-do-brasil.html#primaryimage","url":"https:\/\/franciscanos.org.br\/noticias\/wp-content\/uploads\/2019\/07\/crb_130719_1.jpg","contentUrl":"https:\/\/franciscanos.org.br\/noticias\/wp-content\/uploads\/2019\/07\/crb_130719_1.jpg","width":273,"height":181},{"@type":"WebPage","@id":"https:\/\/franciscanos.org.br\/noticias\/irma-maria-ines-e-reeleita-presidente-da-conferencia-dos-religiosos-do-brasil.html#webpage","url":"https:\/\/franciscanos.org.br\/noticias\/irma-maria-ines-e-reeleita-presidente-da-conferencia-dos-religiosos-do-brasil.html","name":"Irm\u00e3 Maria In\u00eas \u00e9 reeleita presidente da Confer\u00eancia dos Religiosos do Brasil - Not\u00edcias - Franciscanos","isPartOf":{"@id":"https:\/\/franciscanos.org.br\/noticias\/#website"},"primaryImageOfPage":{"@id":"https:\/\/franciscanos.org.br\/noticias\/irma-maria-ines-e-reeleita-presidente-da-conferencia-dos-religiosos-do-brasil.html#primaryimage"},"datePublished":"2019-07-12T16:41:50+00:00","dateModified":"2019-07-14T10:51:11+00:00","author":{"@id":"https:\/\/franciscanos.org.br\/noticias\/#\/schema\/person\/37f88f0d111cd5358b12a6556a99eb91"},"breadcrumb":{"@id":"https:\/\/franciscanos.org.br\/noticias\/irma-maria-ines-e-reeleita-presidente-da-conferencia-dos-religiosos-do-brasil.html#breadcrumb"},"inLanguage":"pt-BR","potentialAction":[{"@type":"ReadAction","target":["https:\/\/franciscanos.org.br\/noticias\/irma-maria-ines-e-reeleita-presidente-da-conferencia-dos-religiosos-do-brasil.html"]}]},{"@type":"BreadcrumbList","@id":"https:\/\/franciscanos.org.br\/noticias\/irma-maria-ines-e-reeleita-presidente-da-conferencia-dos-religiosos-do-brasil.html#breadcrumb","itemListElement":[{"@type":"ListItem","position":1,"name":"Home","item":"https:\/\/franciscanos.org.br\/noticias"},{"@type":"ListItem","position":2,"name":"Irm\u00e3 Maria In\u00eas \u00e9 reeleita presidente da Confer\u00eancia dos Religiosos do Brasil"}]},{"@type":"Person","@id":"https:\/\/franciscanos.org.br\/noticias\/#\/schema\/person\/37f88f0d111cd5358b12a6556a99eb91","name":"freiaugusto","image":{"@type":"ImageObject","inLanguage":"pt-BR","@id":"https:\/\/franciscanos.org.br\/noticias\/#\/schema\/person\/image\/","url":"https:\/\/secure.gravatar.com\/avatar\/9840b940e621801b24f3e6b059efb4b7?s=96&d=mm&r=g","contentUrl":"https:\/\/secure.gravatar.com\/avatar\/9840b940e621801b24f3e6b059efb4b7?s=96&d=mm&r=g","caption":"freiaugusto"},"url":"https:\/\/franciscanos.org.br\/noticias\/author\/freiaugusto"}]}},"_links":{"self":[{"href":"https:\/\/franciscanos.org.br\/noticias\/wp-json\/wp\/v2\/posts\/207606"}],"collection":[{"href":"https:\/\/franciscanos.org.br\/noticias\/wp-json\/wp\/v2\/posts"}],"about":[{"href":"https:\/\/franciscanos.org.br\/noticias\/wp-json\/wp\/v2\/types\/post"}],"author":[{"embeddable":true,"href":"https:\/\/franciscanos.org.br\/noticias\/wp-json\/wp\/v2\/users\/5"}],"replies":[{"embeddable":true,"href":"https:\/\/franciscanos.org.br\/noticias\/wp-json\/wp\/v2\/comments?post=207606"}],"version-history":[{"count":0,"href":"https:\/\/franciscanos.org.br\/noticias\/wp-json\/wp\/v2\/posts\/207606\/revisions"}],"wp:featuredmedia":[{"embeddable":true,"href":"https:\/\/franciscanos.org.br\/noticias\/wp-json\/wp\/v2\/media\/207608"}],"wp:attachment":[{"href":"https:\/\/franciscanos.org.br\/noticias\/wp-json\/wp\/v2\/media?parent=207606"}],"wp:term":[{"taxonomy":"category","embeddable":true,"href":"https:\/\/franciscanos.org.br\/noticias\/wp-json\/wp\/v2\/categories?post=207606"},{"taxonomy":"post_tag","embeddable":true,"href":"https:\/\/franciscanos.org.br\/noticias\/wp-json\/wp\/v2\/tags?post=207606"}],"curies":[{"name":"wp","href":"https:\/\/api.w.org\/{rel}","templated":true}]}}