{"id":207564,"date":"2019-07-13T12:01:01","date_gmt":"2019-07-13T15:01:01","guid":{"rendered":"https:\/\/franciscanos.org.br\/noticias\/?p=207564"},"modified":"2023-01-09T10:49:18","modified_gmt":"2023-01-09T13:49:18","slug":"frei-policarpo-berri-comemora-95-anos","status":"publish","type":"post","link":"https:\/\/franciscanos.org.br\/noticias\/frei-policarpo-berri-comemora-95-anos.html","title":{"rendered":"Frei Policarpo Berri celebra 95 anos"},"content":{"rendered":"<p><img loading=\"lazy\" class=\"alignnone wp-image-207567 size-full\" src=\"https:\/\/franciscanos.org.br\/noticias\/wp-content\/uploads\/2019\/07\/freipolicarpo_130719_1.jpg\" alt=\"\" width=\"890\" height=\"500\" srcset=\"https:\/\/franciscanos.org.br\/noticias\/wp-content\/uploads\/2019\/07\/freipolicarpo_130719_1.jpg 890w, https:\/\/franciscanos.org.br\/noticias\/wp-content\/uploads\/2019\/07\/freipolicarpo_130719_1-450x253.jpg 450w, https:\/\/franciscanos.org.br\/noticias\/wp-content\/uploads\/2019\/07\/freipolicarpo_130719_1-768x431.jpg 768w, https:\/\/franciscanos.org.br\/noticias\/wp-content\/uploads\/2019\/07\/freipolicarpo_130719_1-150x84.jpg 150w\" sizes=\"(max-width: 890px) 100vw, 890px\" \/><\/p>\n<p><strong>Pato Branco (PR) &#8211;<\/strong> Neste s\u00e1bado (13\/07), a Fraternidade Franciscana S\u00e3o Pedro Ap\u00f3stolo de Pato Branco (PR), est\u00e1 em clima de festa. Frei Policarpo Berri, religioso franciscano que h\u00e1 mais de 60 anos atua no Sudoeste do Paran\u00e1, dedicando-se diariamente \u00e0 comunidade do munic\u00edpio e regi\u00e3o, da qual tem um imenso carinho pelo religioso, comemora seus 95 anos de idade.<\/p>\n<p><strong>HIST\u00d3RICO<\/strong><\/p>\n<div id=\"attachment_207572\" style=\"width: 319px\" class=\"wp-caption alignright\"><img aria-describedby=\"caption-attachment-207572\" loading=\"lazy\" class=\"wp-image-207572 size-medium\" src=\"https:\/\/franciscanos.org.br\/noticias\/wp-content\/uploads\/2019\/07\/freipolicarpo_130719_2-309x450.jpg\" alt=\"\" width=\"309\" height=\"450\" srcset=\"https:\/\/franciscanos.org.br\/noticias\/wp-content\/uploads\/2019\/07\/freipolicarpo_130719_2-309x450.jpg 309w, https:\/\/franciscanos.org.br\/noticias\/wp-content\/uploads\/2019\/07\/freipolicarpo_130719_2-150x219.jpg 150w, https:\/\/franciscanos.org.br\/noticias\/wp-content\/uploads\/2019\/07\/freipolicarpo_130719_2.jpg 343w\" sizes=\"(max-width: 309px) 100vw, 309px\" \/><p id=\"caption-attachment-207572\" class=\"wp-caption-text\">Frei Policarpo no dia da sua ordena\u00e7\u00e3o em 25-06-1950<\/p><\/div>\n<p>Frei Policarpo \u00e9 natural de Rodeio, Santa Catarina. Nasceu no dia 13 de julho de 1924. Iniciou seus estudos no Semin\u00e1rio de Rio Negro, no Paran\u00e1, aos 11 anos. In\u00e1cio, seu nome de batismo, tornou-se novi\u00e7o aos 19 anos, em sua cidade natal, ingressando na Ordem dos Frades Menores no dia 20 de dezembro de 1943. Em seguida, estudou Filosofia em Curitiba (PR) e Teologia em Petr\u00f3polis (RJ). Fez a Profiss\u00e3o Solene no dia 21 de dezembro de 1947 e foi ordenado sacerdote no dia 25 de julho de 1950, passando a ser chamado de Frei Policarpo.<\/p>\n<p>O frade \u00e9 um dos 11 filhos de Mel\u00e2nia e F\u00e9lix Berri. Depois de uma breve passagem pela cidade de Niter\u00f3i, no Rio de Janeiro, foi transferido para a cidade de Francisco Beltr\u00e3o (PR). E depois, com 32 anos de idade, em 1956, mudou-se para Pato Branco, onde permanece at\u00e9 hoje.<\/p>\n<p><strong>\u201cFREI POLICARPO, UMA B\u00caN\u00c7\u00c3O PARA PATO BRANCO\u201d<\/strong><\/p>\n<p>Segundo a Associa\u00e7\u00e3o de Letras e Artes de Pato Branco, Frei Policarpo \u00e9 um agraciado pela abund\u00e2ncia da gra\u00e7a divina e genialidade intelectual no mundo da m\u00fasica. \u201cAnda pelas ruas da cidade irradiando amor e humildade, gosta dos animais, de pedir que as pragas deixem as planta\u00e7\u00f5es. \u00c9 um Francisco de Assis nas ruas de Pato Branco\u201d.<\/p>\n<p>O \u00f3rg\u00e3o de tubos da Igreja Matriz, um dos poucos no Brasil, a R\u00e1dio Colm\u00e9ia, a TV Sudoeste, s\u00e3o frutos materiais desse servo de Deus que diz: &#8220;N\u00e3o se pode ficar pensando, \u00e9 preciso agir r\u00e1pido, \u00e9 preciso ir buscar.\u201d<\/p>\n<p>\u201cPato Branco deve a esse homem n\u00e3o s\u00f3 os caminhos da F\u00e9, mas tamb\u00e9m os do Progresso. Benditas as m\u00e3os que sabem distribuir gratuitamente a B\u00ean\u00e7\u00e3o de Deus, que sabem acalmar e curar as feridas do corpo e da alma. Aben\u00e7oado o homem que se levanta de madrugada, caminha pelas ruas, distribuindo bondade, amor e f\u00e9, visitando os hospitais. Com certeza, os nossos m\u00e9dicos presenciaram curas que n\u00e3o conseguiram explicar. Como bem disse um obstetra de Pato Branco: &#8220;Isto \u00e9 inexplic\u00e1vel!&#8221;. Frei Policarpo ,uma b\u00ean\u00e7\u00e3o para Pato Branco\u201d.<\/p>\n<p><strong>UM EMPREENDEDOR<\/strong><\/p>\n<p><img loading=\"lazy\" class=\"size-medium wp-image-207592 alignleft\" src=\"https:\/\/franciscanos.org.br\/noticias\/wp-content\/uploads\/2019\/07\/freipolicarpo_130719_8-e1563029881759-240x450.jpg\" alt=\"\" width=\"240\" height=\"450\" srcset=\"https:\/\/franciscanos.org.br\/noticias\/wp-content\/uploads\/2019\/07\/freipolicarpo_130719_8-e1563029881759-240x450.jpg 240w, https:\/\/franciscanos.org.br\/noticias\/wp-content\/uploads\/2019\/07\/freipolicarpo_130719_8-e1563029881759-547x1024.jpg 547w, https:\/\/franciscanos.org.br\/noticias\/wp-content\/uploads\/2019\/07\/freipolicarpo_130719_8-e1563029881759-150x281.jpg 150w, https:\/\/franciscanos.org.br\/noticias\/wp-content\/uploads\/2019\/07\/freipolicarpo_130719_8-e1563029881759.jpg 577w\" sizes=\"(max-width: 240px) 100vw, 240px\" \/>Policarpo foi tamb\u00e9m um dos idealizadores da Rede Celinauta de Comunica\u00e7\u00e3o, e batalhou pela aquisi\u00e7\u00e3o da r\u00e1dio FM e pela concess\u00e3o do canal de televis\u00e3o da rede. Com sua participa\u00e7\u00e3o, hoje a rede Celinauta \u00e9 o maior grupo de comunica\u00e7\u00e3o sob coordena\u00e7\u00e3o franciscana no pa\u00eds, e \u00e9 composta pelas r\u00e1dios Celinauta AM e Movimento FM e pela TV Sudoeste.<\/p>\n<p><strong>AMIGOS DO BEM<\/strong><\/p>\n<p>Conhecido por suas caminhadas di\u00e1rias pelas ruas de Pato Branco, o padre, que h\u00e1 63 anos reside no munic\u00edpio, criou v\u00ednculos sinceros de amizade e, nos seus quase 70 anos de sacerd\u00f3cio, atraiu in\u00fameros fi\u00e9is, que v\u00eam de outras regi\u00f5es somente para receber sua ben\u00e7\u00e3o.<\/p>\n<p>Como prova de que o religioso encontrou em Pato Branco um lar para viver e do qual se sente pertencente, ele recebe muitos agrados de seus amigos. Um exemplo, \u00e9 sua amizade com Marin\u00eas Bertani, fiel que h\u00e1 mais de 20 anos comemora junto com Policarpo seus anivers\u00e1rios. A amiga contou que at\u00e9 2013 o presenteava com um bolo, a partir de seu 90\u00ba anivers\u00e1rio, a comemora\u00e7\u00e3o aumentou e passou a ser uma almo\u00e7o entre amigos.<\/p>\n<p>Segundo Marin\u00eas, o amigo faz parte da fam\u00edlia desde sua chegada em Pato Branco. \u201cN\u00f3s o consideramos da fam\u00edlia. Ele tocou \u00f3rg\u00e3o no meu casamento e no da minha irm\u00e3, fez o casamento do meu irm\u00e3o e do meu filho. Policarpo tamb\u00e9m foi professor das minhas irm\u00e3s onde dava aula de m\u00fasica. Ent\u00e3o a gente sempre teve um contato muito grande\u201d, lembra.<\/p>\n<p><strong>FIGURA CONHECIDA <\/strong><\/p>\n<p><img loading=\"lazy\" class=\"size-medium wp-image-207587 alignright\" src=\"https:\/\/franciscanos.org.br\/noticias\/wp-content\/uploads\/2019\/07\/freipolicarpo_130719_6-e1563029711521-273x450.jpg\" alt=\"\" width=\"273\" height=\"450\" srcset=\"https:\/\/franciscanos.org.br\/noticias\/wp-content\/uploads\/2019\/07\/freipolicarpo_130719_6-e1563029711521-273x450.jpg 273w, https:\/\/franciscanos.org.br\/noticias\/wp-content\/uploads\/2019\/07\/freipolicarpo_130719_6-e1563029711521-150x247.jpg 150w, https:\/\/franciscanos.org.br\/noticias\/wp-content\/uploads\/2019\/07\/freipolicarpo_130719_6-e1563029711521.jpg 475w\" sizes=\"(max-width: 273px) 100vw, 273px\" \/>O P\u00e1roco, Frei Alex Sandro Ciarnoski, que chegou na Par\u00f3quia no inicio do ano, destaca que j\u00e1 conhecia Policarpo e sua famosa trajet\u00f3ria como evangelizador. Para Frei Alex, trabalhar com o Frei Policarpo \u00e9 motivo de alegria e desafios di\u00e1rios, pois segundo ele, conviver com uma pessoa que vive santamente \u00e9 uma responsabilidade. \u201cEle desperta em n\u00f3s o desejo de ter uma grande dedica\u00e7\u00e3o \u00e0 comunidade e ao povo de Deus. Conviver com ele \u00e9 muito gratificante, pois \u00e9 um homem extremamente fraterno. Uma pessoa de bem com a vida\u201d.<\/p>\n<p>\u201cIsso nos provoca a fazer nosso caminho de tal maneira para que quando chegarmos numa idade avan\u00e7ada poder olhar para aquilo que se passou e ter tamb\u00e9m essa sensa\u00e7\u00e3o que S\u00e3o Paulo diz: combati o bom combate, cumpri a minha tarefa\u201d, reflete o frade e acrescenta que Frei Policarpo \u201cainda tem muito por contribuir e por dar a nossa comunidade com sua presen\u00e7a\u201d.<\/p>\n<p>De acordo com frei Alex, \u00e9 percept\u00edvel a import\u00e2ncia do amigo, para os pato-branquenses. \u201cNas comunidades e nas celebra\u00e7\u00f5es por onde passamos, muitos pedem por ele. Alguns fi\u00e9is at\u00e9 nos d\u00e3o papeis com pedidos de b\u00ean\u00e7\u00e3o, de ora\u00e7\u00e3o e intercess\u00e3o, para entregar ao frei\u201d.<\/p>\n<p>Na \u00faltima sexta-feira (12\/07), em entrevista ao Di\u00e1rio Sudoeste, Frei Policarpo disse estar muito feliz em poder completar seus 95 anos no munic\u00edpio que muito bem lhe acolheu.<\/p>\n<p><strong>FREI POLICARPO ABEN\u00c7OA IN\u00cdCIO DE VOOS COMERCIAIS EM PATO BRANCO<\/strong><\/p>\n<p><strong><img loading=\"lazy\" class=\"size-medium wp-image-207589 alignleft\" src=\"https:\/\/franciscanos.org.br\/noticias\/wp-content\/uploads\/2019\/07\/freipolicarpo_130719_7-450x300.jpg\" alt=\"\" width=\"450\" height=\"300\" srcset=\"https:\/\/franciscanos.org.br\/noticias\/wp-content\/uploads\/2019\/07\/freipolicarpo_130719_7-450x300.jpg 450w, https:\/\/franciscanos.org.br\/noticias\/wp-content\/uploads\/2019\/07\/freipolicarpo_130719_7-768x512.jpg 768w, https:\/\/franciscanos.org.br\/noticias\/wp-content\/uploads\/2019\/07\/freipolicarpo_130719_7-1024x682.jpg 1024w, https:\/\/franciscanos.org.br\/noticias\/wp-content\/uploads\/2019\/07\/freipolicarpo_130719_7-150x100.jpg 150w, https:\/\/franciscanos.org.br\/noticias\/wp-content\/uploads\/2019\/07\/freipolicarpo_130719_7-1200x800.jpg 1200w, https:\/\/franciscanos.org.br\/noticias\/wp-content\/uploads\/2019\/07\/freipolicarpo_130719_7.jpg 1600w\" sizes=\"(max-width: 450px) 100vw, 450px\" \/><\/strong><\/p>\n<p>Frei Policarpo Berri aben\u00e7oou a inaugura\u00e7\u00e3o da linha a\u00e9rea da empresa Azul, que faz o trecho entre Pato Branco e Curitiba, na inaugura\u00e7\u00e3o do aeroporto de Pato Branco. O primeiro voo ocorreu no dia 10 de janeiro deste ano. Frei Policarpo tamb\u00e9m era convidado para a primeira viagem, mas por conta da sa\u00fade fr\u00e1gil, n\u00e3o pode participar. A opera\u00e7\u00e3o de voos comerciais saindo de Pato Branco era bastante aguardada pela popula\u00e7\u00e3o. Fotos: Assessoria de Comunica\u00e7\u00e3o da Prefeitura de Pato Branco.<\/p>\n<p><strong>FREI POLICARPO ABEN\u00c7OA A TOCHA OL\u00cdMPICA RIO 2016<\/strong><\/p>\n<p>Durante a passagem da Tocha Ol\u00edmpica, das Ol\u00edmpiadas do Rio de 2016, pelo munic\u00edpio de Paro Branco, uma das seis cidades do Paran\u00e1 e uma das 300 do Brasil a realizar a celebra\u00e7\u00e3o com o percurso da Tocha Ol\u00edmpica, Frei Policarpo Berri, foi homenageado e, em sinal de seus trabalhos, recebeu do munic\u00edpio uma placa que marcou essa data t\u00e3o importante. No palco ao lado da matriz, no centro da cidade, o sil\u00eancio ganhou lugar entre as fanfarreias bandas, e Frei Policarpo, j\u00e1 conhecido pelos seus numerosos feitos, invocou a b\u00ean\u00e7\u00e3o de S\u00e3o Francisco sobre todos os presentes, pedindo por \u201ctodos os povos do mundo, todas as pessoas que participam deste evento extraordin\u00e1rio que s\u00e3o os Jogos Ol\u00edmpicos\u201d, como tamb\u00e9m a cidade e, especialmente, a Tocha Ol\u00edmpica.<\/p>\n<p><img loading=\"lazy\" class=\"wp-image-207582 aligncenter\" src=\"https:\/\/franciscanos.org.br\/noticias\/wp-content\/uploads\/2019\/07\/freipolicarpo_130719_5.jpg\" alt=\"\" width=\"891\" height=\"592\" srcset=\"https:\/\/franciscanos.org.br\/noticias\/wp-content\/uploads\/2019\/07\/freipolicarpo_130719_5.jpg 820w, https:\/\/franciscanos.org.br\/noticias\/wp-content\/uploads\/2019\/07\/freipolicarpo_130719_5-450x299.jpg 450w, https:\/\/franciscanos.org.br\/noticias\/wp-content\/uploads\/2019\/07\/freipolicarpo_130719_5-768x510.jpg 768w, https:\/\/franciscanos.org.br\/noticias\/wp-content\/uploads\/2019\/07\/freipolicarpo_130719_5-150x100.jpg 150w\" sizes=\"(max-width: 891px) 100vw, 891px\" \/><\/p>\n<p><em>Site Franciscanos com informa\u00e7\u00f5es de Di\u00e1rio do Sudoeste, Blog Policarpo Homem de F\u00e9 e Associa\u00e7\u00e3o de Letras e Artes de Pato Branco.<\/em><\/p>\n<p style=\"text-align: center;\"><strong>VEJA O ESPECIAL EM V\u00cdDEO<\/strong><\/p>\n<p><iframe loading=\"lazy\" src=\"https:\/\/www.youtube.com\/embed\/vR6dKDdepiE\" width=\"100%\" height=\"470\" frameborder=\"0\" allowfullscreen=\"allowfullscreen\"><span data-mce-type=\"bookmark\" style=\"display: inline-block; width: 0px; overflow: hidden; line-height: 0;\" class=\"mce_SELRES_start\">\ufeff<\/span><\/iframe><\/p>\n","protected":false},"excerpt":{"rendered":"<p>Frei Policarpo Berri comemora seus 95 anos de idade.<\/p>\n","protected":false},"author":5,"featured_media":207601,"comment_status":"open","ping_status":"open","sticky":false,"template":"","format":"standard","meta":[],"categories":[1],"tags":[1751,1167],"acf":[],"yoast_head":"<!-- This site is optimized with the Yoast SEO plugin v19.2 - https:\/\/yoast.com\/wordpress\/plugins\/seo\/ -->\n<title>Frei Policarpo Berri celebra 95 anos - Not\u00edcias - Franciscanos<\/title>\n<meta name=\"robots\" content=\"index, follow, max-snippet:-1, max-image-preview:large, max-video-preview:-1\" \/>\n<link rel=\"canonical\" href=\"https:\/\/franciscanos.org.br\/noticias\/frei-policarpo-berri-comemora-95-anos.html\" \/>\n<meta property=\"og:locale\" content=\"pt_BR\" \/>\n<meta property=\"og:type\" content=\"article\" \/>\n<meta property=\"og:title\" content=\"Frei Policarpo Berri celebra 95 anos - Not\u00edcias - Franciscanos\" \/>\n<meta property=\"og:description\" content=\"Frei Policarpo Berri comemora seus 95 anos de idade.\" \/>\n<meta property=\"og:url\" content=\"https:\/\/franciscanos.org.br\/noticias\/frei-policarpo-berri-comemora-95-anos.html\" \/>\n<meta property=\"og:site_name\" content=\"Not\u00edcias - Franciscanos\" \/>\n<meta property=\"article:published_time\" content=\"2019-07-13T15:01:01+00:00\" \/>\n<meta property=\"article:modified_time\" content=\"2023-01-09T13:49:18+00:00\" \/>\n<meta property=\"og:image\" content=\"https:\/\/franciscanos.org.br\/noticias\/wp-content\/uploads\/2019\/07\/freipolicarpo_130719_10.jpg\" \/>\n\t<meta property=\"og:image:width\" content=\"273\" \/>\n\t<meta property=\"og:image:height\" content=\"181\" \/>\n\t<meta property=\"og:image:type\" content=\"image\/jpeg\" \/>\n<meta name=\"author\" content=\"freiaugusto\" \/>\n<meta name=\"twitter:card\" content=\"summary_large_image\" \/>\n<meta name=\"twitter:label1\" content=\"Escrito por\" \/>\n\t<meta name=\"twitter:data1\" content=\"freiaugusto\" \/>\n\t<meta name=\"twitter:label2\" content=\"Est. tempo de leitura\" \/>\n\t<meta name=\"twitter:data2\" content=\"6 minutos\" \/>\n<script type=\"application\/ld+json\" class=\"yoast-schema-graph\">{\"@context\":\"https:\/\/schema.org\",\"@graph\":[{\"@type\":\"WebSite\",\"@id\":\"https:\/\/franciscanos.org.br\/noticias\/#website\",\"url\":\"https:\/\/franciscanos.org.br\/noticias\/\",\"name\":\"Not\u00edcias - Franciscanos\",\"description\":\"Prov\u00edncia Franciscana da Imaculada Concei\u00e7\u00e3o do Brasil - Ordem dos Frades Menores - OFM\",\"potentialAction\":[{\"@type\":\"SearchAction\",\"target\":{\"@type\":\"EntryPoint\",\"urlTemplate\":\"https:\/\/franciscanos.org.br\/noticias\/?s={search_term_string}\"},\"query-input\":\"required name=search_term_string\"}],\"inLanguage\":\"pt-BR\"},{\"@type\":\"ImageObject\",\"inLanguage\":\"pt-BR\",\"@id\":\"https:\/\/franciscanos.org.br\/noticias\/frei-policarpo-berri-comemora-95-anos.html#primaryimage\",\"url\":\"https:\/\/franciscanos.org.br\/noticias\/wp-content\/uploads\/2019\/07\/freipolicarpo_130719_10.jpg\",\"contentUrl\":\"https:\/\/franciscanos.org.br\/noticias\/wp-content\/uploads\/2019\/07\/freipolicarpo_130719_10.jpg\",\"width\":273,\"height\":181},{\"@type\":\"WebPage\",\"@id\":\"https:\/\/franciscanos.org.br\/noticias\/frei-policarpo-berri-comemora-95-anos.html#webpage\",\"url\":\"https:\/\/franciscanos.org.br\/noticias\/frei-policarpo-berri-comemora-95-anos.html\",\"name\":\"Frei Policarpo Berri celebra 95 anos - Not\u00edcias - Franciscanos\",\"isPartOf\":{\"@id\":\"https:\/\/franciscanos.org.br\/noticias\/#website\"},\"primaryImageOfPage\":{\"@id\":\"https:\/\/franciscanos.org.br\/noticias\/frei-policarpo-berri-comemora-95-anos.html#primaryimage\"},\"datePublished\":\"2019-07-13T15:01:01+00:00\",\"dateModified\":\"2023-01-09T13:49:18+00:00\",\"author\":{\"@id\":\"https:\/\/franciscanos.org.br\/noticias\/#\/schema\/person\/37f88f0d111cd5358b12a6556a99eb91\"},\"breadcrumb\":{\"@id\":\"https:\/\/franciscanos.org.br\/noticias\/frei-policarpo-berri-comemora-95-anos.html#breadcrumb\"},\"inLanguage\":\"pt-BR\",\"potentialAction\":[{\"@type\":\"ReadAction\",\"target\":[\"https:\/\/franciscanos.org.br\/noticias\/frei-policarpo-berri-comemora-95-anos.html\"]}]},{\"@type\":\"BreadcrumbList\",\"@id\":\"https:\/\/franciscanos.org.br\/noticias\/frei-policarpo-berri-comemora-95-anos.html#breadcrumb\",\"itemListElement\":[{\"@type\":\"ListItem\",\"position\":1,\"name\":\"Home\",\"item\":\"https:\/\/franciscanos.org.br\/noticias\"},{\"@type\":\"ListItem\",\"position\":2,\"name\":\"Frei Policarpo Berri celebra 95 anos\"}]},{\"@type\":\"Person\",\"@id\":\"https:\/\/franciscanos.org.br\/noticias\/#\/schema\/person\/37f88f0d111cd5358b12a6556a99eb91\",\"name\":\"freiaugusto\",\"image\":{\"@type\":\"ImageObject\",\"inLanguage\":\"pt-BR\",\"@id\":\"https:\/\/franciscanos.org.br\/noticias\/#\/schema\/person\/image\/\",\"url\":\"https:\/\/secure.gravatar.com\/avatar\/9840b940e621801b24f3e6b059efb4b7?s=96&d=mm&r=g\",\"contentUrl\":\"https:\/\/secure.gravatar.com\/avatar\/9840b940e621801b24f3e6b059efb4b7?s=96&d=mm&r=g\",\"caption\":\"freiaugusto\"},\"url\":\"https:\/\/franciscanos.org.br\/noticias\/author\/freiaugusto\"}]}<\/script>\n<!-- \/ Yoast SEO plugin. -->","yoast_head_json":{"title":"Frei Policarpo Berri celebra 95 anos - Not\u00edcias - Franciscanos","robots":{"index":"index","follow":"follow","max-snippet":"max-snippet:-1","max-image-preview":"max-image-preview:large","max-video-preview":"max-video-preview:-1"},"canonical":"https:\/\/franciscanos.org.br\/noticias\/frei-policarpo-berri-comemora-95-anos.html","og_locale":"pt_BR","og_type":"article","og_title":"Frei Policarpo Berri celebra 95 anos - Not\u00edcias - Franciscanos","og_description":"Frei Policarpo Berri comemora seus 95 anos de idade.","og_url":"https:\/\/franciscanos.org.br\/noticias\/frei-policarpo-berri-comemora-95-anos.html","og_site_name":"Not\u00edcias - Franciscanos","article_published_time":"2019-07-13T15:01:01+00:00","article_modified_time":"2023-01-09T13:49:18+00:00","og_image":[{"width":273,"height":181,"url":"https:\/\/franciscanos.org.br\/noticias\/wp-content\/uploads\/2019\/07\/freipolicarpo_130719_10.jpg","type":"image\/jpeg"}],"author":"freiaugusto","twitter_card":"summary_large_image","twitter_misc":{"Escrito por":"freiaugusto","Est. tempo de leitura":"6 minutos"},"schema":{"@context":"https:\/\/schema.org","@graph":[{"@type":"WebSite","@id":"https:\/\/franciscanos.org.br\/noticias\/#website","url":"https:\/\/franciscanos.org.br\/noticias\/","name":"Not\u00edcias - Franciscanos","description":"Prov\u00edncia Franciscana da Imaculada Concei\u00e7\u00e3o do Brasil - Ordem dos Frades Menores - OFM","potentialAction":[{"@type":"SearchAction","target":{"@type":"EntryPoint","urlTemplate":"https:\/\/franciscanos.org.br\/noticias\/?s={search_term_string}"},"query-input":"required name=search_term_string"}],"inLanguage":"pt-BR"},{"@type":"ImageObject","inLanguage":"pt-BR","@id":"https:\/\/franciscanos.org.br\/noticias\/frei-policarpo-berri-comemora-95-anos.html#primaryimage","url":"https:\/\/franciscanos.org.br\/noticias\/wp-content\/uploads\/2019\/07\/freipolicarpo_130719_10.jpg","contentUrl":"https:\/\/franciscanos.org.br\/noticias\/wp-content\/uploads\/2019\/07\/freipolicarpo_130719_10.jpg","width":273,"height":181},{"@type":"WebPage","@id":"https:\/\/franciscanos.org.br\/noticias\/frei-policarpo-berri-comemora-95-anos.html#webpage","url":"https:\/\/franciscanos.org.br\/noticias\/frei-policarpo-berri-comemora-95-anos.html","name":"Frei Policarpo Berri celebra 95 anos - Not\u00edcias - Franciscanos","isPartOf":{"@id":"https:\/\/franciscanos.org.br\/noticias\/#website"},"primaryImageOfPage":{"@id":"https:\/\/franciscanos.org.br\/noticias\/frei-policarpo-berri-comemora-95-anos.html#primaryimage"},"datePublished":"2019-07-13T15:01:01+00:00","dateModified":"2023-01-09T13:49:18+00:00","author":{"@id":"https:\/\/franciscanos.org.br\/noticias\/#\/schema\/person\/37f88f0d111cd5358b12a6556a99eb91"},"breadcrumb":{"@id":"https:\/\/franciscanos.org.br\/noticias\/frei-policarpo-berri-comemora-95-anos.html#breadcrumb"},"inLanguage":"pt-BR","potentialAction":[{"@type":"ReadAction","target":["https:\/\/franciscanos.org.br\/noticias\/frei-policarpo-berri-comemora-95-anos.html"]}]},{"@type":"BreadcrumbList","@id":"https:\/\/franciscanos.org.br\/noticias\/frei-policarpo-berri-comemora-95-anos.html#breadcrumb","itemListElement":[{"@type":"ListItem","position":1,"name":"Home","item":"https:\/\/franciscanos.org.br\/noticias"},{"@type":"ListItem","position":2,"name":"Frei Policarpo Berri celebra 95 anos"}]},{"@type":"Person","@id":"https:\/\/franciscanos.org.br\/noticias\/#\/schema\/person\/37f88f0d111cd5358b12a6556a99eb91","name":"freiaugusto","image":{"@type":"ImageObject","inLanguage":"pt-BR","@id":"https:\/\/franciscanos.org.br\/noticias\/#\/schema\/person\/image\/","url":"https:\/\/secure.gravatar.com\/avatar\/9840b940e621801b24f3e6b059efb4b7?s=96&d=mm&r=g","contentUrl":"https:\/\/secure.gravatar.com\/avatar\/9840b940e621801b24f3e6b059efb4b7?s=96&d=mm&r=g","caption":"freiaugusto"},"url":"https:\/\/franciscanos.org.br\/noticias\/author\/freiaugusto"}]}},"_links":{"self":[{"href":"https:\/\/franciscanos.org.br\/noticias\/wp-json\/wp\/v2\/posts\/207564"}],"collection":[{"href":"https:\/\/franciscanos.org.br\/noticias\/wp-json\/wp\/v2\/posts"}],"about":[{"href":"https:\/\/franciscanos.org.br\/noticias\/wp-json\/wp\/v2\/types\/post"}],"author":[{"embeddable":true,"href":"https:\/\/franciscanos.org.br\/noticias\/wp-json\/wp\/v2\/users\/5"}],"replies":[{"embeddable":true,"href":"https:\/\/franciscanos.org.br\/noticias\/wp-json\/wp\/v2\/comments?post=207564"}],"version-history":[{"count":1,"href":"https:\/\/franciscanos.org.br\/noticias\/wp-json\/wp\/v2\/posts\/207564\/revisions"}],"predecessor-version":[{"id":241595,"href":"https:\/\/franciscanos.org.br\/noticias\/wp-json\/wp\/v2\/posts\/207564\/revisions\/241595"}],"wp:featuredmedia":[{"embeddable":true,"href":"https:\/\/franciscanos.org.br\/noticias\/wp-json\/wp\/v2\/media\/207601"}],"wp:attachment":[{"href":"https:\/\/franciscanos.org.br\/noticias\/wp-json\/wp\/v2\/media?parent=207564"}],"wp:term":[{"taxonomy":"category","embeddable":true,"href":"https:\/\/franciscanos.org.br\/noticias\/wp-json\/wp\/v2\/categories?post=207564"},{"taxonomy":"post_tag","embeddable":true,"href":"https:\/\/franciscanos.org.br\/noticias\/wp-json\/wp\/v2\/tags?post=207564"}],"curies":[{"name":"wp","href":"https:\/\/api.w.org\/{rel}","templated":true}]}}