{"id":207556,"date":"2019-07-12T15:24:04","date_gmt":"2019-07-12T18:24:04","guid":{"rendered":"https:\/\/franciscanos.org.br\/noticias\/?p=207556"},"modified":"2019-07-12T15:43:36","modified_gmt":"2019-07-12T18:43:36","slug":"frei-cesar-o-desafio-e-despertar-os-nossos-irmaos-e-despertar-a-nos-mesmos","status":"publish","type":"post","link":"https:\/\/franciscanos.org.br\/noticias\/frei-cesar-o-desafio-e-despertar-os-nossos-irmaos-e-despertar-a-nos-mesmos.html","title":{"rendered":"Frei C\u00e9sar: &#8220;O desafio \u00e9 despertar os nossos irm\u00e3os e despertar a n\u00f3s mesmos&#8221;"},"content":{"rendered":"<p><img loading=\"lazy\" class=\"alignright size-full wp-image-207557\" src=\"https:\/\/franciscanos.org.br\/noticias\/wp-content\/uploads\/2019\/07\/cesar_120719.jpg\" alt=\"\" width=\"506\" height=\"900\" srcset=\"https:\/\/franciscanos.org.br\/noticias\/wp-content\/uploads\/2019\/07\/cesar_120719.jpg 506w, https:\/\/franciscanos.org.br\/noticias\/wp-content\/uploads\/2019\/07\/cesar_120719-253x450.jpg 253w, https:\/\/franciscanos.org.br\/noticias\/wp-content\/uploads\/2019\/07\/cesar_120719-150x267.jpg 150w\" sizes=\"(max-width: 506px) 100vw, 506px\" \/><\/p>\n<blockquote>\n<div dir=\"ltr\">\n<div dir=\"ltr\">\n<p class=\"m_6465679314921514989gmail-MsoNoSpacing\">O Ministro Provincial, Frei C\u00e9sar K\u00fclkamp, anunciado oficialmente nesta sexta-feira, 12 de julho, como novo presidente da Confer\u00eancia dos Frades Menores do Brasil, presidiu a Santa Missa no encerramento da Assembleia ampliada trienal, no Convento S\u00e3o Boaventura, em Daltro Filho, distrito do Munic\u00edpio de Imigrante, no Rio Grande do Sul. Na sua homilia, foi categ\u00f3rico: &#8220;Somos menos frades hoje que algum tempo atr\u00e1s, mas ainda somos muitos e somos ainda provocados a ouvir o que o Esp\u00edrito espera de n\u00f3s nesse momento, a colaborarmos para este despertar, este sacudir o mundo. E este \u00e9 o nosso desafio: despertar os nossos irm\u00e3os e despertar a n\u00f3s mesmos, para que possamos, juntos, propagar, propor os valores centrais e essenciais das nossa forma de vida e nos convertermos em participantes ativos com esse esp\u00edrito presente em n\u00f3s, que fala em n\u00f3s, como nos promete Jesus na passagem do Evangelho de hoje. E podemos retomar a narrativa b\u00edblica de passagem da escravid\u00e3o para a liberdade, da morte para a vida, da indiferen\u00e7a e da apatia para a\u00e7\u00f5es mais respons\u00e1veis, mais solid\u00e1rias, mais evang\u00e9licas, sob o risco de, se n\u00e3o fizermos isso, perdermos a significatividade da nossa presen\u00e7a no mundo de hoje. Se n\u00e3o somos mais necess\u00e1rios, se n\u00e3o temos mais com que contribuir para esse projeto de Deus, talvez n\u00e3o precisemos mais existir como religiosos franciscanos&#8221;, disse, para completar: &#8220;Essa \u00e9 a provoca\u00e7\u00e3o b\u00edblica, mas sabemos da atualidade do pensamento, da m\u00edstica e da espiritualidade franciscana, abra\u00e7ada e tornada presente para toda a Igreja pelo Papa Francisco&#8221;.<\/p>\n<p class=\"m_6465679314921514989gmail-MsoNoSpacing\">Frei C\u00e9sar iniciou sua reflex\u00e3o recordando a express\u00e3o do documento final do Congresso Mission\u00e1rio Franciscano da Am\u00e9rica Latina \u201cFranciscanos em sa\u00edda\u201d, que aconteceu em outubro do ano passado, na Guatemala, com a participa\u00e7\u00e3o de v\u00e1rios dos frades presentes nesta assembleia. Essa express\u00e3o provocada pelo nosso Santo Padre, o Papa Francisco, na verdade tem sua provoca\u00e7\u00e3o apresentada a n\u00f3s pela Palavra de Deus&#8221;, disse o Ministro Provincial, referindo-se \u00e0 primeira leitura, quando Jac\u00f3 deixa sua terra e vai para o Egito com confian\u00e7a em Deus. &#8220;Da mesma forma, o Evangelho de hoje nos fala tamb\u00e9m de sa\u00edda, n\u00e3o como uma op\u00e7\u00e3o, mas como um envio. \u00c9 o pr\u00f3prio Cristo &#8211; ao estar em sa\u00edda por aquelas cidades, nas margens do lago da Galil\u00e9ia &#8211; que envia o seus disc\u00edpulos, falando a todos os crist\u00e3os e hoje falando a cada um de n\u00f3s: \u201cEu vos envio&#8230;\u201d Mas, Ele lembra que \u00e9 um envio n\u00e3o t\u00e3o favor\u00e1vel, n\u00e3o t\u00e3o confort\u00e1vel: &#8216;Cuidado com os homens, eles vos levar\u00e3o aos tribunais, vos a\u00e7oitar\u00e3o; e v\u00f3s sereis odiados por todos&#8217;. \u00c9 uma palavra dura, mas ao mesmo tempo, ele nos diz que n\u00e3o estaremos sozinhos neste ambiente n\u00e3o confort\u00e1vel. \u2018Ser-vos-\u00e1 inspirado o que dizer. O Pai falar\u00e1 em v\u00f3s\u2019. Ao mesmo tempo pede perseveran\u00e7a a n\u00f3s at\u00e9 o fim. E nisso consiste a nossa salva\u00e7\u00e3o: mesmo com todo ambiente contradit\u00f3rio e dif\u00edcil, ele pede de n\u00f3s a perseveran\u00e7a&#8221;, situou o celebrante.<\/p>\n<p class=\"m_6465679314921514989gmail-MsoNoSpacing\">Frei C\u00e9sar acrescentou \u00e0 sua reflex\u00e3o outra passagem b\u00edblica, citada no documento final do \u00faltimo Conselho Plen\u00e1rio da Ordem (CPO), que servir\u00e1 de prepara\u00e7\u00e3o para o pr\u00f3ximo Cap\u00edtulo da Ordem dos Frades Menores, tirada do Livro do Apocalipse de S\u00e3o Jo\u00e3o: &#8220;Conhe\u00e7o as tuas obras. Tens perseveran\u00e7a, sofreste por causa do meu nome e n\u00e3o desanimaste. Mas tenho contra ti que abandonaste o teu primeiro amor. Lembra-te como deca\u00edste, arrepende-te e volta \u00e0 pr\u00e1tica das primeiras obras. Se n\u00e3o te arrependeres, virei a ti e removerei de seu lugar o teu candelabro&#8221; ( Ap 2,1-5).<\/p>\n<p class=\"m_6465679314921514989gmail-MsoNoSpacing\">Segundo Frei C\u00e9sar, essa palavra foi usada no Documento do CPO justamente pelos dois grandes desafios \u00e0 Ordem ou dois grandes mandatos da parte de Deus que os frades devem reconhecer e que deram perseveran\u00e7a \u00e0 Igreja e \u00e0 Ordem at\u00e9 aqui, atrav\u00e9s do empenho de tantos santos e tantos frades an\u00f4nimos. &#8220;\u00c9 esta a nossa heran\u00e7a, por\u00e9m, ao mesmo tempo, tamb\u00e9m podemos sofrer desta perda de encantamento, de entusiasmo, de esp\u00edrito arrojado e por isso o Senhor pede que voltemos \u00e0s nossas origens, reconhe\u00e7amos essa heran\u00e7a que recebemos, pois podemos perder o candeeiro. Esse \u00e9 o grande desafio, diante do qual toda a Ordem se encontra, a nossa Confer\u00eancia e cada um de seus irm\u00e3os&#8221;, observou Frei C\u00e9sar, lembrando que os frades vivem em contextos de mundo em constante transforma\u00e7\u00e3o, em dificuldades sociais, culturais e religiosas, mesmo no ambiente da Igreja, da Ordem e das Fraternidades. O Ministro Provincial voltou a destacar que os frades t\u00eam um grande impulso do Papa Francisco, que os provoca a um novo ardor.<\/p>\n<p class=\"m_6465679314921514989gmail-MsoNoSpacing\">&#8220;Renunciar e conviver s\u00e3o desafios muito grandes para todos n\u00f3s e, por isso, tamb\u00e9m a revela\u00e7\u00e3o de Deus nos \u00e9 bastante necess\u00e1ria e oportuna neste tempo em que a Igreja se encontra assediada tanto internamente como externamente. Os debates e as divis\u00f5es internas amea\u00e7am anular &#8211; ou at\u00e9 dar marcha \u00e0 r\u00e9 &#8211; nesse Minist\u00e9rio prof\u00e9tico do Papa Francisco, que tomou a s\u00e9rio o grito do povo de Deus, especialmente dos mais pobres, dos marginalizados e o grito do Planeta&#8221;, emendou.<\/p>\n<p class=\"m_6465679314921514989gmail-MsoNoSpacing\">Para Frei C\u00e9sar, o Papa Francisco tem ajudado a Igreja e a Ordem Franciscana a estarem com os olhos mais abertos e atentos ao que est\u00e1 acontecendo &#8220;ao nosso redor e tamb\u00e9m dentro de n\u00f3s mesmos, nas fragilidades pessoais, fraternas e institucionais&#8221;. Segundo o novo presidente da CFMB, os desafios nesse tempo para a pr\u00f3pria humanidade e para o Planeta \u00e9 o de ver o todo da obra e a presen\u00e7a do Esp\u00edrito que, nesse contexto, tamb\u00e9m fala &#8220;em n\u00f3s naquilo que o Evangelho hoje nos provoca&#8221;. &#8220;N\u00e3o estamos sozinhos e o Santo Padre nos exorta, nos diz, a despertarmos e a sacudirmos a n\u00f3s mesmos, para um processo de di\u00e1logo, de convers\u00e3o, que ajude a despertar e a sacudir o mundo. \u00c9 o que ele pediu na Uni\u00e3o dos Superiores Gerais&#8221;, recordou.<\/p>\n<p class=\"m_6465679314921514989gmail-MsoNoSpacing\">&#8220;Talvez o chamado para a Ordem hoje seja precisamente este e tamb\u00e9m para a nossa Confer\u00eancia. Temos todos esses sinais positivos entre n\u00f3s, aqui apresentados nos nossos relat\u00f3rios. Quanta maravilha de Deus acontecendo nos v\u00e1rios projetos de forma\u00e7\u00e3o permanente, de forma\u00e7\u00e3o inicial, nos trabalhos com a juventude! Quanta maravilha de Deus acontecendo nos mais diferentes campos de miss\u00e3o, de evangeliza\u00e7\u00e3o, essa grande prioridade de cuidado do nosso Planeta. E aqui lembro o legado da pr\u00f3pria Amaz\u00f4nia como um grande convite a tamb\u00e9m focarmos a\u00ed as nossas energias, a estarmos unidos, mesmo que n\u00e3o presencialmente l\u00e1. Essa talvez seja a provoca\u00e7\u00e3o para n\u00e3o nos encerrarmos em n\u00f3s mesmos, nas nossas fragilidades internas&#8221;, alertou diante da diminui\u00e7\u00e3o do n\u00famero de frades.<\/p>\n<p class=\"m_6465679314921514989gmail-MsoNoSpacing\">No final, Frei C\u00e9sar convidou os frades a se animarem. &#8220;Mesmo sabendo dessas contrariedades, desses desconfortos, das situa\u00e7\u00f5es contr\u00e1rias, de todas as dificuldades em todos os contextos, n\u00f3s queremos sonhar. Por isso, fizemos propostas para cada servi\u00e7o, para, juntos, como Confer\u00eancia, sonharmos e caminharmos mais pr\u00f3ximos&#8221;, no esp\u00edrito da interprovincialidade.<\/p>\n<p class=\"m_6465679314921514989gmail-MsoNoSpacing\">&#8220;Sejamos capazes ainda de anunciar o Evangelho para a constru\u00e7\u00e3o do reino. Anunciar e denunciar as situa\u00e7\u00f5es concretas de injusti\u00e7a e de viol\u00eancia do nosso mundo atual. Essa atitude pode nos fazer produzir muito fruto como pessoas consagradas, como religiosos franciscanos, sobretudo nos protegendo da tenta\u00e7\u00e3o que poderia tornar est\u00e9ril a nossa vida consagrada, como bem disse o Papa Francisco da tenta\u00e7\u00e3o de viver apenas em busca da sobreviv\u00eancia. A preocupa\u00e7\u00e3o apenas pela sobreviv\u00eancia paralisa, nos faz medrosos e, lentamente, sem que nos demos conta, ela nos encerra em nossas casas, em nossos esquemas. Mas n\u00f3s, que aqui viemos para esses dias de Assembleia, quisemos nos animar, quisemos ver a realidade do mundo que nos provoca, quisemos sonhar, trabalhar mais juntos, mais pr\u00f3ximos. Por isso, queremos ter um cora\u00e7\u00e3o franciscanamente contemplativo, capaz de discernir como caminha Deus, como ele est\u00e1 presente nos caminhos das nossas cidades, dos nossos bairros. Presente em toda a gente, presente em toda a cria\u00e7\u00e3o e presente em cada um de n\u00f3s. E, juntos, como Fraternidade, para que possamos superar todas essas tenta\u00e7\u00f5es e permitir que Ele produza em n\u00f3s os milagres que espera&#8221;, completou.<\/p>\n<\/div>\n<\/div>\n<\/blockquote>\n","protected":false},"excerpt":{"rendered":"<p>Homilia de Frei C\u00e9sar na Missa de encerramento da Assembleia da CFMB.<\/p>\n","protected":false},"author":3,"featured_media":207558,"comment_status":"open","ping_status":"open","sticky":false,"template":"","format":"standard","meta":[],"categories":[1],"tags":[240,454],"acf":[],"yoast_head":"<!-- This site is optimized with the Yoast SEO plugin v19.2 - https:\/\/yoast.com\/wordpress\/plugins\/seo\/ -->\n<title>Frei C\u00e9sar: &quot;O desafio \u00e9 despertar os nossos irm\u00e3os e despertar a n\u00f3s mesmos&quot; - Not\u00edcias - Franciscanos<\/title>\n<meta name=\"robots\" content=\"index, follow, max-snippet:-1, max-image-preview:large, max-video-preview:-1\" \/>\n<link rel=\"canonical\" href=\"https:\/\/franciscanos.org.br\/noticias\/frei-cesar-o-desafio-e-despertar-os-nossos-irmaos-e-despertar-a-nos-mesmos.html\" \/>\n<meta property=\"og:locale\" content=\"pt_BR\" \/>\n<meta property=\"og:type\" content=\"article\" \/>\n<meta property=\"og:title\" content=\"Frei C\u00e9sar: &quot;O desafio \u00e9 despertar os nossos irm\u00e3os e despertar a n\u00f3s mesmos&quot; - Not\u00edcias - Franciscanos\" \/>\n<meta property=\"og:description\" content=\"Homilia de Frei C\u00e9sar na Missa de encerramento da Assembleia da CFMB.\" \/>\n<meta property=\"og:url\" content=\"https:\/\/franciscanos.org.br\/noticias\/frei-cesar-o-desafio-e-despertar-os-nossos-irmaos-e-despertar-a-nos-mesmos.html\" \/>\n<meta property=\"og:site_name\" content=\"Not\u00edcias - Franciscanos\" \/>\n<meta property=\"article:published_time\" content=\"2019-07-12T18:24:04+00:00\" \/>\n<meta property=\"article:modified_time\" content=\"2019-07-12T18:43:36+00:00\" \/>\n<meta property=\"og:image\" content=\"https:\/\/franciscanos.org.br\/noticias\/wp-content\/uploads\/2019\/07\/cesar_120719d.jpg\" \/>\n\t<meta property=\"og:image:width\" content=\"273\" \/>\n\t<meta property=\"og:image:height\" content=\"181\" \/>\n\t<meta property=\"og:image:type\" content=\"image\/jpeg\" \/>\n<meta name=\"author\" content=\"moacir\" \/>\n<meta name=\"twitter:card\" content=\"summary_large_image\" \/>\n<meta name=\"twitter:label1\" content=\"Escrito por\" \/>\n\t<meta name=\"twitter:data1\" content=\"moacir\" \/>\n\t<meta name=\"twitter:label2\" content=\"Est. tempo de leitura\" \/>\n\t<meta name=\"twitter:data2\" content=\"7 minutos\" \/>\n<script type=\"application\/ld+json\" class=\"yoast-schema-graph\">{\"@context\":\"https:\/\/schema.org\",\"@graph\":[{\"@type\":\"WebSite\",\"@id\":\"https:\/\/franciscanos.org.br\/noticias\/#website\",\"url\":\"https:\/\/franciscanos.org.br\/noticias\/\",\"name\":\"Not\u00edcias - Franciscanos\",\"description\":\"Prov\u00edncia Franciscana da Imaculada Concei\u00e7\u00e3o do Brasil - Ordem dos Frades Menores - OFM\",\"potentialAction\":[{\"@type\":\"SearchAction\",\"target\":{\"@type\":\"EntryPoint\",\"urlTemplate\":\"https:\/\/franciscanos.org.br\/noticias\/?s={search_term_string}\"},\"query-input\":\"required name=search_term_string\"}],\"inLanguage\":\"pt-BR\"},{\"@type\":\"ImageObject\",\"inLanguage\":\"pt-BR\",\"@id\":\"https:\/\/franciscanos.org.br\/noticias\/frei-cesar-o-desafio-e-despertar-os-nossos-irmaos-e-despertar-a-nos-mesmos.html#primaryimage\",\"url\":\"https:\/\/franciscanos.org.br\/noticias\/wp-content\/uploads\/2019\/07\/cesar_120719d.jpg\",\"contentUrl\":\"https:\/\/franciscanos.org.br\/noticias\/wp-content\/uploads\/2019\/07\/cesar_120719d.jpg\",\"width\":273,\"height\":181},{\"@type\":\"WebPage\",\"@id\":\"https:\/\/franciscanos.org.br\/noticias\/frei-cesar-o-desafio-e-despertar-os-nossos-irmaos-e-despertar-a-nos-mesmos.html#webpage\",\"url\":\"https:\/\/franciscanos.org.br\/noticias\/frei-cesar-o-desafio-e-despertar-os-nossos-irmaos-e-despertar-a-nos-mesmos.html\",\"name\":\"Frei C\u00e9sar: \\\"O desafio \u00e9 despertar os nossos irm\u00e3os e despertar a n\u00f3s mesmos\\\" - Not\u00edcias - Franciscanos\",\"isPartOf\":{\"@id\":\"https:\/\/franciscanos.org.br\/noticias\/#website\"},\"primaryImageOfPage\":{\"@id\":\"https:\/\/franciscanos.org.br\/noticias\/frei-cesar-o-desafio-e-despertar-os-nossos-irmaos-e-despertar-a-nos-mesmos.html#primaryimage\"},\"datePublished\":\"2019-07-12T18:24:04+00:00\",\"dateModified\":\"2019-07-12T18:43:36+00:00\",\"author\":{\"@id\":\"https:\/\/franciscanos.org.br\/noticias\/#\/schema\/person\/b5c8cba458c330ccff548b056e95a5d4\"},\"breadcrumb\":{\"@id\":\"https:\/\/franciscanos.org.br\/noticias\/frei-cesar-o-desafio-e-despertar-os-nossos-irmaos-e-despertar-a-nos-mesmos.html#breadcrumb\"},\"inLanguage\":\"pt-BR\",\"potentialAction\":[{\"@type\":\"ReadAction\",\"target\":[\"https:\/\/franciscanos.org.br\/noticias\/frei-cesar-o-desafio-e-despertar-os-nossos-irmaos-e-despertar-a-nos-mesmos.html\"]}]},{\"@type\":\"BreadcrumbList\",\"@id\":\"https:\/\/franciscanos.org.br\/noticias\/frei-cesar-o-desafio-e-despertar-os-nossos-irmaos-e-despertar-a-nos-mesmos.html#breadcrumb\",\"itemListElement\":[{\"@type\":\"ListItem\",\"position\":1,\"name\":\"Home\",\"item\":\"https:\/\/franciscanos.org.br\/noticias\"},{\"@type\":\"ListItem\",\"position\":2,\"name\":\"Frei C\u00e9sar: &#8220;O desafio \u00e9 despertar os nossos irm\u00e3os e despertar a n\u00f3s mesmos&#8221;\"}]},{\"@type\":\"Person\",\"@id\":\"https:\/\/franciscanos.org.br\/noticias\/#\/schema\/person\/b5c8cba458c330ccff548b056e95a5d4\",\"name\":\"moacir\",\"image\":{\"@type\":\"ImageObject\",\"inLanguage\":\"pt-BR\",\"@id\":\"https:\/\/franciscanos.org.br\/noticias\/#\/schema\/person\/image\/\",\"url\":\"https:\/\/secure.gravatar.com\/avatar\/d08aa2ce4c8dd416d4479aa8536fcf64?s=96&d=mm&r=g\",\"contentUrl\":\"https:\/\/secure.gravatar.com\/avatar\/d08aa2ce4c8dd416d4479aa8536fcf64?s=96&d=mm&r=g\",\"caption\":\"moacir\"},\"url\":\"https:\/\/franciscanos.org.br\/noticias\/author\/moacir\"}]}<\/script>\n<!-- \/ Yoast SEO plugin. -->","yoast_head_json":{"title":"Frei C\u00e9sar: \"O desafio \u00e9 despertar os nossos irm\u00e3os e despertar a n\u00f3s mesmos\" - Not\u00edcias - Franciscanos","robots":{"index":"index","follow":"follow","max-snippet":"max-snippet:-1","max-image-preview":"max-image-preview:large","max-video-preview":"max-video-preview:-1"},"canonical":"https:\/\/franciscanos.org.br\/noticias\/frei-cesar-o-desafio-e-despertar-os-nossos-irmaos-e-despertar-a-nos-mesmos.html","og_locale":"pt_BR","og_type":"article","og_title":"Frei C\u00e9sar: \"O desafio \u00e9 despertar os nossos irm\u00e3os e despertar a n\u00f3s mesmos\" - Not\u00edcias - Franciscanos","og_description":"Homilia de Frei C\u00e9sar na Missa de encerramento da Assembleia da CFMB.","og_url":"https:\/\/franciscanos.org.br\/noticias\/frei-cesar-o-desafio-e-despertar-os-nossos-irmaos-e-despertar-a-nos-mesmos.html","og_site_name":"Not\u00edcias - Franciscanos","article_published_time":"2019-07-12T18:24:04+00:00","article_modified_time":"2019-07-12T18:43:36+00:00","og_image":[{"width":273,"height":181,"url":"https:\/\/franciscanos.org.br\/noticias\/wp-content\/uploads\/2019\/07\/cesar_120719d.jpg","type":"image\/jpeg"}],"author":"moacir","twitter_card":"summary_large_image","twitter_misc":{"Escrito por":"moacir","Est. tempo de leitura":"7 minutos"},"schema":{"@context":"https:\/\/schema.org","@graph":[{"@type":"WebSite","@id":"https:\/\/franciscanos.org.br\/noticias\/#website","url":"https:\/\/franciscanos.org.br\/noticias\/","name":"Not\u00edcias - Franciscanos","description":"Prov\u00edncia Franciscana da Imaculada Concei\u00e7\u00e3o do Brasil - Ordem dos Frades Menores - OFM","potentialAction":[{"@type":"SearchAction","target":{"@type":"EntryPoint","urlTemplate":"https:\/\/franciscanos.org.br\/noticias\/?s={search_term_string}"},"query-input":"required name=search_term_string"}],"inLanguage":"pt-BR"},{"@type":"ImageObject","inLanguage":"pt-BR","@id":"https:\/\/franciscanos.org.br\/noticias\/frei-cesar-o-desafio-e-despertar-os-nossos-irmaos-e-despertar-a-nos-mesmos.html#primaryimage","url":"https:\/\/franciscanos.org.br\/noticias\/wp-content\/uploads\/2019\/07\/cesar_120719d.jpg","contentUrl":"https:\/\/franciscanos.org.br\/noticias\/wp-content\/uploads\/2019\/07\/cesar_120719d.jpg","width":273,"height":181},{"@type":"WebPage","@id":"https:\/\/franciscanos.org.br\/noticias\/frei-cesar-o-desafio-e-despertar-os-nossos-irmaos-e-despertar-a-nos-mesmos.html#webpage","url":"https:\/\/franciscanos.org.br\/noticias\/frei-cesar-o-desafio-e-despertar-os-nossos-irmaos-e-despertar-a-nos-mesmos.html","name":"Frei C\u00e9sar: \"O desafio \u00e9 despertar os nossos irm\u00e3os e despertar a n\u00f3s mesmos\" - Not\u00edcias - Franciscanos","isPartOf":{"@id":"https:\/\/franciscanos.org.br\/noticias\/#website"},"primaryImageOfPage":{"@id":"https:\/\/franciscanos.org.br\/noticias\/frei-cesar-o-desafio-e-despertar-os-nossos-irmaos-e-despertar-a-nos-mesmos.html#primaryimage"},"datePublished":"2019-07-12T18:24:04+00:00","dateModified":"2019-07-12T18:43:36+00:00","author":{"@id":"https:\/\/franciscanos.org.br\/noticias\/#\/schema\/person\/b5c8cba458c330ccff548b056e95a5d4"},"breadcrumb":{"@id":"https:\/\/franciscanos.org.br\/noticias\/frei-cesar-o-desafio-e-despertar-os-nossos-irmaos-e-despertar-a-nos-mesmos.html#breadcrumb"},"inLanguage":"pt-BR","potentialAction":[{"@type":"ReadAction","target":["https:\/\/franciscanos.org.br\/noticias\/frei-cesar-o-desafio-e-despertar-os-nossos-irmaos-e-despertar-a-nos-mesmos.html"]}]},{"@type":"BreadcrumbList","@id":"https:\/\/franciscanos.org.br\/noticias\/frei-cesar-o-desafio-e-despertar-os-nossos-irmaos-e-despertar-a-nos-mesmos.html#breadcrumb","itemListElement":[{"@type":"ListItem","position":1,"name":"Home","item":"https:\/\/franciscanos.org.br\/noticias"},{"@type":"ListItem","position":2,"name":"Frei C\u00e9sar: &#8220;O desafio \u00e9 despertar os nossos irm\u00e3os e despertar a n\u00f3s mesmos&#8221;"}]},{"@type":"Person","@id":"https:\/\/franciscanos.org.br\/noticias\/#\/schema\/person\/b5c8cba458c330ccff548b056e95a5d4","name":"moacir","image":{"@type":"ImageObject","inLanguage":"pt-BR","@id":"https:\/\/franciscanos.org.br\/noticias\/#\/schema\/person\/image\/","url":"https:\/\/secure.gravatar.com\/avatar\/d08aa2ce4c8dd416d4479aa8536fcf64?s=96&d=mm&r=g","contentUrl":"https:\/\/secure.gravatar.com\/avatar\/d08aa2ce4c8dd416d4479aa8536fcf64?s=96&d=mm&r=g","caption":"moacir"},"url":"https:\/\/franciscanos.org.br\/noticias\/author\/moacir"}]}},"_links":{"self":[{"href":"https:\/\/franciscanos.org.br\/noticias\/wp-json\/wp\/v2\/posts\/207556"}],"collection":[{"href":"https:\/\/franciscanos.org.br\/noticias\/wp-json\/wp\/v2\/posts"}],"about":[{"href":"https:\/\/franciscanos.org.br\/noticias\/wp-json\/wp\/v2\/types\/post"}],"author":[{"embeddable":true,"href":"https:\/\/franciscanos.org.br\/noticias\/wp-json\/wp\/v2\/users\/3"}],"replies":[{"embeddable":true,"href":"https:\/\/franciscanos.org.br\/noticias\/wp-json\/wp\/v2\/comments?post=207556"}],"version-history":[{"count":0,"href":"https:\/\/franciscanos.org.br\/noticias\/wp-json\/wp\/v2\/posts\/207556\/revisions"}],"wp:featuredmedia":[{"embeddable":true,"href":"https:\/\/franciscanos.org.br\/noticias\/wp-json\/wp\/v2\/media\/207558"}],"wp:attachment":[{"href":"https:\/\/franciscanos.org.br\/noticias\/wp-json\/wp\/v2\/media?parent=207556"}],"wp:term":[{"taxonomy":"category","embeddable":true,"href":"https:\/\/franciscanos.org.br\/noticias\/wp-json\/wp\/v2\/categories?post=207556"},{"taxonomy":"post_tag","embeddable":true,"href":"https:\/\/franciscanos.org.br\/noticias\/wp-json\/wp\/v2\/tags?post=207556"}],"curies":[{"name":"wp","href":"https:\/\/api.w.org\/{rel}","templated":true}]}}