{"id":207547,"date":"2019-07-12T10:34:28","date_gmt":"2019-07-12T13:34:28","guid":{"rendered":"https:\/\/franciscanos.org.br\/noticias\/?p=207547"},"modified":"2019-07-12T12:37:08","modified_gmt":"2019-07-12T15:37:08","slug":"frei-cesar-e-eleito-presidente-conferencia-brasileira-dos-frades-menores","status":"publish","type":"post","link":"https:\/\/franciscanos.org.br\/noticias\/frei-cesar-e-eleito-presidente-conferencia-brasileira-dos-frades-menores.html","title":{"rendered":"Frei C\u00e9sar \u00e9 eleito presidente Confer\u00eancia Brasileira dos Frades Menores"},"content":{"rendered":"<p><img loading=\"lazy\" class=\"alignnone size-full wp-image-207548\" src=\"https:\/\/franciscanos.org.br\/noticias\/wp-content\/uploads\/2019\/07\/cesar_1207.jpg\" alt=\"\" width=\"890\" height=\"501\" srcset=\"https:\/\/franciscanos.org.br\/noticias\/wp-content\/uploads\/2019\/07\/cesar_1207.jpg 890w, https:\/\/franciscanos.org.br\/noticias\/wp-content\/uploads\/2019\/07\/cesar_1207-450x253.jpg 450w, https:\/\/franciscanos.org.br\/noticias\/wp-content\/uploads\/2019\/07\/cesar_1207-768x432.jpg 768w, https:\/\/franciscanos.org.br\/noticias\/wp-content\/uploads\/2019\/07\/cesar_1207-150x84.jpg 150w\" sizes=\"(max-width: 890px) 100vw, 890px\" \/><\/p>\n<p>O Ministro Provincial da Prov\u00edncia Franciscana da Imaculada Concei\u00e7\u00e3o, Frei C\u00e9sar K\u00fclkamp, foi anunciado como presidente eleito da Confer\u00eancia dos Frades Menores do Brasil (CFMB), na manh\u00e3 desta sexta-feira, no Convento S\u00e3o Boaventura, em Daltro Filho, distrito no Munic\u00edpio de Imigrante, no RS. Como vice-presidente, foi eleito o Ministro Provincial da Prov\u00edncia Santa Cruz, Frei Hilton Farias de Souza, e como secret\u00e1rio o Cust\u00f3dio da Cust\u00f3dia do Sagrado Cora\u00e7\u00e3o de Jesus, Frei Fernando Aparecido dos Santos. Frei Lu\u00eds Fernando Nunes Leite, da Cust\u00f3dia do Sagrado Cora\u00e7\u00e3o de Jesus, foi eleito delegado do Secretariado Interprovincial Franciscano de Evangeliza\u00e7\u00e3o e Miss\u00e3o (Sifem), e Frei Gabriel Jos\u00e9 de Lima Neto, da Prov\u00edncia de Minas, eleito delegado do Servi\u00e7o para Forma\u00e7\u00e3o e Estudos (Serfe).<\/p>\n<p>Frei C\u00e9sar foi eleito Provincial no ano passado, durante o Cap\u00edtulo em novembro. Ele \u00e9 natural de Ituporanga, onde nasceu no dia 26 de maio de 1969. Filho de Reinilda e Fredolino K\u00fclkamp, vestiu o h\u00e1bito franciscano na Ordem dos Frades Menores em 11 de janeiro de 1988 e se tornou professo solene em 24 de setembro de 1993. Foi ordenado presb\u00edtero no dia 16 de dezembro de 1995.<\/p>\n<p>A elei\u00e7\u00e3o se deu durante a assembleia trienal da entidade, que reuniu para este encontro os Ministros das nove entidades que comp\u00f5em a Confer\u00eancia (06 Prov\u00edncias e 03 Cust\u00f3dias), al\u00e9m dos frades envolvidos nos servi\u00e7os da Forma\u00e7\u00e3o, Inicial e Permanente (Serfe), e da Miss\u00e3o Evangelizadora (Sifem). Dentre as atribui\u00e7\u00f5es da Assembleia est\u00e3o a apresenta\u00e7\u00e3o e avalia\u00e7\u00e3o das atividades do tri\u00eanio, a elabora\u00e7\u00e3o de propostas para o futuro e a elei\u00e7\u00e3o dos respons\u00e1veis pelos diversos servi\u00e7os. No \u00e2mbito da Evangeliza\u00e7\u00e3o, destacaram-se no tri\u00eanio a realiza\u00e7\u00e3o do 5\u00ba Encontro Continental das Am\u00e9ricas para o Servi\u00e7o de JPIC, entre 01 e 07 de setembro de 2017, em An\u00e1polis, GO, do Encontro Nacional da Juventude, entre 19 e 22 de julho de 2018, em Vila Velha, ES, e o 2\u00ba Congresso Nacional de Educadores Franciscanos, entre 27 e 28 de agosto de 2018, em An\u00e1polis, GO.<\/p>\n<p>Deste encontro, que come\u00e7ou no dia 8, participam 55 frades de seis prov\u00edncias e tr\u00eas cust\u00f3dias brasileiras, sendo 9 frades da Prov\u00edncia de S\u00e3o Francisco, anfitri\u00e3 do evento. O tema que est\u00e1 sendo estudado \u00e9 a interprovincialidade na Forma\u00e7\u00e3o Inicial.<\/p>\n<p>Participam onze frades pela Prov\u00edncia Franciscana da Imaculada Concei\u00e7\u00e3o: o Ministro Provincial, Frei C\u00e9sar K\u00fclkamp; o Vig\u00e1rio Provincial, Frei Gustavo Medella; o Moderador da Forma\u00e7\u00e3o Permanente, Frei Fid\u00eancio Vanboemmel; o Secret\u00e1rio da Forma\u00e7\u00e3o e Estudos, Frei Jo\u00e3o Francisco da Silva; o Coordenador das Miss\u00f5es, Frei Robson Luiz Scudela; o Comiss\u00e1rio da Terra Santa e diretor do ITF, Frei Ivo M\u00fcller; o animador provincial do Servi\u00e7o Vocacional, Frei Diego Melo; o mestre do tempo da Teologia, Frei Marcos Andrade; o mestre dos Postulantes, Je\u00e2 Andrade; o coordenador da Frente da Comunica\u00e7\u00e3o, Frei Neuri Reinisch; e o mission\u00e1rio na Prelazia de Maraj\u00f3, Frei At\u00edlio Battistuz.<\/p>\n<p><img loading=\"lazy\" class=\"alignnone size-full wp-image-207550\" src=\"https:\/\/franciscanos.org.br\/noticias\/wp-content\/uploads\/2019\/07\/cesar_1207_2.jpg\" alt=\"\" width=\"890\" height=\"426\" srcset=\"https:\/\/franciscanos.org.br\/noticias\/wp-content\/uploads\/2019\/07\/cesar_1207_2.jpg 890w, https:\/\/franciscanos.org.br\/noticias\/wp-content\/uploads\/2019\/07\/cesar_1207_2-450x215.jpg 450w, https:\/\/franciscanos.org.br\/noticias\/wp-content\/uploads\/2019\/07\/cesar_1207_2-768x368.jpg 768w, https:\/\/franciscanos.org.br\/noticias\/wp-content\/uploads\/2019\/07\/cesar_1207_2-150x72.jpg 150w\" sizes=\"(max-width: 890px) 100vw, 890px\" \/><\/p>\n<p>O encontro termina hoje. Al\u00e9m dos encaminhamentos institucionais, a assembleia se distingue como ocasi\u00e3o de encontro fraterno e de cultivo de um esp\u00edrito de perten\u00e7a \u00e0 Ordem para al\u00e9m dos limites das entidades. A pr\u00f3xima assembleia ampliada prevista para 2022, no territ\u00f3rio da Prov\u00edncia de Santo Ant\u00f4nio, em lugar a ser definido<\/p>\n<p><strong>O NOVO PRESIDENTE<\/strong><\/p>\n<p><img loading=\"lazy\" class=\"alignleft size-full wp-image-207549\" src=\"https:\/\/franciscanos.org.br\/noticias\/wp-content\/uploads\/2019\/07\/cesar_1207_1.jpg\" alt=\"\" width=\"273\" height=\"181\" srcset=\"https:\/\/franciscanos.org.br\/noticias\/wp-content\/uploads\/2019\/07\/cesar_1207_1.jpg 273w, https:\/\/franciscanos.org.br\/noticias\/wp-content\/uploads\/2019\/07\/cesar_1207_1-150x99.jpg 150w\" sizes=\"(max-width: 273px) 100vw, 273px\" \/>Frei C\u00e9sar bacharelou em Filosofia e Teologia, formou-se em Pedagogia na Universidade Cat\u00f3lica de Petr\u00f3polis (UCP) em 1995 e fez mestrado em Educa\u00e7\u00e3o pela Universidade Federal do Rio de Janeiro (2000). Neste mesmo ano, concluiu a p\u00f3s-gradua\u00e7\u00e3o em Administra\u00e7\u00e3o de Empresas pela Faculdade Get\u00falio Vargas.<\/p>\n<p>Aos 50 anos, Frei C\u00e9sar tem uma hist\u00f3ria de dedica\u00e7\u00e3o \u00e0 educa\u00e7\u00e3o e \u00e0 forma\u00e7\u00e3o religiosa franciscana. Tanto que assumiu a dire\u00e7\u00e3o pedag\u00f3gica do Col\u00e9gio \u201cCanarinhos\u201d de Petr\u00f3polis em 1994, onde ficou at\u00e9 1999. No final de 2000 foi transferido para Agudos, onde assumiu como reitor e orientador o Semin\u00e1rio Santo Ant\u00f4nio. Em 2003 foi eleito para o primeiro mandato como Definidor (2004-2006), assumindo tamb\u00e9m a fun\u00e7\u00e3o de secret\u00e1rio para a Forma\u00e7\u00e3o e Estudos e vice-mestre no Postulantado Frei Galv\u00e3o (Guaratinguet\u00e1).<\/p>\n<p>No Cap\u00edtulo Provincial de 2006, foi reeleito Definidor para o tri\u00eanio 2007-2009. Acumulou as fun\u00e7\u00f5es de guardi\u00e3o da Fraternidade de Rondinha e Secret\u00e1rio para a Forma\u00e7\u00e3o e Estudos. Mas no Cap\u00edtulo de 2009, ele seria mais uma vez confirmado como Definidor at\u00e9 o ano de 2012, tamb\u00e9m acumulando a fun\u00e7\u00e3o de Secret\u00e1rio para a Forma\u00e7\u00e3o e Estudos e Mestre para os professos tempor\u00e1rios no tempo de Teologia em Petr\u00f3polis.<\/p>\n<p>No Cap\u00edtulo de 2012, Frei C\u00e9sar continuou como Secret\u00e1rio para a Forma\u00e7\u00e3o e Estudos, assumindo tamb\u00e9m como guardi\u00e3o da Fraternidade do Sagrado, em Petr\u00f3polis. Em 2016 foi eleito novamente Definidor, mas ficou por pouco tempo no cargo quando assumiu como Vig\u00e1rio Provincial no lugar de Frei Evaristo Spengler, nomeado pelo Papa Francisco bispo de Maraj\u00f3. Frei C\u00e9sar tamb\u00e9m desempenhou a fun\u00e7\u00e3o de Secret\u00e1rio da Evangeliza\u00e7\u00e3o no \u00faltimo tri\u00eanio.<\/p>\n","protected":false},"excerpt":{"rendered":"<p>Confer\u00eancia dos Frades Menores do Brasil<\/p>\n","protected":false},"author":3,"featured_media":207549,"comment_status":"open","ping_status":"open","sticky":false,"template":"","format":"standard","meta":[],"categories":[1],"tags":[240,454],"acf":[],"yoast_head":"<!-- This site is optimized with the Yoast SEO plugin v19.2 - https:\/\/yoast.com\/wordpress\/plugins\/seo\/ -->\n<title>Frei C\u00e9sar \u00e9 eleito presidente Confer\u00eancia Brasileira dos Frades Menores - Not\u00edcias - Franciscanos<\/title>\n<meta name=\"robots\" content=\"index, follow, max-snippet:-1, max-image-preview:large, max-video-preview:-1\" \/>\n<link rel=\"canonical\" href=\"https:\/\/franciscanos.org.br\/noticias\/frei-cesar-e-eleito-presidente-conferencia-brasileira-dos-frades-menores.html\" \/>\n<meta property=\"og:locale\" content=\"pt_BR\" \/>\n<meta property=\"og:type\" content=\"article\" \/>\n<meta property=\"og:title\" content=\"Frei C\u00e9sar \u00e9 eleito presidente Confer\u00eancia Brasileira dos Frades Menores - Not\u00edcias - Franciscanos\" \/>\n<meta property=\"og:description\" content=\"Confer\u00eancia dos Frades Menores do Brasil\" \/>\n<meta property=\"og:url\" content=\"https:\/\/franciscanos.org.br\/noticias\/frei-cesar-e-eleito-presidente-conferencia-brasileira-dos-frades-menores.html\" \/>\n<meta property=\"og:site_name\" content=\"Not\u00edcias - Franciscanos\" \/>\n<meta property=\"article:published_time\" content=\"2019-07-12T13:34:28+00:00\" \/>\n<meta property=\"article:modified_time\" content=\"2019-07-12T15:37:08+00:00\" \/>\n<meta property=\"og:image\" content=\"https:\/\/franciscanos.org.br\/noticias\/wp-content\/uploads\/2019\/07\/cesar_1207_1.jpg\" \/>\n\t<meta property=\"og:image:width\" content=\"273\" \/>\n\t<meta property=\"og:image:height\" content=\"181\" \/>\n\t<meta property=\"og:image:type\" content=\"image\/jpeg\" \/>\n<meta name=\"author\" content=\"moacir\" \/>\n<meta name=\"twitter:card\" content=\"summary_large_image\" \/>\n<meta name=\"twitter:label1\" content=\"Escrito por\" \/>\n\t<meta name=\"twitter:data1\" content=\"moacir\" \/>\n\t<meta name=\"twitter:label2\" content=\"Est. tempo de leitura\" \/>\n\t<meta name=\"twitter:data2\" content=\"4 minutos\" \/>\n<script type=\"application\/ld+json\" class=\"yoast-schema-graph\">{\"@context\":\"https:\/\/schema.org\",\"@graph\":[{\"@type\":\"WebSite\",\"@id\":\"https:\/\/franciscanos.org.br\/noticias\/#website\",\"url\":\"https:\/\/franciscanos.org.br\/noticias\/\",\"name\":\"Not\u00edcias - Franciscanos\",\"description\":\"Prov\u00edncia Franciscana da Imaculada Concei\u00e7\u00e3o do Brasil - Ordem dos Frades Menores - OFM\",\"potentialAction\":[{\"@type\":\"SearchAction\",\"target\":{\"@type\":\"EntryPoint\",\"urlTemplate\":\"https:\/\/franciscanos.org.br\/noticias\/?s={search_term_string}\"},\"query-input\":\"required name=search_term_string\"}],\"inLanguage\":\"pt-BR\"},{\"@type\":\"ImageObject\",\"inLanguage\":\"pt-BR\",\"@id\":\"https:\/\/franciscanos.org.br\/noticias\/frei-cesar-e-eleito-presidente-conferencia-brasileira-dos-frades-menores.html#primaryimage\",\"url\":\"https:\/\/franciscanos.org.br\/noticias\/wp-content\/uploads\/2019\/07\/cesar_1207_1.jpg\",\"contentUrl\":\"https:\/\/franciscanos.org.br\/noticias\/wp-content\/uploads\/2019\/07\/cesar_1207_1.jpg\",\"width\":273,\"height\":181},{\"@type\":\"WebPage\",\"@id\":\"https:\/\/franciscanos.org.br\/noticias\/frei-cesar-e-eleito-presidente-conferencia-brasileira-dos-frades-menores.html#webpage\",\"url\":\"https:\/\/franciscanos.org.br\/noticias\/frei-cesar-e-eleito-presidente-conferencia-brasileira-dos-frades-menores.html\",\"name\":\"Frei C\u00e9sar \u00e9 eleito presidente Confer\u00eancia Brasileira dos Frades Menores - Not\u00edcias - Franciscanos\",\"isPartOf\":{\"@id\":\"https:\/\/franciscanos.org.br\/noticias\/#website\"},\"primaryImageOfPage\":{\"@id\":\"https:\/\/franciscanos.org.br\/noticias\/frei-cesar-e-eleito-presidente-conferencia-brasileira-dos-frades-menores.html#primaryimage\"},\"datePublished\":\"2019-07-12T13:34:28+00:00\",\"dateModified\":\"2019-07-12T15:37:08+00:00\",\"author\":{\"@id\":\"https:\/\/franciscanos.org.br\/noticias\/#\/schema\/person\/b5c8cba458c330ccff548b056e95a5d4\"},\"breadcrumb\":{\"@id\":\"https:\/\/franciscanos.org.br\/noticias\/frei-cesar-e-eleito-presidente-conferencia-brasileira-dos-frades-menores.html#breadcrumb\"},\"inLanguage\":\"pt-BR\",\"potentialAction\":[{\"@type\":\"ReadAction\",\"target\":[\"https:\/\/franciscanos.org.br\/noticias\/frei-cesar-e-eleito-presidente-conferencia-brasileira-dos-frades-menores.html\"]}]},{\"@type\":\"BreadcrumbList\",\"@id\":\"https:\/\/franciscanos.org.br\/noticias\/frei-cesar-e-eleito-presidente-conferencia-brasileira-dos-frades-menores.html#breadcrumb\",\"itemListElement\":[{\"@type\":\"ListItem\",\"position\":1,\"name\":\"Home\",\"item\":\"https:\/\/franciscanos.org.br\/noticias\"},{\"@type\":\"ListItem\",\"position\":2,\"name\":\"Frei C\u00e9sar \u00e9 eleito presidente Confer\u00eancia Brasileira dos Frades Menores\"}]},{\"@type\":\"Person\",\"@id\":\"https:\/\/franciscanos.org.br\/noticias\/#\/schema\/person\/b5c8cba458c330ccff548b056e95a5d4\",\"name\":\"moacir\",\"image\":{\"@type\":\"ImageObject\",\"inLanguage\":\"pt-BR\",\"@id\":\"https:\/\/franciscanos.org.br\/noticias\/#\/schema\/person\/image\/\",\"url\":\"https:\/\/secure.gravatar.com\/avatar\/d08aa2ce4c8dd416d4479aa8536fcf64?s=96&d=mm&r=g\",\"contentUrl\":\"https:\/\/secure.gravatar.com\/avatar\/d08aa2ce4c8dd416d4479aa8536fcf64?s=96&d=mm&r=g\",\"caption\":\"moacir\"},\"url\":\"https:\/\/franciscanos.org.br\/noticias\/author\/moacir\"}]}<\/script>\n<!-- \/ Yoast SEO plugin. -->","yoast_head_json":{"title":"Frei C\u00e9sar \u00e9 eleito presidente Confer\u00eancia Brasileira dos Frades Menores - Not\u00edcias - Franciscanos","robots":{"index":"index","follow":"follow","max-snippet":"max-snippet:-1","max-image-preview":"max-image-preview:large","max-video-preview":"max-video-preview:-1"},"canonical":"https:\/\/franciscanos.org.br\/noticias\/frei-cesar-e-eleito-presidente-conferencia-brasileira-dos-frades-menores.html","og_locale":"pt_BR","og_type":"article","og_title":"Frei C\u00e9sar \u00e9 eleito presidente Confer\u00eancia Brasileira dos Frades Menores - Not\u00edcias - Franciscanos","og_description":"Confer\u00eancia dos Frades Menores do Brasil","og_url":"https:\/\/franciscanos.org.br\/noticias\/frei-cesar-e-eleito-presidente-conferencia-brasileira-dos-frades-menores.html","og_site_name":"Not\u00edcias - Franciscanos","article_published_time":"2019-07-12T13:34:28+00:00","article_modified_time":"2019-07-12T15:37:08+00:00","og_image":[{"width":273,"height":181,"url":"https:\/\/franciscanos.org.br\/noticias\/wp-content\/uploads\/2019\/07\/cesar_1207_1.jpg","type":"image\/jpeg"}],"author":"moacir","twitter_card":"summary_large_image","twitter_misc":{"Escrito por":"moacir","Est. tempo de leitura":"4 minutos"},"schema":{"@context":"https:\/\/schema.org","@graph":[{"@type":"WebSite","@id":"https:\/\/franciscanos.org.br\/noticias\/#website","url":"https:\/\/franciscanos.org.br\/noticias\/","name":"Not\u00edcias - Franciscanos","description":"Prov\u00edncia Franciscana da Imaculada Concei\u00e7\u00e3o do Brasil - Ordem dos Frades Menores - OFM","potentialAction":[{"@type":"SearchAction","target":{"@type":"EntryPoint","urlTemplate":"https:\/\/franciscanos.org.br\/noticias\/?s={search_term_string}"},"query-input":"required name=search_term_string"}],"inLanguage":"pt-BR"},{"@type":"ImageObject","inLanguage":"pt-BR","@id":"https:\/\/franciscanos.org.br\/noticias\/frei-cesar-e-eleito-presidente-conferencia-brasileira-dos-frades-menores.html#primaryimage","url":"https:\/\/franciscanos.org.br\/noticias\/wp-content\/uploads\/2019\/07\/cesar_1207_1.jpg","contentUrl":"https:\/\/franciscanos.org.br\/noticias\/wp-content\/uploads\/2019\/07\/cesar_1207_1.jpg","width":273,"height":181},{"@type":"WebPage","@id":"https:\/\/franciscanos.org.br\/noticias\/frei-cesar-e-eleito-presidente-conferencia-brasileira-dos-frades-menores.html#webpage","url":"https:\/\/franciscanos.org.br\/noticias\/frei-cesar-e-eleito-presidente-conferencia-brasileira-dos-frades-menores.html","name":"Frei C\u00e9sar \u00e9 eleito presidente Confer\u00eancia Brasileira dos Frades Menores - Not\u00edcias - Franciscanos","isPartOf":{"@id":"https:\/\/franciscanos.org.br\/noticias\/#website"},"primaryImageOfPage":{"@id":"https:\/\/franciscanos.org.br\/noticias\/frei-cesar-e-eleito-presidente-conferencia-brasileira-dos-frades-menores.html#primaryimage"},"datePublished":"2019-07-12T13:34:28+00:00","dateModified":"2019-07-12T15:37:08+00:00","author":{"@id":"https:\/\/franciscanos.org.br\/noticias\/#\/schema\/person\/b5c8cba458c330ccff548b056e95a5d4"},"breadcrumb":{"@id":"https:\/\/franciscanos.org.br\/noticias\/frei-cesar-e-eleito-presidente-conferencia-brasileira-dos-frades-menores.html#breadcrumb"},"inLanguage":"pt-BR","potentialAction":[{"@type":"ReadAction","target":["https:\/\/franciscanos.org.br\/noticias\/frei-cesar-e-eleito-presidente-conferencia-brasileira-dos-frades-menores.html"]}]},{"@type":"BreadcrumbList","@id":"https:\/\/franciscanos.org.br\/noticias\/frei-cesar-e-eleito-presidente-conferencia-brasileira-dos-frades-menores.html#breadcrumb","itemListElement":[{"@type":"ListItem","position":1,"name":"Home","item":"https:\/\/franciscanos.org.br\/noticias"},{"@type":"ListItem","position":2,"name":"Frei C\u00e9sar \u00e9 eleito presidente Confer\u00eancia Brasileira dos Frades Menores"}]},{"@type":"Person","@id":"https:\/\/franciscanos.org.br\/noticias\/#\/schema\/person\/b5c8cba458c330ccff548b056e95a5d4","name":"moacir","image":{"@type":"ImageObject","inLanguage":"pt-BR","@id":"https:\/\/franciscanos.org.br\/noticias\/#\/schema\/person\/image\/","url":"https:\/\/secure.gravatar.com\/avatar\/d08aa2ce4c8dd416d4479aa8536fcf64?s=96&d=mm&r=g","contentUrl":"https:\/\/secure.gravatar.com\/avatar\/d08aa2ce4c8dd416d4479aa8536fcf64?s=96&d=mm&r=g","caption":"moacir"},"url":"https:\/\/franciscanos.org.br\/noticias\/author\/moacir"}]}},"_links":{"self":[{"href":"https:\/\/franciscanos.org.br\/noticias\/wp-json\/wp\/v2\/posts\/207547"}],"collection":[{"href":"https:\/\/franciscanos.org.br\/noticias\/wp-json\/wp\/v2\/posts"}],"about":[{"href":"https:\/\/franciscanos.org.br\/noticias\/wp-json\/wp\/v2\/types\/post"}],"author":[{"embeddable":true,"href":"https:\/\/franciscanos.org.br\/noticias\/wp-json\/wp\/v2\/users\/3"}],"replies":[{"embeddable":true,"href":"https:\/\/franciscanos.org.br\/noticias\/wp-json\/wp\/v2\/comments?post=207547"}],"version-history":[{"count":0,"href":"https:\/\/franciscanos.org.br\/noticias\/wp-json\/wp\/v2\/posts\/207547\/revisions"}],"wp:featuredmedia":[{"embeddable":true,"href":"https:\/\/franciscanos.org.br\/noticias\/wp-json\/wp\/v2\/media\/207549"}],"wp:attachment":[{"href":"https:\/\/franciscanos.org.br\/noticias\/wp-json\/wp\/v2\/media?parent=207547"}],"wp:term":[{"taxonomy":"category","embeddable":true,"href":"https:\/\/franciscanos.org.br\/noticias\/wp-json\/wp\/v2\/categories?post=207547"},{"taxonomy":"post_tag","embeddable":true,"href":"https:\/\/franciscanos.org.br\/noticias\/wp-json\/wp\/v2\/tags?post=207547"}],"curies":[{"name":"wp","href":"https:\/\/api.w.org\/{rel}","templated":true}]}}