{"id":207515,"date":"2019-07-11T08:13:54","date_gmt":"2019-07-11T11:13:54","guid":{"rendered":"https:\/\/franciscanos.org.br\/noticias\/?p=207515"},"modified":"2019-07-11T19:32:22","modified_gmt":"2019-07-11T22:32:22","slug":"quatro-obediencias-franciscanas-se-reunem-em-curso-de-formacao-na-africa","status":"publish","type":"post","link":"https:\/\/franciscanos.org.br\/noticias\/quatro-obediencias-franciscanas-se-reunem-em-curso-de-formacao-na-africa.html","title":{"rendered":"Frei Jo\u00e3o Bunga participa de curso de forma\u00e7\u00e3o no Qu\u00eania"},"content":{"rendered":"<p><img loading=\"lazy\" class=\"alignnone size-full wp-image-207517\" src=\"https:\/\/franciscanos.org.br\/noticias\/wp-content\/uploads\/2019\/07\/africa_1107.jpg\" alt=\"\" width=\"890\" height=\"441\" srcset=\"https:\/\/franciscanos.org.br\/noticias\/wp-content\/uploads\/2019\/07\/africa_1107.jpg 890w, https:\/\/franciscanos.org.br\/noticias\/wp-content\/uploads\/2019\/07\/africa_1107-450x223.jpg 450w, https:\/\/franciscanos.org.br\/noticias\/wp-content\/uploads\/2019\/07\/africa_1107-768x381.jpg 768w, https:\/\/franciscanos.org.br\/noticias\/wp-content\/uploads\/2019\/07\/africa_1107-150x74.jpg 150w\" sizes=\"(max-width: 890px) 100vw, 890px\" \/><\/p>\n<p>Uma experi\u00eancia significativa teve lugar em Nair\u00f3bi (Qu\u00eania), durante duas semanas, quase setenta formadores, incluindo animadores e coordenadores (15 Conventuais, 29 OFM, 28 Capuchinhos e 2 TOR) em toda a \u00c1frica, participaram da segunda parte da Escola Franciscana Forma\u00e7\u00e3o para Formadores na \u00c1frica (FSFFA), que aconteceu de segunda-feira, 24 de junho a s\u00e1bado, 6 de julho de 2019, no Centro de Espiritualidade S\u00e3o Jos\u00e9, da Congrega\u00e7\u00e3o das Pequenas Filhas de S\u00e3o Jos\u00e9, no bairro de Karen, em Nair\u00f3bi. Pela Funda\u00e7\u00e3o Imaculada M\u00e3e de Deus de Angola (FIMDA) participou o secret\u00e1rio da Funda\u00e7\u00e3o e mestre dos professos tempor\u00e1rios, Frei Jo\u00e3o Alberto Bunga.<\/p>\n<p>Segundo Frei Bunga, esta escola de forma\u00e7\u00e3o foi dividida em tr\u00eas anos, tendo cada ano duas semanas. &#8220;Diferentemente do primeiro ano, que teve as duas primeiras semanas de forma\u00e7\u00e3o em Lusaka, capital da Z\u00e2mbia, neste tivemos a presen\u00e7a de todos os secret\u00e1rios de forma\u00e7\u00e3o das tr\u00eas obedi\u00eancias, como os da Ordem dos Frades Menores, Frei Cesare Vaiani, e o Vice-Secret\u00e1rio para Forma\u00e7\u00e3o e Estudos, Frei Sinisa Balajic&#8221;, explicou o frade angolano.<\/p>\n<p><img loading=\"lazy\" class=\"alignnone size-full wp-image-207527\" src=\"https:\/\/franciscanos.org.br\/noticias\/wp-content\/uploads\/2019\/07\/bunga_1107.jpg\" alt=\"\" width=\"890\" height=\"597\" srcset=\"https:\/\/franciscanos.org.br\/noticias\/wp-content\/uploads\/2019\/07\/bunga_1107.jpg 890w, https:\/\/franciscanos.org.br\/noticias\/wp-content\/uploads\/2019\/07\/bunga_1107-450x302.jpg 450w, https:\/\/franciscanos.org.br\/noticias\/wp-content\/uploads\/2019\/07\/bunga_1107-768x515.jpg 768w, https:\/\/franciscanos.org.br\/noticias\/wp-content\/uploads\/2019\/07\/bunga_1107-150x101.jpg 150w\" sizes=\"(max-width: 890px) 100vw, 890px\" \/><\/p>\n<p>&nbsp;<\/p>\n<p>Esta segunda etapa do curso, denominada &#8220;Ano de Aprofundamento&#8221;, explorou em profundidade v\u00e1rias dimens\u00f5es da forma\u00e7\u00e3o franciscana, como lembrou Frei Jo\u00e3o. &#8220;Tivemos duas semanas intensivas de forma\u00e7\u00e3o, reflex\u00e3o, retiro e trocas de experi\u00eancias. O m\u00e9todo usado foi muito bom. Come\u00e7\u00e1vamos com a Missa e, na sequ\u00eancia, t\u00ednhamos a uma manh\u00e3 formativa com um palestrante. A tarde era reservada para os estudos em grupos. Fomos divididos em sete grupos, onde partilhamos as reflex\u00f5es das quest\u00f5es que os pregadores colocaram de manh\u00e3&#8221;, disse.<\/p>\n<p>Segundo Frei Jo\u00e3o Bunga, O curso foi dado em franc\u00eas e ingl\u00eas. &#8220;S\u00e3o as l\u00ednguas mais faladas nas Confer\u00eancias Africanas da Ordem Franciscana. Abordamos temas como a &#8216;dimens\u00e3o b\u00edblica da forma\u00e7\u00e3o&#8217;, &#8216;a dimens\u00e3o teol\u00f3gica da forma\u00e7\u00e3o&#8217; e &#8216;a\u00a0 dimens\u00e3o franciscana da forma\u00e7\u00e3o, que foi dado pelo nosso secret\u00e1rio Geral, Frei Cesare Vaiani. Ele falou sobre o tema a partir das biografias de S\u00e3o Francisco&#8221;, lembrou Frei Jo\u00e3o, informando que o vice-secret\u00e1rio Geral, Frei Sinisa abordou a dimens\u00e3o antropol\u00f3gica da forma\u00e7\u00e3o, isso j\u00e1 no quinto dia da primeira semana.<\/p>\n<p>Segundo o frade, momento comovente foi a experi\u00eancia com os empobrecidos no bairro Deep Sea &#8211; Westlands, uma esp\u00e9cie de favela em Nair\u00f3bi. &#8220;Foi uma experi\u00eancia que comoveu os participantes, que almo\u00e7aram com eles, e puderam conhecer um pouco de sua cultura. Vimos uma gente feliz, alegre, mesmo vivendo em situa\u00e7\u00f5es de empobrecimento&#8221;, partilhou Frei Jo\u00e3o.<\/p>\n<p><img loading=\"lazy\" class=\"alignnone size-full wp-image-207524\" src=\"https:\/\/franciscanos.org.br\/noticias\/wp-content\/uploads\/2019\/07\/bunga_1107_2.jpg\" alt=\"\" width=\"890\" height=\"628\" srcset=\"https:\/\/franciscanos.org.br\/noticias\/wp-content\/uploads\/2019\/07\/bunga_1107_2.jpg 890w, https:\/\/franciscanos.org.br\/noticias\/wp-content\/uploads\/2019\/07\/bunga_1107_2-450x318.jpg 450w, https:\/\/franciscanos.org.br\/noticias\/wp-content\/uploads\/2019\/07\/bunga_1107_2-768x542.jpg 768w, https:\/\/franciscanos.org.br\/noticias\/wp-content\/uploads\/2019\/07\/bunga_1107_2-150x106.jpg 150w\" sizes=\"(max-width: 890px) 100vw, 890px\" \/><\/p>\n<p>A segunda semana seguiu a mesma metodologia, tratando de temas como as crises no tempo da forma\u00e7\u00e3o, a dimens\u00e3o psicol\u00f3gica, abordando a quest\u00e3o de como a neuroci\u00eancia pode ajudar os formandos.\u00a0 &#8220;Falou-se das qualidades de uma formador para acompanhar os seus formandos, dos aspectos individuais da forma\u00e7\u00e3o. Podemos dizer que foi um tempo muito frut\u00edfero. Com toda a certeza vai ajudar a entender melhor a nossa capacidade formativa, tentando juntar aquilo que aprendemos no Brasil e aquilo que estamos aprendendo para melhor acompanharmos nossos formandos&#8221;, acredita Frei Jo\u00e3o.<\/p>\n<p>&#8220;N\u00f3s precisamos, cada vez mais, buscar meios que nos possibilitem tentar equalizar a forma\u00e7\u00e3o franciscana dos nossos frades daqui e tamb\u00e9m da nossa realidade do Brasil, porque pertencemos \u00e0 Prov\u00edncia. \u00c9 uma experi\u00eancia muito boa. Ainda faltam duas semanas de curso, mas desde j\u00e1 agrade\u00e7o \u00e0 Prov\u00edncia por me dar esta oportunidade de aprender mais e ajudar na forma\u00e7\u00e3o em n\u00edvel de Funda\u00e7\u00e3o, Prov\u00edncia e Ordem. Pe\u00e7o que rezem por n\u00f3s aqui na \u00c1frica e que sejamos sempre irm\u00e3os, capazes de levar o projeto de Deus avante&#8221;, completou Frei Jo\u00e3o.<\/p>\n<p><img loading=\"lazy\" class=\"alignnone size-full wp-image-207525\" src=\"https:\/\/franciscanos.org.br\/noticias\/wp-content\/uploads\/2019\/07\/bunga_1107_4.jpg\" alt=\"\" width=\"890\" height=\"433\" srcset=\"https:\/\/franciscanos.org.br\/noticias\/wp-content\/uploads\/2019\/07\/bunga_1107_4.jpg 890w, https:\/\/franciscanos.org.br\/noticias\/wp-content\/uploads\/2019\/07\/bunga_1107_4-450x219.jpg 450w, https:\/\/franciscanos.org.br\/noticias\/wp-content\/uploads\/2019\/07\/bunga_1107_4-768x374.jpg 768w, https:\/\/franciscanos.org.br\/noticias\/wp-content\/uploads\/2019\/07\/bunga_1107_4-150x73.jpg 150w\" sizes=\"(max-width: 890px) 100vw, 890px\" \/><\/p>\n<p>Finalmente, do ponto de vista da forma\u00e7\u00e3o intercultural, o fato de estar entre irm\u00e3os de diferentes pa\u00edses, culturas e fam\u00edlias franciscanas serviu para aprofundar a compreens\u00e3o de diferentes perspectivas e ajudou a dissipar estere\u00f3tipos negativos e preconceitos pessoais sobre diferentes grupos. A diversidade cultural ajudou a respeitar e reconhecer novos conhecimentos, novas habilidades lingu\u00edsticas e novas formas de pensar. Em vez de ser uma limita\u00e7\u00e3o, a diversidade cultural pode oferecer uma contribui\u00e7\u00e3o \u00fanica e positiva para o fortalecimento da vida comunit\u00e1ria.<\/p>\n<p>No final do curso, os participantes se cumprimentaram, aguardando a terceira e \u00faltima parte do curso, em 2020.<\/p>\n<p><img loading=\"lazy\" class=\"alignnone size-full wp-image-207526\" src=\"https:\/\/franciscanos.org.br\/noticias\/wp-content\/uploads\/2019\/07\/bunga_1107_5.jpg\" alt=\"\" width=\"890\" height=\"579\" srcset=\"https:\/\/franciscanos.org.br\/noticias\/wp-content\/uploads\/2019\/07\/bunga_1107_5.jpg 890w, https:\/\/franciscanos.org.br\/noticias\/wp-content\/uploads\/2019\/07\/bunga_1107_5-450x293.jpg 450w, https:\/\/franciscanos.org.br\/noticias\/wp-content\/uploads\/2019\/07\/bunga_1107_5-768x500.jpg 768w, https:\/\/franciscanos.org.br\/noticias\/wp-content\/uploads\/2019\/07\/bunga_1107_5-150x98.jpg 150w\" sizes=\"(max-width: 890px) 100vw, 890px\" \/><\/p>\n","protected":false},"excerpt":{"rendered":"<p>Escola de Forma\u00e7\u00e3o Franciscana para Formadores na \u00c1frica (FSFFA)<\/p>\n","protected":false},"author":3,"featured_media":207516,"comment_status":"open","ping_status":"open","sticky":false,"template":"","format":"standard","meta":[],"categories":[1],"tags":[195,360],"acf":[],"yoast_head":"<!-- This site is optimized with the Yoast SEO plugin v19.2 - https:\/\/yoast.com\/wordpress\/plugins\/seo\/ -->\n<title>Frei Jo\u00e3o Bunga participa de curso de forma\u00e7\u00e3o no Qu\u00eania - Not\u00edcias - Franciscanos<\/title>\n<meta name=\"robots\" content=\"index, follow, max-snippet:-1, max-image-preview:large, max-video-preview:-1\" \/>\n<link rel=\"canonical\" href=\"https:\/\/franciscanos.org.br\/noticias\/quatro-obediencias-franciscanas-se-reunem-em-curso-de-formacao-na-africa.html\" \/>\n<meta property=\"og:locale\" content=\"pt_BR\" \/>\n<meta property=\"og:type\" content=\"article\" \/>\n<meta property=\"og:title\" content=\"Frei Jo\u00e3o Bunga participa de curso de forma\u00e7\u00e3o no Qu\u00eania - Not\u00edcias - Franciscanos\" \/>\n<meta property=\"og:description\" content=\"Escola de Forma\u00e7\u00e3o Franciscana para Formadores na \u00c1frica (FSFFA)\" \/>\n<meta property=\"og:url\" content=\"https:\/\/franciscanos.org.br\/noticias\/quatro-obediencias-franciscanas-se-reunem-em-curso-de-formacao-na-africa.html\" \/>\n<meta property=\"og:site_name\" content=\"Not\u00edcias - Franciscanos\" \/>\n<meta property=\"article:published_time\" content=\"2019-07-11T11:13:54+00:00\" \/>\n<meta property=\"article:modified_time\" content=\"2019-07-11T22:32:22+00:00\" \/>\n<meta property=\"og:image\" content=\"https:\/\/franciscanos.org.br\/noticias\/wp-content\/uploads\/2019\/07\/africa_1107d.jpg\" \/>\n\t<meta property=\"og:image:width\" content=\"273\" \/>\n\t<meta property=\"og:image:height\" content=\"181\" \/>\n\t<meta property=\"og:image:type\" content=\"image\/jpeg\" \/>\n<meta name=\"author\" content=\"moacir\" \/>\n<meta name=\"twitter:card\" content=\"summary_large_image\" \/>\n<meta name=\"twitter:label1\" content=\"Escrito por\" \/>\n\t<meta name=\"twitter:data1\" content=\"moacir\" \/>\n\t<meta name=\"twitter:label2\" content=\"Est. tempo de leitura\" \/>\n\t<meta name=\"twitter:data2\" content=\"4 minutos\" \/>\n<script type=\"application\/ld+json\" class=\"yoast-schema-graph\">{\"@context\":\"https:\/\/schema.org\",\"@graph\":[{\"@type\":\"WebSite\",\"@id\":\"https:\/\/franciscanos.org.br\/noticias\/#website\",\"url\":\"https:\/\/franciscanos.org.br\/noticias\/\",\"name\":\"Not\u00edcias - Franciscanos\",\"description\":\"Prov\u00edncia Franciscana da Imaculada Concei\u00e7\u00e3o do Brasil - Ordem dos Frades Menores - OFM\",\"potentialAction\":[{\"@type\":\"SearchAction\",\"target\":{\"@type\":\"EntryPoint\",\"urlTemplate\":\"https:\/\/franciscanos.org.br\/noticias\/?s={search_term_string}\"},\"query-input\":\"required name=search_term_string\"}],\"inLanguage\":\"pt-BR\"},{\"@type\":\"ImageObject\",\"inLanguage\":\"pt-BR\",\"@id\":\"https:\/\/franciscanos.org.br\/noticias\/quatro-obediencias-franciscanas-se-reunem-em-curso-de-formacao-na-africa.html#primaryimage\",\"url\":\"https:\/\/franciscanos.org.br\/noticias\/wp-content\/uploads\/2019\/07\/africa_1107d.jpg\",\"contentUrl\":\"https:\/\/franciscanos.org.br\/noticias\/wp-content\/uploads\/2019\/07\/africa_1107d.jpg\",\"width\":273,\"height\":181},{\"@type\":\"WebPage\",\"@id\":\"https:\/\/franciscanos.org.br\/noticias\/quatro-obediencias-franciscanas-se-reunem-em-curso-de-formacao-na-africa.html#webpage\",\"url\":\"https:\/\/franciscanos.org.br\/noticias\/quatro-obediencias-franciscanas-se-reunem-em-curso-de-formacao-na-africa.html\",\"name\":\"Frei Jo\u00e3o Bunga participa de curso de forma\u00e7\u00e3o no Qu\u00eania - Not\u00edcias - Franciscanos\",\"isPartOf\":{\"@id\":\"https:\/\/franciscanos.org.br\/noticias\/#website\"},\"primaryImageOfPage\":{\"@id\":\"https:\/\/franciscanos.org.br\/noticias\/quatro-obediencias-franciscanas-se-reunem-em-curso-de-formacao-na-africa.html#primaryimage\"},\"datePublished\":\"2019-07-11T11:13:54+00:00\",\"dateModified\":\"2019-07-11T22:32:22+00:00\",\"author\":{\"@id\":\"https:\/\/franciscanos.org.br\/noticias\/#\/schema\/person\/b5c8cba458c330ccff548b056e95a5d4\"},\"breadcrumb\":{\"@id\":\"https:\/\/franciscanos.org.br\/noticias\/quatro-obediencias-franciscanas-se-reunem-em-curso-de-formacao-na-africa.html#breadcrumb\"},\"inLanguage\":\"pt-BR\",\"potentialAction\":[{\"@type\":\"ReadAction\",\"target\":[\"https:\/\/franciscanos.org.br\/noticias\/quatro-obediencias-franciscanas-se-reunem-em-curso-de-formacao-na-africa.html\"]}]},{\"@type\":\"BreadcrumbList\",\"@id\":\"https:\/\/franciscanos.org.br\/noticias\/quatro-obediencias-franciscanas-se-reunem-em-curso-de-formacao-na-africa.html#breadcrumb\",\"itemListElement\":[{\"@type\":\"ListItem\",\"position\":1,\"name\":\"Home\",\"item\":\"https:\/\/franciscanos.org.br\/noticias\"},{\"@type\":\"ListItem\",\"position\":2,\"name\":\"Frei Jo\u00e3o Bunga participa de curso de forma\u00e7\u00e3o no Qu\u00eania\"}]},{\"@type\":\"Person\",\"@id\":\"https:\/\/franciscanos.org.br\/noticias\/#\/schema\/person\/b5c8cba458c330ccff548b056e95a5d4\",\"name\":\"moacir\",\"image\":{\"@type\":\"ImageObject\",\"inLanguage\":\"pt-BR\",\"@id\":\"https:\/\/franciscanos.org.br\/noticias\/#\/schema\/person\/image\/\",\"url\":\"https:\/\/secure.gravatar.com\/avatar\/d08aa2ce4c8dd416d4479aa8536fcf64?s=96&d=mm&r=g\",\"contentUrl\":\"https:\/\/secure.gravatar.com\/avatar\/d08aa2ce4c8dd416d4479aa8536fcf64?s=96&d=mm&r=g\",\"caption\":\"moacir\"},\"url\":\"https:\/\/franciscanos.org.br\/noticias\/author\/moacir\"}]}<\/script>\n<!-- \/ Yoast SEO plugin. -->","yoast_head_json":{"title":"Frei Jo\u00e3o Bunga participa de curso de forma\u00e7\u00e3o no Qu\u00eania - Not\u00edcias - Franciscanos","robots":{"index":"index","follow":"follow","max-snippet":"max-snippet:-1","max-image-preview":"max-image-preview:large","max-video-preview":"max-video-preview:-1"},"canonical":"https:\/\/franciscanos.org.br\/noticias\/quatro-obediencias-franciscanas-se-reunem-em-curso-de-formacao-na-africa.html","og_locale":"pt_BR","og_type":"article","og_title":"Frei Jo\u00e3o Bunga participa de curso de forma\u00e7\u00e3o no Qu\u00eania - Not\u00edcias - Franciscanos","og_description":"Escola de Forma\u00e7\u00e3o Franciscana para Formadores na \u00c1frica (FSFFA)","og_url":"https:\/\/franciscanos.org.br\/noticias\/quatro-obediencias-franciscanas-se-reunem-em-curso-de-formacao-na-africa.html","og_site_name":"Not\u00edcias - Franciscanos","article_published_time":"2019-07-11T11:13:54+00:00","article_modified_time":"2019-07-11T22:32:22+00:00","og_image":[{"width":273,"height":181,"url":"https:\/\/franciscanos.org.br\/noticias\/wp-content\/uploads\/2019\/07\/africa_1107d.jpg","type":"image\/jpeg"}],"author":"moacir","twitter_card":"summary_large_image","twitter_misc":{"Escrito por":"moacir","Est. tempo de leitura":"4 minutos"},"schema":{"@context":"https:\/\/schema.org","@graph":[{"@type":"WebSite","@id":"https:\/\/franciscanos.org.br\/noticias\/#website","url":"https:\/\/franciscanos.org.br\/noticias\/","name":"Not\u00edcias - Franciscanos","description":"Prov\u00edncia Franciscana da Imaculada Concei\u00e7\u00e3o do Brasil - Ordem dos Frades Menores - OFM","potentialAction":[{"@type":"SearchAction","target":{"@type":"EntryPoint","urlTemplate":"https:\/\/franciscanos.org.br\/noticias\/?s={search_term_string}"},"query-input":"required name=search_term_string"}],"inLanguage":"pt-BR"},{"@type":"ImageObject","inLanguage":"pt-BR","@id":"https:\/\/franciscanos.org.br\/noticias\/quatro-obediencias-franciscanas-se-reunem-em-curso-de-formacao-na-africa.html#primaryimage","url":"https:\/\/franciscanos.org.br\/noticias\/wp-content\/uploads\/2019\/07\/africa_1107d.jpg","contentUrl":"https:\/\/franciscanos.org.br\/noticias\/wp-content\/uploads\/2019\/07\/africa_1107d.jpg","width":273,"height":181},{"@type":"WebPage","@id":"https:\/\/franciscanos.org.br\/noticias\/quatro-obediencias-franciscanas-se-reunem-em-curso-de-formacao-na-africa.html#webpage","url":"https:\/\/franciscanos.org.br\/noticias\/quatro-obediencias-franciscanas-se-reunem-em-curso-de-formacao-na-africa.html","name":"Frei Jo\u00e3o Bunga participa de curso de forma\u00e7\u00e3o no Qu\u00eania - Not\u00edcias - Franciscanos","isPartOf":{"@id":"https:\/\/franciscanos.org.br\/noticias\/#website"},"primaryImageOfPage":{"@id":"https:\/\/franciscanos.org.br\/noticias\/quatro-obediencias-franciscanas-se-reunem-em-curso-de-formacao-na-africa.html#primaryimage"},"datePublished":"2019-07-11T11:13:54+00:00","dateModified":"2019-07-11T22:32:22+00:00","author":{"@id":"https:\/\/franciscanos.org.br\/noticias\/#\/schema\/person\/b5c8cba458c330ccff548b056e95a5d4"},"breadcrumb":{"@id":"https:\/\/franciscanos.org.br\/noticias\/quatro-obediencias-franciscanas-se-reunem-em-curso-de-formacao-na-africa.html#breadcrumb"},"inLanguage":"pt-BR","potentialAction":[{"@type":"ReadAction","target":["https:\/\/franciscanos.org.br\/noticias\/quatro-obediencias-franciscanas-se-reunem-em-curso-de-formacao-na-africa.html"]}]},{"@type":"BreadcrumbList","@id":"https:\/\/franciscanos.org.br\/noticias\/quatro-obediencias-franciscanas-se-reunem-em-curso-de-formacao-na-africa.html#breadcrumb","itemListElement":[{"@type":"ListItem","position":1,"name":"Home","item":"https:\/\/franciscanos.org.br\/noticias"},{"@type":"ListItem","position":2,"name":"Frei Jo\u00e3o Bunga participa de curso de forma\u00e7\u00e3o no Qu\u00eania"}]},{"@type":"Person","@id":"https:\/\/franciscanos.org.br\/noticias\/#\/schema\/person\/b5c8cba458c330ccff548b056e95a5d4","name":"moacir","image":{"@type":"ImageObject","inLanguage":"pt-BR","@id":"https:\/\/franciscanos.org.br\/noticias\/#\/schema\/person\/image\/","url":"https:\/\/secure.gravatar.com\/avatar\/d08aa2ce4c8dd416d4479aa8536fcf64?s=96&d=mm&r=g","contentUrl":"https:\/\/secure.gravatar.com\/avatar\/d08aa2ce4c8dd416d4479aa8536fcf64?s=96&d=mm&r=g","caption":"moacir"},"url":"https:\/\/franciscanos.org.br\/noticias\/author\/moacir"}]}},"_links":{"self":[{"href":"https:\/\/franciscanos.org.br\/noticias\/wp-json\/wp\/v2\/posts\/207515"}],"collection":[{"href":"https:\/\/franciscanos.org.br\/noticias\/wp-json\/wp\/v2\/posts"}],"about":[{"href":"https:\/\/franciscanos.org.br\/noticias\/wp-json\/wp\/v2\/types\/post"}],"author":[{"embeddable":true,"href":"https:\/\/franciscanos.org.br\/noticias\/wp-json\/wp\/v2\/users\/3"}],"replies":[{"embeddable":true,"href":"https:\/\/franciscanos.org.br\/noticias\/wp-json\/wp\/v2\/comments?post=207515"}],"version-history":[{"count":0,"href":"https:\/\/franciscanos.org.br\/noticias\/wp-json\/wp\/v2\/posts\/207515\/revisions"}],"wp:featuredmedia":[{"embeddable":true,"href":"https:\/\/franciscanos.org.br\/noticias\/wp-json\/wp\/v2\/media\/207516"}],"wp:attachment":[{"href":"https:\/\/franciscanos.org.br\/noticias\/wp-json\/wp\/v2\/media?parent=207515"}],"wp:term":[{"taxonomy":"category","embeddable":true,"href":"https:\/\/franciscanos.org.br\/noticias\/wp-json\/wp\/v2\/categories?post=207515"},{"taxonomy":"post_tag","embeddable":true,"href":"https:\/\/franciscanos.org.br\/noticias\/wp-json\/wp\/v2\/tags?post=207515"}],"curies":[{"name":"wp","href":"https:\/\/api.w.org\/{rel}","templated":true}]}}