{"id":207504,"date":"2019-07-10T07:37:21","date_gmt":"2019-07-10T10:37:21","guid":{"rendered":"https:\/\/franciscanos.org.br\/noticias\/?p=207504"},"modified":"2019-07-10T07:37:21","modified_gmt":"2019-07-10T10:37:21","slug":"barco-hospital-papa-francisco-um-milagre-afirma-d-bernardo","status":"publish","type":"post","link":"https:\/\/franciscanos.org.br\/noticias\/barco-hospital-papa-francisco-um-milagre-afirma-d-bernardo.html","title":{"rendered":"Barco-Hospital Papa Francisco: \u201cUm milagre\u201d, afirma D. Bernardo"},"content":{"rendered":"<p><img loading=\"lazy\" class=\"alignnone size-full wp-image-207505\" src=\"https:\/\/franciscanos.org.br\/noticias\/wp-content\/uploads\/2019\/07\/barco_100719.jpg\" alt=\"\" width=\"890\" height=\"459\" srcset=\"https:\/\/franciscanos.org.br\/noticias\/wp-content\/uploads\/2019\/07\/barco_100719.jpg 890w, https:\/\/franciscanos.org.br\/noticias\/wp-content\/uploads\/2019\/07\/barco_100719-450x232.jpg 450w, https:\/\/franciscanos.org.br\/noticias\/wp-content\/uploads\/2019\/07\/barco_100719-768x396.jpg 768w, https:\/\/franciscanos.org.br\/noticias\/wp-content\/uploads\/2019\/07\/barco_100719-150x77.jpg 150w\" sizes=\"(max-width: 890px) 100vw, 890px\" \/><\/p>\n<p>\u201cEstamos aqui realmente diante de um milagre e, se Deus quiser, vamos poder atender muita gente\u201d, afirma Dom Bernardo Bahlmann, bispo de \u00d3bidos. O atendimento b\u00e1sico de sa\u00fade e espiritual a cerca de 700 mil pessoas ao longo do Rio Amazonas, no Estado do Par\u00e1, ao norte do Brasil, j\u00e1 \u00e9 uma realidade gra\u00e7as ao Barco-Hospital Papa Francisco que leva m\u00e9dicos e consagrados, de cais em cais, entre as mil comunidades ribeirinhas de 12 munic\u00edpios. No final de semana, em cerim\u00f4nias oficiais em diferentes paradas, a embarca\u00e7\u00e3o hospitalar aportou para ser inaugurada e comemorada pelos brasileiros.<\/p>\n<p>Quem embarcou no projeto, inspirado e solicitado pelo pr\u00f3prio Pont\u00edfice quando encontrou os frades da Fraternidade S\u00e3o Francisco de Assis na Provid\u00eancia de Deus no Rio de Janeiro, em 2013, foi a Diocese de \u00d3bidos, com o apoio dos frades, do Minist\u00e9rio P\u00fablico do Trabalho de S\u00e3o Paulo e do Tribunal Regional do Trabalho da 15\u00aa Regi\u00e3o. O franciscano Dom Bernardo Bahlmann, bispo de \u00d3bidos e presidente da CNBB Norte 2, e Frei Francisco Belotti, fundador da Fraternidade, estiveram no Vaticano em novembro de 2018 para apresentar o projeto ao Papa. Dom Bernardo explica como nasceu esse sonho:<\/p>\n<p>\u201cMuita gente, sobretudo no interior, j\u00e1 n\u00e3o vai mais para a cidade procurar um m\u00e9dico e fica doente em casa. E, a partir disso, pensamos que\u00a0 um barco poderia ir at\u00e9 as comunidades. Se as pessoas n\u00e3o v\u00e3o at\u00e9 o hospital, o hospital vai at\u00e9 eles. E assim nasceu essa ideia, que se tornou um sonho e que surgiu \u00e0s margens do Rio Amazonas, olhando pra ele\u201d.<\/p>\n<p><img loading=\"lazy\" class=\"alignnone size-full wp-image-207506\" src=\"https:\/\/franciscanos.org.br\/noticias\/wp-content\/uploads\/2019\/07\/barco_100719_1.jpg\" alt=\"\" width=\"890\" height=\"501\" srcset=\"https:\/\/franciscanos.org.br\/noticias\/wp-content\/uploads\/2019\/07\/barco_100719_1.jpg 890w, https:\/\/franciscanos.org.br\/noticias\/wp-content\/uploads\/2019\/07\/barco_100719_1-450x253.jpg 450w, https:\/\/franciscanos.org.br\/noticias\/wp-content\/uploads\/2019\/07\/barco_100719_1-768x432.jpg 768w, https:\/\/franciscanos.org.br\/noticias\/wp-content\/uploads\/2019\/07\/barco_100719_1-150x84.jpg 150w\" sizes=\"(max-width: 890px) 100vw, 890px\" \/><\/p>\n<p><strong>Como ser\u00e1 feito o atendimento<\/strong><br \/>\nAl\u00e9m dos frades e volunt\u00e1rios, a comitiva que percorre o trajeto hidrovi\u00e1rio tamb\u00e9m \u00e9 composta pela tripula\u00e7\u00e3o da Marinha Mercante e por uma equipe de sa\u00fade que re\u00fane religiosas das Pequenas Mission\u00e1rias de Maria Imaculada, de S\u00e3o Jos\u00e9 dos Campos. J\u00e1 existe inclusive uma lista de m\u00e9dicos interessados em ajudar no atendimento.<\/p>\n<p>O Barco-Hospital j\u00e1 est\u00e1 se preparando para fazer expedi\u00e7\u00f5es de 10 dias, com base sempre em \u00d3bidos, para realizar os atendimentos de aten\u00e7\u00e3o b\u00e1sica \u00e0 sa\u00fade, al\u00e9m de a\u00e7\u00f5es e exames para prevenir e diagnosticar precocemente o c\u00e2ncer da popula\u00e7\u00e3o ribeirinha daquela regi\u00e3o amaz\u00f4nica. Para tanto, a embarca\u00e7\u00e3o oferece consult\u00f3rios, centro cir\u00fargico, laborat\u00f3rios, leitos de enfermaria e salas especiais, como a de vacina\u00e7\u00e3o, al\u00e9m de equipamentos para realizar os exames. Os casos de maior complexidade ser\u00e3o encaminhados aos hospitais de base de \u00d3bidos, Juruti e Alenquer.<\/p>\n<p><img loading=\"lazy\" class=\"alignnone size-full wp-image-207507\" src=\"https:\/\/franciscanos.org.br\/noticias\/wp-content\/uploads\/2019\/07\/barco_100719_2.jpg\" alt=\"\" width=\"890\" height=\"501\" srcset=\"https:\/\/franciscanos.org.br\/noticias\/wp-content\/uploads\/2019\/07\/barco_100719_2.jpg 890w, https:\/\/franciscanos.org.br\/noticias\/wp-content\/uploads\/2019\/07\/barco_100719_2-450x253.jpg 450w, https:\/\/franciscanos.org.br\/noticias\/wp-content\/uploads\/2019\/07\/barco_100719_2-768x432.jpg 768w, https:\/\/franciscanos.org.br\/noticias\/wp-content\/uploads\/2019\/07\/barco_100719_2-150x84.jpg 150w\" sizes=\"(max-width: 890px) 100vw, 890px\" \/><\/p>\n<p><strong>Em v\u00e9spera de S\u00ednodo Amaz\u00f4nico, iniciativa \u201csacode rosto do Sul\u201d do pa\u00eds<\/strong><br \/>\nPe. Vilson Groh, presidente de um instituto que, em Florian\u00f3polis\/SC, leva o seu nome e busca sensibilizar o mundo empresarial a compreender a realidade das periferias, reconhece a import\u00e2ncia do trabalho realizado pela diocese de \u00d3bidos com o Barco Hospital Papa Francisco. Segundo o sacerdote, \u00e9 uma iniciativa que acontece em v\u00e9spera de S\u00ednodo Amaz\u00f4nico e d\u00e1 o exemplo ao outro extremo do Brasil para \u201csacudir tamb\u00e9m o rosto do Sul\u201d do pa\u00eds.<\/p>\n<p>\u201cUma diocese como \u00d3bidos que, do ponto de vista da infraestrutura, tem todas as suas pobrezas, mas do ponto de vista de se dar daquilo que se tem, do seu pequeno dom, o que significa atender 700 mil pessoas com um barco e que pode fazer um grande trabalho do acesso do direito \u00e0 sa\u00fade e ao mesmo tempo \u00e0 pastoral. Porque esse barco tem duas equipes: a de pastoral e da \u00e1rea da medicina; imagina todo o conjunto da \u00e1rea da Igreja. E, aqui, a Igreja do Sul poderia ser muito mais solid\u00e1ria com a Amaz\u00f4nia em todos os sentidos, eu diria, do campo mission\u00e1rio, da partilha de clero e de bens, da partilha de instrumentos e de expertise. Acho que pensar uma Igreja de rosto Amaz\u00f4nico, \u00e9 pensar em uma Igreja que vai ter que sacudir o rosto do Sul. Eu tenho uma esperan\u00e7a enorme nessa perspectiva, de que sejamos capazes de ouvir o esp\u00edrito de um rosto amaz\u00f4nico que vem ao encontro de uma grande convers\u00e3o nossa do Sul para um novo olhar sobre a dimens\u00e3o da Igreja\u201d, afirma Pe. Vislon. E Dom Bernardo finaliza: \u201cEstamos aqui realmente diante de um milagre e, se Deus quiser, vamos poder atender muita gente! Aqui, n\u00f3s poderemos, de fato, colocar a caridade em pr\u00e1tica, indo ao encontro daqueles mais necessitados, dos pobre e sem condi\u00e7\u00f5es e que precisam de um tratamento melhor\u201d.<\/p>\n<p><strong>O PROJETO<br \/>\n<\/strong>O projeto que emocionou o Pont\u00edfice, o Barco Hospital Papa Francisco, est\u00e1 agora pronto para fazer os testes na \u00e1gua, segundo noticiou a Rede Eclesial Pan-Amaz\u00f4nica (Repam).<\/p>\n<p>Nesta quinta-feira, foram registradas imagens no estaleiro de Fortaleza (CE). A iniciativa da diocese de \u00d3bidos, com apoio da Fraternidade S\u00e3o Francisco de Assis na Provid\u00eancia de Deus e do Minist\u00e9rio P\u00fablico do Trabalho, vai atender as popula\u00e7\u00f5es ribeirinhas ao longo do Rio Amazonas, no territ\u00f3rio do estado do Par\u00e1.<\/p>\n<p>No dia 5 de novembro de 2018, o Bispo do \u00d3bidos, Dom Bernardo Bahlmann, e o Frei Francisco Belotti apresentaram a maquete ao Papa Francisco, em audi\u00eancia no Vaticano. Trata-se de um projeto \u201cousado\u201d &#8211; como definiu o bispo franciscano -, que vai percorrer mil quil\u00f4metros do Estado do Par\u00e1, oferecendo atendimento m\u00e9dico a mil comunidades ribeirinhas e 12 munic\u00edpios, num total de cerca de 700 mil pessoas.<\/p>\n<p>Em entrevista ao Vatican News, Dom Bernardo afirmou que o Papa ficou \u201cfeliz e comovido\u201d e saudou os povos da Amaz\u00f4nia: &#8220;O projeto foi solicitado pelo pr\u00f3prio Pont\u00edfice quando visitou o Hospital administrado pela Fraternidade S\u00e3o Francisco de Assis na Provid\u00eancia de Deus no Rio de Janeiro, por ocasi\u00e3o da Jornada Mundial da Juventude de 2013. Foi ent\u00e3o que o Papa perguntou ao Frei Francisco Belotti se eles estavam presentes na Amaz\u00f4nia, encorajando um projeto naquela regi\u00e3o&#8221;.<\/p>\n","protected":false},"excerpt":{"rendered":"<p>Barco-Hospital Papa Francisco atender\u00e1 700 mil pessoas ao longo do Rio Amazonas.<\/p>\n","protected":false},"author":3,"featured_media":207508,"comment_status":"open","ping_status":"open","sticky":false,"template":"","format":"standard","meta":[],"categories":[1],"tags":[834],"acf":[],"yoast_head":"<!-- This site is optimized with the Yoast SEO plugin v19.2 - https:\/\/yoast.com\/wordpress\/plugins\/seo\/ -->\n<title>Barco-Hospital Papa Francisco: \u201cUm milagre\u201d, afirma D. Bernardo - Not\u00edcias - Franciscanos<\/title>\n<meta name=\"robots\" content=\"index, follow, max-snippet:-1, max-image-preview:large, max-video-preview:-1\" \/>\n<link rel=\"canonical\" href=\"https:\/\/franciscanos.org.br\/noticias\/barco-hospital-papa-francisco-um-milagre-afirma-d-bernardo.html\" \/>\n<meta property=\"og:locale\" content=\"pt_BR\" \/>\n<meta property=\"og:type\" content=\"article\" \/>\n<meta property=\"og:title\" content=\"Barco-Hospital Papa Francisco: \u201cUm milagre\u201d, afirma D. Bernardo - Not\u00edcias - Franciscanos\" \/>\n<meta property=\"og:description\" content=\"Barco-Hospital Papa Francisco atender\u00e1 700 mil pessoas ao longo do Rio Amazonas.\" \/>\n<meta property=\"og:url\" content=\"https:\/\/franciscanos.org.br\/noticias\/barco-hospital-papa-francisco-um-milagre-afirma-d-bernardo.html\" \/>\n<meta property=\"og:site_name\" content=\"Not\u00edcias - Franciscanos\" \/>\n<meta property=\"article:published_time\" content=\"2019-07-10T10:37:21+00:00\" \/>\n<meta property=\"og:image\" content=\"https:\/\/franciscanos.org.br\/noticias\/wp-content\/uploads\/2019\/07\/barco_100719d.jpg\" \/>\n\t<meta property=\"og:image:width\" content=\"273\" \/>\n\t<meta property=\"og:image:height\" content=\"181\" \/>\n\t<meta property=\"og:image:type\" content=\"image\/jpeg\" \/>\n<meta name=\"author\" content=\"moacir\" \/>\n<meta name=\"twitter:card\" content=\"summary_large_image\" \/>\n<meta name=\"twitter:label1\" content=\"Escrito por\" \/>\n\t<meta name=\"twitter:data1\" content=\"moacir\" \/>\n\t<meta name=\"twitter:label2\" content=\"Est. tempo de leitura\" \/>\n\t<meta name=\"twitter:data2\" content=\"5 minutos\" \/>\n<script type=\"application\/ld+json\" class=\"yoast-schema-graph\">{\"@context\":\"https:\/\/schema.org\",\"@graph\":[{\"@type\":\"WebSite\",\"@id\":\"https:\/\/franciscanos.org.br\/noticias\/#website\",\"url\":\"https:\/\/franciscanos.org.br\/noticias\/\",\"name\":\"Not\u00edcias - Franciscanos\",\"description\":\"Prov\u00edncia Franciscana da Imaculada Concei\u00e7\u00e3o do Brasil - Ordem dos Frades Menores - OFM\",\"potentialAction\":[{\"@type\":\"SearchAction\",\"target\":{\"@type\":\"EntryPoint\",\"urlTemplate\":\"https:\/\/franciscanos.org.br\/noticias\/?s={search_term_string}\"},\"query-input\":\"required name=search_term_string\"}],\"inLanguage\":\"pt-BR\"},{\"@type\":\"ImageObject\",\"inLanguage\":\"pt-BR\",\"@id\":\"https:\/\/franciscanos.org.br\/noticias\/barco-hospital-papa-francisco-um-milagre-afirma-d-bernardo.html#primaryimage\",\"url\":\"https:\/\/franciscanos.org.br\/noticias\/wp-content\/uploads\/2019\/07\/barco_100719d.jpg\",\"contentUrl\":\"https:\/\/franciscanos.org.br\/noticias\/wp-content\/uploads\/2019\/07\/barco_100719d.jpg\",\"width\":273,\"height\":181},{\"@type\":\"WebPage\",\"@id\":\"https:\/\/franciscanos.org.br\/noticias\/barco-hospital-papa-francisco-um-milagre-afirma-d-bernardo.html#webpage\",\"url\":\"https:\/\/franciscanos.org.br\/noticias\/barco-hospital-papa-francisco-um-milagre-afirma-d-bernardo.html\",\"name\":\"Barco-Hospital Papa Francisco: \u201cUm milagre\u201d, afirma D. Bernardo - Not\u00edcias - Franciscanos\",\"isPartOf\":{\"@id\":\"https:\/\/franciscanos.org.br\/noticias\/#website\"},\"primaryImageOfPage\":{\"@id\":\"https:\/\/franciscanos.org.br\/noticias\/barco-hospital-papa-francisco-um-milagre-afirma-d-bernardo.html#primaryimage\"},\"datePublished\":\"2019-07-10T10:37:21+00:00\",\"dateModified\":\"2019-07-10T10:37:21+00:00\",\"author\":{\"@id\":\"https:\/\/franciscanos.org.br\/noticias\/#\/schema\/person\/b5c8cba458c330ccff548b056e95a5d4\"},\"breadcrumb\":{\"@id\":\"https:\/\/franciscanos.org.br\/noticias\/barco-hospital-papa-francisco-um-milagre-afirma-d-bernardo.html#breadcrumb\"},\"inLanguage\":\"pt-BR\",\"potentialAction\":[{\"@type\":\"ReadAction\",\"target\":[\"https:\/\/franciscanos.org.br\/noticias\/barco-hospital-papa-francisco-um-milagre-afirma-d-bernardo.html\"]}]},{\"@type\":\"BreadcrumbList\",\"@id\":\"https:\/\/franciscanos.org.br\/noticias\/barco-hospital-papa-francisco-um-milagre-afirma-d-bernardo.html#breadcrumb\",\"itemListElement\":[{\"@type\":\"ListItem\",\"position\":1,\"name\":\"Home\",\"item\":\"https:\/\/franciscanos.org.br\/noticias\"},{\"@type\":\"ListItem\",\"position\":2,\"name\":\"Barco-Hospital Papa Francisco: \u201cUm milagre\u201d, afirma D. Bernardo\"}]},{\"@type\":\"Person\",\"@id\":\"https:\/\/franciscanos.org.br\/noticias\/#\/schema\/person\/b5c8cba458c330ccff548b056e95a5d4\",\"name\":\"moacir\",\"image\":{\"@type\":\"ImageObject\",\"inLanguage\":\"pt-BR\",\"@id\":\"https:\/\/franciscanos.org.br\/noticias\/#\/schema\/person\/image\/\",\"url\":\"https:\/\/secure.gravatar.com\/avatar\/d08aa2ce4c8dd416d4479aa8536fcf64?s=96&d=mm&r=g\",\"contentUrl\":\"https:\/\/secure.gravatar.com\/avatar\/d08aa2ce4c8dd416d4479aa8536fcf64?s=96&d=mm&r=g\",\"caption\":\"moacir\"},\"url\":\"https:\/\/franciscanos.org.br\/noticias\/author\/moacir\"}]}<\/script>\n<!-- \/ Yoast SEO plugin. -->","yoast_head_json":{"title":"Barco-Hospital Papa Francisco: \u201cUm milagre\u201d, afirma D. Bernardo - Not\u00edcias - Franciscanos","robots":{"index":"index","follow":"follow","max-snippet":"max-snippet:-1","max-image-preview":"max-image-preview:large","max-video-preview":"max-video-preview:-1"},"canonical":"https:\/\/franciscanos.org.br\/noticias\/barco-hospital-papa-francisco-um-milagre-afirma-d-bernardo.html","og_locale":"pt_BR","og_type":"article","og_title":"Barco-Hospital Papa Francisco: \u201cUm milagre\u201d, afirma D. Bernardo - Not\u00edcias - Franciscanos","og_description":"Barco-Hospital Papa Francisco atender\u00e1 700 mil pessoas ao longo do Rio Amazonas.","og_url":"https:\/\/franciscanos.org.br\/noticias\/barco-hospital-papa-francisco-um-milagre-afirma-d-bernardo.html","og_site_name":"Not\u00edcias - Franciscanos","article_published_time":"2019-07-10T10:37:21+00:00","og_image":[{"width":273,"height":181,"url":"https:\/\/franciscanos.org.br\/noticias\/wp-content\/uploads\/2019\/07\/barco_100719d.jpg","type":"image\/jpeg"}],"author":"moacir","twitter_card":"summary_large_image","twitter_misc":{"Escrito por":"moacir","Est. tempo de leitura":"5 minutos"},"schema":{"@context":"https:\/\/schema.org","@graph":[{"@type":"WebSite","@id":"https:\/\/franciscanos.org.br\/noticias\/#website","url":"https:\/\/franciscanos.org.br\/noticias\/","name":"Not\u00edcias - Franciscanos","description":"Prov\u00edncia Franciscana da Imaculada Concei\u00e7\u00e3o do Brasil - Ordem dos Frades Menores - OFM","potentialAction":[{"@type":"SearchAction","target":{"@type":"EntryPoint","urlTemplate":"https:\/\/franciscanos.org.br\/noticias\/?s={search_term_string}"},"query-input":"required name=search_term_string"}],"inLanguage":"pt-BR"},{"@type":"ImageObject","inLanguage":"pt-BR","@id":"https:\/\/franciscanos.org.br\/noticias\/barco-hospital-papa-francisco-um-milagre-afirma-d-bernardo.html#primaryimage","url":"https:\/\/franciscanos.org.br\/noticias\/wp-content\/uploads\/2019\/07\/barco_100719d.jpg","contentUrl":"https:\/\/franciscanos.org.br\/noticias\/wp-content\/uploads\/2019\/07\/barco_100719d.jpg","width":273,"height":181},{"@type":"WebPage","@id":"https:\/\/franciscanos.org.br\/noticias\/barco-hospital-papa-francisco-um-milagre-afirma-d-bernardo.html#webpage","url":"https:\/\/franciscanos.org.br\/noticias\/barco-hospital-papa-francisco-um-milagre-afirma-d-bernardo.html","name":"Barco-Hospital Papa Francisco: \u201cUm milagre\u201d, afirma D. Bernardo - Not\u00edcias - Franciscanos","isPartOf":{"@id":"https:\/\/franciscanos.org.br\/noticias\/#website"},"primaryImageOfPage":{"@id":"https:\/\/franciscanos.org.br\/noticias\/barco-hospital-papa-francisco-um-milagre-afirma-d-bernardo.html#primaryimage"},"datePublished":"2019-07-10T10:37:21+00:00","dateModified":"2019-07-10T10:37:21+00:00","author":{"@id":"https:\/\/franciscanos.org.br\/noticias\/#\/schema\/person\/b5c8cba458c330ccff548b056e95a5d4"},"breadcrumb":{"@id":"https:\/\/franciscanos.org.br\/noticias\/barco-hospital-papa-francisco-um-milagre-afirma-d-bernardo.html#breadcrumb"},"inLanguage":"pt-BR","potentialAction":[{"@type":"ReadAction","target":["https:\/\/franciscanos.org.br\/noticias\/barco-hospital-papa-francisco-um-milagre-afirma-d-bernardo.html"]}]},{"@type":"BreadcrumbList","@id":"https:\/\/franciscanos.org.br\/noticias\/barco-hospital-papa-francisco-um-milagre-afirma-d-bernardo.html#breadcrumb","itemListElement":[{"@type":"ListItem","position":1,"name":"Home","item":"https:\/\/franciscanos.org.br\/noticias"},{"@type":"ListItem","position":2,"name":"Barco-Hospital Papa Francisco: \u201cUm milagre\u201d, afirma D. Bernardo"}]},{"@type":"Person","@id":"https:\/\/franciscanos.org.br\/noticias\/#\/schema\/person\/b5c8cba458c330ccff548b056e95a5d4","name":"moacir","image":{"@type":"ImageObject","inLanguage":"pt-BR","@id":"https:\/\/franciscanos.org.br\/noticias\/#\/schema\/person\/image\/","url":"https:\/\/secure.gravatar.com\/avatar\/d08aa2ce4c8dd416d4479aa8536fcf64?s=96&d=mm&r=g","contentUrl":"https:\/\/secure.gravatar.com\/avatar\/d08aa2ce4c8dd416d4479aa8536fcf64?s=96&d=mm&r=g","caption":"moacir"},"url":"https:\/\/franciscanos.org.br\/noticias\/author\/moacir"}]}},"_links":{"self":[{"href":"https:\/\/franciscanos.org.br\/noticias\/wp-json\/wp\/v2\/posts\/207504"}],"collection":[{"href":"https:\/\/franciscanos.org.br\/noticias\/wp-json\/wp\/v2\/posts"}],"about":[{"href":"https:\/\/franciscanos.org.br\/noticias\/wp-json\/wp\/v2\/types\/post"}],"author":[{"embeddable":true,"href":"https:\/\/franciscanos.org.br\/noticias\/wp-json\/wp\/v2\/users\/3"}],"replies":[{"embeddable":true,"href":"https:\/\/franciscanos.org.br\/noticias\/wp-json\/wp\/v2\/comments?post=207504"}],"version-history":[{"count":0,"href":"https:\/\/franciscanos.org.br\/noticias\/wp-json\/wp\/v2\/posts\/207504\/revisions"}],"wp:featuredmedia":[{"embeddable":true,"href":"https:\/\/franciscanos.org.br\/noticias\/wp-json\/wp\/v2\/media\/207508"}],"wp:attachment":[{"href":"https:\/\/franciscanos.org.br\/noticias\/wp-json\/wp\/v2\/media?parent=207504"}],"wp:term":[{"taxonomy":"category","embeddable":true,"href":"https:\/\/franciscanos.org.br\/noticias\/wp-json\/wp\/v2\/categories?post=207504"},{"taxonomy":"post_tag","embeddable":true,"href":"https:\/\/franciscanos.org.br\/noticias\/wp-json\/wp\/v2\/tags?post=207504"}],"curies":[{"name":"wp","href":"https:\/\/api.w.org\/{rel}","templated":true}]}}